{"id":1067664,"date":"2020-03-29T22:27:29","date_gmt":"2020-03-29T21:27:29","guid":{"rendered":"https:\/\/www.pressenza.com\/?p=1067664"},"modified":"2020-03-29T22:27:29","modified_gmt":"2020-03-29T21:27:29","slug":"la-renta-basica-universal-despues-del-coronavirus","status":"publish","type":"post","link":"https:\/\/www.pressenza.com\/es\/2020\/03\/la-renta-basica-universal-despues-del-coronavirus\/","title":{"rendered":"La Renta B\u00e1sica Universal despu\u00e9s del Coronavirus"},"content":{"rendered":"<p>Escrito por Jhon S\u00e1nchez<\/p>\n<p>Antes del brote del Coronavirus, la primera reacci\u00f3n de la gente que escuch\u00e9 cuando les expliqu\u00e9 acerca de la <b>Renta B\u00e1sica Universal<\/b> (Universal Basic Income), fue: \u201c\u00bfEso es comunismo?\u201d. Mis oyentes parec\u00edan entrar en un estado de trance, como si estuvieran mirando en vivo una audiencia del Congreso durante la era McCarthy. Algunos de ellos dijeron: \u201cNo parece correcto el dar dinero gratis a la gente\u201d, y otros: \u201cNo quiero darles dinero a mujeres que no trabajan y solo cr\u00edan a sus hijos\u201d.<\/p>\n<p>Andrew Yang lo llam\u00f3 <i>Freedom Dividend <\/i>durante su candidatura a la nominaci\u00f3n dem\u00f3crata, argumentando: \u201cPor el 2015, la automatizaci\u00f3n ya hab\u00eda destruido cuatro millones de puestos de trabajo en la manufactura. Las personas m\u00e1s inteligentes del mundo predicen ahora que un tercio de todos los trabajadores estadounidenses perder\u00e1n su trabajo por la automatizaci\u00f3n en los pr\u00f3ximos 12 a\u00f1os. Nuestras pol\u00edticas actuales no est\u00e1n equipadas para manejar esta crisis\u201d.<\/p>\n<p>No es ni la automatizaci\u00f3n ni la bomba at\u00f3mica lo que ha llamado nuestra atenci\u00f3n, ni probablemente la implementaci\u00f3n de la RBU en los Estados Unidos. Es un virus, tan peque\u00f1o e invisible para el ojo humano, que ha enviado a millones de personas a sus casas, ha cerrado miles de negocios y nos ha embarcado a todos en una recesi\u00f3n.<\/p>\n<p>En el Congreso, Mitt Romney ha pedido que se implemente la RBU: \u201c<a href=\"https:\/\/www.buzzfeednews.com\/article\/addybaird\/mitt-romney-1000-dollars-coronavirus-yang-ubi\">Cada adulto estadounidense deber\u00eda recibir inmediatamente 1000 d\u00f3lares para garantizar que las familias y los trabajadores puedan cumplir con sus obligaciones a corto plazo y aumentar el gasto en la econom\u00eda<\/a>\u201d. A su llamado se han unido Rashida Tlaib, Alexandria Ocasio-Cortes, Tulsi Gabbard, y Bernie Sanders, quien incluso ha <a href=\"https:\/\/www.buzzfeednews.com\/article\/otilliasteadman\/bernie-sanders-2000-a-month-coronavirus\">propuesto 2000 d\u00f3lares<\/a> durante esta crisis.<\/p>\n<blockquote><p><b>El martes, Steven Mnuchin, el Secretario del Tesoro, <\/b><a href=\"https:\/\/techcrunch.com\/2020\/03\/17\/trump-mnuchin-cash-checks-covid-19-senate-democrats-ubi\/\"><b>anunci\u00f3<\/b><\/a><b>: \u201cEstamos tratando de enviar cheques a los estadounidenses inmediatamente. Lo que hemos escuchado de los trabajadores es que muchas compa\u00f1\u00edas han cerrado, ya sea bares o restaurantes\u201d, y a\u00f1adi\u00f3: \u201cLos estadounidenses necesitan dinero ahora, y el Presidente quiere conseguirlo ahora. Y quiero decir ahora en las pr\u00f3ximas dos semanas\u201d.<\/b><\/p><\/blockquote>\n<p>En cuanto a su opini\u00f3n sobre la posibilidad de una crisis econ\u00f3mica y la pandemia actual, Andrew Yang dice en una entrevista para <a href=\"https:\/\/www.politico.com\/news\/magazine\/2020\/03\/17\/coronavirus-universal-basic-income-andrew-yang-134922\">POLITICO<\/a>:<\/p>\n<p>\u201cLo que la pandemia ha hecho, es acelerar esas circunstancias en un marco de tiempo incre\u00edblemente comprimido en el que literalmente ha enviado a decenas de millones de estadounidenses a casa de una sola vez. Me refer\u00eda a una econom\u00eda automatizada en evoluci\u00f3n que nos afectar\u00eda m\u00e1s y m\u00e1s en casa. Se ha vuelto dolorosamente obvio que la \u00fanica soluci\u00f3n de sentido com\u00fan para mantener a nuestras familias a flote es poner dinero en nuestras manos.\u201d<\/p>\n<p>Pero los llamados a la RBU no son s\u00f3lo dentro de los EE.UU., sino tambi\u00e9n de todo el mundo. <i>The Independent <\/i>public\u00f3 un video respaldado por una lista de 500 pol\u00edticos de todo el mundo que apoyan la RBU en medio de la pandemia del Coronavirus.<\/p>\n<p>Esta repentina urgencia aparece porque ahora un peque\u00f1o virus nos muestra la debilidad de nuestra econom\u00eda. Los altibajos del Dow Jones no importan si la poblaci\u00f3n no tiene una red de seguridad, si no podemos comprar comestibles, pagar el alquiler o recibir atenci\u00f3n m\u00e9dica. No importa que tengamos el dinero para comprar un celular barato, una camisa hecha en India o un vino franc\u00e9s si la fabricaci\u00f3n de estos productos se cierra al otro lado del mundo. Pero al final del d\u00eda, estamos hablando de medicinas y otras cosas b\u00e1sicas, cuya escasez puede ser causada durante el brote. <a href=\"https:\/\/edition.cnn.com\/2020\/02\/25\/health\/coronavirus-fda-drug-supply\/index.html\">CNN inform\u00f3<\/a> que: \u201cel 90% de las <a href=\"https:\/\/accessiblemeds.org\/2018-generic-drug-access-and-savings-report\">recetas<\/a> que se dispensan en los Estados Unidos son gen\u00e9ricos, y los Estados Unidos compran una amplia gama de medicamentos gen\u00e9ricos fabricados en China, incluyendo antibi\u00f3ticos, p\u00edldoras anticonceptivas, tratamientos contra el c\u00e1ncer, medicamentos para combatir el VIH\/SIDA y la diabetes, y medicamentos para la enfermedad de Parkinson, entre otros\u201d.<\/p>\n<p>No quiero sonar apocal\u00edptico, pero \u00bfQu\u00e9 pasar\u00eda si millones de personas perdieran todo su salario, los que sobreviven cheque a cheque o peor a\u00fan, los que sobreviven? \u00bfVamos a ser capaces de mantener el orden social? \u00bfSe quedar\u00edan los padres en casa cuando tengan hijos que alimentar? No hablo de la \u201cdistancia social\u201d para estar a salvo sin el virus. Hablo de la posibilidad de disturbios en lugares donde no hay programas sociales para la gente.<\/p>\n<p>Deber\u00edamos implementar la RBU como una de las medidas que nos permitir\u00eda enfrentar esta crisis global, as\u00ed como otras crisis personales. Por ejemplo, \u00bfQu\u00e9 probabilidad hay de que uno de nosotros necesite tiempo libre para cuidar de un familiar enfermo?<\/p>\n<p>Deber\u00edamos implementar\u00a0 la RBU para permitir que la gente se libere de la pobreza, deber\u00edamos implementar\u00a0 la RBU para mantener el orden social.<\/p>\n<p>La RBU parec\u00eda imposible hace un par de semanas. No ten\u00edamos dinero. Lo ve\u00edamos como algo inmoral. Lo vimos como comunismo. No es as\u00ed. No es comunismo. Es el entendimiento de que mi seguridad y bienestar tambi\u00e9n depende de las dem\u00e1s personas de la comunidad. No estoy seguro s\u00f3lo porque corro y soy el primero en cruzar la l\u00ednea, sino, porque corro junto con otros.<\/p>\n<hr \/>\n<p><span style=\"color: #800080;\">Jhon S\u00e1nchez: nacido en Colombia, lleg\u00f3 a la ciudad de New York buscando asilo pol\u00edtico, y es un abogado en la actualidad. Sus historias cortas est\u00e1n disponibles en el <i>Midway Journal<\/i>, <i>The Meadow, Newfound, Fiction on the Web, <\/i>entre otras. <i>Teleport <\/i>public\u00f3 su primera historia corta en febrero, titulada <i>Handy<\/i>. <a style=\"color: #800080;\" href=\"https:\/\/thewritelaunch.com\/2019\/06\/the-dedramafi\/\"><i>DeDramafi<\/i><\/a><i>, <\/i>fue publicada en <i>The Write Launch. A<\/i>dem\u00e1s, <i>Storylandia<\/i>\u00a0lo va a reimprimir en el issue 36. Fue premiado con la <i>Horned Dorset Colony<\/i> en el 2018 y con el programa <i>Byrdcliffe Artist Residence <\/i>para el 2019. En el 2021, el <a style=\"color: #800080;\" href=\"https:\/\/newlitsalonpress.com\/\"><i>New Lit Salon Press<\/i><\/a> publicar\u00e1 su colecci\u00f3n: <i>Enjoy Pleasurable<\/i>\u00a0<i>Death y Other Stories that Will Kill You. Para m\u00e1s actualizaciones, viste la p\u00e1gina de Facebook<\/i> <a style=\"color: #800080;\" href=\"https:\/\/www.facebook.com\/WriterJhon\/?modal=admin_todo_tour\">@WriterJhon<\/a>.<\/span><\/p>\n<hr \/>\n<p><em>Traducci\u00f3n del ingl\u00e9s por Alanissis Flores<br \/>\n<\/em><\/p>\n","protected":false},"excerpt":{"rendered":"<p>Escrito por Jhon S\u00e1nchez Antes del brote del Coronavirus, la primera reacci\u00f3n de la gente que escuch\u00e9 cuando les expliqu\u00e9 acerca de la Renta B\u00e1sica Universal (Universal Basic Income), fue: \u201c\u00bfEso es comunismo?\u201d. Mis oyentes parec\u00edan entrar en un estado&hellip;<\/p>\n","protected":false},"author":1745,"featured_media":1063572,"comment_status":"closed","ping_status":"closed","sticky":false,"template":"","format":"standard","meta":{"footnotes":""},"categories":[11389,81,68,161,74],"tags":[73059,70071,73060,49027,49172],"class_list":["post-1067664","post","type-post","status-publish","format-standard","has-post-thumbnail","hentry","category-contenido-original","category-economia-es","category-norteamerica","category-opiniones","category-politica-es","tag-andrew-yang-es","tag-coronavirus-es","tag-freedom-dividend-es","tag-ubi-es","tag-universal-basic-income-es"],"yoast_head":"<!-- This site is optimized with the Yoast SEO plugin v27.1.1 - https:\/\/yoast.com\/product\/yoast-seo-wordpress\/ -->\n<title>La Renta B\u00e1sica Universal despu\u00e9s del Coronavirus<\/title>\n<meta name=\"description\" content=\"Escrito por Jhon S\u00e1nchez Antes del brote del Coronavirus, la primera reacci\u00f3n de la gente que escuch\u00e9 cuando les expliqu\u00e9 acerca de la Renta B\u00e1sica\" \/>\n<meta name=\"robots\" content=\"index, follow, max-snippet:-1, max-image-preview:large, max-video-preview:-1\" \/>\n<link rel=\"canonical\" href=\"https:\/\/www.pressenza.com\/es\/2020\/03\/la-renta-basica-universal-despues-del-coronavirus\/\" \/>\n<meta property=\"og:locale\" content=\"es_ES\" \/>\n<meta property=\"og:type\" content=\"article\" \/>\n<meta property=\"og:title\" content=\"La Renta B\u00e1sica Universal despu\u00e9s del Coronavirus\" \/>\n<meta property=\"og:description\" content=\"Escrito por Jhon S\u00e1nchez Antes del brote del Coronavirus, la primera reacci\u00f3n de la gente que escuch\u00e9 cuando les expliqu\u00e9 acerca de la Renta B\u00e1sica\" \/>\n<meta property=\"og:url\" content=\"https:\/\/www.pressenza.com\/es\/2020\/03\/la-renta-basica-universal-despues-del-coronavirus\/\" \/>\n<meta property=\"og:site_name\" content=\"Pressenza\" \/>\n<meta property=\"article:publisher\" content=\"https:\/\/www.facebook.com\/PressenzaItalia\" \/>\n<meta property=\"article:author\" content=\"https:\/\/www.facebook.com\/WriterJhon\/\" \/>\n<meta property=\"article:published_time\" content=\"2020-03-29T21:27:29+00:00\" \/>\n<meta property=\"og:image\" content=\"https:\/\/www.pressenza.com\/wp-content\/uploads\/2020\/03\/UBI-March-NYC-2019-Walk.jpg\" \/>\n\t<meta property=\"og:image:width\" content=\"2048\" \/>\n\t<meta property=\"og:image:height\" content=\"1365\" \/>\n\t<meta property=\"og:image:type\" content=\"image\/jpeg\" \/>\n<meta name=\"author\" content=\"Jhon S\u00e1nchez\" \/>\n<meta name=\"twitter:card\" content=\"summary_large_image\" \/>\n<meta name=\"twitter:creator\" content=\"@PressenzaIPA\" \/>\n<meta name=\"twitter:site\" content=\"@PressenzaIPA\" \/>\n<meta name=\"twitter:label1\" content=\"Escrito por\" \/>\n\t<meta name=\"twitter:data1\" content=\"Jhon S\u00e1nchez\" \/>\n\t<meta name=\"twitter:label2\" content=\"Tiempo de lectura\" \/>\n\t<meta name=\"twitter:data2\" content=\"5 minutos\" \/>\n<script type=\"application\/ld+json\" class=\"yoast-schema-graph\">{\"@context\":\"https:\/\/schema.org\",\"@graph\":[{\"@type\":\"Article\",\"@id\":\"https:\/\/www.pressenza.com\/es\/2020\/03\/la-renta-basica-universal-despues-del-coronavirus\/#article\",\"isPartOf\":{\"@id\":\"https:\/\/www.pressenza.com\/es\/2020\/03\/la-renta-basica-universal-despues-del-coronavirus\/\"},\"author\":{\"name\":\"Jhon S\u00e1nchez\",\"@id\":\"https:\/\/www.pressenza.com\/es\/#\/schema\/person\/74eccce2f7ed6ad0ba68f6719055d5b1\"},\"headline\":\"La Renta B\u00e1sica Universal despu\u00e9s del Coronavirus\",\"datePublished\":\"2020-03-29T21:27:29+00:00\",\"mainEntityOfPage\":{\"@id\":\"https:\/\/www.pressenza.com\/es\/2020\/03\/la-renta-basica-universal-despues-del-coronavirus\/\"},\"wordCount\":1050,\"publisher\":{\"@id\":\"https:\/\/www.pressenza.com\/es\/#organization\"},\"image\":{\"@id\":\"https:\/\/www.pressenza.com\/es\/2020\/03\/la-renta-basica-universal-despues-del-coronavirus\/#primaryimage\"},\"thumbnailUrl\":\"https:\/\/www.pressenza.com\/wp-content\/uploads\/2020\/03\/UBI-March-NYC-2019-Walk.jpg\",\"keywords\":[\"Andrew Yang\",\"coronav\u00edrus\",\"Freedom Dividend\",\"UBI\",\"Universal Basic Income\"],\"articleSection\":[\"Contenido Original\",\"Econom\u00eda\",\"Norteam\u00e9rica\",\"Opiniones\",\"Pol\u00edtica\"],\"inLanguage\":\"es\"},{\"@type\":\"WebPage\",\"@id\":\"https:\/\/www.pressenza.com\/es\/2020\/03\/la-renta-basica-universal-despues-del-coronavirus\/\",\"url\":\"https:\/\/www.pressenza.com\/es\/2020\/03\/la-renta-basica-universal-despues-del-coronavirus\/\",\"name\":\"La Renta B\u00e1sica Universal despu\u00e9s del Coronavirus\",\"isPartOf\":{\"@id\":\"https:\/\/www.pressenza.com\/es\/#website\"},\"primaryImageOfPage\":{\"@id\":\"https:\/\/www.pressenza.com\/es\/2020\/03\/la-renta-basica-universal-despues-del-coronavirus\/#primaryimage\"},\"image\":{\"@id\":\"https:\/\/www.pressenza.com\/es\/2020\/03\/la-renta-basica-universal-despues-del-coronavirus\/#primaryimage\"},\"thumbnailUrl\":\"https:\/\/www.pressenza.com\/wp-content\/uploads\/2020\/03\/UBI-March-NYC-2019-Walk.jpg\",\"datePublished\":\"2020-03-29T21:27:29+00:00\",\"description\":\"Escrito por Jhon S\u00e1nchez Antes del brote del Coronavirus, la primera reacci\u00f3n de la gente que escuch\u00e9 cuando les expliqu\u00e9 acerca de la Renta B\u00e1sica\",\"breadcrumb\":{\"@id\":\"https:\/\/www.pressenza.com\/es\/2020\/03\/la-renta-basica-universal-despues-del-coronavirus\/#breadcrumb\"},\"inLanguage\":\"es\",\"potentialAction\":[{\"@type\":\"ReadAction\",\"target\":[\"https:\/\/www.pressenza.com\/es\/2020\/03\/la-renta-basica-universal-despues-del-coronavirus\/\"]}]},{\"@type\":\"ImageObject\",\"inLanguage\":\"es\",\"@id\":\"https:\/\/www.pressenza.com\/es\/2020\/03\/la-renta-basica-universal-despues-del-coronavirus\/#primaryimage\",\"url\":\"https:\/\/www.pressenza.com\/wp-content\/uploads\/2020\/03\/UBI-March-NYC-2019-Walk.jpg\",\"contentUrl\":\"https:\/\/www.pressenza.com\/wp-content\/uploads\/2020\/03\/UBI-March-NYC-2019-Walk.jpg\",\"width\":2048,\"height\":1365,\"caption\":\"Basic Income March from Harlem to the Bronx on Saturday, October 26, 2019\"},{\"@type\":\"BreadcrumbList\",\"@id\":\"https:\/\/www.pressenza.com\/es\/2020\/03\/la-renta-basica-universal-despues-del-coronavirus\/#breadcrumb\",\"itemListElement\":[{\"@type\":\"ListItem\",\"position\":1,\"name\":\"Accueil\",\"item\":\"https:\/\/www.pressenza.com\/es\/\"},{\"@type\":\"ListItem\",\"position\":2,\"name\":\"La Renta B\u00e1sica Universal despu\u00e9s del Coronavirus\"}]},{\"@type\":\"WebSite\",\"@id\":\"https:\/\/www.pressenza.com\/es\/#website\",\"url\":\"https:\/\/www.pressenza.com\/es\/\",\"name\":\"Pressenza\",\"description\":\"International Press Agency\",\"publisher\":{\"@id\":\"https:\/\/www.pressenza.com\/es\/#organization\"},\"potentialAction\":[{\"@type\":\"SearchAction\",\"target\":{\"@type\":\"EntryPoint\",\"urlTemplate\":\"https:\/\/www.pressenza.com\/es\/?s={search_term_string}\"},\"query-input\":{\"@type\":\"PropertyValueSpecification\",\"valueRequired\":true,\"valueName\":\"search_term_string\"}}],\"inLanguage\":\"es\"},{\"@type\":\"Organization\",\"@id\":\"https:\/\/www.pressenza.com\/es\/#organization\",\"name\":\"Pressenza\",\"url\":\"https:\/\/www.pressenza.com\/es\/\",\"logo\":{\"@type\":\"ImageObject\",\"inLanguage\":\"es\",\"@id\":\"https:\/\/www.pressenza.com\/es\/#\/schema\/logo\/image\/\",\"url\":\"https:\/\/www.pressenza.com\/wp-content\/uploads\/2022\/10\/pressenza_logo_200x200.jpg\",\"contentUrl\":\"https:\/\/www.pressenza.com\/wp-content\/uploads\/2022\/10\/pressenza_logo_200x200.jpg\",\"width\":200,\"height\":200,\"caption\":\"Pressenza\"},\"image\":{\"@id\":\"https:\/\/www.pressenza.com\/es\/#\/schema\/logo\/image\/\"},\"sameAs\":[\"https:\/\/www.facebook.com\/PressenzaItalia\",\"https:\/\/x.com\/PressenzaIPA\"]},{\"@type\":\"Person\",\"@id\":\"https:\/\/www.pressenza.com\/es\/#\/schema\/person\/74eccce2f7ed6ad0ba68f6719055d5b1\",\"name\":\"Jhon S\u00e1nchez\",\"description\":\"Jhon S\u00e1nchez: A Colombian born, Mr. S\u00e1nchez, arrived in NYC seeking political asylum where he is now a lawyer. His most recent publications are United Tombs of America (Midway Journal), \u2018Handy.\u2019 (Teleport Magazine) and The DeDramafi (The Write Launch republished in Storylandia, issue 36). He was awarded the Horned Dorset Colony for 2018 and the Byrdcliffe Artist Residence Program for 2019. In 2023, New Lit Salon Press will publish his collection Enjoy Pleasurable Death and Other Stories that Will Kill You. For updates, please visit the Facebook page @WriterJhon, Instagram jhon_author, Twitter @jhon_author. https:\/\/muckrack.com\/jhon-sanchez\/articles\",\"sameAs\":[\"https:\/\/www.facebook.com\/WriterJhon\/\"],\"url\":\"https:\/\/www.pressenza.com\/es\/author\/jhon-sanchez\/\"}]}<\/script>\n<!-- \/ Yoast SEO plugin. -->","yoast_head_json":{"title":"La Renta B\u00e1sica Universal despu\u00e9s del Coronavirus","description":"Escrito por Jhon S\u00e1nchez Antes del brote del Coronavirus, la primera reacci\u00f3n de la gente que escuch\u00e9 cuando les expliqu\u00e9 acerca de la Renta B\u00e1sica","robots":{"index":"index","follow":"follow","max-snippet":"max-snippet:-1","max-image-preview":"max-image-preview:large","max-video-preview":"max-video-preview:-1"},"canonical":"https:\/\/www.pressenza.com\/es\/2020\/03\/la-renta-basica-universal-despues-del-coronavirus\/","og_locale":"es_ES","og_type":"article","og_title":"La Renta B\u00e1sica Universal despu\u00e9s del Coronavirus","og_description":"Escrito por Jhon S\u00e1nchez Antes del brote del Coronavirus, la primera reacci\u00f3n de la gente que escuch\u00e9 cuando les expliqu\u00e9 acerca de la Renta B\u00e1sica","og_url":"https:\/\/www.pressenza.com\/es\/2020\/03\/la-renta-basica-universal-despues-del-coronavirus\/","og_site_name":"Pressenza","article_publisher":"https:\/\/www.facebook.com\/PressenzaItalia","article_author":"https:\/\/www.facebook.com\/WriterJhon\/","article_published_time":"2020-03-29T21:27:29+00:00","og_image":[{"width":2048,"height":1365,"url":"https:\/\/www.pressenza.com\/wp-content\/uploads\/2020\/03\/UBI-March-NYC-2019-Walk.jpg","type":"image\/jpeg"}],"author":"Jhon S\u00e1nchez","twitter_card":"summary_large_image","twitter_creator":"@PressenzaIPA","twitter_site":"@PressenzaIPA","twitter_misc":{"Escrito por":"Jhon S\u00e1nchez","Tiempo de lectura":"5 minutos"},"schema":{"@context":"https:\/\/schema.org","@graph":[{"@type":"Article","@id":"https:\/\/www.pressenza.com\/es\/2020\/03\/la-renta-basica-universal-despues-del-coronavirus\/#article","isPartOf":{"@id":"https:\/\/www.pressenza.com\/es\/2020\/03\/la-renta-basica-universal-despues-del-coronavirus\/"},"author":{"name":"Jhon S\u00e1nchez","@id":"https:\/\/www.pressenza.com\/es\/#\/schema\/person\/74eccce2f7ed6ad0ba68f6719055d5b1"},"headline":"La Renta B\u00e1sica Universal despu\u00e9s del Coronavirus","datePublished":"2020-03-29T21:27:29+00:00","mainEntityOfPage":{"@id":"https:\/\/www.pressenza.com\/es\/2020\/03\/la-renta-basica-universal-despues-del-coronavirus\/"},"wordCount":1050,"publisher":{"@id":"https:\/\/www.pressenza.com\/es\/#organization"},"image":{"@id":"https:\/\/www.pressenza.com\/es\/2020\/03\/la-renta-basica-universal-despues-del-coronavirus\/#primaryimage"},"thumbnailUrl":"https:\/\/www.pressenza.com\/wp-content\/uploads\/2020\/03\/UBI-March-NYC-2019-Walk.jpg","keywords":["Andrew Yang","coronav\u00edrus","Freedom Dividend","UBI","Universal Basic Income"],"articleSection":["Contenido Original","Econom\u00eda","Norteam\u00e9rica","Opiniones","Pol\u00edtica"],"inLanguage":"es"},{"@type":"WebPage","@id":"https:\/\/www.pressenza.com\/es\/2020\/03\/la-renta-basica-universal-despues-del-coronavirus\/","url":"https:\/\/www.pressenza.com\/es\/2020\/03\/la-renta-basica-universal-despues-del-coronavirus\/","name":"La Renta B\u00e1sica Universal despu\u00e9s del Coronavirus","isPartOf":{"@id":"https:\/\/www.pressenza.com\/es\/#website"},"primaryImageOfPage":{"@id":"https:\/\/www.pressenza.com\/es\/2020\/03\/la-renta-basica-universal-despues-del-coronavirus\/#primaryimage"},"image":{"@id":"https:\/\/www.pressenza.com\/es\/2020\/03\/la-renta-basica-universal-despues-del-coronavirus\/#primaryimage"},"thumbnailUrl":"https:\/\/www.pressenza.com\/wp-content\/uploads\/2020\/03\/UBI-March-NYC-2019-Walk.jpg","datePublished":"2020-03-29T21:27:29+00:00","description":"Escrito por Jhon S\u00e1nchez Antes del brote del Coronavirus, la primera reacci\u00f3n de la gente que escuch\u00e9 cuando les expliqu\u00e9 acerca de la Renta B\u00e1sica","breadcrumb":{"@id":"https:\/\/www.pressenza.com\/es\/2020\/03\/la-renta-basica-universal-despues-del-coronavirus\/#breadcrumb"},"inLanguage":"es","potentialAction":[{"@type":"ReadAction","target":["https:\/\/www.pressenza.com\/es\/2020\/03\/la-renta-basica-universal-despues-del-coronavirus\/"]}]},{"@type":"ImageObject","inLanguage":"es","@id":"https:\/\/www.pressenza.com\/es\/2020\/03\/la-renta-basica-universal-despues-del-coronavirus\/#primaryimage","url":"https:\/\/www.pressenza.com\/wp-content\/uploads\/2020\/03\/UBI-March-NYC-2019-Walk.jpg","contentUrl":"https:\/\/www.pressenza.com\/wp-content\/uploads\/2020\/03\/UBI-March-NYC-2019-Walk.jpg","width":2048,"height":1365,"caption":"Basic Income March from Harlem to the Bronx on Saturday, October 26, 2019"},{"@type":"BreadcrumbList","@id":"https:\/\/www.pressenza.com\/es\/2020\/03\/la-renta-basica-universal-despues-del-coronavirus\/#breadcrumb","itemListElement":[{"@type":"ListItem","position":1,"name":"Accueil","item":"https:\/\/www.pressenza.com\/es\/"},{"@type":"ListItem","position":2,"name":"La Renta B\u00e1sica Universal despu\u00e9s del Coronavirus"}]},{"@type":"WebSite","@id":"https:\/\/www.pressenza.com\/es\/#website","url":"https:\/\/www.pressenza.com\/es\/","name":"Pressenza","description":"International Press Agency","publisher":{"@id":"https:\/\/www.pressenza.com\/es\/#organization"},"potentialAction":[{"@type":"SearchAction","target":{"@type":"EntryPoint","urlTemplate":"https:\/\/www.pressenza.com\/es\/?s={search_term_string}"},"query-input":{"@type":"PropertyValueSpecification","valueRequired":true,"valueName":"search_term_string"}}],"inLanguage":"es"},{"@type":"Organization","@id":"https:\/\/www.pressenza.com\/es\/#organization","name":"Pressenza","url":"https:\/\/www.pressenza.com\/es\/","logo":{"@type":"ImageObject","inLanguage":"es","@id":"https:\/\/www.pressenza.com\/es\/#\/schema\/logo\/image\/","url":"https:\/\/www.pressenza.com\/wp-content\/uploads\/2022\/10\/pressenza_logo_200x200.jpg","contentUrl":"https:\/\/www.pressenza.com\/wp-content\/uploads\/2022\/10\/pressenza_logo_200x200.jpg","width":200,"height":200,"caption":"Pressenza"},"image":{"@id":"https:\/\/www.pressenza.com\/es\/#\/schema\/logo\/image\/"},"sameAs":["https:\/\/www.facebook.com\/PressenzaItalia","https:\/\/x.com\/PressenzaIPA"]},{"@type":"Person","@id":"https:\/\/www.pressenza.com\/es\/#\/schema\/person\/74eccce2f7ed6ad0ba68f6719055d5b1","name":"Jhon S\u00e1nchez","description":"Jhon S\u00e1nchez: A Colombian born, Mr. S\u00e1nchez, arrived in NYC seeking political asylum where he is now a lawyer. His most recent publications are United Tombs of America (Midway Journal), \u2018Handy.\u2019 (Teleport Magazine) and The DeDramafi (The Write Launch republished in Storylandia, issue 36). He was awarded the Horned Dorset Colony for 2018 and the Byrdcliffe Artist Residence Program for 2019. In 2023, New Lit Salon Press will publish his collection Enjoy Pleasurable Death and Other Stories that Will Kill You. For updates, please visit the Facebook page @WriterJhon, Instagram jhon_author, Twitter @jhon_author. https:\/\/muckrack.com\/jhon-sanchez\/articles","sameAs":["https:\/\/www.facebook.com\/WriterJhon\/"],"url":"https:\/\/www.pressenza.com\/es\/author\/jhon-sanchez\/"}]}},"place":"EE.UU., Estados Unidos","original_article_url":"","_links":{"self":[{"href":"https:\/\/www.pressenza.com\/es\/wp-json\/wp\/v2\/posts\/1067664","targetHints":{"allow":["GET"]}}],"collection":[{"href":"https:\/\/www.pressenza.com\/es\/wp-json\/wp\/v2\/posts"}],"about":[{"href":"https:\/\/www.pressenza.com\/es\/wp-json\/wp\/v2\/types\/post"}],"author":[{"embeddable":true,"href":"https:\/\/www.pressenza.com\/es\/wp-json\/wp\/v2\/users\/1745"}],"replies":[{"embeddable":true,"href":"https:\/\/www.pressenza.com\/es\/wp-json\/wp\/v2\/comments?post=1067664"}],"version-history":[{"count":0,"href":"https:\/\/www.pressenza.com\/es\/wp-json\/wp\/v2\/posts\/1067664\/revisions"}],"wp:featuredmedia":[{"embeddable":true,"href":"https:\/\/www.pressenza.com\/es\/wp-json\/wp\/v2\/media\/1063572"}],"wp:attachment":[{"href":"https:\/\/www.pressenza.com\/es\/wp-json\/wp\/v2\/media?parent=1067664"}],"wp:term":[{"taxonomy":"category","embeddable":true,"href":"https:\/\/www.pressenza.com\/es\/wp-json\/wp\/v2\/categories?post=1067664"},{"taxonomy":"post_tag","embeddable":true,"href":"https:\/\/www.pressenza.com\/es\/wp-json\/wp\/v2\/tags?post=1067664"}],"curies":[{"name":"wp","href":"https:\/\/api.w.org\/{rel}","templated":true}]}}