{"id":1067513,"date":"2020-03-29T19:47:54","date_gmt":"2020-03-29T18:47:54","guid":{"rendered":"https:\/\/www.pressenza.com\/?p=1067513"},"modified":"2020-03-29T19:47:54","modified_gmt":"2020-03-29T18:47:54","slug":"el-virus-y-la-pandemia-del-miedo-capitalista","status":"publish","type":"post","link":"https:\/\/www.pressenza.com\/es\/2020\/03\/el-virus-y-la-pandemia-del-miedo-capitalista\/","title":{"rendered":"El virus y la pandemia del miedo capitalista"},"content":{"rendered":"<p>La prevista recesi\u00f3n econ\u00f3mica del sistema capitalista en esta fase de poder de los mercados financieros, ha llegado esta vez de la mano de un virus, el\u00a0 SARS-CoV-2 (Covid-19) conocido desde hace tiempo por la comunidad cient\u00edfica, y que ahora se presenta en forma de \u201cpandemia\u201d, con la ayuda de parte de las instituciones internacionales de salud, el \u00a0protagonismo de los gobiernos y una gran contribuci\u00f3n, la mayor\u00eda de las veces, t\u00f3xica, de los principales medios de comunicaci\u00f3n, en manos de los grandes grupos econ\u00f3micos. \u00a0\u00a0\u00a0\u00a0\u00a0\u00a0\u00a0\u00a0\u00a0\u00a0\u00a0\u00a0\u00a0\u00a0\u00a0\u00a0\u00a0\u00a0\u00a0\u00a0\u00a0Esta nueva amenaza de la humanidad est\u00e1 poniendo los sistemas de salud de los pa\u00edses occidentales al borde del colapso y a la poblaci\u00f3n en estado de terror y en aislamiento y cuarentena sanitaria, econ\u00f3mica y social, en las zonas en donde estos sistemas existen.<\/p>\n<p>La \u201csalida\u201d de la anterior crisis financiera global del 2008 provocada por este depredador sistema econ\u00f3mico represent\u00f3 para todos los derechos sociales conseguidos en los a\u00f1os de burbuja econ\u00f3mica, pero especialmente para los servicios nacionales de salud, una agudizaci\u00f3n en la l\u00ednea ascendente de desregulaci\u00f3n, \u00a0mercantilizaci\u00f3n\u00a0 y privatizaci\u00f3n del sector sanitario, sufriendo a partir de esas fechas y paulatinamente, los recortes m\u00e1s dr\u00e1sticos en todos los servicios de atenci\u00f3n a las personas y a las comunidades, para seguir favoreciendo a la banca y abrir nuevas oportunidades de negocio a los grupos financieros, que desembarcaron en todos los servicios sociales, del, hasta entonces, mal llamado \u201cestado de bienestar\u201d.<\/p>\n<p>Gran parte del presupuesto destinado al sistema p\u00fablico de salud en Catalunya, \u00a0en descenso desde 2010 se dedicaba ya, antes de esta nueva crisis, \u00a0a la financiaci\u00f3n de lo que nuestros pol\u00edticos neoliberales dieron en denominar \u201cconnivencia p\u00fablico-privada\u201d, que consiste en financiar con dinero p\u00fablico, servicios proporcionados por empresas y sus sistemas de gesti\u00f3n que persiguen como objetivo principal, el beneficio econ\u00f3mico privado. A pesar de todas las luchas de los movimientos sociales \u00a0y de la ciudadan\u00eda organizada, nunca se ha vuelto a recuperar el presupuesto p\u00fablico dedicado a la precaria \u201credistribuci\u00f3n social\u201d de los primeros a\u00f1os \u00a0de la d\u00e9cada.<\/p>\n<p>Hemos visto c\u00f3mo en poco tiempo, hospitales pertenecientes a fondos buitres y\/o a grandes y monop\u00f3licas empresas privadas entraban a formar parte del sistema nacional de salud, que, gracias a la ayuda de nuestros gobernantes y sus decisiones pol\u00edticas, obten\u00edan rotundos beneficios extra\u00eddos directamente de la caja com\u00fan, la de todas.<\/p>\n<p>Hemos sido testigos de c\u00f3mo han desembarcado en nuestro pa\u00eds, \u00a0a la misma vez que aumentaban las listas de espera y se degradaba la atenci\u00f3n y la sanidad p\u00fablicas, \u00a0un sinf\u00edn de\u00a0 mutuas privadas de diferentes grupos financieros, que ofrec\u00edan coberturas sanitarias a precios competitivos, produciendo dividendos y beneficios imposibles de conseguir si no se apoyaran en la\u00a0 selecci\u00f3n del riesgo, es decir, la selecci\u00f3n de \u201cclientes\u201d, \u00a0y a la existencia de un sistema sanitario p\u00fablico herido\u00a0 de muerte, afectado de corrupci\u00f3n, conflictos de inter\u00e9s y\u00a0 puertas giratorias, con listas de espera letales, insoportables y en aumento sostenido, pero que segu\u00eda en pie gracias al esfuerzo ingente de profesionales y trabajadoras. Los mismos que ahora vemos al l\u00edmite de la extenuaci\u00f3n y asumiendo un riesgo m\u00e1ximo por la falta de recursos, humanos y materiales. Algunos que no requieren de alta tecnolog\u00eda, pero que ni siquiera se les proporcionan.<\/p>\n<p>Desde Marea Blanca se han hecho innumerables denuncias y se ha luchado por \u00a0la recuperaci\u00f3n de un verdadero sistema nacional de salud, p\u00fablico, universal, pagado con impuesto, fundamentado en la Atenci\u00f3n Primaria, principal perjudicada de los recortes mercantilistas que priorizan los hospitales como centros de negocio, que se fundamente \u00a0en la salud p\u00fablica y la acci\u00f3n pol\u00edtica sobre los condicionantes econ\u00f3micos, sociales y medioambientales, principales causantes de enfermedad.<\/p>\n<p>La Atenci\u00f3n P<em>r<\/em>imaria de Salud, la m\u00e1s cercana a la poblaci\u00f3n, con tareas de prevenci\u00f3n y promoci\u00f3n de la salud, la m\u00e1s democr\u00e1tica y comunitaria,\u00a0 ha ido perdido profesionales y presupuesto a\u00f1o tras a\u00f1o pero tambi\u00e9n la misi\u00f3n que ten\u00eda cuando en 1978 se asumi\u00f3 por algunos estados como el mejor enfoque para dar respuesta a la atenci\u00f3n sanitaria en la promoci\u00f3n, protecci\u00f3n y atenci\u00f3n de la salud a nivel de las personas y sus comunidades.<\/p>\n<p>La Salud P\u00fablica, abandonada tambi\u00e9n por los estados y las administraciones, se visibiliza ahora como instrumento imprescindible no solo para predecir la direcci\u00f3n y la gesti\u00f3n de la pandemia, sino para haberla prevenido ya que es la que analiza y considera todos los condicionantes sociales, econ\u00f3mico y medio ambientales del sistema que han hecho posible su aparici\u00f3n y la que se ocupa de la epidemiolog\u00eda y de la salud de las poblaciones.<\/p>\n<p>Marea Blanca acaba de publicar\u00a0 en 1.000 caracteres, por exigencia period\u00edstica, las propuestas inmediatas y urgentes que se precisan para reorientar este sistema sanitario infectado y \u00a0herido de muerte, no \u00fanicamente por el virus, sino por las pol\u00edticas aplicadas a\u00f1o tras a\u00f1o por gobernantes sin escr\u00fapulos al servicio de los intereses del capital y de sus amigos.<\/p>\n<p>El panorama geoestrat\u00e9gico, econ\u00f3mico y pol\u00edtico y lo que representar\u00e1 para los sistemas p\u00fablicos y las econom\u00edas nacionales o la econom\u00eda global, es imposible de valorar en estos momentos cuando estamos en el \u00a0epicentro de la crisis provocada, sanitaria,\u00a0 econ\u00f3mica y humana. Depender\u00e1 de la duraci\u00f3n y de la gesti\u00f3n de la misma tambi\u00e9n\u00a0 de las soluciones y cambios sociales que se ofrezcan para la salida de esta nueva crisis mundial.<\/p>\n<p>Depender\u00e1 sobretodo de las fuerzas pol\u00edticas y econ\u00f3micas en juego, o en conflicto, \u00a0pero tambi\u00e9n y m\u00e1s importante, \u00a0de la conciencia social adquirida por la poblaci\u00f3n, que haya entendido ahora quienes son los verdaderos \u201ch\u00e9roes\u201d, sobre todo en estos momentos en donde, aunque sin equipos de protecci\u00f3n, se est\u00e1n cayendo muchas de las m\u00e1scaras pol\u00edticas del gran enga\u00f1o.<\/p>\n<p>Solo la gente salva a la gente. S\u00f3lo la solidaridad ente las personas y las comunidades, puede hacer frente a los grandes intereses que han destrozado los sistemas p\u00fablicos. \u00a0No podemos olvidar \u00a0que gracias a la eugenesia aplicada por el sistema capitalista, tres cuartas partes de la humanidad no disponen ni siquiera de\u00a0 sistema sanitario, muere de enfermedades evitables, de hambre o falta de suministros b\u00e1sicos y ni siquiera dispone de condiciones de vida dignas. \u00a0Tampoco podemos dejar de constatar que esta distribuci\u00f3n desigual de la riqueza afecta ya a una gran mayor\u00eda de poblaci\u00f3n en nuestros propios pa\u00edses.\u00a0 Esa \u201cdistribuci\u00f3n\u201d desigual afectar\u00e1 y matar\u00e1, tambi\u00e9n de manera desigual, a los m\u00e1s empobrecidos\u00a0\u00a0 por este sistema, como ya se est\u00e1 demostrando en nuestro entorno.<\/p>\n<p>Esta nueva crisis afectar\u00e1 tambi\u00e9n principalmente \u00a0a las mujeres, como ha sucedido en anteriores ocasiones, por ser el sexo discriminado, el m\u00e1s oprimido y precarizado en todos los rincones del planeta y ser las encargadas principales de las actividades no remuneradas de cuidado y sostenimiento de la vida y que por causa de patriarcado y de la distribuci\u00f3n de roles est\u00e1n poco reconocidas o son menospreciadas social y econ\u00f3micamente.<\/p>\n<p>En nuestro entorno, con una mayor\u00eda de poblaci\u00f3n \u201cprescindible\u201d encerrada en sus casas, amenazada de muerte y confeccionado material de protecci\u00f3n casero, inducida a\u00a0 abandonar a sus mayores, en\u00a0 soledad,\u00a0 en los\u00a0 centros sanitarios, o en sus casas, atendidos por mujeres cuidadoras tambi\u00e9n \u00a0\u00a0precarizadas por las empresas, \u00a0o en residencias \u00a0dise\u00f1adas para aportan beneficios a sus propietarios, \u00a0con el ej\u00e9rcito y las fuerzas del orden en la calle, \u00fanicas legitimadas para ejercer represi\u00f3n y violencia, y con una gran mayor\u00eda de los medios de comunicaci\u00f3n expandiendo intoxicaci\u00f3n, cifras adulteradas y miedo, toda conjetura de lo que puede pasar es arriesgada.<\/p>\n<p>Las fuerzas pol\u00edticas y las im\u00e1genes del caos, que han existido en \u00e9pocas anteriores de nuestra historia reciente, existen y est\u00e1n funcionando en el imaginario y en el pensamiento colectivo, retrasmitidas, incentivadas,\u00a0 amplificadas por los medios de comunicaci\u00f3n y las redes sociales.<\/p>\n<p>Las fuerzas del mal existen y el pensamiento que pretende gobernar el caos, es populista, destructivo, individualista e insolidario y va en contra de los intereses de las clases populares, aunque se vista y se presente de todo lo contrario. El \u00fanico sentimiento a promocionar y practicar es la solidaridad. La conciencia colectiva y la organizaci\u00f3n, ser\u00e1n la \u00fanica salida a este caos provocado,\u00a0 si llegamos a entender, por fin, que somos m\u00e1s.<\/p>\n<p>La reestructuraci\u00f3n del sistema que se pretende, puede desfavorecer de nuevo a las mujeres, \u00a0a las clases trabajadoras y ser contraria al bien com\u00fan. Depender\u00e1 de \u00a0los nuevos planes \u00a0e intereses del sistema capitalista, espec\u00edficamente el financiero, que nunca ha perdido su poder, sino que por el contrario, se ha adue\u00f1ado del relato ideol\u00f3gico y se ha apoderado de la econom\u00eda mundial, de los estados y de sus gobernantes, abduciendo todas sus decisiones pol\u00edticas. Todo ello para que, con otros ajustes y exigencias, pueda \u00a0pervivir un sistema que se fundamenta en la depredaci\u00f3n, la destrucci\u00f3n del planeta y el expolio de las clases populares a escala mundial.<\/p>\n<p><em>Elva Tenorio,\u00a0 M\u00e9dica y Psic\u00f3loga. Miembro de Marea Blanca de Catalunya<\/em><\/p>\n","protected":false},"excerpt":{"rendered":"<p>La prevista recesi\u00f3n econ\u00f3mica del sistema capitalista en esta fase de poder de los mercados financieros, ha llegado esta vez de la mano de un virus, el\u00a0 SARS-CoV-2 (Covid-19) conocido desde hace tiempo por la comunidad cient\u00edfica, y que ahora&hellip;<\/p>\n","protected":false},"author":1122,"featured_media":1066971,"comment_status":"closed","ping_status":"closed","sticky":false,"template":"","format":"standard","meta":{"footnotes":""},"categories":[11389,161,74,1239],"tags":[],"class_list":["post-1067513","post","type-post","status-publish","format-standard","has-post-thumbnail","hentry","category-contenido-original","category-opiniones","category-politica-es","category-salud"],"yoast_head":"<!-- This site is optimized with the Yoast SEO plugin v27.1.1 - https:\/\/yoast.com\/product\/yoast-seo-wordpress\/ -->\n<title>El virus y la pandemia del miedo capitalista<\/title>\n<meta name=\"description\" content=\"La prevista recesi\u00f3n econ\u00f3mica del sistema capitalista en esta fase de poder de los mercados financieros, ha llegado esta vez de la mano de un virus, el\u00a0\" \/>\n<meta name=\"robots\" content=\"index, follow, max-snippet:-1, max-image-preview:large, max-video-preview:-1\" \/>\n<link rel=\"canonical\" href=\"https:\/\/www.pressenza.com\/es\/2020\/03\/el-virus-y-la-pandemia-del-miedo-capitalista\/\" \/>\n<meta property=\"og:locale\" content=\"es_ES\" \/>\n<meta property=\"og:type\" content=\"article\" \/>\n<meta property=\"og:title\" content=\"El virus y la pandemia del miedo capitalista\" \/>\n<meta property=\"og:description\" content=\"La prevista recesi\u00f3n econ\u00f3mica del sistema capitalista en esta fase de poder de los mercados financieros, ha llegado esta vez de la mano de un virus, el\u00a0\" \/>\n<meta property=\"og:url\" content=\"https:\/\/www.pressenza.com\/es\/2020\/03\/el-virus-y-la-pandemia-del-miedo-capitalista\/\" \/>\n<meta property=\"og:site_name\" content=\"Pressenza\" \/>\n<meta property=\"article:publisher\" content=\"https:\/\/www.facebook.com\/PressenzaItalia\" \/>\n<meta property=\"article:author\" content=\"https:\/\/www.facebook.com\/Pressenza-Espaa-647854795301395\/timeline\/\" \/>\n<meta property=\"article:published_time\" content=\"2020-03-29T18:47:54+00:00\" \/>\n<meta property=\"og:image\" content=\"https:\/\/www.pressenza.com\/wp-content\/uploads\/2020\/03\/IMG-20160516-WA0001.jpg\" \/>\n\t<meta property=\"og:image:width\" content=\"1600\" \/>\n\t<meta property=\"og:image:height\" content=\"1200\" \/>\n\t<meta property=\"og:image:type\" content=\"image\/jpeg\" \/>\n<meta name=\"author\" content=\"Redacci\u00f3n Barcelona\" \/>\n<meta name=\"twitter:card\" content=\"summary_large_image\" \/>\n<meta name=\"twitter:creator\" content=\"@pressenza\" \/>\n<meta name=\"twitter:site\" content=\"@PressenzaIPA\" \/>\n<meta name=\"twitter:label1\" content=\"Escrito por\" \/>\n\t<meta name=\"twitter:data1\" content=\"Redacci\u00f3n Barcelona\" \/>\n\t<meta name=\"twitter:label2\" content=\"Tiempo de lectura\" \/>\n\t<meta name=\"twitter:data2\" content=\"8 minutos\" \/>\n<script type=\"application\/ld+json\" class=\"yoast-schema-graph\">{\"@context\":\"https:\/\/schema.org\",\"@graph\":[{\"@type\":\"Article\",\"@id\":\"https:\/\/www.pressenza.com\/es\/2020\/03\/el-virus-y-la-pandemia-del-miedo-capitalista\/#article\",\"isPartOf\":{\"@id\":\"https:\/\/www.pressenza.com\/es\/2020\/03\/el-virus-y-la-pandemia-del-miedo-capitalista\/\"},\"author\":{\"name\":\"Redacci\u00f3n Barcelona\",\"@id\":\"https:\/\/www.pressenza.com\/es\/#\/schema\/person\/8abc53b92f3264e0dad4300d54ac73ff\"},\"headline\":\"El virus y la pandemia del miedo capitalista\",\"datePublished\":\"2020-03-29T18:47:54+00:00\",\"mainEntityOfPage\":{\"@id\":\"https:\/\/www.pressenza.com\/es\/2020\/03\/el-virus-y-la-pandemia-del-miedo-capitalista\/\"},\"wordCount\":1624,\"publisher\":{\"@id\":\"https:\/\/www.pressenza.com\/es\/#organization\"},\"image\":{\"@id\":\"https:\/\/www.pressenza.com\/es\/2020\/03\/el-virus-y-la-pandemia-del-miedo-capitalista\/#primaryimage\"},\"thumbnailUrl\":\"https:\/\/www.pressenza.com\/wp-content\/uploads\/2020\/03\/IMG-20160516-WA0001.jpg\",\"articleSection\":[\"Contenido Original\",\"Opiniones\",\"Pol\u00edtica\",\"Salud\"],\"inLanguage\":\"es\"},{\"@type\":\"WebPage\",\"@id\":\"https:\/\/www.pressenza.com\/es\/2020\/03\/el-virus-y-la-pandemia-del-miedo-capitalista\/\",\"url\":\"https:\/\/www.pressenza.com\/es\/2020\/03\/el-virus-y-la-pandemia-del-miedo-capitalista\/\",\"name\":\"El virus y la pandemia del miedo capitalista\",\"isPartOf\":{\"@id\":\"https:\/\/www.pressenza.com\/es\/#website\"},\"primaryImageOfPage\":{\"@id\":\"https:\/\/www.pressenza.com\/es\/2020\/03\/el-virus-y-la-pandemia-del-miedo-capitalista\/#primaryimage\"},\"image\":{\"@id\":\"https:\/\/www.pressenza.com\/es\/2020\/03\/el-virus-y-la-pandemia-del-miedo-capitalista\/#primaryimage\"},\"thumbnailUrl\":\"https:\/\/www.pressenza.com\/wp-content\/uploads\/2020\/03\/IMG-20160516-WA0001.jpg\",\"datePublished\":\"2020-03-29T18:47:54+00:00\",\"description\":\"La prevista recesi\u00f3n econ\u00f3mica del sistema capitalista en esta fase de poder de los mercados financieros, ha llegado esta vez de la mano de un virus, el\u00a0\",\"breadcrumb\":{\"@id\":\"https:\/\/www.pressenza.com\/es\/2020\/03\/el-virus-y-la-pandemia-del-miedo-capitalista\/#breadcrumb\"},\"inLanguage\":\"es\",\"potentialAction\":[{\"@type\":\"ReadAction\",\"target\":[\"https:\/\/www.pressenza.com\/es\/2020\/03\/el-virus-y-la-pandemia-del-miedo-capitalista\/\"]}]},{\"@type\":\"ImageObject\",\"inLanguage\":\"es\",\"@id\":\"https:\/\/www.pressenza.com\/es\/2020\/03\/el-virus-y-la-pandemia-del-miedo-capitalista\/#primaryimage\",\"url\":\"https:\/\/www.pressenza.com\/wp-content\/uploads\/2020\/03\/IMG-20160516-WA0001.jpg\",\"contentUrl\":\"https:\/\/www.pressenza.com\/wp-content\/uploads\/2020\/03\/IMG-20160516-WA0001.jpg\",\"width\":1600,\"height\":1200},{\"@type\":\"BreadcrumbList\",\"@id\":\"https:\/\/www.pressenza.com\/es\/2020\/03\/el-virus-y-la-pandemia-del-miedo-capitalista\/#breadcrumb\",\"itemListElement\":[{\"@type\":\"ListItem\",\"position\":1,\"name\":\"Accueil\",\"item\":\"https:\/\/www.pressenza.com\/es\/\"},{\"@type\":\"ListItem\",\"position\":2,\"name\":\"El virus y la pandemia del miedo capitalista\"}]},{\"@type\":\"WebSite\",\"@id\":\"https:\/\/www.pressenza.com\/es\/#website\",\"url\":\"https:\/\/www.pressenza.com\/es\/\",\"name\":\"Pressenza\",\"description\":\"International Press Agency\",\"publisher\":{\"@id\":\"https:\/\/www.pressenza.com\/es\/#organization\"},\"potentialAction\":[{\"@type\":\"SearchAction\",\"target\":{\"@type\":\"EntryPoint\",\"urlTemplate\":\"https:\/\/www.pressenza.com\/es\/?s={search_term_string}\"},\"query-input\":{\"@type\":\"PropertyValueSpecification\",\"valueRequired\":true,\"valueName\":\"search_term_string\"}}],\"inLanguage\":\"es\"},{\"@type\":\"Organization\",\"@id\":\"https:\/\/www.pressenza.com\/es\/#organization\",\"name\":\"Pressenza\",\"url\":\"https:\/\/www.pressenza.com\/es\/\",\"logo\":{\"@type\":\"ImageObject\",\"inLanguage\":\"es\",\"@id\":\"https:\/\/www.pressenza.com\/es\/#\/schema\/logo\/image\/\",\"url\":\"https:\/\/www.pressenza.com\/wp-content\/uploads\/2022\/10\/pressenza_logo_200x200.jpg\",\"contentUrl\":\"https:\/\/www.pressenza.com\/wp-content\/uploads\/2022\/10\/pressenza_logo_200x200.jpg\",\"width\":200,\"height\":200,\"caption\":\"Pressenza\"},\"image\":{\"@id\":\"https:\/\/www.pressenza.com\/es\/#\/schema\/logo\/image\/\"},\"sameAs\":[\"https:\/\/www.facebook.com\/PressenzaItalia\",\"https:\/\/x.com\/PressenzaIPA\"]},{\"@type\":\"Person\",\"@id\":\"https:\/\/www.pressenza.com\/es\/#\/schema\/person\/8abc53b92f3264e0dad4300d54ac73ff\",\"name\":\"Redacci\u00f3n Barcelona\",\"description\":\"News published by the Pressenza bureau in Barcelona, Spain\",\"sameAs\":[\"https:\/\/www.facebook.com\/Pressenza-Espaa-647854795301395\/timeline\/\",\"https:\/\/x.com\/pressenza\"],\"url\":\"https:\/\/www.pressenza.com\/es\/author\/redaccion-barcelona\/\"}]}<\/script>\n<!-- \/ Yoast SEO plugin. -->","yoast_head_json":{"title":"El virus y la pandemia del miedo capitalista","description":"La prevista recesi\u00f3n econ\u00f3mica del sistema capitalista en esta fase de poder de los mercados financieros, ha llegado esta vez de la mano de un virus, el\u00a0","robots":{"index":"index","follow":"follow","max-snippet":"max-snippet:-1","max-image-preview":"max-image-preview:large","max-video-preview":"max-video-preview:-1"},"canonical":"https:\/\/www.pressenza.com\/es\/2020\/03\/el-virus-y-la-pandemia-del-miedo-capitalista\/","og_locale":"es_ES","og_type":"article","og_title":"El virus y la pandemia del miedo capitalista","og_description":"La prevista recesi\u00f3n econ\u00f3mica del sistema capitalista en esta fase de poder de los mercados financieros, ha llegado esta vez de la mano de un virus, el\u00a0","og_url":"https:\/\/www.pressenza.com\/es\/2020\/03\/el-virus-y-la-pandemia-del-miedo-capitalista\/","og_site_name":"Pressenza","article_publisher":"https:\/\/www.facebook.com\/PressenzaItalia","article_author":"https:\/\/www.facebook.com\/Pressenza-Espaa-647854795301395\/timeline\/","article_published_time":"2020-03-29T18:47:54+00:00","og_image":[{"width":1600,"height":1200,"url":"https:\/\/www.pressenza.com\/wp-content\/uploads\/2020\/03\/IMG-20160516-WA0001.jpg","type":"image\/jpeg"}],"author":"Redacci\u00f3n Barcelona","twitter_card":"summary_large_image","twitter_creator":"@pressenza","twitter_site":"@PressenzaIPA","twitter_misc":{"Escrito por":"Redacci\u00f3n Barcelona","Tiempo de lectura":"8 minutos"},"schema":{"@context":"https:\/\/schema.org","@graph":[{"@type":"Article","@id":"https:\/\/www.pressenza.com\/es\/2020\/03\/el-virus-y-la-pandemia-del-miedo-capitalista\/#article","isPartOf":{"@id":"https:\/\/www.pressenza.com\/es\/2020\/03\/el-virus-y-la-pandemia-del-miedo-capitalista\/"},"author":{"name":"Redacci\u00f3n Barcelona","@id":"https:\/\/www.pressenza.com\/es\/#\/schema\/person\/8abc53b92f3264e0dad4300d54ac73ff"},"headline":"El virus y la pandemia del miedo capitalista","datePublished":"2020-03-29T18:47:54+00:00","mainEntityOfPage":{"@id":"https:\/\/www.pressenza.com\/es\/2020\/03\/el-virus-y-la-pandemia-del-miedo-capitalista\/"},"wordCount":1624,"publisher":{"@id":"https:\/\/www.pressenza.com\/es\/#organization"},"image":{"@id":"https:\/\/www.pressenza.com\/es\/2020\/03\/el-virus-y-la-pandemia-del-miedo-capitalista\/#primaryimage"},"thumbnailUrl":"https:\/\/www.pressenza.com\/wp-content\/uploads\/2020\/03\/IMG-20160516-WA0001.jpg","articleSection":["Contenido Original","Opiniones","Pol\u00edtica","Salud"],"inLanguage":"es"},{"@type":"WebPage","@id":"https:\/\/www.pressenza.com\/es\/2020\/03\/el-virus-y-la-pandemia-del-miedo-capitalista\/","url":"https:\/\/www.pressenza.com\/es\/2020\/03\/el-virus-y-la-pandemia-del-miedo-capitalista\/","name":"El virus y la pandemia del miedo capitalista","isPartOf":{"@id":"https:\/\/www.pressenza.com\/es\/#website"},"primaryImageOfPage":{"@id":"https:\/\/www.pressenza.com\/es\/2020\/03\/el-virus-y-la-pandemia-del-miedo-capitalista\/#primaryimage"},"image":{"@id":"https:\/\/www.pressenza.com\/es\/2020\/03\/el-virus-y-la-pandemia-del-miedo-capitalista\/#primaryimage"},"thumbnailUrl":"https:\/\/www.pressenza.com\/wp-content\/uploads\/2020\/03\/IMG-20160516-WA0001.jpg","datePublished":"2020-03-29T18:47:54+00:00","description":"La prevista recesi\u00f3n econ\u00f3mica del sistema capitalista en esta fase de poder de los mercados financieros, ha llegado esta vez de la mano de un virus, el\u00a0","breadcrumb":{"@id":"https:\/\/www.pressenza.com\/es\/2020\/03\/el-virus-y-la-pandemia-del-miedo-capitalista\/#breadcrumb"},"inLanguage":"es","potentialAction":[{"@type":"ReadAction","target":["https:\/\/www.pressenza.com\/es\/2020\/03\/el-virus-y-la-pandemia-del-miedo-capitalista\/"]}]},{"@type":"ImageObject","inLanguage":"es","@id":"https:\/\/www.pressenza.com\/es\/2020\/03\/el-virus-y-la-pandemia-del-miedo-capitalista\/#primaryimage","url":"https:\/\/www.pressenza.com\/wp-content\/uploads\/2020\/03\/IMG-20160516-WA0001.jpg","contentUrl":"https:\/\/www.pressenza.com\/wp-content\/uploads\/2020\/03\/IMG-20160516-WA0001.jpg","width":1600,"height":1200},{"@type":"BreadcrumbList","@id":"https:\/\/www.pressenza.com\/es\/2020\/03\/el-virus-y-la-pandemia-del-miedo-capitalista\/#breadcrumb","itemListElement":[{"@type":"ListItem","position":1,"name":"Accueil","item":"https:\/\/www.pressenza.com\/es\/"},{"@type":"ListItem","position":2,"name":"El virus y la pandemia del miedo capitalista"}]},{"@type":"WebSite","@id":"https:\/\/www.pressenza.com\/es\/#website","url":"https:\/\/www.pressenza.com\/es\/","name":"Pressenza","description":"International Press Agency","publisher":{"@id":"https:\/\/www.pressenza.com\/es\/#organization"},"potentialAction":[{"@type":"SearchAction","target":{"@type":"EntryPoint","urlTemplate":"https:\/\/www.pressenza.com\/es\/?s={search_term_string}"},"query-input":{"@type":"PropertyValueSpecification","valueRequired":true,"valueName":"search_term_string"}}],"inLanguage":"es"},{"@type":"Organization","@id":"https:\/\/www.pressenza.com\/es\/#organization","name":"Pressenza","url":"https:\/\/www.pressenza.com\/es\/","logo":{"@type":"ImageObject","inLanguage":"es","@id":"https:\/\/www.pressenza.com\/es\/#\/schema\/logo\/image\/","url":"https:\/\/www.pressenza.com\/wp-content\/uploads\/2022\/10\/pressenza_logo_200x200.jpg","contentUrl":"https:\/\/www.pressenza.com\/wp-content\/uploads\/2022\/10\/pressenza_logo_200x200.jpg","width":200,"height":200,"caption":"Pressenza"},"image":{"@id":"https:\/\/www.pressenza.com\/es\/#\/schema\/logo\/image\/"},"sameAs":["https:\/\/www.facebook.com\/PressenzaItalia","https:\/\/x.com\/PressenzaIPA"]},{"@type":"Person","@id":"https:\/\/www.pressenza.com\/es\/#\/schema\/person\/8abc53b92f3264e0dad4300d54ac73ff","name":"Redacci\u00f3n Barcelona","description":"News published by the Pressenza bureau in Barcelona, Spain","sameAs":["https:\/\/www.facebook.com\/Pressenza-Espaa-647854795301395\/timeline\/","https:\/\/x.com\/pressenza"],"url":"https:\/\/www.pressenza.com\/es\/author\/redaccion-barcelona\/"}]}},"place":"Catalunya - Elva Tenorio","original_article_url":"","_links":{"self":[{"href":"https:\/\/www.pressenza.com\/es\/wp-json\/wp\/v2\/posts\/1067513","targetHints":{"allow":["GET"]}}],"collection":[{"href":"https:\/\/www.pressenza.com\/es\/wp-json\/wp\/v2\/posts"}],"about":[{"href":"https:\/\/www.pressenza.com\/es\/wp-json\/wp\/v2\/types\/post"}],"author":[{"embeddable":true,"href":"https:\/\/www.pressenza.com\/es\/wp-json\/wp\/v2\/users\/1122"}],"replies":[{"embeddable":true,"href":"https:\/\/www.pressenza.com\/es\/wp-json\/wp\/v2\/comments?post=1067513"}],"version-history":[{"count":0,"href":"https:\/\/www.pressenza.com\/es\/wp-json\/wp\/v2\/posts\/1067513\/revisions"}],"wp:featuredmedia":[{"embeddable":true,"href":"https:\/\/www.pressenza.com\/es\/wp-json\/wp\/v2\/media\/1066971"}],"wp:attachment":[{"href":"https:\/\/www.pressenza.com\/es\/wp-json\/wp\/v2\/media?parent=1067513"}],"wp:term":[{"taxonomy":"category","embeddable":true,"href":"https:\/\/www.pressenza.com\/es\/wp-json\/wp\/v2\/categories?post=1067513"},{"taxonomy":"post_tag","embeddable":true,"href":"https:\/\/www.pressenza.com\/es\/wp-json\/wp\/v2\/tags?post=1067513"}],"curies":[{"name":"wp","href":"https:\/\/api.w.org\/{rel}","templated":true}]}}