{"id":1066935,"date":"2020-03-28T19:34:08","date_gmt":"2020-03-28T19:34:08","guid":{"rendered":"https:\/\/www.pressenza.com\/?p=1066935"},"modified":"2020-03-28T19:34:08","modified_gmt":"2020-03-28T19:34:08","slug":"el-sistema-capitalista-muere-ante-nosotros","status":"publish","type":"post","link":"https:\/\/www.pressenza.com\/es\/2020\/03\/el-sistema-capitalista-muere-ante-nosotros\/","title":{"rendered":"El Sistema Capitalista muere ante nosotros"},"content":{"rendered":"<p>Por Jos\u00e9 Rafael Quesada<\/p>\n<p>La gran mentira del sistema es un texto de Silo, Madrid, 1993, justo en la \u00e9poca que estaba enviando las \u00abCartas a mis amigos\u00bb, en que casi gritaba \u00ab&#8230; <em>Todo est\u00e1 montado para las c\u00fapulas, para las dirigencias, para los privilegiados, para un m\u00edsero 1% de la sociedad en el mundo. Creemos que es imperioso darle la vuelta a esto para que todo est\u00e9 al servicio del pueblo, de la totalidad de la gente<\/em>\u2026\u201d; d\u00f3nde casi se refiere a esta \u00e9poca y lo calcar\u00eda con algunas peque\u00f1as variantes despu\u00e9s de 30 a\u00f1os de ca\u00edda del socialismo y 27 a\u00f1os de proceso.<\/p>\n<p>En estos d\u00edas de corre y corre (casi todos entre la cocina y la sala), surgen las aves negras del capitalismo a defender el sistema a ultranza y gritos, los vemos desenfundar la lengua en las redes, los medios y las conferencias virtuales<\/p>\n<p>Pero tambi\u00e9n vemos (en medio de la aplicaci\u00f3n de cierres, cuarentena y datos estad\u00edsticos), la proliferaci\u00f3n de enga\u00f1o a la prensa y noticias falsas desde todos los bandos y ubicaciones \u00abideol\u00f3gicas\u00bb, m\u00e1s mentiras&#8230;, porque ya lo hemos dicho los humanistas con Silo a la cabeza, tambi\u00e9n la izquierda es mentirosa.<\/p>\n<p>Sea entonces, hace 30 a\u00f1os con la mirada desencajada, vimos las banderas agujereadas de las multitudes exigiendo cambio y luego los anuncios de la ca\u00edda de los reg\u00edmenes socialistas de casi todo el mundo y luego los anuncios victoriosos de los capitalistas celebrando la derrota un\u00e1nime de la otra cara del sistema.<\/p>\n<p>Y las dirigencias de la izquierda mundial, sin poder decir \u00abesta boca es m\u00eda\u00bb, inerme ante esa crucial derrota.<\/p>\n<p>Y pr\u00e1cticamente sin sangre en las calles, porque la violencia ya hab\u00eda dejado de ser \u201cpartera de la historia\u201d como proclamaron en una \u00e9poca militantes y militares.<\/p>\n<p>\u00bfC\u00f3mo ser\u00e1 la ca\u00edda de la otra parte del sistema? pregunt\u00f3 Silo en aquel momento&#8230; ser\u00e1 que caer\u00e1 el sistema capitalista y ojal\u00e1 sin derroches de sangre y guerras? ser\u00e1 que ser\u00e1 &#8230;<\/p>\n<p>Y bueno hoy pareciera, solo pareciera porque \u201cnunca se sabe\u201d, que estamos asistiendo a un extra\u00f1o pero r\u00e1pido vaciamiento del sistema capitalista y seguramente (ojal\u00e1), la ca\u00edda del otro lado de este sistema destructor de la vida y la conciencia de la gente<\/p>\n<p>Pero como suele ocurrir, las caras desencajadas a\u00fan est\u00e1n por verse y que adem\u00e1s pasen a creerlo.<\/p>\n<p>No significar\u00e1n nada los reclamos de los sectores progresistas, sindicales, de trabajadores, por cuanto tampoco tendr\u00edan ya nada que defender, porque todo estar\u00eda derruido, hasta el trabajo como le conocemos&#8230; esa vil forma de esclavismo del esp\u00edritu humano, que muchos seguir\u00e1n defendiendo, aunque desaparezca en acelerados saltos frente a nuestras narices.<\/p>\n<p>\u00bfAs\u00ed es entonces, estamos asistiendo a un momento de la historia de ca\u00edda del sistema y qu\u00e9 amanecer\u00e1 ma\u00f1ana en nuestras casas, las ciudades y el sentido de nuestras vidas?<\/p>\n<p>Amanecer\u00e1 lo que la gente pueda decidir con la libertad que nos dar\u00e1 la desastrosa ca\u00edda del sistema, sus instituciones moribundas o secas de muerte desde hace rato, la muerte de las bolsas y los mecanismos financieros que a\u00fan se resisten a morir&#8230; Todav\u00eda vemos en los foros a los agoreros de la banca, defender \u201cla solidez\u201d del sistema financiero local y global.<\/p>\n<p>Pero s\u00ed solo s\u00ed, que habr\u00e1 que llenarse de nuevas im\u00e1genes, nuevas de verdad, nuevas emociones, nuevos quehaceres y nuevas formas de sobrevivir y que parece s\u00f3lo ser\u00e1n posibles s\u00ed se hacen en conjunto (muchos ya lo declaran), y ser\u00e1 tambi\u00e9n olvidando mucho del pasado que hoy nos quiere agarrar por la cola y seguirse sosteniendo en nuestras cabezas.<\/p>\n<p>Y dejar de lado las falsas creencias y esperanzas de recuperaci\u00f3n de viejas instituciones, de viejos mitos sociales y tambi\u00e9n las falsas im\u00e1genes o referencias que nos quedan de este sistema otrora compuesto por los mitos capitalistas y socialistas, porque de todos modos ya no existen; as\u00ed que no se vale jugar al rescate de lo que no existe.<\/p>\n<p>Antes pensaba que hab\u00eda que construir sobre lo anterior o sostener lo bueno del pasado, pero ya no da chance; solo basta construir un nuevo mundo, una nueva sociedad ahora mundial de verdad, con sentido humano, con nuevas ideolog\u00edas, nuevo estilo espiritual y nueva forma de ubicarse en el mundo.<\/p>\n<p>Lo \u00fanico que queda es fundar una sociedad humanista o que defina su sentido a partir de elegir al ser humano como valor principal. Lo dem\u00e1s es lo de m\u00e1s. Lo que queda es afirmar que el nuevo mundo entonces ser\u00e1 Humanista o no lo ser\u00e1\u2026<\/p>\n<p>Buen d\u00eda y a dejar de creer las mentiras del sistema.<\/p>\n","protected":false},"excerpt":{"rendered":"<p>Por Jos\u00e9 Rafael Quesada La gran mentira del sistema es un texto de Silo, Madrid, 1993, justo en la \u00e9poca que estaba enviando las \u00abCartas a mis amigos\u00bb, en que casi gritaba \u00ab&#8230; Todo est\u00e1 montado para las c\u00fapulas, para&hellip;<\/p>\n","protected":false},"author":1788,"featured_media":1066940,"comment_status":"closed","ping_status":"closed","sticky":false,"template":"","format":"standard","meta":{"footnotes":""},"categories":[69,11389,81,161],"tags":[72984,17924],"class_list":["post-1066935","post","type-post","status-publish","format-standard","has-post-thumbnail","hentry","category-america-central","category-contenido-original","category-economia-es","category-opiniones","tag-nueva-sociedad","tag-sistema-capitalista"],"yoast_head":"<!-- This site is optimized with the Yoast SEO plugin v27.1.1 - https:\/\/yoast.com\/product\/yoast-seo-wordpress\/ -->\n<title>El Sistema Capitalista muere ante nosotros<\/title>\n<meta name=\"description\" content=\"El Sistema Capitalista muere ante nosotros\" \/>\n<meta name=\"robots\" content=\"index, follow, max-snippet:-1, max-image-preview:large, max-video-preview:-1\" \/>\n<link rel=\"canonical\" href=\"https:\/\/www.pressenza.com\/es\/2020\/03\/el-sistema-capitalista-muere-ante-nosotros\/\" \/>\n<meta property=\"og:locale\" content=\"es_ES\" \/>\n<meta property=\"og:type\" content=\"article\" \/>\n<meta property=\"og:title\" content=\"El Sistema Capitalista muere ante nosotros\" \/>\n<meta property=\"og:description\" content=\"El Sistema Capitalista muere ante nosotros\" \/>\n<meta property=\"og:url\" content=\"https:\/\/www.pressenza.com\/es\/2020\/03\/el-sistema-capitalista-muere-ante-nosotros\/\" \/>\n<meta property=\"og:site_name\" content=\"Pressenza\" \/>\n<meta property=\"article:publisher\" content=\"https:\/\/www.facebook.com\/PressenzaItalia\" \/>\n<meta property=\"article:published_time\" content=\"2020-03-28T19:34:08+00:00\" \/>\n<meta property=\"og:image\" content=\"https:\/\/www.pressenza.com\/wp-content\/uploads\/2020\/03\/futuro-abierto.jpg\" \/>\n\t<meta property=\"og:image:width\" content=\"960\" \/>\n\t<meta property=\"og:image:height\" content=\"720\" \/>\n\t<meta property=\"og:image:type\" content=\"image\/jpeg\" \/>\n<meta name=\"author\" content=\"Redacci\u00f3n Costa Rica\" \/>\n<meta name=\"twitter:card\" content=\"summary_large_image\" \/>\n<meta name=\"twitter:creator\" content=\"@PressenzaIPA\" \/>\n<meta name=\"twitter:site\" content=\"@PressenzaIPA\" \/>\n<meta name=\"twitter:label1\" content=\"Escrito por\" \/>\n\t<meta name=\"twitter:data1\" content=\"Redacci\u00f3n Costa Rica\" \/>\n\t<meta name=\"twitter:label2\" content=\"Tiempo de lectura\" \/>\n\t<meta name=\"twitter:data2\" content=\"4 minutos\" \/>\n<script type=\"application\/ld+json\" class=\"yoast-schema-graph\">{\"@context\":\"https:\/\/schema.org\",\"@graph\":[{\"@type\":\"Article\",\"@id\":\"https:\/\/www.pressenza.com\/es\/2020\/03\/el-sistema-capitalista-muere-ante-nosotros\/#article\",\"isPartOf\":{\"@id\":\"https:\/\/www.pressenza.com\/es\/2020\/03\/el-sistema-capitalista-muere-ante-nosotros\/\"},\"author\":{\"name\":\"Redacci\u00f3n Costa Rica\",\"@id\":\"https:\/\/www.pressenza.com\/es\/#\/schema\/person\/40c0d2f56a79b08b150584c99cb7f2f0\"},\"headline\":\"El Sistema Capitalista muere ante nosotros\",\"datePublished\":\"2020-03-28T19:34:08+00:00\",\"mainEntityOfPage\":{\"@id\":\"https:\/\/www.pressenza.com\/es\/2020\/03\/el-sistema-capitalista-muere-ante-nosotros\/\"},\"wordCount\":812,\"publisher\":{\"@id\":\"https:\/\/www.pressenza.com\/es\/#organization\"},\"image\":{\"@id\":\"https:\/\/www.pressenza.com\/es\/2020\/03\/el-sistema-capitalista-muere-ante-nosotros\/#primaryimage\"},\"thumbnailUrl\":\"https:\/\/www.pressenza.com\/wp-content\/uploads\/2020\/03\/futuro-abierto.jpg\",\"keywords\":[\"nueva sociedad\",\"sistema capitalista\"],\"articleSection\":[\"Am\u00e9rica Central\",\"Contenido Original\",\"Econom\u00eda\",\"Opiniones\"],\"inLanguage\":\"es\"},{\"@type\":\"WebPage\",\"@id\":\"https:\/\/www.pressenza.com\/es\/2020\/03\/el-sistema-capitalista-muere-ante-nosotros\/\",\"url\":\"https:\/\/www.pressenza.com\/es\/2020\/03\/el-sistema-capitalista-muere-ante-nosotros\/\",\"name\":\"El Sistema Capitalista muere ante nosotros\",\"isPartOf\":{\"@id\":\"https:\/\/www.pressenza.com\/es\/#website\"},\"primaryImageOfPage\":{\"@id\":\"https:\/\/www.pressenza.com\/es\/2020\/03\/el-sistema-capitalista-muere-ante-nosotros\/#primaryimage\"},\"image\":{\"@id\":\"https:\/\/www.pressenza.com\/es\/2020\/03\/el-sistema-capitalista-muere-ante-nosotros\/#primaryimage\"},\"thumbnailUrl\":\"https:\/\/www.pressenza.com\/wp-content\/uploads\/2020\/03\/futuro-abierto.jpg\",\"datePublished\":\"2020-03-28T19:34:08+00:00\",\"description\":\"El Sistema Capitalista muere ante nosotros\",\"breadcrumb\":{\"@id\":\"https:\/\/www.pressenza.com\/es\/2020\/03\/el-sistema-capitalista-muere-ante-nosotros\/#breadcrumb\"},\"inLanguage\":\"es\",\"potentialAction\":[{\"@type\":\"ReadAction\",\"target\":[\"https:\/\/www.pressenza.com\/es\/2020\/03\/el-sistema-capitalista-muere-ante-nosotros\/\"]}]},{\"@type\":\"ImageObject\",\"inLanguage\":\"es\",\"@id\":\"https:\/\/www.pressenza.com\/es\/2020\/03\/el-sistema-capitalista-muere-ante-nosotros\/#primaryimage\",\"url\":\"https:\/\/www.pressenza.com\/wp-content\/uploads\/2020\/03\/futuro-abierto.jpg\",\"contentUrl\":\"https:\/\/www.pressenza.com\/wp-content\/uploads\/2020\/03\/futuro-abierto.jpg\",\"width\":960,\"height\":720},{\"@type\":\"BreadcrumbList\",\"@id\":\"https:\/\/www.pressenza.com\/es\/2020\/03\/el-sistema-capitalista-muere-ante-nosotros\/#breadcrumb\",\"itemListElement\":[{\"@type\":\"ListItem\",\"position\":1,\"name\":\"Accueil\",\"item\":\"https:\/\/www.pressenza.com\/es\/\"},{\"@type\":\"ListItem\",\"position\":2,\"name\":\"El Sistema Capitalista muere ante nosotros\"}]},{\"@type\":\"WebSite\",\"@id\":\"https:\/\/www.pressenza.com\/es\/#website\",\"url\":\"https:\/\/www.pressenza.com\/es\/\",\"name\":\"Pressenza\",\"description\":\"International Press Agency\",\"publisher\":{\"@id\":\"https:\/\/www.pressenza.com\/es\/#organization\"},\"potentialAction\":[{\"@type\":\"SearchAction\",\"target\":{\"@type\":\"EntryPoint\",\"urlTemplate\":\"https:\/\/www.pressenza.com\/es\/?s={search_term_string}\"},\"query-input\":{\"@type\":\"PropertyValueSpecification\",\"valueRequired\":true,\"valueName\":\"search_term_string\"}}],\"inLanguage\":\"es\"},{\"@type\":\"Organization\",\"@id\":\"https:\/\/www.pressenza.com\/es\/#organization\",\"name\":\"Pressenza\",\"url\":\"https:\/\/www.pressenza.com\/es\/\",\"logo\":{\"@type\":\"ImageObject\",\"inLanguage\":\"es\",\"@id\":\"https:\/\/www.pressenza.com\/es\/#\/schema\/logo\/image\/\",\"url\":\"https:\/\/www.pressenza.com\/wp-content\/uploads\/2022\/10\/pressenza_logo_200x200.jpg\",\"contentUrl\":\"https:\/\/www.pressenza.com\/wp-content\/uploads\/2022\/10\/pressenza_logo_200x200.jpg\",\"width\":200,\"height\":200,\"caption\":\"Pressenza\"},\"image\":{\"@id\":\"https:\/\/www.pressenza.com\/es\/#\/schema\/logo\/image\/\"},\"sameAs\":[\"https:\/\/www.facebook.com\/PressenzaItalia\",\"https:\/\/x.com\/PressenzaIPA\"]},{\"@type\":\"Person\",\"@id\":\"https:\/\/www.pressenza.com\/es\/#\/schema\/person\/40c0d2f56a79b08b150584c99cb7f2f0\",\"name\":\"Redacci\u00f3n Costa Rica\",\"description\":\"News published by the Pressenza bureau in Costa Rica\",\"url\":\"https:\/\/www.pressenza.com\/es\/author\/redaccion-costa-rica\/\"}]}<\/script>\n<!-- \/ Yoast SEO plugin. -->","yoast_head_json":{"title":"El Sistema Capitalista muere ante nosotros","description":"El Sistema Capitalista muere ante nosotros","robots":{"index":"index","follow":"follow","max-snippet":"max-snippet:-1","max-image-preview":"max-image-preview:large","max-video-preview":"max-video-preview:-1"},"canonical":"https:\/\/www.pressenza.com\/es\/2020\/03\/el-sistema-capitalista-muere-ante-nosotros\/","og_locale":"es_ES","og_type":"article","og_title":"El Sistema Capitalista muere ante nosotros","og_description":"El Sistema Capitalista muere ante nosotros","og_url":"https:\/\/www.pressenza.com\/es\/2020\/03\/el-sistema-capitalista-muere-ante-nosotros\/","og_site_name":"Pressenza","article_publisher":"https:\/\/www.facebook.com\/PressenzaItalia","article_published_time":"2020-03-28T19:34:08+00:00","og_image":[{"width":960,"height":720,"url":"https:\/\/www.pressenza.com\/wp-content\/uploads\/2020\/03\/futuro-abierto.jpg","type":"image\/jpeg"}],"author":"Redacci\u00f3n Costa Rica","twitter_card":"summary_large_image","twitter_creator":"@PressenzaIPA","twitter_site":"@PressenzaIPA","twitter_misc":{"Escrito por":"Redacci\u00f3n Costa Rica","Tiempo de lectura":"4 minutos"},"schema":{"@context":"https:\/\/schema.org","@graph":[{"@type":"Article","@id":"https:\/\/www.pressenza.com\/es\/2020\/03\/el-sistema-capitalista-muere-ante-nosotros\/#article","isPartOf":{"@id":"https:\/\/www.pressenza.com\/es\/2020\/03\/el-sistema-capitalista-muere-ante-nosotros\/"},"author":{"name":"Redacci\u00f3n Costa Rica","@id":"https:\/\/www.pressenza.com\/es\/#\/schema\/person\/40c0d2f56a79b08b150584c99cb7f2f0"},"headline":"El Sistema Capitalista muere ante nosotros","datePublished":"2020-03-28T19:34:08+00:00","mainEntityOfPage":{"@id":"https:\/\/www.pressenza.com\/es\/2020\/03\/el-sistema-capitalista-muere-ante-nosotros\/"},"wordCount":812,"publisher":{"@id":"https:\/\/www.pressenza.com\/es\/#organization"},"image":{"@id":"https:\/\/www.pressenza.com\/es\/2020\/03\/el-sistema-capitalista-muere-ante-nosotros\/#primaryimage"},"thumbnailUrl":"https:\/\/www.pressenza.com\/wp-content\/uploads\/2020\/03\/futuro-abierto.jpg","keywords":["nueva sociedad","sistema capitalista"],"articleSection":["Am\u00e9rica Central","Contenido Original","Econom\u00eda","Opiniones"],"inLanguage":"es"},{"@type":"WebPage","@id":"https:\/\/www.pressenza.com\/es\/2020\/03\/el-sistema-capitalista-muere-ante-nosotros\/","url":"https:\/\/www.pressenza.com\/es\/2020\/03\/el-sistema-capitalista-muere-ante-nosotros\/","name":"El Sistema Capitalista muere ante nosotros","isPartOf":{"@id":"https:\/\/www.pressenza.com\/es\/#website"},"primaryImageOfPage":{"@id":"https:\/\/www.pressenza.com\/es\/2020\/03\/el-sistema-capitalista-muere-ante-nosotros\/#primaryimage"},"image":{"@id":"https:\/\/www.pressenza.com\/es\/2020\/03\/el-sistema-capitalista-muere-ante-nosotros\/#primaryimage"},"thumbnailUrl":"https:\/\/www.pressenza.com\/wp-content\/uploads\/2020\/03\/futuro-abierto.jpg","datePublished":"2020-03-28T19:34:08+00:00","description":"El Sistema Capitalista muere ante nosotros","breadcrumb":{"@id":"https:\/\/www.pressenza.com\/es\/2020\/03\/el-sistema-capitalista-muere-ante-nosotros\/#breadcrumb"},"inLanguage":"es","potentialAction":[{"@type":"ReadAction","target":["https:\/\/www.pressenza.com\/es\/2020\/03\/el-sistema-capitalista-muere-ante-nosotros\/"]}]},{"@type":"ImageObject","inLanguage":"es","@id":"https:\/\/www.pressenza.com\/es\/2020\/03\/el-sistema-capitalista-muere-ante-nosotros\/#primaryimage","url":"https:\/\/www.pressenza.com\/wp-content\/uploads\/2020\/03\/futuro-abierto.jpg","contentUrl":"https:\/\/www.pressenza.com\/wp-content\/uploads\/2020\/03\/futuro-abierto.jpg","width":960,"height":720},{"@type":"BreadcrumbList","@id":"https:\/\/www.pressenza.com\/es\/2020\/03\/el-sistema-capitalista-muere-ante-nosotros\/#breadcrumb","itemListElement":[{"@type":"ListItem","position":1,"name":"Accueil","item":"https:\/\/www.pressenza.com\/es\/"},{"@type":"ListItem","position":2,"name":"El Sistema Capitalista muere ante nosotros"}]},{"@type":"WebSite","@id":"https:\/\/www.pressenza.com\/es\/#website","url":"https:\/\/www.pressenza.com\/es\/","name":"Pressenza","description":"International Press Agency","publisher":{"@id":"https:\/\/www.pressenza.com\/es\/#organization"},"potentialAction":[{"@type":"SearchAction","target":{"@type":"EntryPoint","urlTemplate":"https:\/\/www.pressenza.com\/es\/?s={search_term_string}"},"query-input":{"@type":"PropertyValueSpecification","valueRequired":true,"valueName":"search_term_string"}}],"inLanguage":"es"},{"@type":"Organization","@id":"https:\/\/www.pressenza.com\/es\/#organization","name":"Pressenza","url":"https:\/\/www.pressenza.com\/es\/","logo":{"@type":"ImageObject","inLanguage":"es","@id":"https:\/\/www.pressenza.com\/es\/#\/schema\/logo\/image\/","url":"https:\/\/www.pressenza.com\/wp-content\/uploads\/2022\/10\/pressenza_logo_200x200.jpg","contentUrl":"https:\/\/www.pressenza.com\/wp-content\/uploads\/2022\/10\/pressenza_logo_200x200.jpg","width":200,"height":200,"caption":"Pressenza"},"image":{"@id":"https:\/\/www.pressenza.com\/es\/#\/schema\/logo\/image\/"},"sameAs":["https:\/\/www.facebook.com\/PressenzaItalia","https:\/\/x.com\/PressenzaIPA"]},{"@type":"Person","@id":"https:\/\/www.pressenza.com\/es\/#\/schema\/person\/40c0d2f56a79b08b150584c99cb7f2f0","name":"Redacci\u00f3n Costa Rica","description":"News published by the Pressenza bureau in Costa Rica","url":"https:\/\/www.pressenza.com\/es\/author\/redaccion-costa-rica\/"}]}},"place":"San Jos\u00e9 de Costa Rica","original_article_url":"","_links":{"self":[{"href":"https:\/\/www.pressenza.com\/es\/wp-json\/wp\/v2\/posts\/1066935","targetHints":{"allow":["GET"]}}],"collection":[{"href":"https:\/\/www.pressenza.com\/es\/wp-json\/wp\/v2\/posts"}],"about":[{"href":"https:\/\/www.pressenza.com\/es\/wp-json\/wp\/v2\/types\/post"}],"author":[{"embeddable":true,"href":"https:\/\/www.pressenza.com\/es\/wp-json\/wp\/v2\/users\/1788"}],"replies":[{"embeddable":true,"href":"https:\/\/www.pressenza.com\/es\/wp-json\/wp\/v2\/comments?post=1066935"}],"version-history":[{"count":0,"href":"https:\/\/www.pressenza.com\/es\/wp-json\/wp\/v2\/posts\/1066935\/revisions"}],"wp:featuredmedia":[{"embeddable":true,"href":"https:\/\/www.pressenza.com\/es\/wp-json\/wp\/v2\/media\/1066940"}],"wp:attachment":[{"href":"https:\/\/www.pressenza.com\/es\/wp-json\/wp\/v2\/media?parent=1066935"}],"wp:term":[{"taxonomy":"category","embeddable":true,"href":"https:\/\/www.pressenza.com\/es\/wp-json\/wp\/v2\/categories?post=1066935"},{"taxonomy":"post_tag","embeddable":true,"href":"https:\/\/www.pressenza.com\/es\/wp-json\/wp\/v2\/tags?post=1066935"}],"curies":[{"name":"wp","href":"https:\/\/api.w.org\/{rel}","templated":true}]}}