{"id":1064042,"date":"2020-03-23T22:39:23","date_gmt":"2020-03-23T22:39:23","guid":{"rendered":"https:\/\/www.pressenza.com\/?p=1064042"},"modified":"2020-03-23T22:39:23","modified_gmt":"2020-03-23T22:39:23","slug":"recomendaciones-para-evitar-el-estres-del-aislamiento","status":"publish","type":"post","link":"https:\/\/www.pressenza.com\/es\/2020\/03\/recomendaciones-para-evitar-el-estres-del-aislamiento\/","title":{"rendered":"Recomendaciones para evitar el estr\u00e9s del aislamiento"},"content":{"rendered":"<p>En esta situaci\u00f3n en particular, nos podemos encontrar perturbados, desorientados, enojados, contrariados, cansados, un poco o muy perdidos, o al menos desestabilizados. En otro art\u00edculo veremos lo positivo de todo esto. Mientras tanto, el malestar psicol\u00f3gico y pronto f\u00edsico podr\u00e1 ser mayor o menor.<\/p>\n<p>He aqu\u00ed algunos consejos psicof\u00edsicos para no \u201cperder el norte\u201d, tratando de mantenerse centrado, sin perder la energ\u00eda o la raz\u00f3n, dado que ambos son valiosos en \u00e9pocas problem\u00e1ticas.<\/p>\n<p>Recomendaci\u00f3n N\u00ba 1: DORMIR BIEN<\/p>\n<p>Es el elemento principal. Es una de las fuentes de energ\u00eda. Permite la recuperaci\u00f3n fisiol\u00f3gica diaria. Se divide en sue\u00f1o profundo (es durante este tiempo (1\/3) de sue\u00f1o que el cuerpo desintoxica y mejora naturalmente su sistema inmunol\u00f3gico) y en sue\u00f1o<\/p>\n<p>parad\u00f3jico (durante este lapso de tiempo (2\/3) se sue\u00f1a, integrando as\u00ed los acontecimientos del d\u00eda, haciendo conexiones con el pasado, ordenando su memoria inmediata y mediata).<\/p>\n<p>La valeriana y pasiflora son dos plantas que ayudan a dormir bien. As\u00ed como tambi\u00e9n ejercicios de respiraci\u00f3n profunda y abdominal antes de conciliar el sue\u00f1o.<\/p>\n<p>Recomendaci\u00f3n N\u00ba 2: COMER BIEN<\/p>\n<p>Una buena comida (sana) es uno de los principales elementos para nuestro sistema inmunol\u00f3gico y una de las energ\u00edas primarias. No saltear comidas. \u00a1No compensar la falta de (contacto social, de ejercicios, de perspectivas futuras) comiendo! Preferir alimentos sanos y llenos de energ\u00eda. Beber mucha agua. La desintoxicaci\u00f3n nocturna ser\u00e1 mejor. Consultar con un home\u00f3pata si es necesario.<\/p>\n<p>\u00a1Respirar mientras se come! Ayudar\u00e1 a tener la sensaci\u00f3n de saciedad.<\/p>\n<p>Recomendaci\u00f3n N\u00ba 3: CAMINAR.<\/p>\n<p>Si los gimnasios y el deporte colectivo no son posibles durante las pr\u00f3ximas semanas, aun as\u00ed, se debe continuar con el ejercicio de forma regular sin forzarlo demasiado. Tambi\u00e9n se puede aprovechar para descubrir nuevas actividades como el Qi Gong, Tai Chi, Yoga\u2026 hay videos muy buenos en internet.<\/p>\n<p>Compense los deportes habituales caminando. Caminar le permite trabajar todo: cardiovascular, respiratorio, digestivo, tendones y m\u00fasculos &#8230; Caminar solo, le permite \u00abdespejar la cabeza\u00bb, ordenar sus pensamientos. Camine a paso ligero: \u00a1el suyo!<\/p>\n<p>\u00a1Y mientras camina, respire!<\/p>\n<p>Recomendaci\u00f3n N\u00ba 4: CONECTARSE CON LOS DEM\u00c1S Y CON USTED MISMO<\/p>\n<p>Aproveche este tiempo para encontrar o comenzar una actividad creativa o art\u00edstica: es momento de bailar, pintar, dibujar, tocar alg\u00fan instrumento, decorar, renovar\u2026 Los pasatiempos creativos est\u00e1n de moda. \u00a1Aprov\u00e9chelos!<\/p>\n<p>Compense la falta de contacto social con la INTENCI\u00d3N de estar en contacto: llame a personas que est\u00e9n aisladas o solitarias, escribas postales bonitas, env\u00ede peque\u00f1os paquetes sorpresa, ayude a su vecino yendo a la farmacia por \u00e9l, etc.<\/p>\n<p>El aislamiento puede causar gran frustraci\u00f3n y provocar miedo a la soledad. Haga una lista de las personas con las que pueda hablar sobre sus preocupaciones. Luego preoc\u00fapese por los dem\u00e1s. Tambi\u00e9n puede expresar sus emociones por escrito.<\/p>\n<p>Cuando las emociones son muy fuertes y se desbordan: \u00a1Respire profundamente!<\/p>\n<p>Recomendaci\u00f3n N\u00ba 5: Canalice sus pensamientos.<\/p>\n<p>Aproveche este tiempo para desarrollar su curiosidad: leer, estudiar alguna cosa, informarse. Y para jugar, con los ni\u00f1os, pero tambi\u00e9n solo. El ejercicio intelectual canaliza los pensamientos, as\u00ed como la escritura.<\/p>\n<p>La mejor (y m\u00e1s agradable) forma de relajar la mente preocupada es buscar la belleza. Cualquier cosa que detenga por un momento\u00a0 nuestra mente en beneficio de lo maravilloso. Compartir lo que es bello tambi\u00e9n aumenta la relajaci\u00f3n de la tensi\u00f3n mental.<\/p>\n<p>La belleza es un soplo de aire fresco. \u00a1Ayuda a respirar bien!<\/p>\n<p><strong>Resumi\u00e9ndolo:<\/strong><\/p>\n<p>1. RESPIRAR<\/p>\n<p>Existen muchas t\u00e9cnicas: coherencia card\u00edaca, respiraci\u00f3n Y\u00f3guica, respiraci\u00f3n abdominal &#8230; Internet ofrece cientos de videos sobre este tema. Para hacer en familia o en solitario. \u00a1Es la mejor herramienta para controlar el estr\u00e9s!<\/p>\n<p>2. LOS DEM\u00c1S Y UNO MISMO<\/p>\n<p>Los seres humanos est\u00e1n en relaci\u00f3n consigo mismos. Por lo tanto, deber\u00eda cuidar esta relaci\u00f3n aprendiendo a escucharse, a estimarse (ni a sobreestimar ni a subestimar). La relajaci\u00f3n, por un lado, y la meditaci\u00f3n, por otro lado (no debe confundirse) contribuyen en gran medida a una mejor relaci\u00f3n con uno mismo.<\/p>\n<p>Los seres humanos son sociales: el aislamiento no quita este hecho ni impide la relaci\u00f3n con los dem\u00e1s. Es solo diferente temporalmente. Brindar ayuda y escuchar a tu alrededor es la mejor herramienta contra el p\u00e1nico o la soledad. Preferir el tel\u00e9fono a los mensajes de texto.<\/p>\n<p>\u00a1Recuerda que los abrazos son buenos! En el entorno en el que estamos encerrados: abrazar a los ni\u00f1os, ancianos y animales.<\/p>\n<p>3. EL FUTURO ES INCIERTO<\/p>\n<p>\u00bfQu\u00e9 pasar\u00eda si esta experiencia global, in\u00e9dita nos diera la oportunidad de pensar sobre la civilizaci\u00f3n del ma\u00f1ana? Todos son actores en su vida y son los \u00fanicos que pueden imaginar su futuro. \u00bfQu\u00e9 aspiraciones, sue\u00f1os, vocaciones nos habitan? \u00bfQu\u00e9 tal compartir estas im\u00e1genes? \u00bfQu\u00e9 pasa si nos ayuda a \u00abtrazar\u00bb el futuro?<\/p>\n<blockquote><p>\u00abEl futuro ser\u00e1 lo que yo haga de \u00e9l\u00bb<\/p><\/blockquote>\n<p><b>En conclusi\u00f3n<\/b><\/p>\n<p>Ahora m\u00e1s que nunca estamos llamados a ser coherentes con lo que hacemos, lo que sentimos y lo que pensamos. Es un camino que conduce a la concordancia con uno mismo. Si vamos en esta direcci\u00f3n plante\u00e1ndonos como regla de vida, tratar al otro como nos gustar\u00eda que nos traten, surge la sospecha de que podr\u00edamos avanzar hacia la sensaci\u00f3n de ser m\u00e1s \u00fatiles, m\u00e1s libres y m\u00e1s felices.<\/p>\n<blockquote><p><i>\u201cRecuerda que es necesario seguir adelante y que es necesario aprender a re\u00edr y que es necesario aprender a amar.\u201d <\/i>Silo, 1969, Punta de Vacas, Argentina.<\/p><\/blockquote>\n<hr \/>\n<p><em>Traducci\u00f3n del franc\u00e9s por Maria Paula Alvarez<br \/>\n<\/em><\/p>\n","protected":false},"excerpt":{"rendered":"<p>En esta situaci\u00f3n en particular, nos podemos encontrar perturbados, desorientados, enojados, contrariados, cansados, un poco o muy perdidos, o al menos desestabilizados. En otro art\u00edculo veremos lo positivo de todo esto. Mientras tanto, el malestar psicol\u00f3gico y pronto f\u00edsico podr\u00e1&hellip;<\/p>\n","protected":false},"author":1268,"featured_media":1061031,"comment_status":"closed","ping_status":"closed","sticky":false,"template":"","format":"standard","meta":{"footnotes":""},"categories":[11389,66,1240,161],"tags":[72736,70071,72737],"class_list":["post-1064042","post","type-post","status-publish","format-standard","has-post-thumbnail","hentry","category-contenido-original","category-europa-es","category-humanismo-espiritualidad","category-opiniones","tag-aislamiento","tag-coronavirus-es","tag-estres-y-aislamiento"],"yoast_head":"<!-- This site is optimized with the Yoast SEO plugin v27.1.1 - https:\/\/yoast.com\/product\/yoast-seo-wordpress\/ -->\n<title>Recomendaciones para evitar el estr\u00e9s del aislamiento<\/title>\n<meta name=\"description\" content=\"En esta situaci\u00f3n en particular, nos podemos encontrar perturbados, desorientados, enojados, contrariados, cansados, un poco o muy perdidos, o al menos\" \/>\n<meta name=\"robots\" content=\"index, follow, max-snippet:-1, max-image-preview:large, max-video-preview:-1\" \/>\n<link rel=\"canonical\" href=\"https:\/\/www.pressenza.com\/es\/2020\/03\/recomendaciones-para-evitar-el-estres-del-aislamiento\/\" \/>\n<meta property=\"og:locale\" content=\"es_ES\" \/>\n<meta property=\"og:type\" content=\"article\" \/>\n<meta property=\"og:title\" content=\"Recomendaciones para evitar el estr\u00e9s del aislamiento\" \/>\n<meta property=\"og:description\" content=\"En esta situaci\u00f3n en particular, nos podemos encontrar perturbados, desorientados, enojados, contrariados, cansados, un poco o muy perdidos, o al menos\" \/>\n<meta property=\"og:url\" content=\"https:\/\/www.pressenza.com\/es\/2020\/03\/recomendaciones-para-evitar-el-estres-del-aislamiento\/\" \/>\n<meta property=\"og:site_name\" content=\"Pressenza\" \/>\n<meta property=\"article:publisher\" content=\"https:\/\/www.facebook.com\/PressenzaItalia\" \/>\n<meta property=\"article:published_time\" content=\"2020-03-23T22:39:23+00:00\" \/>\n<meta property=\"og:image\" content=\"https:\/\/www.pressenza.com\/wp-content\/uploads\/2020\/03\/stress-mostafa-meraji.jpg\" \/>\n\t<meta property=\"og:image:width\" content=\"750\" \/>\n\t<meta property=\"og:image:height\" content=\"500\" \/>\n\t<meta property=\"og:image:type\" content=\"image\/jpeg\" \/>\n<meta name=\"author\" content=\"Claudie Baudoin\" \/>\n<meta name=\"twitter:card\" content=\"summary_large_image\" \/>\n<meta name=\"twitter:creator\" content=\"@PressenzaIPA\" \/>\n<meta name=\"twitter:site\" content=\"@PressenzaIPA\" \/>\n<meta name=\"twitter:label1\" content=\"Escrito por\" \/>\n\t<meta name=\"twitter:data1\" content=\"Claudie Baudoin\" \/>\n\t<meta name=\"twitter:label2\" content=\"Tiempo de lectura\" \/>\n\t<meta name=\"twitter:data2\" content=\"5 minutos\" \/>\n<script type=\"application\/ld+json\" class=\"yoast-schema-graph\">{\"@context\":\"https:\/\/schema.org\",\"@graph\":[{\"@type\":\"Article\",\"@id\":\"https:\/\/www.pressenza.com\/es\/2020\/03\/recomendaciones-para-evitar-el-estres-del-aislamiento\/#article\",\"isPartOf\":{\"@id\":\"https:\/\/www.pressenza.com\/es\/2020\/03\/recomendaciones-para-evitar-el-estres-del-aislamiento\/\"},\"author\":{\"name\":\"Claudie Baudoin\",\"@id\":\"https:\/\/www.pressenza.com\/es\/#\/schema\/person\/bbaae794a1d299c528a0f7cc8bd9a1a7\"},\"headline\":\"Recomendaciones para evitar el estr\u00e9s del aislamiento\",\"datePublished\":\"2020-03-23T22:39:23+00:00\",\"mainEntityOfPage\":{\"@id\":\"https:\/\/www.pressenza.com\/es\/2020\/03\/recomendaciones-para-evitar-el-estres-del-aislamiento\/\"},\"wordCount\":975,\"publisher\":{\"@id\":\"https:\/\/www.pressenza.com\/es\/#organization\"},\"image\":{\"@id\":\"https:\/\/www.pressenza.com\/es\/2020\/03\/recomendaciones-para-evitar-el-estres-del-aislamiento\/#primaryimage\"},\"thumbnailUrl\":\"https:\/\/www.pressenza.com\/wp-content\/uploads\/2020\/03\/stress-mostafa-meraji.jpg\",\"keywords\":[\"aislamiento\",\"coronav\u00edrus\",\"estr\u00e9s y aislamiento\"],\"articleSection\":[\"Contenido Original\",\"Europa\",\"Humanismo y Espiritualidad\",\"Opiniones\"],\"inLanguage\":\"es\"},{\"@type\":\"WebPage\",\"@id\":\"https:\/\/www.pressenza.com\/es\/2020\/03\/recomendaciones-para-evitar-el-estres-del-aislamiento\/\",\"url\":\"https:\/\/www.pressenza.com\/es\/2020\/03\/recomendaciones-para-evitar-el-estres-del-aislamiento\/\",\"name\":\"Recomendaciones para evitar el estr\u00e9s del aislamiento\",\"isPartOf\":{\"@id\":\"https:\/\/www.pressenza.com\/es\/#website\"},\"primaryImageOfPage\":{\"@id\":\"https:\/\/www.pressenza.com\/es\/2020\/03\/recomendaciones-para-evitar-el-estres-del-aislamiento\/#primaryimage\"},\"image\":{\"@id\":\"https:\/\/www.pressenza.com\/es\/2020\/03\/recomendaciones-para-evitar-el-estres-del-aislamiento\/#primaryimage\"},\"thumbnailUrl\":\"https:\/\/www.pressenza.com\/wp-content\/uploads\/2020\/03\/stress-mostafa-meraji.jpg\",\"datePublished\":\"2020-03-23T22:39:23+00:00\",\"description\":\"En esta situaci\u00f3n en particular, nos podemos encontrar perturbados, desorientados, enojados, contrariados, cansados, un poco o muy perdidos, o al menos\",\"breadcrumb\":{\"@id\":\"https:\/\/www.pressenza.com\/es\/2020\/03\/recomendaciones-para-evitar-el-estres-del-aislamiento\/#breadcrumb\"},\"inLanguage\":\"es\",\"potentialAction\":[{\"@type\":\"ReadAction\",\"target\":[\"https:\/\/www.pressenza.com\/es\/2020\/03\/recomendaciones-para-evitar-el-estres-del-aislamiento\/\"]}]},{\"@type\":\"ImageObject\",\"inLanguage\":\"es\",\"@id\":\"https:\/\/www.pressenza.com\/es\/2020\/03\/recomendaciones-para-evitar-el-estres-del-aislamiento\/#primaryimage\",\"url\":\"https:\/\/www.pressenza.com\/wp-content\/uploads\/2020\/03\/stress-mostafa-meraji.jpg\",\"contentUrl\":\"https:\/\/www.pressenza.com\/wp-content\/uploads\/2020\/03\/stress-mostafa-meraji.jpg\",\"width\":750,\"height\":500,\"caption\":\"Recommandations pour \u00e9viter le stress en confinement\"},{\"@type\":\"BreadcrumbList\",\"@id\":\"https:\/\/www.pressenza.com\/es\/2020\/03\/recomendaciones-para-evitar-el-estres-del-aislamiento\/#breadcrumb\",\"itemListElement\":[{\"@type\":\"ListItem\",\"position\":1,\"name\":\"Accueil\",\"item\":\"https:\/\/www.pressenza.com\/es\/\"},{\"@type\":\"ListItem\",\"position\":2,\"name\":\"Recomendaciones para evitar el estr\u00e9s del aislamiento\"}]},{\"@type\":\"WebSite\",\"@id\":\"https:\/\/www.pressenza.com\/es\/#website\",\"url\":\"https:\/\/www.pressenza.com\/es\/\",\"name\":\"Pressenza\",\"description\":\"International Press Agency\",\"publisher\":{\"@id\":\"https:\/\/www.pressenza.com\/es\/#organization\"},\"potentialAction\":[{\"@type\":\"SearchAction\",\"target\":{\"@type\":\"EntryPoint\",\"urlTemplate\":\"https:\/\/www.pressenza.com\/es\/?s={search_term_string}\"},\"query-input\":{\"@type\":\"PropertyValueSpecification\",\"valueRequired\":true,\"valueName\":\"search_term_string\"}}],\"inLanguage\":\"es\"},{\"@type\":\"Organization\",\"@id\":\"https:\/\/www.pressenza.com\/es\/#organization\",\"name\":\"Pressenza\",\"url\":\"https:\/\/www.pressenza.com\/es\/\",\"logo\":{\"@type\":\"ImageObject\",\"inLanguage\":\"es\",\"@id\":\"https:\/\/www.pressenza.com\/es\/#\/schema\/logo\/image\/\",\"url\":\"https:\/\/www.pressenza.com\/wp-content\/uploads\/2022\/10\/pressenza_logo_200x200.jpg\",\"contentUrl\":\"https:\/\/www.pressenza.com\/wp-content\/uploads\/2022\/10\/pressenza_logo_200x200.jpg\",\"width\":200,\"height\":200,\"caption\":\"Pressenza\"},\"image\":{\"@id\":\"https:\/\/www.pressenza.com\/es\/#\/schema\/logo\/image\/\"},\"sameAs\":[\"https:\/\/www.facebook.com\/PressenzaItalia\",\"https:\/\/x.com\/PressenzaIPA\"]},{\"@type\":\"Person\",\"@id\":\"https:\/\/www.pressenza.com\/es\/#\/schema\/person\/bbaae794a1d299c528a0f7cc8bd9a1a7\",\"name\":\"Claudie Baudoin\",\"description\":\"Psycho-sociologue de m\u00e9tier, l\u2019auteur est formatrice en d\u00e9veloppement personnel et ressources humaines dans le monde hospitalier o\u00f9 elle transmet au personnel soignant des outils de communication et de mieux-\u00eatre (pr\u00e9vention du burn-out, gestion de stress, de l\u2019agressivit\u00e9, des conflits et du temps). Elle accompagne \u00e9galement les particuliers dans les moments de transition ou des difficult\u00e9s, par la psychologie descriptive de l'image et du sens. claudie-baudoin.com\",\"url\":\"https:\/\/www.pressenza.com\/es\/author\/claudie-baudoin\/\"}]}<\/script>\n<!-- \/ Yoast SEO plugin. -->","yoast_head_json":{"title":"Recomendaciones para evitar el estr\u00e9s del aislamiento","description":"En esta situaci\u00f3n en particular, nos podemos encontrar perturbados, desorientados, enojados, contrariados, cansados, un poco o muy perdidos, o al menos","robots":{"index":"index","follow":"follow","max-snippet":"max-snippet:-1","max-image-preview":"max-image-preview:large","max-video-preview":"max-video-preview:-1"},"canonical":"https:\/\/www.pressenza.com\/es\/2020\/03\/recomendaciones-para-evitar-el-estres-del-aislamiento\/","og_locale":"es_ES","og_type":"article","og_title":"Recomendaciones para evitar el estr\u00e9s del aislamiento","og_description":"En esta situaci\u00f3n en particular, nos podemos encontrar perturbados, desorientados, enojados, contrariados, cansados, un poco o muy perdidos, o al menos","og_url":"https:\/\/www.pressenza.com\/es\/2020\/03\/recomendaciones-para-evitar-el-estres-del-aislamiento\/","og_site_name":"Pressenza","article_publisher":"https:\/\/www.facebook.com\/PressenzaItalia","article_published_time":"2020-03-23T22:39:23+00:00","og_image":[{"width":750,"height":500,"url":"https:\/\/www.pressenza.com\/wp-content\/uploads\/2020\/03\/stress-mostafa-meraji.jpg","type":"image\/jpeg"}],"author":"Claudie Baudoin","twitter_card":"summary_large_image","twitter_creator":"@PressenzaIPA","twitter_site":"@PressenzaIPA","twitter_misc":{"Escrito por":"Claudie Baudoin","Tiempo de lectura":"5 minutos"},"schema":{"@context":"https:\/\/schema.org","@graph":[{"@type":"Article","@id":"https:\/\/www.pressenza.com\/es\/2020\/03\/recomendaciones-para-evitar-el-estres-del-aislamiento\/#article","isPartOf":{"@id":"https:\/\/www.pressenza.com\/es\/2020\/03\/recomendaciones-para-evitar-el-estres-del-aislamiento\/"},"author":{"name":"Claudie Baudoin","@id":"https:\/\/www.pressenza.com\/es\/#\/schema\/person\/bbaae794a1d299c528a0f7cc8bd9a1a7"},"headline":"Recomendaciones para evitar el estr\u00e9s del aislamiento","datePublished":"2020-03-23T22:39:23+00:00","mainEntityOfPage":{"@id":"https:\/\/www.pressenza.com\/es\/2020\/03\/recomendaciones-para-evitar-el-estres-del-aislamiento\/"},"wordCount":975,"publisher":{"@id":"https:\/\/www.pressenza.com\/es\/#organization"},"image":{"@id":"https:\/\/www.pressenza.com\/es\/2020\/03\/recomendaciones-para-evitar-el-estres-del-aislamiento\/#primaryimage"},"thumbnailUrl":"https:\/\/www.pressenza.com\/wp-content\/uploads\/2020\/03\/stress-mostafa-meraji.jpg","keywords":["aislamiento","coronav\u00edrus","estr\u00e9s y aislamiento"],"articleSection":["Contenido Original","Europa","Humanismo y Espiritualidad","Opiniones"],"inLanguage":"es"},{"@type":"WebPage","@id":"https:\/\/www.pressenza.com\/es\/2020\/03\/recomendaciones-para-evitar-el-estres-del-aislamiento\/","url":"https:\/\/www.pressenza.com\/es\/2020\/03\/recomendaciones-para-evitar-el-estres-del-aislamiento\/","name":"Recomendaciones para evitar el estr\u00e9s del aislamiento","isPartOf":{"@id":"https:\/\/www.pressenza.com\/es\/#website"},"primaryImageOfPage":{"@id":"https:\/\/www.pressenza.com\/es\/2020\/03\/recomendaciones-para-evitar-el-estres-del-aislamiento\/#primaryimage"},"image":{"@id":"https:\/\/www.pressenza.com\/es\/2020\/03\/recomendaciones-para-evitar-el-estres-del-aislamiento\/#primaryimage"},"thumbnailUrl":"https:\/\/www.pressenza.com\/wp-content\/uploads\/2020\/03\/stress-mostafa-meraji.jpg","datePublished":"2020-03-23T22:39:23+00:00","description":"En esta situaci\u00f3n en particular, nos podemos encontrar perturbados, desorientados, enojados, contrariados, cansados, un poco o muy perdidos, o al menos","breadcrumb":{"@id":"https:\/\/www.pressenza.com\/es\/2020\/03\/recomendaciones-para-evitar-el-estres-del-aislamiento\/#breadcrumb"},"inLanguage":"es","potentialAction":[{"@type":"ReadAction","target":["https:\/\/www.pressenza.com\/es\/2020\/03\/recomendaciones-para-evitar-el-estres-del-aislamiento\/"]}]},{"@type":"ImageObject","inLanguage":"es","@id":"https:\/\/www.pressenza.com\/es\/2020\/03\/recomendaciones-para-evitar-el-estres-del-aislamiento\/#primaryimage","url":"https:\/\/www.pressenza.com\/wp-content\/uploads\/2020\/03\/stress-mostafa-meraji.jpg","contentUrl":"https:\/\/www.pressenza.com\/wp-content\/uploads\/2020\/03\/stress-mostafa-meraji.jpg","width":750,"height":500,"caption":"Recommandations pour \u00e9viter le stress en confinement"},{"@type":"BreadcrumbList","@id":"https:\/\/www.pressenza.com\/es\/2020\/03\/recomendaciones-para-evitar-el-estres-del-aislamiento\/#breadcrumb","itemListElement":[{"@type":"ListItem","position":1,"name":"Accueil","item":"https:\/\/www.pressenza.com\/es\/"},{"@type":"ListItem","position":2,"name":"Recomendaciones para evitar el estr\u00e9s del aislamiento"}]},{"@type":"WebSite","@id":"https:\/\/www.pressenza.com\/es\/#website","url":"https:\/\/www.pressenza.com\/es\/","name":"Pressenza","description":"International Press Agency","publisher":{"@id":"https:\/\/www.pressenza.com\/es\/#organization"},"potentialAction":[{"@type":"SearchAction","target":{"@type":"EntryPoint","urlTemplate":"https:\/\/www.pressenza.com\/es\/?s={search_term_string}"},"query-input":{"@type":"PropertyValueSpecification","valueRequired":true,"valueName":"search_term_string"}}],"inLanguage":"es"},{"@type":"Organization","@id":"https:\/\/www.pressenza.com\/es\/#organization","name":"Pressenza","url":"https:\/\/www.pressenza.com\/es\/","logo":{"@type":"ImageObject","inLanguage":"es","@id":"https:\/\/www.pressenza.com\/es\/#\/schema\/logo\/image\/","url":"https:\/\/www.pressenza.com\/wp-content\/uploads\/2022\/10\/pressenza_logo_200x200.jpg","contentUrl":"https:\/\/www.pressenza.com\/wp-content\/uploads\/2022\/10\/pressenza_logo_200x200.jpg","width":200,"height":200,"caption":"Pressenza"},"image":{"@id":"https:\/\/www.pressenza.com\/es\/#\/schema\/logo\/image\/"},"sameAs":["https:\/\/www.facebook.com\/PressenzaItalia","https:\/\/x.com\/PressenzaIPA"]},{"@type":"Person","@id":"https:\/\/www.pressenza.com\/es\/#\/schema\/person\/bbaae794a1d299c528a0f7cc8bd9a1a7","name":"Claudie Baudoin","description":"Psycho-sociologue de m\u00e9tier, l\u2019auteur est formatrice en d\u00e9veloppement personnel et ressources humaines dans le monde hospitalier o\u00f9 elle transmet au personnel soignant des outils de communication et de mieux-\u00eatre (pr\u00e9vention du burn-out, gestion de stress, de l\u2019agressivit\u00e9, des conflits et du temps). Elle accompagne \u00e9galement les particuliers dans les moments de transition ou des difficult\u00e9s, par la psychologie descriptive de l'image et du sens. claudie-baudoin.com","url":"https:\/\/www.pressenza.com\/es\/author\/claudie-baudoin\/"}]}},"place":"Francia","original_article_url":"","_links":{"self":[{"href":"https:\/\/www.pressenza.com\/es\/wp-json\/wp\/v2\/posts\/1064042","targetHints":{"allow":["GET"]}}],"collection":[{"href":"https:\/\/www.pressenza.com\/es\/wp-json\/wp\/v2\/posts"}],"about":[{"href":"https:\/\/www.pressenza.com\/es\/wp-json\/wp\/v2\/types\/post"}],"author":[{"embeddable":true,"href":"https:\/\/www.pressenza.com\/es\/wp-json\/wp\/v2\/users\/1268"}],"replies":[{"embeddable":true,"href":"https:\/\/www.pressenza.com\/es\/wp-json\/wp\/v2\/comments?post=1064042"}],"version-history":[{"count":0,"href":"https:\/\/www.pressenza.com\/es\/wp-json\/wp\/v2\/posts\/1064042\/revisions"}],"wp:featuredmedia":[{"embeddable":true,"href":"https:\/\/www.pressenza.com\/es\/wp-json\/wp\/v2\/media\/1061031"}],"wp:attachment":[{"href":"https:\/\/www.pressenza.com\/es\/wp-json\/wp\/v2\/media?parent=1064042"}],"wp:term":[{"taxonomy":"category","embeddable":true,"href":"https:\/\/www.pressenza.com\/es\/wp-json\/wp\/v2\/categories?post=1064042"},{"taxonomy":"post_tag","embeddable":true,"href":"https:\/\/www.pressenza.com\/es\/wp-json\/wp\/v2\/tags?post=1064042"}],"curies":[{"name":"wp","href":"https:\/\/api.w.org\/{rel}","templated":true}]}}