{"id":1062018,"date":"2020-03-20T15:46:16","date_gmt":"2020-03-20T15:46:16","guid":{"rendered":"https:\/\/www.pressenza.com\/?p=1062018"},"modified":"2020-03-20T15:46:16","modified_gmt":"2020-03-20T15:46:16","slug":"coronavirus-y-la-economia-chilena","status":"publish","type":"post","link":"https:\/\/www.pressenza.com\/es\/2020\/03\/coronavirus-y-la-economia-chilena\/","title":{"rendered":"Coronavirus y la econom\u00eda chilena"},"content":{"rendered":"<blockquote><p>Las medidas econ\u00f3micas recientemente propuestas por el Gobierno frente a la pandemia del coronavirus podr\u00e1n aliviar parcialmente el descalabro de las empresas y de los ingresos de los trabajadores; pero, no resolver\u00e1n la debilidad de un modelo econ\u00f3mico-social, con manifiesta vulnerabilidad internacional, social y de su propia estructura productiva.<\/p><\/blockquote>\n<p>Todo indica que la recesi\u00f3n mundial que anuncia el coronavirus ser\u00e1 muy superior a la del 2008 y pudiera acercarse a la crisis de los a\u00f1os treinta. Chile se ver\u00e1 gravemente afectado. \u00a0Nuestra econom\u00eda, exportadora de recursos naturales y abierta radicalmente al mundo ya se encontraba afectada por la disminuci\u00f3n de la actividad china, consecuencia de la guerra comercial que impuso Trump. Ahora, con el cierre de fronteras por el coronavirus, se acentuar\u00e1 a\u00fan m\u00e1s la ca\u00edda de los precios de las materias primas y consecuentemente el valor de nuestras exportaciones.<\/p>\n<p>Esto no es todo. Antes de la guerra comercial y del coronavirus, la econom\u00eda chilena mostraba una preocupante disminuci\u00f3n estructural del PIB y de la productividad. A ello se agreg\u00f3 el impacto de la rebeli\u00f3n social del 20 de octubre, lo que amplific\u00f3 el deterioro econ\u00f3mico del pa\u00eds. Ahora, con la pandemia del coronavirus el modelo econ\u00f3mico-social ingresar\u00e1 en una crisis de proporciones, poniendo de manifiesto todas sus fragilidades.<\/p>\n<p>Las medidas econ\u00f3micas recientemente propuestas por el Gobierno frente a la pandemia del coronavirus podr\u00e1n aliviar parcialmente el descalabro de las empresas y de los ingresos de los trabajadores; pero, no resolver\u00e1n la debilidad de un modelo econ\u00f3mico-social, con manifiesta vulnerabilidad internacional, social y de su propia estructura productiva.<\/p>\n<p>En consecuencia, resulta imprescindible impulsar un nuevo modelo econ\u00f3mico, que coloque en su centro la producci\u00f3n de bienes y servicios para responder a las necesidades de las personas, en vez de atender prioritariamente los requerimientos de la industrializaci\u00f3n China. Ha sido un error colocar todos los esfuerzos en la exportaci\u00f3n de recursos naturales.<\/p>\n<p>La contracci\u00f3n econ\u00f3mica China, la ca\u00edda de los precios de nuestras materias primas y el alza del valor del d\u00f3lar revelan en toda su dimensi\u00f3n nuestra fragilidad econ\u00f3mica. Se precisa diversificar la actividad productiva y las exportaciones. Al mismo tiempo, el Estado tiene la responsabilidad de regular al sector financiero para que se ponga al servicio de la producci\u00f3n, evitando su concentraci\u00f3n en actividades especulativas.<\/p>\n<p>Por otra parte, la mercantilizaci\u00f3n de la salud y la minimizaci\u00f3n del Estado han puesto de manifiesto nuestra debilidad para enfrentar el coronavirus. La capacidad del sistema de salud p\u00fablico se encuentra mermada para abordar la crisis sanitaria actual: insuficiencia de camas, falta de respiradores mec\u00e1nicos e incluso escasez de mascarillas y alcohol-gel. Y, paralelamente, la existencia de Isapres y cl\u00ednicas privadas, que obligan a pagar a sus afiliados altas sumas de dinero para el test del virus y su tratamiento.<\/p>\n<p>Una nueva econom\u00eda, centrada en la agregaci\u00f3n de valor a los bienes y servicios y que cierre las puertas a la especulaci\u00f3n financiera necesita una pol\u00edtica social distinta a la actual. La educaci\u00f3n, la salud y el sistema de pensiones deben atender por igual a toda la familia chilena, independientemente de sus condiciones de ingresos. Ello mostrar\u00eda una verdadera justicia distributiva, pero adem\u00e1s servir\u00eda a un sistema productivo que busca incorporar inteligencia a la producci\u00f3n de bienes y servicios.<\/p>\n<p>Una nueva econom\u00eda tampoco puede eludir la protecci\u00f3n del medio ambiente. Seg\u00fan la Xarxa d\u2019Economia Social i Solidaria (18-03-2020), el coronavirus es consecuencia de un sistema capitalista, productivista y devastador, que ha alterado el equilibrio de los ecosistemas. El urbanismo y la deforestaci\u00f3n, asociados a un tipo de crecimiento capitalista irracional obliga a muchos animales a migrar e instalarse cerca de los humanos, lo que multiplica las probabilidades de que microbios, pasen a las personas y muten en pat\u00f3genos.<\/p>\n<p>As\u00ed las cosas, se precisa de un Estado del Bienestar capaz de impulsar una econom\u00eda que reduzca su dependencia de los recursos naturales, que ponga t\u00e9rmino a la especulaci\u00f3n financiera, que potencie la regionalizaci\u00f3n y el cuidado del medio ambiente. Ello, junto a sistemas integrales de protecci\u00f3n social y un tejido comunitario y socioecon\u00f3mico resiliente nos permitir\u00e1n actuar, con mayor eficiencia, no s\u00f3lo frente al coronavirus y a otros desastres naturales, sino tambi\u00e9n ante impactos econ\u00f3micos externos. Por cierto, la modificaci\u00f3n productiva y una nueva pol\u00edtica social son tareas que exigen cambios pol\u00edticos de envergadura: reducir el poder del 1% y permitir a la mayor\u00eda nacional gobernar los asuntos del pa\u00eds.<\/p>\n<p>&nbsp;<\/p>\n","protected":false},"excerpt":{"rendered":"<p>Las medidas econ\u00f3micas recientemente propuestas por el Gobierno frente a la pandemia del coronavirus podr\u00e1n aliviar parcialmente el descalabro de las empresas y de los ingresos de los trabajadores; pero, no resolver\u00e1n la debilidad de un modelo econ\u00f3mico-social, con manifiesta&hellip;<\/p>\n","protected":false},"author":1451,"featured_media":1062029,"comment_status":"closed","ping_status":"closed","sticky":false,"template":"","format":"standard","meta":{"footnotes":""},"categories":[11389,81,161,67],"tags":[72517,737,69388,22905,652],"class_list":["post-1062018","post","type-post","status-publish","format-standard","has-post-thumbnail","hentry","category-contenido-original","category-economia-es","category-opiniones","category-sudamerica","tag-crisis-coronavirus","tag-economia-2","tag-ignacio-briones","tag-recesion","tag-sebastian-pinera"],"yoast_head":"<!-- This site is optimized with the Yoast SEO plugin v27.1.1 - https:\/\/yoast.com\/product\/yoast-seo-wordpress\/ -->\n<title>Coronavirus y la econom\u00eda chilena<\/title>\n<meta name=\"description\" content=\"Coronavirus y la econom\u00eda chilena\" \/>\n<meta name=\"robots\" content=\"index, follow, max-snippet:-1, max-image-preview:large, max-video-preview:-1\" \/>\n<link rel=\"canonical\" href=\"https:\/\/www.pressenza.com\/es\/2020\/03\/coronavirus-y-la-economia-chilena\/\" \/>\n<meta property=\"og:locale\" content=\"es_ES\" \/>\n<meta property=\"og:type\" content=\"article\" \/>\n<meta property=\"og:title\" content=\"Coronavirus y la econom\u00eda chilena\" \/>\n<meta property=\"og:description\" content=\"Coronavirus y la econom\u00eda chilena\" \/>\n<meta property=\"og:url\" content=\"https:\/\/www.pressenza.com\/es\/2020\/03\/coronavirus-y-la-economia-chilena\/\" \/>\n<meta property=\"og:site_name\" content=\"Pressenza\" \/>\n<meta property=\"article:publisher\" content=\"https:\/\/www.facebook.com\/PressenzaItalia\" \/>\n<meta property=\"article:published_time\" content=\"2020-03-20T15:46:16+00:00\" \/>\n<meta property=\"og:image\" content=\"https:\/\/www.pressenza.com\/wp-content\/uploads\/2020\/03\/briones-.jpg\" \/>\n\t<meta property=\"og:image:width\" content=\"900\" \/>\n\t<meta property=\"og:image:height\" content=\"600\" \/>\n\t<meta property=\"og:image:type\" content=\"image\/jpeg\" \/>\n<meta name=\"author\" content=\"Roberto Pizarro\" \/>\n<meta name=\"twitter:card\" content=\"summary_large_image\" \/>\n<meta name=\"twitter:creator\" content=\"@PressenzaIPA\" \/>\n<meta name=\"twitter:site\" content=\"@PressenzaIPA\" \/>\n<meta name=\"twitter:label1\" content=\"Escrito por\" \/>\n\t<meta name=\"twitter:data1\" content=\"Roberto Pizarro\" \/>\n\t<meta name=\"twitter:label2\" content=\"Tiempo de lectura\" \/>\n\t<meta name=\"twitter:data2\" content=\"4 minutos\" \/>\n<script type=\"application\/ld+json\" class=\"yoast-schema-graph\">{\"@context\":\"https:\/\/schema.org\",\"@graph\":[{\"@type\":\"Article\",\"@id\":\"https:\/\/www.pressenza.com\/es\/2020\/03\/coronavirus-y-la-economia-chilena\/#article\",\"isPartOf\":{\"@id\":\"https:\/\/www.pressenza.com\/es\/2020\/03\/coronavirus-y-la-economia-chilena\/\"},\"author\":{\"name\":\"Roberto Pizarro\",\"@id\":\"https:\/\/www.pressenza.com\/es\/#\/schema\/person\/622524797ea4e3bf162461cbc6b81e29\"},\"headline\":\"Coronavirus y la econom\u00eda chilena\",\"datePublished\":\"2020-03-20T15:46:16+00:00\",\"mainEntityOfPage\":{\"@id\":\"https:\/\/www.pressenza.com\/es\/2020\/03\/coronavirus-y-la-economia-chilena\/\"},\"wordCount\":799,\"publisher\":{\"@id\":\"https:\/\/www.pressenza.com\/es\/#organization\"},\"image\":{\"@id\":\"https:\/\/www.pressenza.com\/es\/2020\/03\/coronavirus-y-la-economia-chilena\/#primaryimage\"},\"thumbnailUrl\":\"https:\/\/www.pressenza.com\/wp-content\/uploads\/2020\/03\/briones-.jpg\",\"keywords\":[\"crisis coronavirus\",\"econom\u00eda\",\"Ignacio Briones\",\"recesi\u00f3n\",\"Sebasti\u00e1n Pi\u00f1era\"],\"articleSection\":[\"Contenido Original\",\"Econom\u00eda\",\"Opiniones\",\"Sudam\u00e9rica\"],\"inLanguage\":\"es\"},{\"@type\":\"WebPage\",\"@id\":\"https:\/\/www.pressenza.com\/es\/2020\/03\/coronavirus-y-la-economia-chilena\/\",\"url\":\"https:\/\/www.pressenza.com\/es\/2020\/03\/coronavirus-y-la-economia-chilena\/\",\"name\":\"Coronavirus y la econom\u00eda chilena\",\"isPartOf\":{\"@id\":\"https:\/\/www.pressenza.com\/es\/#website\"},\"primaryImageOfPage\":{\"@id\":\"https:\/\/www.pressenza.com\/es\/2020\/03\/coronavirus-y-la-economia-chilena\/#primaryimage\"},\"image\":{\"@id\":\"https:\/\/www.pressenza.com\/es\/2020\/03\/coronavirus-y-la-economia-chilena\/#primaryimage\"},\"thumbnailUrl\":\"https:\/\/www.pressenza.com\/wp-content\/uploads\/2020\/03\/briones-.jpg\",\"datePublished\":\"2020-03-20T15:46:16+00:00\",\"description\":\"Coronavirus y la econom\u00eda chilena\",\"breadcrumb\":{\"@id\":\"https:\/\/www.pressenza.com\/es\/2020\/03\/coronavirus-y-la-economia-chilena\/#breadcrumb\"},\"inLanguage\":\"es\",\"potentialAction\":[{\"@type\":\"ReadAction\",\"target\":[\"https:\/\/www.pressenza.com\/es\/2020\/03\/coronavirus-y-la-economia-chilena\/\"]}]},{\"@type\":\"ImageObject\",\"inLanguage\":\"es\",\"@id\":\"https:\/\/www.pressenza.com\/es\/2020\/03\/coronavirus-y-la-economia-chilena\/#primaryimage\",\"url\":\"https:\/\/www.pressenza.com\/wp-content\/uploads\/2020\/03\/briones-.jpg\",\"contentUrl\":\"https:\/\/www.pressenza.com\/wp-content\/uploads\/2020\/03\/briones-.jpg\",\"width\":900,\"height\":600},{\"@type\":\"BreadcrumbList\",\"@id\":\"https:\/\/www.pressenza.com\/es\/2020\/03\/coronavirus-y-la-economia-chilena\/#breadcrumb\",\"itemListElement\":[{\"@type\":\"ListItem\",\"position\":1,\"name\":\"Accueil\",\"item\":\"https:\/\/www.pressenza.com\/es\/\"},{\"@type\":\"ListItem\",\"position\":2,\"name\":\"Coronavirus y la econom\u00eda chilena\"}]},{\"@type\":\"WebSite\",\"@id\":\"https:\/\/www.pressenza.com\/es\/#website\",\"url\":\"https:\/\/www.pressenza.com\/es\/\",\"name\":\"Pressenza\",\"description\":\"International Press Agency\",\"publisher\":{\"@id\":\"https:\/\/www.pressenza.com\/es\/#organization\"},\"potentialAction\":[{\"@type\":\"SearchAction\",\"target\":{\"@type\":\"EntryPoint\",\"urlTemplate\":\"https:\/\/www.pressenza.com\/es\/?s={search_term_string}\"},\"query-input\":{\"@type\":\"PropertyValueSpecification\",\"valueRequired\":true,\"valueName\":\"search_term_string\"}}],\"inLanguage\":\"es\"},{\"@type\":\"Organization\",\"@id\":\"https:\/\/www.pressenza.com\/es\/#organization\",\"name\":\"Pressenza\",\"url\":\"https:\/\/www.pressenza.com\/es\/\",\"logo\":{\"@type\":\"ImageObject\",\"inLanguage\":\"es\",\"@id\":\"https:\/\/www.pressenza.com\/es\/#\/schema\/logo\/image\/\",\"url\":\"https:\/\/www.pressenza.com\/wp-content\/uploads\/2022\/10\/pressenza_logo_200x200.jpg\",\"contentUrl\":\"https:\/\/www.pressenza.com\/wp-content\/uploads\/2022\/10\/pressenza_logo_200x200.jpg\",\"width\":200,\"height\":200,\"caption\":\"Pressenza\"},\"image\":{\"@id\":\"https:\/\/www.pressenza.com\/es\/#\/schema\/logo\/image\/\"},\"sameAs\":[\"https:\/\/www.facebook.com\/PressenzaItalia\",\"https:\/\/x.com\/PressenzaIPA\"]},{\"@type\":\"Person\",\"@id\":\"https:\/\/www.pressenza.com\/es\/#\/schema\/person\/622524797ea4e3bf162461cbc6b81e29\",\"name\":\"Roberto Pizarro\",\"url\":\"https:\/\/www.pressenza.com\/es\/author\/roberto-pizarro\/\"}]}<\/script>\n<!-- \/ Yoast SEO plugin. -->","yoast_head_json":{"title":"Coronavirus y la econom\u00eda chilena","description":"Coronavirus y la econom\u00eda chilena","robots":{"index":"index","follow":"follow","max-snippet":"max-snippet:-1","max-image-preview":"max-image-preview:large","max-video-preview":"max-video-preview:-1"},"canonical":"https:\/\/www.pressenza.com\/es\/2020\/03\/coronavirus-y-la-economia-chilena\/","og_locale":"es_ES","og_type":"article","og_title":"Coronavirus y la econom\u00eda chilena","og_description":"Coronavirus y la econom\u00eda chilena","og_url":"https:\/\/www.pressenza.com\/es\/2020\/03\/coronavirus-y-la-economia-chilena\/","og_site_name":"Pressenza","article_publisher":"https:\/\/www.facebook.com\/PressenzaItalia","article_published_time":"2020-03-20T15:46:16+00:00","og_image":[{"width":900,"height":600,"url":"https:\/\/www.pressenza.com\/wp-content\/uploads\/2020\/03\/briones-.jpg","type":"image\/jpeg"}],"author":"Roberto Pizarro","twitter_card":"summary_large_image","twitter_creator":"@PressenzaIPA","twitter_site":"@PressenzaIPA","twitter_misc":{"Escrito por":"Roberto Pizarro","Tiempo de lectura":"4 minutos"},"schema":{"@context":"https:\/\/schema.org","@graph":[{"@type":"Article","@id":"https:\/\/www.pressenza.com\/es\/2020\/03\/coronavirus-y-la-economia-chilena\/#article","isPartOf":{"@id":"https:\/\/www.pressenza.com\/es\/2020\/03\/coronavirus-y-la-economia-chilena\/"},"author":{"name":"Roberto Pizarro","@id":"https:\/\/www.pressenza.com\/es\/#\/schema\/person\/622524797ea4e3bf162461cbc6b81e29"},"headline":"Coronavirus y la econom\u00eda chilena","datePublished":"2020-03-20T15:46:16+00:00","mainEntityOfPage":{"@id":"https:\/\/www.pressenza.com\/es\/2020\/03\/coronavirus-y-la-economia-chilena\/"},"wordCount":799,"publisher":{"@id":"https:\/\/www.pressenza.com\/es\/#organization"},"image":{"@id":"https:\/\/www.pressenza.com\/es\/2020\/03\/coronavirus-y-la-economia-chilena\/#primaryimage"},"thumbnailUrl":"https:\/\/www.pressenza.com\/wp-content\/uploads\/2020\/03\/briones-.jpg","keywords":["crisis coronavirus","econom\u00eda","Ignacio Briones","recesi\u00f3n","Sebasti\u00e1n Pi\u00f1era"],"articleSection":["Contenido Original","Econom\u00eda","Opiniones","Sudam\u00e9rica"],"inLanguage":"es"},{"@type":"WebPage","@id":"https:\/\/www.pressenza.com\/es\/2020\/03\/coronavirus-y-la-economia-chilena\/","url":"https:\/\/www.pressenza.com\/es\/2020\/03\/coronavirus-y-la-economia-chilena\/","name":"Coronavirus y la econom\u00eda chilena","isPartOf":{"@id":"https:\/\/www.pressenza.com\/es\/#website"},"primaryImageOfPage":{"@id":"https:\/\/www.pressenza.com\/es\/2020\/03\/coronavirus-y-la-economia-chilena\/#primaryimage"},"image":{"@id":"https:\/\/www.pressenza.com\/es\/2020\/03\/coronavirus-y-la-economia-chilena\/#primaryimage"},"thumbnailUrl":"https:\/\/www.pressenza.com\/wp-content\/uploads\/2020\/03\/briones-.jpg","datePublished":"2020-03-20T15:46:16+00:00","description":"Coronavirus y la econom\u00eda chilena","breadcrumb":{"@id":"https:\/\/www.pressenza.com\/es\/2020\/03\/coronavirus-y-la-economia-chilena\/#breadcrumb"},"inLanguage":"es","potentialAction":[{"@type":"ReadAction","target":["https:\/\/www.pressenza.com\/es\/2020\/03\/coronavirus-y-la-economia-chilena\/"]}]},{"@type":"ImageObject","inLanguage":"es","@id":"https:\/\/www.pressenza.com\/es\/2020\/03\/coronavirus-y-la-economia-chilena\/#primaryimage","url":"https:\/\/www.pressenza.com\/wp-content\/uploads\/2020\/03\/briones-.jpg","contentUrl":"https:\/\/www.pressenza.com\/wp-content\/uploads\/2020\/03\/briones-.jpg","width":900,"height":600},{"@type":"BreadcrumbList","@id":"https:\/\/www.pressenza.com\/es\/2020\/03\/coronavirus-y-la-economia-chilena\/#breadcrumb","itemListElement":[{"@type":"ListItem","position":1,"name":"Accueil","item":"https:\/\/www.pressenza.com\/es\/"},{"@type":"ListItem","position":2,"name":"Coronavirus y la econom\u00eda chilena"}]},{"@type":"WebSite","@id":"https:\/\/www.pressenza.com\/es\/#website","url":"https:\/\/www.pressenza.com\/es\/","name":"Pressenza","description":"International Press Agency","publisher":{"@id":"https:\/\/www.pressenza.com\/es\/#organization"},"potentialAction":[{"@type":"SearchAction","target":{"@type":"EntryPoint","urlTemplate":"https:\/\/www.pressenza.com\/es\/?s={search_term_string}"},"query-input":{"@type":"PropertyValueSpecification","valueRequired":true,"valueName":"search_term_string"}}],"inLanguage":"es"},{"@type":"Organization","@id":"https:\/\/www.pressenza.com\/es\/#organization","name":"Pressenza","url":"https:\/\/www.pressenza.com\/es\/","logo":{"@type":"ImageObject","inLanguage":"es","@id":"https:\/\/www.pressenza.com\/es\/#\/schema\/logo\/image\/","url":"https:\/\/www.pressenza.com\/wp-content\/uploads\/2022\/10\/pressenza_logo_200x200.jpg","contentUrl":"https:\/\/www.pressenza.com\/wp-content\/uploads\/2022\/10\/pressenza_logo_200x200.jpg","width":200,"height":200,"caption":"Pressenza"},"image":{"@id":"https:\/\/www.pressenza.com\/es\/#\/schema\/logo\/image\/"},"sameAs":["https:\/\/www.facebook.com\/PressenzaItalia","https:\/\/x.com\/PressenzaIPA"]},{"@type":"Person","@id":"https:\/\/www.pressenza.com\/es\/#\/schema\/person\/622524797ea4e3bf162461cbc6b81e29","name":"Roberto Pizarro","url":"https:\/\/www.pressenza.com\/es\/author\/roberto-pizarro\/"}]}},"place":"Santiago de Chile","original_article_url":"","_links":{"self":[{"href":"https:\/\/www.pressenza.com\/es\/wp-json\/wp\/v2\/posts\/1062018","targetHints":{"allow":["GET"]}}],"collection":[{"href":"https:\/\/www.pressenza.com\/es\/wp-json\/wp\/v2\/posts"}],"about":[{"href":"https:\/\/www.pressenza.com\/es\/wp-json\/wp\/v2\/types\/post"}],"author":[{"embeddable":true,"href":"https:\/\/www.pressenza.com\/es\/wp-json\/wp\/v2\/users\/1451"}],"replies":[{"embeddable":true,"href":"https:\/\/www.pressenza.com\/es\/wp-json\/wp\/v2\/comments?post=1062018"}],"version-history":[{"count":0,"href":"https:\/\/www.pressenza.com\/es\/wp-json\/wp\/v2\/posts\/1062018\/revisions"}],"wp:featuredmedia":[{"embeddable":true,"href":"https:\/\/www.pressenza.com\/es\/wp-json\/wp\/v2\/media\/1062029"}],"wp:attachment":[{"href":"https:\/\/www.pressenza.com\/es\/wp-json\/wp\/v2\/media?parent=1062018"}],"wp:term":[{"taxonomy":"category","embeddable":true,"href":"https:\/\/www.pressenza.com\/es\/wp-json\/wp\/v2\/categories?post=1062018"},{"taxonomy":"post_tag","embeddable":true,"href":"https:\/\/www.pressenza.com\/es\/wp-json\/wp\/v2\/tags?post=1062018"}],"curies":[{"name":"wp","href":"https:\/\/api.w.org\/{rel}","templated":true}]}}