{"id":1060775,"date":"2020-03-18T14:10:51","date_gmt":"2020-03-18T14:10:51","guid":{"rendered":"https:\/\/www.pressenza.com\/?p=1060775"},"modified":"2020-03-18T14:10:51","modified_gmt":"2020-03-18T14:10:51","slug":"la-red-de-desarrollo-social-aboga-por-directivas-mas-claras-y-un-plan-integral-que-involucre-a-los-sectores-mas-pobres-y-a-los-trabajadores-de-salud-de-primera-linea","status":"publish","type":"post","link":"https:\/\/www.pressenza.com\/es\/2020\/03\/la-red-de-desarrollo-social-aboga-por-directivas-mas-claras-y-un-plan-integral-que-involucre-a-los-sectores-mas-pobres-y-a-los-trabajadores-de-salud-de-primera-linea\/","title":{"rendered":"La Red de Desarrollo Social aboga por directivas m\u00e1s claras y un plan integral que involucre a los sectores m\u00e1s pobres y a los trabajadores de salud de primera l\u00ednea"},"content":{"rendered":"<p style=\"text-align: center;\"><strong>Comunicado de Prensa de PMPI<\/strong><\/p>\n<p>En lugar de ser esclarecida y sentirse a salvo, la gente se ha frustrado y confundido m\u00e1s, tras la conferencia de prensa del Presidente Rodrigo Duterte del 12 de marzo de 2020, como se muestra en muchas publicaciones de las redes sociales. La conferencia de prensa fue muy esperada debido al anuncio previo de la Organizaci\u00f3n Mundial de la Salud (WHO) de que la propagaci\u00f3n es ahora una pandemia y el aumento continuo de las cifras monitoreadas en el pa\u00eds. La gente esperaba escuchar los planes de gobierno para manejar la propagaci\u00f3n de la enfermedad del coronavirus 2019 (COVID-19).<\/p>\n<p>El presidente declar\u00f3 una cuarentena comunitaria de un mes a partir del 15 de marzo hasta el 12 de abril. Sin embargo, apenas ley\u00f3 la resoluci\u00f3n propuesta por el grupo de trabajo interinstitucional sobre el COVID-19, prometi\u00f3 que pronto se publicar\u00e1 una orden ejecutiva con m\u00e1s detalles,\u00a0 dando a los diferentes organismos gubernamentales la tarea de detallar las medidas para detener la propagaci\u00f3n del virus mortal .<\/p>\n<p>Yolanda Esguerra, Coordinadora Nacional del PMPI dijo: \u201cEsto es inaceptable. Lo que queremos o\u00edr de un Presidente es un plan de acci\u00f3n decisivo y concreto para detener el contagio, especialmente detallando medidas para los sectores m\u00e1s vulnerables de su pa\u00eds. Dar un plazo para implementar el cierre es abrir una ventana m\u00e1s amplia a la propagaci\u00f3n del virus por todo el pa\u00eds\u00a0 en lugar de contenerlo\u201d.<\/p>\n<p>En medio del continuo y r\u00e1pido aumento del n\u00famero de casos confirmados de COVID-19 y de muertes, parece que el Departamento de Salud (DOH) se esfuerza por controlar, rastrear e informar sobre los casos.<\/p>\n<p>Cecil de Joya, del Grupo Acci\u00f3n M\u00e9dica dijo: \u201cLos filipinos necesitan informaci\u00f3n veraz y r\u00e1pida de los casos. Entendemos el principio de confidencialidad de los infectados. Pero como m\u00ednimo, esperamos que se revele plenamente la ubicaci\u00f3n de estos casos para concienciar a sus comunidades y tener un cuidado extra en sus compromisos sociales\u201d.<\/p>\n<p>Citando positivamente las r\u00e1pidas respuestas de las escuelas y de algunos gobiernos locales afectados, el grupo reiter\u00f3 que los ni\u00f1os, los ancianos y las personas con problemas de salud deben ser identificados y atendidos a nivel de barangay (nombre del\u00a0 gobierno local). La estructura de presentaci\u00f3n de informes y vigilancia a nivel de barangay a trav\u00e9s de los BHW (Barangay Health Worker, Trabajadores de Salud de Barangay) deber\u00eda incorporarse al plan. Adem\u00e1s de los grupos vulnerables de una comunidad, las necesidades de las comunidades m\u00e1s pobres y sectores como los pobres urbanos, los trabajadores ordinarios que perder\u00e1n sus salarios diarios debido a la cuarentena en NCR (Regi\u00f3n de la Capital de la Naci\u00f3n) deber\u00edan recibir apoyo del gobierno.<\/p>\n<p>Alice Murphy de Urban Poor Associates dijo: \u201c\u00bfEstamos siendo estafados? Incluso cuando el gobierno anunci\u00f3 que el test ser\u00e1 asumido por Philhealth, en la pr\u00e1ctica nos enteramos de que el tratamiento de la enfermedad no estaba subvencionado, y la gente tendr\u00e1 que soportar la carga de pagar el alto costo del equipo de prueba. Esto no es s\u00f3lo una pandemia, sino un pandem\u00f3nium. El tratamiento deber\u00eda ser gratuito o al menos socializado especialmente para las personas que no pueden pagarlo\u201d.<\/p>\n<p>Madeleine Su\u00e1rez, presidenta de la APOAMF (The Alliance of Peoples&#8217; Organizations Along Manggahan Floodway, Alianza de las Organizaciones de los Pueblos a lo largo de la Cuenca del Manggahan) en P\u00e1sig, expres\u00f3: \u201cEste asunto se ha convertido en un asunto clasista. Son las comunidades urbanas pobres, las que viven con lo que ganan al d\u00eda, las que se ver\u00e1n muy afectadas por esta emergencia sanitaria. Los jornaleros estar\u00e1n desempleados y los que tengan negocios peque\u00f1os e informales no tendr\u00e1n clientes debido a la suspensi\u00f3n del trabajo y el trabajo a distancia\u201d.<\/p>\n<p>Aunque el PMPI pide una mejor protecci\u00f3n para los m\u00e1s pobres de la sociedad, tambi\u00e9n pide al gobierno que garantice la seguridad general del p\u00fablico. Piden al gobierno que aumente o libere un presupuesto suplementario lo antes posible para a\u00f1adirlo al exiguo presupuesto de salud asignado por nuestros legisladores al Departamento. Piden al DOH (Departmen of Health, Departamento de Salud) que establezca directrices m\u00e1s claras sobre el establecimiento de una estructura nacional para la supervisi\u00f3n, la presentaci\u00f3n de informes y el cuidado de las UIP, involucrando a los barangays. Tambi\u00e9n piden al DOH que desarrolle una plataforma de consulta electr\u00f3nica donde el p\u00fablico pueda reportar y hacer preguntas sobre el Covid19.<\/p>\n<p>El grupo tambi\u00e9n elogi\u00f3 a nuestros m\u00e9dicos y cient\u00edficos de la Universidad de Filipinas que han desarrollado un testeo que es mucho m\u00e1s barato que obtenerlo fuera de Filipinas. Piden al gobierno que asigne y libere de inmediato el presupuesto necesario para aumentar la producci\u00f3n local del equipo de pruebas a fin de ponerlo a disposici\u00f3n del mayor n\u00famero posible de filipinos. No tenemos que depender s\u00f3lo de la exportaci\u00f3n de costosos equipos de prueba y\u00a0 de otros pa\u00edses como China para que nos ayuden, seg\u00fan la declaraci\u00f3n.<\/p>\n<p>Adem\u00e1s, pide a la poblaci\u00f3n que coopere y garantice la limpieza y seguridad dentro de sus propias capacidades. Permanecer en casa deber\u00eda ser la norma por ahora. Salir solo cuando sea necesario, para comprar suministros y alimentos para la familia. Para los trabajadores de la l\u00ednea de producci\u00f3n de alimentos, servicios p\u00fablicos estrat\u00e9gicos y el sector de la salud que siguen atendiendo las necesidades de la gente, que se d\u00e9 prioridad a su protecci\u00f3n.<\/p>\n<p>El PMPI es una red de desarrollo social y promoci\u00f3n de m\u00e1s de 250 grupos eclesi\u00e1sticos y religiosos filipinos, organizaciones no gubernamentales y organizaciones populares repartidas por todo el pa\u00eds, en asociaci\u00f3n con Misereor, una rama de desarrollo social de los obispos alemanes con sede en Aquisgr\u00e1n, Alemania.<\/p>\n<p>&nbsp;<\/p>\n<p><i>Como referencia:<\/i><\/p>\n<p><i>Yolanda R. Esguerra, PMPI National Coordinator<\/i><br \/>\n<i>Fr. Juderick Paul Calumpiano, PMPI Chairperson<\/i><\/p>\n<p>&nbsp;<\/p>\n<p><i>Para m\u00e1s informaci\u00f3n:<\/i><\/p>\n<p><i>E-mail: secretariat@pmpi.org.ph<\/i><br \/>\n<i>Contact No.: +639176244327\u00a0<\/i><\/p>\n<hr \/>\n<p><em>Traducci\u00f3n del ingl\u00e9s por Alanissis Flores<\/em><\/p>\n","protected":false},"excerpt":{"rendered":"<p>Comunicado de Prensa de PMPI En lugar de ser esclarecida y sentirse a salvo, la gente se ha frustrado y confundido m\u00e1s, tras la conferencia de prensa del Presidente Rodrigo Duterte del 12 de marzo de 2020, como se muestra&hellip;<\/p>\n","protected":false},"author":1500,"featured_media":1058926,"comment_status":"closed","ping_status":"closed","sticky":false,"template":"","format":"standard","meta":{"footnotes":""},"categories":[65,149,161,1239],"tags":[72515],"class_list":["post-1060775","post","type-post","status-publish","format-standard","has-post-thumbnail","hentry","category-asia-es","category-comunicados-de-prensa","category-opiniones","category-salud","tag-coronavirus-en-filipinas"],"yoast_head":"<!-- This site is optimized with the Yoast SEO plugin v27.1.1 - https:\/\/yoast.com\/product\/yoast-seo-wordpress\/ -->\n<title>La Red de Desarrollo Social aboga por directivas m\u00e1s claras y un plan integral que involucre a los sectores m\u00e1s pobres y a los trabajadores de salud de primera l\u00ednea<\/title>\n<meta name=\"description\" content=\"Comunicado de Prensa de PMPI En lugar de ser esclarecida y sentirse a salvo, la gente se ha frustrado y confundido m\u00e1s, tras la conferencia de prensa del\" \/>\n<meta name=\"robots\" content=\"index, follow, max-snippet:-1, max-image-preview:large, max-video-preview:-1\" \/>\n<link rel=\"canonical\" href=\"https:\/\/www.pressenza.com\/es\/2020\/03\/la-red-de-desarrollo-social-aboga-por-directivas-mas-claras-y-un-plan-integral-que-involucre-a-los-sectores-mas-pobres-y-a-los-trabajadores-de-salud-de-primera-linea\/\" \/>\n<meta property=\"og:locale\" content=\"es_ES\" \/>\n<meta property=\"og:type\" content=\"article\" \/>\n<meta property=\"og:title\" content=\"La Red de Desarrollo Social aboga por directivas m\u00e1s claras y un plan integral que involucre a los sectores m\u00e1s pobres y a los trabajadores de salud de primera l\u00ednea\" \/>\n<meta property=\"og:description\" content=\"Comunicado de Prensa de PMPI En lugar de ser esclarecida y sentirse a salvo, la gente se ha frustrado y confundido m\u00e1s, tras la conferencia de prensa del\" \/>\n<meta property=\"og:url\" content=\"https:\/\/www.pressenza.com\/es\/2020\/03\/la-red-de-desarrollo-social-aboga-por-directivas-mas-claras-y-un-plan-integral-que-involucre-a-los-sectores-mas-pobres-y-a-los-trabajadores-de-salud-de-primera-linea\/\" \/>\n<meta property=\"og:site_name\" content=\"Pressenza\" \/>\n<meta property=\"article:publisher\" content=\"https:\/\/www.facebook.com\/PressenzaItalia\" \/>\n<meta property=\"article:published_time\" content=\"2020-03-18T14:10:51+00:00\" \/>\n<meta property=\"og:image\" content=\"https:\/\/www.pressenza.com\/wp-content\/uploads\/2020\/03\/CORONAVIRUS_EFFECTS_PHILIPPINES_01.jpg\" \/>\n\t<meta property=\"og:image:width\" content=\"2048\" \/>\n\t<meta property=\"og:image:height\" content=\"1365\" \/>\n\t<meta property=\"og:image:type\" content=\"image\/jpeg\" \/>\n<meta name=\"author\" content=\"Philippine Misereor Partnership Inc. (PMPI)\" \/>\n<meta name=\"twitter:card\" content=\"summary_large_image\" \/>\n<meta name=\"twitter:creator\" content=\"@PressenzaIPA\" \/>\n<meta name=\"twitter:site\" content=\"@PressenzaIPA\" \/>\n<meta name=\"twitter:label1\" content=\"Escrito por\" \/>\n\t<meta name=\"twitter:data1\" content=\"Philippine Misereor Partnership Inc. (PMPI)\" \/>\n\t<meta name=\"twitter:label2\" content=\"Tiempo de lectura\" \/>\n\t<meta name=\"twitter:data2\" content=\"5 minutos\" \/>\n<script type=\"application\/ld+json\" class=\"yoast-schema-graph\">{\"@context\":\"https:\/\/schema.org\",\"@graph\":[{\"@type\":\"Article\",\"@id\":\"https:\/\/www.pressenza.com\/es\/2020\/03\/la-red-de-desarrollo-social-aboga-por-directivas-mas-claras-y-un-plan-integral-que-involucre-a-los-sectores-mas-pobres-y-a-los-trabajadores-de-salud-de-primera-linea\/#article\",\"isPartOf\":{\"@id\":\"https:\/\/www.pressenza.com\/es\/2020\/03\/la-red-de-desarrollo-social-aboga-por-directivas-mas-claras-y-un-plan-integral-que-involucre-a-los-sectores-mas-pobres-y-a-los-trabajadores-de-salud-de-primera-linea\/\"},\"author\":{\"name\":\"Philippine Misereor Partnership Inc. (PMPI)\",\"@id\":\"https:\/\/www.pressenza.com\/es\/#\/schema\/person\/10e836abca986355d5e63fb16250c99e\"},\"headline\":\"La Red de Desarrollo Social aboga por directivas m\u00e1s claras y un plan integral que involucre a los sectores m\u00e1s pobres y a los trabajadores de salud de primera l\u00ednea\",\"datePublished\":\"2020-03-18T14:10:51+00:00\",\"mainEntityOfPage\":{\"@id\":\"https:\/\/www.pressenza.com\/es\/2020\/03\/la-red-de-desarrollo-social-aboga-por-directivas-mas-claras-y-un-plan-integral-que-involucre-a-los-sectores-mas-pobres-y-a-los-trabajadores-de-salud-de-primera-linea\/\"},\"wordCount\":1079,\"publisher\":{\"@id\":\"https:\/\/www.pressenza.com\/es\/#organization\"},\"image\":{\"@id\":\"https:\/\/www.pressenza.com\/es\/2020\/03\/la-red-de-desarrollo-social-aboga-por-directivas-mas-claras-y-un-plan-integral-que-involucre-a-los-sectores-mas-pobres-y-a-los-trabajadores-de-salud-de-primera-linea\/#primaryimage\"},\"thumbnailUrl\":\"https:\/\/www.pressenza.com\/wp-content\/uploads\/2020\/03\/CORONAVIRUS_EFFECTS_PHILIPPINES_01.jpg\",\"keywords\":[\"Coronavirus en Filipinas\"],\"articleSection\":[\"Asia\",\"Comunicados de Prensa\",\"Opiniones\",\"Salud\"],\"inLanguage\":\"es\"},{\"@type\":\"WebPage\",\"@id\":\"https:\/\/www.pressenza.com\/es\/2020\/03\/la-red-de-desarrollo-social-aboga-por-directivas-mas-claras-y-un-plan-integral-que-involucre-a-los-sectores-mas-pobres-y-a-los-trabajadores-de-salud-de-primera-linea\/\",\"url\":\"https:\/\/www.pressenza.com\/es\/2020\/03\/la-red-de-desarrollo-social-aboga-por-directivas-mas-claras-y-un-plan-integral-que-involucre-a-los-sectores-mas-pobres-y-a-los-trabajadores-de-salud-de-primera-linea\/\",\"name\":\"La Red de Desarrollo Social aboga por directivas m\u00e1s claras y un plan integral que involucre a los sectores m\u00e1s pobres y a los trabajadores de salud de primera l\u00ednea\",\"isPartOf\":{\"@id\":\"https:\/\/www.pressenza.com\/es\/#website\"},\"primaryImageOfPage\":{\"@id\":\"https:\/\/www.pressenza.com\/es\/2020\/03\/la-red-de-desarrollo-social-aboga-por-directivas-mas-claras-y-un-plan-integral-que-involucre-a-los-sectores-mas-pobres-y-a-los-trabajadores-de-salud-de-primera-linea\/#primaryimage\"},\"image\":{\"@id\":\"https:\/\/www.pressenza.com\/es\/2020\/03\/la-red-de-desarrollo-social-aboga-por-directivas-mas-claras-y-un-plan-integral-que-involucre-a-los-sectores-mas-pobres-y-a-los-trabajadores-de-salud-de-primera-linea\/#primaryimage\"},\"thumbnailUrl\":\"https:\/\/www.pressenza.com\/wp-content\/uploads\/2020\/03\/CORONAVIRUS_EFFECTS_PHILIPPINES_01.jpg\",\"datePublished\":\"2020-03-18T14:10:51+00:00\",\"description\":\"Comunicado de Prensa de PMPI En lugar de ser esclarecida y sentirse a salvo, la gente se ha frustrado y confundido m\u00e1s, tras la conferencia de prensa del\",\"breadcrumb\":{\"@id\":\"https:\/\/www.pressenza.com\/es\/2020\/03\/la-red-de-desarrollo-social-aboga-por-directivas-mas-claras-y-un-plan-integral-que-involucre-a-los-sectores-mas-pobres-y-a-los-trabajadores-de-salud-de-primera-linea\/#breadcrumb\"},\"inLanguage\":\"es\",\"potentialAction\":[{\"@type\":\"ReadAction\",\"target\":[\"https:\/\/www.pressenza.com\/es\/2020\/03\/la-red-de-desarrollo-social-aboga-por-directivas-mas-claras-y-un-plan-integral-que-involucre-a-los-sectores-mas-pobres-y-a-los-trabajadores-de-salud-de-primera-linea\/\"]}]},{\"@type\":\"ImageObject\",\"inLanguage\":\"es\",\"@id\":\"https:\/\/www.pressenza.com\/es\/2020\/03\/la-red-de-desarrollo-social-aboga-por-directivas-mas-claras-y-un-plan-integral-que-involucre-a-los-sectores-mas-pobres-y-a-los-trabajadores-de-salud-de-primera-linea\/#primaryimage\",\"url\":\"https:\/\/www.pressenza.com\/wp-content\/uploads\/2020\/03\/CORONAVIRUS_EFFECTS_PHILIPPINES_01.jpg\",\"contentUrl\":\"https:\/\/www.pressenza.com\/wp-content\/uploads\/2020\/03\/CORONAVIRUS_EFFECTS_PHILIPPINES_01.jpg\",\"width\":2048,\"height\":1365},{\"@type\":\"BreadcrumbList\",\"@id\":\"https:\/\/www.pressenza.com\/es\/2020\/03\/la-red-de-desarrollo-social-aboga-por-directivas-mas-claras-y-un-plan-integral-que-involucre-a-los-sectores-mas-pobres-y-a-los-trabajadores-de-salud-de-primera-linea\/#breadcrumb\",\"itemListElement\":[{\"@type\":\"ListItem\",\"position\":1,\"name\":\"Accueil\",\"item\":\"https:\/\/www.pressenza.com\/es\/\"},{\"@type\":\"ListItem\",\"position\":2,\"name\":\"La Red de Desarrollo Social aboga por directivas m\u00e1s claras y un plan integral que involucre a los sectores m\u00e1s pobres y a los trabajadores de salud de primera l\u00ednea\"}]},{\"@type\":\"WebSite\",\"@id\":\"https:\/\/www.pressenza.com\/es\/#website\",\"url\":\"https:\/\/www.pressenza.com\/es\/\",\"name\":\"Pressenza\",\"description\":\"International Press Agency\",\"publisher\":{\"@id\":\"https:\/\/www.pressenza.com\/es\/#organization\"},\"potentialAction\":[{\"@type\":\"SearchAction\",\"target\":{\"@type\":\"EntryPoint\",\"urlTemplate\":\"https:\/\/www.pressenza.com\/es\/?s={search_term_string}\"},\"query-input\":{\"@type\":\"PropertyValueSpecification\",\"valueRequired\":true,\"valueName\":\"search_term_string\"}}],\"inLanguage\":\"es\"},{\"@type\":\"Organization\",\"@id\":\"https:\/\/www.pressenza.com\/es\/#organization\",\"name\":\"Pressenza\",\"url\":\"https:\/\/www.pressenza.com\/es\/\",\"logo\":{\"@type\":\"ImageObject\",\"inLanguage\":\"es\",\"@id\":\"https:\/\/www.pressenza.com\/es\/#\/schema\/logo\/image\/\",\"url\":\"https:\/\/www.pressenza.com\/wp-content\/uploads\/2022\/10\/pressenza_logo_200x200.jpg\",\"contentUrl\":\"https:\/\/www.pressenza.com\/wp-content\/uploads\/2022\/10\/pressenza_logo_200x200.jpg\",\"width\":200,\"height\":200,\"caption\":\"Pressenza\"},\"image\":{\"@id\":\"https:\/\/www.pressenza.com\/es\/#\/schema\/logo\/image\/\"},\"sameAs\":[\"https:\/\/www.facebook.com\/PressenzaItalia\",\"https:\/\/x.com\/PressenzaIPA\"]},{\"@type\":\"Person\",\"@id\":\"https:\/\/www.pressenza.com\/es\/#\/schema\/person\/10e836abca986355d5e63fb16250c99e\",\"name\":\"Philippine Misereor Partnership Inc. (PMPI)\",\"description\":\"The Philippine-Misereor Partnership Inc. (PMPI) is a network of people\u2019s organizations (POs), non-governmental organizations (NGOs), church\/faith-based groups and Misereor, the overseas development agency of the Catholic Church in Germany based in Aachen, Germany. www.pmpi.org.ph\",\"sameAs\":[\"http:\/\/www.pmpi.org.ph\/\"],\"url\":\"https:\/\/www.pressenza.com\/es\/author\/philippine-misereor-partnership-inc\/\"}]}<\/script>\n<!-- \/ Yoast SEO plugin. -->","yoast_head_json":{"title":"La Red de Desarrollo Social aboga por directivas m\u00e1s claras y un plan integral que involucre a los sectores m\u00e1s pobres y a los trabajadores de salud de primera l\u00ednea","description":"Comunicado de Prensa de PMPI En lugar de ser esclarecida y sentirse a salvo, la gente se ha frustrado y confundido m\u00e1s, tras la conferencia de prensa del","robots":{"index":"index","follow":"follow","max-snippet":"max-snippet:-1","max-image-preview":"max-image-preview:large","max-video-preview":"max-video-preview:-1"},"canonical":"https:\/\/www.pressenza.com\/es\/2020\/03\/la-red-de-desarrollo-social-aboga-por-directivas-mas-claras-y-un-plan-integral-que-involucre-a-los-sectores-mas-pobres-y-a-los-trabajadores-de-salud-de-primera-linea\/","og_locale":"es_ES","og_type":"article","og_title":"La Red de Desarrollo Social aboga por directivas m\u00e1s claras y un plan integral que involucre a los sectores m\u00e1s pobres y a los trabajadores de salud de primera l\u00ednea","og_description":"Comunicado de Prensa de PMPI En lugar de ser esclarecida y sentirse a salvo, la gente se ha frustrado y confundido m\u00e1s, tras la conferencia de prensa del","og_url":"https:\/\/www.pressenza.com\/es\/2020\/03\/la-red-de-desarrollo-social-aboga-por-directivas-mas-claras-y-un-plan-integral-que-involucre-a-los-sectores-mas-pobres-y-a-los-trabajadores-de-salud-de-primera-linea\/","og_site_name":"Pressenza","article_publisher":"https:\/\/www.facebook.com\/PressenzaItalia","article_published_time":"2020-03-18T14:10:51+00:00","og_image":[{"width":2048,"height":1365,"url":"https:\/\/www.pressenza.com\/wp-content\/uploads\/2020\/03\/CORONAVIRUS_EFFECTS_PHILIPPINES_01.jpg","type":"image\/jpeg"}],"author":"Philippine Misereor Partnership Inc. (PMPI)","twitter_card":"summary_large_image","twitter_creator":"@PressenzaIPA","twitter_site":"@PressenzaIPA","twitter_misc":{"Escrito por":"Philippine Misereor Partnership Inc. (PMPI)","Tiempo de lectura":"5 minutos"},"schema":{"@context":"https:\/\/schema.org","@graph":[{"@type":"Article","@id":"https:\/\/www.pressenza.com\/es\/2020\/03\/la-red-de-desarrollo-social-aboga-por-directivas-mas-claras-y-un-plan-integral-que-involucre-a-los-sectores-mas-pobres-y-a-los-trabajadores-de-salud-de-primera-linea\/#article","isPartOf":{"@id":"https:\/\/www.pressenza.com\/es\/2020\/03\/la-red-de-desarrollo-social-aboga-por-directivas-mas-claras-y-un-plan-integral-que-involucre-a-los-sectores-mas-pobres-y-a-los-trabajadores-de-salud-de-primera-linea\/"},"author":{"name":"Philippine Misereor Partnership Inc. (PMPI)","@id":"https:\/\/www.pressenza.com\/es\/#\/schema\/person\/10e836abca986355d5e63fb16250c99e"},"headline":"La Red de Desarrollo Social aboga por directivas m\u00e1s claras y un plan integral que involucre a los sectores m\u00e1s pobres y a los trabajadores de salud de primera l\u00ednea","datePublished":"2020-03-18T14:10:51+00:00","mainEntityOfPage":{"@id":"https:\/\/www.pressenza.com\/es\/2020\/03\/la-red-de-desarrollo-social-aboga-por-directivas-mas-claras-y-un-plan-integral-que-involucre-a-los-sectores-mas-pobres-y-a-los-trabajadores-de-salud-de-primera-linea\/"},"wordCount":1079,"publisher":{"@id":"https:\/\/www.pressenza.com\/es\/#organization"},"image":{"@id":"https:\/\/www.pressenza.com\/es\/2020\/03\/la-red-de-desarrollo-social-aboga-por-directivas-mas-claras-y-un-plan-integral-que-involucre-a-los-sectores-mas-pobres-y-a-los-trabajadores-de-salud-de-primera-linea\/#primaryimage"},"thumbnailUrl":"https:\/\/www.pressenza.com\/wp-content\/uploads\/2020\/03\/CORONAVIRUS_EFFECTS_PHILIPPINES_01.jpg","keywords":["Coronavirus en Filipinas"],"articleSection":["Asia","Comunicados de Prensa","Opiniones","Salud"],"inLanguage":"es"},{"@type":"WebPage","@id":"https:\/\/www.pressenza.com\/es\/2020\/03\/la-red-de-desarrollo-social-aboga-por-directivas-mas-claras-y-un-plan-integral-que-involucre-a-los-sectores-mas-pobres-y-a-los-trabajadores-de-salud-de-primera-linea\/","url":"https:\/\/www.pressenza.com\/es\/2020\/03\/la-red-de-desarrollo-social-aboga-por-directivas-mas-claras-y-un-plan-integral-que-involucre-a-los-sectores-mas-pobres-y-a-los-trabajadores-de-salud-de-primera-linea\/","name":"La Red de Desarrollo Social aboga por directivas m\u00e1s claras y un plan integral que involucre a los sectores m\u00e1s pobres y a los trabajadores de salud de primera l\u00ednea","isPartOf":{"@id":"https:\/\/www.pressenza.com\/es\/#website"},"primaryImageOfPage":{"@id":"https:\/\/www.pressenza.com\/es\/2020\/03\/la-red-de-desarrollo-social-aboga-por-directivas-mas-claras-y-un-plan-integral-que-involucre-a-los-sectores-mas-pobres-y-a-los-trabajadores-de-salud-de-primera-linea\/#primaryimage"},"image":{"@id":"https:\/\/www.pressenza.com\/es\/2020\/03\/la-red-de-desarrollo-social-aboga-por-directivas-mas-claras-y-un-plan-integral-que-involucre-a-los-sectores-mas-pobres-y-a-los-trabajadores-de-salud-de-primera-linea\/#primaryimage"},"thumbnailUrl":"https:\/\/www.pressenza.com\/wp-content\/uploads\/2020\/03\/CORONAVIRUS_EFFECTS_PHILIPPINES_01.jpg","datePublished":"2020-03-18T14:10:51+00:00","description":"Comunicado de Prensa de PMPI En lugar de ser esclarecida y sentirse a salvo, la gente se ha frustrado y confundido m\u00e1s, tras la conferencia de prensa del","breadcrumb":{"@id":"https:\/\/www.pressenza.com\/es\/2020\/03\/la-red-de-desarrollo-social-aboga-por-directivas-mas-claras-y-un-plan-integral-que-involucre-a-los-sectores-mas-pobres-y-a-los-trabajadores-de-salud-de-primera-linea\/#breadcrumb"},"inLanguage":"es","potentialAction":[{"@type":"ReadAction","target":["https:\/\/www.pressenza.com\/es\/2020\/03\/la-red-de-desarrollo-social-aboga-por-directivas-mas-claras-y-un-plan-integral-que-involucre-a-los-sectores-mas-pobres-y-a-los-trabajadores-de-salud-de-primera-linea\/"]}]},{"@type":"ImageObject","inLanguage":"es","@id":"https:\/\/www.pressenza.com\/es\/2020\/03\/la-red-de-desarrollo-social-aboga-por-directivas-mas-claras-y-un-plan-integral-que-involucre-a-los-sectores-mas-pobres-y-a-los-trabajadores-de-salud-de-primera-linea\/#primaryimage","url":"https:\/\/www.pressenza.com\/wp-content\/uploads\/2020\/03\/CORONAVIRUS_EFFECTS_PHILIPPINES_01.jpg","contentUrl":"https:\/\/www.pressenza.com\/wp-content\/uploads\/2020\/03\/CORONAVIRUS_EFFECTS_PHILIPPINES_01.jpg","width":2048,"height":1365},{"@type":"BreadcrumbList","@id":"https:\/\/www.pressenza.com\/es\/2020\/03\/la-red-de-desarrollo-social-aboga-por-directivas-mas-claras-y-un-plan-integral-que-involucre-a-los-sectores-mas-pobres-y-a-los-trabajadores-de-salud-de-primera-linea\/#breadcrumb","itemListElement":[{"@type":"ListItem","position":1,"name":"Accueil","item":"https:\/\/www.pressenza.com\/es\/"},{"@type":"ListItem","position":2,"name":"La Red de Desarrollo Social aboga por directivas m\u00e1s claras y un plan integral que involucre a los sectores m\u00e1s pobres y a los trabajadores de salud de primera l\u00ednea"}]},{"@type":"WebSite","@id":"https:\/\/www.pressenza.com\/es\/#website","url":"https:\/\/www.pressenza.com\/es\/","name":"Pressenza","description":"International Press Agency","publisher":{"@id":"https:\/\/www.pressenza.com\/es\/#organization"},"potentialAction":[{"@type":"SearchAction","target":{"@type":"EntryPoint","urlTemplate":"https:\/\/www.pressenza.com\/es\/?s={search_term_string}"},"query-input":{"@type":"PropertyValueSpecification","valueRequired":true,"valueName":"search_term_string"}}],"inLanguage":"es"},{"@type":"Organization","@id":"https:\/\/www.pressenza.com\/es\/#organization","name":"Pressenza","url":"https:\/\/www.pressenza.com\/es\/","logo":{"@type":"ImageObject","inLanguage":"es","@id":"https:\/\/www.pressenza.com\/es\/#\/schema\/logo\/image\/","url":"https:\/\/www.pressenza.com\/wp-content\/uploads\/2022\/10\/pressenza_logo_200x200.jpg","contentUrl":"https:\/\/www.pressenza.com\/wp-content\/uploads\/2022\/10\/pressenza_logo_200x200.jpg","width":200,"height":200,"caption":"Pressenza"},"image":{"@id":"https:\/\/www.pressenza.com\/es\/#\/schema\/logo\/image\/"},"sameAs":["https:\/\/www.facebook.com\/PressenzaItalia","https:\/\/x.com\/PressenzaIPA"]},{"@type":"Person","@id":"https:\/\/www.pressenza.com\/es\/#\/schema\/person\/10e836abca986355d5e63fb16250c99e","name":"Philippine Misereor Partnership Inc. (PMPI)","description":"The Philippine-Misereor Partnership Inc. (PMPI) is a network of people\u2019s organizations (POs), non-governmental organizations (NGOs), church\/faith-based groups and Misereor, the overseas development agency of the Catholic Church in Germany based in Aachen, Germany. www.pmpi.org.ph","sameAs":["http:\/\/www.pmpi.org.ph\/"],"url":"https:\/\/www.pressenza.com\/es\/author\/philippine-misereor-partnership-inc\/"}]}},"place":"Quezon City, Filipinas","original_article_url":"","_links":{"self":[{"href":"https:\/\/www.pressenza.com\/es\/wp-json\/wp\/v2\/posts\/1060775","targetHints":{"allow":["GET"]}}],"collection":[{"href":"https:\/\/www.pressenza.com\/es\/wp-json\/wp\/v2\/posts"}],"about":[{"href":"https:\/\/www.pressenza.com\/es\/wp-json\/wp\/v2\/types\/post"}],"author":[{"embeddable":true,"href":"https:\/\/www.pressenza.com\/es\/wp-json\/wp\/v2\/users\/1500"}],"replies":[{"embeddable":true,"href":"https:\/\/www.pressenza.com\/es\/wp-json\/wp\/v2\/comments?post=1060775"}],"version-history":[{"count":0,"href":"https:\/\/www.pressenza.com\/es\/wp-json\/wp\/v2\/posts\/1060775\/revisions"}],"wp:featuredmedia":[{"embeddable":true,"href":"https:\/\/www.pressenza.com\/es\/wp-json\/wp\/v2\/media\/1058926"}],"wp:attachment":[{"href":"https:\/\/www.pressenza.com\/es\/wp-json\/wp\/v2\/media?parent=1060775"}],"wp:term":[{"taxonomy":"category","embeddable":true,"href":"https:\/\/www.pressenza.com\/es\/wp-json\/wp\/v2\/categories?post=1060775"},{"taxonomy":"post_tag","embeddable":true,"href":"https:\/\/www.pressenza.com\/es\/wp-json\/wp\/v2\/tags?post=1060775"}],"curies":[{"name":"wp","href":"https:\/\/api.w.org\/{rel}","templated":true}]}}