{"id":1059100,"date":"2020-03-15T18:57:59","date_gmt":"2020-03-15T18:57:59","guid":{"rendered":"https:\/\/www.pressenza.com\/?p=1059100"},"modified":"2020-03-15T18:57:59","modified_gmt":"2020-03-15T18:57:59","slug":"coronavirus-en-italia-y-asesinato-de-lideres-en-colombia-en-cuatro-elementos-del-12-03-2020","status":"publish","type":"post","link":"https:\/\/www.pressenza.com\/es\/2020\/03\/coronavirus-en-italia-y-asesinato-de-lideres-en-colombia-en-cuatro-elementos-del-12-03-2020\/","title":{"rendered":"Coronavirus en Italia y asesinato de l\u00edderes en Colombia en Cuatro Elementos del 12\/03\/2020"},"content":{"rendered":"<p>Dos temas acuciantes abordamos en este noveno programa de Cuatro Elementos por Pichincha Universal, el programa de la agencia de noticias Pressenza que tambi\u00e9n emiten Radio Temblor, Radio Guiniguada y Aler.<br \/>\nLos cr\u00edmenes contra l\u00edderes y lideresas sociales en Colombia, analizado por Daniel Botero, integrante de \u00abHagamos Memoria\u00bb y junto a la periodista Anna Polo, nos acercamos a c\u00f3mo est\u00e1n viviendo los italianos los efectos de la pandemia de Coronavirus.<br \/>\nUn programa apasionante que cont\u00f3 con el recorrido noticioso de todos los continentes y la conducci\u00f3n de Nelsy Lizarazo, Blanca Diego, Mariano Quiroga y Domenico Musella.<\/p>\n<!--[if lt IE 9]><script>document.createElement('audio');<\/script><![endif]-->\n<audio class=\"wp-audio-shortcode\" id=\"audio-1059100-1\" preload=\"none\" style=\"width: 100%;\" controls=\"controls\"><source type=\"audio\/mpeg\" src=\"https:\/\/mx.ivoox.com\/es\/cuatro-elementos-del-12-03-2020-italia-colombia_md_48921176_wp_1.mp3?_=1\" \/><a href=\"https:\/\/mx.ivoox.com\/es\/cuatro-elementos-del-12-03-2020-italia-colombia_md_48921176_wp_1.mp3\">https:\/\/mx.ivoox.com\/es\/cuatro-elementos-del-12-03-2020-italia-colombia_md_48921176_wp_1.mp3<\/a><\/audio>\n<p><a title=\"Cuatro Elementos del 12\/03\/2020 Italia y Colombia\" href=\"https:\/\/mx.ivoox.com\/es\/cuatro-elementos-del-12-03-2020-italia-colombia-audios-mp3_rf_48921176_1.html\">Ir a descargar<\/a><\/p>\n<p><b>\u00c1FRICA :\u00a0<\/b><span style=\"font-weight: 400;\">Muchas veces hemos hablado de los presidentes eternos que han tenido varias naciones africanas. Esta vez vamos a contarles de Alassane Ouattara, dos veces m\u00e1ximo mandatario de Costa de M\u00e1rfil y quien anunci\u00f3 hace algunos d\u00edas que no se presentar\u00e1 a una tercera presidencia.<\/span><\/p>\n<p><span style=\"font-weight: 400;\">Frente al Parlamento, Ouattara explic\u00f3 que no ser\u00e1 candidato en las elecciones de octubre porque busca dejar \u201cespacio para las j\u00f3venes generaciones\u201d.<\/span><\/p>\n<p><span style=\"font-weight: 400;\">En 2016 la constituci\u00f3n del pa\u00eds hab\u00eda sido reformada y muchos sospechaban que solo se buscaba la continuidad de Ouattara en el poder. Sin embargo, el anuncio permite disipar las dudas al respecto, ya que la oposici\u00f3n consideraba anticonstitucional que el dos veces presidente volviera a ser candidato.<\/span><\/p>\n<p><b>EUROPA :\u00a0<\/b>M\u00e1s de 6.000 personas participaron esta semana en una marcha de solidaridad con los refugiados y migrantes en el centro de Atenas. El llamado a la marcha fue claro: \u00abNos solidarizamos con los refugiados y los migrantes en contra de los gobiernos de Grecia y Turqu\u00eda, la Uni\u00f3n Europea, el racismo, el fascismo, el imperialismo y la guerra\u00bb.<\/p>\n<p><span style=\"font-weight: 400;\">Las marchas de solidaridad tambi\u00e9n tuvieron lugar en otras ciudades griegas, como Sal\u00f3nica, donde la participaci\u00f3n tambi\u00e9n fue masiva, y en Ioannina.<\/span><\/p>\n<p><span style=\"font-weight: 400;\">Adem\u00e1s del hostigamiento de los gobiernos europeos, los migrantes han sufrido ataques de parte de nazis y xen\u00f3fobos de toda Europa que viajaron a Grecia para repeler su llegada. Los medios de contrainformaci\u00f3n tambi\u00e9n dan cuenta de represalias sufridas por estos contingentes de parte de grupos griegos antifascistas.<\/span><\/p>\n<p><b>OCEAN\u00cdA :\u00a0<\/b><span style=\"font-weight: 400;\">La Comisi\u00f3n Australiana de Informaci\u00f3n present\u00f3 este lunes una demanda contra Facebook por la divulgaci\u00f3n de datos personales de m\u00e1s de 300 mil usuarios de la red social del pa\u00eds oce\u00e1nico.\u00a0<\/span><\/p>\n<p><span style=\"font-weight: 400;\">La multinacional de las comunicaciones entreg\u00f3 informaci\u00f3n personal de 311.127 usuarios a Cambridge Analytica, la cuestionada empresa de consultor\u00eda pol\u00edtica que segmenta a la poblaci\u00f3n para preparar campa\u00f1as electorales a medida de cada sector social.<\/span><\/p>\n<p><span style=\"font-weight: 400;\">La vulneraci\u00f3n de la Ley de Privacidad australiana ocurri\u00f3 entre marzo de 2014 y mayo de 2015. Cambridge Analytica en acuerdo con Facebook pudo incorporar informaci\u00f3n sensible de casi 87 millones de ususarios de todo el mundo, con lo que incidi\u00f3 en diferentes contiendas electorales, facilitando las victorias de Mauricio Macri en Argentina o Donald Trump en Estados Unidos, por citar un par de ejemplos.<\/span><\/p>\n<p><span style=\"font-weight: 400;\">El Tribunal Federal australiano podr\u00eda hacer pagar una multa de 1,1 millones de d\u00f3lares a la empresa, lo que no parece una medida disuasoria de la intromisi\u00f3n en nuestra intimidad de las empresas oferentes de servicios de redes sociales.<\/span><\/p>\n<p><b>AM\u00c9RICA :\u00a0<\/b><span style=\"font-weight: 400;\">Luego de que el Tribunal SUpremo se implicara en el recuento de votos de las elecciones generales que tuvieron lugar en Guyana hace m\u00e1s de diez d\u00edas. La Comisi\u00f3n Electoral manifest\u00f3 su compromiso para completar la labor y presentar los resultados a la brevedad.<\/span><\/p>\n<p><span style=\"font-weight: 400;\">La presidenta de la Comisi\u00f3n, Claudette Singh afirm\u00f3 que era consciente del \u201csentido de urgencia con el que la Comisi\u00f3n debe completar su trabajo, por lo que se anticipa que habr\u00e1 un mayor nivel de compromiso\u201d.<\/span><\/p>\n<p><span style=\"font-weight: 400;\">Frente a la demora a la presentaci\u00f3n de los resultados, el principal partido opositor, el Partido Progresista Popular, solicit\u00f3 la intervenci\u00f3n del Tribunal Supremo, ya que le constan irregularidades y la Regi\u00f3n de la que falta contabilizar los votos, corresponde a un tercio del padr\u00f3n electoral y podr\u00eda modificarse la supuesta victoria del oficialismo.<\/span><\/p>\n<p><span style=\"font-weight: 400;\">El Centro Carter tambi\u00e9n denunci\u00f3 irregularidades, por lo que aconsejaron un recuento de todos los votos para mantener la transparencia en los comicios.<\/span><\/p>\n<p><b>ASIA :\u00a0<\/b><span style=\"font-weight: 400;\">Wuhan, epicentro de los primeros casos de Coronavirus que tienen en vilo al mundo, ha cerrado 14 de los 16 hospitales de emergencia que se hab\u00edan instalado en la ciudad. La raz\u00f3n es el descenso vertiginoso de los casos detectados y la r\u00e1pida recuperaci\u00f3n de la mayor\u00eda d elos infectados por el COVID-19.<\/span><\/p>\n<p><span style=\"font-weight: 400;\">SI bien los hospitales permanecer\u00e1n cerrados, todo el equipo m\u00e9dico contin\u00faa en alerta, en caso de que vuelva a recrudecer el brote. En total 10 mil camas se liberaron y por eso se decidi\u00f3 centralizar a todas las personas bajo tratamiento en solo dos hospitales.<\/span><\/p>\n<p><span style=\"font-weight: 400;\">De esta manera, lugares que fueron improvisados como centros de salud, volver\u00e1n a su funci\u00f3n primaria como gimnasios o centros de exposiciones.<\/span><\/p>\n<p><span style=\"font-weight: 400;\">En Wuhan se trataron m\u00e1s de 12 mil pacientes, con s\u00edntomas moderados. Si bien, se siguen registrando casos nuevos, el n\u00famero de infectados se redujo a menos de la mitad y las medidas sanitarias de prevenci\u00f3n est\u00e1n dando resultado por la fuerte colaboraci\u00f3n de toda la poblaci\u00f3n.<\/span><\/p>\n<p><span style=\"font-weight: 400;\">Seg\u00fan las cifras aportadas por Worldometers, se calcula en 130 mil las personas afectadas en todo el mundo por Coronavirus y en casi 4800 las que perdieron la vida.<\/span><\/p>\n","protected":false},"excerpt":{"rendered":"<p>Dos temas acuciantes abordamos en este noveno programa de Cuatro Elementos por Pichincha Universal, el programa de la agencia de noticias Pressenza que tambi\u00e9n emiten Radio Temblor, Radio Guiniguada y Aler. Los cr\u00edmenes contra l\u00edderes y lideresas sociales en Colombia,&hellip;<\/p>\n","protected":false},"author":1011,"featured_media":1059102,"comment_status":"closed","ping_status":"closed","sticky":false,"template":"","format":"standard","meta":{"footnotes":""},"categories":[11389,79,39,22754,1239],"tags":[70731,42907,30,70071,72131,69785,441,3672,868,16372,40752,54738],"class_list":["post-1059100","post","type-post","status-publish","format-standard","has-post-thumbnail","hentry","category-contenido-original","category-derechos-humanos","category-internacional","category-radio-es","category-salud","tag-4-elementos","tag-asesinato-de-lideres-sociales","tag-colombia","tag-coronavirus-es","tag-covid-19-es","tag-cuatro-elementos","tag-derechos-humanos","tag-italia-es","tag-memoria","tag-pichincha-universal","tag-pressenza-internacional","tag-radio-es"],"yoast_head":"<!-- This site is optimized with the Yoast SEO plugin v27.1.1 - https:\/\/yoast.com\/product\/yoast-seo-wordpress\/ -->\n<title>Coronavirus en Italia y asesinato de l\u00edderes en Colombia en Cuatro Elementos del 12\/03\/2020<\/title>\n<meta name=\"description\" content=\"Dos temas acuciantes abordamos en este noveno programa de Cuatro Elementos por Pichincha Universal, el programa de la agencia de noticias Pressenza que\" \/>\n<meta name=\"robots\" content=\"index, follow, max-snippet:-1, max-image-preview:large, max-video-preview:-1\" \/>\n<link rel=\"canonical\" href=\"https:\/\/www.pressenza.com\/es\/2020\/03\/coronavirus-en-italia-y-asesinato-de-lideres-en-colombia-en-cuatro-elementos-del-12-03-2020\/\" \/>\n<meta property=\"og:locale\" content=\"es_ES\" \/>\n<meta property=\"og:type\" content=\"article\" \/>\n<meta property=\"og:title\" content=\"Coronavirus en Italia y asesinato de l\u00edderes en Colombia en Cuatro Elementos del 12\/03\/2020\" \/>\n<meta property=\"og:description\" content=\"Dos temas acuciantes abordamos en este noveno programa de Cuatro Elementos por Pichincha Universal, el programa de la agencia de noticias Pressenza que\" \/>\n<meta property=\"og:url\" content=\"https:\/\/www.pressenza.com\/es\/2020\/03\/coronavirus-en-italia-y-asesinato-de-lideres-en-colombia-en-cuatro-elementos-del-12-03-2020\/\" \/>\n<meta property=\"og:site_name\" content=\"Pressenza\" \/>\n<meta property=\"article:publisher\" content=\"https:\/\/www.facebook.com\/PressenzaItalia\" \/>\n<meta property=\"article:published_time\" content=\"2020-03-15T18:57:59+00:00\" \/>\n<meta property=\"og:image\" content=\"https:\/\/www.pressenza.com\/wp-content\/uploads\/2020\/03\/Cuatro-Elementos-entrevistas-15.jpg\" \/>\n\t<meta property=\"og:image:width\" content=\"2000\" \/>\n\t<meta property=\"og:image:height\" content=\"1545\" \/>\n\t<meta property=\"og:image:type\" content=\"image\/jpeg\" \/>\n<meta name=\"author\" content=\"Redacci\u00f3n Ecuador\" \/>\n<meta name=\"twitter:card\" content=\"summary_large_image\" \/>\n<meta name=\"twitter:creator\" content=\"@PressenzaIPA\" \/>\n<meta name=\"twitter:site\" content=\"@PressenzaIPA\" \/>\n<meta name=\"twitter:label1\" content=\"Escrito por\" \/>\n\t<meta name=\"twitter:data1\" content=\"Redacci\u00f3n Ecuador\" \/>\n\t<meta name=\"twitter:label2\" content=\"Tiempo de lectura\" \/>\n\t<meta name=\"twitter:data2\" content=\"5 minutos\" \/>\n<script type=\"application\/ld+json\" class=\"yoast-schema-graph\">{\"@context\":\"https:\/\/schema.org\",\"@graph\":[{\"@type\":\"Article\",\"@id\":\"https:\/\/www.pressenza.com\/es\/2020\/03\/coronavirus-en-italia-y-asesinato-de-lideres-en-colombia-en-cuatro-elementos-del-12-03-2020\/#article\",\"isPartOf\":{\"@id\":\"https:\/\/www.pressenza.com\/es\/2020\/03\/coronavirus-en-italia-y-asesinato-de-lideres-en-colombia-en-cuatro-elementos-del-12-03-2020\/\"},\"author\":{\"name\":\"Redacci\u00f3n Ecuador\",\"@id\":\"https:\/\/www.pressenza.com\/es\/#\/schema\/person\/883a735c40665759bcc6fe0c26bcb46f\"},\"headline\":\"Coronavirus en Italia y asesinato de l\u00edderes en Colombia en Cuatro Elementos del 12\/03\/2020\",\"datePublished\":\"2020-03-15T18:57:59+00:00\",\"mainEntityOfPage\":{\"@id\":\"https:\/\/www.pressenza.com\/es\/2020\/03\/coronavirus-en-italia-y-asesinato-de-lideres-en-colombia-en-cuatro-elementos-del-12-03-2020\/\"},\"wordCount\":955,\"publisher\":{\"@id\":\"https:\/\/www.pressenza.com\/es\/#organization\"},\"image\":{\"@id\":\"https:\/\/www.pressenza.com\/es\/2020\/03\/coronavirus-en-italia-y-asesinato-de-lideres-en-colombia-en-cuatro-elementos-del-12-03-2020\/#primaryimage\"},\"thumbnailUrl\":\"https:\/\/www.pressenza.com\/wp-content\/uploads\/2020\/03\/Cuatro-Elementos-entrevistas-15.jpg\",\"keywords\":[\"4 Elementos\",\"asesinato de l\u00edderes sociales\",\"Colombia\",\"coronav\u00edrus\",\"COVID-19\",\"Cuatro Elementos\",\"Derechos humanos\",\"Italia\",\"memoria\",\"Pichincha Universal\",\"Pressenza Internacional\",\"radio\"],\"articleSection\":[\"Contenido Original\",\"Derechos Humanos\",\"Internacional\",\"Radio\",\"Salud\"],\"inLanguage\":\"es\"},{\"@type\":\"WebPage\",\"@id\":\"https:\/\/www.pressenza.com\/es\/2020\/03\/coronavirus-en-italia-y-asesinato-de-lideres-en-colombia-en-cuatro-elementos-del-12-03-2020\/\",\"url\":\"https:\/\/www.pressenza.com\/es\/2020\/03\/coronavirus-en-italia-y-asesinato-de-lideres-en-colombia-en-cuatro-elementos-del-12-03-2020\/\",\"name\":\"Coronavirus en Italia y asesinato de l\u00edderes en Colombia en Cuatro Elementos del 12\/03\/2020\",\"isPartOf\":{\"@id\":\"https:\/\/www.pressenza.com\/es\/#website\"},\"primaryImageOfPage\":{\"@id\":\"https:\/\/www.pressenza.com\/es\/2020\/03\/coronavirus-en-italia-y-asesinato-de-lideres-en-colombia-en-cuatro-elementos-del-12-03-2020\/#primaryimage\"},\"image\":{\"@id\":\"https:\/\/www.pressenza.com\/es\/2020\/03\/coronavirus-en-italia-y-asesinato-de-lideres-en-colombia-en-cuatro-elementos-del-12-03-2020\/#primaryimage\"},\"thumbnailUrl\":\"https:\/\/www.pressenza.com\/wp-content\/uploads\/2020\/03\/Cuatro-Elementos-entrevistas-15.jpg\",\"datePublished\":\"2020-03-15T18:57:59+00:00\",\"description\":\"Dos temas acuciantes abordamos en este noveno programa de Cuatro Elementos por Pichincha Universal, el programa de la agencia de noticias Pressenza que\",\"breadcrumb\":{\"@id\":\"https:\/\/www.pressenza.com\/es\/2020\/03\/coronavirus-en-italia-y-asesinato-de-lideres-en-colombia-en-cuatro-elementos-del-12-03-2020\/#breadcrumb\"},\"inLanguage\":\"es\",\"potentialAction\":[{\"@type\":\"ReadAction\",\"target\":[\"https:\/\/www.pressenza.com\/es\/2020\/03\/coronavirus-en-italia-y-asesinato-de-lideres-en-colombia-en-cuatro-elementos-del-12-03-2020\/\"]}]},{\"@type\":\"ImageObject\",\"inLanguage\":\"es\",\"@id\":\"https:\/\/www.pressenza.com\/es\/2020\/03\/coronavirus-en-italia-y-asesinato-de-lideres-en-colombia-en-cuatro-elementos-del-12-03-2020\/#primaryimage\",\"url\":\"https:\/\/www.pressenza.com\/wp-content\/uploads\/2020\/03\/Cuatro-Elementos-entrevistas-15.jpg\",\"contentUrl\":\"https:\/\/www.pressenza.com\/wp-content\/uploads\/2020\/03\/Cuatro-Elementos-entrevistas-15.jpg\",\"width\":2000,\"height\":1545},{\"@type\":\"BreadcrumbList\",\"@id\":\"https:\/\/www.pressenza.com\/es\/2020\/03\/coronavirus-en-italia-y-asesinato-de-lideres-en-colombia-en-cuatro-elementos-del-12-03-2020\/#breadcrumb\",\"itemListElement\":[{\"@type\":\"ListItem\",\"position\":1,\"name\":\"Accueil\",\"item\":\"https:\/\/www.pressenza.com\/es\/\"},{\"@type\":\"ListItem\",\"position\":2,\"name\":\"Coronavirus en Italia y asesinato de l\u00edderes en Colombia en Cuatro Elementos del 12\/03\/2020\"}]},{\"@type\":\"WebSite\",\"@id\":\"https:\/\/www.pressenza.com\/es\/#website\",\"url\":\"https:\/\/www.pressenza.com\/es\/\",\"name\":\"Pressenza\",\"description\":\"International Press Agency\",\"publisher\":{\"@id\":\"https:\/\/www.pressenza.com\/es\/#organization\"},\"potentialAction\":[{\"@type\":\"SearchAction\",\"target\":{\"@type\":\"EntryPoint\",\"urlTemplate\":\"https:\/\/www.pressenza.com\/es\/?s={search_term_string}\"},\"query-input\":{\"@type\":\"PropertyValueSpecification\",\"valueRequired\":true,\"valueName\":\"search_term_string\"}}],\"inLanguage\":\"es\"},{\"@type\":\"Organization\",\"@id\":\"https:\/\/www.pressenza.com\/es\/#organization\",\"name\":\"Pressenza\",\"url\":\"https:\/\/www.pressenza.com\/es\/\",\"logo\":{\"@type\":\"ImageObject\",\"inLanguage\":\"es\",\"@id\":\"https:\/\/www.pressenza.com\/es\/#\/schema\/logo\/image\/\",\"url\":\"https:\/\/www.pressenza.com\/wp-content\/uploads\/2022\/10\/pressenza_logo_200x200.jpg\",\"contentUrl\":\"https:\/\/www.pressenza.com\/wp-content\/uploads\/2022\/10\/pressenza_logo_200x200.jpg\",\"width\":200,\"height\":200,\"caption\":\"Pressenza\"},\"image\":{\"@id\":\"https:\/\/www.pressenza.com\/es\/#\/schema\/logo\/image\/\"},\"sameAs\":[\"https:\/\/www.facebook.com\/PressenzaItalia\",\"https:\/\/x.com\/PressenzaIPA\"]},{\"@type\":\"Person\",\"@id\":\"https:\/\/www.pressenza.com\/es\/#\/schema\/person\/883a735c40665759bcc6fe0c26bcb46f\",\"name\":\"Redacci\u00f3n Ecuador\",\"description\":\"News published by the Pressenza bureau in Quito, Ecuador\",\"url\":\"https:\/\/www.pressenza.com\/es\/author\/redaccion-ecuador\/\"}]}<\/script>\n<!-- \/ Yoast SEO plugin. -->","yoast_head_json":{"title":"Coronavirus en Italia y asesinato de l\u00edderes en Colombia en Cuatro Elementos del 12\/03\/2020","description":"Dos temas acuciantes abordamos en este noveno programa de Cuatro Elementos por Pichincha Universal, el programa de la agencia de noticias Pressenza que","robots":{"index":"index","follow":"follow","max-snippet":"max-snippet:-1","max-image-preview":"max-image-preview:large","max-video-preview":"max-video-preview:-1"},"canonical":"https:\/\/www.pressenza.com\/es\/2020\/03\/coronavirus-en-italia-y-asesinato-de-lideres-en-colombia-en-cuatro-elementos-del-12-03-2020\/","og_locale":"es_ES","og_type":"article","og_title":"Coronavirus en Italia y asesinato de l\u00edderes en Colombia en Cuatro Elementos del 12\/03\/2020","og_description":"Dos temas acuciantes abordamos en este noveno programa de Cuatro Elementos por Pichincha Universal, el programa de la agencia de noticias Pressenza que","og_url":"https:\/\/www.pressenza.com\/es\/2020\/03\/coronavirus-en-italia-y-asesinato-de-lideres-en-colombia-en-cuatro-elementos-del-12-03-2020\/","og_site_name":"Pressenza","article_publisher":"https:\/\/www.facebook.com\/PressenzaItalia","article_published_time":"2020-03-15T18:57:59+00:00","og_image":[{"width":2000,"height":1545,"url":"https:\/\/www.pressenza.com\/wp-content\/uploads\/2020\/03\/Cuatro-Elementos-entrevistas-15.jpg","type":"image\/jpeg"}],"author":"Redacci\u00f3n Ecuador","twitter_card":"summary_large_image","twitter_creator":"@PressenzaIPA","twitter_site":"@PressenzaIPA","twitter_misc":{"Escrito por":"Redacci\u00f3n Ecuador","Tiempo de lectura":"5 minutos"},"schema":{"@context":"https:\/\/schema.org","@graph":[{"@type":"Article","@id":"https:\/\/www.pressenza.com\/es\/2020\/03\/coronavirus-en-italia-y-asesinato-de-lideres-en-colombia-en-cuatro-elementos-del-12-03-2020\/#article","isPartOf":{"@id":"https:\/\/www.pressenza.com\/es\/2020\/03\/coronavirus-en-italia-y-asesinato-de-lideres-en-colombia-en-cuatro-elementos-del-12-03-2020\/"},"author":{"name":"Redacci\u00f3n Ecuador","@id":"https:\/\/www.pressenza.com\/es\/#\/schema\/person\/883a735c40665759bcc6fe0c26bcb46f"},"headline":"Coronavirus en Italia y asesinato de l\u00edderes en Colombia en Cuatro Elementos del 12\/03\/2020","datePublished":"2020-03-15T18:57:59+00:00","mainEntityOfPage":{"@id":"https:\/\/www.pressenza.com\/es\/2020\/03\/coronavirus-en-italia-y-asesinato-de-lideres-en-colombia-en-cuatro-elementos-del-12-03-2020\/"},"wordCount":955,"publisher":{"@id":"https:\/\/www.pressenza.com\/es\/#organization"},"image":{"@id":"https:\/\/www.pressenza.com\/es\/2020\/03\/coronavirus-en-italia-y-asesinato-de-lideres-en-colombia-en-cuatro-elementos-del-12-03-2020\/#primaryimage"},"thumbnailUrl":"https:\/\/www.pressenza.com\/wp-content\/uploads\/2020\/03\/Cuatro-Elementos-entrevistas-15.jpg","keywords":["4 Elementos","asesinato de l\u00edderes sociales","Colombia","coronav\u00edrus","COVID-19","Cuatro Elementos","Derechos humanos","Italia","memoria","Pichincha Universal","Pressenza Internacional","radio"],"articleSection":["Contenido Original","Derechos Humanos","Internacional","Radio","Salud"],"inLanguage":"es"},{"@type":"WebPage","@id":"https:\/\/www.pressenza.com\/es\/2020\/03\/coronavirus-en-italia-y-asesinato-de-lideres-en-colombia-en-cuatro-elementos-del-12-03-2020\/","url":"https:\/\/www.pressenza.com\/es\/2020\/03\/coronavirus-en-italia-y-asesinato-de-lideres-en-colombia-en-cuatro-elementos-del-12-03-2020\/","name":"Coronavirus en Italia y asesinato de l\u00edderes en Colombia en Cuatro Elementos del 12\/03\/2020","isPartOf":{"@id":"https:\/\/www.pressenza.com\/es\/#website"},"primaryImageOfPage":{"@id":"https:\/\/www.pressenza.com\/es\/2020\/03\/coronavirus-en-italia-y-asesinato-de-lideres-en-colombia-en-cuatro-elementos-del-12-03-2020\/#primaryimage"},"image":{"@id":"https:\/\/www.pressenza.com\/es\/2020\/03\/coronavirus-en-italia-y-asesinato-de-lideres-en-colombia-en-cuatro-elementos-del-12-03-2020\/#primaryimage"},"thumbnailUrl":"https:\/\/www.pressenza.com\/wp-content\/uploads\/2020\/03\/Cuatro-Elementos-entrevistas-15.jpg","datePublished":"2020-03-15T18:57:59+00:00","description":"Dos temas acuciantes abordamos en este noveno programa de Cuatro Elementos por Pichincha Universal, el programa de la agencia de noticias Pressenza que","breadcrumb":{"@id":"https:\/\/www.pressenza.com\/es\/2020\/03\/coronavirus-en-italia-y-asesinato-de-lideres-en-colombia-en-cuatro-elementos-del-12-03-2020\/#breadcrumb"},"inLanguage":"es","potentialAction":[{"@type":"ReadAction","target":["https:\/\/www.pressenza.com\/es\/2020\/03\/coronavirus-en-italia-y-asesinato-de-lideres-en-colombia-en-cuatro-elementos-del-12-03-2020\/"]}]},{"@type":"ImageObject","inLanguage":"es","@id":"https:\/\/www.pressenza.com\/es\/2020\/03\/coronavirus-en-italia-y-asesinato-de-lideres-en-colombia-en-cuatro-elementos-del-12-03-2020\/#primaryimage","url":"https:\/\/www.pressenza.com\/wp-content\/uploads\/2020\/03\/Cuatro-Elementos-entrevistas-15.jpg","contentUrl":"https:\/\/www.pressenza.com\/wp-content\/uploads\/2020\/03\/Cuatro-Elementos-entrevistas-15.jpg","width":2000,"height":1545},{"@type":"BreadcrumbList","@id":"https:\/\/www.pressenza.com\/es\/2020\/03\/coronavirus-en-italia-y-asesinato-de-lideres-en-colombia-en-cuatro-elementos-del-12-03-2020\/#breadcrumb","itemListElement":[{"@type":"ListItem","position":1,"name":"Accueil","item":"https:\/\/www.pressenza.com\/es\/"},{"@type":"ListItem","position":2,"name":"Coronavirus en Italia y asesinato de l\u00edderes en Colombia en Cuatro Elementos del 12\/03\/2020"}]},{"@type":"WebSite","@id":"https:\/\/www.pressenza.com\/es\/#website","url":"https:\/\/www.pressenza.com\/es\/","name":"Pressenza","description":"International Press Agency","publisher":{"@id":"https:\/\/www.pressenza.com\/es\/#organization"},"potentialAction":[{"@type":"SearchAction","target":{"@type":"EntryPoint","urlTemplate":"https:\/\/www.pressenza.com\/es\/?s={search_term_string}"},"query-input":{"@type":"PropertyValueSpecification","valueRequired":true,"valueName":"search_term_string"}}],"inLanguage":"es"},{"@type":"Organization","@id":"https:\/\/www.pressenza.com\/es\/#organization","name":"Pressenza","url":"https:\/\/www.pressenza.com\/es\/","logo":{"@type":"ImageObject","inLanguage":"es","@id":"https:\/\/www.pressenza.com\/es\/#\/schema\/logo\/image\/","url":"https:\/\/www.pressenza.com\/wp-content\/uploads\/2022\/10\/pressenza_logo_200x200.jpg","contentUrl":"https:\/\/www.pressenza.com\/wp-content\/uploads\/2022\/10\/pressenza_logo_200x200.jpg","width":200,"height":200,"caption":"Pressenza"},"image":{"@id":"https:\/\/www.pressenza.com\/es\/#\/schema\/logo\/image\/"},"sameAs":["https:\/\/www.facebook.com\/PressenzaItalia","https:\/\/x.com\/PressenzaIPA"]},{"@type":"Person","@id":"https:\/\/www.pressenza.com\/es\/#\/schema\/person\/883a735c40665759bcc6fe0c26bcb46f","name":"Redacci\u00f3n Ecuador","description":"News published by the Pressenza bureau in Quito, Ecuador","url":"https:\/\/www.pressenza.com\/es\/author\/redaccion-ecuador\/"}]}},"place":"Quito - Buenos Aires - Santiago de Chile - C\u00e1diz - Medell\u00edn - Mil\u00e1n","original_article_url":"","_links":{"self":[{"href":"https:\/\/www.pressenza.com\/es\/wp-json\/wp\/v2\/posts\/1059100","targetHints":{"allow":["GET"]}}],"collection":[{"href":"https:\/\/www.pressenza.com\/es\/wp-json\/wp\/v2\/posts"}],"about":[{"href":"https:\/\/www.pressenza.com\/es\/wp-json\/wp\/v2\/types\/post"}],"author":[{"embeddable":true,"href":"https:\/\/www.pressenza.com\/es\/wp-json\/wp\/v2\/users\/1011"}],"replies":[{"embeddable":true,"href":"https:\/\/www.pressenza.com\/es\/wp-json\/wp\/v2\/comments?post=1059100"}],"version-history":[{"count":0,"href":"https:\/\/www.pressenza.com\/es\/wp-json\/wp\/v2\/posts\/1059100\/revisions"}],"wp:featuredmedia":[{"embeddable":true,"href":"https:\/\/www.pressenza.com\/es\/wp-json\/wp\/v2\/media\/1059102"}],"wp:attachment":[{"href":"https:\/\/www.pressenza.com\/es\/wp-json\/wp\/v2\/media?parent=1059100"}],"wp:term":[{"taxonomy":"category","embeddable":true,"href":"https:\/\/www.pressenza.com\/es\/wp-json\/wp\/v2\/categories?post=1059100"},{"taxonomy":"post_tag","embeddable":true,"href":"https:\/\/www.pressenza.com\/es\/wp-json\/wp\/v2\/tags?post=1059100"}],"curies":[{"name":"wp","href":"https:\/\/api.w.org\/{rel}","templated":true}]}}