{"id":1057726,"date":"2020-03-13T15:17:49","date_gmt":"2020-03-13T15:17:49","guid":{"rendered":"https:\/\/www.pressenza.com\/?p=1057726"},"modified":"2020-03-13T15:17:49","modified_gmt":"2020-03-13T15:17:49","slug":"militares-en-sus-cuarteles","status":"publish","type":"post","link":"https:\/\/www.pressenza.com\/es\/2020\/03\/militares-en-sus-cuarteles\/","title":{"rendered":"Militares en sus cuarteles"},"content":{"rendered":"<blockquote><p>Todo parece indicar que, dada la crisis institucional y la nula credibilidad de Pi\u00f1era, la iniciativa sobre \u201cinfraestructura cr\u00edtica\u201d parece m\u00e1s bien una pantalla del gobierno para apuntar a otro objetivo: obtener el apoyo de los militares para contrarrestar, mediante la pol\u00edtica del miedo, la actual rebeld\u00eda ciudadana que ha debilitado la autoridad.<\/p><\/blockquote>\n<p>El presidente Pi\u00f1era impulsa un peligroso proyecto de reforma constitucional, que le permite enviar a los militares a la calle, sin necesidad de declarar el Estado de Excepci\u00f3n. El argumento se sostiene en la necesidad de proteger la \u201cinfraestructura cr\u00edtica\u201d. Se trata de una iniciativa que debilita la democracia y que puede agravar a\u00fan m\u00e1s las violaciones a los derechos humanos. Por ello, resulta sorprendente que obtuviera la aprobaci\u00f3n del Senado, incluidos gran parte de opositores, y, recientemente, el de la Comisi\u00f3n Constitucional de la C\u00e1mara de Diputados.<\/p>\n<p>El gobierno justifica su propuesta con el argumento que, dada la convulsi\u00f3n social, resulta necesario cuidar puertos, aeropuertos, empresas de energ\u00eda, agua, etc. Y, sostiene que ello permitir\u00e1 a Carabineros no desviarse de su tarea principal: la represi\u00f3n a los manifestantes movilizados.<\/p>\n<p>Es preocupante que no se haya precisado lo que se entiende por \u201cinfraestructura cr\u00edtica\u201d, lo que ha llevado al constitucionalista, Claudio Nash, a concluir que eventualmente las fuerzas militares podr\u00edan incluso copar el Congreso y los Tribunales de Justicia. As\u00ed las cosas, el pa\u00eds podr\u00eda caer en la doctrina de la \u201cseguridad nacional\u201d, lo que convertir\u00eda nuevamente a los militares en enemigos de los civiles movilizados.<\/p>\n<p>La iniciativa resulta sorprendente, toda vez que durante los cinco meses de protestas no ha sido atacada \u201cinfraestructura cr\u00edtica\u201d alguna y, en cambio, s\u00ed han sido atacadas personas, con graves violaciones a sus derechos.\u00a0 Consecuentemente, los militares en la calle probablemente multiplicar\u00e1n las denuncias nacionales e internacionales sobre violaciones a los derechos humanos.<\/p>\n<p>Todo parece indicar que, dada la crisis institucional y la nula credibilidad de Pi\u00f1era, la iniciativa sobre \u201cinfraestructura cr\u00edtica\u201d parece m\u00e1s bien una pantalla del gobierno para apuntar a otro objetivo: obtener el apoyo de los militares para contrarrestar, mediante la pol\u00edtica del miedo, la actual rebeld\u00eda ciudadana que ha debilitado la autoridad.<\/p>\n<p>El proyecto original contemplaba incluso una delicada disposici\u00f3n sobre exenci\u00f3n de responsabilidad penal para el personal militar que participara en la defensa de la \u201cinfraestructura cr\u00edtica\u201d, lo que felizmente fue desechado por los senadores.<\/p>\n<p>No es posible encontrar una razonable justificaci\u00f3n para la presencia de efectivos militares en el resguardo de instalaciones cr\u00edticas. La teor\u00eda de los \u201cenemigos poderosos e implacables\u201d perdi\u00f3 toda credibilidad, como tambi\u00e9n la injerencia extranjera con la tecnolog\u00eda Big Data. Adem\u00e1s, nuestro pa\u00eds no vive, como en Europa, la amenaza del terrorismo. Nada justifica, entonces, que se asigne a militares el resguardo del orden interno, cualquiera sea su naturaleza. \u00a0Por ello, la aprobaci\u00f3n en el Senado por 28 votos contra 12, del proyecto resulta inexplicable.<\/p>\n<p>Si llegase a aprobarse el proyecto en el pleno de la C\u00e1mara de Diputados, Pi\u00f1era quedar\u00eda investido de facultades discrecionales, en momentos que ha perdido toda legitimidad para gobernar. \u00a0En segundo lugar, se desviar\u00eda a las Fuerzas Armadas de su misi\u00f3n originaria, consistente en la defensa de la Naci\u00f3n ante una agresi\u00f3n externa. Tercero, politizar\u00eda a\u00fan m\u00e1s a los militares, poniendo en evidencia su condici\u00f3n de gendarmes de los intereses de los ricos del pa\u00eds. Finalmente, expondr\u00eda a las FF.AA. al duro estr\u00e9s de las violaciones a los derechos humanos.<\/p>\n<p>En suma, el proyecto es una amenaza directa a nuestra democracia y, en ning\u00fan caso, ayudar\u00e1 en la protecci\u00f3n de la \u201cinfraestructura cr\u00edtica\u201d. Si llegara a aprobarse ser\u00e1 una bofetada al Chile movilizado y un portazo a sus leg\u00edtimas demandas. Los militares deben permanecer en sus cuarteles.<\/p>\n","protected":false},"excerpt":{"rendered":"<p>Todo parece indicar que, dada la crisis institucional y la nula credibilidad de Pi\u00f1era, la iniciativa sobre \u201cinfraestructura cr\u00edtica\u201d parece m\u00e1s bien una pantalla del gobierno para apuntar a otro objetivo: obtener el apoyo de los militares para contrarrestar, mediante&hellip;<\/p>\n","protected":false},"author":1451,"featured_media":1057727,"comment_status":"closed","ping_status":"closed","sticky":false,"template":"","format":"standard","meta":{"footnotes":""},"categories":[11389,161,74,67],"tags":[29,55119,652],"class_list":["post-1057726","post","type-post","status-publish","format-standard","has-post-thumbnail","hentry","category-contenido-original","category-opiniones","category-politica-es","category-sudamerica","tag-chile","tag-militares-es","tag-sebastian-pinera"],"yoast_head":"<!-- This site is optimized with the Yoast SEO plugin v27.1.1 - https:\/\/yoast.com\/product\/yoast-seo-wordpress\/ -->\n<title>Militares en sus cuarteles<\/title>\n<meta name=\"description\" content=\"Militares en sus cuarteles\" \/>\n<meta name=\"robots\" content=\"index, follow, max-snippet:-1, max-image-preview:large, max-video-preview:-1\" \/>\n<link rel=\"canonical\" href=\"https:\/\/www.pressenza.com\/es\/2020\/03\/militares-en-sus-cuarteles\/\" \/>\n<meta property=\"og:locale\" content=\"es_ES\" \/>\n<meta property=\"og:type\" content=\"article\" \/>\n<meta property=\"og:title\" content=\"Militares en sus cuarteles\" \/>\n<meta property=\"og:description\" content=\"Militares en sus cuarteles\" \/>\n<meta property=\"og:url\" content=\"https:\/\/www.pressenza.com\/es\/2020\/03\/militares-en-sus-cuarteles\/\" \/>\n<meta property=\"og:site_name\" content=\"Pressenza\" \/>\n<meta property=\"article:publisher\" content=\"https:\/\/www.facebook.com\/PressenzaItalia\" \/>\n<meta property=\"article:published_time\" content=\"2020-03-13T15:17:49+00:00\" \/>\n<meta property=\"og:image\" content=\"https:\/\/www.pressenza.com\/wp-content\/uploads\/2020\/03\/militares-1024x683.jpg\" \/>\n\t<meta property=\"og:image:width\" content=\"1024\" \/>\n\t<meta property=\"og:image:height\" content=\"683\" \/>\n\t<meta property=\"og:image:type\" content=\"image\/jpeg\" \/>\n<meta name=\"author\" content=\"Roberto Pizarro\" \/>\n<meta name=\"twitter:card\" content=\"summary_large_image\" \/>\n<meta name=\"twitter:creator\" content=\"@PressenzaIPA\" \/>\n<meta name=\"twitter:site\" content=\"@PressenzaIPA\" \/>\n<meta name=\"twitter:label1\" content=\"Escrito por\" \/>\n\t<meta name=\"twitter:data1\" content=\"Roberto Pizarro\" \/>\n\t<meta name=\"twitter:label2\" content=\"Tiempo de lectura\" \/>\n\t<meta name=\"twitter:data2\" content=\"3 minutos\" \/>\n<script type=\"application\/ld+json\" class=\"yoast-schema-graph\">{\"@context\":\"https:\/\/schema.org\",\"@graph\":[{\"@type\":\"Article\",\"@id\":\"https:\/\/www.pressenza.com\/es\/2020\/03\/militares-en-sus-cuarteles\/#article\",\"isPartOf\":{\"@id\":\"https:\/\/www.pressenza.com\/es\/2020\/03\/militares-en-sus-cuarteles\/\"},\"author\":{\"name\":\"Roberto Pizarro\",\"@id\":\"https:\/\/www.pressenza.com\/es\/#\/schema\/person\/622524797ea4e3bf162461cbc6b81e29\"},\"headline\":\"Militares en sus cuarteles\",\"datePublished\":\"2020-03-13T15:17:49+00:00\",\"mainEntityOfPage\":{\"@id\":\"https:\/\/www.pressenza.com\/es\/2020\/03\/militares-en-sus-cuarteles\/\"},\"wordCount\":671,\"publisher\":{\"@id\":\"https:\/\/www.pressenza.com\/es\/#organization\"},\"image\":{\"@id\":\"https:\/\/www.pressenza.com\/es\/2020\/03\/militares-en-sus-cuarteles\/#primaryimage\"},\"thumbnailUrl\":\"https:\/\/www.pressenza.com\/wp-content\/uploads\/2020\/03\/militares-1024x683.jpg\",\"keywords\":[\"Chile\",\"militares\",\"Sebasti\u00e1n Pi\u00f1era\"],\"articleSection\":[\"Contenido Original\",\"Opiniones\",\"Pol\u00edtica\",\"Sudam\u00e9rica\"],\"inLanguage\":\"es\"},{\"@type\":\"WebPage\",\"@id\":\"https:\/\/www.pressenza.com\/es\/2020\/03\/militares-en-sus-cuarteles\/\",\"url\":\"https:\/\/www.pressenza.com\/es\/2020\/03\/militares-en-sus-cuarteles\/\",\"name\":\"Militares en sus cuarteles\",\"isPartOf\":{\"@id\":\"https:\/\/www.pressenza.com\/es\/#website\"},\"primaryImageOfPage\":{\"@id\":\"https:\/\/www.pressenza.com\/es\/2020\/03\/militares-en-sus-cuarteles\/#primaryimage\"},\"image\":{\"@id\":\"https:\/\/www.pressenza.com\/es\/2020\/03\/militares-en-sus-cuarteles\/#primaryimage\"},\"thumbnailUrl\":\"https:\/\/www.pressenza.com\/wp-content\/uploads\/2020\/03\/militares-1024x683.jpg\",\"datePublished\":\"2020-03-13T15:17:49+00:00\",\"description\":\"Militares en sus cuarteles\",\"breadcrumb\":{\"@id\":\"https:\/\/www.pressenza.com\/es\/2020\/03\/militares-en-sus-cuarteles\/#breadcrumb\"},\"inLanguage\":\"es\",\"potentialAction\":[{\"@type\":\"ReadAction\",\"target\":[\"https:\/\/www.pressenza.com\/es\/2020\/03\/militares-en-sus-cuarteles\/\"]}]},{\"@type\":\"ImageObject\",\"inLanguage\":\"es\",\"@id\":\"https:\/\/www.pressenza.com\/es\/2020\/03\/militares-en-sus-cuarteles\/#primaryimage\",\"url\":\"https:\/\/www.pressenza.com\/wp-content\/uploads\/2020\/03\/militares-1024x683.jpg\",\"contentUrl\":\"https:\/\/www.pressenza.com\/wp-content\/uploads\/2020\/03\/militares-1024x683.jpg\",\"width\":1024,\"height\":683},{\"@type\":\"BreadcrumbList\",\"@id\":\"https:\/\/www.pressenza.com\/es\/2020\/03\/militares-en-sus-cuarteles\/#breadcrumb\",\"itemListElement\":[{\"@type\":\"ListItem\",\"position\":1,\"name\":\"Accueil\",\"item\":\"https:\/\/www.pressenza.com\/es\/\"},{\"@type\":\"ListItem\",\"position\":2,\"name\":\"Militares en sus cuarteles\"}]},{\"@type\":\"WebSite\",\"@id\":\"https:\/\/www.pressenza.com\/es\/#website\",\"url\":\"https:\/\/www.pressenza.com\/es\/\",\"name\":\"Pressenza\",\"description\":\"International Press Agency\",\"publisher\":{\"@id\":\"https:\/\/www.pressenza.com\/es\/#organization\"},\"potentialAction\":[{\"@type\":\"SearchAction\",\"target\":{\"@type\":\"EntryPoint\",\"urlTemplate\":\"https:\/\/www.pressenza.com\/es\/?s={search_term_string}\"},\"query-input\":{\"@type\":\"PropertyValueSpecification\",\"valueRequired\":true,\"valueName\":\"search_term_string\"}}],\"inLanguage\":\"es\"},{\"@type\":\"Organization\",\"@id\":\"https:\/\/www.pressenza.com\/es\/#organization\",\"name\":\"Pressenza\",\"url\":\"https:\/\/www.pressenza.com\/es\/\",\"logo\":{\"@type\":\"ImageObject\",\"inLanguage\":\"es\",\"@id\":\"https:\/\/www.pressenza.com\/es\/#\/schema\/logo\/image\/\",\"url\":\"https:\/\/www.pressenza.com\/wp-content\/uploads\/2022\/10\/pressenza_logo_200x200.jpg\",\"contentUrl\":\"https:\/\/www.pressenza.com\/wp-content\/uploads\/2022\/10\/pressenza_logo_200x200.jpg\",\"width\":200,\"height\":200,\"caption\":\"Pressenza\"},\"image\":{\"@id\":\"https:\/\/www.pressenza.com\/es\/#\/schema\/logo\/image\/\"},\"sameAs\":[\"https:\/\/www.facebook.com\/PressenzaItalia\",\"https:\/\/x.com\/PressenzaIPA\"]},{\"@type\":\"Person\",\"@id\":\"https:\/\/www.pressenza.com\/es\/#\/schema\/person\/622524797ea4e3bf162461cbc6b81e29\",\"name\":\"Roberto Pizarro\",\"url\":\"https:\/\/www.pressenza.com\/es\/author\/roberto-pizarro\/\"}]}<\/script>\n<!-- \/ Yoast SEO plugin. -->","yoast_head_json":{"title":"Militares en sus cuarteles","description":"Militares en sus cuarteles","robots":{"index":"index","follow":"follow","max-snippet":"max-snippet:-1","max-image-preview":"max-image-preview:large","max-video-preview":"max-video-preview:-1"},"canonical":"https:\/\/www.pressenza.com\/es\/2020\/03\/militares-en-sus-cuarteles\/","og_locale":"es_ES","og_type":"article","og_title":"Militares en sus cuarteles","og_description":"Militares en sus cuarteles","og_url":"https:\/\/www.pressenza.com\/es\/2020\/03\/militares-en-sus-cuarteles\/","og_site_name":"Pressenza","article_publisher":"https:\/\/www.facebook.com\/PressenzaItalia","article_published_time":"2020-03-13T15:17:49+00:00","og_image":[{"width":1024,"height":683,"url":"https:\/\/www.pressenza.com\/wp-content\/uploads\/2020\/03\/militares-1024x683.jpg","type":"image\/jpeg"}],"author":"Roberto Pizarro","twitter_card":"summary_large_image","twitter_creator":"@PressenzaIPA","twitter_site":"@PressenzaIPA","twitter_misc":{"Escrito por":"Roberto Pizarro","Tiempo de lectura":"3 minutos"},"schema":{"@context":"https:\/\/schema.org","@graph":[{"@type":"Article","@id":"https:\/\/www.pressenza.com\/es\/2020\/03\/militares-en-sus-cuarteles\/#article","isPartOf":{"@id":"https:\/\/www.pressenza.com\/es\/2020\/03\/militares-en-sus-cuarteles\/"},"author":{"name":"Roberto Pizarro","@id":"https:\/\/www.pressenza.com\/es\/#\/schema\/person\/622524797ea4e3bf162461cbc6b81e29"},"headline":"Militares en sus cuarteles","datePublished":"2020-03-13T15:17:49+00:00","mainEntityOfPage":{"@id":"https:\/\/www.pressenza.com\/es\/2020\/03\/militares-en-sus-cuarteles\/"},"wordCount":671,"publisher":{"@id":"https:\/\/www.pressenza.com\/es\/#organization"},"image":{"@id":"https:\/\/www.pressenza.com\/es\/2020\/03\/militares-en-sus-cuarteles\/#primaryimage"},"thumbnailUrl":"https:\/\/www.pressenza.com\/wp-content\/uploads\/2020\/03\/militares-1024x683.jpg","keywords":["Chile","militares","Sebasti\u00e1n Pi\u00f1era"],"articleSection":["Contenido Original","Opiniones","Pol\u00edtica","Sudam\u00e9rica"],"inLanguage":"es"},{"@type":"WebPage","@id":"https:\/\/www.pressenza.com\/es\/2020\/03\/militares-en-sus-cuarteles\/","url":"https:\/\/www.pressenza.com\/es\/2020\/03\/militares-en-sus-cuarteles\/","name":"Militares en sus cuarteles","isPartOf":{"@id":"https:\/\/www.pressenza.com\/es\/#website"},"primaryImageOfPage":{"@id":"https:\/\/www.pressenza.com\/es\/2020\/03\/militares-en-sus-cuarteles\/#primaryimage"},"image":{"@id":"https:\/\/www.pressenza.com\/es\/2020\/03\/militares-en-sus-cuarteles\/#primaryimage"},"thumbnailUrl":"https:\/\/www.pressenza.com\/wp-content\/uploads\/2020\/03\/militares-1024x683.jpg","datePublished":"2020-03-13T15:17:49+00:00","description":"Militares en sus cuarteles","breadcrumb":{"@id":"https:\/\/www.pressenza.com\/es\/2020\/03\/militares-en-sus-cuarteles\/#breadcrumb"},"inLanguage":"es","potentialAction":[{"@type":"ReadAction","target":["https:\/\/www.pressenza.com\/es\/2020\/03\/militares-en-sus-cuarteles\/"]}]},{"@type":"ImageObject","inLanguage":"es","@id":"https:\/\/www.pressenza.com\/es\/2020\/03\/militares-en-sus-cuarteles\/#primaryimage","url":"https:\/\/www.pressenza.com\/wp-content\/uploads\/2020\/03\/militares-1024x683.jpg","contentUrl":"https:\/\/www.pressenza.com\/wp-content\/uploads\/2020\/03\/militares-1024x683.jpg","width":1024,"height":683},{"@type":"BreadcrumbList","@id":"https:\/\/www.pressenza.com\/es\/2020\/03\/militares-en-sus-cuarteles\/#breadcrumb","itemListElement":[{"@type":"ListItem","position":1,"name":"Accueil","item":"https:\/\/www.pressenza.com\/es\/"},{"@type":"ListItem","position":2,"name":"Militares en sus cuarteles"}]},{"@type":"WebSite","@id":"https:\/\/www.pressenza.com\/es\/#website","url":"https:\/\/www.pressenza.com\/es\/","name":"Pressenza","description":"International Press Agency","publisher":{"@id":"https:\/\/www.pressenza.com\/es\/#organization"},"potentialAction":[{"@type":"SearchAction","target":{"@type":"EntryPoint","urlTemplate":"https:\/\/www.pressenza.com\/es\/?s={search_term_string}"},"query-input":{"@type":"PropertyValueSpecification","valueRequired":true,"valueName":"search_term_string"}}],"inLanguage":"es"},{"@type":"Organization","@id":"https:\/\/www.pressenza.com\/es\/#organization","name":"Pressenza","url":"https:\/\/www.pressenza.com\/es\/","logo":{"@type":"ImageObject","inLanguage":"es","@id":"https:\/\/www.pressenza.com\/es\/#\/schema\/logo\/image\/","url":"https:\/\/www.pressenza.com\/wp-content\/uploads\/2022\/10\/pressenza_logo_200x200.jpg","contentUrl":"https:\/\/www.pressenza.com\/wp-content\/uploads\/2022\/10\/pressenza_logo_200x200.jpg","width":200,"height":200,"caption":"Pressenza"},"image":{"@id":"https:\/\/www.pressenza.com\/es\/#\/schema\/logo\/image\/"},"sameAs":["https:\/\/www.facebook.com\/PressenzaItalia","https:\/\/x.com\/PressenzaIPA"]},{"@type":"Person","@id":"https:\/\/www.pressenza.com\/es\/#\/schema\/person\/622524797ea4e3bf162461cbc6b81e29","name":"Roberto Pizarro","url":"https:\/\/www.pressenza.com\/es\/author\/roberto-pizarro\/"}]}},"place":"Santiago de Chile","original_article_url":"","_links":{"self":[{"href":"https:\/\/www.pressenza.com\/es\/wp-json\/wp\/v2\/posts\/1057726","targetHints":{"allow":["GET"]}}],"collection":[{"href":"https:\/\/www.pressenza.com\/es\/wp-json\/wp\/v2\/posts"}],"about":[{"href":"https:\/\/www.pressenza.com\/es\/wp-json\/wp\/v2\/types\/post"}],"author":[{"embeddable":true,"href":"https:\/\/www.pressenza.com\/es\/wp-json\/wp\/v2\/users\/1451"}],"replies":[{"embeddable":true,"href":"https:\/\/www.pressenza.com\/es\/wp-json\/wp\/v2\/comments?post=1057726"}],"version-history":[{"count":0,"href":"https:\/\/www.pressenza.com\/es\/wp-json\/wp\/v2\/posts\/1057726\/revisions"}],"wp:featuredmedia":[{"embeddable":true,"href":"https:\/\/www.pressenza.com\/es\/wp-json\/wp\/v2\/media\/1057727"}],"wp:attachment":[{"href":"https:\/\/www.pressenza.com\/es\/wp-json\/wp\/v2\/media?parent=1057726"}],"wp:term":[{"taxonomy":"category","embeddable":true,"href":"https:\/\/www.pressenza.com\/es\/wp-json\/wp\/v2\/categories?post=1057726"},{"taxonomy":"post_tag","embeddable":true,"href":"https:\/\/www.pressenza.com\/es\/wp-json\/wp\/v2\/tags?post=1057726"}],"curies":[{"name":"wp","href":"https:\/\/api.w.org\/{rel}","templated":true}]}}