{"id":1057382,"date":"2020-03-12T22:16:32","date_gmt":"2020-03-12T22:16:32","guid":{"rendered":"https:\/\/www.pressenza.com\/?p=1057382"},"modified":"2020-03-12T22:16:32","modified_gmt":"2020-03-12T22:16:32","slug":"colombia-pais-fallido-o-pais-de-ensueno","status":"publish","type":"post","link":"https:\/\/www.pressenza.com\/es\/2020\/03\/colombia-pais-fallido-o-pais-de-ensueno\/","title":{"rendered":"Colombia. Pa\u00eds fallido o pa\u00eds de ensue\u00f1o"},"content":{"rendered":"<p><em>Por <strong>Arturo Prado Lima<\/strong><\/em><\/p>\n<p>Si, Colombia es un pa\u00eds fallido, seg\u00fan los est\u00e1ndares establecidos por las Naciones Unidas y el Derecho Internacional. Pero no lo ve as\u00ed la clase pol\u00edtica y financiera interna y externa. Para ellos, Colombia es un pa\u00eds de ensue\u00f1o. Yo lo veo desde otro \u00e1ngulo. Colombia no cumple con los requisitos m\u00ednimos para que sea catalogado como pa\u00eds en s\u00ed mismo. En primer lugar, no controla el territorio que hoy se llama Colombia. En segundo lugar, no tiene el monopolio de las armas. S\u00ed, tiene una Constituci\u00f3n Pol\u00edtica, y es de car\u00e1cter casi socialista, pero se la pasan por la faja. Este ser\u00eda el tercer punto. Durante d\u00e9cadas, inmensas \u00e1reas estrat\u00e9gicas de Colombia han sido territorio de guerrillas, de narcotraficantes, de paramilitares, hacendados y hasta territorio de nadie. En esas vastas zonas ej\u00e9rcitos revolucionarios, privados, mercenarios, narcos, etc\u0085han promulgado sus propias leyes y organizaci\u00f3n social que el sistema no los conoce, o los conoce y los tolera, ya sea porque no puede con ellos o porque le conviene.<\/p>\n<p>De ah\u00ed tanto desmadre. Hubo un tiempo en que cada sector social, pol\u00edtico y econ\u00f3mico ten\u00eda su propio grupo armado. Los campesinos ten\u00edan a las Fuerzas Armadas Revolucionarias de Colombia, FARC; Los religiosos al Ej\u00e9rcito de Liberaci\u00f3n Nacional (ELN, Activo hasta ahora); los ind\u00edgenas a una guerrilla llamada Quint\u00edn Lame; los obreros al grupo ADO y al Ej\u00e9rcito de Popular de Liberaci\u00f3n, (EPL); los sectores intelectuales y urbanos al Movimiento 19 de Abril (M-19); los narcotraficantes al MAS (Muerte A Secuestradores) y el gobierno y las clases pol\u00edticas y financieras al Ej\u00e9rcito Nacional, y el Ej\u00e9rcito Nacional a las Autodefensas Unidas de Colombia, AUC, y las AUC a miles de\u00a0 paramilitares y mercenarios, y los paramilitares y mercenarios a las bandas delincuenciales de los bajos estratos urbanos.<\/p>\n<p>Hoy en d\u00eda han cambiado las cosas pero sigue m\u00e1s o menos igual. El brazo armado de los ind\u00edgenas, el Quint\u00edn Lame, hizo dejaci\u00f3n de armas y declar\u00f3 a sus tierras como territorios de paz. Hoy, esos territorios de paz son el blanco de militares y paramilitares, terratenientes y narcotraficantes de toda cala\u00f1a que dejan\u00a0 muertos todos los d\u00edas de la semana, los meses y los a\u00f1os. El Ej\u00e9rcito Popular de Liberaci\u00f3n (EPL), tambi\u00e9n se desmoviliz\u00f3 como tal, pero muchos de sus integrantes terminaron asesinados, cerca de\u00a0 dos mil, y los que se salvaron acabaron\u00a0 adscritos a los Servicios de Seguridad del Estado y en mafias alternativas,<\/p>\n<p>Los paramilitares reunidos en las AUC, fueron desmovilizados por el presidente \u00c1lvaro Uribe V\u00e9lez, ide\u00f3logo de esas agrupaciones. Pero hoy nadie sabe d\u00f3nde est\u00e1n y que hacen. Fueron reemplazadas por las denominadas\u00a0 bandas criminales, (Bacrim), nombre con el cual el gobierno de turno y su Ej\u00e9rcito trat\u00f3 de desvincularse de esas organizaciones criminales, al menos ante la opini\u00f3n p\u00fablica, porque en el fondo todo el mundo sabe que el paramilitarismo, su sustento, su financiamiento, su proyecto pol\u00edtico en nada difieren a las antiguas AUC.<\/p>\n<p>Las FARC, despu\u00e9s de medio siglo de guerra, finalmente llegaron a un acuerdo de dejaci\u00f3n de armas en 2017, durante el gobierno de Juan Manuel Santos, con una de las oposiciones m\u00e1s feroces de las derechas fascistas internas como externas, a tal punto que, en dos a\u00f1os de desmovilizaci\u00f3n, los excombatientes han sido v\u00edctimas de montajes judiciales de la fiscal\u00eda colombiana y las cortes judiciales de Los Estados Unidos de Am\u00e9rica contra comandantes de esa antigua agrupaci\u00f3n rebelde; hostigamiento continuo a sus campamentos y asesinatos de sus miembros. Al menos 200 han sido ultimados, junto a unos 700 l\u00edderes sociales; otros tres comandantes han vuelto a la armas y el clima de guerra abierta vuelve al pa\u00eds.<\/p>\n<p>Desde hace tres d\u00e9cadas el n\u00famero de combatientes que manejan territorio, armas propias y leyes a su antojo no han dejado de crecer.\u00a0 A finales del per\u00edodo de los a\u00f1os 90 del siglo pasado, como una pol\u00edtica de Estado, se llam\u00f3 a la deserci\u00f3n de guerrilleros para que pasaran a la vida civil con grandes incentivos econ\u00f3micos. Se cre\u00f3 la\u00a0 Oficina Nacional de Reinserci\u00f3n. Y s\u00ed, hubo muchas desersiones, pero esta oficina s\u00f3lo era el trampol\u00edn para que esos antiguos combatientes se pasaran a los ej\u00e9rcitos de paralimiliatres. Los incentivos sub\u00edan considerablemente seg\u00fan las delaciones a sus otros\u00a0compa\u00f1eros y colaboradores de las guerrillas de las que prove\u00edan. Muchos de ellos entregaron toda la informaci\u00f3n real y mucho m\u00e1s. Poblaciones enteras fueron aniquiladas por comandos de mercenarios con el apoyo del Ej\u00e9rcito Colombiano. Desde helic\u00f3pteros artillados, los desertores y ahora pr\u00f3fugos de las guerrillas, indicaban d\u00f3nde deb\u00edan de apuntar las metrallas y las bombas. As\u00ed, el n\u00famero de combatientes sigue creciendo. Lo que ha variado es el equilibrio de fuerzas. Ahora los paramilitares y militares son muy superiores a las fuerzas insurgentes de izquierda.<\/p>\n<p>Hay que agregarle a este desequilibrio, las 9 bases militares que posee Estados Unidos en Colombia. Tambi\u00e9n la pertenencia de Colombia a la Organizaci\u00f3n del Tratado del Atl\u00e1ntico Norte, OTAN, cuya participaci\u00f3n es vista por las fuerzas democr\u00e1ticas del \u00e1rea como la cabeza de playa para intervenir a gobiernos progresistas en Am\u00e9rica Latina.<\/p>\n<p>Colombia es un pa\u00eds fallido. No tiene, hoy en d\u00eda, un sistema judicial acorde a los retos de los tiempos. Todos los desmanes cometidos por estas fuerzas oscuras como asesinatos extrajudiciales (Falsos Positivos), masacres y genocidios, magnicidios y criminalizaci\u00f3n de la protesta social quedan en la m\u00e1s absoluta impunidad. A \u00c1lvaro Uribe V\u00e9lez, uno de los se\u00f1alados como el m\u00e1ximo responsable de cr\u00edmenes de lesa humanidad, y a pesar de que sobre \u00e9l pesan unas 280 denuncias en tribunales nacionales e internacionales, no se atreven a tocarlo. Sigue dictando c\u00e1tedra \u201cdemocr\u00e1tica\u201d, no solo para Colombia, sino para todo el continente.<\/p>\n<p>Con todo este abanico de circunstancias, Colombia lidera el complot contra Venezuela, Bolivia y los foros de Sao Paulo y el Foro De Davos. El Ej\u00e9rcito colombiano y los Paramilitares entrenan mercenarios privados para introducirlos a Venezuela. Tambi\u00e9n entrenan a los grupos de choque contra las manifestaciones ciudadanas que se manifiestas desde hace 2 meses contra del gobierno uribista\u00a0de Iv\u00e1n Duque. Y se ha tomado tan en serio su papel de hermano mayor de los dem\u00e1s pa\u00edses, que la propia Comunidad de Estados Latinoamericanos y del Caribe, CELAC, ha mostrado en su \u00faltima cumbre en M\u00e9xico su preocupaci\u00f3n por la creciente militarizaci\u00f3n de Colombia y su posible uso para intervenciones armadas de EE.UU en el continente.<\/p>\n<p>A nivel interno, la implantaci\u00f3n creciente de las pol\u00edticas de privatizaci\u00f3n de las empresas del Estado, la corrupci\u00f3n galopante, el desprecio total por la vida, la criminalizaci\u00f3n de las protestas sociales, el recorte de derechos sindicales y sociales, hacen de Colombia un pa\u00eds fallido, al menos para los que lo sufren, que es el 95% de la poblaci\u00f3n. Quiz\u00e1s un poco m\u00e1s. A nivel internacional, el imperialismo empu\u00f1a el garrote contra los pueblos del sur a trav\u00e9s de Colombia. Y va m\u00e1s all\u00e1. Un alto mando del ej\u00e9rcito estadounidense, acaba de advertir de que si tiene que enfrentar a la Rep\u00fablica Isl\u00e1mica de Ir\u00e1n, no duda de que su gran amigo, el presidente Iv\u00e1n Duque, le suministrar\u00e1 los apoyos\u00a0\u00a0necesarios.<\/p>\n<p>De hecho, Colombia se ha convertido en un exportador, y muy eficaz, de mercenarios para las guerras de Estados Unidos en el Mundo. Han estado en Afganist\u00e1n, en Irak, y \u00faltimamente muy activos en la agresi\u00f3n militar a Yemen por parte de Arabia Saud\u00ed y Los Emiratos \u00c1rabes Unidos. Sobra decir de lo que estar\u00e1n preparando para cuando decidan invadir Venezuela, o Ecuador, o Bolivia.<\/p>\n<p>Colombia ser\u00e1 un pa\u00eds fallido para la mayor\u00eda de los colombianos mientras la justicia no sea capaz de juzgar a sus criminales. Mientras no consiga el monopolio de las armas, recupere el dominio de su territorio y sea capaz de aplicar la Constituci\u00f3n vigente que garantiza el derecho a la vida, a la educaci\u00f3n, a la salud, a un techo digno, a no ser perseguido por sus ideas pol\u00edticas, religi\u00f3n u orientaci\u00f3n sexual. Si la actual situaci\u00f3n persiste, la \u00fanica v\u00eda es la protesta social, esa que ya va camino de producir resultados en Chile, en Francia, en el propio Irak, en el L\u00edbano;\u00a0 que ya dio sus resultados en Ecuador y que tiene paralizadas las reformas neoliberales en Brasil, por el temor del presidente Jair\u00a0 Bolsonaro a que exploten las masas populares, sobre todo ahora que ha sido liberado el ex presidente Lula Da Silva, uno de los fundadores del Partido de los Trabajadores y la CELAC.<\/p>\n<p>Colombia, s\u00ed es un para\u00edso, el pa\u00eds so\u00f1ado para un pu\u00f1ado de familias hist\u00f3ricas y emergentes que ven al gobierno como garant\u00eda de privilegios y superioridad, cuya existencia justifica todos los m\u00e9todos posibles de defensa como el control de masas, la militarizaci\u00f3n de campos y ciudades, la especializaci\u00f3n de grupos anti protesta social como en Escuadr\u00f3n M\u00f3vil Antidisturbios, ESMAD, cuya abolici\u00f3n reclaman los manifestantes diariamente.<\/p>\n<p>Pa\u00eds fallido o pa\u00eds de ensue\u00f1o. Depende del lado que Usted lo mire. Pero el \u00e1ngulo m\u00e1s ancho para verlo es desde la perspectiva de los de abajo, desde la base social v\u00edctima de la violencia estatal que hoy vive Colombia.<\/p>\n","protected":false},"excerpt":{"rendered":"<p>Por Arturo Prado Lima Si, Colombia es un pa\u00eds fallido, seg\u00fan los est\u00e1ndares establecidos por las Naciones Unidas y el Derecho Internacional. Pero no lo ve as\u00ed la clase pol\u00edtica y financiera interna y externa. Para ellos, Colombia es un&hellip;<\/p>\n","protected":false},"author":1354,"featured_media":1057383,"comment_status":"closed","ping_status":"closed","sticky":false,"template":"","format":"standard","meta":{"footnotes":""},"categories":[161,74,67],"tags":[30,6618,14611,24791],"class_list":["post-1057382","post","type-post","status-publish","format-standard","has-post-thumbnail","hentry","category-opiniones","category-politica-es","category-sudamerica","tag-colombia","tag-farc-es","tag-paramilitares","tag-uribe"],"yoast_head":"<!-- This site is optimized with the Yoast SEO plugin v27.1.1 - https:\/\/yoast.com\/product\/yoast-seo-wordpress\/ -->\n<title>Colombia. Pa\u00eds fallido o pa\u00eds de ensue\u00f1o<\/title>\n<meta name=\"description\" content=\"Por Arturo Prado Lima Si, Colombia es un pa\u00eds fallido, seg\u00fan los est\u00e1ndares establecidos por las Naciones Unidas y el Derecho Internacional. Pero no lo ve\" \/>\n<meta name=\"robots\" content=\"index, follow, max-snippet:-1, max-image-preview:large, max-video-preview:-1\" \/>\n<link rel=\"canonical\" href=\"https:\/\/www.pressenza.com\/es\/2020\/03\/colombia-pais-fallido-o-pais-de-ensueno\/\" \/>\n<meta property=\"og:locale\" content=\"es_ES\" \/>\n<meta property=\"og:type\" content=\"article\" \/>\n<meta property=\"og:title\" content=\"Colombia. Pa\u00eds fallido o pa\u00eds de ensue\u00f1o\" \/>\n<meta property=\"og:description\" content=\"Por Arturo Prado Lima Si, Colombia es un pa\u00eds fallido, seg\u00fan los est\u00e1ndares establecidos por las Naciones Unidas y el Derecho Internacional. Pero no lo ve\" \/>\n<meta property=\"og:url\" content=\"https:\/\/www.pressenza.com\/es\/2020\/03\/colombia-pais-fallido-o-pais-de-ensueno\/\" \/>\n<meta property=\"og:site_name\" content=\"Pressenza\" \/>\n<meta property=\"article:publisher\" content=\"https:\/\/www.facebook.com\/PressenzaItalia\" \/>\n<meta property=\"article:published_time\" content=\"2020-03-12T22:16:32+00:00\" \/>\n<meta property=\"og:image\" content=\"https:\/\/www.pressenza.com\/wp-content\/uploads\/2020\/03\/Jardin-Colombia-Pedro-Szekely.jpg\" \/>\n\t<meta property=\"og:image:width\" content=\"799\" \/>\n\t<meta property=\"og:image:height\" content=\"533\" \/>\n\t<meta property=\"og:image:type\" content=\"image\/jpeg\" \/>\n<meta name=\"author\" content=\"A Voces de Carabanchel\" \/>\n<meta name=\"twitter:card\" content=\"summary_large_image\" \/>\n<meta name=\"twitter:creator\" content=\"@PressenzaIPA\" \/>\n<meta name=\"twitter:site\" content=\"@PressenzaIPA\" \/>\n<meta name=\"twitter:label1\" content=\"Escrito por\" \/>\n\t<meta name=\"twitter:data1\" content=\"A Voces de Carabanchel\" \/>\n\t<meta name=\"twitter:label2\" content=\"Tiempo de lectura\" \/>\n\t<meta name=\"twitter:data2\" content=\"8 minutos\" \/>\n<script type=\"application\/ld+json\" class=\"yoast-schema-graph\">{\"@context\":\"https:\/\/schema.org\",\"@graph\":[{\"@type\":\"Article\",\"@id\":\"https:\/\/www.pressenza.com\/es\/2020\/03\/colombia-pais-fallido-o-pais-de-ensueno\/#article\",\"isPartOf\":{\"@id\":\"https:\/\/www.pressenza.com\/es\/2020\/03\/colombia-pais-fallido-o-pais-de-ensueno\/\"},\"author\":{\"name\":\"A Voces de Carabanchel\",\"@id\":\"https:\/\/www.pressenza.com\/es\/#\/schema\/person\/b737492a0c0b866e1846c08b67f50c2f\"},\"headline\":\"Colombia. Pa\u00eds fallido o pa\u00eds de ensue\u00f1o\",\"datePublished\":\"2020-03-12T22:16:32+00:00\",\"mainEntityOfPage\":{\"@id\":\"https:\/\/www.pressenza.com\/es\/2020\/03\/colombia-pais-fallido-o-pais-de-ensueno\/\"},\"wordCount\":1666,\"publisher\":{\"@id\":\"https:\/\/www.pressenza.com\/es\/#organization\"},\"image\":{\"@id\":\"https:\/\/www.pressenza.com\/es\/2020\/03\/colombia-pais-fallido-o-pais-de-ensueno\/#primaryimage\"},\"thumbnailUrl\":\"https:\/\/www.pressenza.com\/wp-content\/uploads\/2020\/03\/Jardin-Colombia-Pedro-Szekely.jpg\",\"keywords\":[\"Colombia\",\"FARC\",\"Paramilitares\",\"Uribe\"],\"articleSection\":[\"Opiniones\",\"Pol\u00edtica\",\"Sudam\u00e9rica\"],\"inLanguage\":\"es\"},{\"@type\":\"WebPage\",\"@id\":\"https:\/\/www.pressenza.com\/es\/2020\/03\/colombia-pais-fallido-o-pais-de-ensueno\/\",\"url\":\"https:\/\/www.pressenza.com\/es\/2020\/03\/colombia-pais-fallido-o-pais-de-ensueno\/\",\"name\":\"Colombia. Pa\u00eds fallido o pa\u00eds de ensue\u00f1o\",\"isPartOf\":{\"@id\":\"https:\/\/www.pressenza.com\/es\/#website\"},\"primaryImageOfPage\":{\"@id\":\"https:\/\/www.pressenza.com\/es\/2020\/03\/colombia-pais-fallido-o-pais-de-ensueno\/#primaryimage\"},\"image\":{\"@id\":\"https:\/\/www.pressenza.com\/es\/2020\/03\/colombia-pais-fallido-o-pais-de-ensueno\/#primaryimage\"},\"thumbnailUrl\":\"https:\/\/www.pressenza.com\/wp-content\/uploads\/2020\/03\/Jardin-Colombia-Pedro-Szekely.jpg\",\"datePublished\":\"2020-03-12T22:16:32+00:00\",\"description\":\"Por Arturo Prado Lima Si, Colombia es un pa\u00eds fallido, seg\u00fan los est\u00e1ndares establecidos por las Naciones Unidas y el Derecho Internacional. Pero no lo ve\",\"breadcrumb\":{\"@id\":\"https:\/\/www.pressenza.com\/es\/2020\/03\/colombia-pais-fallido-o-pais-de-ensueno\/#breadcrumb\"},\"inLanguage\":\"es\",\"potentialAction\":[{\"@type\":\"ReadAction\",\"target\":[\"https:\/\/www.pressenza.com\/es\/2020\/03\/colombia-pais-fallido-o-pais-de-ensueno\/\"]}]},{\"@type\":\"ImageObject\",\"inLanguage\":\"es\",\"@id\":\"https:\/\/www.pressenza.com\/es\/2020\/03\/colombia-pais-fallido-o-pais-de-ensueno\/#primaryimage\",\"url\":\"https:\/\/www.pressenza.com\/wp-content\/uploads\/2020\/03\/Jardin-Colombia-Pedro-Szekely.jpg\",\"contentUrl\":\"https:\/\/www.pressenza.com\/wp-content\/uploads\/2020\/03\/Jardin-Colombia-Pedro-Szekely.jpg\",\"width\":799,\"height\":533},{\"@type\":\"BreadcrumbList\",\"@id\":\"https:\/\/www.pressenza.com\/es\/2020\/03\/colombia-pais-fallido-o-pais-de-ensueno\/#breadcrumb\",\"itemListElement\":[{\"@type\":\"ListItem\",\"position\":1,\"name\":\"Accueil\",\"item\":\"https:\/\/www.pressenza.com\/es\/\"},{\"@type\":\"ListItem\",\"position\":2,\"name\":\"Colombia. Pa\u00eds fallido o pa\u00eds de ensue\u00f1o\"}]},{\"@type\":\"WebSite\",\"@id\":\"https:\/\/www.pressenza.com\/es\/#website\",\"url\":\"https:\/\/www.pressenza.com\/es\/\",\"name\":\"Pressenza\",\"description\":\"International Press Agency\",\"publisher\":{\"@id\":\"https:\/\/www.pressenza.com\/es\/#organization\"},\"potentialAction\":[{\"@type\":\"SearchAction\",\"target\":{\"@type\":\"EntryPoint\",\"urlTemplate\":\"https:\/\/www.pressenza.com\/es\/?s={search_term_string}\"},\"query-input\":{\"@type\":\"PropertyValueSpecification\",\"valueRequired\":true,\"valueName\":\"search_term_string\"}}],\"inLanguage\":\"es\"},{\"@type\":\"Organization\",\"@id\":\"https:\/\/www.pressenza.com\/es\/#organization\",\"name\":\"Pressenza\",\"url\":\"https:\/\/www.pressenza.com\/es\/\",\"logo\":{\"@type\":\"ImageObject\",\"inLanguage\":\"es\",\"@id\":\"https:\/\/www.pressenza.com\/es\/#\/schema\/logo\/image\/\",\"url\":\"https:\/\/www.pressenza.com\/wp-content\/uploads\/2022\/10\/pressenza_logo_200x200.jpg\",\"contentUrl\":\"https:\/\/www.pressenza.com\/wp-content\/uploads\/2022\/10\/pressenza_logo_200x200.jpg\",\"width\":200,\"height\":200,\"caption\":\"Pressenza\"},\"image\":{\"@id\":\"https:\/\/www.pressenza.com\/es\/#\/schema\/logo\/image\/\"},\"sameAs\":[\"https:\/\/www.facebook.com\/PressenzaItalia\",\"https:\/\/x.com\/PressenzaIPA\"]},{\"@type\":\"Person\",\"@id\":\"https:\/\/www.pressenza.com\/es\/#\/schema\/person\/b737492a0c0b866e1846c08b67f50c2f\",\"name\":\"A Voces de Carabanchel\",\"url\":\"https:\/\/www.pressenza.com\/es\/author\/a-voces-de-carabanchel\/\"}]}<\/script>\n<!-- \/ Yoast SEO plugin. -->","yoast_head_json":{"title":"Colombia. Pa\u00eds fallido o pa\u00eds de ensue\u00f1o","description":"Por Arturo Prado Lima Si, Colombia es un pa\u00eds fallido, seg\u00fan los est\u00e1ndares establecidos por las Naciones Unidas y el Derecho Internacional. Pero no lo ve","robots":{"index":"index","follow":"follow","max-snippet":"max-snippet:-1","max-image-preview":"max-image-preview:large","max-video-preview":"max-video-preview:-1"},"canonical":"https:\/\/www.pressenza.com\/es\/2020\/03\/colombia-pais-fallido-o-pais-de-ensueno\/","og_locale":"es_ES","og_type":"article","og_title":"Colombia. Pa\u00eds fallido o pa\u00eds de ensue\u00f1o","og_description":"Por Arturo Prado Lima Si, Colombia es un pa\u00eds fallido, seg\u00fan los est\u00e1ndares establecidos por las Naciones Unidas y el Derecho Internacional. Pero no lo ve","og_url":"https:\/\/www.pressenza.com\/es\/2020\/03\/colombia-pais-fallido-o-pais-de-ensueno\/","og_site_name":"Pressenza","article_publisher":"https:\/\/www.facebook.com\/PressenzaItalia","article_published_time":"2020-03-12T22:16:32+00:00","og_image":[{"width":799,"height":533,"url":"https:\/\/www.pressenza.com\/wp-content\/uploads\/2020\/03\/Jardin-Colombia-Pedro-Szekely.jpg","type":"image\/jpeg"}],"author":"A Voces de Carabanchel","twitter_card":"summary_large_image","twitter_creator":"@PressenzaIPA","twitter_site":"@PressenzaIPA","twitter_misc":{"Escrito por":"A Voces de Carabanchel","Tiempo de lectura":"8 minutos"},"schema":{"@context":"https:\/\/schema.org","@graph":[{"@type":"Article","@id":"https:\/\/www.pressenza.com\/es\/2020\/03\/colombia-pais-fallido-o-pais-de-ensueno\/#article","isPartOf":{"@id":"https:\/\/www.pressenza.com\/es\/2020\/03\/colombia-pais-fallido-o-pais-de-ensueno\/"},"author":{"name":"A Voces de Carabanchel","@id":"https:\/\/www.pressenza.com\/es\/#\/schema\/person\/b737492a0c0b866e1846c08b67f50c2f"},"headline":"Colombia. Pa\u00eds fallido o pa\u00eds de ensue\u00f1o","datePublished":"2020-03-12T22:16:32+00:00","mainEntityOfPage":{"@id":"https:\/\/www.pressenza.com\/es\/2020\/03\/colombia-pais-fallido-o-pais-de-ensueno\/"},"wordCount":1666,"publisher":{"@id":"https:\/\/www.pressenza.com\/es\/#organization"},"image":{"@id":"https:\/\/www.pressenza.com\/es\/2020\/03\/colombia-pais-fallido-o-pais-de-ensueno\/#primaryimage"},"thumbnailUrl":"https:\/\/www.pressenza.com\/wp-content\/uploads\/2020\/03\/Jardin-Colombia-Pedro-Szekely.jpg","keywords":["Colombia","FARC","Paramilitares","Uribe"],"articleSection":["Opiniones","Pol\u00edtica","Sudam\u00e9rica"],"inLanguage":"es"},{"@type":"WebPage","@id":"https:\/\/www.pressenza.com\/es\/2020\/03\/colombia-pais-fallido-o-pais-de-ensueno\/","url":"https:\/\/www.pressenza.com\/es\/2020\/03\/colombia-pais-fallido-o-pais-de-ensueno\/","name":"Colombia. Pa\u00eds fallido o pa\u00eds de ensue\u00f1o","isPartOf":{"@id":"https:\/\/www.pressenza.com\/es\/#website"},"primaryImageOfPage":{"@id":"https:\/\/www.pressenza.com\/es\/2020\/03\/colombia-pais-fallido-o-pais-de-ensueno\/#primaryimage"},"image":{"@id":"https:\/\/www.pressenza.com\/es\/2020\/03\/colombia-pais-fallido-o-pais-de-ensueno\/#primaryimage"},"thumbnailUrl":"https:\/\/www.pressenza.com\/wp-content\/uploads\/2020\/03\/Jardin-Colombia-Pedro-Szekely.jpg","datePublished":"2020-03-12T22:16:32+00:00","description":"Por Arturo Prado Lima Si, Colombia es un pa\u00eds fallido, seg\u00fan los est\u00e1ndares establecidos por las Naciones Unidas y el Derecho Internacional. Pero no lo ve","breadcrumb":{"@id":"https:\/\/www.pressenza.com\/es\/2020\/03\/colombia-pais-fallido-o-pais-de-ensueno\/#breadcrumb"},"inLanguage":"es","potentialAction":[{"@type":"ReadAction","target":["https:\/\/www.pressenza.com\/es\/2020\/03\/colombia-pais-fallido-o-pais-de-ensueno\/"]}]},{"@type":"ImageObject","inLanguage":"es","@id":"https:\/\/www.pressenza.com\/es\/2020\/03\/colombia-pais-fallido-o-pais-de-ensueno\/#primaryimage","url":"https:\/\/www.pressenza.com\/wp-content\/uploads\/2020\/03\/Jardin-Colombia-Pedro-Szekely.jpg","contentUrl":"https:\/\/www.pressenza.com\/wp-content\/uploads\/2020\/03\/Jardin-Colombia-Pedro-Szekely.jpg","width":799,"height":533},{"@type":"BreadcrumbList","@id":"https:\/\/www.pressenza.com\/es\/2020\/03\/colombia-pais-fallido-o-pais-de-ensueno\/#breadcrumb","itemListElement":[{"@type":"ListItem","position":1,"name":"Accueil","item":"https:\/\/www.pressenza.com\/es\/"},{"@type":"ListItem","position":2,"name":"Colombia. Pa\u00eds fallido o pa\u00eds de ensue\u00f1o"}]},{"@type":"WebSite","@id":"https:\/\/www.pressenza.com\/es\/#website","url":"https:\/\/www.pressenza.com\/es\/","name":"Pressenza","description":"International Press Agency","publisher":{"@id":"https:\/\/www.pressenza.com\/es\/#organization"},"potentialAction":[{"@type":"SearchAction","target":{"@type":"EntryPoint","urlTemplate":"https:\/\/www.pressenza.com\/es\/?s={search_term_string}"},"query-input":{"@type":"PropertyValueSpecification","valueRequired":true,"valueName":"search_term_string"}}],"inLanguage":"es"},{"@type":"Organization","@id":"https:\/\/www.pressenza.com\/es\/#organization","name":"Pressenza","url":"https:\/\/www.pressenza.com\/es\/","logo":{"@type":"ImageObject","inLanguage":"es","@id":"https:\/\/www.pressenza.com\/es\/#\/schema\/logo\/image\/","url":"https:\/\/www.pressenza.com\/wp-content\/uploads\/2022\/10\/pressenza_logo_200x200.jpg","contentUrl":"https:\/\/www.pressenza.com\/wp-content\/uploads\/2022\/10\/pressenza_logo_200x200.jpg","width":200,"height":200,"caption":"Pressenza"},"image":{"@id":"https:\/\/www.pressenza.com\/es\/#\/schema\/logo\/image\/"},"sameAs":["https:\/\/www.facebook.com\/PressenzaItalia","https:\/\/x.com\/PressenzaIPA"]},{"@type":"Person","@id":"https:\/\/www.pressenza.com\/es\/#\/schema\/person\/b737492a0c0b866e1846c08b67f50c2f","name":"A Voces de Carabanchel","url":"https:\/\/www.pressenza.com\/es\/author\/a-voces-de-carabanchel\/"}]}},"place":"Madrid, Espa\u00f1a","original_article_url":"https:\/\/www.avocesdecarabanchel.es\/opinion-secciones\/opinion-colombia-pais-fallido-pais-ensueno","_links":{"self":[{"href":"https:\/\/www.pressenza.com\/es\/wp-json\/wp\/v2\/posts\/1057382","targetHints":{"allow":["GET"]}}],"collection":[{"href":"https:\/\/www.pressenza.com\/es\/wp-json\/wp\/v2\/posts"}],"about":[{"href":"https:\/\/www.pressenza.com\/es\/wp-json\/wp\/v2\/types\/post"}],"author":[{"embeddable":true,"href":"https:\/\/www.pressenza.com\/es\/wp-json\/wp\/v2\/users\/1354"}],"replies":[{"embeddable":true,"href":"https:\/\/www.pressenza.com\/es\/wp-json\/wp\/v2\/comments?post=1057382"}],"version-history":[{"count":0,"href":"https:\/\/www.pressenza.com\/es\/wp-json\/wp\/v2\/posts\/1057382\/revisions"}],"wp:featuredmedia":[{"embeddable":true,"href":"https:\/\/www.pressenza.com\/es\/wp-json\/wp\/v2\/media\/1057383"}],"wp:attachment":[{"href":"https:\/\/www.pressenza.com\/es\/wp-json\/wp\/v2\/media?parent=1057382"}],"wp:term":[{"taxonomy":"category","embeddable":true,"href":"https:\/\/www.pressenza.com\/es\/wp-json\/wp\/v2\/categories?post=1057382"},{"taxonomy":"post_tag","embeddable":true,"href":"https:\/\/www.pressenza.com\/es\/wp-json\/wp\/v2\/tags?post=1057382"}],"curies":[{"name":"wp","href":"https:\/\/api.w.org\/{rel}","templated":true}]}}