{"id":1056597,"date":"2020-03-11T21:05:53","date_gmt":"2020-03-11T21:05:53","guid":{"rendered":"https:\/\/www.pressenza.com\/?p=1056597"},"modified":"2020-03-11T21:05:53","modified_gmt":"2020-03-11T21:05:53","slug":"chile-estudiantes-secundarios-se-toman-los-colegios","status":"publish","type":"post","link":"https:\/\/www.pressenza.com\/es\/2020\/03\/chile-estudiantes-secundarios-se-toman-los-colegios\/","title":{"rendered":"Chile: estudiantes secundarios se toman los colegios"},"content":{"rendered":"<p>En el contexto de que hoy mi\u00e9rcoles 11 de marzo se cumplen dos a\u00f1os desde que\u00a0Sebasti\u00e1n Pi\u00f1era asumiera el gobierno del pa\u00eds, los estudiantes secundarios de por lo menos trece diferentes comunas de Santiago se han tomado sus colegios y liceos o han salido de los establecimientos para congregarse en las avenidas, a modo de protesta y coreando consignas en contra del gobernante.<\/p>\n<p>Tambi\u00e9n hoy se cumplen justamente 30 a\u00f1os desde que Chile saliera de la dictadura c\u00edvico militar de Augusto Pinochet, para comenzar la etapa que se conoce como de \u00abtransici\u00f3n a la democracia\u00bb. Por ello la Asamblea de Estudiantes Secundarios (ACES) hizo un llamado a realizar el \u201cTomazo\u201d o toma masiva de los establecimientos educacionales.<\/p>\n<p>La iniciativa contempl\u00f3 manifestaciones u ocupaciones de colegios, manifestaciones en sus alrededores, tomas de las calles aleda\u00f1as, detenci\u00f3n del tr\u00e1fico, etc&#8230; Hasta el momento m\u00e1s de 13 comunas han registrado movilizaciones en el d\u00eda de hoy. Otros lugares tienen convocatorias para despu\u00e9s de las 14:00 hrs. En varias situaciones se han producido confrontaciones con carabineros.<\/p>\n<p>&nbsp;<\/p>\n<p>&nbsp;<\/p>\n","protected":false},"excerpt":{"rendered":"<p>En el contexto de que hoy mi\u00e9rcoles 11 de marzo se cumplen dos a\u00f1os desde que\u00a0Sebasti\u00e1n Pi\u00f1era asumiera el gobierno del pa\u00eds, los estudiantes secundarios de por lo menos trece diferentes comunas de Santiago se han tomado sus colegios y&hellip;<\/p>\n","protected":false},"author":43,"featured_media":1056600,"comment_status":"closed","ping_status":"closed","sticky":false,"template":"","format":"standard","meta":{"footnotes":""},"categories":[11389,46976,67],"tags":[29,27451,394],"class_list":["post-1056597","post","type-post","status-publish","format-standard","has-post-thumbnail","hentry","category-contenido-original","category-jovenes","category-sudamerica","tag-chile","tag-estudiantes-secundarios","tag-protestas-sociales"],"yoast_head":"<!-- This site is optimized with the Yoast SEO plugin v27.1.1 - https:\/\/yoast.com\/product\/yoast-seo-wordpress\/ -->\n<title>Chile: estudiantes secundarios se toman los colegios<\/title>\n<meta name=\"description\" content=\"Chile: estudiantes secundarios se toman los colegios\" \/>\n<meta name=\"robots\" content=\"index, follow, max-snippet:-1, max-image-preview:large, max-video-preview:-1\" \/>\n<link rel=\"canonical\" href=\"https:\/\/www.pressenza.com\/es\/2020\/03\/chile-estudiantes-secundarios-se-toman-los-colegios\/\" \/>\n<meta property=\"og:locale\" content=\"es_ES\" \/>\n<meta property=\"og:type\" content=\"article\" \/>\n<meta property=\"og:title\" content=\"Chile: estudiantes secundarios se toman los colegios\" \/>\n<meta property=\"og:description\" content=\"Chile: estudiantes secundarios se toman los colegios\" \/>\n<meta property=\"og:url\" content=\"https:\/\/www.pressenza.com\/es\/2020\/03\/chile-estudiantes-secundarios-se-toman-los-colegios\/\" \/>\n<meta property=\"og:site_name\" content=\"Pressenza\" \/>\n<meta property=\"article:publisher\" content=\"https:\/\/www.facebook.com\/PressenzaItalia\" \/>\n<meta property=\"article:author\" content=\"https:\/\/www.facebook.com\/pressenza\" \/>\n<meta property=\"article:published_time\" content=\"2020-03-11T21:05:53+00:00\" \/>\n<meta property=\"og:image\" content=\"https:\/\/www.pressenza.com\/wp-content\/uploads\/2020\/03\/A_UNO_1165120-1024x654.jpg\" \/>\n\t<meta property=\"og:image:width\" content=\"1024\" \/>\n\t<meta property=\"og:image:height\" content=\"654\" \/>\n\t<meta property=\"og:image:type\" content=\"image\/jpeg\" \/>\n<meta name=\"author\" content=\"Redacci\u00f3n Chile\" \/>\n<meta name=\"twitter:card\" content=\"summary_large_image\" \/>\n<meta name=\"twitter:creator\" content=\"@pressenza\" \/>\n<meta name=\"twitter:site\" content=\"@PressenzaIPA\" \/>\n<meta name=\"twitter:label1\" content=\"Escrito por\" \/>\n\t<meta name=\"twitter:data1\" content=\"Redacci\u00f3n Chile\" \/>\n\t<meta name=\"twitter:label2\" content=\"Tiempo de lectura\" \/>\n\t<meta name=\"twitter:data2\" content=\"1 minuto\" \/>\n<script type=\"application\/ld+json\" class=\"yoast-schema-graph\">{\"@context\":\"https:\/\/schema.org\",\"@graph\":[{\"@type\":\"Article\",\"@id\":\"https:\/\/www.pressenza.com\/es\/2020\/03\/chile-estudiantes-secundarios-se-toman-los-colegios\/#article\",\"isPartOf\":{\"@id\":\"https:\/\/www.pressenza.com\/es\/2020\/03\/chile-estudiantes-secundarios-se-toman-los-colegios\/\"},\"author\":{\"name\":\"Redacci\u00f3n Chile\",\"@id\":\"https:\/\/www.pressenza.com\/es\/#\/schema\/person\/d7db40df35d6698ba69ba9ee260944ed\"},\"headline\":\"Chile: estudiantes secundarios se toman los colegios\",\"datePublished\":\"2020-03-11T21:05:53+00:00\",\"mainEntityOfPage\":{\"@id\":\"https:\/\/www.pressenza.com\/es\/2020\/03\/chile-estudiantes-secundarios-se-toman-los-colegios\/\"},\"wordCount\":193,\"publisher\":{\"@id\":\"https:\/\/www.pressenza.com\/es\/#organization\"},\"image\":{\"@id\":\"https:\/\/www.pressenza.com\/es\/2020\/03\/chile-estudiantes-secundarios-se-toman-los-colegios\/#primaryimage\"},\"thumbnailUrl\":\"https:\/\/www.pressenza.com\/wp-content\/uploads\/2020\/03\/A_UNO_1165120-1024x654.jpg\",\"keywords\":[\"Chile\",\"estudiantes secundarios\",\"protestas sociales\"],\"articleSection\":[\"Contenido Original\",\"J\u00f3venes\",\"Sudam\u00e9rica\"],\"inLanguage\":\"es\"},{\"@type\":\"WebPage\",\"@id\":\"https:\/\/www.pressenza.com\/es\/2020\/03\/chile-estudiantes-secundarios-se-toman-los-colegios\/\",\"url\":\"https:\/\/www.pressenza.com\/es\/2020\/03\/chile-estudiantes-secundarios-se-toman-los-colegios\/\",\"name\":\"Chile: estudiantes secundarios se toman los colegios\",\"isPartOf\":{\"@id\":\"https:\/\/www.pressenza.com\/es\/#website\"},\"primaryImageOfPage\":{\"@id\":\"https:\/\/www.pressenza.com\/es\/2020\/03\/chile-estudiantes-secundarios-se-toman-los-colegios\/#primaryimage\"},\"image\":{\"@id\":\"https:\/\/www.pressenza.com\/es\/2020\/03\/chile-estudiantes-secundarios-se-toman-los-colegios\/#primaryimage\"},\"thumbnailUrl\":\"https:\/\/www.pressenza.com\/wp-content\/uploads\/2020\/03\/A_UNO_1165120-1024x654.jpg\",\"datePublished\":\"2020-03-11T21:05:53+00:00\",\"description\":\"Chile: estudiantes secundarios se toman los colegios\",\"breadcrumb\":{\"@id\":\"https:\/\/www.pressenza.com\/es\/2020\/03\/chile-estudiantes-secundarios-se-toman-los-colegios\/#breadcrumb\"},\"inLanguage\":\"es\",\"potentialAction\":[{\"@type\":\"ReadAction\",\"target\":[\"https:\/\/www.pressenza.com\/es\/2020\/03\/chile-estudiantes-secundarios-se-toman-los-colegios\/\"]}]},{\"@type\":\"ImageObject\",\"inLanguage\":\"es\",\"@id\":\"https:\/\/www.pressenza.com\/es\/2020\/03\/chile-estudiantes-secundarios-se-toman-los-colegios\/#primaryimage\",\"url\":\"https:\/\/www.pressenza.com\/wp-content\/uploads\/2020\/03\/A_UNO_1165120-1024x654.jpg\",\"contentUrl\":\"https:\/\/www.pressenza.com\/wp-content\/uploads\/2020\/03\/A_UNO_1165120-1024x654.jpg\",\"width\":1024,\"height\":654},{\"@type\":\"BreadcrumbList\",\"@id\":\"https:\/\/www.pressenza.com\/es\/2020\/03\/chile-estudiantes-secundarios-se-toman-los-colegios\/#breadcrumb\",\"itemListElement\":[{\"@type\":\"ListItem\",\"position\":1,\"name\":\"Accueil\",\"item\":\"https:\/\/www.pressenza.com\/es\/\"},{\"@type\":\"ListItem\",\"position\":2,\"name\":\"Chile: estudiantes secundarios se toman los colegios\"}]},{\"@type\":\"WebSite\",\"@id\":\"https:\/\/www.pressenza.com\/es\/#website\",\"url\":\"https:\/\/www.pressenza.com\/es\/\",\"name\":\"Pressenza\",\"description\":\"International Press Agency\",\"publisher\":{\"@id\":\"https:\/\/www.pressenza.com\/es\/#organization\"},\"potentialAction\":[{\"@type\":\"SearchAction\",\"target\":{\"@type\":\"EntryPoint\",\"urlTemplate\":\"https:\/\/www.pressenza.com\/es\/?s={search_term_string}\"},\"query-input\":{\"@type\":\"PropertyValueSpecification\",\"valueRequired\":true,\"valueName\":\"search_term_string\"}}],\"inLanguage\":\"es\"},{\"@type\":\"Organization\",\"@id\":\"https:\/\/www.pressenza.com\/es\/#organization\",\"name\":\"Pressenza\",\"url\":\"https:\/\/www.pressenza.com\/es\/\",\"logo\":{\"@type\":\"ImageObject\",\"inLanguage\":\"es\",\"@id\":\"https:\/\/www.pressenza.com\/es\/#\/schema\/logo\/image\/\",\"url\":\"https:\/\/www.pressenza.com\/wp-content\/uploads\/2022\/10\/pressenza_logo_200x200.jpg\",\"contentUrl\":\"https:\/\/www.pressenza.com\/wp-content\/uploads\/2022\/10\/pressenza_logo_200x200.jpg\",\"width\":200,\"height\":200,\"caption\":\"Pressenza\"},\"image\":{\"@id\":\"https:\/\/www.pressenza.com\/es\/#\/schema\/logo\/image\/\"},\"sameAs\":[\"https:\/\/www.facebook.com\/PressenzaItalia\",\"https:\/\/x.com\/PressenzaIPA\"]},{\"@type\":\"Person\",\"@id\":\"https:\/\/www.pressenza.com\/es\/#\/schema\/person\/d7db40df35d6698ba69ba9ee260944ed\",\"name\":\"Redacci\u00f3n Chile\",\"description\":\"News from the Pressenza Bureau in Chile\",\"sameAs\":[\"https:\/\/www.facebook.com\/pressenza\",\"https:\/\/x.com\/pressenza\"],\"url\":\"https:\/\/www.pressenza.com\/es\/author\/redaccion-chile\/\"}]}<\/script>\n<!-- \/ Yoast SEO plugin. -->","yoast_head_json":{"title":"Chile: estudiantes secundarios se toman los colegios","description":"Chile: estudiantes secundarios se toman los colegios","robots":{"index":"index","follow":"follow","max-snippet":"max-snippet:-1","max-image-preview":"max-image-preview:large","max-video-preview":"max-video-preview:-1"},"canonical":"https:\/\/www.pressenza.com\/es\/2020\/03\/chile-estudiantes-secundarios-se-toman-los-colegios\/","og_locale":"es_ES","og_type":"article","og_title":"Chile: estudiantes secundarios se toman los colegios","og_description":"Chile: estudiantes secundarios se toman los colegios","og_url":"https:\/\/www.pressenza.com\/es\/2020\/03\/chile-estudiantes-secundarios-se-toman-los-colegios\/","og_site_name":"Pressenza","article_publisher":"https:\/\/www.facebook.com\/PressenzaItalia","article_author":"https:\/\/www.facebook.com\/pressenza","article_published_time":"2020-03-11T21:05:53+00:00","og_image":[{"width":1024,"height":654,"url":"https:\/\/www.pressenza.com\/wp-content\/uploads\/2020\/03\/A_UNO_1165120-1024x654.jpg","type":"image\/jpeg"}],"author":"Redacci\u00f3n Chile","twitter_card":"summary_large_image","twitter_creator":"@pressenza","twitter_site":"@PressenzaIPA","twitter_misc":{"Escrito por":"Redacci\u00f3n Chile","Tiempo de lectura":"1 minuto"},"schema":{"@context":"https:\/\/schema.org","@graph":[{"@type":"Article","@id":"https:\/\/www.pressenza.com\/es\/2020\/03\/chile-estudiantes-secundarios-se-toman-los-colegios\/#article","isPartOf":{"@id":"https:\/\/www.pressenza.com\/es\/2020\/03\/chile-estudiantes-secundarios-se-toman-los-colegios\/"},"author":{"name":"Redacci\u00f3n Chile","@id":"https:\/\/www.pressenza.com\/es\/#\/schema\/person\/d7db40df35d6698ba69ba9ee260944ed"},"headline":"Chile: estudiantes secundarios se toman los colegios","datePublished":"2020-03-11T21:05:53+00:00","mainEntityOfPage":{"@id":"https:\/\/www.pressenza.com\/es\/2020\/03\/chile-estudiantes-secundarios-se-toman-los-colegios\/"},"wordCount":193,"publisher":{"@id":"https:\/\/www.pressenza.com\/es\/#organization"},"image":{"@id":"https:\/\/www.pressenza.com\/es\/2020\/03\/chile-estudiantes-secundarios-se-toman-los-colegios\/#primaryimage"},"thumbnailUrl":"https:\/\/www.pressenza.com\/wp-content\/uploads\/2020\/03\/A_UNO_1165120-1024x654.jpg","keywords":["Chile","estudiantes secundarios","protestas sociales"],"articleSection":["Contenido Original","J\u00f3venes","Sudam\u00e9rica"],"inLanguage":"es"},{"@type":"WebPage","@id":"https:\/\/www.pressenza.com\/es\/2020\/03\/chile-estudiantes-secundarios-se-toman-los-colegios\/","url":"https:\/\/www.pressenza.com\/es\/2020\/03\/chile-estudiantes-secundarios-se-toman-los-colegios\/","name":"Chile: estudiantes secundarios se toman los colegios","isPartOf":{"@id":"https:\/\/www.pressenza.com\/es\/#website"},"primaryImageOfPage":{"@id":"https:\/\/www.pressenza.com\/es\/2020\/03\/chile-estudiantes-secundarios-se-toman-los-colegios\/#primaryimage"},"image":{"@id":"https:\/\/www.pressenza.com\/es\/2020\/03\/chile-estudiantes-secundarios-se-toman-los-colegios\/#primaryimage"},"thumbnailUrl":"https:\/\/www.pressenza.com\/wp-content\/uploads\/2020\/03\/A_UNO_1165120-1024x654.jpg","datePublished":"2020-03-11T21:05:53+00:00","description":"Chile: estudiantes secundarios se toman los colegios","breadcrumb":{"@id":"https:\/\/www.pressenza.com\/es\/2020\/03\/chile-estudiantes-secundarios-se-toman-los-colegios\/#breadcrumb"},"inLanguage":"es","potentialAction":[{"@type":"ReadAction","target":["https:\/\/www.pressenza.com\/es\/2020\/03\/chile-estudiantes-secundarios-se-toman-los-colegios\/"]}]},{"@type":"ImageObject","inLanguage":"es","@id":"https:\/\/www.pressenza.com\/es\/2020\/03\/chile-estudiantes-secundarios-se-toman-los-colegios\/#primaryimage","url":"https:\/\/www.pressenza.com\/wp-content\/uploads\/2020\/03\/A_UNO_1165120-1024x654.jpg","contentUrl":"https:\/\/www.pressenza.com\/wp-content\/uploads\/2020\/03\/A_UNO_1165120-1024x654.jpg","width":1024,"height":654},{"@type":"BreadcrumbList","@id":"https:\/\/www.pressenza.com\/es\/2020\/03\/chile-estudiantes-secundarios-se-toman-los-colegios\/#breadcrumb","itemListElement":[{"@type":"ListItem","position":1,"name":"Accueil","item":"https:\/\/www.pressenza.com\/es\/"},{"@type":"ListItem","position":2,"name":"Chile: estudiantes secundarios se toman los colegios"}]},{"@type":"WebSite","@id":"https:\/\/www.pressenza.com\/es\/#website","url":"https:\/\/www.pressenza.com\/es\/","name":"Pressenza","description":"International Press Agency","publisher":{"@id":"https:\/\/www.pressenza.com\/es\/#organization"},"potentialAction":[{"@type":"SearchAction","target":{"@type":"EntryPoint","urlTemplate":"https:\/\/www.pressenza.com\/es\/?s={search_term_string}"},"query-input":{"@type":"PropertyValueSpecification","valueRequired":true,"valueName":"search_term_string"}}],"inLanguage":"es"},{"@type":"Organization","@id":"https:\/\/www.pressenza.com\/es\/#organization","name":"Pressenza","url":"https:\/\/www.pressenza.com\/es\/","logo":{"@type":"ImageObject","inLanguage":"es","@id":"https:\/\/www.pressenza.com\/es\/#\/schema\/logo\/image\/","url":"https:\/\/www.pressenza.com\/wp-content\/uploads\/2022\/10\/pressenza_logo_200x200.jpg","contentUrl":"https:\/\/www.pressenza.com\/wp-content\/uploads\/2022\/10\/pressenza_logo_200x200.jpg","width":200,"height":200,"caption":"Pressenza"},"image":{"@id":"https:\/\/www.pressenza.com\/es\/#\/schema\/logo\/image\/"},"sameAs":["https:\/\/www.facebook.com\/PressenzaItalia","https:\/\/x.com\/PressenzaIPA"]},{"@type":"Person","@id":"https:\/\/www.pressenza.com\/es\/#\/schema\/person\/d7db40df35d6698ba69ba9ee260944ed","name":"Redacci\u00f3n Chile","description":"News from the Pressenza Bureau in Chile","sameAs":["https:\/\/www.facebook.com\/pressenza","https:\/\/x.com\/pressenza"],"url":"https:\/\/www.pressenza.com\/es\/author\/redaccion-chile\/"}]}},"place":"Santiago de Chile","original_article_url":"","_links":{"self":[{"href":"https:\/\/www.pressenza.com\/es\/wp-json\/wp\/v2\/posts\/1056597","targetHints":{"allow":["GET"]}}],"collection":[{"href":"https:\/\/www.pressenza.com\/es\/wp-json\/wp\/v2\/posts"}],"about":[{"href":"https:\/\/www.pressenza.com\/es\/wp-json\/wp\/v2\/types\/post"}],"author":[{"embeddable":true,"href":"https:\/\/www.pressenza.com\/es\/wp-json\/wp\/v2\/users\/43"}],"replies":[{"embeddable":true,"href":"https:\/\/www.pressenza.com\/es\/wp-json\/wp\/v2\/comments?post=1056597"}],"version-history":[{"count":0,"href":"https:\/\/www.pressenza.com\/es\/wp-json\/wp\/v2\/posts\/1056597\/revisions"}],"wp:featuredmedia":[{"embeddable":true,"href":"https:\/\/www.pressenza.com\/es\/wp-json\/wp\/v2\/media\/1056600"}],"wp:attachment":[{"href":"https:\/\/www.pressenza.com\/es\/wp-json\/wp\/v2\/media?parent=1056597"}],"wp:term":[{"taxonomy":"category","embeddable":true,"href":"https:\/\/www.pressenza.com\/es\/wp-json\/wp\/v2\/categories?post=1056597"},{"taxonomy":"post_tag","embeddable":true,"href":"https:\/\/www.pressenza.com\/es\/wp-json\/wp\/v2\/tags?post=1056597"}],"curies":[{"name":"wp","href":"https:\/\/api.w.org\/{rel}","templated":true}]}}