{"id":1054589,"date":"2020-03-09T23:23:04","date_gmt":"2020-03-09T23:23:04","guid":{"rendered":"https:\/\/www.pressenza.com\/?p=1054589"},"modified":"2020-03-09T23:23:04","modified_gmt":"2020-03-09T23:23:04","slug":"puede-un-estado-de-derecho-hacer-caso-omiso-de-sus-propias-normas","status":"publish","type":"post","link":"https:\/\/www.pressenza.com\/es\/2020\/03\/puede-un-estado-de-derecho-hacer-caso-omiso-de-sus-propias-normas\/","title":{"rendered":"\u00bfPuede un estado de derecho hacer caso omiso de sus propias normas?"},"content":{"rendered":"<p><b>Cuando los Estados Unidos introdujeron la Ley Helms-Burton en 1996, la Uni\u00f3n Europea aprob\u00f3 el Reglamento 2271\/96, que define claramente que el efecto extraterritorial de las sanciones asociadas con la Ley Helms-Burton no es reconocido por la Uni\u00f3n Europea. De conformidad con el art\u00edculo 1 del reglamento, este decreto es aplicable en todos los estados miembros de la Uni\u00f3n Europea sin necesidad de que cada pa\u00eds adopte leyes nacionales para aplicarlo.\u00a0<\/b><\/p>\n<p>Con el reglamento, la Uni\u00f3n Europea quiere permitir que las empresas y los individuos cuyos intereses se vean afectados negativamente por los Estados Unidos sean indemnizados mediante una compensaci\u00f3n.<\/p>\n<p>De conformidad con el art\u00edculo 2, todas las partes afectadas est\u00e1n obligadas a informar a la Comisi\u00f3n de la Uni\u00f3n Europea en un plazo de 30 d\u00edas a partir del momento en que tengan conocimiento de cualquier deterioro de sus relaciones comerciales.<\/p>\n<p>El art\u00edculo 4 estipula que las decisiones de los tribunales o autoridades administrativas no comunitarias &#8211; es decir, incluidas las de los Estados Unidos &#8211; no se reconocen ni son ejecutables.<\/p>\n<p>El art\u00edculo 5 proh\u00edbe a las personas y empresas residentes en la Uni\u00f3n Europea cumplir las instrucciones o exigencias de las autoridades estadounidenses basadas en las leyes de bloqueo ilegal. Si lo hacen, las partes perjudicadas pueden denunciarlo a la Uni\u00f3n Europea, ya que tendr\u00edan derecho a una indemnizaci\u00f3n.<\/p>\n<p>En virtud del art\u00edculo 6, la indemnizaci\u00f3n tambi\u00e9n puede hacerse efectiva mediante \u00abla incautaci\u00f3n y venta de bienes&#8230; incluidas las acciones\u00bb de la parte perjudicada.<\/p>\n<p>El art\u00edculo 9 obliga a cada Estado miembro de la Uni\u00f3n Europea a establecer sanciones en caso de infracci\u00f3n de las disposiciones del reglamento. Estas sanciones \u00abser\u00e1n eficaces, proporcionadas y disuasorias\u00bb.<\/p>\n<p><b>Por lo tanto, la situaci\u00f3n jur\u00eddica es clara.<\/b><\/p>\n<p>\u00bfPero cu\u00e1les son las consecuencias? Esta regulaci\u00f3n no ayuda mucho en la pr\u00e1ctica, porque en las relaciones comerciales internacionales, el poder tiene prioridad sobre el derecho. <b>Las leyes de los Estados Unidos pueden no aplicarse aqu\u00ed, pero funcionan.<\/b> Es el miedo al potencial destructivo de la superpotencia militar, industrial, financiera, tecnol\u00f3gica, medi\u00e1tica y de inteligencia de Estados Unidos y sus arrogantes pol\u00edticas lo que ha alcanzado un nuevo pico bajo Trump.<\/p>\n<p>La agresiva pol\u00edtica estadounidense que viola el derecho internacional, y la subordinaci\u00f3n de la Uni\u00f3n Europea, tienen consecuencias incre\u00edbles que no se mencionan o apenas se mencionan en los medios de comunicaci\u00f3n dominantes en el mercado y dependientes del capital. Por lo tanto, es apropiado citar algunos ejemplos.<\/p>\n<p>Estados Unidos ha impuesto y cobrado multas a las autoridades norteamericanas por violar el bloqueo financiero de Cuba, <b>que tiene como objetivo negar a Cuba el acceso a divisas convertibles para estrangular econ\u00f3micamente al pa\u00eds<\/b>, aunque, como se ha explicado, seg\u00fan el reglamento de la Uni\u00f3n Europea, estas decisiones no son reconocidas y no son ejecutables en la Uni\u00f3n Europea:<\/p>\n<ul>\n<li>2014 PNB Par\u00eds 8,9 mil millones de d\u00f3lares<\/li>\n<li>2015 cr\u00e9dito Agr\u00edcola 2015 787 millones de d\u00f3lares<\/li>\n<li>2015 Commerzbank 1.710 millones de d\u00f3lares, por lo que es evidente que la Rep\u00fablica Federal de Alemania es due\u00f1a del 15% del Commerzbank.<\/li>\n<li>2018 Societ\u00e9 Generale 1.340 millones<\/li>\n<li>2019 grupo de Cr\u00e9dito Uni 1.300 millones de d\u00f3lares<\/li>\n<\/ul>\n<p>Hace poco, el banco suizo Postfinance detuvo las transacciones de pago con Cuba por temor a represalias de los Estados Unidos, de modo que el grupo de solidaridad suizo MediCuba-Suiza ya no puede transferir dinero para sus proyectos de desarrollo en Cuba. El Banco Postal tambi\u00e9n se neg\u00f3 a transferir el dinero de la suscripci\u00f3n de Granma Internacional a Cuba. Adem\u00e1s, hay otros ejemplos, por no mencionar las empresas y los particulares que, por temor a esas sanciones, se abstienen de establecer o ampliar las relaciones con Cuba, independientemente de su naturaleza.<\/p>\n<p>Tambi\u00e9n hay ejemplos que rozan lo rid\u00edculo. Durante mucho tiempo, un empleado alem\u00e1n de la embajada cubana en Berl\u00edn pidi\u00f3 cosas a Amazon con la direcci\u00f3n de entrega de la embajada cubana en Stavanger Strasse. Luego lleg\u00f3 el mensaje de Amazon de que no se har\u00edan m\u00e1s entregas a esta direcci\u00f3n de un destinatario cubano. A continuaci\u00f3n, la empleada pidi\u00f3 la mercanc\u00eda a su direcci\u00f3n privada, pero no pas\u00f3 mucho tiempo antes de que su cuenta en Amazon y la de su marido fueran bloqueadas.<\/p>\n<p><b>Ya sean los bancos, Amazon o el gobierno federal, todos se acobardan ante el poder de los Estados Unidos en lugar de hacer cumplir la ley.<\/b> Y es muy posible resistirse.<\/p>\n<p>Cuando el banco austriaco Bawag, tras ser adquirido por un fondo estadounidense, cancel\u00f3 las cuentas y dep\u00f3sitos de unos 200 clientes cubanos, el gobierno austriaco lo calific\u00f3 de ilegal e inici\u00f3 un procedimiento contra Bawag. Como resultado, el banco revoc\u00f3 su decisi\u00f3n. Por lo tanto, el reglamento de la Uni\u00f3n Europea puede aplicarse si hay voluntad pol\u00edtica. Esto obviamente falta en el actual gobierno federal y tambi\u00e9n ha faltado en todos los anteriores gobiernos federales con diferentes composiciones de partidos.<\/p>\n<p><b>Ya es hora de denunciar<\/b> (plantear &#8211; expresi\u00f3n m\u00e1s suave) <b>este sometimiento a las sanciones de los Estados Unidos que son contrarias al derecho internacional<\/b>. Ya es hora de que el gobierno federal act\u00fae como un estado verdaderamente independiente y soberano frente a los Estados Unidos, no haciendo caso omiso de las normas vigentes en su pa\u00eds, sino haci\u00e9ndolas cumplir.<\/p>\n<p>Se pide al Gobierno Federal que siga su voz contra el bloqueo de los Estados Unidos en la ONU con acciones concretas en la aplicaci\u00f3n del reglamento de la Uni\u00f3n Europea. Cuando los ciudadanos comunes violan los reglamentos y las leyes, se les hace responsables y se les castiga con prontitud. No debemos permitir que el gobierno federal viole sus propias leyes con impunidad. Esto es indigno de un estado constitucional. Debemos exigir que se aplique la ley y el orden incluso cuando se trate de medidas de los Estados Unidos que sean contrarias al derecho internacional.<\/p>\n<p>Nos corresponde a nosotros ejercer presi\u00f3n -extraparlamentaria y en el Bundestag- sobre el Gobierno Federal <b>para que finalmente se aplique la ley y el derecho cuando se trate de Cuba y el bloqueo comercial, econ\u00f3mico y financiero de los Estados Unidos, que es contrario al derecho internacional<\/b>, contra este pa\u00eds que, como pa\u00eds independiente y soberano, quiere seguir su propio camino de desarrollo independiente de los Estados Unidos.<\/p>\n<p><b>Art\u00edculo de Gerhard Mertschenk<\/b><\/p>\n<hr \/>\n<p><em>Traducci\u00f3n del alem\u00e1n por Sof\u00eda Guevara<\/em><\/p>\n","protected":false},"excerpt":{"rendered":"<p>Cuando los Estados Unidos introdujeron la Ley Helms-Burton en 1996, la Uni\u00f3n Europea aprob\u00f3 el Reglamento 2271\/96, que define claramente que el efecto extraterritorial de las sanciones asociadas con la Ley Helms-Burton no es reconocido por la Uni\u00f3n Europea. De&hellip;<\/p>\n","protected":false},"author":1095,"featured_media":1044582,"comment_status":"closed","ping_status":"closed","sticky":false,"template":"","format":"standard","meta":{"footnotes":""},"categories":[69,11389,81,74],"tags":[678,379,54016,10793,57210,54247,4817],"class_list":["post-1054589","post","type-post","status-publish","format-standard","has-post-thumbnail","hentry","category-america-central","category-contenido-original","category-economia-es","category-politica-es","tag-bloqueo-economico","tag-cuba-es","tag-estados-unidos-es","tag-estados-unidos-de-norteamerica","tag-ley-helms-burton","tag-sanciones-economicas","tag-union-europea"],"yoast_head":"<!-- This site is optimized with the Yoast SEO plugin v27.1.1 - https:\/\/yoast.com\/product\/yoast-seo-wordpress\/ -->\n<title>\u00bfPuede un estado de derecho hacer caso omiso de sus propias normas?<\/title>\n<meta name=\"description\" content=\"Cuando los Estados Unidos introdujeron la Ley Helms-Burton en 1996, la Uni\u00f3n Europea aprob\u00f3 el Reglamento 2271\/96, que define claramente que el efecto\" \/>\n<meta name=\"robots\" content=\"index, follow, max-snippet:-1, max-image-preview:large, max-video-preview:-1\" \/>\n<link rel=\"canonical\" href=\"https:\/\/www.pressenza.com\/es\/2020\/03\/puede-un-estado-de-derecho-hacer-caso-omiso-de-sus-propias-normas\/\" \/>\n<meta property=\"og:locale\" content=\"es_ES\" \/>\n<meta property=\"og:type\" content=\"article\" \/>\n<meta property=\"og:title\" content=\"\u00bfPuede un estado de derecho hacer caso omiso de sus propias normas?\" \/>\n<meta property=\"og:description\" content=\"Cuando los Estados Unidos introdujeron la Ley Helms-Burton en 1996, la Uni\u00f3n Europea aprob\u00f3 el Reglamento 2271\/96, que define claramente que el efecto\" \/>\n<meta property=\"og:url\" content=\"https:\/\/www.pressenza.com\/es\/2020\/03\/puede-un-estado-de-derecho-hacer-caso-omiso-de-sus-propias-normas\/\" \/>\n<meta property=\"og:site_name\" content=\"Pressenza\" \/>\n<meta property=\"article:publisher\" content=\"https:\/\/www.facebook.com\/PressenzaItalia\" \/>\n<meta property=\"article:author\" content=\"https:\/\/www.facebook.com\/Pressenza-Deutschland-sterreich-Schweiz-281675388658060\/timeline\/\" \/>\n<meta property=\"article:published_time\" content=\"2020-03-09T23:23:04+00:00\" \/>\n<meta property=\"og:image\" content=\"https:\/\/www.pressenza.com\/wp-content\/uploads\/2020\/02\/helms_Burton.jpg\" \/>\n\t<meta property=\"og:image:width\" content=\"829\" \/>\n\t<meta property=\"og:image:height\" content=\"592\" \/>\n\t<meta property=\"og:image:type\" content=\"image\/jpeg\" \/>\n<meta name=\"author\" content=\"Pressenza Berlin\" \/>\n<meta name=\"twitter:card\" content=\"summary_large_image\" \/>\n<meta name=\"twitter:creator\" content=\"@pressenza_ger\" \/>\n<meta name=\"twitter:site\" content=\"@PressenzaIPA\" \/>\n<meta name=\"twitter:label1\" content=\"Escrito por\" \/>\n\t<meta name=\"twitter:data1\" content=\"Pressenza Berlin\" \/>\n\t<meta name=\"twitter:label2\" content=\"Tiempo de lectura\" \/>\n\t<meta name=\"twitter:data2\" content=\"6 minutos\" \/>\n<script type=\"application\/ld+json\" class=\"yoast-schema-graph\">{\"@context\":\"https:\/\/schema.org\",\"@graph\":[{\"@type\":\"Article\",\"@id\":\"https:\/\/www.pressenza.com\/es\/2020\/03\/puede-un-estado-de-derecho-hacer-caso-omiso-de-sus-propias-normas\/#article\",\"isPartOf\":{\"@id\":\"https:\/\/www.pressenza.com\/es\/2020\/03\/puede-un-estado-de-derecho-hacer-caso-omiso-de-sus-propias-normas\/\"},\"author\":{\"name\":\"Pressenza Berlin\",\"@id\":\"https:\/\/www.pressenza.com\/es\/#\/schema\/person\/57bb5480943a496a7722b0248e4b658a\"},\"headline\":\"\u00bfPuede un estado de derecho hacer caso omiso de sus propias normas?\",\"datePublished\":\"2020-03-09T23:23:04+00:00\",\"mainEntityOfPage\":{\"@id\":\"https:\/\/www.pressenza.com\/es\/2020\/03\/puede-un-estado-de-derecho-hacer-caso-omiso-de-sus-propias-normas\/\"},\"wordCount\":1120,\"publisher\":{\"@id\":\"https:\/\/www.pressenza.com\/es\/#organization\"},\"image\":{\"@id\":\"https:\/\/www.pressenza.com\/es\/2020\/03\/puede-un-estado-de-derecho-hacer-caso-omiso-de-sus-propias-normas\/#primaryimage\"},\"thumbnailUrl\":\"https:\/\/www.pressenza.com\/wp-content\/uploads\/2020\/02\/helms_Burton.jpg\",\"keywords\":[\"bloqueo econ\u00f3mico\",\"Cuba\",\"Estados Unidos\",\"Estados Unidos de Norteam\u00e9rica\",\"Ley Helms Burton\",\"sanciones econ\u00f3micas\",\"Uni\u00f3n Europea\"],\"articleSection\":[\"Am\u00e9rica Central\",\"Contenido Original\",\"Econom\u00eda\",\"Pol\u00edtica\"],\"inLanguage\":\"es\"},{\"@type\":\"WebPage\",\"@id\":\"https:\/\/www.pressenza.com\/es\/2020\/03\/puede-un-estado-de-derecho-hacer-caso-omiso-de-sus-propias-normas\/\",\"url\":\"https:\/\/www.pressenza.com\/es\/2020\/03\/puede-un-estado-de-derecho-hacer-caso-omiso-de-sus-propias-normas\/\",\"name\":\"\u00bfPuede un estado de derecho hacer caso omiso de sus propias normas?\",\"isPartOf\":{\"@id\":\"https:\/\/www.pressenza.com\/es\/#website\"},\"primaryImageOfPage\":{\"@id\":\"https:\/\/www.pressenza.com\/es\/2020\/03\/puede-un-estado-de-derecho-hacer-caso-omiso-de-sus-propias-normas\/#primaryimage\"},\"image\":{\"@id\":\"https:\/\/www.pressenza.com\/es\/2020\/03\/puede-un-estado-de-derecho-hacer-caso-omiso-de-sus-propias-normas\/#primaryimage\"},\"thumbnailUrl\":\"https:\/\/www.pressenza.com\/wp-content\/uploads\/2020\/02\/helms_Burton.jpg\",\"datePublished\":\"2020-03-09T23:23:04+00:00\",\"description\":\"Cuando los Estados Unidos introdujeron la Ley Helms-Burton en 1996, la Uni\u00f3n Europea aprob\u00f3 el Reglamento 2271\/96, que define claramente que el efecto\",\"breadcrumb\":{\"@id\":\"https:\/\/www.pressenza.com\/es\/2020\/03\/puede-un-estado-de-derecho-hacer-caso-omiso-de-sus-propias-normas\/#breadcrumb\"},\"inLanguage\":\"es\",\"potentialAction\":[{\"@type\":\"ReadAction\",\"target\":[\"https:\/\/www.pressenza.com\/es\/2020\/03\/puede-un-estado-de-derecho-hacer-caso-omiso-de-sus-propias-normas\/\"]}]},{\"@type\":\"ImageObject\",\"inLanguage\":\"es\",\"@id\":\"https:\/\/www.pressenza.com\/es\/2020\/03\/puede-un-estado-de-derecho-hacer-caso-omiso-de-sus-propias-normas\/#primaryimage\",\"url\":\"https:\/\/www.pressenza.com\/wp-content\/uploads\/2020\/02\/helms_Burton.jpg\",\"contentUrl\":\"https:\/\/www.pressenza.com\/wp-content\/uploads\/2020\/02\/helms_Burton.jpg\",\"width\":829,\"height\":592},{\"@type\":\"BreadcrumbList\",\"@id\":\"https:\/\/www.pressenza.com\/es\/2020\/03\/puede-un-estado-de-derecho-hacer-caso-omiso-de-sus-propias-normas\/#breadcrumb\",\"itemListElement\":[{\"@type\":\"ListItem\",\"position\":1,\"name\":\"Accueil\",\"item\":\"https:\/\/www.pressenza.com\/es\/\"},{\"@type\":\"ListItem\",\"position\":2,\"name\":\"\u00bfPuede un estado de derecho hacer caso omiso de sus propias normas?\"}]},{\"@type\":\"WebSite\",\"@id\":\"https:\/\/www.pressenza.com\/es\/#website\",\"url\":\"https:\/\/www.pressenza.com\/es\/\",\"name\":\"Pressenza\",\"description\":\"International Press Agency\",\"publisher\":{\"@id\":\"https:\/\/www.pressenza.com\/es\/#organization\"},\"potentialAction\":[{\"@type\":\"SearchAction\",\"target\":{\"@type\":\"EntryPoint\",\"urlTemplate\":\"https:\/\/www.pressenza.com\/es\/?s={search_term_string}\"},\"query-input\":{\"@type\":\"PropertyValueSpecification\",\"valueRequired\":true,\"valueName\":\"search_term_string\"}}],\"inLanguage\":\"es\"},{\"@type\":\"Organization\",\"@id\":\"https:\/\/www.pressenza.com\/es\/#organization\",\"name\":\"Pressenza\",\"url\":\"https:\/\/www.pressenza.com\/es\/\",\"logo\":{\"@type\":\"ImageObject\",\"inLanguage\":\"es\",\"@id\":\"https:\/\/www.pressenza.com\/es\/#\/schema\/logo\/image\/\",\"url\":\"https:\/\/www.pressenza.com\/wp-content\/uploads\/2022\/10\/pressenza_logo_200x200.jpg\",\"contentUrl\":\"https:\/\/www.pressenza.com\/wp-content\/uploads\/2022\/10\/pressenza_logo_200x200.jpg\",\"width\":200,\"height\":200,\"caption\":\"Pressenza\"},\"image\":{\"@id\":\"https:\/\/www.pressenza.com\/es\/#\/schema\/logo\/image\/\"},\"sameAs\":[\"https:\/\/www.facebook.com\/PressenzaItalia\",\"https:\/\/x.com\/PressenzaIPA\"]},{\"@type\":\"Person\",\"@id\":\"https:\/\/www.pressenza.com\/es\/#\/schema\/person\/57bb5480943a496a7722b0248e4b658a\",\"name\":\"Pressenza Berlin\",\"description\":\"News from the Pressenza Bureau in Berlin, Germany\",\"sameAs\":[\"https:\/\/www.facebook.com\/Pressenza-Deutschland-sterreich-Schweiz-281675388658060\/timeline\/\",\"https:\/\/x.com\/pressenza_ger\"],\"url\":\"https:\/\/www.pressenza.com\/es\/author\/pressenza-berlin\/\"}]}<\/script>\n<!-- \/ Yoast SEO plugin. -->","yoast_head_json":{"title":"\u00bfPuede un estado de derecho hacer caso omiso de sus propias normas?","description":"Cuando los Estados Unidos introdujeron la Ley Helms-Burton en 1996, la Uni\u00f3n Europea aprob\u00f3 el Reglamento 2271\/96, que define claramente que el efecto","robots":{"index":"index","follow":"follow","max-snippet":"max-snippet:-1","max-image-preview":"max-image-preview:large","max-video-preview":"max-video-preview:-1"},"canonical":"https:\/\/www.pressenza.com\/es\/2020\/03\/puede-un-estado-de-derecho-hacer-caso-omiso-de-sus-propias-normas\/","og_locale":"es_ES","og_type":"article","og_title":"\u00bfPuede un estado de derecho hacer caso omiso de sus propias normas?","og_description":"Cuando los Estados Unidos introdujeron la Ley Helms-Burton en 1996, la Uni\u00f3n Europea aprob\u00f3 el Reglamento 2271\/96, que define claramente que el efecto","og_url":"https:\/\/www.pressenza.com\/es\/2020\/03\/puede-un-estado-de-derecho-hacer-caso-omiso-de-sus-propias-normas\/","og_site_name":"Pressenza","article_publisher":"https:\/\/www.facebook.com\/PressenzaItalia","article_author":"https:\/\/www.facebook.com\/Pressenza-Deutschland-sterreich-Schweiz-281675388658060\/timeline\/","article_published_time":"2020-03-09T23:23:04+00:00","og_image":[{"width":829,"height":592,"url":"https:\/\/www.pressenza.com\/wp-content\/uploads\/2020\/02\/helms_Burton.jpg","type":"image\/jpeg"}],"author":"Pressenza Berlin","twitter_card":"summary_large_image","twitter_creator":"@pressenza_ger","twitter_site":"@PressenzaIPA","twitter_misc":{"Escrito por":"Pressenza Berlin","Tiempo de lectura":"6 minutos"},"schema":{"@context":"https:\/\/schema.org","@graph":[{"@type":"Article","@id":"https:\/\/www.pressenza.com\/es\/2020\/03\/puede-un-estado-de-derecho-hacer-caso-omiso-de-sus-propias-normas\/#article","isPartOf":{"@id":"https:\/\/www.pressenza.com\/es\/2020\/03\/puede-un-estado-de-derecho-hacer-caso-omiso-de-sus-propias-normas\/"},"author":{"name":"Pressenza Berlin","@id":"https:\/\/www.pressenza.com\/es\/#\/schema\/person\/57bb5480943a496a7722b0248e4b658a"},"headline":"\u00bfPuede un estado de derecho hacer caso omiso de sus propias normas?","datePublished":"2020-03-09T23:23:04+00:00","mainEntityOfPage":{"@id":"https:\/\/www.pressenza.com\/es\/2020\/03\/puede-un-estado-de-derecho-hacer-caso-omiso-de-sus-propias-normas\/"},"wordCount":1120,"publisher":{"@id":"https:\/\/www.pressenza.com\/es\/#organization"},"image":{"@id":"https:\/\/www.pressenza.com\/es\/2020\/03\/puede-un-estado-de-derecho-hacer-caso-omiso-de-sus-propias-normas\/#primaryimage"},"thumbnailUrl":"https:\/\/www.pressenza.com\/wp-content\/uploads\/2020\/02\/helms_Burton.jpg","keywords":["bloqueo econ\u00f3mico","Cuba","Estados Unidos","Estados Unidos de Norteam\u00e9rica","Ley Helms Burton","sanciones econ\u00f3micas","Uni\u00f3n Europea"],"articleSection":["Am\u00e9rica Central","Contenido Original","Econom\u00eda","Pol\u00edtica"],"inLanguage":"es"},{"@type":"WebPage","@id":"https:\/\/www.pressenza.com\/es\/2020\/03\/puede-un-estado-de-derecho-hacer-caso-omiso-de-sus-propias-normas\/","url":"https:\/\/www.pressenza.com\/es\/2020\/03\/puede-un-estado-de-derecho-hacer-caso-omiso-de-sus-propias-normas\/","name":"\u00bfPuede un estado de derecho hacer caso omiso de sus propias normas?","isPartOf":{"@id":"https:\/\/www.pressenza.com\/es\/#website"},"primaryImageOfPage":{"@id":"https:\/\/www.pressenza.com\/es\/2020\/03\/puede-un-estado-de-derecho-hacer-caso-omiso-de-sus-propias-normas\/#primaryimage"},"image":{"@id":"https:\/\/www.pressenza.com\/es\/2020\/03\/puede-un-estado-de-derecho-hacer-caso-omiso-de-sus-propias-normas\/#primaryimage"},"thumbnailUrl":"https:\/\/www.pressenza.com\/wp-content\/uploads\/2020\/02\/helms_Burton.jpg","datePublished":"2020-03-09T23:23:04+00:00","description":"Cuando los Estados Unidos introdujeron la Ley Helms-Burton en 1996, la Uni\u00f3n Europea aprob\u00f3 el Reglamento 2271\/96, que define claramente que el efecto","breadcrumb":{"@id":"https:\/\/www.pressenza.com\/es\/2020\/03\/puede-un-estado-de-derecho-hacer-caso-omiso-de-sus-propias-normas\/#breadcrumb"},"inLanguage":"es","potentialAction":[{"@type":"ReadAction","target":["https:\/\/www.pressenza.com\/es\/2020\/03\/puede-un-estado-de-derecho-hacer-caso-omiso-de-sus-propias-normas\/"]}]},{"@type":"ImageObject","inLanguage":"es","@id":"https:\/\/www.pressenza.com\/es\/2020\/03\/puede-un-estado-de-derecho-hacer-caso-omiso-de-sus-propias-normas\/#primaryimage","url":"https:\/\/www.pressenza.com\/wp-content\/uploads\/2020\/02\/helms_Burton.jpg","contentUrl":"https:\/\/www.pressenza.com\/wp-content\/uploads\/2020\/02\/helms_Burton.jpg","width":829,"height":592},{"@type":"BreadcrumbList","@id":"https:\/\/www.pressenza.com\/es\/2020\/03\/puede-un-estado-de-derecho-hacer-caso-omiso-de-sus-propias-normas\/#breadcrumb","itemListElement":[{"@type":"ListItem","position":1,"name":"Accueil","item":"https:\/\/www.pressenza.com\/es\/"},{"@type":"ListItem","position":2,"name":"\u00bfPuede un estado de derecho hacer caso omiso de sus propias normas?"}]},{"@type":"WebSite","@id":"https:\/\/www.pressenza.com\/es\/#website","url":"https:\/\/www.pressenza.com\/es\/","name":"Pressenza","description":"International Press Agency","publisher":{"@id":"https:\/\/www.pressenza.com\/es\/#organization"},"potentialAction":[{"@type":"SearchAction","target":{"@type":"EntryPoint","urlTemplate":"https:\/\/www.pressenza.com\/es\/?s={search_term_string}"},"query-input":{"@type":"PropertyValueSpecification","valueRequired":true,"valueName":"search_term_string"}}],"inLanguage":"es"},{"@type":"Organization","@id":"https:\/\/www.pressenza.com\/es\/#organization","name":"Pressenza","url":"https:\/\/www.pressenza.com\/es\/","logo":{"@type":"ImageObject","inLanguage":"es","@id":"https:\/\/www.pressenza.com\/es\/#\/schema\/logo\/image\/","url":"https:\/\/www.pressenza.com\/wp-content\/uploads\/2022\/10\/pressenza_logo_200x200.jpg","contentUrl":"https:\/\/www.pressenza.com\/wp-content\/uploads\/2022\/10\/pressenza_logo_200x200.jpg","width":200,"height":200,"caption":"Pressenza"},"image":{"@id":"https:\/\/www.pressenza.com\/es\/#\/schema\/logo\/image\/"},"sameAs":["https:\/\/www.facebook.com\/PressenzaItalia","https:\/\/x.com\/PressenzaIPA"]},{"@type":"Person","@id":"https:\/\/www.pressenza.com\/es\/#\/schema\/person\/57bb5480943a496a7722b0248e4b658a","name":"Pressenza Berlin","description":"News from the Pressenza Bureau in Berlin, Germany","sameAs":["https:\/\/www.facebook.com\/Pressenza-Deutschland-sterreich-Schweiz-281675388658060\/timeline\/","https:\/\/x.com\/pressenza_ger"],"url":"https:\/\/www.pressenza.com\/es\/author\/pressenza-berlin\/"}]}},"place":"Gerhard Mertschenk","original_article_url":"","_links":{"self":[{"href":"https:\/\/www.pressenza.com\/es\/wp-json\/wp\/v2\/posts\/1054589","targetHints":{"allow":["GET"]}}],"collection":[{"href":"https:\/\/www.pressenza.com\/es\/wp-json\/wp\/v2\/posts"}],"about":[{"href":"https:\/\/www.pressenza.com\/es\/wp-json\/wp\/v2\/types\/post"}],"author":[{"embeddable":true,"href":"https:\/\/www.pressenza.com\/es\/wp-json\/wp\/v2\/users\/1095"}],"replies":[{"embeddable":true,"href":"https:\/\/www.pressenza.com\/es\/wp-json\/wp\/v2\/comments?post=1054589"}],"version-history":[{"count":0,"href":"https:\/\/www.pressenza.com\/es\/wp-json\/wp\/v2\/posts\/1054589\/revisions"}],"wp:featuredmedia":[{"embeddable":true,"href":"https:\/\/www.pressenza.com\/es\/wp-json\/wp\/v2\/media\/1044582"}],"wp:attachment":[{"href":"https:\/\/www.pressenza.com\/es\/wp-json\/wp\/v2\/media?parent=1054589"}],"wp:term":[{"taxonomy":"category","embeddable":true,"href":"https:\/\/www.pressenza.com\/es\/wp-json\/wp\/v2\/categories?post=1054589"},{"taxonomy":"post_tag","embeddable":true,"href":"https:\/\/www.pressenza.com\/es\/wp-json\/wp\/v2\/tags?post=1054589"}],"curies":[{"name":"wp","href":"https:\/\/api.w.org\/{rel}","templated":true}]}}