{"id":1052482,"date":"2020-03-08T20:58:15","date_gmt":"2020-03-08T20:58:15","guid":{"rendered":"https:\/\/www.pressenza.com\/?p=1052482"},"modified":"2020-03-08T20:58:15","modified_gmt":"2020-03-08T20:58:15","slug":"madrid-6-de-marzo-huelga-en-el-colegio-lourdes","status":"publish","type":"post","link":"https:\/\/www.pressenza.com\/es\/2020\/03\/madrid-6-de-marzo-huelga-en-el-colegio-lourdes\/","title":{"rendered":"Madrid, 6 de marzo. Huelga en el Colegio Lourdes"},"content":{"rendered":"<p>Era viernes 6 de marzo por la ma\u00f1ana en el Colegio Lourdes, cuando yo me hallaba en una clase sin saber muy bien qu\u00e9 hacer, medio cavilando el por qu\u00e9 de una huelga que no supe creer, que no me transmit\u00eda, hasta el momento, esa talante movilizadora propia de una reivindicaci\u00f3n que no consegu\u00eda distinguir entre el silencio casi absoluto que apenaba ligeramente el vac\u00edo de las aulas, cuando comenc\u00e9 a o\u00edr fuertes golpes al comp\u00e1s de un ritmo instrumental. Es aqu\u00ed, cuando, al asomarme por la ventana, escuch\u00e9\u00a0 el grito de mi manada, mujeres que me acompa\u00f1aban en este largo y costoso viaje feminista, compa\u00f1eras y profesoras\u00a0 que golpeaban con furia manifestante tambores apaciblemente ensordecedores que no eran sino cubos del rev\u00e9s colgados a sus cinturas firmes y fuertes.<\/p>\n<p>Esta llamada me incit\u00f3 casi instintivamente a salir, acompa\u00f1arlas y participar en su labor. Sal\u00ed corriendo siguiendo la cadencia tamboril que se desvanec\u00eda a medida que se abr\u00edan paso por las calles, ahora de color violeta. Ralentic\u00e9 mi marcha cuando me encontr\u00e9 a la vera de la envolvente batucada y, aunque pueda resultar un tanto espiritual, realmente me sent\u00ed libre y protegida, sent\u00ed c\u00f3mo nuestros pasos se un\u00edan en un camino que traz\u00e1bamos juntas, al un\u00edsono de una m\u00fasica que reclamaba un mundo libre de violencias machistas, donde la igualdad definiese a la justicia.<\/p>\n<p>Llegamos finalmente al polideportivo donde todas y todos con la concomitante percusi\u00f3n como tel\u00f3n de fondo, imaginamos por un instante, la inexistencia de toda forma de machismo encubierta, p\u00fablica, ignorada y conocida presente en nuestra sociedad.<\/p>\n<div id=\"attachment_1052509\" class=\"wp-caption alignnone\"><img loading=\"lazy\" decoding=\"async\" aria-describedby=\"caption-attachment-1052509\" class=\"size-large wp-image-1052509\" src=\"https:\/\/www.pressenza.com\/wp-content\/uploads\/2020\/03\/africa1-720x454.jpg\" alt=\"\" width=\"720\" height=\"454\" srcset=\"https:\/\/www.pressenza.com\/wp-content\/uploads\/2020\/03\/africa1-720x454.jpg 720w, https:\/\/www.pressenza.com\/wp-content\/uploads\/2020\/03\/africa1-300x189.jpg 300w, https:\/\/www.pressenza.com\/wp-content\/uploads\/2020\/03\/africa1-768x484.jpg 768w, https:\/\/www.pressenza.com\/wp-content\/uploads\/2020\/03\/africa1.jpg 1024w\" sizes=\"auto, (max-width: 720px) 100vw, 720px\" \/><p id=\"caption-attachment-1052509\" class=\"wp-caption-text\">Foto \u00c1frica Garc\u00edamujeres, g\u00e9nero, feminismos,<\/p><\/div>\n<p><strong>Sobre el valor \u00e9tico de esta huelga<\/strong><\/p>\n<p>Creo, antes de todo, que para reflexionar y sumergirnos en lo rec\u00f3ndito de un concepto, donde se halla su raz\u00f3n de ser, de existir, es necesario primero ensimismarse, para indagar en el interior consciente humano, donde residen los distintos significados que cada cual le concede a una palabra, seg\u00fan sus experiencias y entorno. Para m\u00ed, tras permanecer absorta, al mismo tiempo que distra\u00edda con mis propios pensamientos, el valor \u00e9tico es el alcance trascendental que posee un ente en la percepci\u00f3n moral y personal de la sociedad y su conjunto. Es cierto grado de apreciaci\u00f3n que nos transmite un hecho, un suceso etc-, a partir de unas influencias externas e internas m\u00e1s o menos cr\u00edticas.<\/p>\n<p>Idealizado ya incompletamente esta noci\u00f3n, pues, en un punto de inflexi\u00f3n, su significado es insondable, delibero una discusi\u00f3n moderada con mi propio juicio, que trata de resistirse con cierta feminidad a los desasosiegos que agitan mi cordura, pues llevan demasiado tiempo observando un par de dilemas que est\u00e1n a la orden del d\u00eda: un genocidio fal\u00f3crata que carcome mis entra\u00f1as de mujer que no comprenden el asesinato, la violencia de ning\u00fan modo, y menos a\u00fan por el mero e ingente hecho de ser mujer y de sentirse como tal y, por otro lado, el regreso, m\u00e1s bien, retroceso a una no educaci\u00f3n que acude a medidas que impiden desarrollar uno de los valores \u00e9ticos m\u00e1s importantes del ser humano: la criticidad.<\/p>\n<p>El valor \u00e9tico que tiene para mi esta huelga lamentablemente no es suficiente como para cauterizar estas cuestiones a las que temo. Siempre he cre\u00eddo, por ahora, que donde realmente mora el cambio, el verdadero desarrollo colectivo e individual es en el pensamiento cr\u00edtico, sensato, prudente y culto, capaz de recapacitar y escuchar designios ajenos. Si bien es cierto que esta meta es un ideal perfecto dificultoso de trasladar a la realidad. Sin embargo, quiz\u00e1 sea una referencia, algo que debemos saber y aprehender, apreciando as\u00ed que como seres humanos que somos, hemos de poseer determinados valores morales que se representen rec\u00edprocamente, para de este modo, alcanzar aunque sea en una sola percepci\u00f3n de la realidad, una sociedad libre de ense\u00f1anza, de opini\u00f3n, justa e igualitaria, una percepci\u00f3n que podr\u00e1 en la perseverancia, cambiar otras realidades.<\/p>\n<div id=\"attachment_1052489\" class=\"wp-caption alignnone\"><img loading=\"lazy\" decoding=\"async\" aria-describedby=\"caption-attachment-1052489\" class=\"size-large wp-image-1052489\" src=\"https:\/\/www.pressenza.com\/wp-content\/uploads\/2020\/03\/africa4-720x407.jpg\" alt=\"\" width=\"720\" height=\"407\" srcset=\"https:\/\/www.pressenza.com\/wp-content\/uploads\/2020\/03\/africa4-720x407.jpg 720w, https:\/\/www.pressenza.com\/wp-content\/uploads\/2020\/03\/africa4-300x170.jpg 300w, https:\/\/www.pressenza.com\/wp-content\/uploads\/2020\/03\/africa4-768x434.jpg 768w, https:\/\/www.pressenza.com\/wp-content\/uploads\/2020\/03\/africa4.jpg 1024w\" sizes=\"auto, (max-width: 720px) 100vw, 720px\" \/><p id=\"caption-attachment-1052489\" class=\"wp-caption-text\">Foto \u00c1frica Garc\u00eda<\/p><\/div>\n","protected":false},"excerpt":{"rendered":"<p>Era viernes 6 de marzo por la ma\u00f1ana en el Colegio Lourdes, cuando yo me hallaba en una clase sin saber muy bien qu\u00e9 hacer, medio cavilando el por qu\u00e9 de una huelga que no supe creer, que no me&hellip;<\/p>\n","protected":false},"author":1775,"featured_media":1052499,"comment_status":"closed","ping_status":"closed","sticky":false,"template":"","format":"standard","meta":{"footnotes":""},"categories":[11389,66,54515,161],"tags":[72127,586,72128,16475],"class_list":["post-1052482","post","type-post","status-publish","format-standard","has-post-thumbnail","hentry","category-contenido-original","category-europa-es","category-genero-y-feminismos","category-opiniones","tag-colegio-lourdes","tag-huelga","tag-machismos","tag-marcha"],"yoast_head":"<!-- This site is optimized with the Yoast SEO plugin v27.1.1 - https:\/\/yoast.com\/product\/yoast-seo-wordpress\/ -->\n<title>Madrid, 6 de marzo. Huelga en el Colegio Lourdes<\/title>\n<meta name=\"description\" content=\"Era viernes 6 de marzo por la ma\u00f1ana en el Colegio Lourdes, cuando yo me hallaba en una clase sin saber muy bien qu\u00e9 hacer, medio cavilando el por qu\u00e9 de\" \/>\n<meta name=\"robots\" content=\"index, follow, max-snippet:-1, max-image-preview:large, max-video-preview:-1\" \/>\n<link rel=\"canonical\" href=\"https:\/\/www.pressenza.com\/es\/2020\/03\/madrid-6-de-marzo-huelga-en-el-colegio-lourdes\/\" \/>\n<meta property=\"og:locale\" content=\"es_ES\" \/>\n<meta property=\"og:type\" content=\"article\" \/>\n<meta property=\"og:title\" content=\"Madrid, 6 de marzo. Huelga en el Colegio Lourdes\" \/>\n<meta property=\"og:description\" content=\"Era viernes 6 de marzo por la ma\u00f1ana en el Colegio Lourdes, cuando yo me hallaba en una clase sin saber muy bien qu\u00e9 hacer, medio cavilando el por qu\u00e9 de\" \/>\n<meta property=\"og:url\" content=\"https:\/\/www.pressenza.com\/es\/2020\/03\/madrid-6-de-marzo-huelga-en-el-colegio-lourdes\/\" \/>\n<meta property=\"og:site_name\" content=\"Pressenza\" \/>\n<meta property=\"article:publisher\" content=\"https:\/\/www.facebook.com\/PressenzaItalia\" \/>\n<meta property=\"article:published_time\" content=\"2020-03-08T20:58:15+00:00\" \/>\n<meta property=\"og:image\" content=\"https:\/\/www.pressenza.com\/wp-content\/uploads\/2020\/03\/africa3.jpg\" \/>\n\t<meta property=\"og:image:width\" content=\"1024\" \/>\n\t<meta property=\"og:image:height\" content=\"645\" \/>\n\t<meta property=\"og:image:type\" content=\"image\/jpeg\" \/>\n<meta name=\"author\" content=\"\u00c1frica Garc\u00eda\" \/>\n<meta name=\"twitter:card\" content=\"summary_large_image\" \/>\n<meta name=\"twitter:creator\" content=\"@PressenzaIPA\" \/>\n<meta name=\"twitter:site\" content=\"@PressenzaIPA\" \/>\n<meta name=\"twitter:label1\" content=\"Escrito por\" \/>\n\t<meta name=\"twitter:data1\" content=\"\u00c1frica Garc\u00eda\" \/>\n\t<meta name=\"twitter:label2\" content=\"Tiempo de lectura\" \/>\n\t<meta name=\"twitter:data2\" content=\"4 minutos\" \/>\n<script type=\"application\/ld+json\" class=\"yoast-schema-graph\">{\"@context\":\"https:\/\/schema.org\",\"@graph\":[{\"@type\":\"Article\",\"@id\":\"https:\/\/www.pressenza.com\/es\/2020\/03\/madrid-6-de-marzo-huelga-en-el-colegio-lourdes\/#article\",\"isPartOf\":{\"@id\":\"https:\/\/www.pressenza.com\/es\/2020\/03\/madrid-6-de-marzo-huelga-en-el-colegio-lourdes\/\"},\"author\":{\"name\":\"\u00c1frica Garc\u00eda\",\"@id\":\"https:\/\/www.pressenza.com\/es\/#\/schema\/person\/5497b665785f82b9643edc1246e26bb9\"},\"headline\":\"Madrid, 6 de marzo. Huelga en el Colegio Lourdes\",\"datePublished\":\"2020-03-08T20:58:15+00:00\",\"mainEntityOfPage\":{\"@id\":\"https:\/\/www.pressenza.com\/es\/2020\/03\/madrid-6-de-marzo-huelga-en-el-colegio-lourdes\/\"},\"wordCount\":719,\"publisher\":{\"@id\":\"https:\/\/www.pressenza.com\/es\/#organization\"},\"image\":{\"@id\":\"https:\/\/www.pressenza.com\/es\/2020\/03\/madrid-6-de-marzo-huelga-en-el-colegio-lourdes\/#primaryimage\"},\"thumbnailUrl\":\"https:\/\/www.pressenza.com\/wp-content\/uploads\/2020\/03\/africa3.jpg\",\"keywords\":[\"Colegio Lourdes\",\"huelga\",\"machismos\",\"Marcha\"],\"articleSection\":[\"Contenido Original\",\"Europa\",\"G\u00e9nero y Feminismos\",\"Opiniones\"],\"inLanguage\":\"es\"},{\"@type\":\"WebPage\",\"@id\":\"https:\/\/www.pressenza.com\/es\/2020\/03\/madrid-6-de-marzo-huelga-en-el-colegio-lourdes\/\",\"url\":\"https:\/\/www.pressenza.com\/es\/2020\/03\/madrid-6-de-marzo-huelga-en-el-colegio-lourdes\/\",\"name\":\"Madrid, 6 de marzo. Huelga en el Colegio Lourdes\",\"isPartOf\":{\"@id\":\"https:\/\/www.pressenza.com\/es\/#website\"},\"primaryImageOfPage\":{\"@id\":\"https:\/\/www.pressenza.com\/es\/2020\/03\/madrid-6-de-marzo-huelga-en-el-colegio-lourdes\/#primaryimage\"},\"image\":{\"@id\":\"https:\/\/www.pressenza.com\/es\/2020\/03\/madrid-6-de-marzo-huelga-en-el-colegio-lourdes\/#primaryimage\"},\"thumbnailUrl\":\"https:\/\/www.pressenza.com\/wp-content\/uploads\/2020\/03\/africa3.jpg\",\"datePublished\":\"2020-03-08T20:58:15+00:00\",\"description\":\"Era viernes 6 de marzo por la ma\u00f1ana en el Colegio Lourdes, cuando yo me hallaba en una clase sin saber muy bien qu\u00e9 hacer, medio cavilando el por qu\u00e9 de\",\"breadcrumb\":{\"@id\":\"https:\/\/www.pressenza.com\/es\/2020\/03\/madrid-6-de-marzo-huelga-en-el-colegio-lourdes\/#breadcrumb\"},\"inLanguage\":\"es\",\"potentialAction\":[{\"@type\":\"ReadAction\",\"target\":[\"https:\/\/www.pressenza.com\/es\/2020\/03\/madrid-6-de-marzo-huelga-en-el-colegio-lourdes\/\"]}]},{\"@type\":\"ImageObject\",\"inLanguage\":\"es\",\"@id\":\"https:\/\/www.pressenza.com\/es\/2020\/03\/madrid-6-de-marzo-huelga-en-el-colegio-lourdes\/#primaryimage\",\"url\":\"https:\/\/www.pressenza.com\/wp-content\/uploads\/2020\/03\/africa3.jpg\",\"contentUrl\":\"https:\/\/www.pressenza.com\/wp-content\/uploads\/2020\/03\/africa3.jpg\",\"width\":1024,\"height\":645},{\"@type\":\"BreadcrumbList\",\"@id\":\"https:\/\/www.pressenza.com\/es\/2020\/03\/madrid-6-de-marzo-huelga-en-el-colegio-lourdes\/#breadcrumb\",\"itemListElement\":[{\"@type\":\"ListItem\",\"position\":1,\"name\":\"Accueil\",\"item\":\"https:\/\/www.pressenza.com\/es\/\"},{\"@type\":\"ListItem\",\"position\":2,\"name\":\"Madrid, 6 de marzo. Huelga en el Colegio Lourdes\"}]},{\"@type\":\"WebSite\",\"@id\":\"https:\/\/www.pressenza.com\/es\/#website\",\"url\":\"https:\/\/www.pressenza.com\/es\/\",\"name\":\"Pressenza\",\"description\":\"International Press Agency\",\"publisher\":{\"@id\":\"https:\/\/www.pressenza.com\/es\/#organization\"},\"potentialAction\":[{\"@type\":\"SearchAction\",\"target\":{\"@type\":\"EntryPoint\",\"urlTemplate\":\"https:\/\/www.pressenza.com\/es\/?s={search_term_string}\"},\"query-input\":{\"@type\":\"PropertyValueSpecification\",\"valueRequired\":true,\"valueName\":\"search_term_string\"}}],\"inLanguage\":\"es\"},{\"@type\":\"Organization\",\"@id\":\"https:\/\/www.pressenza.com\/es\/#organization\",\"name\":\"Pressenza\",\"url\":\"https:\/\/www.pressenza.com\/es\/\",\"logo\":{\"@type\":\"ImageObject\",\"inLanguage\":\"es\",\"@id\":\"https:\/\/www.pressenza.com\/es\/#\/schema\/logo\/image\/\",\"url\":\"https:\/\/www.pressenza.com\/wp-content\/uploads\/2022\/10\/pressenza_logo_200x200.jpg\",\"contentUrl\":\"https:\/\/www.pressenza.com\/wp-content\/uploads\/2022\/10\/pressenza_logo_200x200.jpg\",\"width\":200,\"height\":200,\"caption\":\"Pressenza\"},\"image\":{\"@id\":\"https:\/\/www.pressenza.com\/es\/#\/schema\/logo\/image\/\"},\"sameAs\":[\"https:\/\/www.facebook.com\/PressenzaItalia\",\"https:\/\/x.com\/PressenzaIPA\"]},{\"@type\":\"Person\",\"@id\":\"https:\/\/www.pressenza.com\/es\/#\/schema\/person\/5497b665785f82b9643edc1246e26bb9\",\"name\":\"\u00c1frica Garc\u00eda\",\"description\":\"Estudiante de Secundaria en el Colegio de Lourdes (Madrid). 15 a\u00f1os. \\\"Introduci\u00e9ndome en el relato de la vida\\\"\",\"url\":\"https:\/\/www.pressenza.com\/es\/author\/africa-garcia\/\"}]}<\/script>\n<!-- \/ Yoast SEO plugin. -->","yoast_head_json":{"title":"Madrid, 6 de marzo. Huelga en el Colegio Lourdes","description":"Era viernes 6 de marzo por la ma\u00f1ana en el Colegio Lourdes, cuando yo me hallaba en una clase sin saber muy bien qu\u00e9 hacer, medio cavilando el por qu\u00e9 de","robots":{"index":"index","follow":"follow","max-snippet":"max-snippet:-1","max-image-preview":"max-image-preview:large","max-video-preview":"max-video-preview:-1"},"canonical":"https:\/\/www.pressenza.com\/es\/2020\/03\/madrid-6-de-marzo-huelga-en-el-colegio-lourdes\/","og_locale":"es_ES","og_type":"article","og_title":"Madrid, 6 de marzo. Huelga en el Colegio Lourdes","og_description":"Era viernes 6 de marzo por la ma\u00f1ana en el Colegio Lourdes, cuando yo me hallaba en una clase sin saber muy bien qu\u00e9 hacer, medio cavilando el por qu\u00e9 de","og_url":"https:\/\/www.pressenza.com\/es\/2020\/03\/madrid-6-de-marzo-huelga-en-el-colegio-lourdes\/","og_site_name":"Pressenza","article_publisher":"https:\/\/www.facebook.com\/PressenzaItalia","article_published_time":"2020-03-08T20:58:15+00:00","og_image":[{"width":1024,"height":645,"url":"https:\/\/www.pressenza.com\/wp-content\/uploads\/2020\/03\/africa3.jpg","type":"image\/jpeg"}],"author":"\u00c1frica Garc\u00eda","twitter_card":"summary_large_image","twitter_creator":"@PressenzaIPA","twitter_site":"@PressenzaIPA","twitter_misc":{"Escrito por":"\u00c1frica Garc\u00eda","Tiempo de lectura":"4 minutos"},"schema":{"@context":"https:\/\/schema.org","@graph":[{"@type":"Article","@id":"https:\/\/www.pressenza.com\/es\/2020\/03\/madrid-6-de-marzo-huelga-en-el-colegio-lourdes\/#article","isPartOf":{"@id":"https:\/\/www.pressenza.com\/es\/2020\/03\/madrid-6-de-marzo-huelga-en-el-colegio-lourdes\/"},"author":{"name":"\u00c1frica Garc\u00eda","@id":"https:\/\/www.pressenza.com\/es\/#\/schema\/person\/5497b665785f82b9643edc1246e26bb9"},"headline":"Madrid, 6 de marzo. Huelga en el Colegio Lourdes","datePublished":"2020-03-08T20:58:15+00:00","mainEntityOfPage":{"@id":"https:\/\/www.pressenza.com\/es\/2020\/03\/madrid-6-de-marzo-huelga-en-el-colegio-lourdes\/"},"wordCount":719,"publisher":{"@id":"https:\/\/www.pressenza.com\/es\/#organization"},"image":{"@id":"https:\/\/www.pressenza.com\/es\/2020\/03\/madrid-6-de-marzo-huelga-en-el-colegio-lourdes\/#primaryimage"},"thumbnailUrl":"https:\/\/www.pressenza.com\/wp-content\/uploads\/2020\/03\/africa3.jpg","keywords":["Colegio Lourdes","huelga","machismos","Marcha"],"articleSection":["Contenido Original","Europa","G\u00e9nero y Feminismos","Opiniones"],"inLanguage":"es"},{"@type":"WebPage","@id":"https:\/\/www.pressenza.com\/es\/2020\/03\/madrid-6-de-marzo-huelga-en-el-colegio-lourdes\/","url":"https:\/\/www.pressenza.com\/es\/2020\/03\/madrid-6-de-marzo-huelga-en-el-colegio-lourdes\/","name":"Madrid, 6 de marzo. Huelga en el Colegio Lourdes","isPartOf":{"@id":"https:\/\/www.pressenza.com\/es\/#website"},"primaryImageOfPage":{"@id":"https:\/\/www.pressenza.com\/es\/2020\/03\/madrid-6-de-marzo-huelga-en-el-colegio-lourdes\/#primaryimage"},"image":{"@id":"https:\/\/www.pressenza.com\/es\/2020\/03\/madrid-6-de-marzo-huelga-en-el-colegio-lourdes\/#primaryimage"},"thumbnailUrl":"https:\/\/www.pressenza.com\/wp-content\/uploads\/2020\/03\/africa3.jpg","datePublished":"2020-03-08T20:58:15+00:00","description":"Era viernes 6 de marzo por la ma\u00f1ana en el Colegio Lourdes, cuando yo me hallaba en una clase sin saber muy bien qu\u00e9 hacer, medio cavilando el por qu\u00e9 de","breadcrumb":{"@id":"https:\/\/www.pressenza.com\/es\/2020\/03\/madrid-6-de-marzo-huelga-en-el-colegio-lourdes\/#breadcrumb"},"inLanguage":"es","potentialAction":[{"@type":"ReadAction","target":["https:\/\/www.pressenza.com\/es\/2020\/03\/madrid-6-de-marzo-huelga-en-el-colegio-lourdes\/"]}]},{"@type":"ImageObject","inLanguage":"es","@id":"https:\/\/www.pressenza.com\/es\/2020\/03\/madrid-6-de-marzo-huelga-en-el-colegio-lourdes\/#primaryimage","url":"https:\/\/www.pressenza.com\/wp-content\/uploads\/2020\/03\/africa3.jpg","contentUrl":"https:\/\/www.pressenza.com\/wp-content\/uploads\/2020\/03\/africa3.jpg","width":1024,"height":645},{"@type":"BreadcrumbList","@id":"https:\/\/www.pressenza.com\/es\/2020\/03\/madrid-6-de-marzo-huelga-en-el-colegio-lourdes\/#breadcrumb","itemListElement":[{"@type":"ListItem","position":1,"name":"Accueil","item":"https:\/\/www.pressenza.com\/es\/"},{"@type":"ListItem","position":2,"name":"Madrid, 6 de marzo. Huelga en el Colegio Lourdes"}]},{"@type":"WebSite","@id":"https:\/\/www.pressenza.com\/es\/#website","url":"https:\/\/www.pressenza.com\/es\/","name":"Pressenza","description":"International Press Agency","publisher":{"@id":"https:\/\/www.pressenza.com\/es\/#organization"},"potentialAction":[{"@type":"SearchAction","target":{"@type":"EntryPoint","urlTemplate":"https:\/\/www.pressenza.com\/es\/?s={search_term_string}"},"query-input":{"@type":"PropertyValueSpecification","valueRequired":true,"valueName":"search_term_string"}}],"inLanguage":"es"},{"@type":"Organization","@id":"https:\/\/www.pressenza.com\/es\/#organization","name":"Pressenza","url":"https:\/\/www.pressenza.com\/es\/","logo":{"@type":"ImageObject","inLanguage":"es","@id":"https:\/\/www.pressenza.com\/es\/#\/schema\/logo\/image\/","url":"https:\/\/www.pressenza.com\/wp-content\/uploads\/2022\/10\/pressenza_logo_200x200.jpg","contentUrl":"https:\/\/www.pressenza.com\/wp-content\/uploads\/2022\/10\/pressenza_logo_200x200.jpg","width":200,"height":200,"caption":"Pressenza"},"image":{"@id":"https:\/\/www.pressenza.com\/es\/#\/schema\/logo\/image\/"},"sameAs":["https:\/\/www.facebook.com\/PressenzaItalia","https:\/\/x.com\/PressenzaIPA"]},{"@type":"Person","@id":"https:\/\/www.pressenza.com\/es\/#\/schema\/person\/5497b665785f82b9643edc1246e26bb9","name":"\u00c1frica Garc\u00eda","description":"Estudiante de Secundaria en el Colegio de Lourdes (Madrid). 15 a\u00f1os. \"Introduci\u00e9ndome en el relato de la vida\"","url":"https:\/\/www.pressenza.com\/es\/author\/africa-garcia\/"}]}},"place":"Madrid, Espa\u00f1a","original_article_url":"","_links":{"self":[{"href":"https:\/\/www.pressenza.com\/es\/wp-json\/wp\/v2\/posts\/1052482","targetHints":{"allow":["GET"]}}],"collection":[{"href":"https:\/\/www.pressenza.com\/es\/wp-json\/wp\/v2\/posts"}],"about":[{"href":"https:\/\/www.pressenza.com\/es\/wp-json\/wp\/v2\/types\/post"}],"author":[{"embeddable":true,"href":"https:\/\/www.pressenza.com\/es\/wp-json\/wp\/v2\/users\/1775"}],"replies":[{"embeddable":true,"href":"https:\/\/www.pressenza.com\/es\/wp-json\/wp\/v2\/comments?post=1052482"}],"version-history":[{"count":0,"href":"https:\/\/www.pressenza.com\/es\/wp-json\/wp\/v2\/posts\/1052482\/revisions"}],"wp:featuredmedia":[{"embeddable":true,"href":"https:\/\/www.pressenza.com\/es\/wp-json\/wp\/v2\/media\/1052499"}],"wp:attachment":[{"href":"https:\/\/www.pressenza.com\/es\/wp-json\/wp\/v2\/media?parent=1052482"}],"wp:term":[{"taxonomy":"category","embeddable":true,"href":"https:\/\/www.pressenza.com\/es\/wp-json\/wp\/v2\/categories?post=1052482"},{"taxonomy":"post_tag","embeddable":true,"href":"https:\/\/www.pressenza.com\/es\/wp-json\/wp\/v2\/tags?post=1052482"}],"curies":[{"name":"wp","href":"https:\/\/api.w.org\/{rel}","templated":true}]}}