{"id":1051279,"date":"2020-03-07T18:47:47","date_gmt":"2020-03-07T18:47:47","guid":{"rendered":"https:\/\/www.pressenza.com\/?p=1051279"},"modified":"2020-03-07T18:50:16","modified_gmt":"2020-03-07T18:50:16","slug":"pinera-y-el-virus-de-la-desverguenza","status":"publish","type":"post","link":"https:\/\/www.pressenza.com\/es\/2020\/03\/pinera-y-el-virus-de-la-desverguenza\/","title":{"rendered":"Pi\u00f1era y el virus de la desverg\u00fcenza"},"content":{"rendered":"<p>Leo el testimonio de un m\u00e9dico italiano que se muestra sorprendido por la alarma p\u00fablica que ha provocado en Chile el Coronavirus. Nos dice que \u00e9l vive y trabaja en uno de los pa\u00edses que tiene altos \u00edndices de infectados y que all\u00ed la poblaci\u00f3n parece tener plena conciencia de que se trata de uno de los virus m\u00e1s benignos y con m\u00e1s baja letalidad, como lo demuestran, por lo dem\u00e1s, todas las cifras mundiales. Nos advierte que la histeria provocada en Chile es completamente exagerada, si se considera que al escribir esta l\u00edneas solo tenemos cuatro casos de pacientes que habr\u00edan portado el mal desde el extranjero y todos, hasta aqu\u00ed, ya se encuentran muy lejos de arriesgar sus vidas.<\/p>\n<p>Desde La Moneda, el Coronavirus le ha ofrecido una oportunidad magn\u00edfica al Presidente Pi\u00f1era y a sus subordinados para atemorizar al pa\u00eds y tratar de ponernos a todos en ascuas frente a un riesgo mucho menor que el provocado por los miles de pacientes que mueren esperando atenci\u00f3n en los hospitales p\u00fablicos y por los que seguir\u00e1n falleciendo a diario por la influenza y otras enfermedades de alta letalidad. El propio jefe de estado no cesa de hablar y dictar c\u00e1tedra sobre este tema para evitar seguramente un pronunciamiento sobre las acuciantes demandas sociales de nuestra poblaci\u00f3n y que son las culpables de los padecimientos de los millones de pensionados, los cientos de miles de ni\u00f1os infectados por las drogadicci\u00f3n y las miseria. Adem\u00e1s de las v\u00edctimas que aumentan por el maltrato cotidiano y criminal que Carabineros ejerce sobre los que han debido salir a las calles a reclamar por sus derechos conculcados, por los abusos de los poderosos y la corrupci\u00f3n de los gobernantes.<\/p>\n<p>Con la prensa adicta, Pi\u00f1era, el ministro de Salud y otra serie c\u00f3mplices copan los canales de televisi\u00f3n con noticias alarmistas que desplazan a las que son realmente importantes en Chile y el mundo. Noticiarios, matinales y toda suerte de programas para cumplir con este prop\u00f3sito. Supuestos periodistas o noteros abyectos que ven en este tema una verdadera oportunidad mantener sus puestos de trabajo, cuando ya el Festival de Vi\u00f1a se ha esfumado y los embustes sobre Venezuela y otros pa\u00edses perdieron atractivo. Nunca tantos profesionales de la salud y de otras especialidades han tenido espacios tan exquisitos en los medios de comunicaci\u00f3n para obtener clientes. Tal como los laboratorios, farmacias y cl\u00ednicas para especular con los precios de aquellos productos o f\u00e1rmacos que pudieran ser \u00fatiles para el d\u00eda en que la epidemia y pandemia \u201cgolpee\u201d a nuestro pa\u00eds.<\/p>\n<p>De lo que se trata es atemorizar a la poblaci\u00f3n para que se quede quieta ojal\u00e1 la mayor parte de su tiempo y en sus casas. Para que se suspendan los espect\u00e1culos masivos donde la rechifla y las consignas contra Pi\u00f1era crecientemente superan los aplausos a los deportistas y artistas. Para ello, las autoridades han llegado a hacernos un ofert\u00f3n de licencias m\u00e9dicas para quioenes se sientan afiebrados, nerviosos o temerosos de haber contra\u00eddo un mal que en el mundo jam\u00e1s podr\u00e1 superar la cifra de muertos o mutilados por las guerras y desastres naturales. Como tampoco la de los cientos de miles o millones de latinoamericanos afectados por las diversas pestes; la de los millones de africanos y asi\u00e1ticos asesinados por el hambre y las pol\u00edticas neoliberales o la de los cientos de miles de europeos o estadounidenses que se suicidan o fallecen por el hartazgo de sus h\u00e1bitos culinarios y vicios.<\/p>\n<p>Algunas autoridades de Gobierno y de la derecha m\u00e1s recalcitrante hasta manifiestan su esperanza de que se posterguen el itinerario institucional, el plebiscito y las pr\u00f3ximas elecciones, ya que estos eventos podr\u00edan constituirse en un fatal \u201ccaldo de cultivo\u201d del Coronavirus, si se piensa, por ejemplo, en los recintos de votaci\u00f3n, las reuniones y manifestaciones. Evidenciando con ello el temor que le tienen a que el pa\u00eds se infecte realmente de buenas ideas, y el descontento social y las movilizaciones sean el ariete de los cambios tan so\u00f1ados. Del \u201cChile Nuevo\u201d que Mariano Puga, nuestro ejemplar sacerdote obrero, visualiza en su agon\u00eda. Ahora que el pueblo, seg\u00fan \u00e9l, ha despertado.<\/p>\n<p>Lo que m\u00e1s debiera intimidarnos, en realidad, son las alucinaciones y la desverg\u00fcenza de Sebasti\u00e1n Pi\u00f1era, que ya no es capaz, siquiera, de percibir el rubor que provoca hasta en sus m\u00e1s cercanos seguidores sus delirantes y desatinadas alocuciones en que, adem\u00e1s de su obsesi\u00f3n por el Coronavirus, se traiciona en su machismo rampante y otros descriterios que lo han convertido en el principal hazmerreir del pa\u00eds<\/p>\n","protected":false},"excerpt":{"rendered":"<p>Leo el testimonio de un m\u00e9dico italiano que se muestra sorprendido por la alarma p\u00fablica que ha provocado en Chile el Coronavirus. Nos dice que \u00e9l vive y trabaja en uno de los pa\u00edses que tiene altos \u00edndices de infectados&hellip;<\/p>\n","protected":false},"author":1739,"featured_media":1051280,"comment_status":"closed","ping_status":"closed","sticky":false,"template":"","format":"standard","meta":{"footnotes":""},"categories":[11389,161,74,67],"tags":[29,69903,652],"class_list":["post-1051279","post","type-post","status-publish","format-standard","has-post-thumbnail","hentry","category-contenido-original","category-opiniones","category-politica-es","category-sudamerica","tag-chile","tag-coronavirus","tag-sebastian-pinera"],"yoast_head":"<!-- This site is optimized with the Yoast SEO plugin v27.1.1 - https:\/\/yoast.com\/product\/yoast-seo-wordpress\/ -->\n<title>Pi\u00f1era y el virus de la desverg\u00fcenza<\/title>\n<meta name=\"description\" content=\"Pi\u00f1era y el virus de la desverg\u00fcenza\" \/>\n<meta name=\"robots\" content=\"index, follow, max-snippet:-1, max-image-preview:large, max-video-preview:-1\" \/>\n<link rel=\"canonical\" href=\"https:\/\/www.pressenza.com\/es\/2020\/03\/pinera-y-el-virus-de-la-desverguenza\/\" \/>\n<meta property=\"og:locale\" content=\"es_ES\" \/>\n<meta property=\"og:type\" content=\"article\" \/>\n<meta property=\"og:title\" content=\"Pi\u00f1era y el virus de la desverg\u00fcenza\" \/>\n<meta property=\"og:description\" content=\"Pi\u00f1era y el virus de la desverg\u00fcenza\" \/>\n<meta property=\"og:url\" content=\"https:\/\/www.pressenza.com\/es\/2020\/03\/pinera-y-el-virus-de-la-desverguenza\/\" \/>\n<meta property=\"og:site_name\" content=\"Pressenza\" \/>\n<meta property=\"article:publisher\" content=\"https:\/\/www.facebook.com\/PressenzaItalia\" \/>\n<meta property=\"article:published_time\" content=\"2020-03-07T18:47:47+00:00\" \/>\n<meta property=\"article:modified_time\" content=\"2020-03-07T18:50:16+00:00\" \/>\n<meta property=\"og:image\" content=\"https:\/\/www.pressenza.com\/wp-content\/uploads\/2020\/03\/MG_5559.jpg\" \/>\n\t<meta property=\"og:image:width\" content=\"2048\" \/>\n\t<meta property=\"og:image:height\" content=\"1365\" \/>\n\t<meta property=\"og:image:type\" content=\"image\/jpeg\" \/>\n<meta name=\"author\" content=\"Juan Pablo C\u00e1rdenas\" \/>\n<meta name=\"twitter:card\" content=\"summary_large_image\" \/>\n<meta name=\"twitter:creator\" content=\"@PressenzaIPA\" \/>\n<meta name=\"twitter:site\" content=\"@PressenzaIPA\" \/>\n<meta name=\"twitter:label1\" content=\"Escrito por\" \/>\n\t<meta name=\"twitter:data1\" content=\"Juan Pablo C\u00e1rdenas\" \/>\n\t<meta name=\"twitter:label2\" content=\"Tiempo de lectura\" \/>\n\t<meta name=\"twitter:data2\" content=\"4 minutos\" \/>\n<script type=\"application\/ld+json\" class=\"yoast-schema-graph\">{\"@context\":\"https:\/\/schema.org\",\"@graph\":[{\"@type\":\"Article\",\"@id\":\"https:\/\/www.pressenza.com\/es\/2020\/03\/pinera-y-el-virus-de-la-desverguenza\/#article\",\"isPartOf\":{\"@id\":\"https:\/\/www.pressenza.com\/es\/2020\/03\/pinera-y-el-virus-de-la-desverguenza\/\"},\"author\":{\"name\":\"Juan Pablo C\u00e1rdenas\",\"@id\":\"https:\/\/www.pressenza.com\/es\/#\/schema\/person\/d72a7c8c014dcbfa2ef9e9976103ea0d\"},\"headline\":\"Pi\u00f1era y el virus de la desverg\u00fcenza\",\"datePublished\":\"2020-03-07T18:47:47+00:00\",\"dateModified\":\"2020-03-07T18:50:16+00:00\",\"mainEntityOfPage\":{\"@id\":\"https:\/\/www.pressenza.com\/es\/2020\/03\/pinera-y-el-virus-de-la-desverguenza\/\"},\"wordCount\":824,\"publisher\":{\"@id\":\"https:\/\/www.pressenza.com\/es\/#organization\"},\"image\":{\"@id\":\"https:\/\/www.pressenza.com\/es\/2020\/03\/pinera-y-el-virus-de-la-desverguenza\/#primaryimage\"},\"thumbnailUrl\":\"https:\/\/www.pressenza.com\/wp-content\/uploads\/2020\/03\/MG_5559.jpg\",\"keywords\":[\"Chile\",\"coronav\u00edrus\",\"Sebasti\u00e1n Pi\u00f1era\"],\"articleSection\":[\"Contenido Original\",\"Opiniones\",\"Pol\u00edtica\",\"Sudam\u00e9rica\"],\"inLanguage\":\"es\"},{\"@type\":\"WebPage\",\"@id\":\"https:\/\/www.pressenza.com\/es\/2020\/03\/pinera-y-el-virus-de-la-desverguenza\/\",\"url\":\"https:\/\/www.pressenza.com\/es\/2020\/03\/pinera-y-el-virus-de-la-desverguenza\/\",\"name\":\"Pi\u00f1era y el virus de la desverg\u00fcenza\",\"isPartOf\":{\"@id\":\"https:\/\/www.pressenza.com\/es\/#website\"},\"primaryImageOfPage\":{\"@id\":\"https:\/\/www.pressenza.com\/es\/2020\/03\/pinera-y-el-virus-de-la-desverguenza\/#primaryimage\"},\"image\":{\"@id\":\"https:\/\/www.pressenza.com\/es\/2020\/03\/pinera-y-el-virus-de-la-desverguenza\/#primaryimage\"},\"thumbnailUrl\":\"https:\/\/www.pressenza.com\/wp-content\/uploads\/2020\/03\/MG_5559.jpg\",\"datePublished\":\"2020-03-07T18:47:47+00:00\",\"dateModified\":\"2020-03-07T18:50:16+00:00\",\"description\":\"Pi\u00f1era y el virus de la desverg\u00fcenza\",\"breadcrumb\":{\"@id\":\"https:\/\/www.pressenza.com\/es\/2020\/03\/pinera-y-el-virus-de-la-desverguenza\/#breadcrumb\"},\"inLanguage\":\"es\",\"potentialAction\":[{\"@type\":\"ReadAction\",\"target\":[\"https:\/\/www.pressenza.com\/es\/2020\/03\/pinera-y-el-virus-de-la-desverguenza\/\"]}]},{\"@type\":\"ImageObject\",\"inLanguage\":\"es\",\"@id\":\"https:\/\/www.pressenza.com\/es\/2020\/03\/pinera-y-el-virus-de-la-desverguenza\/#primaryimage\",\"url\":\"https:\/\/www.pressenza.com\/wp-content\/uploads\/2020\/03\/MG_5559.jpg\",\"contentUrl\":\"https:\/\/www.pressenza.com\/wp-content\/uploads\/2020\/03\/MG_5559.jpg\",\"width\":2048,\"height\":1365},{\"@type\":\"BreadcrumbList\",\"@id\":\"https:\/\/www.pressenza.com\/es\/2020\/03\/pinera-y-el-virus-de-la-desverguenza\/#breadcrumb\",\"itemListElement\":[{\"@type\":\"ListItem\",\"position\":1,\"name\":\"Accueil\",\"item\":\"https:\/\/www.pressenza.com\/es\/\"},{\"@type\":\"ListItem\",\"position\":2,\"name\":\"Pi\u00f1era y el virus de la desverg\u00fcenza\"}]},{\"@type\":\"WebSite\",\"@id\":\"https:\/\/www.pressenza.com\/es\/#website\",\"url\":\"https:\/\/www.pressenza.com\/es\/\",\"name\":\"Pressenza\",\"description\":\"International Press Agency\",\"publisher\":{\"@id\":\"https:\/\/www.pressenza.com\/es\/#organization\"},\"potentialAction\":[{\"@type\":\"SearchAction\",\"target\":{\"@type\":\"EntryPoint\",\"urlTemplate\":\"https:\/\/www.pressenza.com\/es\/?s={search_term_string}\"},\"query-input\":{\"@type\":\"PropertyValueSpecification\",\"valueRequired\":true,\"valueName\":\"search_term_string\"}}],\"inLanguage\":\"es\"},{\"@type\":\"Organization\",\"@id\":\"https:\/\/www.pressenza.com\/es\/#organization\",\"name\":\"Pressenza\",\"url\":\"https:\/\/www.pressenza.com\/es\/\",\"logo\":{\"@type\":\"ImageObject\",\"inLanguage\":\"es\",\"@id\":\"https:\/\/www.pressenza.com\/es\/#\/schema\/logo\/image\/\",\"url\":\"https:\/\/www.pressenza.com\/wp-content\/uploads\/2022\/10\/pressenza_logo_200x200.jpg\",\"contentUrl\":\"https:\/\/www.pressenza.com\/wp-content\/uploads\/2022\/10\/pressenza_logo_200x200.jpg\",\"width\":200,\"height\":200,\"caption\":\"Pressenza\"},\"image\":{\"@id\":\"https:\/\/www.pressenza.com\/es\/#\/schema\/logo\/image\/\"},\"sameAs\":[\"https:\/\/www.facebook.com\/PressenzaItalia\",\"https:\/\/x.com\/PressenzaIPA\"]},{\"@type\":\"Person\",\"@id\":\"https:\/\/www.pressenza.com\/es\/#\/schema\/person\/d72a7c8c014dcbfa2ef9e9976103ea0d\",\"name\":\"Juan Pablo C\u00e1rdenas\",\"description\":\"Juan Pablo C\u00e1rdenas Squella es un periodista y profesor universitario de vasta trayectoria. En el 2005 recibi\u00f3 en premio nacional de Periodismo y, antes, la Pluma de Oro de la Libertad, otorgada por la Federaci\u00f3n Mundial de la Prensa. Tambi\u00e9n obtuvo el Premio Latinoamericano de Periodismo, la Houten Camara de Holanda (1989) entre otras m\u00faltiples distinciones nacionales y extranjeras. Forma parte de los sesenta periodistas del mundo considerados H\u00e9roes de la Libertad de Expresi\u00f3n, reconocimiento hecho por la Federaci\u00f3n Internacional de Periodistas. Ha sido director y columnista de las revistas Debate Universitario, An\u00e1lisis y Los Tiempos, as\u00ed como del diario electr\u00f3nico primeral\u00ednea.cl. Tambi\u00e9n fue por m\u00e1s 18 a\u00f1os director de la Radio Universidad de Chile y de su diario digital. Se ha desempe\u00f1ado como profesor de varias escuelas de periodismo de Santiago y Valpara\u00edso y en la Universidad de Chile alcanz\u00f3 el grado de profesor titular y senador universitario.\",\"url\":\"https:\/\/www.pressenza.com\/es\/author\/juan-pablo-cardenas\/\"}]}<\/script>\n<!-- \/ Yoast SEO plugin. -->","yoast_head_json":{"title":"Pi\u00f1era y el virus de la desverg\u00fcenza","description":"Pi\u00f1era y el virus de la desverg\u00fcenza","robots":{"index":"index","follow":"follow","max-snippet":"max-snippet:-1","max-image-preview":"max-image-preview:large","max-video-preview":"max-video-preview:-1"},"canonical":"https:\/\/www.pressenza.com\/es\/2020\/03\/pinera-y-el-virus-de-la-desverguenza\/","og_locale":"es_ES","og_type":"article","og_title":"Pi\u00f1era y el virus de la desverg\u00fcenza","og_description":"Pi\u00f1era y el virus de la desverg\u00fcenza","og_url":"https:\/\/www.pressenza.com\/es\/2020\/03\/pinera-y-el-virus-de-la-desverguenza\/","og_site_name":"Pressenza","article_publisher":"https:\/\/www.facebook.com\/PressenzaItalia","article_published_time":"2020-03-07T18:47:47+00:00","article_modified_time":"2020-03-07T18:50:16+00:00","og_image":[{"width":2048,"height":1365,"url":"https:\/\/www.pressenza.com\/wp-content\/uploads\/2020\/03\/MG_5559.jpg","type":"image\/jpeg"}],"author":"Juan Pablo C\u00e1rdenas","twitter_card":"summary_large_image","twitter_creator":"@PressenzaIPA","twitter_site":"@PressenzaIPA","twitter_misc":{"Escrito por":"Juan Pablo C\u00e1rdenas","Tiempo de lectura":"4 minutos"},"schema":{"@context":"https:\/\/schema.org","@graph":[{"@type":"Article","@id":"https:\/\/www.pressenza.com\/es\/2020\/03\/pinera-y-el-virus-de-la-desverguenza\/#article","isPartOf":{"@id":"https:\/\/www.pressenza.com\/es\/2020\/03\/pinera-y-el-virus-de-la-desverguenza\/"},"author":{"name":"Juan Pablo C\u00e1rdenas","@id":"https:\/\/www.pressenza.com\/es\/#\/schema\/person\/d72a7c8c014dcbfa2ef9e9976103ea0d"},"headline":"Pi\u00f1era y el virus de la desverg\u00fcenza","datePublished":"2020-03-07T18:47:47+00:00","dateModified":"2020-03-07T18:50:16+00:00","mainEntityOfPage":{"@id":"https:\/\/www.pressenza.com\/es\/2020\/03\/pinera-y-el-virus-de-la-desverguenza\/"},"wordCount":824,"publisher":{"@id":"https:\/\/www.pressenza.com\/es\/#organization"},"image":{"@id":"https:\/\/www.pressenza.com\/es\/2020\/03\/pinera-y-el-virus-de-la-desverguenza\/#primaryimage"},"thumbnailUrl":"https:\/\/www.pressenza.com\/wp-content\/uploads\/2020\/03\/MG_5559.jpg","keywords":["Chile","coronav\u00edrus","Sebasti\u00e1n Pi\u00f1era"],"articleSection":["Contenido Original","Opiniones","Pol\u00edtica","Sudam\u00e9rica"],"inLanguage":"es"},{"@type":"WebPage","@id":"https:\/\/www.pressenza.com\/es\/2020\/03\/pinera-y-el-virus-de-la-desverguenza\/","url":"https:\/\/www.pressenza.com\/es\/2020\/03\/pinera-y-el-virus-de-la-desverguenza\/","name":"Pi\u00f1era y el virus de la desverg\u00fcenza","isPartOf":{"@id":"https:\/\/www.pressenza.com\/es\/#website"},"primaryImageOfPage":{"@id":"https:\/\/www.pressenza.com\/es\/2020\/03\/pinera-y-el-virus-de-la-desverguenza\/#primaryimage"},"image":{"@id":"https:\/\/www.pressenza.com\/es\/2020\/03\/pinera-y-el-virus-de-la-desverguenza\/#primaryimage"},"thumbnailUrl":"https:\/\/www.pressenza.com\/wp-content\/uploads\/2020\/03\/MG_5559.jpg","datePublished":"2020-03-07T18:47:47+00:00","dateModified":"2020-03-07T18:50:16+00:00","description":"Pi\u00f1era y el virus de la desverg\u00fcenza","breadcrumb":{"@id":"https:\/\/www.pressenza.com\/es\/2020\/03\/pinera-y-el-virus-de-la-desverguenza\/#breadcrumb"},"inLanguage":"es","potentialAction":[{"@type":"ReadAction","target":["https:\/\/www.pressenza.com\/es\/2020\/03\/pinera-y-el-virus-de-la-desverguenza\/"]}]},{"@type":"ImageObject","inLanguage":"es","@id":"https:\/\/www.pressenza.com\/es\/2020\/03\/pinera-y-el-virus-de-la-desverguenza\/#primaryimage","url":"https:\/\/www.pressenza.com\/wp-content\/uploads\/2020\/03\/MG_5559.jpg","contentUrl":"https:\/\/www.pressenza.com\/wp-content\/uploads\/2020\/03\/MG_5559.jpg","width":2048,"height":1365},{"@type":"BreadcrumbList","@id":"https:\/\/www.pressenza.com\/es\/2020\/03\/pinera-y-el-virus-de-la-desverguenza\/#breadcrumb","itemListElement":[{"@type":"ListItem","position":1,"name":"Accueil","item":"https:\/\/www.pressenza.com\/es\/"},{"@type":"ListItem","position":2,"name":"Pi\u00f1era y el virus de la desverg\u00fcenza"}]},{"@type":"WebSite","@id":"https:\/\/www.pressenza.com\/es\/#website","url":"https:\/\/www.pressenza.com\/es\/","name":"Pressenza","description":"International Press Agency","publisher":{"@id":"https:\/\/www.pressenza.com\/es\/#organization"},"potentialAction":[{"@type":"SearchAction","target":{"@type":"EntryPoint","urlTemplate":"https:\/\/www.pressenza.com\/es\/?s={search_term_string}"},"query-input":{"@type":"PropertyValueSpecification","valueRequired":true,"valueName":"search_term_string"}}],"inLanguage":"es"},{"@type":"Organization","@id":"https:\/\/www.pressenza.com\/es\/#organization","name":"Pressenza","url":"https:\/\/www.pressenza.com\/es\/","logo":{"@type":"ImageObject","inLanguage":"es","@id":"https:\/\/www.pressenza.com\/es\/#\/schema\/logo\/image\/","url":"https:\/\/www.pressenza.com\/wp-content\/uploads\/2022\/10\/pressenza_logo_200x200.jpg","contentUrl":"https:\/\/www.pressenza.com\/wp-content\/uploads\/2022\/10\/pressenza_logo_200x200.jpg","width":200,"height":200,"caption":"Pressenza"},"image":{"@id":"https:\/\/www.pressenza.com\/es\/#\/schema\/logo\/image\/"},"sameAs":["https:\/\/www.facebook.com\/PressenzaItalia","https:\/\/x.com\/PressenzaIPA"]},{"@type":"Person","@id":"https:\/\/www.pressenza.com\/es\/#\/schema\/person\/d72a7c8c014dcbfa2ef9e9976103ea0d","name":"Juan Pablo C\u00e1rdenas","description":"Juan Pablo C\u00e1rdenas Squella es un periodista y profesor universitario de vasta trayectoria. En el 2005 recibi\u00f3 en premio nacional de Periodismo y, antes, la Pluma de Oro de la Libertad, otorgada por la Federaci\u00f3n Mundial de la Prensa. Tambi\u00e9n obtuvo el Premio Latinoamericano de Periodismo, la Houten Camara de Holanda (1989) entre otras m\u00faltiples distinciones nacionales y extranjeras. Forma parte de los sesenta periodistas del mundo considerados H\u00e9roes de la Libertad de Expresi\u00f3n, reconocimiento hecho por la Federaci\u00f3n Internacional de Periodistas. Ha sido director y columnista de las revistas Debate Universitario, An\u00e1lisis y Los Tiempos, as\u00ed como del diario electr\u00f3nico primeral\u00ednea.cl. Tambi\u00e9n fue por m\u00e1s 18 a\u00f1os director de la Radio Universidad de Chile y de su diario digital. Se ha desempe\u00f1ado como profesor de varias escuelas de periodismo de Santiago y Valpara\u00edso y en la Universidad de Chile alcanz\u00f3 el grado de profesor titular y senador universitario.","url":"https:\/\/www.pressenza.com\/es\/author\/juan-pablo-cardenas\/"}]}},"place":"Santiago de Chile","original_article_url":"","_links":{"self":[{"href":"https:\/\/www.pressenza.com\/es\/wp-json\/wp\/v2\/posts\/1051279","targetHints":{"allow":["GET"]}}],"collection":[{"href":"https:\/\/www.pressenza.com\/es\/wp-json\/wp\/v2\/posts"}],"about":[{"href":"https:\/\/www.pressenza.com\/es\/wp-json\/wp\/v2\/types\/post"}],"author":[{"embeddable":true,"href":"https:\/\/www.pressenza.com\/es\/wp-json\/wp\/v2\/users\/1739"}],"replies":[{"embeddable":true,"href":"https:\/\/www.pressenza.com\/es\/wp-json\/wp\/v2\/comments?post=1051279"}],"version-history":[{"count":0,"href":"https:\/\/www.pressenza.com\/es\/wp-json\/wp\/v2\/posts\/1051279\/revisions"}],"wp:featuredmedia":[{"embeddable":true,"href":"https:\/\/www.pressenza.com\/es\/wp-json\/wp\/v2\/media\/1051280"}],"wp:attachment":[{"href":"https:\/\/www.pressenza.com\/es\/wp-json\/wp\/v2\/media?parent=1051279"}],"wp:term":[{"taxonomy":"category","embeddable":true,"href":"https:\/\/www.pressenza.com\/es\/wp-json\/wp\/v2\/categories?post=1051279"},{"taxonomy":"post_tag","embeddable":true,"href":"https:\/\/www.pressenza.com\/es\/wp-json\/wp\/v2\/tags?post=1051279"}],"curies":[{"name":"wp","href":"https:\/\/api.w.org\/{rel}","templated":true}]}}