{"id":1049412,"date":"2020-03-05T18:42:40","date_gmt":"2020-03-05T18:42:40","guid":{"rendered":"https:\/\/www.pressenza.com\/?p=1049412"},"modified":"2020-03-05T18:42:40","modified_gmt":"2020-03-05T18:42:40","slug":"el-problema-no-es-la-violencia-es-pinera","status":"publish","type":"post","link":"https:\/\/www.pressenza.com\/es\/2020\/03\/el-problema-no-es-la-violencia-es-pinera\/","title":{"rendered":"El problema no es la violencia, es Pi\u00f1era"},"content":{"rendered":"<p>Pi\u00f1era y sus socios han convertido la violencia en el tema principal de la agenda del pa\u00eds, desplazando a lugares secundarios las demandas sociales y amenazando incluso a la ciudadan\u00eda con la suspensi\u00f3n del plebiscito constitucional si el desorden contin\u00faa. Los poderosos usan la violencia como instrumento para propagar el miedo y debilitar las movilizaciones: Pi\u00f1era, los partidos de derecha (con dignas excepciones), empresarios, carabineros, el jefe de la Armada, publicistas de los peri\u00f3dicos del orden y recientemente el contingente de Concertados que public\u00f3 una carta de apoyo a Pi\u00f1era.<\/p>\n<p>El asunto no es la violencia, sino la incapacidad de Pi\u00f1era para gobernar el pa\u00eds.<\/p>\n<p>En la primera hora, Pi\u00f1era provoc\u00f3 al pueblo. En vez de responder con inteligencia y racionalidad ante las movilizaciones ciudadanas, amenaz\u00f3 al pa\u00eds, al 90% de chilenos y chilenas que demandan el t\u00e9rmino de las desigualdades, de los abusos y de la impunidad que favorece a los corruptos. Declar\u00f3 la guerra a sus compatriotas e instal\u00f3 el estado de emergencia.<\/p>\n<p>Paralelamente, Pi\u00f1era comete el grave error de mantener a Mario Rozas como director general de Carabineros. Este es el responsable directo de la violencia irracional de sus subordinados contra los movilizados, que signific\u00f3 incluso el nacimiento de la Primera L\u00ednea. Sin inteligencia alguna, Carabineros no ha querido o no ha podido discriminar entre los movilizados que exigen sus derechos y los delincuentes que se cuelan en las manifestaciones para saquear y destruir. Existe maldad, ineptitud o un intento solapado de no ayudar al orden p\u00fablico.<\/p>\n<p>Recientemente, en momentos que se prepara la gran marcha de las mujeres por el 8 de marzo, nuevamente Pi\u00f1era emite una provocaci\u00f3n inaceptable, al responsabilizar a las mujeres de la agresi\u00f3n machista \u201cNo es s\u00f3lo la voluntad de los hombres de abusar, sino tambi\u00e9n es la posici\u00f3n de las mujeres de ser abusadas\u201d. Las explicaciones posteriores del Pi\u00f1era y de su vocera ya nadie las cree o acepta. No se sabe si el hombre no est\u00e1 en sus cabales o sus m\u00e1s \u00edntimas convicciones son las que emergen cuando improvisa. Ha perdido toda legitimidad.<\/p>\n<p>Por \u00faltimo, en una reciente entrevista al canal nacional de televisi\u00f3n, amenaza nuevamente que no dudar\u00e1 en aplicar el estado de emergencia, mientras paralelamente se anuncian m\u00e1s y mejores equipos para la represi\u00f3n de Carabineros. Marzo se llena de incertidumbre y anuncia enfrentamientos inevitables.<\/p>\n<p>Esas son algunas de las perlitas, entre muchas otras, que muestran la incapacidad de Pi\u00f1era para relacionarse con la sociedad chilena. Y, ese comportamiento agresivo le ha hecho perder la confianza de la inmensa mayor\u00eda del pa\u00eds.<\/p>\n<p>Pero, vamos a lo sustantivo, a las demandas sociales que viene planteando la ciudadan\u00eda desde el 18 de octubre del 2019: salarios, educaci\u00f3n, salud, previsi\u00f3n. No hay respuesta o s\u00f3lo se ofrecen migajas, que ponen de manifiesto que el poder empresarial y pol\u00edtico, que Pi\u00f1era representa, no est\u00e1 dispuesto a hacer reales concesiones para que los frutos del bienestar econ\u00f3mico se repartan m\u00e1s equitativamente.<\/p>\n<p>En efecto, las respuestas a esas demandas inmediatas son completamente insatisfactorias: un extra\u00f1o incremento de los salarios, pero con aporte p\u00fablico (no de los empresarios), y sin fortalecimiento de los sindicatos; una reforma a la previsi\u00f3n inconvincente, con continuidad de las AFP; una propuesta de salud p\u00fablica, que beneficia a las ISAPRES y a cl\u00ednicas privadas; nada sobre educaci\u00f3n; y, sobre todo, la muy insuficiente reforma tributaria, escasa en recursos (apenas 0,7% del PIB), e incapaz de apuntar con royalties a los recursos naturales. As\u00ed las cosas, las se\u00f1ales hacia el 90% de la familia chilena es muy negativa y no detendr\u00e1n las movilizaciones.<\/p>\n<p>Pero hay algo m\u00e1s. No hay se\u00f1ales contra los abusos y la corrupci\u00f3n empresarial\/pol\u00edtica. La poblaci\u00f3n exige c\u00e1rcel y no clases de \u00e9tica para los que se coluden y expropian a los consumidores y, tambi\u00e9n demanda penas verdaderas para los empresarios tramposos que financian pol\u00edticos para ampliar sus ganancias. Pi\u00f1era, en vez de pronunciarse y actuar en este \u00e1mbito, prefiere responsabilizar a la violencia de los manifestantes de todo lo que sucede en pa\u00eds.<\/p>\n<p>El presidente no tiene respuestas para enfrentar las desigualdades, abusos y actos corruptos. En vez de ello, comete la torpeza de acusar a Cuba y Venezuela por las movilizaciones. Es cierto que le toc\u00f3 la mala suerte del estallido social por los 40 a\u00f1os de injusticias, pero si \u00e9l est\u00e1 a cargo del gobierno tiene que empatizar con las demandas ciudadanas. Pero no ha sido capaz. Sus propuestas son insuficientes y su discurso agrede al pueblo.<\/p>\n<p>Pi\u00f1era ha fracasado. No est\u00e1 en condiciones de gobernar. La defensa de sus intereses y de sus socios le impide responder a demandas ciudadanas que exigen integraci\u00f3n social y una justa repartici\u00f3n del poder y la riqueza. Al mismo tiempo, su discurso agresivo amplifica las tensiones y los enfrentamientos. El problema no es la violencia, es Pi\u00f1era.<\/p>\n","protected":false},"excerpt":{"rendered":"<p>Pi\u00f1era y sus socios han convertido la violencia en el tema principal de la agenda del pa\u00eds, desplazando a lugares secundarios las demandas sociales y amenazando incluso a la ciudadan\u00eda con la suspensi\u00f3n del plebiscito constitucional si el desorden contin\u00faa.&hellip;<\/p>\n","protected":false},"author":1451,"featured_media":1049424,"comment_status":"closed","ping_status":"closed","sticky":false,"template":"","format":"standard","meta":{"footnotes":""},"categories":[11389,161,74,67],"tags":[29,394,652],"class_list":["post-1049412","post","type-post","status-publish","format-standard","has-post-thumbnail","hentry","category-contenido-original","category-opiniones","category-politica-es","category-sudamerica","tag-chile","tag-protestas-sociales","tag-sebastian-pinera"],"yoast_head":"<!-- This site is optimized with the Yoast SEO plugin v27.1.1 - https:\/\/yoast.com\/product\/yoast-seo-wordpress\/ -->\n<title>El problema no es la violencia, es Pi\u00f1era<\/title>\n<meta name=\"description\" content=\"El problema no es la violencia, es Pi\u00f1era\" \/>\n<meta name=\"robots\" content=\"index, follow, max-snippet:-1, max-image-preview:large, max-video-preview:-1\" \/>\n<link rel=\"canonical\" href=\"https:\/\/www.pressenza.com\/es\/2020\/03\/el-problema-no-es-la-violencia-es-pinera\/\" \/>\n<meta property=\"og:locale\" content=\"es_ES\" \/>\n<meta property=\"og:type\" content=\"article\" \/>\n<meta property=\"og:title\" content=\"El problema no es la violencia, es Pi\u00f1era\" \/>\n<meta property=\"og:description\" content=\"El problema no es la violencia, es Pi\u00f1era\" \/>\n<meta property=\"og:url\" content=\"https:\/\/www.pressenza.com\/es\/2020\/03\/el-problema-no-es-la-violencia-es-pinera\/\" \/>\n<meta property=\"og:site_name\" content=\"Pressenza\" \/>\n<meta property=\"article:publisher\" content=\"https:\/\/www.facebook.com\/PressenzaItalia\" \/>\n<meta property=\"article:published_time\" content=\"2020-03-05T18:42:40+00:00\" \/>\n<meta property=\"og:image\" content=\"https:\/\/www.pressenza.com\/wp-content\/uploads\/2020\/03\/elpepq-1170x731.jpg\" \/>\n\t<meta property=\"og:image:width\" content=\"1170\" \/>\n\t<meta property=\"og:image:height\" content=\"731\" \/>\n\t<meta property=\"og:image:type\" content=\"image\/jpeg\" \/>\n<meta name=\"author\" content=\"Roberto Pizarro\" \/>\n<meta name=\"twitter:card\" content=\"summary_large_image\" \/>\n<meta name=\"twitter:creator\" content=\"@PressenzaIPA\" \/>\n<meta name=\"twitter:site\" content=\"@PressenzaIPA\" \/>\n<meta name=\"twitter:label1\" content=\"Escrito por\" \/>\n\t<meta name=\"twitter:data1\" content=\"Roberto Pizarro\" \/>\n\t<meta name=\"twitter:label2\" content=\"Tiempo de lectura\" \/>\n\t<meta name=\"twitter:data2\" content=\"4 minutos\" \/>\n<script type=\"application\/ld+json\" class=\"yoast-schema-graph\">{\"@context\":\"https:\/\/schema.org\",\"@graph\":[{\"@type\":\"Article\",\"@id\":\"https:\/\/www.pressenza.com\/es\/2020\/03\/el-problema-no-es-la-violencia-es-pinera\/#article\",\"isPartOf\":{\"@id\":\"https:\/\/www.pressenza.com\/es\/2020\/03\/el-problema-no-es-la-violencia-es-pinera\/\"},\"author\":{\"name\":\"Roberto Pizarro\",\"@id\":\"https:\/\/www.pressenza.com\/es\/#\/schema\/person\/622524797ea4e3bf162461cbc6b81e29\"},\"headline\":\"El problema no es la violencia, es Pi\u00f1era\",\"datePublished\":\"2020-03-05T18:42:40+00:00\",\"mainEntityOfPage\":{\"@id\":\"https:\/\/www.pressenza.com\/es\/2020\/03\/el-problema-no-es-la-violencia-es-pinera\/\"},\"wordCount\":864,\"publisher\":{\"@id\":\"https:\/\/www.pressenza.com\/es\/#organization\"},\"image\":{\"@id\":\"https:\/\/www.pressenza.com\/es\/2020\/03\/el-problema-no-es-la-violencia-es-pinera\/#primaryimage\"},\"thumbnailUrl\":\"https:\/\/www.pressenza.com\/wp-content\/uploads\/2020\/03\/elpepq-1170x731.jpg\",\"keywords\":[\"Chile\",\"protestas sociales\",\"Sebasti\u00e1n Pi\u00f1era\"],\"articleSection\":[\"Contenido Original\",\"Opiniones\",\"Pol\u00edtica\",\"Sudam\u00e9rica\"],\"inLanguage\":\"es\"},{\"@type\":\"WebPage\",\"@id\":\"https:\/\/www.pressenza.com\/es\/2020\/03\/el-problema-no-es-la-violencia-es-pinera\/\",\"url\":\"https:\/\/www.pressenza.com\/es\/2020\/03\/el-problema-no-es-la-violencia-es-pinera\/\",\"name\":\"El problema no es la violencia, es Pi\u00f1era\",\"isPartOf\":{\"@id\":\"https:\/\/www.pressenza.com\/es\/#website\"},\"primaryImageOfPage\":{\"@id\":\"https:\/\/www.pressenza.com\/es\/2020\/03\/el-problema-no-es-la-violencia-es-pinera\/#primaryimage\"},\"image\":{\"@id\":\"https:\/\/www.pressenza.com\/es\/2020\/03\/el-problema-no-es-la-violencia-es-pinera\/#primaryimage\"},\"thumbnailUrl\":\"https:\/\/www.pressenza.com\/wp-content\/uploads\/2020\/03\/elpepq-1170x731.jpg\",\"datePublished\":\"2020-03-05T18:42:40+00:00\",\"description\":\"El problema no es la violencia, es Pi\u00f1era\",\"breadcrumb\":{\"@id\":\"https:\/\/www.pressenza.com\/es\/2020\/03\/el-problema-no-es-la-violencia-es-pinera\/#breadcrumb\"},\"inLanguage\":\"es\",\"potentialAction\":[{\"@type\":\"ReadAction\",\"target\":[\"https:\/\/www.pressenza.com\/es\/2020\/03\/el-problema-no-es-la-violencia-es-pinera\/\"]}]},{\"@type\":\"ImageObject\",\"inLanguage\":\"es\",\"@id\":\"https:\/\/www.pressenza.com\/es\/2020\/03\/el-problema-no-es-la-violencia-es-pinera\/#primaryimage\",\"url\":\"https:\/\/www.pressenza.com\/wp-content\/uploads\/2020\/03\/elpepq-1170x731.jpg\",\"contentUrl\":\"https:\/\/www.pressenza.com\/wp-content\/uploads\/2020\/03\/elpepq-1170x731.jpg\",\"width\":1170,\"height\":731},{\"@type\":\"BreadcrumbList\",\"@id\":\"https:\/\/www.pressenza.com\/es\/2020\/03\/el-problema-no-es-la-violencia-es-pinera\/#breadcrumb\",\"itemListElement\":[{\"@type\":\"ListItem\",\"position\":1,\"name\":\"Accueil\",\"item\":\"https:\/\/www.pressenza.com\/es\/\"},{\"@type\":\"ListItem\",\"position\":2,\"name\":\"El problema no es la violencia, es Pi\u00f1era\"}]},{\"@type\":\"WebSite\",\"@id\":\"https:\/\/www.pressenza.com\/es\/#website\",\"url\":\"https:\/\/www.pressenza.com\/es\/\",\"name\":\"Pressenza\",\"description\":\"International Press Agency\",\"publisher\":{\"@id\":\"https:\/\/www.pressenza.com\/es\/#organization\"},\"potentialAction\":[{\"@type\":\"SearchAction\",\"target\":{\"@type\":\"EntryPoint\",\"urlTemplate\":\"https:\/\/www.pressenza.com\/es\/?s={search_term_string}\"},\"query-input\":{\"@type\":\"PropertyValueSpecification\",\"valueRequired\":true,\"valueName\":\"search_term_string\"}}],\"inLanguage\":\"es\"},{\"@type\":\"Organization\",\"@id\":\"https:\/\/www.pressenza.com\/es\/#organization\",\"name\":\"Pressenza\",\"url\":\"https:\/\/www.pressenza.com\/es\/\",\"logo\":{\"@type\":\"ImageObject\",\"inLanguage\":\"es\",\"@id\":\"https:\/\/www.pressenza.com\/es\/#\/schema\/logo\/image\/\",\"url\":\"https:\/\/www.pressenza.com\/wp-content\/uploads\/2022\/10\/pressenza_logo_200x200.jpg\",\"contentUrl\":\"https:\/\/www.pressenza.com\/wp-content\/uploads\/2022\/10\/pressenza_logo_200x200.jpg\",\"width\":200,\"height\":200,\"caption\":\"Pressenza\"},\"image\":{\"@id\":\"https:\/\/www.pressenza.com\/es\/#\/schema\/logo\/image\/\"},\"sameAs\":[\"https:\/\/www.facebook.com\/PressenzaItalia\",\"https:\/\/x.com\/PressenzaIPA\"]},{\"@type\":\"Person\",\"@id\":\"https:\/\/www.pressenza.com\/es\/#\/schema\/person\/622524797ea4e3bf162461cbc6b81e29\",\"name\":\"Roberto Pizarro\",\"url\":\"https:\/\/www.pressenza.com\/es\/author\/roberto-pizarro\/\"}]}<\/script>\n<!-- \/ Yoast SEO plugin. -->","yoast_head_json":{"title":"El problema no es la violencia, es Pi\u00f1era","description":"El problema no es la violencia, es Pi\u00f1era","robots":{"index":"index","follow":"follow","max-snippet":"max-snippet:-1","max-image-preview":"max-image-preview:large","max-video-preview":"max-video-preview:-1"},"canonical":"https:\/\/www.pressenza.com\/es\/2020\/03\/el-problema-no-es-la-violencia-es-pinera\/","og_locale":"es_ES","og_type":"article","og_title":"El problema no es la violencia, es Pi\u00f1era","og_description":"El problema no es la violencia, es Pi\u00f1era","og_url":"https:\/\/www.pressenza.com\/es\/2020\/03\/el-problema-no-es-la-violencia-es-pinera\/","og_site_name":"Pressenza","article_publisher":"https:\/\/www.facebook.com\/PressenzaItalia","article_published_time":"2020-03-05T18:42:40+00:00","og_image":[{"width":1170,"height":731,"url":"https:\/\/www.pressenza.com\/wp-content\/uploads\/2020\/03\/elpepq-1170x731.jpg","type":"image\/jpeg"}],"author":"Roberto Pizarro","twitter_card":"summary_large_image","twitter_creator":"@PressenzaIPA","twitter_site":"@PressenzaIPA","twitter_misc":{"Escrito por":"Roberto Pizarro","Tiempo de lectura":"4 minutos"},"schema":{"@context":"https:\/\/schema.org","@graph":[{"@type":"Article","@id":"https:\/\/www.pressenza.com\/es\/2020\/03\/el-problema-no-es-la-violencia-es-pinera\/#article","isPartOf":{"@id":"https:\/\/www.pressenza.com\/es\/2020\/03\/el-problema-no-es-la-violencia-es-pinera\/"},"author":{"name":"Roberto Pizarro","@id":"https:\/\/www.pressenza.com\/es\/#\/schema\/person\/622524797ea4e3bf162461cbc6b81e29"},"headline":"El problema no es la violencia, es Pi\u00f1era","datePublished":"2020-03-05T18:42:40+00:00","mainEntityOfPage":{"@id":"https:\/\/www.pressenza.com\/es\/2020\/03\/el-problema-no-es-la-violencia-es-pinera\/"},"wordCount":864,"publisher":{"@id":"https:\/\/www.pressenza.com\/es\/#organization"},"image":{"@id":"https:\/\/www.pressenza.com\/es\/2020\/03\/el-problema-no-es-la-violencia-es-pinera\/#primaryimage"},"thumbnailUrl":"https:\/\/www.pressenza.com\/wp-content\/uploads\/2020\/03\/elpepq-1170x731.jpg","keywords":["Chile","protestas sociales","Sebasti\u00e1n Pi\u00f1era"],"articleSection":["Contenido Original","Opiniones","Pol\u00edtica","Sudam\u00e9rica"],"inLanguage":"es"},{"@type":"WebPage","@id":"https:\/\/www.pressenza.com\/es\/2020\/03\/el-problema-no-es-la-violencia-es-pinera\/","url":"https:\/\/www.pressenza.com\/es\/2020\/03\/el-problema-no-es-la-violencia-es-pinera\/","name":"El problema no es la violencia, es Pi\u00f1era","isPartOf":{"@id":"https:\/\/www.pressenza.com\/es\/#website"},"primaryImageOfPage":{"@id":"https:\/\/www.pressenza.com\/es\/2020\/03\/el-problema-no-es-la-violencia-es-pinera\/#primaryimage"},"image":{"@id":"https:\/\/www.pressenza.com\/es\/2020\/03\/el-problema-no-es-la-violencia-es-pinera\/#primaryimage"},"thumbnailUrl":"https:\/\/www.pressenza.com\/wp-content\/uploads\/2020\/03\/elpepq-1170x731.jpg","datePublished":"2020-03-05T18:42:40+00:00","description":"El problema no es la violencia, es Pi\u00f1era","breadcrumb":{"@id":"https:\/\/www.pressenza.com\/es\/2020\/03\/el-problema-no-es-la-violencia-es-pinera\/#breadcrumb"},"inLanguage":"es","potentialAction":[{"@type":"ReadAction","target":["https:\/\/www.pressenza.com\/es\/2020\/03\/el-problema-no-es-la-violencia-es-pinera\/"]}]},{"@type":"ImageObject","inLanguage":"es","@id":"https:\/\/www.pressenza.com\/es\/2020\/03\/el-problema-no-es-la-violencia-es-pinera\/#primaryimage","url":"https:\/\/www.pressenza.com\/wp-content\/uploads\/2020\/03\/elpepq-1170x731.jpg","contentUrl":"https:\/\/www.pressenza.com\/wp-content\/uploads\/2020\/03\/elpepq-1170x731.jpg","width":1170,"height":731},{"@type":"BreadcrumbList","@id":"https:\/\/www.pressenza.com\/es\/2020\/03\/el-problema-no-es-la-violencia-es-pinera\/#breadcrumb","itemListElement":[{"@type":"ListItem","position":1,"name":"Accueil","item":"https:\/\/www.pressenza.com\/es\/"},{"@type":"ListItem","position":2,"name":"El problema no es la violencia, es Pi\u00f1era"}]},{"@type":"WebSite","@id":"https:\/\/www.pressenza.com\/es\/#website","url":"https:\/\/www.pressenza.com\/es\/","name":"Pressenza","description":"International Press Agency","publisher":{"@id":"https:\/\/www.pressenza.com\/es\/#organization"},"potentialAction":[{"@type":"SearchAction","target":{"@type":"EntryPoint","urlTemplate":"https:\/\/www.pressenza.com\/es\/?s={search_term_string}"},"query-input":{"@type":"PropertyValueSpecification","valueRequired":true,"valueName":"search_term_string"}}],"inLanguage":"es"},{"@type":"Organization","@id":"https:\/\/www.pressenza.com\/es\/#organization","name":"Pressenza","url":"https:\/\/www.pressenza.com\/es\/","logo":{"@type":"ImageObject","inLanguage":"es","@id":"https:\/\/www.pressenza.com\/es\/#\/schema\/logo\/image\/","url":"https:\/\/www.pressenza.com\/wp-content\/uploads\/2022\/10\/pressenza_logo_200x200.jpg","contentUrl":"https:\/\/www.pressenza.com\/wp-content\/uploads\/2022\/10\/pressenza_logo_200x200.jpg","width":200,"height":200,"caption":"Pressenza"},"image":{"@id":"https:\/\/www.pressenza.com\/es\/#\/schema\/logo\/image\/"},"sameAs":["https:\/\/www.facebook.com\/PressenzaItalia","https:\/\/x.com\/PressenzaIPA"]},{"@type":"Person","@id":"https:\/\/www.pressenza.com\/es\/#\/schema\/person\/622524797ea4e3bf162461cbc6b81e29","name":"Roberto Pizarro","url":"https:\/\/www.pressenza.com\/es\/author\/roberto-pizarro\/"}]}},"place":"Santiago de Chile","original_article_url":"","_links":{"self":[{"href":"https:\/\/www.pressenza.com\/es\/wp-json\/wp\/v2\/posts\/1049412","targetHints":{"allow":["GET"]}}],"collection":[{"href":"https:\/\/www.pressenza.com\/es\/wp-json\/wp\/v2\/posts"}],"about":[{"href":"https:\/\/www.pressenza.com\/es\/wp-json\/wp\/v2\/types\/post"}],"author":[{"embeddable":true,"href":"https:\/\/www.pressenza.com\/es\/wp-json\/wp\/v2\/users\/1451"}],"replies":[{"embeddable":true,"href":"https:\/\/www.pressenza.com\/es\/wp-json\/wp\/v2\/comments?post=1049412"}],"version-history":[{"count":0,"href":"https:\/\/www.pressenza.com\/es\/wp-json\/wp\/v2\/posts\/1049412\/revisions"}],"wp:featuredmedia":[{"embeddable":true,"href":"https:\/\/www.pressenza.com\/es\/wp-json\/wp\/v2\/media\/1049424"}],"wp:attachment":[{"href":"https:\/\/www.pressenza.com\/es\/wp-json\/wp\/v2\/media?parent=1049412"}],"wp:term":[{"taxonomy":"category","embeddable":true,"href":"https:\/\/www.pressenza.com\/es\/wp-json\/wp\/v2\/categories?post=1049412"},{"taxonomy":"post_tag","embeddable":true,"href":"https:\/\/www.pressenza.com\/es\/wp-json\/wp\/v2\/tags?post=1049412"}],"curies":[{"name":"wp","href":"https:\/\/api.w.org\/{rel}","templated":true}]}}