{"id":1047,"date":"2009-08-24T00:00:00","date_gmt":"2009-08-24T00:00:00","guid":{"rendered":""},"modified":"2009-09-28T05:01:03","modified_gmt":"2009-09-28T05:01:03","slug":"la-comunidad-toba-de-nam-qompi-en-la-provincia-argentina-de-chaco-se-suma-a-concientizacixn-mundial-por-la-no-violencia","status":"publish","type":"post","link":"https:\/\/www.pressenza.com\/es\/2009\/08\/la-comunidad-toba-de-nam-qompi-en-la-provincia-argentina-de-chaco-se-suma-a-concientizacixn-mundial-por-la-no-violencia\/","title":{"rendered":"La comunidad Toba de Nam Qompi en la provincia argentina de Chaco se suma a concientizaci\u00f3n mundial por la no-violencia"},"content":{"rendered":"<p>Marcela Maidana, titular del merendero \u00d1aqpiolec -ubicado en la provincia argentina de Chaco- referente de Nam Qompi en esa localidad y miembro toba del Movimiento Humanista fue la encargada de formalizar la adhesi\u00f3n de su organizaci\u00f3n a la Marcha Mundial por la Paz y la No-Violencia, iniciativa humanista de la Fundaci\u00f3n Mundo Sin Guerras.<\/p>\n<p>Los tobas son la comunidad aborigen m\u00e1s numerosa de la regi\u00f3n y  sin dudas un destacado apoyo para el paso de la Marcha Mundial por la Paz y la No-Violencia cuyo equipo base tocar\u00e1 tierra chaque\u00f1a el d\u00eda 26 de diciembre en la ciudad capital de Resistencia.<\/p>\n<p>Maidana coment\u00f3  que su comunidad participar\u00e1 en la ciudad de Resistencia de las actividades previstas y fij\u00f3 una reuni\u00f3n con el intendente local para combinar el apoyo que la intendencia dar\u00e1 a los tobas que quieran movilizarse para acompa\u00f1ar el paso de la marcha.<\/p>\n<p>Al cerrar el encuentro del cual participaron periodistas, estudiantes y representantes pol\u00edticos de la provincia, Maidana dej\u00f3 un mensaje en su lengua que cerr\u00f3 con las siguientes expresiones;  Naa\u00f1axac, Namaixiaxac, Nlagxayic; que significan  Paz, Fuerza y Alegr\u00eda. <\/p>\n","protected":false},"excerpt":{"rendered":"<p>Una delegaci\u00f3n aborigen Toba del barrio Quinta Cuatro de la ciudad de Castelli y de Villa R\u00edo Bermejito en Chaco se sumaron a un pedido por la Paz mundial.  El hecho es un importante antecedente para los pueblos originarios de Latinoam\u00e9rica, ya que los tobas son la comunidad aborigen m\u00e1s numerosa de la regi\u00f3n chaque\u00f1a en Argentina. <\/p>\n","protected":false},"author":19,"featured_media":0,"comment_status":"closed","ping_status":"open","sticky":false,"template":"","format":"standard","meta":{"footnotes":""},"categories":[75,67],"tags":[],"class_list":["post-1047","post","type-post","status-publish","format-standard","hentry","category-cultura-es","category-sudamerica"],"yoast_head":"<!-- This site is optimized with the Yoast SEO plugin v27.1.1 - https:\/\/yoast.com\/product\/yoast-seo-wordpress\/ -->\n<title>La comunidad Toba de Nam Qompi en la provincia argentina de Chaco se suma a concientizaci\u00f3n mundial por la no-violencia<\/title>\n<meta name=\"description\" content=\"Una delegaci\u00f3n aborigen Toba del barrio Quinta Cuatro de la ciudad de Castelli y de Villa R\u00edo Bermejito en Chaco se sumaron a un pedido por la Paz mundial. El hecho es un importante antecedente para los pueblos originarios de Latinoam\u00e9rica, ya que los tobas son la comunidad aborigen m\u00e1s numerosa de la regi\u00f3n chaque\u00f1a en Argentina.\" \/>\n<meta name=\"robots\" content=\"index, follow, max-snippet:-1, max-image-preview:large, max-video-preview:-1\" \/>\n<link rel=\"canonical\" href=\"https:\/\/www.pressenza.com\/es\/2009\/08\/la-comunidad-toba-de-nam-qompi-en-la-provincia-argentina-de-chaco-se-suma-a-concientizacixn-mundial-por-la-no-violencia\/\" \/>\n<meta property=\"og:locale\" content=\"es_ES\" \/>\n<meta property=\"og:type\" content=\"article\" \/>\n<meta property=\"og:title\" content=\"La comunidad Toba de Nam Qompi en la provincia argentina de Chaco se suma a concientizaci\u00f3n mundial por la no-violencia\" \/>\n<meta property=\"og:description\" content=\"Una delegaci\u00f3n aborigen Toba del barrio Quinta Cuatro de la ciudad de Castelli y de Villa R\u00edo Bermejito en Chaco se sumaron a un pedido por la Paz mundial. El hecho es un importante antecedente para los pueblos originarios de Latinoam\u00e9rica, ya que los tobas son la comunidad aborigen m\u00e1s numerosa de la regi\u00f3n chaque\u00f1a en Argentina.\" \/>\n<meta property=\"og:url\" content=\"https:\/\/www.pressenza.com\/es\/2009\/08\/la-comunidad-toba-de-nam-qompi-en-la-provincia-argentina-de-chaco-se-suma-a-concientizacixn-mundial-por-la-no-violencia\/\" \/>\n<meta property=\"og:site_name\" content=\"Pressenza\" \/>\n<meta property=\"article:publisher\" content=\"https:\/\/www.facebook.com\/PressenzaItalia\" \/>\n<meta property=\"article:author\" content=\"https:\/\/www.facebook.com\/pressenza\" \/>\n<meta property=\"article:published_time\" content=\"2009-08-24T00:00:00+00:00\" \/>\n<meta property=\"article:modified_time\" content=\"2009-09-28T05:01:03+00:00\" \/>\n<meta name=\"author\" content=\"Pressenza IPA\" \/>\n<meta name=\"twitter:card\" content=\"summary_large_image\" \/>\n<meta name=\"twitter:creator\" content=\"@PressenzaIPA\" \/>\n<meta name=\"twitter:site\" content=\"@PressenzaIPA\" \/>\n<meta name=\"twitter:label1\" content=\"Escrito por\" \/>\n\t<meta name=\"twitter:data1\" content=\"Pressenza IPA\" \/>\n\t<meta name=\"twitter:label2\" content=\"Tiempo de lectura\" \/>\n\t<meta name=\"twitter:data2\" content=\"1 minuto\" \/>\n<script type=\"application\/ld+json\" class=\"yoast-schema-graph\">{\"@context\":\"https:\/\/schema.org\",\"@graph\":[{\"@type\":\"Article\",\"@id\":\"https:\/\/www.pressenza.com\/es\/2009\/08\/la-comunidad-toba-de-nam-qompi-en-la-provincia-argentina-de-chaco-se-suma-a-concientizacixn-mundial-por-la-no-violencia\/#article\",\"isPartOf\":{\"@id\":\"https:\/\/www.pressenza.com\/es\/2009\/08\/la-comunidad-toba-de-nam-qompi-en-la-provincia-argentina-de-chaco-se-suma-a-concientizacixn-mundial-por-la-no-violencia\/\"},\"author\":{\"name\":\"Pressenza IPA\",\"@id\":\"https:\/\/www.pressenza.com\/es\/#\/schema\/person\/010e5d02bcf40965427a1289a4cc8d75\"},\"headline\":\"La comunidad Toba de Nam Qompi en la provincia argentina de Chaco se suma a concientizaci\u00f3n mundial por la no-violencia\",\"datePublished\":\"2009-08-24T00:00:00+00:00\",\"dateModified\":\"2009-09-28T05:01:03+00:00\",\"mainEntityOfPage\":{\"@id\":\"https:\/\/www.pressenza.com\/es\/2009\/08\/la-comunidad-toba-de-nam-qompi-en-la-provincia-argentina-de-chaco-se-suma-a-concientizacixn-mundial-por-la-no-violencia\/\"},\"wordCount\":214,\"publisher\":{\"@id\":\"https:\/\/www.pressenza.com\/es\/#organization\"},\"articleSection\":[\"Cultura y Medios\",\"Sudam\u00e9rica\"],\"inLanguage\":\"es\"},{\"@type\":\"WebPage\",\"@id\":\"https:\/\/www.pressenza.com\/es\/2009\/08\/la-comunidad-toba-de-nam-qompi-en-la-provincia-argentina-de-chaco-se-suma-a-concientizacixn-mundial-por-la-no-violencia\/\",\"url\":\"https:\/\/www.pressenza.com\/es\/2009\/08\/la-comunidad-toba-de-nam-qompi-en-la-provincia-argentina-de-chaco-se-suma-a-concientizacixn-mundial-por-la-no-violencia\/\",\"name\":\"La comunidad Toba de Nam Qompi en la provincia argentina de Chaco se suma a concientizaci\u00f3n mundial por la no-violencia\",\"isPartOf\":{\"@id\":\"https:\/\/www.pressenza.com\/es\/#website\"},\"datePublished\":\"2009-08-24T00:00:00+00:00\",\"dateModified\":\"2009-09-28T05:01:03+00:00\",\"description\":\"Una delegaci\u00f3n aborigen Toba del barrio Quinta Cuatro de la ciudad de Castelli y de Villa R\u00edo Bermejito en Chaco se sumaron a un pedido por la Paz mundial. El hecho es un importante antecedente para los pueblos originarios de Latinoam\u00e9rica, ya que los tobas son la comunidad aborigen m\u00e1s numerosa de la regi\u00f3n chaque\u00f1a en Argentina.\",\"breadcrumb\":{\"@id\":\"https:\/\/www.pressenza.com\/es\/2009\/08\/la-comunidad-toba-de-nam-qompi-en-la-provincia-argentina-de-chaco-se-suma-a-concientizacixn-mundial-por-la-no-violencia\/#breadcrumb\"},\"inLanguage\":\"es\",\"potentialAction\":[{\"@type\":\"ReadAction\",\"target\":[\"https:\/\/www.pressenza.com\/es\/2009\/08\/la-comunidad-toba-de-nam-qompi-en-la-provincia-argentina-de-chaco-se-suma-a-concientizacixn-mundial-por-la-no-violencia\/\"]}]},{\"@type\":\"BreadcrumbList\",\"@id\":\"https:\/\/www.pressenza.com\/es\/2009\/08\/la-comunidad-toba-de-nam-qompi-en-la-provincia-argentina-de-chaco-se-suma-a-concientizacixn-mundial-por-la-no-violencia\/#breadcrumb\",\"itemListElement\":[{\"@type\":\"ListItem\",\"position\":1,\"name\":\"Accueil\",\"item\":\"https:\/\/www.pressenza.com\/es\/\"},{\"@type\":\"ListItem\",\"position\":2,\"name\":\"La comunidad Toba de Nam Qompi en la provincia argentina de Chaco se suma a concientizaci\u00f3n mundial por la no-violencia\"}]},{\"@type\":\"WebSite\",\"@id\":\"https:\/\/www.pressenza.com\/es\/#website\",\"url\":\"https:\/\/www.pressenza.com\/es\/\",\"name\":\"Pressenza\",\"description\":\"International Press Agency\",\"publisher\":{\"@id\":\"https:\/\/www.pressenza.com\/es\/#organization\"},\"potentialAction\":[{\"@type\":\"SearchAction\",\"target\":{\"@type\":\"EntryPoint\",\"urlTemplate\":\"https:\/\/www.pressenza.com\/es\/?s={search_term_string}\"},\"query-input\":{\"@type\":\"PropertyValueSpecification\",\"valueRequired\":true,\"valueName\":\"search_term_string\"}}],\"inLanguage\":\"es\"},{\"@type\":\"Organization\",\"@id\":\"https:\/\/www.pressenza.com\/es\/#organization\",\"name\":\"Pressenza\",\"url\":\"https:\/\/www.pressenza.com\/es\/\",\"logo\":{\"@type\":\"ImageObject\",\"inLanguage\":\"es\",\"@id\":\"https:\/\/www.pressenza.com\/es\/#\/schema\/logo\/image\/\",\"url\":\"https:\/\/www.pressenza.com\/wp-content\/uploads\/2022\/10\/pressenza_logo_200x200.jpg\",\"contentUrl\":\"https:\/\/www.pressenza.com\/wp-content\/uploads\/2022\/10\/pressenza_logo_200x200.jpg\",\"width\":200,\"height\":200,\"caption\":\"Pressenza\"},\"image\":{\"@id\":\"https:\/\/www.pressenza.com\/es\/#\/schema\/logo\/image\/\"},\"sameAs\":[\"https:\/\/www.facebook.com\/PressenzaItalia\",\"https:\/\/x.com\/PressenzaIPA\"]},{\"@type\":\"Person\",\"@id\":\"https:\/\/www.pressenza.com\/es\/#\/schema\/person\/010e5d02bcf40965427a1289a4cc8d75\",\"name\":\"Pressenza IPA\",\"description\":\"News from Pressenza IPA correspondents\",\"sameAs\":[\"https:\/\/www.facebook.com\/pressenza\",\"https:\/\/x.com\/PressenzaIPA\"],\"url\":\"https:\/\/www.pressenza.com\/es\/author\/pressenza-ipa\/\"}]}<\/script>\n<!-- \/ Yoast SEO plugin. -->","yoast_head_json":{"title":"La comunidad Toba de Nam Qompi en la provincia argentina de Chaco se suma a concientizaci\u00f3n mundial por la no-violencia","description":"Una delegaci\u00f3n aborigen Toba del barrio Quinta Cuatro de la ciudad de Castelli y de Villa R\u00edo Bermejito en Chaco se sumaron a un pedido por la Paz mundial. El hecho es un importante antecedente para los pueblos originarios de Latinoam\u00e9rica, ya que los tobas son la comunidad aborigen m\u00e1s numerosa de la regi\u00f3n chaque\u00f1a en Argentina.","robots":{"index":"index","follow":"follow","max-snippet":"max-snippet:-1","max-image-preview":"max-image-preview:large","max-video-preview":"max-video-preview:-1"},"canonical":"https:\/\/www.pressenza.com\/es\/2009\/08\/la-comunidad-toba-de-nam-qompi-en-la-provincia-argentina-de-chaco-se-suma-a-concientizacixn-mundial-por-la-no-violencia\/","og_locale":"es_ES","og_type":"article","og_title":"La comunidad Toba de Nam Qompi en la provincia argentina de Chaco se suma a concientizaci\u00f3n mundial por la no-violencia","og_description":"Una delegaci\u00f3n aborigen Toba del barrio Quinta Cuatro de la ciudad de Castelli y de Villa R\u00edo Bermejito en Chaco se sumaron a un pedido por la Paz mundial. El hecho es un importante antecedente para los pueblos originarios de Latinoam\u00e9rica, ya que los tobas son la comunidad aborigen m\u00e1s numerosa de la regi\u00f3n chaque\u00f1a en Argentina.","og_url":"https:\/\/www.pressenza.com\/es\/2009\/08\/la-comunidad-toba-de-nam-qompi-en-la-provincia-argentina-de-chaco-se-suma-a-concientizacixn-mundial-por-la-no-violencia\/","og_site_name":"Pressenza","article_publisher":"https:\/\/www.facebook.com\/PressenzaItalia","article_author":"https:\/\/www.facebook.com\/pressenza","article_published_time":"2009-08-24T00:00:00+00:00","article_modified_time":"2009-09-28T05:01:03+00:00","author":"Pressenza IPA","twitter_card":"summary_large_image","twitter_creator":"@PressenzaIPA","twitter_site":"@PressenzaIPA","twitter_misc":{"Escrito por":"Pressenza IPA","Tiempo de lectura":"1 minuto"},"schema":{"@context":"https:\/\/schema.org","@graph":[{"@type":"Article","@id":"https:\/\/www.pressenza.com\/es\/2009\/08\/la-comunidad-toba-de-nam-qompi-en-la-provincia-argentina-de-chaco-se-suma-a-concientizacixn-mundial-por-la-no-violencia\/#article","isPartOf":{"@id":"https:\/\/www.pressenza.com\/es\/2009\/08\/la-comunidad-toba-de-nam-qompi-en-la-provincia-argentina-de-chaco-se-suma-a-concientizacixn-mundial-por-la-no-violencia\/"},"author":{"name":"Pressenza IPA","@id":"https:\/\/www.pressenza.com\/es\/#\/schema\/person\/010e5d02bcf40965427a1289a4cc8d75"},"headline":"La comunidad Toba de Nam Qompi en la provincia argentina de Chaco se suma a concientizaci\u00f3n mundial por la no-violencia","datePublished":"2009-08-24T00:00:00+00:00","dateModified":"2009-09-28T05:01:03+00:00","mainEntityOfPage":{"@id":"https:\/\/www.pressenza.com\/es\/2009\/08\/la-comunidad-toba-de-nam-qompi-en-la-provincia-argentina-de-chaco-se-suma-a-concientizacixn-mundial-por-la-no-violencia\/"},"wordCount":214,"publisher":{"@id":"https:\/\/www.pressenza.com\/es\/#organization"},"articleSection":["Cultura y Medios","Sudam\u00e9rica"],"inLanguage":"es"},{"@type":"WebPage","@id":"https:\/\/www.pressenza.com\/es\/2009\/08\/la-comunidad-toba-de-nam-qompi-en-la-provincia-argentina-de-chaco-se-suma-a-concientizacixn-mundial-por-la-no-violencia\/","url":"https:\/\/www.pressenza.com\/es\/2009\/08\/la-comunidad-toba-de-nam-qompi-en-la-provincia-argentina-de-chaco-se-suma-a-concientizacixn-mundial-por-la-no-violencia\/","name":"La comunidad Toba de Nam Qompi en la provincia argentina de Chaco se suma a concientizaci\u00f3n mundial por la no-violencia","isPartOf":{"@id":"https:\/\/www.pressenza.com\/es\/#website"},"datePublished":"2009-08-24T00:00:00+00:00","dateModified":"2009-09-28T05:01:03+00:00","description":"Una delegaci\u00f3n aborigen Toba del barrio Quinta Cuatro de la ciudad de Castelli y de Villa R\u00edo Bermejito en Chaco se sumaron a un pedido por la Paz mundial. El hecho es un importante antecedente para los pueblos originarios de Latinoam\u00e9rica, ya que los tobas son la comunidad aborigen m\u00e1s numerosa de la regi\u00f3n chaque\u00f1a en Argentina.","breadcrumb":{"@id":"https:\/\/www.pressenza.com\/es\/2009\/08\/la-comunidad-toba-de-nam-qompi-en-la-provincia-argentina-de-chaco-se-suma-a-concientizacixn-mundial-por-la-no-violencia\/#breadcrumb"},"inLanguage":"es","potentialAction":[{"@type":"ReadAction","target":["https:\/\/www.pressenza.com\/es\/2009\/08\/la-comunidad-toba-de-nam-qompi-en-la-provincia-argentina-de-chaco-se-suma-a-concientizacixn-mundial-por-la-no-violencia\/"]}]},{"@type":"BreadcrumbList","@id":"https:\/\/www.pressenza.com\/es\/2009\/08\/la-comunidad-toba-de-nam-qompi-en-la-provincia-argentina-de-chaco-se-suma-a-concientizacixn-mundial-por-la-no-violencia\/#breadcrumb","itemListElement":[{"@type":"ListItem","position":1,"name":"Accueil","item":"https:\/\/www.pressenza.com\/es\/"},{"@type":"ListItem","position":2,"name":"La comunidad Toba de Nam Qompi en la provincia argentina de Chaco se suma a concientizaci\u00f3n mundial por la no-violencia"}]},{"@type":"WebSite","@id":"https:\/\/www.pressenza.com\/es\/#website","url":"https:\/\/www.pressenza.com\/es\/","name":"Pressenza","description":"International Press Agency","publisher":{"@id":"https:\/\/www.pressenza.com\/es\/#organization"},"potentialAction":[{"@type":"SearchAction","target":{"@type":"EntryPoint","urlTemplate":"https:\/\/www.pressenza.com\/es\/?s={search_term_string}"},"query-input":{"@type":"PropertyValueSpecification","valueRequired":true,"valueName":"search_term_string"}}],"inLanguage":"es"},{"@type":"Organization","@id":"https:\/\/www.pressenza.com\/es\/#organization","name":"Pressenza","url":"https:\/\/www.pressenza.com\/es\/","logo":{"@type":"ImageObject","inLanguage":"es","@id":"https:\/\/www.pressenza.com\/es\/#\/schema\/logo\/image\/","url":"https:\/\/www.pressenza.com\/wp-content\/uploads\/2022\/10\/pressenza_logo_200x200.jpg","contentUrl":"https:\/\/www.pressenza.com\/wp-content\/uploads\/2022\/10\/pressenza_logo_200x200.jpg","width":200,"height":200,"caption":"Pressenza"},"image":{"@id":"https:\/\/www.pressenza.com\/es\/#\/schema\/logo\/image\/"},"sameAs":["https:\/\/www.facebook.com\/PressenzaItalia","https:\/\/x.com\/PressenzaIPA"]},{"@type":"Person","@id":"https:\/\/www.pressenza.com\/es\/#\/schema\/person\/010e5d02bcf40965427a1289a4cc8d75","name":"Pressenza IPA","description":"News from Pressenza IPA correspondents","sameAs":["https:\/\/www.facebook.com\/pressenza","https:\/\/x.com\/PressenzaIPA"],"url":"https:\/\/www.pressenza.com\/es\/author\/pressenza-ipa\/"}]}},"place":"Chaco","original_article_url":"","_links":{"self":[{"href":"https:\/\/www.pressenza.com\/es\/wp-json\/wp\/v2\/posts\/1047","targetHints":{"allow":["GET"]}}],"collection":[{"href":"https:\/\/www.pressenza.com\/es\/wp-json\/wp\/v2\/posts"}],"about":[{"href":"https:\/\/www.pressenza.com\/es\/wp-json\/wp\/v2\/types\/post"}],"author":[{"embeddable":true,"href":"https:\/\/www.pressenza.com\/es\/wp-json\/wp\/v2\/users\/19"}],"replies":[{"embeddable":true,"href":"https:\/\/www.pressenza.com\/es\/wp-json\/wp\/v2\/comments?post=1047"}],"version-history":[{"count":0,"href":"https:\/\/www.pressenza.com\/es\/wp-json\/wp\/v2\/posts\/1047\/revisions"}],"wp:attachment":[{"href":"https:\/\/www.pressenza.com\/es\/wp-json\/wp\/v2\/media?parent=1047"}],"wp:term":[{"taxonomy":"category","embeddable":true,"href":"https:\/\/www.pressenza.com\/es\/wp-json\/wp\/v2\/categories?post=1047"},{"taxonomy":"post_tag","embeddable":true,"href":"https:\/\/www.pressenza.com\/es\/wp-json\/wp\/v2\/tags?post=1047"}],"curies":[{"name":"wp","href":"https:\/\/api.w.org\/{rel}","templated":true}]}}