{"id":1045470,"date":"2020-02-29T13:01:56","date_gmt":"2020-02-29T13:01:56","guid":{"rendered":"https:\/\/www.pressenza.com\/?p=1045470"},"modified":"2020-02-29T13:39:07","modified_gmt":"2020-02-29T13:39:07","slug":"coronavirus-un-audio-a-la-familia-llamando-a-la-calma-se-hace-viral","status":"publish","type":"post","link":"https:\/\/www.pressenza.com\/es\/2020\/02\/coronavirus-un-audio-a-la-familia-llamando-a-la-calma-se-hace-viral\/","title":{"rendered":"Coronavirus: un audio a la familia, llamando a la calma, se hace viral"},"content":{"rendered":"<blockquote><p>Un mensaje de una sanitaria que termina con esta frase a los suyos <strong>\u00ab\u00a1&#8230;fin a las mascarillas, lav\u00e9monos todos las manos y tranquilidad\u00bb, <\/strong>se hace viral en Espa\u00f1a y consigue tranquilizar a millones de personas<strong><br \/>\n<\/strong><\/p><\/blockquote>\n<p>Parece que se trata de una enfermera que trabaja en el hospital de Alicante (Espa\u00f1a), en el que se ha impartido <a href=\"http:\/\/alicante.san.gva.es\/web\/docencia_postgraduada\/tablon-de-anuncios\">una charla sobre las caracter\u00edsticas, consecuencias y prevenci\u00f3n del Coronavirus<\/a>.<\/p>\n<p>Esta trabajadora sanitaria no pod\u00eda imaginar que un audio, enviado a su familia, con informaci\u00f3n clara en la que se expone con lenguaje sencillo y entendible de qu\u00e9 se trata, c\u00f3mo se transmite o c\u00f3mo prevenir el contagio, al tiempo que llama a la tranquilidad, iba a llegar a millones de personas.<\/p>\n<p>Nos parece de inter\u00e9s compartirlo por dos razones: porque puede esclarecernos de c\u00f3mo actuar para romper con el miedo que busca instalarse en la cabeza y el coraz\u00f3n de la poblaci\u00f3n de todo el planeta (hay que estudiar qu\u00e9 intereses econ\u00f3micos, pol\u00edticos y sociales est\u00e1n detr\u00e1s) y, por otra parte, comprobar algo que, a veces, olvidamos o no somos capaces de captar y que nos parece de sumo inter\u00e9s.<\/p>\n<p>Nos referimos a c\u00f3mo <strong>una \u00abpeque\u00f1a\u00bb voz, una voz clara y calma, una acci\u00f3n desinteresada y verdadera que solo busca llegar a los m\u00e1s pr\u00f3ximos, puede terminar esclareciendo y tranquilizando a millones de personas, que -por cierto- tambi\u00e9n est\u00e1n en un estado en el cual pueden conectar con esa voz<\/strong>. Es un claro ejemplo de c\u00f3mo las consecuencias de nuestras acciones nunca terminan.<\/p>\n<p>Muchas personas, la mayor\u00eda, buscan estar bien, tranquilas, buscan se\u00f1ales que se impongan y sobrepasen el miedo aterrador con el cual quieren controlar a las poblaciones. Es alentador ver c\u00f3mo cada d\u00eda m\u00e1s seres humanos trabajan por abrir el futuro personal y com\u00fan desde una labor humilde.<\/p>\n<p>\u00a1Gracias a esta persona que, sin saberlo, ha ayudado, y seguro seguir\u00e1 haci\u00e9ndolo, a millones de ciudadanos!.<\/p>\n<p>Transcribimos el audio y nos tomamos la libertad de compartirlo tambi\u00e9n, despu\u00e9s de haber consultado a m\u00e9dicos sobre su conveniencia.<\/p>\n<!--[if lt IE 9]><script>document.createElement('audio');<\/script><![endif]-->\n<audio class=\"wp-audio-shortcode\" id=\"audio-1045470-1\" preload=\"none\" style=\"width: 100%;\" controls=\"controls\"><source type=\"audio\/mpeg\" src=\"https:\/\/www.pressenza.com\/wp-content\/uploads\/2020\/02\/Coronavirus-sanitaria-Alicante.mp3?_=1\" \/><a href=\"https:\/\/www.pressenza.com\/wp-content\/uploads\/2020\/02\/Coronavirus-sanitaria-Alicante.mp3\">https:\/\/www.pressenza.com\/wp-content\/uploads\/2020\/02\/Coronavirus-sanitaria-Alicante.mp3<\/a><\/audio>\n<p>&nbsp;<\/p>\n<p><em><span style=\"color: #000000;\">&#8216;Hola familia! \u00bfQu\u00e9 tal? Nos han dado una charla informativa a todo el hospital sobre el dichoso coronavirus \u00e9ste, y ha estado muy bien. Era una charla que han dado una infect\u00f3loga y una preventivista, y ha durado 40 minutos y no cab\u00eda nadie en el salon de actos. El objetivo de la charla no era de t\u00e9rminos m\u00e9dicos y cient\u00edficos. Era para revisar la bibliograf\u00eda y dar una charla con base cient\u00edfica para que la gente estuviera en lo que est\u00e1 y tambi\u00e9n nos han pedido difundirla a las familias si lo consider\u00e1bamos de inter\u00e9s porque la gente tenga informaci\u00f3n veraz y no de los medios no serios. Entonces, si no os importa, os cuento las cosas m\u00e1s importantes de lo que nos han dicho [&#8230;].<\/span><\/em><\/p>\n<p><em><span style=\"color: #000000;\">Primero, nos han explicado que el <strong>coronavirus es un virus RNA<\/strong>&#8230; <strong>son virus que mutan muy r\u00e1pido<\/strong>, que tienen como reservorio animales salvajes y, al mutar muy r\u00e1pido, son capaces de adaptarse a un hu\u00e9sped nuevo con facilidad. Por eso, todos estos coronavirus que est\u00e1n surgiendo en los \u00faltimos 10 o 15 a\u00f1os, casi todos surgen en China porque all\u00ed comen animales salvajes; comen pangolines, murci\u00e9lagos&#8230; Hubo otro [coronavirus] que su hu\u00e9sped eran los dromedarios&#8230; Entonces, desde hace 30 o 40 a\u00f1os, ha habido coronavirus que afectan al sistema respiratorio, y que ahora se difunden m\u00e1s porque China se ha abierto m\u00e1s al mundo en la \u00faltima d\u00e9cada. Hay much\u00edsimos vuelos a China. Antes solo afectaba a China y empezaba y terminaba en China y ahora salen de China. La fuente en \u00e9ste, piensan que ha podido ser el pangol\u00edn, pero todav\u00eda no lo saben, y da igual.<\/span><\/em><\/p>\n<p><em><span style=\"color: #000000;\">Nos han puesto <strong>comparativas respecto a otros virus respiratorios<\/strong> que ha habido&#8230; Tiene mucha menos<strong> mortalidad<\/strong>, solamente del 2 o 3%. Las cifras de la gripe ya las sab\u00e9is pero, por ejemplo, las han comparado con el sarampi\u00f3n. El sarampi\u00f3n tiene una mortalidad de casi el 30%&#8230; <\/span><\/em><\/p>\n<p><em><span style=\"color: #000000;\">Tambi\u00e9n<strong> nos han dicho \u00ab\u00e9ste virus es muy contagioso&#8230;\u00bb, pues no es verdad<\/strong>. Este virus que, por la forma en que se transmite, se suele alojar en la gota media. Los virus se pueden transmitir en las gotas finitas que expulsamos. Por ejemplo, la tuberculosis, todos los que est\u00e1n en una habitaci\u00f3n con un tuberculoso se han de proteger porque es capaz la microbacteria de estar en las gotas m\u00e1s peque\u00f1itas; el \u00e9bola se transmit\u00eda en gota muy gorda, entonces ten\u00edas que estar muy cerca para contagiarte y \u00e9ste se transmite en un tama\u00f1o de gota que habitualmente en un metro o metro y medio cae al suelo o a la superficie en la que est\u00e1s. Es decir, que si yo extiendo un brazo y alguien con coronavirus tose, m\u00e1s all\u00e1 de mi brazo [&#8230;] ya me atacar\u00edan las gotas; si yo estoy a dos metros de alguien con coronavirus, no me van a llegar las gotas, o las gotas que me llegan ya no contienen coronavirus. Pero s\u00ed&#8230; se van a depositar en las superficies, en una mesa si estoy delante, o si toso y me pongo la mano delante&#8230; entonces, <strong>el m\u00e9todo m\u00e1s eficaz para protegerse de este \u00abbicho\u00bb es lavarse las manos, no es la mascarrilla<\/strong>. La mascarilla se la deben poner los enfermos para no transmitir gotas y los sanitarios o la gente que tenga un contacto tan cercano como metro y medio a alguien [infectado]. De hecho, la mascarilla puede ser contraproducente porque, al pon\u00e9rmela y quit\u00e1rmela, si no me he lavado las manos y he tocado algo contaminado y no me he lavado las manos, me lo acerco a la nariz y la boca [y me contamino]. Entonces, es absurdo esto de las mascarillas.<\/span><\/em><\/p>\n<p><em><span style=\"color: #000000;\"><strong>La medida m\u00e1s eficaz es lavarse las manos, lavarse las manos muchas veces<\/strong>, siempre que se haya estado en un sitio con gente y siempre antes de tocarse la nariz y la boca y los ojos, porque este virus saben que se transmite por las gotas respiratorias, como todos los virus de los catarros, y se transmite cuando esas gotitas me las acerco a la nariz, a los ojos o la boca.<\/span><\/em><\/p>\n<p><em><span style=\"color: #000000;\">Todav\u00eda no se sabe si se transmite por sangre pero dar\u00eda igual porque eso solo afectar\u00eda a sanitarios. Eso en cuanto a la transmisi\u00f3n, m\u00e1s de metro y medio no llegan las gotas y lavarse las manos. Los sanitarios no necesitan ponerse los buzos. Por este medio de transmisi\u00f3n, solo tendremos que ponernos batas, gafas, por si al entubar a alguien te salpica, mascarilla y guantes y nada m\u00e1s y, de nuevo, lavarse las manos antes y despu\u00e9s.<\/span><\/em><\/p>\n<p><em><span style=\"color: #808080;\"><span style=\"color: #000000;\">En cuanto a los <strong>s\u00edntomas<\/strong>, es un gripe con pocos mocos. Lo que produce es fiebre y tos, tos seca, algo de congesti\u00f3n pero dicen que pocos mocos, y dolores musculares. Eso es lo m\u00e1s t\u00edpico. Ahora mismo, recomiendan -si se tienen [esos s\u00edntomas] y alg\u00fan antecedente de alg\u00fan viaje&#8230; llamar al 112 [n\u00famero de emergencias en Espa\u00f1a] y no ir a los hospitales; vienen a la casa y te toman unas muestras de la nariz y se las llevan a analizar.<\/span> <\/span><\/em><\/p>\n<p><em>Es un virus que cl\u00ecnicamente se desarrolla muy r\u00e1pido. El periodo de incubaci\u00f3n es largo, es de dos semanas al menos, entre 14 y 21 d\u00edas, pero una vez que se empieza a tener fiebre, la evoluci\u00f3n es muy r\u00e1pida y, si en los dos primeros d\u00edas la persona no se pone grave, lo normal es que la evoluci\u00f3n sea leve. Es decir, todos los que han tenido que ser entubados o\u00a0 han hecho distr\u00e9s [respiratorio], lo han hecho en las primeras 48 horas, desde que empezaron a tener fiebre.<\/em><\/p>\n<p><em>El<strong> prototipo de paciente,<\/strong> una cosa muy buena es que no afecta a los ni\u00f1os. Los ni\u00f1os no tienen coronavirus. No saben si es que lo padecen de forma asintom\u00e1tica pero no hay descritos casos de ni\u00f1os, debajo de 18 a\u00f1os, ni muertos ni ingresados por coronavirus. \u00bfCu\u00e1l es el prototipo de paciente? Afecta m\u00e1s a hombres, en torno a 45 a\u00f1os [&#8230;]\u00a0 y en \u00e9sos, la mortalidad es del 0,3% , es decir, los que m\u00e1s se infectan son los que lo pasan de forma m\u00e1s leve y, luego, los mayores (a partir de 65 o 70 a\u00f1os) \u00e9sos que dicen que pueden tener m\u00e1s riesgo de una evoluci\u00f3n mala, y sobre todo los que tienen enfermedades cardiovasculares previas (infartos, cardiopat\u00edas, enfermedades vasculares y diab\u00e9ticos), \u00e9sos son los factores de riesgo m\u00e1s importantes&#8230; o los que tienen muchas enfermedades juntas. Pero, por ejemplo, pacientes neurol\u00f3gicos, pacientes respiratorios cr\u00f3nicos, oncol\u00f3gicos&#8230; \u00e9stos no se consideran los factores de riesgo m\u00e1s importantes en cuanto a la evoluci\u00f3n-<\/em><\/p>\n<p><em>No tiene tratamiento. <strong>Se trata como una gripe, con paracetamol y medidas sintom\u00e1ticas&#8230; <\/strong><\/em><\/p>\n<p>En Espa\u00f1a, las marcarillas se est\u00e1n agotando por el temor de la gente, lo que pone\u00a0 en riesgo, de paso, a quienes las necesitan por otro tipo de enfermedades.<\/p>\n<p>El audio termina con un mensaje claro: <em><strong>Familia [&#8230;] \u00a1fin a las mascarillas, lav\u00e9monos todos las manos y tranquilidad.<\/strong>..!\u00bb<\/em><\/p>\n<p>&nbsp;<\/p>\n","protected":false},"excerpt":{"rendered":"<p>Un mensaje de una sanitaria que termina con esta frase a los suyos \u00ab\u00a1&#8230;fin a las mascarillas, lav\u00e9monos todos las manos y tranquilidad\u00bb, se hace viral en Espa\u00f1a y consigue tranquilizar a millones de personas Parece que se trata de&hellip;<\/p>\n","protected":false},"author":1561,"featured_media":1024981,"comment_status":"closed","ping_status":"closed","sticky":false,"template":"","format":"standard","meta":{"footnotes":""},"categories":[11389,39,1239],"tags":[70071,1065,44856,10270],"class_list":["post-1045470","post","type-post","status-publish","format-standard","has-post-thumbnail","hentry","category-contenido-original","category-internacional","category-salud","tag-coronavirus-es","tag-espana","tag-noticias-falsas","tag-prevencion"],"yoast_head":"<!-- This site is optimized with the Yoast SEO plugin v27.1.1 - https:\/\/yoast.com\/product\/yoast-seo-wordpress\/ -->\n<title>Coronavirus: un audio a la familia, llamando a la calma, se hace viral<\/title>\n<meta name=\"description\" content=\"Un mensaje de una sanitaria que termina con esta frase a los suyos &quot;\u00a1...fin a las mascarillas, lav\u00e9monos todos las manos y tranquilidad&quot;, se hace viral en\" \/>\n<meta name=\"robots\" content=\"index, follow, max-snippet:-1, max-image-preview:large, max-video-preview:-1\" \/>\n<link rel=\"canonical\" href=\"https:\/\/www.pressenza.com\/es\/2020\/02\/coronavirus-un-audio-a-la-familia-llamando-a-la-calma-se-hace-viral\/\" \/>\n<meta property=\"og:locale\" content=\"es_ES\" \/>\n<meta property=\"og:type\" content=\"article\" \/>\n<meta property=\"og:title\" content=\"Coronavirus: un audio a la familia, llamando a la calma, se hace viral\" \/>\n<meta property=\"og:description\" content=\"Un mensaje de una sanitaria que termina con esta frase a los suyos &quot;\u00a1...fin a las mascarillas, lav\u00e9monos todos las manos y tranquilidad&quot;, se hace viral en\" \/>\n<meta property=\"og:url\" content=\"https:\/\/www.pressenza.com\/es\/2020\/02\/coronavirus-un-audio-a-la-familia-llamando-a-la-calma-se-hace-viral\/\" \/>\n<meta property=\"og:site_name\" content=\"Pressenza\" \/>\n<meta property=\"article:publisher\" content=\"https:\/\/www.facebook.com\/PressenzaItalia\" \/>\n<meta property=\"article:published_time\" content=\"2020-02-29T13:01:56+00:00\" \/>\n<meta property=\"article:modified_time\" content=\"2020-02-29T13:39:07+00:00\" \/>\n<meta property=\"og:image\" content=\"https:\/\/www.pressenza.com\/wp-content\/uploads\/2020\/01\/Coronavirus-spread-now-a-global-emergency-declares-World-Health-Organization.jpg\" \/>\n\t<meta property=\"og:image:width\" content=\"1178\" \/>\n\t<meta property=\"og:image:height\" content=\"530\" \/>\n\t<meta property=\"og:image:type\" content=\"image\/jpeg\" \/>\n<meta name=\"author\" content=\"Juana P\u00e9rez Montero\" \/>\n<meta name=\"twitter:card\" content=\"summary_large_image\" \/>\n<meta name=\"twitter:creator\" content=\"@PressenzaIPA\" \/>\n<meta name=\"twitter:site\" content=\"@PressenzaIPA\" \/>\n<meta name=\"twitter:label1\" content=\"Escrito por\" \/>\n\t<meta name=\"twitter:data1\" content=\"Juana P\u00e9rez Montero\" \/>\n\t<meta name=\"twitter:label2\" content=\"Tiempo de lectura\" \/>\n\t<meta name=\"twitter:data2\" content=\"8 minutos\" \/>\n<script type=\"application\/ld+json\" class=\"yoast-schema-graph\">{\"@context\":\"https:\/\/schema.org\",\"@graph\":[{\"@type\":\"Article\",\"@id\":\"https:\/\/www.pressenza.com\/es\/2020\/02\/coronavirus-un-audio-a-la-familia-llamando-a-la-calma-se-hace-viral\/#article\",\"isPartOf\":{\"@id\":\"https:\/\/www.pressenza.com\/es\/2020\/02\/coronavirus-un-audio-a-la-familia-llamando-a-la-calma-se-hace-viral\/\"},\"author\":{\"name\":\"Juana P\u00e9rez Montero\",\"@id\":\"https:\/\/www.pressenza.com\/es\/#\/schema\/person\/606cbea0307458f18c06dd6b1ec227ec\"},\"headline\":\"Coronavirus: un audio a la familia, llamando a la calma, se hace viral\",\"datePublished\":\"2020-02-29T13:01:56+00:00\",\"dateModified\":\"2020-02-29T13:39:07+00:00\",\"mainEntityOfPage\":{\"@id\":\"https:\/\/www.pressenza.com\/es\/2020\/02\/coronavirus-un-audio-a-la-familia-llamando-a-la-calma-se-hace-viral\/\"},\"wordCount\":1630,\"publisher\":{\"@id\":\"https:\/\/www.pressenza.com\/es\/#organization\"},\"image\":{\"@id\":\"https:\/\/www.pressenza.com\/es\/2020\/02\/coronavirus-un-audio-a-la-familia-llamando-a-la-calma-se-hace-viral\/#primaryimage\"},\"thumbnailUrl\":\"https:\/\/www.pressenza.com\/wp-content\/uploads\/2020\/01\/Coronavirus-spread-now-a-global-emergency-declares-World-Health-Organization.jpg\",\"keywords\":[\"coronav\u00edrus\",\"Espa\u00f1a\",\"noticias falsas\",\"prevenci\u00f3n\"],\"articleSection\":[\"Contenido Original\",\"Internacional\",\"Salud\"],\"inLanguage\":\"es\"},{\"@type\":\"WebPage\",\"@id\":\"https:\/\/www.pressenza.com\/es\/2020\/02\/coronavirus-un-audio-a-la-familia-llamando-a-la-calma-se-hace-viral\/\",\"url\":\"https:\/\/www.pressenza.com\/es\/2020\/02\/coronavirus-un-audio-a-la-familia-llamando-a-la-calma-se-hace-viral\/\",\"name\":\"Coronavirus: un audio a la familia, llamando a la calma, se hace viral\",\"isPartOf\":{\"@id\":\"https:\/\/www.pressenza.com\/es\/#website\"},\"primaryImageOfPage\":{\"@id\":\"https:\/\/www.pressenza.com\/es\/2020\/02\/coronavirus-un-audio-a-la-familia-llamando-a-la-calma-se-hace-viral\/#primaryimage\"},\"image\":{\"@id\":\"https:\/\/www.pressenza.com\/es\/2020\/02\/coronavirus-un-audio-a-la-familia-llamando-a-la-calma-se-hace-viral\/#primaryimage\"},\"thumbnailUrl\":\"https:\/\/www.pressenza.com\/wp-content\/uploads\/2020\/01\/Coronavirus-spread-now-a-global-emergency-declares-World-Health-Organization.jpg\",\"datePublished\":\"2020-02-29T13:01:56+00:00\",\"dateModified\":\"2020-02-29T13:39:07+00:00\",\"description\":\"Un mensaje de una sanitaria que termina con esta frase a los suyos \\\"\u00a1...fin a las mascarillas, lav\u00e9monos todos las manos y tranquilidad\\\", se hace viral en\",\"breadcrumb\":{\"@id\":\"https:\/\/www.pressenza.com\/es\/2020\/02\/coronavirus-un-audio-a-la-familia-llamando-a-la-calma-se-hace-viral\/#breadcrumb\"},\"inLanguage\":\"es\",\"potentialAction\":[{\"@type\":\"ReadAction\",\"target\":[\"https:\/\/www.pressenza.com\/es\/2020\/02\/coronavirus-un-audio-a-la-familia-llamando-a-la-calma-se-hace-viral\/\"]}]},{\"@type\":\"ImageObject\",\"inLanguage\":\"es\",\"@id\":\"https:\/\/www.pressenza.com\/es\/2020\/02\/coronavirus-un-audio-a-la-familia-llamando-a-la-calma-se-hace-viral\/#primaryimage\",\"url\":\"https:\/\/www.pressenza.com\/wp-content\/uploads\/2020\/01\/Coronavirus-spread-now-a-global-emergency-declares-World-Health-Organization.jpg\",\"contentUrl\":\"https:\/\/www.pressenza.com\/wp-content\/uploads\/2020\/01\/Coronavirus-spread-now-a-global-emergency-declares-World-Health-Organization.jpg\",\"width\":1178,\"height\":530},{\"@type\":\"BreadcrumbList\",\"@id\":\"https:\/\/www.pressenza.com\/es\/2020\/02\/coronavirus-un-audio-a-la-familia-llamando-a-la-calma-se-hace-viral\/#breadcrumb\",\"itemListElement\":[{\"@type\":\"ListItem\",\"position\":1,\"name\":\"Accueil\",\"item\":\"https:\/\/www.pressenza.com\/es\/\"},{\"@type\":\"ListItem\",\"position\":2,\"name\":\"Coronavirus: un audio a la familia, llamando a la calma, se hace viral\"}]},{\"@type\":\"WebSite\",\"@id\":\"https:\/\/www.pressenza.com\/es\/#website\",\"url\":\"https:\/\/www.pressenza.com\/es\/\",\"name\":\"Pressenza\",\"description\":\"International Press Agency\",\"publisher\":{\"@id\":\"https:\/\/www.pressenza.com\/es\/#organization\"},\"potentialAction\":[{\"@type\":\"SearchAction\",\"target\":{\"@type\":\"EntryPoint\",\"urlTemplate\":\"https:\/\/www.pressenza.com\/es\/?s={search_term_string}\"},\"query-input\":{\"@type\":\"PropertyValueSpecification\",\"valueRequired\":true,\"valueName\":\"search_term_string\"}}],\"inLanguage\":\"es\"},{\"@type\":\"Organization\",\"@id\":\"https:\/\/www.pressenza.com\/es\/#organization\",\"name\":\"Pressenza\",\"url\":\"https:\/\/www.pressenza.com\/es\/\",\"logo\":{\"@type\":\"ImageObject\",\"inLanguage\":\"es\",\"@id\":\"https:\/\/www.pressenza.com\/es\/#\/schema\/logo\/image\/\",\"url\":\"https:\/\/www.pressenza.com\/wp-content\/uploads\/2022\/10\/pressenza_logo_200x200.jpg\",\"contentUrl\":\"https:\/\/www.pressenza.com\/wp-content\/uploads\/2022\/10\/pressenza_logo_200x200.jpg\",\"width\":200,\"height\":200,\"caption\":\"Pressenza\"},\"image\":{\"@id\":\"https:\/\/www.pressenza.com\/es\/#\/schema\/logo\/image\/\"},\"sameAs\":[\"https:\/\/www.facebook.com\/PressenzaItalia\",\"https:\/\/x.com\/PressenzaIPA\"]},{\"@type\":\"Person\",\"@id\":\"https:\/\/www.pressenza.com\/es\/#\/schema\/person\/606cbea0307458f18c06dd6b1ec227ec\",\"name\":\"Juana P\u00e9rez Montero\",\"description\":\"Juana P\u00e9rez Montero es periodista y activista humanista.\",\"url\":\"https:\/\/www.pressenza.com\/es\/author\/juana-perez-montero\/\"}]}<\/script>\n<!-- \/ Yoast SEO plugin. -->","yoast_head_json":{"title":"Coronavirus: un audio a la familia, llamando a la calma, se hace viral","description":"Un mensaje de una sanitaria que termina con esta frase a los suyos \"\u00a1...fin a las mascarillas, lav\u00e9monos todos las manos y tranquilidad\", se hace viral en","robots":{"index":"index","follow":"follow","max-snippet":"max-snippet:-1","max-image-preview":"max-image-preview:large","max-video-preview":"max-video-preview:-1"},"canonical":"https:\/\/www.pressenza.com\/es\/2020\/02\/coronavirus-un-audio-a-la-familia-llamando-a-la-calma-se-hace-viral\/","og_locale":"es_ES","og_type":"article","og_title":"Coronavirus: un audio a la familia, llamando a la calma, se hace viral","og_description":"Un mensaje de una sanitaria que termina con esta frase a los suyos \"\u00a1...fin a las mascarillas, lav\u00e9monos todos las manos y tranquilidad\", se hace viral en","og_url":"https:\/\/www.pressenza.com\/es\/2020\/02\/coronavirus-un-audio-a-la-familia-llamando-a-la-calma-se-hace-viral\/","og_site_name":"Pressenza","article_publisher":"https:\/\/www.facebook.com\/PressenzaItalia","article_published_time":"2020-02-29T13:01:56+00:00","article_modified_time":"2020-02-29T13:39:07+00:00","og_image":[{"width":1178,"height":530,"url":"https:\/\/www.pressenza.com\/wp-content\/uploads\/2020\/01\/Coronavirus-spread-now-a-global-emergency-declares-World-Health-Organization.jpg","type":"image\/jpeg"}],"author":"Juana P\u00e9rez Montero","twitter_card":"summary_large_image","twitter_creator":"@PressenzaIPA","twitter_site":"@PressenzaIPA","twitter_misc":{"Escrito por":"Juana P\u00e9rez Montero","Tiempo de lectura":"8 minutos"},"schema":{"@context":"https:\/\/schema.org","@graph":[{"@type":"Article","@id":"https:\/\/www.pressenza.com\/es\/2020\/02\/coronavirus-un-audio-a-la-familia-llamando-a-la-calma-se-hace-viral\/#article","isPartOf":{"@id":"https:\/\/www.pressenza.com\/es\/2020\/02\/coronavirus-un-audio-a-la-familia-llamando-a-la-calma-se-hace-viral\/"},"author":{"name":"Juana P\u00e9rez Montero","@id":"https:\/\/www.pressenza.com\/es\/#\/schema\/person\/606cbea0307458f18c06dd6b1ec227ec"},"headline":"Coronavirus: un audio a la familia, llamando a la calma, se hace viral","datePublished":"2020-02-29T13:01:56+00:00","dateModified":"2020-02-29T13:39:07+00:00","mainEntityOfPage":{"@id":"https:\/\/www.pressenza.com\/es\/2020\/02\/coronavirus-un-audio-a-la-familia-llamando-a-la-calma-se-hace-viral\/"},"wordCount":1630,"publisher":{"@id":"https:\/\/www.pressenza.com\/es\/#organization"},"image":{"@id":"https:\/\/www.pressenza.com\/es\/2020\/02\/coronavirus-un-audio-a-la-familia-llamando-a-la-calma-se-hace-viral\/#primaryimage"},"thumbnailUrl":"https:\/\/www.pressenza.com\/wp-content\/uploads\/2020\/01\/Coronavirus-spread-now-a-global-emergency-declares-World-Health-Organization.jpg","keywords":["coronav\u00edrus","Espa\u00f1a","noticias falsas","prevenci\u00f3n"],"articleSection":["Contenido Original","Internacional","Salud"],"inLanguage":"es"},{"@type":"WebPage","@id":"https:\/\/www.pressenza.com\/es\/2020\/02\/coronavirus-un-audio-a-la-familia-llamando-a-la-calma-se-hace-viral\/","url":"https:\/\/www.pressenza.com\/es\/2020\/02\/coronavirus-un-audio-a-la-familia-llamando-a-la-calma-se-hace-viral\/","name":"Coronavirus: un audio a la familia, llamando a la calma, se hace viral","isPartOf":{"@id":"https:\/\/www.pressenza.com\/es\/#website"},"primaryImageOfPage":{"@id":"https:\/\/www.pressenza.com\/es\/2020\/02\/coronavirus-un-audio-a-la-familia-llamando-a-la-calma-se-hace-viral\/#primaryimage"},"image":{"@id":"https:\/\/www.pressenza.com\/es\/2020\/02\/coronavirus-un-audio-a-la-familia-llamando-a-la-calma-se-hace-viral\/#primaryimage"},"thumbnailUrl":"https:\/\/www.pressenza.com\/wp-content\/uploads\/2020\/01\/Coronavirus-spread-now-a-global-emergency-declares-World-Health-Organization.jpg","datePublished":"2020-02-29T13:01:56+00:00","dateModified":"2020-02-29T13:39:07+00:00","description":"Un mensaje de una sanitaria que termina con esta frase a los suyos \"\u00a1...fin a las mascarillas, lav\u00e9monos todos las manos y tranquilidad\", se hace viral en","breadcrumb":{"@id":"https:\/\/www.pressenza.com\/es\/2020\/02\/coronavirus-un-audio-a-la-familia-llamando-a-la-calma-se-hace-viral\/#breadcrumb"},"inLanguage":"es","potentialAction":[{"@type":"ReadAction","target":["https:\/\/www.pressenza.com\/es\/2020\/02\/coronavirus-un-audio-a-la-familia-llamando-a-la-calma-se-hace-viral\/"]}]},{"@type":"ImageObject","inLanguage":"es","@id":"https:\/\/www.pressenza.com\/es\/2020\/02\/coronavirus-un-audio-a-la-familia-llamando-a-la-calma-se-hace-viral\/#primaryimage","url":"https:\/\/www.pressenza.com\/wp-content\/uploads\/2020\/01\/Coronavirus-spread-now-a-global-emergency-declares-World-Health-Organization.jpg","contentUrl":"https:\/\/www.pressenza.com\/wp-content\/uploads\/2020\/01\/Coronavirus-spread-now-a-global-emergency-declares-World-Health-Organization.jpg","width":1178,"height":530},{"@type":"BreadcrumbList","@id":"https:\/\/www.pressenza.com\/es\/2020\/02\/coronavirus-un-audio-a-la-familia-llamando-a-la-calma-se-hace-viral\/#breadcrumb","itemListElement":[{"@type":"ListItem","position":1,"name":"Accueil","item":"https:\/\/www.pressenza.com\/es\/"},{"@type":"ListItem","position":2,"name":"Coronavirus: un audio a la familia, llamando a la calma, se hace viral"}]},{"@type":"WebSite","@id":"https:\/\/www.pressenza.com\/es\/#website","url":"https:\/\/www.pressenza.com\/es\/","name":"Pressenza","description":"International Press Agency","publisher":{"@id":"https:\/\/www.pressenza.com\/es\/#organization"},"potentialAction":[{"@type":"SearchAction","target":{"@type":"EntryPoint","urlTemplate":"https:\/\/www.pressenza.com\/es\/?s={search_term_string}"},"query-input":{"@type":"PropertyValueSpecification","valueRequired":true,"valueName":"search_term_string"}}],"inLanguage":"es"},{"@type":"Organization","@id":"https:\/\/www.pressenza.com\/es\/#organization","name":"Pressenza","url":"https:\/\/www.pressenza.com\/es\/","logo":{"@type":"ImageObject","inLanguage":"es","@id":"https:\/\/www.pressenza.com\/es\/#\/schema\/logo\/image\/","url":"https:\/\/www.pressenza.com\/wp-content\/uploads\/2022\/10\/pressenza_logo_200x200.jpg","contentUrl":"https:\/\/www.pressenza.com\/wp-content\/uploads\/2022\/10\/pressenza_logo_200x200.jpg","width":200,"height":200,"caption":"Pressenza"},"image":{"@id":"https:\/\/www.pressenza.com\/es\/#\/schema\/logo\/image\/"},"sameAs":["https:\/\/www.facebook.com\/PressenzaItalia","https:\/\/x.com\/PressenzaIPA"]},{"@type":"Person","@id":"https:\/\/www.pressenza.com\/es\/#\/schema\/person\/606cbea0307458f18c06dd6b1ec227ec","name":"Juana P\u00e9rez Montero","description":"Juana P\u00e9rez Montero es periodista y activista humanista.","url":"https:\/\/www.pressenza.com\/es\/author\/juana-perez-montero\/"}]}},"place":"Madrid","original_article_url":"","_links":{"self":[{"href":"https:\/\/www.pressenza.com\/es\/wp-json\/wp\/v2\/posts\/1045470","targetHints":{"allow":["GET"]}}],"collection":[{"href":"https:\/\/www.pressenza.com\/es\/wp-json\/wp\/v2\/posts"}],"about":[{"href":"https:\/\/www.pressenza.com\/es\/wp-json\/wp\/v2\/types\/post"}],"author":[{"embeddable":true,"href":"https:\/\/www.pressenza.com\/es\/wp-json\/wp\/v2\/users\/1561"}],"replies":[{"embeddable":true,"href":"https:\/\/www.pressenza.com\/es\/wp-json\/wp\/v2\/comments?post=1045470"}],"version-history":[{"count":0,"href":"https:\/\/www.pressenza.com\/es\/wp-json\/wp\/v2\/posts\/1045470\/revisions"}],"wp:featuredmedia":[{"embeddable":true,"href":"https:\/\/www.pressenza.com\/es\/wp-json\/wp\/v2\/media\/1024981"}],"wp:attachment":[{"href":"https:\/\/www.pressenza.com\/es\/wp-json\/wp\/v2\/media?parent=1045470"}],"wp:term":[{"taxonomy":"category","embeddable":true,"href":"https:\/\/www.pressenza.com\/es\/wp-json\/wp\/v2\/categories?post=1045470"},{"taxonomy":"post_tag","embeddable":true,"href":"https:\/\/www.pressenza.com\/es\/wp-json\/wp\/v2\/tags?post=1045470"}],"curies":[{"name":"wp","href":"https:\/\/api.w.org\/{rel}","templated":true}]}}