{"id":1045,"date":"2009-08-24T00:00:00","date_gmt":"2009-08-24T00:00:00","guid":{"rendered":""},"modified":"2009-09-28T05:01:03","modified_gmt":"2009-09-28T05:01:03","slug":"intendente-de-la-ciudad-chaquexa-castelli-adhiere-iniciativa-global-por-el-desarme-nuclear","status":"publish","type":"post","link":"https:\/\/www.pressenza.com\/es\/2009\/08\/intendente-de-la-ciudad-chaquexa-castelli-adhiere-iniciativa-global-por-el-desarme-nuclear\/","title":{"rendered":"Intendente de la ciudad chaque\u00f1a Castelli adhiere iniciativa global por el desarme nuclear"},"content":{"rendered":"<p>En un breve acto donde estuvieron presentes el representante de la Gerencia de Resistencia del Ministerio de Trabajo de la Provincia,  Sr. Jos\u00e9 L. Valenzuela;  representantes abor\u00edgenes de la organizaci\u00f3n  Toba Nam Qompi, periodistas de FM La Tribu de la ciudad de Buenos Aires y miembros del Movimiento Humanista de Buenos Aires y Espa\u00f1a, Leonardo Yul\u00e1n se sum\u00f3 a una extensa lista de intendentes y alcaldes que acompa\u00f1an la iniciativa.<\/p>\n<p>Durante la formalizaci\u00f3n de dicha adhesi\u00f3n Leonardo Yul\u00e1n expres\u00f3 a la prensa local la necesidad de apoyar con fuerza estas iniciativas para la paz, destacando la gran labor que vienen desarrollando los humanistas, en ese campo preciso y con los abor\u00edgenes del lugar desde hace m\u00e1s de 12 a\u00f1os. Ala V\u00e1zquez, miembro del Movimiento Humanista de Buenos Aires ley\u00f3 todos y cada uno de los puntos a los cuales estaba por adherir el intendente local. Con un cerrado aplauso se efectiviz\u00f3 la firma de la adhesi\u00f3n tras lo cual el titular del ejecutivo municipal agradeci\u00f3 la invitaci\u00f3n a formar parte de  la delegaci\u00f3n chaque\u00f1a que llegar\u00e1 a Punta de Vacas el 2 de enero del 2010, d\u00eda que cierra la Marcha Mundial.<\/p>\n<p>Tambi\u00e9n coment\u00f3  que coordinar\u00e1 acciones con su par de la ciudad capital de la provincia a fin de organizar actividades que den relieve al paso de la marcha por esa regi\u00f3n.<\/p>\n<p>Manuel Manzano, presidente de la Asociaci\u00f3n Civil Nam Qompi, ponder\u00f3 durante el acto la actitud del Intendente y en su nombre, la actitud del pueblo de Castelli por sumarse a esta causa digna.<\/p>\n<p>La firma de la adhesi\u00f3n de Leonardo Yul\u00e1n fue seguida con atenci\u00f3n por todos los periodistas presentes.<\/p>\n<p>Cerr\u00f3  el acto el dirigente Toba Emilio Batalla comentando la implicancia de la Marcha para la Comunidad.<\/p>\n","protected":false},"excerpt":{"rendered":"<p>El intendente de la ciudad conocida como \u201cel portal del impenetrable chaque\u00f1o\u201d, ubicada en el noroeste de Argentina, Leonardo Yul\u00e1n, adhiri\u00f3 d\u00edas atr\u00e1s a la Marcha Mundial por la Paz y la No-Violencia impulsada por la Fundaci\u00f3n Mundo sin Guerras.   Yul\u00e1n destac\u00f3 a los medios locales la gran labor que vienen desarrollando en el campo de la paz los humanistas.<\/p>\n","protected":false},"author":19,"featured_media":0,"comment_status":"closed","ping_status":"open","sticky":false,"template":"","format":"standard","meta":{"footnotes":""},"categories":[74,67],"tags":[],"class_list":["post-1045","post","type-post","status-publish","format-standard","hentry","category-politica-es","category-sudamerica"],"yoast_head":"<!-- This site is optimized with the Yoast SEO plugin v27.1.1 - https:\/\/yoast.com\/product\/yoast-seo-wordpress\/ -->\n<title>Intendente de la ciudad chaque\u00f1a Castelli adhiere iniciativa global por el desarme nuclear<\/title>\n<meta name=\"description\" content=\"El intendente de la ciudad conocida como \u201cel portal del impenetrable chaque\u00f1o\u201d, ubicada en el noroeste de Argentina, Leonardo Yul\u00e1n, adhiri\u00f3 d\u00edas atr\u00e1s a la Marcha Mundial por la Paz y la No-Violencia impulsada por la Fundaci\u00f3n Mundo sin Guerras.  Yul\u00e1n destac\u00f3 a los medios locales la gran labor que vienen desarrollando en el campo de la paz los humanistas.\" \/>\n<meta name=\"robots\" content=\"index, follow, max-snippet:-1, max-image-preview:large, max-video-preview:-1\" \/>\n<link rel=\"canonical\" href=\"https:\/\/www.pressenza.com\/es\/2009\/08\/intendente-de-la-ciudad-chaquexa-castelli-adhiere-iniciativa-global-por-el-desarme-nuclear\/\" \/>\n<meta property=\"og:locale\" content=\"es_ES\" \/>\n<meta property=\"og:type\" content=\"article\" \/>\n<meta property=\"og:title\" content=\"Intendente de la ciudad chaque\u00f1a Castelli adhiere iniciativa global por el desarme nuclear\" \/>\n<meta property=\"og:description\" content=\"El intendente de la ciudad conocida como \u201cel portal del impenetrable chaque\u00f1o\u201d, ubicada en el noroeste de Argentina, Leonardo Yul\u00e1n, adhiri\u00f3 d\u00edas atr\u00e1s a la Marcha Mundial por la Paz y la No-Violencia impulsada por la Fundaci\u00f3n Mundo sin Guerras.  Yul\u00e1n destac\u00f3 a los medios locales la gran labor que vienen desarrollando en el campo de la paz los humanistas.\" \/>\n<meta property=\"og:url\" content=\"https:\/\/www.pressenza.com\/es\/2009\/08\/intendente-de-la-ciudad-chaquexa-castelli-adhiere-iniciativa-global-por-el-desarme-nuclear\/\" \/>\n<meta property=\"og:site_name\" content=\"Pressenza\" \/>\n<meta property=\"article:publisher\" content=\"https:\/\/www.facebook.com\/PressenzaItalia\" \/>\n<meta property=\"article:author\" content=\"https:\/\/www.facebook.com\/pressenza\" \/>\n<meta property=\"article:published_time\" content=\"2009-08-24T00:00:00+00:00\" \/>\n<meta property=\"article:modified_time\" content=\"2009-09-28T05:01:03+00:00\" \/>\n<meta name=\"author\" content=\"Pressenza IPA\" \/>\n<meta name=\"twitter:card\" content=\"summary_large_image\" \/>\n<meta name=\"twitter:creator\" content=\"@PressenzaIPA\" \/>\n<meta name=\"twitter:site\" content=\"@PressenzaIPA\" \/>\n<meta name=\"twitter:label1\" content=\"Escrito por\" \/>\n\t<meta name=\"twitter:data1\" content=\"Pressenza IPA\" \/>\n\t<meta name=\"twitter:label2\" content=\"Tiempo de lectura\" \/>\n\t<meta name=\"twitter:data2\" content=\"2 minutos\" \/>\n<script type=\"application\/ld+json\" class=\"yoast-schema-graph\">{\"@context\":\"https:\/\/schema.org\",\"@graph\":[{\"@type\":\"Article\",\"@id\":\"https:\/\/www.pressenza.com\/es\/2009\/08\/intendente-de-la-ciudad-chaquexa-castelli-adhiere-iniciativa-global-por-el-desarme-nuclear\/#article\",\"isPartOf\":{\"@id\":\"https:\/\/www.pressenza.com\/es\/2009\/08\/intendente-de-la-ciudad-chaquexa-castelli-adhiere-iniciativa-global-por-el-desarme-nuclear\/\"},\"author\":{\"name\":\"Pressenza IPA\",\"@id\":\"https:\/\/www.pressenza.com\/es\/#\/schema\/person\/010e5d02bcf40965427a1289a4cc8d75\"},\"headline\":\"Intendente de la ciudad chaque\u00f1a Castelli adhiere iniciativa global por el desarme nuclear\",\"datePublished\":\"2009-08-24T00:00:00+00:00\",\"dateModified\":\"2009-09-28T05:01:03+00:00\",\"mainEntityOfPage\":{\"@id\":\"https:\/\/www.pressenza.com\/es\/2009\/08\/intendente-de-la-ciudad-chaquexa-castelli-adhiere-iniciativa-global-por-el-desarme-nuclear\/\"},\"wordCount\":324,\"publisher\":{\"@id\":\"https:\/\/www.pressenza.com\/es\/#organization\"},\"articleSection\":[\"Pol\u00edtica\",\"Sudam\u00e9rica\"],\"inLanguage\":\"es\"},{\"@type\":\"WebPage\",\"@id\":\"https:\/\/www.pressenza.com\/es\/2009\/08\/intendente-de-la-ciudad-chaquexa-castelli-adhiere-iniciativa-global-por-el-desarme-nuclear\/\",\"url\":\"https:\/\/www.pressenza.com\/es\/2009\/08\/intendente-de-la-ciudad-chaquexa-castelli-adhiere-iniciativa-global-por-el-desarme-nuclear\/\",\"name\":\"Intendente de la ciudad chaque\u00f1a Castelli adhiere iniciativa global por el desarme nuclear\",\"isPartOf\":{\"@id\":\"https:\/\/www.pressenza.com\/es\/#website\"},\"datePublished\":\"2009-08-24T00:00:00+00:00\",\"dateModified\":\"2009-09-28T05:01:03+00:00\",\"description\":\"El intendente de la ciudad conocida como \u201cel portal del impenetrable chaque\u00f1o\u201d, ubicada en el noroeste de Argentina, Leonardo Yul\u00e1n, adhiri\u00f3 d\u00edas atr\u00e1s a la Marcha Mundial por la Paz y la No-Violencia impulsada por la Fundaci\u00f3n Mundo sin Guerras. Yul\u00e1n destac\u00f3 a los medios locales la gran labor que vienen desarrollando en el campo de la paz los humanistas.\",\"breadcrumb\":{\"@id\":\"https:\/\/www.pressenza.com\/es\/2009\/08\/intendente-de-la-ciudad-chaquexa-castelli-adhiere-iniciativa-global-por-el-desarme-nuclear\/#breadcrumb\"},\"inLanguage\":\"es\",\"potentialAction\":[{\"@type\":\"ReadAction\",\"target\":[\"https:\/\/www.pressenza.com\/es\/2009\/08\/intendente-de-la-ciudad-chaquexa-castelli-adhiere-iniciativa-global-por-el-desarme-nuclear\/\"]}]},{\"@type\":\"BreadcrumbList\",\"@id\":\"https:\/\/www.pressenza.com\/es\/2009\/08\/intendente-de-la-ciudad-chaquexa-castelli-adhiere-iniciativa-global-por-el-desarme-nuclear\/#breadcrumb\",\"itemListElement\":[{\"@type\":\"ListItem\",\"position\":1,\"name\":\"Accueil\",\"item\":\"https:\/\/www.pressenza.com\/es\/\"},{\"@type\":\"ListItem\",\"position\":2,\"name\":\"Intendente de la ciudad chaque\u00f1a Castelli adhiere iniciativa global por el desarme nuclear\"}]},{\"@type\":\"WebSite\",\"@id\":\"https:\/\/www.pressenza.com\/es\/#website\",\"url\":\"https:\/\/www.pressenza.com\/es\/\",\"name\":\"Pressenza\",\"description\":\"International Press Agency\",\"publisher\":{\"@id\":\"https:\/\/www.pressenza.com\/es\/#organization\"},\"potentialAction\":[{\"@type\":\"SearchAction\",\"target\":{\"@type\":\"EntryPoint\",\"urlTemplate\":\"https:\/\/www.pressenza.com\/es\/?s={search_term_string}\"},\"query-input\":{\"@type\":\"PropertyValueSpecification\",\"valueRequired\":true,\"valueName\":\"search_term_string\"}}],\"inLanguage\":\"es\"},{\"@type\":\"Organization\",\"@id\":\"https:\/\/www.pressenza.com\/es\/#organization\",\"name\":\"Pressenza\",\"url\":\"https:\/\/www.pressenza.com\/es\/\",\"logo\":{\"@type\":\"ImageObject\",\"inLanguage\":\"es\",\"@id\":\"https:\/\/www.pressenza.com\/es\/#\/schema\/logo\/image\/\",\"url\":\"https:\/\/www.pressenza.com\/wp-content\/uploads\/2022\/10\/pressenza_logo_200x200.jpg\",\"contentUrl\":\"https:\/\/www.pressenza.com\/wp-content\/uploads\/2022\/10\/pressenza_logo_200x200.jpg\",\"width\":200,\"height\":200,\"caption\":\"Pressenza\"},\"image\":{\"@id\":\"https:\/\/www.pressenza.com\/es\/#\/schema\/logo\/image\/\"},\"sameAs\":[\"https:\/\/www.facebook.com\/PressenzaItalia\",\"https:\/\/x.com\/PressenzaIPA\"]},{\"@type\":\"Person\",\"@id\":\"https:\/\/www.pressenza.com\/es\/#\/schema\/person\/010e5d02bcf40965427a1289a4cc8d75\",\"name\":\"Pressenza IPA\",\"description\":\"News from Pressenza IPA correspondents\",\"sameAs\":[\"https:\/\/www.facebook.com\/pressenza\",\"https:\/\/x.com\/PressenzaIPA\"],\"url\":\"https:\/\/www.pressenza.com\/es\/author\/pressenza-ipa\/\"}]}<\/script>\n<!-- \/ Yoast SEO plugin. -->","yoast_head_json":{"title":"Intendente de la ciudad chaque\u00f1a Castelli adhiere iniciativa global por el desarme nuclear","description":"El intendente de la ciudad conocida como \u201cel portal del impenetrable chaque\u00f1o\u201d, ubicada en el noroeste de Argentina, Leonardo Yul\u00e1n, adhiri\u00f3 d\u00edas atr\u00e1s a la Marcha Mundial por la Paz y la No-Violencia impulsada por la Fundaci\u00f3n Mundo sin Guerras.  Yul\u00e1n destac\u00f3 a los medios locales la gran labor que vienen desarrollando en el campo de la paz los humanistas.","robots":{"index":"index","follow":"follow","max-snippet":"max-snippet:-1","max-image-preview":"max-image-preview:large","max-video-preview":"max-video-preview:-1"},"canonical":"https:\/\/www.pressenza.com\/es\/2009\/08\/intendente-de-la-ciudad-chaquexa-castelli-adhiere-iniciativa-global-por-el-desarme-nuclear\/","og_locale":"es_ES","og_type":"article","og_title":"Intendente de la ciudad chaque\u00f1a Castelli adhiere iniciativa global por el desarme nuclear","og_description":"El intendente de la ciudad conocida como \u201cel portal del impenetrable chaque\u00f1o\u201d, ubicada en el noroeste de Argentina, Leonardo Yul\u00e1n, adhiri\u00f3 d\u00edas atr\u00e1s a la Marcha Mundial por la Paz y la No-Violencia impulsada por la Fundaci\u00f3n Mundo sin Guerras.  Yul\u00e1n destac\u00f3 a los medios locales la gran labor que vienen desarrollando en el campo de la paz los humanistas.","og_url":"https:\/\/www.pressenza.com\/es\/2009\/08\/intendente-de-la-ciudad-chaquexa-castelli-adhiere-iniciativa-global-por-el-desarme-nuclear\/","og_site_name":"Pressenza","article_publisher":"https:\/\/www.facebook.com\/PressenzaItalia","article_author":"https:\/\/www.facebook.com\/pressenza","article_published_time":"2009-08-24T00:00:00+00:00","article_modified_time":"2009-09-28T05:01:03+00:00","author":"Pressenza IPA","twitter_card":"summary_large_image","twitter_creator":"@PressenzaIPA","twitter_site":"@PressenzaIPA","twitter_misc":{"Escrito por":"Pressenza IPA","Tiempo de lectura":"2 minutos"},"schema":{"@context":"https:\/\/schema.org","@graph":[{"@type":"Article","@id":"https:\/\/www.pressenza.com\/es\/2009\/08\/intendente-de-la-ciudad-chaquexa-castelli-adhiere-iniciativa-global-por-el-desarme-nuclear\/#article","isPartOf":{"@id":"https:\/\/www.pressenza.com\/es\/2009\/08\/intendente-de-la-ciudad-chaquexa-castelli-adhiere-iniciativa-global-por-el-desarme-nuclear\/"},"author":{"name":"Pressenza IPA","@id":"https:\/\/www.pressenza.com\/es\/#\/schema\/person\/010e5d02bcf40965427a1289a4cc8d75"},"headline":"Intendente de la ciudad chaque\u00f1a Castelli adhiere iniciativa global por el desarme nuclear","datePublished":"2009-08-24T00:00:00+00:00","dateModified":"2009-09-28T05:01:03+00:00","mainEntityOfPage":{"@id":"https:\/\/www.pressenza.com\/es\/2009\/08\/intendente-de-la-ciudad-chaquexa-castelli-adhiere-iniciativa-global-por-el-desarme-nuclear\/"},"wordCount":324,"publisher":{"@id":"https:\/\/www.pressenza.com\/es\/#organization"},"articleSection":["Pol\u00edtica","Sudam\u00e9rica"],"inLanguage":"es"},{"@type":"WebPage","@id":"https:\/\/www.pressenza.com\/es\/2009\/08\/intendente-de-la-ciudad-chaquexa-castelli-adhiere-iniciativa-global-por-el-desarme-nuclear\/","url":"https:\/\/www.pressenza.com\/es\/2009\/08\/intendente-de-la-ciudad-chaquexa-castelli-adhiere-iniciativa-global-por-el-desarme-nuclear\/","name":"Intendente de la ciudad chaque\u00f1a Castelli adhiere iniciativa global por el desarme nuclear","isPartOf":{"@id":"https:\/\/www.pressenza.com\/es\/#website"},"datePublished":"2009-08-24T00:00:00+00:00","dateModified":"2009-09-28T05:01:03+00:00","description":"El intendente de la ciudad conocida como \u201cel portal del impenetrable chaque\u00f1o\u201d, ubicada en el noroeste de Argentina, Leonardo Yul\u00e1n, adhiri\u00f3 d\u00edas atr\u00e1s a la Marcha Mundial por la Paz y la No-Violencia impulsada por la Fundaci\u00f3n Mundo sin Guerras. Yul\u00e1n destac\u00f3 a los medios locales la gran labor que vienen desarrollando en el campo de la paz los humanistas.","breadcrumb":{"@id":"https:\/\/www.pressenza.com\/es\/2009\/08\/intendente-de-la-ciudad-chaquexa-castelli-adhiere-iniciativa-global-por-el-desarme-nuclear\/#breadcrumb"},"inLanguage":"es","potentialAction":[{"@type":"ReadAction","target":["https:\/\/www.pressenza.com\/es\/2009\/08\/intendente-de-la-ciudad-chaquexa-castelli-adhiere-iniciativa-global-por-el-desarme-nuclear\/"]}]},{"@type":"BreadcrumbList","@id":"https:\/\/www.pressenza.com\/es\/2009\/08\/intendente-de-la-ciudad-chaquexa-castelli-adhiere-iniciativa-global-por-el-desarme-nuclear\/#breadcrumb","itemListElement":[{"@type":"ListItem","position":1,"name":"Accueil","item":"https:\/\/www.pressenza.com\/es\/"},{"@type":"ListItem","position":2,"name":"Intendente de la ciudad chaque\u00f1a Castelli adhiere iniciativa global por el desarme nuclear"}]},{"@type":"WebSite","@id":"https:\/\/www.pressenza.com\/es\/#website","url":"https:\/\/www.pressenza.com\/es\/","name":"Pressenza","description":"International Press Agency","publisher":{"@id":"https:\/\/www.pressenza.com\/es\/#organization"},"potentialAction":[{"@type":"SearchAction","target":{"@type":"EntryPoint","urlTemplate":"https:\/\/www.pressenza.com\/es\/?s={search_term_string}"},"query-input":{"@type":"PropertyValueSpecification","valueRequired":true,"valueName":"search_term_string"}}],"inLanguage":"es"},{"@type":"Organization","@id":"https:\/\/www.pressenza.com\/es\/#organization","name":"Pressenza","url":"https:\/\/www.pressenza.com\/es\/","logo":{"@type":"ImageObject","inLanguage":"es","@id":"https:\/\/www.pressenza.com\/es\/#\/schema\/logo\/image\/","url":"https:\/\/www.pressenza.com\/wp-content\/uploads\/2022\/10\/pressenza_logo_200x200.jpg","contentUrl":"https:\/\/www.pressenza.com\/wp-content\/uploads\/2022\/10\/pressenza_logo_200x200.jpg","width":200,"height":200,"caption":"Pressenza"},"image":{"@id":"https:\/\/www.pressenza.com\/es\/#\/schema\/logo\/image\/"},"sameAs":["https:\/\/www.facebook.com\/PressenzaItalia","https:\/\/x.com\/PressenzaIPA"]},{"@type":"Person","@id":"https:\/\/www.pressenza.com\/es\/#\/schema\/person\/010e5d02bcf40965427a1289a4cc8d75","name":"Pressenza IPA","description":"News from Pressenza IPA correspondents","sameAs":["https:\/\/www.facebook.com\/pressenza","https:\/\/x.com\/PressenzaIPA"],"url":"https:\/\/www.pressenza.com\/es\/author\/pressenza-ipa\/"}]}},"place":"Castelli","original_article_url":"","_links":{"self":[{"href":"https:\/\/www.pressenza.com\/es\/wp-json\/wp\/v2\/posts\/1045","targetHints":{"allow":["GET"]}}],"collection":[{"href":"https:\/\/www.pressenza.com\/es\/wp-json\/wp\/v2\/posts"}],"about":[{"href":"https:\/\/www.pressenza.com\/es\/wp-json\/wp\/v2\/types\/post"}],"author":[{"embeddable":true,"href":"https:\/\/www.pressenza.com\/es\/wp-json\/wp\/v2\/users\/19"}],"replies":[{"embeddable":true,"href":"https:\/\/www.pressenza.com\/es\/wp-json\/wp\/v2\/comments?post=1045"}],"version-history":[{"count":0,"href":"https:\/\/www.pressenza.com\/es\/wp-json\/wp\/v2\/posts\/1045\/revisions"}],"wp:attachment":[{"href":"https:\/\/www.pressenza.com\/es\/wp-json\/wp\/v2\/media?parent=1045"}],"wp:term":[{"taxonomy":"category","embeddable":true,"href":"https:\/\/www.pressenza.com\/es\/wp-json\/wp\/v2\/categories?post=1045"},{"taxonomy":"post_tag","embeddable":true,"href":"https:\/\/www.pressenza.com\/es\/wp-json\/wp\/v2\/tags?post=1045"}],"curies":[{"name":"wp","href":"https:\/\/api.w.org\/{rel}","templated":true}]}}