{"id":1044817,"date":"2020-02-28T00:30:14","date_gmt":"2020-02-28T00:30:14","guid":{"rendered":"https:\/\/www.pressenza.com\/?p=1044817"},"modified":"2020-02-28T00:30:14","modified_gmt":"2020-02-28T00:30:14","slug":"triunfo-historico-punta-querandi-obtendra-la-propiedad-comunitaria-de-su-territorio","status":"publish","type":"post","link":"https:\/\/www.pressenza.com\/es\/2020\/02\/triunfo-historico-punta-querandi-obtendra-la-propiedad-comunitaria-de-su-territorio\/","title":{"rendered":"Triunfo hist\u00f3rico: Punta Querand\u00ed obtendr\u00e1 la propiedad comunitaria de su territorio"},"content":{"rendered":"<h4>Hist\u00f3rico acuerdo entre el municipio de Tigre y la Comunidad ind\u00edgena Punta Querand\u00ed<\/h4>\n<p><strong>Luego de una ardua lucha de m\u00e1s de una d\u00e9cada, en marzo se firmar\u00e1 con el intendente de Tigre un convenio que garantizar\u00e1 los derechos territoriales de la Comunidad Ind\u00edgena Punta Querand\u00ed. Tambi\u00e9n se acord\u00f3 el respaldo econ\u00f3mico a la labor educativa y cultural desarrollada desde el espacio ancestral de los pueblos originarios. Adem\u00e1s se sum\u00f3 el apoyo de la gesti\u00f3n municipal a la demanda de restituci\u00f3n de 50 esqueletos de nuestros ancestros para reenterrarlos en los sitios de donde se excavaron. Compartimos el comunicado oficial de la Intendencia.<\/strong><\/p>\n<p>El intendente Julio Zamora destrab\u00f3 un conflicto de m\u00e1s de una d\u00e9cada por la posesi\u00f3n de un terreno por parte de una desarrolladora inmobiliaria en Dique Luj\u00e1n. Se garantizar\u00e1 el derecho constitucional a la propiedad comunitaria ind\u00edgena. Adem\u00e1s, se prev\u00e9 la restituci\u00f3n de restos humanos ancestrales excavados de sitios arqueol\u00f3gicos.<\/p>\n<p>Tras un conflicto de m\u00e1s de diez a\u00f1os, el Municipio de Tigre acord\u00f3 la restituci\u00f3n de tierras a la comunidad ind\u00edgena \u201cPunta Querand\u00ed\u201d. El intendente Julio Zamora logr\u00f3 destrabar una disputa por la posesi\u00f3n de un terreno que enfrentaba a integrantes de dicha comunidad y una desarrolladora inmobiliaria en la localidad de Dique Luj\u00e1n. Se trata de un acuerdo hist\u00f3rico para el distrito, que garantizar\u00e1 el derecho constitucional a la propiedad comunitaria ind\u00edgena.<\/p>\n<p>\u201cEs una alegr\u00eda y estoy muy orgulloso de poder ser part\u00edcipe de esta reivindicaci\u00f3n hist\u00f3rica para los pueblos originarios de Buenos Aires. Estuvimos trabajando durante mucho tiempo para arribar a acuerdos y que la Comunidad Ind\u00edgena Punta Querand\u00ed pueda tener la certeza de continuar con sus actividades educativas y la reivindicaci\u00f3n de sus culturas\u201d, se\u00f1al\u00f3 el jefe comunal, luego de la reuni\u00f3n realizada el 19 de febrero con representantes de dicha comunidad. Participaron de la misma: el secretario de Gobierno, Mario Zamora; la subsecretaria de legal y t\u00e9cnica, Patricia D\u2019Angelis y la abogada kolla Paula Alvarado Mamani.<\/p>\n<div id=\"attachment_1044821\" class=\"wp-caption alignnone\"><img loading=\"lazy\" decoding=\"async\" aria-describedby=\"caption-attachment-1044821\" class=\"size-large wp-image-1044821\" src=\"https:\/\/www.pressenza.com\/wp-content\/uploads\/2020\/02\/Foto-Consejo-de-comunicacio\u0301n-Punta-Querandi\u03012-720x540.jpg\" alt=\"\" width=\"720\" height=\"540\" srcset=\"https:\/\/www.pressenza.com\/wp-content\/uploads\/2020\/02\/Foto-Consejo-de-comunicacio\u0301n-Punta-Querandi\u03012-720x540.jpg 720w, https:\/\/www.pressenza.com\/wp-content\/uploads\/2020\/02\/Foto-Consejo-de-comunicacio\u0301n-Punta-Querandi\u03012-300x225.jpg 300w, https:\/\/www.pressenza.com\/wp-content\/uploads\/2020\/02\/Foto-Consejo-de-comunicacio\u0301n-Punta-Querandi\u03012-768x576.jpg 768w, https:\/\/www.pressenza.com\/wp-content\/uploads\/2020\/02\/Foto-Consejo-de-comunicacio\u0301n-Punta-Querandi\u03012.jpg 1024w\" sizes=\"auto, (max-width: 720px) 100vw, 720px\" \/><p id=\"caption-attachment-1044821\" class=\"wp-caption-text\">Foto: Consejo de comunicacio\u0301n Punta Querandi\u0301<\/p><\/div>\n<p>El conflicto inici\u00f3 en el a\u00f1o 2004, tras el hallazgo de un sitio arqueol\u00f3gico de mil a\u00f1os de antig\u00fcedad. Luego de m\u00e1s de una d\u00e9cada, las autoridades locales acordaron con la empresa la cesi\u00f3n al Municipio de Tigre de la parcela ubicada en la calle Brasil y Canal Villanueva, del Paraje Punta Canal, en el marco de la aplicaci\u00f3n de la Ley 8912\/77, que dispone la entrega de un porcentaje de tierras por cada proyecto inmobiliario.<\/p>\n<p>Santiago Chara del Consejo de Ancianos de Punta Querandi y miembro del Pueblo Qom, se\u00f1al\u00f3: \u201cMe siento feliz y agradezco al intendente Zamora por apoyarnos junto a su equipo en nuestros proyectos, logrando as\u00ed visibilidad y respeto\u201d. Por su parte, Reinaldo Roa, del Pueblo Guaran\u00ed y tambi\u00e9n representante del Consejo de Ancianos, puntualiz\u00f3: \u201cVamos a seguir la lucha hasta el final, porque es la lucha por la vida. Estamos siendo escuchados por el Municipio, eso es muy bueno para nosotros y para toda la gente de Tigre\u201d.<\/p>\n<p>En el mes de marzo, Zamora visitar\u00e1 el lugar y concretar\u00e1 el acuerdo con representantes de la comunidad, reconociendo sus derechos. En una primera etapa se otorgar\u00e1 la custodia y el permiso de uso sobre la parcela, donde ya existen diversas construcciones tradicionales. Sin embargo, antes de obtener la transferencia definitiva mediante la inscripci\u00f3n del t\u00edtulo de propiedad comunitaria, deber\u00e1 obtenerse la aprobaci\u00f3n de una ordenanza en el Concejo Deliberante de Tigre, en donde ya fueron declaradas de inter\u00e9s municipal las actividades de Punta Querand\u00ed en el 2018.<\/p>\n<p>Respecto de la pol\u00edtica impulsada por el Municipio, la abogada kolla Paula Alvarado Mamani manifest\u00f3: \u201cEs hist\u00f3rico porque es la primera comunidad de Tigre en garantizar el derecho constitucional a la propiedad comunitaria\u201d.<\/p>\n<p>Entre lo solicitado, los representantes de la comunidad pidieron al intendente un firme acompa\u00f1amiento al proceso de restituciones de restos humanos de los pueblos originarios. Se trata de un total de 50 esqueletos, a ser reenterrados en diversos sitios de Tigre, en el marco de la Ley Nacional 25517, que otorga el derecho a las comunidades ind\u00edgenas. Al respecto, Zamora expres\u00f3: \u201cSer\u00eda un acto reparador que estos esqueletos vuelvan a los lugares de donde fueron excavados como una manera de respetar la cosmovisi\u00f3n de los pueblos que nos antecedieron en lo que hoy es nuestro querido distrito\u201d.<\/p>\n","protected":false},"excerpt":{"rendered":"<p>Hist\u00f3rico acuerdo entre el municipio de Tigre y la Comunidad ind\u00edgena Punta Querand\u00ed Luego de una ardua lucha de m\u00e1s de una d\u00e9cada, en marzo se firmar\u00e1 con el intendente de Tigre un convenio que garantizar\u00e1 los derechos territoriales de&hellip;<\/p>\n","protected":false},"author":1254,"featured_media":1044831,"comment_status":"closed","ping_status":"closed","sticky":false,"template":"","format":"standard","meta":{"footnotes":""},"categories":[149,80,67],"tags":[26,54082,22210,33930,18507,28564],"class_list":["post-1044817","post","type-post","status-publish","format-standard","has-post-thumbnail","hentry","category-comunicados-de-prensa","category-pueblos-originarios","category-sudamerica","tag-argentina","tag-indigenas-es","tag-pueblos-originarios","tag-punta-querandi","tag-territorios","tag-tigre"],"yoast_head":"<!-- This site is optimized with the Yoast SEO plugin v27.1.1 - https:\/\/yoast.com\/product\/yoast-seo-wordpress\/ -->\n<title>Triunfo hist\u00f3rico: Punta Querand\u00ed obtendr\u00e1 la propiedad comunitaria de su territorio<\/title>\n<meta name=\"description\" content=\"Hist\u00f3rico acuerdo entre el municipio de Tigre y la Comunidad ind\u00edgena Punta Querand\u00ed Luego de una ardua lucha de m\u00e1s de una d\u00e9cada, en marzo se firmar\u00e1\" \/>\n<meta name=\"robots\" content=\"index, follow, max-snippet:-1, max-image-preview:large, max-video-preview:-1\" \/>\n<link rel=\"canonical\" href=\"https:\/\/www.pressenza.com\/es\/2020\/02\/triunfo-historico-punta-querandi-obtendra-la-propiedad-comunitaria-de-su-territorio\/\" \/>\n<meta property=\"og:locale\" content=\"es_ES\" \/>\n<meta property=\"og:type\" content=\"article\" \/>\n<meta property=\"og:title\" content=\"Triunfo hist\u00f3rico: Punta Querand\u00ed obtendr\u00e1 la propiedad comunitaria de su territorio\" \/>\n<meta property=\"og:description\" content=\"Hist\u00f3rico acuerdo entre el municipio de Tigre y la Comunidad ind\u00edgena Punta Querand\u00ed Luego de una ardua lucha de m\u00e1s de una d\u00e9cada, en marzo se firmar\u00e1\" \/>\n<meta property=\"og:url\" content=\"https:\/\/www.pressenza.com\/es\/2020\/02\/triunfo-historico-punta-querandi-obtendra-la-propiedad-comunitaria-de-su-territorio\/\" \/>\n<meta property=\"og:site_name\" content=\"Pressenza\" \/>\n<meta property=\"article:publisher\" content=\"https:\/\/www.facebook.com\/PressenzaItalia\" \/>\n<meta property=\"article:author\" content=\"https:\/\/www.facebook.com\/pressenza\" \/>\n<meta property=\"article:published_time\" content=\"2020-02-28T00:30:14+00:00\" \/>\n<meta property=\"og:image\" content=\"https:\/\/www.pressenza.com\/wp-content\/uploads\/2020\/02\/Foto-Consejo-de-comunicacio\u0301n-Punta-Querandi\u0301.jpg\" \/>\n\t<meta property=\"og:image:width\" content=\"1024\" \/>\n\t<meta property=\"og:image:height\" content=\"768\" \/>\n\t<meta property=\"og:image:type\" content=\"image\/jpeg\" \/>\n<meta name=\"author\" content=\"Redacci\u00f3n Mar del Plata\" \/>\n<meta name=\"twitter:card\" content=\"summary_large_image\" \/>\n<meta name=\"twitter:creator\" content=\"@Pressenza\" \/>\n<meta name=\"twitter:site\" content=\"@PressenzaIPA\" \/>\n<meta name=\"twitter:label1\" content=\"Escrito por\" \/>\n\t<meta name=\"twitter:data1\" content=\"Redacci\u00f3n Mar del Plata\" \/>\n\t<meta name=\"twitter:label2\" content=\"Tiempo de lectura\" \/>\n\t<meta name=\"twitter:data2\" content=\"4 minutos\" \/>\n<script type=\"application\/ld+json\" class=\"yoast-schema-graph\">{\"@context\":\"https:\/\/schema.org\",\"@graph\":[{\"@type\":\"Article\",\"@id\":\"https:\/\/www.pressenza.com\/es\/2020\/02\/triunfo-historico-punta-querandi-obtendra-la-propiedad-comunitaria-de-su-territorio\/#article\",\"isPartOf\":{\"@id\":\"https:\/\/www.pressenza.com\/es\/2020\/02\/triunfo-historico-punta-querandi-obtendra-la-propiedad-comunitaria-de-su-territorio\/\"},\"author\":{\"name\":\"Redacci\u00f3n Mar del Plata\",\"@id\":\"https:\/\/www.pressenza.com\/es\/#\/schema\/person\/738658b5125ecea661a8a0b96dba8b69\"},\"headline\":\"Triunfo hist\u00f3rico: Punta Querand\u00ed obtendr\u00e1 la propiedad comunitaria de su territorio\",\"datePublished\":\"2020-02-28T00:30:14+00:00\",\"mainEntityOfPage\":{\"@id\":\"https:\/\/www.pressenza.com\/es\/2020\/02\/triunfo-historico-punta-querandi-obtendra-la-propiedad-comunitaria-de-su-territorio\/\"},\"wordCount\":778,\"publisher\":{\"@id\":\"https:\/\/www.pressenza.com\/es\/#organization\"},\"image\":{\"@id\":\"https:\/\/www.pressenza.com\/es\/2020\/02\/triunfo-historico-punta-querandi-obtendra-la-propiedad-comunitaria-de-su-territorio\/#primaryimage\"},\"thumbnailUrl\":\"https:\/\/www.pressenza.com\/wp-content\/uploads\/2020\/02\/Foto-Consejo-de-comunicacio\u0301n-Punta-Querandi\u0301.jpg\",\"keywords\":[\"Argentina\",\"indigenas\",\"Pueblos Originarios\",\"Punta Querand\u00ed\",\"territorios\",\"Tigre\"],\"articleSection\":[\"Comunicados de Prensa\",\"Pueblos Originarios\",\"Sudam\u00e9rica\"],\"inLanguage\":\"es\"},{\"@type\":\"WebPage\",\"@id\":\"https:\/\/www.pressenza.com\/es\/2020\/02\/triunfo-historico-punta-querandi-obtendra-la-propiedad-comunitaria-de-su-territorio\/\",\"url\":\"https:\/\/www.pressenza.com\/es\/2020\/02\/triunfo-historico-punta-querandi-obtendra-la-propiedad-comunitaria-de-su-territorio\/\",\"name\":\"Triunfo hist\u00f3rico: Punta Querand\u00ed obtendr\u00e1 la propiedad comunitaria de su territorio\",\"isPartOf\":{\"@id\":\"https:\/\/www.pressenza.com\/es\/#website\"},\"primaryImageOfPage\":{\"@id\":\"https:\/\/www.pressenza.com\/es\/2020\/02\/triunfo-historico-punta-querandi-obtendra-la-propiedad-comunitaria-de-su-territorio\/#primaryimage\"},\"image\":{\"@id\":\"https:\/\/www.pressenza.com\/es\/2020\/02\/triunfo-historico-punta-querandi-obtendra-la-propiedad-comunitaria-de-su-territorio\/#primaryimage\"},\"thumbnailUrl\":\"https:\/\/www.pressenza.com\/wp-content\/uploads\/2020\/02\/Foto-Consejo-de-comunicacio\u0301n-Punta-Querandi\u0301.jpg\",\"datePublished\":\"2020-02-28T00:30:14+00:00\",\"description\":\"Hist\u00f3rico acuerdo entre el municipio de Tigre y la Comunidad ind\u00edgena Punta Querand\u00ed Luego de una ardua lucha de m\u00e1s de una d\u00e9cada, en marzo se firmar\u00e1\",\"breadcrumb\":{\"@id\":\"https:\/\/www.pressenza.com\/es\/2020\/02\/triunfo-historico-punta-querandi-obtendra-la-propiedad-comunitaria-de-su-territorio\/#breadcrumb\"},\"inLanguage\":\"es\",\"potentialAction\":[{\"@type\":\"ReadAction\",\"target\":[\"https:\/\/www.pressenza.com\/es\/2020\/02\/triunfo-historico-punta-querandi-obtendra-la-propiedad-comunitaria-de-su-territorio\/\"]}]},{\"@type\":\"ImageObject\",\"inLanguage\":\"es\",\"@id\":\"https:\/\/www.pressenza.com\/es\/2020\/02\/triunfo-historico-punta-querandi-obtendra-la-propiedad-comunitaria-de-su-territorio\/#primaryimage\",\"url\":\"https:\/\/www.pressenza.com\/wp-content\/uploads\/2020\/02\/Foto-Consejo-de-comunicacio\u0301n-Punta-Querandi\u0301.jpg\",\"contentUrl\":\"https:\/\/www.pressenza.com\/wp-content\/uploads\/2020\/02\/Foto-Consejo-de-comunicacio\u0301n-Punta-Querandi\u0301.jpg\",\"width\":1024,\"height\":768},{\"@type\":\"BreadcrumbList\",\"@id\":\"https:\/\/www.pressenza.com\/es\/2020\/02\/triunfo-historico-punta-querandi-obtendra-la-propiedad-comunitaria-de-su-territorio\/#breadcrumb\",\"itemListElement\":[{\"@type\":\"ListItem\",\"position\":1,\"name\":\"Accueil\",\"item\":\"https:\/\/www.pressenza.com\/es\/\"},{\"@type\":\"ListItem\",\"position\":2,\"name\":\"Triunfo hist\u00f3rico: Punta Querand\u00ed obtendr\u00e1 la propiedad comunitaria de su territorio\"}]},{\"@type\":\"WebSite\",\"@id\":\"https:\/\/www.pressenza.com\/es\/#website\",\"url\":\"https:\/\/www.pressenza.com\/es\/\",\"name\":\"Pressenza\",\"description\":\"International Press Agency\",\"publisher\":{\"@id\":\"https:\/\/www.pressenza.com\/es\/#organization\"},\"potentialAction\":[{\"@type\":\"SearchAction\",\"target\":{\"@type\":\"EntryPoint\",\"urlTemplate\":\"https:\/\/www.pressenza.com\/es\/?s={search_term_string}\"},\"query-input\":{\"@type\":\"PropertyValueSpecification\",\"valueRequired\":true,\"valueName\":\"search_term_string\"}}],\"inLanguage\":\"es\"},{\"@type\":\"Organization\",\"@id\":\"https:\/\/www.pressenza.com\/es\/#organization\",\"name\":\"Pressenza\",\"url\":\"https:\/\/www.pressenza.com\/es\/\",\"logo\":{\"@type\":\"ImageObject\",\"inLanguage\":\"es\",\"@id\":\"https:\/\/www.pressenza.com\/es\/#\/schema\/logo\/image\/\",\"url\":\"https:\/\/www.pressenza.com\/wp-content\/uploads\/2022\/10\/pressenza_logo_200x200.jpg\",\"contentUrl\":\"https:\/\/www.pressenza.com\/wp-content\/uploads\/2022\/10\/pressenza_logo_200x200.jpg\",\"width\":200,\"height\":200,\"caption\":\"Pressenza\"},\"image\":{\"@id\":\"https:\/\/www.pressenza.com\/es\/#\/schema\/logo\/image\/\"},\"sameAs\":[\"https:\/\/www.facebook.com\/PressenzaItalia\",\"https:\/\/x.com\/PressenzaIPA\"]},{\"@type\":\"Person\",\"@id\":\"https:\/\/www.pressenza.com\/es\/#\/schema\/person\/738658b5125ecea661a8a0b96dba8b69\",\"name\":\"Redacci\u00f3n Mar del Plata\",\"description\":\"News published by the Pressenza bureau in Mar Del Plata, Argentina\",\"sameAs\":[\"https:\/\/www.facebook.com\/pressenza\",\"https:\/\/x.com\/Pressenza\"],\"url\":\"https:\/\/www.pressenza.com\/es\/author\/redaccion-mar-del-plata\/\"}]}<\/script>\n<!-- \/ Yoast SEO plugin. -->","yoast_head_json":{"title":"Triunfo hist\u00f3rico: Punta Querand\u00ed obtendr\u00e1 la propiedad comunitaria de su territorio","description":"Hist\u00f3rico acuerdo entre el municipio de Tigre y la Comunidad ind\u00edgena Punta Querand\u00ed Luego de una ardua lucha de m\u00e1s de una d\u00e9cada, en marzo se firmar\u00e1","robots":{"index":"index","follow":"follow","max-snippet":"max-snippet:-1","max-image-preview":"max-image-preview:large","max-video-preview":"max-video-preview:-1"},"canonical":"https:\/\/www.pressenza.com\/es\/2020\/02\/triunfo-historico-punta-querandi-obtendra-la-propiedad-comunitaria-de-su-territorio\/","og_locale":"es_ES","og_type":"article","og_title":"Triunfo hist\u00f3rico: Punta Querand\u00ed obtendr\u00e1 la propiedad comunitaria de su territorio","og_description":"Hist\u00f3rico acuerdo entre el municipio de Tigre y la Comunidad ind\u00edgena Punta Querand\u00ed Luego de una ardua lucha de m\u00e1s de una d\u00e9cada, en marzo se firmar\u00e1","og_url":"https:\/\/www.pressenza.com\/es\/2020\/02\/triunfo-historico-punta-querandi-obtendra-la-propiedad-comunitaria-de-su-territorio\/","og_site_name":"Pressenza","article_publisher":"https:\/\/www.facebook.com\/PressenzaItalia","article_author":"https:\/\/www.facebook.com\/pressenza","article_published_time":"2020-02-28T00:30:14+00:00","og_image":[{"width":1024,"height":768,"url":"https:\/\/www.pressenza.com\/wp-content\/uploads\/2020\/02\/Foto-Consejo-de-comunicacio\u0301n-Punta-Querandi\u0301.jpg","type":"image\/jpeg"}],"author":"Redacci\u00f3n Mar del Plata","twitter_card":"summary_large_image","twitter_creator":"@Pressenza","twitter_site":"@PressenzaIPA","twitter_misc":{"Escrito por":"Redacci\u00f3n Mar del Plata","Tiempo de lectura":"4 minutos"},"schema":{"@context":"https:\/\/schema.org","@graph":[{"@type":"Article","@id":"https:\/\/www.pressenza.com\/es\/2020\/02\/triunfo-historico-punta-querandi-obtendra-la-propiedad-comunitaria-de-su-territorio\/#article","isPartOf":{"@id":"https:\/\/www.pressenza.com\/es\/2020\/02\/triunfo-historico-punta-querandi-obtendra-la-propiedad-comunitaria-de-su-territorio\/"},"author":{"name":"Redacci\u00f3n Mar del Plata","@id":"https:\/\/www.pressenza.com\/es\/#\/schema\/person\/738658b5125ecea661a8a0b96dba8b69"},"headline":"Triunfo hist\u00f3rico: Punta Querand\u00ed obtendr\u00e1 la propiedad comunitaria de su territorio","datePublished":"2020-02-28T00:30:14+00:00","mainEntityOfPage":{"@id":"https:\/\/www.pressenza.com\/es\/2020\/02\/triunfo-historico-punta-querandi-obtendra-la-propiedad-comunitaria-de-su-territorio\/"},"wordCount":778,"publisher":{"@id":"https:\/\/www.pressenza.com\/es\/#organization"},"image":{"@id":"https:\/\/www.pressenza.com\/es\/2020\/02\/triunfo-historico-punta-querandi-obtendra-la-propiedad-comunitaria-de-su-territorio\/#primaryimage"},"thumbnailUrl":"https:\/\/www.pressenza.com\/wp-content\/uploads\/2020\/02\/Foto-Consejo-de-comunicacio\u0301n-Punta-Querandi\u0301.jpg","keywords":["Argentina","indigenas","Pueblos Originarios","Punta Querand\u00ed","territorios","Tigre"],"articleSection":["Comunicados de Prensa","Pueblos Originarios","Sudam\u00e9rica"],"inLanguage":"es"},{"@type":"WebPage","@id":"https:\/\/www.pressenza.com\/es\/2020\/02\/triunfo-historico-punta-querandi-obtendra-la-propiedad-comunitaria-de-su-territorio\/","url":"https:\/\/www.pressenza.com\/es\/2020\/02\/triunfo-historico-punta-querandi-obtendra-la-propiedad-comunitaria-de-su-territorio\/","name":"Triunfo hist\u00f3rico: Punta Querand\u00ed obtendr\u00e1 la propiedad comunitaria de su territorio","isPartOf":{"@id":"https:\/\/www.pressenza.com\/es\/#website"},"primaryImageOfPage":{"@id":"https:\/\/www.pressenza.com\/es\/2020\/02\/triunfo-historico-punta-querandi-obtendra-la-propiedad-comunitaria-de-su-territorio\/#primaryimage"},"image":{"@id":"https:\/\/www.pressenza.com\/es\/2020\/02\/triunfo-historico-punta-querandi-obtendra-la-propiedad-comunitaria-de-su-territorio\/#primaryimage"},"thumbnailUrl":"https:\/\/www.pressenza.com\/wp-content\/uploads\/2020\/02\/Foto-Consejo-de-comunicacio\u0301n-Punta-Querandi\u0301.jpg","datePublished":"2020-02-28T00:30:14+00:00","description":"Hist\u00f3rico acuerdo entre el municipio de Tigre y la Comunidad ind\u00edgena Punta Querand\u00ed Luego de una ardua lucha de m\u00e1s de una d\u00e9cada, en marzo se firmar\u00e1","breadcrumb":{"@id":"https:\/\/www.pressenza.com\/es\/2020\/02\/triunfo-historico-punta-querandi-obtendra-la-propiedad-comunitaria-de-su-territorio\/#breadcrumb"},"inLanguage":"es","potentialAction":[{"@type":"ReadAction","target":["https:\/\/www.pressenza.com\/es\/2020\/02\/triunfo-historico-punta-querandi-obtendra-la-propiedad-comunitaria-de-su-territorio\/"]}]},{"@type":"ImageObject","inLanguage":"es","@id":"https:\/\/www.pressenza.com\/es\/2020\/02\/triunfo-historico-punta-querandi-obtendra-la-propiedad-comunitaria-de-su-territorio\/#primaryimage","url":"https:\/\/www.pressenza.com\/wp-content\/uploads\/2020\/02\/Foto-Consejo-de-comunicacio\u0301n-Punta-Querandi\u0301.jpg","contentUrl":"https:\/\/www.pressenza.com\/wp-content\/uploads\/2020\/02\/Foto-Consejo-de-comunicacio\u0301n-Punta-Querandi\u0301.jpg","width":1024,"height":768},{"@type":"BreadcrumbList","@id":"https:\/\/www.pressenza.com\/es\/2020\/02\/triunfo-historico-punta-querandi-obtendra-la-propiedad-comunitaria-de-su-territorio\/#breadcrumb","itemListElement":[{"@type":"ListItem","position":1,"name":"Accueil","item":"https:\/\/www.pressenza.com\/es\/"},{"@type":"ListItem","position":2,"name":"Triunfo hist\u00f3rico: Punta Querand\u00ed obtendr\u00e1 la propiedad comunitaria de su territorio"}]},{"@type":"WebSite","@id":"https:\/\/www.pressenza.com\/es\/#website","url":"https:\/\/www.pressenza.com\/es\/","name":"Pressenza","description":"International Press Agency","publisher":{"@id":"https:\/\/www.pressenza.com\/es\/#organization"},"potentialAction":[{"@type":"SearchAction","target":{"@type":"EntryPoint","urlTemplate":"https:\/\/www.pressenza.com\/es\/?s={search_term_string}"},"query-input":{"@type":"PropertyValueSpecification","valueRequired":true,"valueName":"search_term_string"}}],"inLanguage":"es"},{"@type":"Organization","@id":"https:\/\/www.pressenza.com\/es\/#organization","name":"Pressenza","url":"https:\/\/www.pressenza.com\/es\/","logo":{"@type":"ImageObject","inLanguage":"es","@id":"https:\/\/www.pressenza.com\/es\/#\/schema\/logo\/image\/","url":"https:\/\/www.pressenza.com\/wp-content\/uploads\/2022\/10\/pressenza_logo_200x200.jpg","contentUrl":"https:\/\/www.pressenza.com\/wp-content\/uploads\/2022\/10\/pressenza_logo_200x200.jpg","width":200,"height":200,"caption":"Pressenza"},"image":{"@id":"https:\/\/www.pressenza.com\/es\/#\/schema\/logo\/image\/"},"sameAs":["https:\/\/www.facebook.com\/PressenzaItalia","https:\/\/x.com\/PressenzaIPA"]},{"@type":"Person","@id":"https:\/\/www.pressenza.com\/es\/#\/schema\/person\/738658b5125ecea661a8a0b96dba8b69","name":"Redacci\u00f3n Mar del Plata","description":"News published by the Pressenza bureau in Mar Del Plata, Argentina","sameAs":["https:\/\/www.facebook.com\/pressenza","https:\/\/x.com\/Pressenza"],"url":"https:\/\/www.pressenza.com\/es\/author\/redaccion-mar-del-plata\/"}]}},"place":"Argentina","original_article_url":"","_links":{"self":[{"href":"https:\/\/www.pressenza.com\/es\/wp-json\/wp\/v2\/posts\/1044817","targetHints":{"allow":["GET"]}}],"collection":[{"href":"https:\/\/www.pressenza.com\/es\/wp-json\/wp\/v2\/posts"}],"about":[{"href":"https:\/\/www.pressenza.com\/es\/wp-json\/wp\/v2\/types\/post"}],"author":[{"embeddable":true,"href":"https:\/\/www.pressenza.com\/es\/wp-json\/wp\/v2\/users\/1254"}],"replies":[{"embeddable":true,"href":"https:\/\/www.pressenza.com\/es\/wp-json\/wp\/v2\/comments?post=1044817"}],"version-history":[{"count":0,"href":"https:\/\/www.pressenza.com\/es\/wp-json\/wp\/v2\/posts\/1044817\/revisions"}],"wp:featuredmedia":[{"embeddable":true,"href":"https:\/\/www.pressenza.com\/es\/wp-json\/wp\/v2\/media\/1044831"}],"wp:attachment":[{"href":"https:\/\/www.pressenza.com\/es\/wp-json\/wp\/v2\/media?parent=1044817"}],"wp:term":[{"taxonomy":"category","embeddable":true,"href":"https:\/\/www.pressenza.com\/es\/wp-json\/wp\/v2\/categories?post=1044817"},{"taxonomy":"post_tag","embeddable":true,"href":"https:\/\/www.pressenza.com\/es\/wp-json\/wp\/v2\/tags?post=1044817"}],"curies":[{"name":"wp","href":"https:\/\/api.w.org\/{rel}","templated":true}]}}