{"id":1043,"date":"2009-08-24T00:00:00","date_gmt":"2009-08-24T00:00:00","guid":{"rendered":""},"modified":"2009-09-28T05:01:03","modified_gmt":"2009-09-28T05:01:03","slug":"ricardo-tapiax-xel-pilar-de-la-no-violencia-es-la-educacixnx-yo-adhiero-desde-ahxx","status":"publish","type":"post","link":"https:\/\/www.pressenza.com\/es\/2009\/08\/ricardo-tapiax-xel-pilar-de-la-no-violencia-es-la-educacixnx-yo-adhiero-desde-ahxx\/","title":{"rendered":"Ricardo Tapia: \u201cel pilar de la No-Violencia es la educaci\u00f3n, yo adhiero desde ah\u00ed\u201d"},"content":{"rendered":"<p>La Mississippi Blues Band, una de las bandas de blues m\u00e1s prestigiosas de Argentina, est\u00e1 de festejo. Con un disco en vivo celebran sus 20 a\u00f1os con la m\u00fasica, en el que participan entre otros La Mancha de Rolando, Don Vilanova, Non Palidece, Daniel Raffo, Ricardo Mollo y B\u00e1rbara Dixon. Preparan para setiembre la presentaci\u00f3n del disco. <\/p>\n<p>El pasado s\u00e1bado Ricardo Tapia, cantante y l\u00edder de la banda dialog\u00f3  con \u201cComunicaci\u00f3n Directa\u201d por FM de la Azotea de Mar del Plata y respondi\u00f3 a todos los temas propuestos. <\/p>\n<p>Con respecto a su adhesi\u00f3n a la Marcha Mundial por la Paz y la No Violencia, destac\u00f3 que el pilar de la no-violencia es la educaci\u00f3n. \u00abHay que entender la cultura que uno vive para dejar de ser violento. La violencia es esencialmente contra uno mismo. Hay que educar en forma real y no formal. Es necesario profundizar y desactivar el proceso violento y hacer ver todo lo que se gana siendo no-violento\u00bb, afirm\u00f3 el m\u00fasico.  <\/p>\n<p>Adem\u00e1s, resalt\u00f3 los objetivos de la Marcha Mundial y alent\u00f3 que todo el trabajo que se est\u00e1 haciendo rinda sus frutos. <\/p>\n<p>Sobre el momento actual de la m\u00fasica popular y en especial del rock, en la entrevista Tapia destac\u00f3 que siempre est\u00e1n surgiendo nuevos artistas y hay un movimiento permanente en ese sentido. Sin embargo, dijo, hay menos lugares para poder actuar. <\/p>\n<p>Al ser consultado sobre la llamada \u201cfutbolizaci\u00f3n\u201d del rock, explic\u00f3 que existi\u00f3 una necesidad de participaci\u00f3n de la gente, en muchos casos exagerada, y en algunos grupos se dio el caso en que el p\u00fablico pasa a ser mas protagonista que el artista y eso se va un poco de las manos.  <\/p>\n","protected":false},"excerpt":{"rendered":"<p>El cantante de la banda argentina \u201cLa Mississippi Blues Band\u201d afirm\u00f3 que \u201clo m\u00e1s importante es la educaci\u00f3n por la No- Violencia. Es importante profundizar el tema de la No-Violencia en la educaci\u00f3n y trabajar sobre la violencia personal en las escuelas\u201d. Su agrupaci\u00f3n musical festeja  los 20 a\u00f1os con una producci\u00f3n junto a reconocidos m\u00fasicos argentinos. <\/p>\n","protected":false},"author":19,"featured_media":0,"comment_status":"closed","ping_status":"open","sticky":false,"template":"","format":"standard","meta":{"footnotes":""},"categories":[75,155,67],"tags":[],"class_list":["post-1043","post","type-post","status-publish","format-standard","hentry","category-cultura-es","category-entrevistas","category-sudamerica"],"yoast_head":"<!-- This site is optimized with the Yoast SEO plugin v27.1.1 - https:\/\/yoast.com\/product\/yoast-seo-wordpress\/ -->\n<title>Ricardo Tapia: \u201cel pilar de la No-Violencia es la educaci\u00f3n, yo adhiero desde ah\u00ed\u201d<\/title>\n<meta name=\"description\" content=\"El cantante de la banda argentina \u201cLa Mississippi Blues Band\u201d afirm\u00f3 que \u201clo m\u00e1s importante es la educaci\u00f3n por la No- Violencia. Es importante profundizar el tema de la No-Violencia en la educaci\u00f3n y trabajar sobre la violencia personal en las escuelas\u201d. Su agrupaci\u00f3n musical festeja los 20 a\u00f1os con una producci\u00f3n junto a reconocidos m\u00fasicos argentinos.\" \/>\n<meta name=\"robots\" content=\"index, follow, max-snippet:-1, max-image-preview:large, max-video-preview:-1\" \/>\n<link rel=\"canonical\" href=\"https:\/\/www.pressenza.com\/es\/2009\/08\/ricardo-tapiax-xel-pilar-de-la-no-violencia-es-la-educacixnx-yo-adhiero-desde-ahxx\/\" \/>\n<meta property=\"og:locale\" content=\"es_ES\" \/>\n<meta property=\"og:type\" content=\"article\" \/>\n<meta property=\"og:title\" content=\"Ricardo Tapia: \u201cel pilar de la No-Violencia es la educaci\u00f3n, yo adhiero desde ah\u00ed\u201d\" \/>\n<meta property=\"og:description\" content=\"El cantante de la banda argentina \u201cLa Mississippi Blues Band\u201d afirm\u00f3 que \u201clo m\u00e1s importante es la educaci\u00f3n por la No- Violencia. Es importante profundizar el tema de la No-Violencia en la educaci\u00f3n y trabajar sobre la violencia personal en las escuelas\u201d. Su agrupaci\u00f3n musical festeja los 20 a\u00f1os con una producci\u00f3n junto a reconocidos m\u00fasicos argentinos.\" \/>\n<meta property=\"og:url\" content=\"https:\/\/www.pressenza.com\/es\/2009\/08\/ricardo-tapiax-xel-pilar-de-la-no-violencia-es-la-educacixnx-yo-adhiero-desde-ahxx\/\" \/>\n<meta property=\"og:site_name\" content=\"Pressenza\" \/>\n<meta property=\"article:publisher\" content=\"https:\/\/www.facebook.com\/PressenzaItalia\" \/>\n<meta property=\"article:author\" content=\"https:\/\/www.facebook.com\/pressenza\" \/>\n<meta property=\"article:published_time\" content=\"2009-08-24T00:00:00+00:00\" \/>\n<meta property=\"article:modified_time\" content=\"2009-09-28T05:01:03+00:00\" \/>\n<meta name=\"author\" content=\"Pressenza IPA\" \/>\n<meta name=\"twitter:card\" content=\"summary_large_image\" \/>\n<meta name=\"twitter:creator\" content=\"@PressenzaIPA\" \/>\n<meta name=\"twitter:site\" content=\"@PressenzaIPA\" \/>\n<meta name=\"twitter:label1\" content=\"Escrito por\" \/>\n\t<meta name=\"twitter:data1\" content=\"Pressenza IPA\" \/>\n\t<meta name=\"twitter:label2\" content=\"Tiempo de lectura\" \/>\n\t<meta name=\"twitter:data2\" content=\"1 minuto\" \/>\n<script type=\"application\/ld+json\" class=\"yoast-schema-graph\">{\"@context\":\"https:\/\/schema.org\",\"@graph\":[{\"@type\":\"Article\",\"@id\":\"https:\/\/www.pressenza.com\/es\/2009\/08\/ricardo-tapiax-xel-pilar-de-la-no-violencia-es-la-educacixnx-yo-adhiero-desde-ahxx\/#article\",\"isPartOf\":{\"@id\":\"https:\/\/www.pressenza.com\/es\/2009\/08\/ricardo-tapiax-xel-pilar-de-la-no-violencia-es-la-educacixnx-yo-adhiero-desde-ahxx\/\"},\"author\":{\"name\":\"Pressenza IPA\",\"@id\":\"https:\/\/www.pressenza.com\/es\/#\/schema\/person\/010e5d02bcf40965427a1289a4cc8d75\"},\"headline\":\"Ricardo Tapia: \u201cel pilar de la No-Violencia es la educaci\u00f3n, yo adhiero desde ah\u00ed\u201d\",\"datePublished\":\"2009-08-24T00:00:00+00:00\",\"dateModified\":\"2009-09-28T05:01:03+00:00\",\"mainEntityOfPage\":{\"@id\":\"https:\/\/www.pressenza.com\/es\/2009\/08\/ricardo-tapiax-xel-pilar-de-la-no-violencia-es-la-educacixnx-yo-adhiero-desde-ahxx\/\"},\"wordCount\":309,\"publisher\":{\"@id\":\"https:\/\/www.pressenza.com\/es\/#organization\"},\"articleSection\":[\"Cultura y Medios\",\"Entrevistas\",\"Sudam\u00e9rica\"],\"inLanguage\":\"es\"},{\"@type\":\"WebPage\",\"@id\":\"https:\/\/www.pressenza.com\/es\/2009\/08\/ricardo-tapiax-xel-pilar-de-la-no-violencia-es-la-educacixnx-yo-adhiero-desde-ahxx\/\",\"url\":\"https:\/\/www.pressenza.com\/es\/2009\/08\/ricardo-tapiax-xel-pilar-de-la-no-violencia-es-la-educacixnx-yo-adhiero-desde-ahxx\/\",\"name\":\"Ricardo Tapia: \u201cel pilar de la No-Violencia es la educaci\u00f3n, yo adhiero desde ah\u00ed\u201d\",\"isPartOf\":{\"@id\":\"https:\/\/www.pressenza.com\/es\/#website\"},\"datePublished\":\"2009-08-24T00:00:00+00:00\",\"dateModified\":\"2009-09-28T05:01:03+00:00\",\"description\":\"El cantante de la banda argentina \u201cLa Mississippi Blues Band\u201d afirm\u00f3 que \u201clo m\u00e1s importante es la educaci\u00f3n por la No- Violencia. Es importante profundizar el tema de la No-Violencia en la educaci\u00f3n y trabajar sobre la violencia personal en las escuelas\u201d. Su agrupaci\u00f3n musical festeja los 20 a\u00f1os con una producci\u00f3n junto a reconocidos m\u00fasicos argentinos.\",\"breadcrumb\":{\"@id\":\"https:\/\/www.pressenza.com\/es\/2009\/08\/ricardo-tapiax-xel-pilar-de-la-no-violencia-es-la-educacixnx-yo-adhiero-desde-ahxx\/#breadcrumb\"},\"inLanguage\":\"es\",\"potentialAction\":[{\"@type\":\"ReadAction\",\"target\":[\"https:\/\/www.pressenza.com\/es\/2009\/08\/ricardo-tapiax-xel-pilar-de-la-no-violencia-es-la-educacixnx-yo-adhiero-desde-ahxx\/\"]}]},{\"@type\":\"BreadcrumbList\",\"@id\":\"https:\/\/www.pressenza.com\/es\/2009\/08\/ricardo-tapiax-xel-pilar-de-la-no-violencia-es-la-educacixnx-yo-adhiero-desde-ahxx\/#breadcrumb\",\"itemListElement\":[{\"@type\":\"ListItem\",\"position\":1,\"name\":\"Accueil\",\"item\":\"https:\/\/www.pressenza.com\/es\/\"},{\"@type\":\"ListItem\",\"position\":2,\"name\":\"Ricardo Tapia: \u201cel pilar de la No-Violencia es la educaci\u00f3n, yo adhiero desde ah\u00ed\u201d\"}]},{\"@type\":\"WebSite\",\"@id\":\"https:\/\/www.pressenza.com\/es\/#website\",\"url\":\"https:\/\/www.pressenza.com\/es\/\",\"name\":\"Pressenza\",\"description\":\"International Press Agency\",\"publisher\":{\"@id\":\"https:\/\/www.pressenza.com\/es\/#organization\"},\"potentialAction\":[{\"@type\":\"SearchAction\",\"target\":{\"@type\":\"EntryPoint\",\"urlTemplate\":\"https:\/\/www.pressenza.com\/es\/?s={search_term_string}\"},\"query-input\":{\"@type\":\"PropertyValueSpecification\",\"valueRequired\":true,\"valueName\":\"search_term_string\"}}],\"inLanguage\":\"es\"},{\"@type\":\"Organization\",\"@id\":\"https:\/\/www.pressenza.com\/es\/#organization\",\"name\":\"Pressenza\",\"url\":\"https:\/\/www.pressenza.com\/es\/\",\"logo\":{\"@type\":\"ImageObject\",\"inLanguage\":\"es\",\"@id\":\"https:\/\/www.pressenza.com\/es\/#\/schema\/logo\/image\/\",\"url\":\"https:\/\/www.pressenza.com\/wp-content\/uploads\/2022\/10\/pressenza_logo_200x200.jpg\",\"contentUrl\":\"https:\/\/www.pressenza.com\/wp-content\/uploads\/2022\/10\/pressenza_logo_200x200.jpg\",\"width\":200,\"height\":200,\"caption\":\"Pressenza\"},\"image\":{\"@id\":\"https:\/\/www.pressenza.com\/es\/#\/schema\/logo\/image\/\"},\"sameAs\":[\"https:\/\/www.facebook.com\/PressenzaItalia\",\"https:\/\/x.com\/PressenzaIPA\"]},{\"@type\":\"Person\",\"@id\":\"https:\/\/www.pressenza.com\/es\/#\/schema\/person\/010e5d02bcf40965427a1289a4cc8d75\",\"name\":\"Pressenza IPA\",\"description\":\"News from Pressenza IPA correspondents\",\"sameAs\":[\"https:\/\/www.facebook.com\/pressenza\",\"https:\/\/x.com\/PressenzaIPA\"],\"url\":\"https:\/\/www.pressenza.com\/es\/author\/pressenza-ipa\/\"}]}<\/script>\n<!-- \/ Yoast SEO plugin. -->","yoast_head_json":{"title":"Ricardo Tapia: \u201cel pilar de la No-Violencia es la educaci\u00f3n, yo adhiero desde ah\u00ed\u201d","description":"El cantante de la banda argentina \u201cLa Mississippi Blues Band\u201d afirm\u00f3 que \u201clo m\u00e1s importante es la educaci\u00f3n por la No- Violencia. Es importante profundizar el tema de la No-Violencia en la educaci\u00f3n y trabajar sobre la violencia personal en las escuelas\u201d. Su agrupaci\u00f3n musical festeja los 20 a\u00f1os con una producci\u00f3n junto a reconocidos m\u00fasicos argentinos.","robots":{"index":"index","follow":"follow","max-snippet":"max-snippet:-1","max-image-preview":"max-image-preview:large","max-video-preview":"max-video-preview:-1"},"canonical":"https:\/\/www.pressenza.com\/es\/2009\/08\/ricardo-tapiax-xel-pilar-de-la-no-violencia-es-la-educacixnx-yo-adhiero-desde-ahxx\/","og_locale":"es_ES","og_type":"article","og_title":"Ricardo Tapia: \u201cel pilar de la No-Violencia es la educaci\u00f3n, yo adhiero desde ah\u00ed\u201d","og_description":"El cantante de la banda argentina \u201cLa Mississippi Blues Band\u201d afirm\u00f3 que \u201clo m\u00e1s importante es la educaci\u00f3n por la No- Violencia. Es importante profundizar el tema de la No-Violencia en la educaci\u00f3n y trabajar sobre la violencia personal en las escuelas\u201d. Su agrupaci\u00f3n musical festeja los 20 a\u00f1os con una producci\u00f3n junto a reconocidos m\u00fasicos argentinos.","og_url":"https:\/\/www.pressenza.com\/es\/2009\/08\/ricardo-tapiax-xel-pilar-de-la-no-violencia-es-la-educacixnx-yo-adhiero-desde-ahxx\/","og_site_name":"Pressenza","article_publisher":"https:\/\/www.facebook.com\/PressenzaItalia","article_author":"https:\/\/www.facebook.com\/pressenza","article_published_time":"2009-08-24T00:00:00+00:00","article_modified_time":"2009-09-28T05:01:03+00:00","author":"Pressenza IPA","twitter_card":"summary_large_image","twitter_creator":"@PressenzaIPA","twitter_site":"@PressenzaIPA","twitter_misc":{"Escrito por":"Pressenza IPA","Tiempo de lectura":"1 minuto"},"schema":{"@context":"https:\/\/schema.org","@graph":[{"@type":"Article","@id":"https:\/\/www.pressenza.com\/es\/2009\/08\/ricardo-tapiax-xel-pilar-de-la-no-violencia-es-la-educacixnx-yo-adhiero-desde-ahxx\/#article","isPartOf":{"@id":"https:\/\/www.pressenza.com\/es\/2009\/08\/ricardo-tapiax-xel-pilar-de-la-no-violencia-es-la-educacixnx-yo-adhiero-desde-ahxx\/"},"author":{"name":"Pressenza IPA","@id":"https:\/\/www.pressenza.com\/es\/#\/schema\/person\/010e5d02bcf40965427a1289a4cc8d75"},"headline":"Ricardo Tapia: \u201cel pilar de la No-Violencia es la educaci\u00f3n, yo adhiero desde ah\u00ed\u201d","datePublished":"2009-08-24T00:00:00+00:00","dateModified":"2009-09-28T05:01:03+00:00","mainEntityOfPage":{"@id":"https:\/\/www.pressenza.com\/es\/2009\/08\/ricardo-tapiax-xel-pilar-de-la-no-violencia-es-la-educacixnx-yo-adhiero-desde-ahxx\/"},"wordCount":309,"publisher":{"@id":"https:\/\/www.pressenza.com\/es\/#organization"},"articleSection":["Cultura y Medios","Entrevistas","Sudam\u00e9rica"],"inLanguage":"es"},{"@type":"WebPage","@id":"https:\/\/www.pressenza.com\/es\/2009\/08\/ricardo-tapiax-xel-pilar-de-la-no-violencia-es-la-educacixnx-yo-adhiero-desde-ahxx\/","url":"https:\/\/www.pressenza.com\/es\/2009\/08\/ricardo-tapiax-xel-pilar-de-la-no-violencia-es-la-educacixnx-yo-adhiero-desde-ahxx\/","name":"Ricardo Tapia: \u201cel pilar de la No-Violencia es la educaci\u00f3n, yo adhiero desde ah\u00ed\u201d","isPartOf":{"@id":"https:\/\/www.pressenza.com\/es\/#website"},"datePublished":"2009-08-24T00:00:00+00:00","dateModified":"2009-09-28T05:01:03+00:00","description":"El cantante de la banda argentina \u201cLa Mississippi Blues Band\u201d afirm\u00f3 que \u201clo m\u00e1s importante es la educaci\u00f3n por la No- Violencia. Es importante profundizar el tema de la No-Violencia en la educaci\u00f3n y trabajar sobre la violencia personal en las escuelas\u201d. Su agrupaci\u00f3n musical festeja los 20 a\u00f1os con una producci\u00f3n junto a reconocidos m\u00fasicos argentinos.","breadcrumb":{"@id":"https:\/\/www.pressenza.com\/es\/2009\/08\/ricardo-tapiax-xel-pilar-de-la-no-violencia-es-la-educacixnx-yo-adhiero-desde-ahxx\/#breadcrumb"},"inLanguage":"es","potentialAction":[{"@type":"ReadAction","target":["https:\/\/www.pressenza.com\/es\/2009\/08\/ricardo-tapiax-xel-pilar-de-la-no-violencia-es-la-educacixnx-yo-adhiero-desde-ahxx\/"]}]},{"@type":"BreadcrumbList","@id":"https:\/\/www.pressenza.com\/es\/2009\/08\/ricardo-tapiax-xel-pilar-de-la-no-violencia-es-la-educacixnx-yo-adhiero-desde-ahxx\/#breadcrumb","itemListElement":[{"@type":"ListItem","position":1,"name":"Accueil","item":"https:\/\/www.pressenza.com\/es\/"},{"@type":"ListItem","position":2,"name":"Ricardo Tapia: \u201cel pilar de la No-Violencia es la educaci\u00f3n, yo adhiero desde ah\u00ed\u201d"}]},{"@type":"WebSite","@id":"https:\/\/www.pressenza.com\/es\/#website","url":"https:\/\/www.pressenza.com\/es\/","name":"Pressenza","description":"International Press Agency","publisher":{"@id":"https:\/\/www.pressenza.com\/es\/#organization"},"potentialAction":[{"@type":"SearchAction","target":{"@type":"EntryPoint","urlTemplate":"https:\/\/www.pressenza.com\/es\/?s={search_term_string}"},"query-input":{"@type":"PropertyValueSpecification","valueRequired":true,"valueName":"search_term_string"}}],"inLanguage":"es"},{"@type":"Organization","@id":"https:\/\/www.pressenza.com\/es\/#organization","name":"Pressenza","url":"https:\/\/www.pressenza.com\/es\/","logo":{"@type":"ImageObject","inLanguage":"es","@id":"https:\/\/www.pressenza.com\/es\/#\/schema\/logo\/image\/","url":"https:\/\/www.pressenza.com\/wp-content\/uploads\/2022\/10\/pressenza_logo_200x200.jpg","contentUrl":"https:\/\/www.pressenza.com\/wp-content\/uploads\/2022\/10\/pressenza_logo_200x200.jpg","width":200,"height":200,"caption":"Pressenza"},"image":{"@id":"https:\/\/www.pressenza.com\/es\/#\/schema\/logo\/image\/"},"sameAs":["https:\/\/www.facebook.com\/PressenzaItalia","https:\/\/x.com\/PressenzaIPA"]},{"@type":"Person","@id":"https:\/\/www.pressenza.com\/es\/#\/schema\/person\/010e5d02bcf40965427a1289a4cc8d75","name":"Pressenza IPA","description":"News from Pressenza IPA correspondents","sameAs":["https:\/\/www.facebook.com\/pressenza","https:\/\/x.com\/PressenzaIPA"],"url":"https:\/\/www.pressenza.com\/es\/author\/pressenza-ipa\/"}]}},"place":"Mar de Plata","original_article_url":"","_links":{"self":[{"href":"https:\/\/www.pressenza.com\/es\/wp-json\/wp\/v2\/posts\/1043","targetHints":{"allow":["GET"]}}],"collection":[{"href":"https:\/\/www.pressenza.com\/es\/wp-json\/wp\/v2\/posts"}],"about":[{"href":"https:\/\/www.pressenza.com\/es\/wp-json\/wp\/v2\/types\/post"}],"author":[{"embeddable":true,"href":"https:\/\/www.pressenza.com\/es\/wp-json\/wp\/v2\/users\/19"}],"replies":[{"embeddable":true,"href":"https:\/\/www.pressenza.com\/es\/wp-json\/wp\/v2\/comments?post=1043"}],"version-history":[{"count":0,"href":"https:\/\/www.pressenza.com\/es\/wp-json\/wp\/v2\/posts\/1043\/revisions"}],"wp:attachment":[{"href":"https:\/\/www.pressenza.com\/es\/wp-json\/wp\/v2\/media?parent=1043"}],"wp:term":[{"taxonomy":"category","embeddable":true,"href":"https:\/\/www.pressenza.com\/es\/wp-json\/wp\/v2\/categories?post=1043"},{"taxonomy":"post_tag","embeddable":true,"href":"https:\/\/www.pressenza.com\/es\/wp-json\/wp\/v2\/tags?post=1043"}],"curies":[{"name":"wp","href":"https:\/\/api.w.org\/{rel}","templated":true}]}}