{"id":104158,"date":"2014-04-29T15:05:40","date_gmt":"2014-04-29T14:05:40","guid":{"rendered":"http:\/\/www.pressenza.com\/?p=104158"},"modified":"2014-04-29T15:05:40","modified_gmt":"2014-04-29T14:05:40","slug":"sobre-piquetes-y-derechos","status":"publish","type":"post","link":"https:\/\/www.pressenza.com\/es\/2014\/04\/sobre-piquetes-y-derechos\/","title":{"rendered":"Sobre piquetes y derechos"},"content":{"rendered":"<p>Dec\u00eda mi maestro Silo que \u201cun n\u00famero es distinto a s\u00ed mismo seg\u00fan tengas que dar o recibir\u201d. Igual concepto podemos aplicar en t\u00e9rminos de derechos. Distinta vara aplicamos seg\u00fan se trate de ejercer los propios derechos o aceptar, en igualdad, que otros ejerzan los suyos.<\/p>\n<p>\u201cLibertinaje\u201d no es ni m\u00e1s ni menos que el t\u00e9rmino que acu\u00f1aron los precursores, sostenedores y justificadores de la desigualdad a la hora de referirse a la libertad de los \u201cotros\u201d. Gran parte de la conflictividad social de nuestros d\u00edas tiene como base esa mirada naturalizadora de la desigualdad y por tanto de la violencia.<\/p>\n<p>Los defensores de la libertad de expresi\u00f3n (para s\u00ed), que manipularon tan elemental derecho para defender los monopolios de la informaci\u00f3n y la comunicaci\u00f3n reaccionaron de modo virulento frente a lo que consideraron la afectaci\u00f3n, limitaci\u00f3n o cercenamiento del derecho ante la normativa promovida por el Estado. No hay l\u00edmite a la libertad de expresi\u00f3n, ni siquiera cuando en su nombre se difama, se miente, se acusa falsa e impunemente, envenenando la vida de millones de personas. Es el derecho a la libertad de expresi\u00f3n.<\/p>\n<p>Y s\u00ed. Aun a riesgo de estos atropellos, elegimos, por sobre todo, defender el pleno ejercicio de ese derecho.<\/p>\n<p>La protesta social en espacios p\u00fablicos no es ni m\u00e1s ni menos que el ejercicio del derecho a la libre expresi\u00f3n cuando se vulneran o desconocen derechos humanos b\u00e1sicos. Personalmente, creo que es necesario inspirarse para dise\u00f1ar nuevas metodolog\u00edas, propias del momento actual, del pa\u00eds actual. Los piquetes como forma de protesta nacieron en una \u00e9poca en que no estaba la posibilidad de efectivizar derechos b\u00e1sicos, ni exist\u00edan \u00e1mbitos donde participar, discutir nada, ni pol\u00edticas, ni salarios, ni nada, ni siquiera d\u00f3nde defender el patrimonio de todos, del que fuimos salvajemente despojados. Un tiempo donde no hab\u00eda soberan\u00eda ni dignidad.<\/p>\n<p>Negar las abismales diferencias entre aquel pa\u00eds y \u00e9ste es caer en la insensatez. Entonces se cortaba una ruta frente a la sordera mental de pol\u00edticos y funcionarios, muchos de los cuales hoy, en el discurso, se suben al caballo del combate de la pobreza y la desigualdad.<\/p>\n<p>La no represi\u00f3n de la protesta social fue una decisi\u00f3n de gran trascendencia tomada por el gobierno de Kirchner, tan trascendente como riesgosa en tanto pudiera ser utilizada (y lo fue) por los detractores para ponerla a prueba mediante la provocaci\u00f3n permanente, buscando doblar la vara hasta romperla. Es ese intento el que hoy vemos en muchas manifestaciones que no nacen de un conflicto social ni son espont\u00e1neas.<\/p>\n<p>Las manifestaciones callejeras de los conflictos verdaderos \u2013que los hay, y enhorabuena ya que motorizan el cambio\u2013 buscan hacer socialmente visible el conflicto y llamar la atenci\u00f3n de quienes deben atenderlo y resolverlo, y no lo hacen.<\/p>\n<p>Y no hay medio de comunicaci\u00f3n que tenga un canal abierto para ello. El canal se abre (a veces) cuando el conflicto est\u00e1 en la calle. En este t\u00f3pico considero que la plena vigencia e implementaci\u00f3n de la Ley de Servicios de Comunicaci\u00f3n Audiovisual cumplir\u00e1 en gran medida con esa funci\u00f3n para que todos los sectores tengan voz, posibilitando dar otra direcci\u00f3n a los reclamos. Entre tanto, hay extremos.<\/p>\n<p>Muchas veces hasta en los conflictos entre particulares terminan utilizando los mismos m\u00e9todos o bien se opta por saltar instancias de di\u00e1logo y negociaci\u00f3n para instalar primero el conflicto en la calle, y desde ah\u00ed pedir el di\u00e1logo. Hace tiempo que esta metodolog\u00eda de reclamo y visibilizaci\u00f3n se ha ido desgastando.<\/p>\n<p>En 2001, los vecinos daban ayuda solidaria y acompa\u00f1aban a quienes acampaban en un corte de ruta. Hoy los repudian y terminan deslegitimando reclamos absolutamente justos. Reglamentar ese derecho como se pretende corre el riesgo de caer en situaciones de cumplimiento imposible o absurdas. Creo que tenemos un problema cultural que no se resuelve con reglamentaci\u00f3n. Hay una sociedad que tendr\u00e1 que empezar a mirarse un poco a s\u00ed misma, y empezar a tomar conciencia de los riesgos que est\u00e1 corriendo empantanada como est\u00e1 en un individualismo sin salida.<\/p>\n<p>M\u00e1s que reclamar por nuevas normas necesita tomar conciencia del rol social que le toca en el cumplimiento de la ley. De lo contrario vamos en el mismo camino que con los linchamientos. Estos actos primitivos no se producen por defecto de la ley o la Justicia como falsamente se invoca para tratar de justificarlos. Son actos que denotan el grado de violencia que hay en las conciencias. Cuando los manifestantes piqueteros arrojan por un puente a una persona, no es porque les indigna que no respete su derecho a protestar, es porque el germen de la violencia est\u00e1 instalado, es esto lo que resulta urgente empezar a reconocer al interior de nuestra sociedad, de nuestro medio inmediato y de nuestra propia conciencia.<\/p>\n<p>Y no hay justificaci\u00f3n alguna para la deshumanizaci\u00f3n, tiene causales que explican que hayamos llegado a esta situaci\u00f3n, pero no tiene justificaci\u00f3n en tanto implica la negaci\u00f3n misma de la vida, de la propia y la de otros. Ese no es el camino, eso es el abismo.<\/p>\n<p>Y el cambio de direcci\u00f3n no est\u00e1 ni en una ley ni en un gobierno, est\u00e1 en nuestras manos. Hay que animarse y humanizarse. Hay que animarse a correrse del camino que nos marcan los envenenadores de la vida y elegir definitivamente la construcci\u00f3n de una cultura no violenta.<\/p>\n<p>* Dirigente del Partido Humanista. Directora general de Relaciones Institucionales del H. Senado de la Naci\u00f3n.<\/p>\n<p>Fuente: P\u00e1gina 12.<\/p>\n","protected":false},"excerpt":{"rendered":"<p>Dec\u00eda mi maestro Silo que \u201cun n\u00famero es distinto a s\u00ed mismo seg\u00fan tengas que dar o recibir\u201d. Igual concepto podemos aplicar en t\u00e9rminos de derechos. Distinta vara aplicamos seg\u00fan se trate de ejercer los propios derechos o aceptar, en&hellip;<\/p>\n","protected":false},"author":414,"featured_media":0,"comment_status":"closed","ping_status":"open","sticky":false,"template":"","format":"standard","meta":{"footnotes":""},"categories":[1242,74,67],"tags":[],"class_list":["post-104158","post","type-post","status-publish","format-standard","hentry","category-noviolencia-tema","category-politica-es","category-sudamerica"],"yoast_head":"<!-- This site is optimized with the Yoast SEO plugin v27.1.1 - https:\/\/yoast.com\/product\/yoast-seo-wordpress\/ -->\n<title>Sobre piquetes y derechos<\/title>\n<meta name=\"description\" content=\"Dec\u00eda mi maestro Silo que \u201cun n\u00famero es distinto a s\u00ed mismo seg\u00fan tengas que dar o recibir\u201d. Igual concepto podemos aplicar en t\u00e9rminos de derechos.\" \/>\n<meta name=\"robots\" content=\"index, follow, max-snippet:-1, max-image-preview:large, max-video-preview:-1\" \/>\n<link rel=\"canonical\" href=\"https:\/\/www.pressenza.com\/es\/2014\/04\/sobre-piquetes-y-derechos\/\" \/>\n<meta property=\"og:locale\" content=\"es_ES\" \/>\n<meta property=\"og:type\" content=\"article\" \/>\n<meta property=\"og:title\" content=\"Sobre piquetes y derechos\" \/>\n<meta property=\"og:description\" content=\"Dec\u00eda mi maestro Silo que \u201cun n\u00famero es distinto a s\u00ed mismo seg\u00fan tengas que dar o recibir\u201d. Igual concepto podemos aplicar en t\u00e9rminos de derechos.\" \/>\n<meta property=\"og:url\" content=\"https:\/\/www.pressenza.com\/es\/2014\/04\/sobre-piquetes-y-derechos\/\" \/>\n<meta property=\"og:site_name\" content=\"Pressenza\" \/>\n<meta property=\"article:publisher\" content=\"https:\/\/www.facebook.com\/PressenzaItalia\" \/>\n<meta property=\"article:published_time\" content=\"2014-04-29T14:05:40+00:00\" \/>\n<meta name=\"author\" content=\"Lia Mendez\" \/>\n<meta name=\"twitter:card\" content=\"summary_large_image\" \/>\n<meta name=\"twitter:creator\" content=\"@PressenzaIPA\" \/>\n<meta name=\"twitter:site\" content=\"@PressenzaIPA\" \/>\n<meta name=\"twitter:label1\" content=\"Escrito por\" \/>\n\t<meta name=\"twitter:data1\" content=\"Lia Mendez\" \/>\n\t<meta name=\"twitter:label2\" content=\"Tiempo de lectura\" \/>\n\t<meta name=\"twitter:data2\" content=\"5 minutos\" \/>\n<script type=\"application\/ld+json\" class=\"yoast-schema-graph\">{\"@context\":\"https:\/\/schema.org\",\"@graph\":[{\"@type\":\"Article\",\"@id\":\"https:\/\/www.pressenza.com\/es\/2014\/04\/sobre-piquetes-y-derechos\/#article\",\"isPartOf\":{\"@id\":\"https:\/\/www.pressenza.com\/es\/2014\/04\/sobre-piquetes-y-derechos\/\"},\"author\":{\"name\":\"Lia Mendez\",\"@id\":\"https:\/\/www.pressenza.com\/es\/#\/schema\/person\/9fea5dbc82f452cbcedb26f1bf72748d\"},\"headline\":\"Sobre piquetes y derechos\",\"datePublished\":\"2014-04-29T14:05:40+00:00\",\"mainEntityOfPage\":{\"@id\":\"https:\/\/www.pressenza.com\/es\/2014\/04\/sobre-piquetes-y-derechos\/\"},\"wordCount\":967,\"publisher\":{\"@id\":\"https:\/\/www.pressenza.com\/es\/#organization\"},\"articleSection\":[\"Noviolencia\",\"Pol\u00edtica\",\"Sudam\u00e9rica\"],\"inLanguage\":\"es\"},{\"@type\":\"WebPage\",\"@id\":\"https:\/\/www.pressenza.com\/es\/2014\/04\/sobre-piquetes-y-derechos\/\",\"url\":\"https:\/\/www.pressenza.com\/es\/2014\/04\/sobre-piquetes-y-derechos\/\",\"name\":\"Sobre piquetes y derechos\",\"isPartOf\":{\"@id\":\"https:\/\/www.pressenza.com\/es\/#website\"},\"datePublished\":\"2014-04-29T14:05:40+00:00\",\"description\":\"Dec\u00eda mi maestro Silo que \u201cun n\u00famero es distinto a s\u00ed mismo seg\u00fan tengas que dar o recibir\u201d. Igual concepto podemos aplicar en t\u00e9rminos de derechos.\",\"breadcrumb\":{\"@id\":\"https:\/\/www.pressenza.com\/es\/2014\/04\/sobre-piquetes-y-derechos\/#breadcrumb\"},\"inLanguage\":\"es\",\"potentialAction\":[{\"@type\":\"ReadAction\",\"target\":[\"https:\/\/www.pressenza.com\/es\/2014\/04\/sobre-piquetes-y-derechos\/\"]}]},{\"@type\":\"BreadcrumbList\",\"@id\":\"https:\/\/www.pressenza.com\/es\/2014\/04\/sobre-piquetes-y-derechos\/#breadcrumb\",\"itemListElement\":[{\"@type\":\"ListItem\",\"position\":1,\"name\":\"Accueil\",\"item\":\"https:\/\/www.pressenza.com\/es\/\"},{\"@type\":\"ListItem\",\"position\":2,\"name\":\"Sobre piquetes y derechos\"}]},{\"@type\":\"WebSite\",\"@id\":\"https:\/\/www.pressenza.com\/es\/#website\",\"url\":\"https:\/\/www.pressenza.com\/es\/\",\"name\":\"Pressenza\",\"description\":\"International Press Agency\",\"publisher\":{\"@id\":\"https:\/\/www.pressenza.com\/es\/#organization\"},\"potentialAction\":[{\"@type\":\"SearchAction\",\"target\":{\"@type\":\"EntryPoint\",\"urlTemplate\":\"https:\/\/www.pressenza.com\/es\/?s={search_term_string}\"},\"query-input\":{\"@type\":\"PropertyValueSpecification\",\"valueRequired\":true,\"valueName\":\"search_term_string\"}}],\"inLanguage\":\"es\"},{\"@type\":\"Organization\",\"@id\":\"https:\/\/www.pressenza.com\/es\/#organization\",\"name\":\"Pressenza\",\"url\":\"https:\/\/www.pressenza.com\/es\/\",\"logo\":{\"@type\":\"ImageObject\",\"inLanguage\":\"es\",\"@id\":\"https:\/\/www.pressenza.com\/es\/#\/schema\/logo\/image\/\",\"url\":\"https:\/\/www.pressenza.com\/wp-content\/uploads\/2022\/10\/pressenza_logo_200x200.jpg\",\"contentUrl\":\"https:\/\/www.pressenza.com\/wp-content\/uploads\/2022\/10\/pressenza_logo_200x200.jpg\",\"width\":200,\"height\":200,\"caption\":\"Pressenza\"},\"image\":{\"@id\":\"https:\/\/www.pressenza.com\/es\/#\/schema\/logo\/image\/\"},\"sameAs\":[\"https:\/\/www.facebook.com\/PressenzaItalia\",\"https:\/\/x.com\/PressenzaIPA\"]},{\"@type\":\"Person\",\"@id\":\"https:\/\/www.pressenza.com\/es\/#\/schema\/person\/9fea5dbc82f452cbcedb26f1bf72748d\",\"name\":\"Lia Mendez\",\"description\":\"Ex-Diputada de Capital Federal y ex-candidata a la Presidencia de la Rep\u00fablica por el Partido Humanista de Argentina.\",\"url\":\"https:\/\/www.pressenza.com\/es\/author\/lia-mendez\/\"}]}<\/script>\n<!-- \/ Yoast SEO plugin. -->","yoast_head_json":{"title":"Sobre piquetes y derechos","description":"Dec\u00eda mi maestro Silo que \u201cun n\u00famero es distinto a s\u00ed mismo seg\u00fan tengas que dar o recibir\u201d. Igual concepto podemos aplicar en t\u00e9rminos de derechos.","robots":{"index":"index","follow":"follow","max-snippet":"max-snippet:-1","max-image-preview":"max-image-preview:large","max-video-preview":"max-video-preview:-1"},"canonical":"https:\/\/www.pressenza.com\/es\/2014\/04\/sobre-piquetes-y-derechos\/","og_locale":"es_ES","og_type":"article","og_title":"Sobre piquetes y derechos","og_description":"Dec\u00eda mi maestro Silo que \u201cun n\u00famero es distinto a s\u00ed mismo seg\u00fan tengas que dar o recibir\u201d. Igual concepto podemos aplicar en t\u00e9rminos de derechos.","og_url":"https:\/\/www.pressenza.com\/es\/2014\/04\/sobre-piquetes-y-derechos\/","og_site_name":"Pressenza","article_publisher":"https:\/\/www.facebook.com\/PressenzaItalia","article_published_time":"2014-04-29T14:05:40+00:00","author":"Lia Mendez","twitter_card":"summary_large_image","twitter_creator":"@PressenzaIPA","twitter_site":"@PressenzaIPA","twitter_misc":{"Escrito por":"Lia Mendez","Tiempo de lectura":"5 minutos"},"schema":{"@context":"https:\/\/schema.org","@graph":[{"@type":"Article","@id":"https:\/\/www.pressenza.com\/es\/2014\/04\/sobre-piquetes-y-derechos\/#article","isPartOf":{"@id":"https:\/\/www.pressenza.com\/es\/2014\/04\/sobre-piquetes-y-derechos\/"},"author":{"name":"Lia Mendez","@id":"https:\/\/www.pressenza.com\/es\/#\/schema\/person\/9fea5dbc82f452cbcedb26f1bf72748d"},"headline":"Sobre piquetes y derechos","datePublished":"2014-04-29T14:05:40+00:00","mainEntityOfPage":{"@id":"https:\/\/www.pressenza.com\/es\/2014\/04\/sobre-piquetes-y-derechos\/"},"wordCount":967,"publisher":{"@id":"https:\/\/www.pressenza.com\/es\/#organization"},"articleSection":["Noviolencia","Pol\u00edtica","Sudam\u00e9rica"],"inLanguage":"es"},{"@type":"WebPage","@id":"https:\/\/www.pressenza.com\/es\/2014\/04\/sobre-piquetes-y-derechos\/","url":"https:\/\/www.pressenza.com\/es\/2014\/04\/sobre-piquetes-y-derechos\/","name":"Sobre piquetes y derechos","isPartOf":{"@id":"https:\/\/www.pressenza.com\/es\/#website"},"datePublished":"2014-04-29T14:05:40+00:00","description":"Dec\u00eda mi maestro Silo que \u201cun n\u00famero es distinto a s\u00ed mismo seg\u00fan tengas que dar o recibir\u201d. Igual concepto podemos aplicar en t\u00e9rminos de derechos.","breadcrumb":{"@id":"https:\/\/www.pressenza.com\/es\/2014\/04\/sobre-piquetes-y-derechos\/#breadcrumb"},"inLanguage":"es","potentialAction":[{"@type":"ReadAction","target":["https:\/\/www.pressenza.com\/es\/2014\/04\/sobre-piquetes-y-derechos\/"]}]},{"@type":"BreadcrumbList","@id":"https:\/\/www.pressenza.com\/es\/2014\/04\/sobre-piquetes-y-derechos\/#breadcrumb","itemListElement":[{"@type":"ListItem","position":1,"name":"Accueil","item":"https:\/\/www.pressenza.com\/es\/"},{"@type":"ListItem","position":2,"name":"Sobre piquetes y derechos"}]},{"@type":"WebSite","@id":"https:\/\/www.pressenza.com\/es\/#website","url":"https:\/\/www.pressenza.com\/es\/","name":"Pressenza","description":"International Press Agency","publisher":{"@id":"https:\/\/www.pressenza.com\/es\/#organization"},"potentialAction":[{"@type":"SearchAction","target":{"@type":"EntryPoint","urlTemplate":"https:\/\/www.pressenza.com\/es\/?s={search_term_string}"},"query-input":{"@type":"PropertyValueSpecification","valueRequired":true,"valueName":"search_term_string"}}],"inLanguage":"es"},{"@type":"Organization","@id":"https:\/\/www.pressenza.com\/es\/#organization","name":"Pressenza","url":"https:\/\/www.pressenza.com\/es\/","logo":{"@type":"ImageObject","inLanguage":"es","@id":"https:\/\/www.pressenza.com\/es\/#\/schema\/logo\/image\/","url":"https:\/\/www.pressenza.com\/wp-content\/uploads\/2022\/10\/pressenza_logo_200x200.jpg","contentUrl":"https:\/\/www.pressenza.com\/wp-content\/uploads\/2022\/10\/pressenza_logo_200x200.jpg","width":200,"height":200,"caption":"Pressenza"},"image":{"@id":"https:\/\/www.pressenza.com\/es\/#\/schema\/logo\/image\/"},"sameAs":["https:\/\/www.facebook.com\/PressenzaItalia","https:\/\/x.com\/PressenzaIPA"]},{"@type":"Person","@id":"https:\/\/www.pressenza.com\/es\/#\/schema\/person\/9fea5dbc82f452cbcedb26f1bf72748d","name":"Lia Mendez","description":"Ex-Diputada de Capital Federal y ex-candidata a la Presidencia de la Rep\u00fablica por el Partido Humanista de Argentina.","url":"https:\/\/www.pressenza.com\/es\/author\/lia-mendez\/"}]}},"place":"","original_article_url":"","_links":{"self":[{"href":"https:\/\/www.pressenza.com\/es\/wp-json\/wp\/v2\/posts\/104158","targetHints":{"allow":["GET"]}}],"collection":[{"href":"https:\/\/www.pressenza.com\/es\/wp-json\/wp\/v2\/posts"}],"about":[{"href":"https:\/\/www.pressenza.com\/es\/wp-json\/wp\/v2\/types\/post"}],"author":[{"embeddable":true,"href":"https:\/\/www.pressenza.com\/es\/wp-json\/wp\/v2\/users\/414"}],"replies":[{"embeddable":true,"href":"https:\/\/www.pressenza.com\/es\/wp-json\/wp\/v2\/comments?post=104158"}],"version-history":[{"count":0,"href":"https:\/\/www.pressenza.com\/es\/wp-json\/wp\/v2\/posts\/104158\/revisions"}],"wp:attachment":[{"href":"https:\/\/www.pressenza.com\/es\/wp-json\/wp\/v2\/media?parent=104158"}],"wp:term":[{"taxonomy":"category","embeddable":true,"href":"https:\/\/www.pressenza.com\/es\/wp-json\/wp\/v2\/categories?post=104158"},{"taxonomy":"post_tag","embeddable":true,"href":"https:\/\/www.pressenza.com\/es\/wp-json\/wp\/v2\/tags?post=104158"}],"curies":[{"name":"wp","href":"https:\/\/api.w.org\/{rel}","templated":true}]}}