{"id":1038849,"date":"2020-02-20T17:47:27","date_gmt":"2020-02-20T17:47:27","guid":{"rendered":"https:\/\/www.pressenza.com\/?p=1038849"},"modified":"2020-02-27T17:53:10","modified_gmt":"2020-02-27T17:53:10","slug":"india-campos-de-detencion-musulmanas-protestan-contra-discriminacion-religiosa","status":"publish","type":"post","link":"https:\/\/www.pressenza.com\/es\/2020\/02\/india-campos-de-detencion-musulmanas-protestan-contra-discriminacion-religiosa\/","title":{"rendered":"India. Campos de detenci\u00f3n: musulmanas protestan contra discriminaci\u00f3n religiosa"},"content":{"rendered":"<p><em>Por<strong> Brasil de Fato<br \/>\n<\/strong>Traducci\u00f3n de Pressenza<\/em><\/p>\n<p>Mujeres musulmanas transformaron un peque\u00f1o barrio de Nueva Deli, capital de la India, en s\u00edmbolo de resistencia contra la extrema derecha.<\/p>\n<p>Las vecinas de Shaheen Bagh bloquearon la calle, instalaron una carpa y hace dos meses est\u00e1n en vigilia. Protestan contra la enmienda de la Ley de Ciudadan\u00eda, la C.A.A. del primer ministro Narendra Modi a fines del a\u00f1o pasado.<\/p>\n<p>Con la nueva ley, los musulmanes que no puedan probar que viven en el pa\u00eds hace m\u00e1s de 11 a\u00f1os, dejan de ser considerados ciudadanos indios. Simult\u00e1neamente, las reglas se suavizan para los fieles de otras religiones.<\/p>\n<p>A los 82 a\u00f1os, Bilkis Bano vive en Shaheen Bagh hace 5 d\u00e9cadas y participa de la vigilia desde el primer d\u00eda. Ella cuenta qu\u00e9 le dir\u00eda a Modi si \u00e9l se acercara a la manifestaci\u00f3n: \u201cLe dir\u00eda que mientras no anule la C.A.A. y el nuevo Registro Nacional de Ciudadanos, no vamos a irnos de aqu\u00ed. Invitamos a Modi y Amit Shah muchas veces, pero no vienen de ning\u00fan modo.\u201d<\/p>\n<p>El primer ministro es representante del nacionalismo hind\u00fa, que propone una refundaci\u00f3n de la India en base a la religi\u00f3n predominante en el pa\u00eds: 14% de los indios son musulmanes, mientras el 80% siguen el hinduismo.<\/p>\n<p>El nuevo Registro Nacional de Ciudadanos (NRC por su sigla en ingl\u00e9s) ya se aplica en el estado de Assam, al este del pa\u00eds. Casi 4 millones de personas no consiguieron comprobar su ciudadan\u00eda y deben permanecer en campos de detenci\u00f3n.<\/p>\n<p>En el lugar de la vigilia las mujeres pasan d\u00edas y noches sentadas, gesto que se convirti\u00f3 en marca de la ocupaci\u00f3n. Los hombres se aglomeran en pie alrededor de la tienda, mostrando su solidaridad.<\/p>\n<p>Otra anciana manifiesta\u00a0 que la C.A.A. abre el camino a medidas cada vez m\u00e1s represivas contra los musulmanes: \u201cEsto es muy peligroso, porque lo que quieren es llevarnos a prisi\u00f3n. Este gobierno construy\u00f3 centros de detenci\u00f3n y ya hay varios inmigrantes presos en el estado de Assam.\u201d Pr\u00f3xima a cumplir 76 a\u00f1os, ella explica c\u00f3mo encuentra fuerzas para permanecer tanto tiempo en la vigilia: \u201cViene de Dios Todopoderoso. Estamos aqu\u00ed sentadas hace dos meses. Enfrentamos lluvias e invierno y no nos fuimos. Es \u00c9l que nos da energ\u00eda para seguir protestando por tanto tiempo.\u00bb<\/p>\n<p>Uno de los pilares de la constituci\u00f3n de la India es el laicismo, es decir la separaci\u00f3n entre Iglesia y Estado. Modi fue el primero en firmar un texto que condiciona la ciudadan\u00eda a la religi\u00f3n.<\/p>\n<p>Mujeres que participan en la vigilia desde enero, dicen que no hay posibilidades de negociaci\u00f3n con el gobierno. \u201cEstamos aqu\u00ed para derribar la C.A.A. y el nuevo Registro Nacional de Ciudadanos, NRC. No vamos a desocupar el lugar hasta que eso suceda.\u00bb<\/p>\n<p>Los vecinos se turnan alrededor de la carpa para impedir la entrada de la polic\u00eda.<\/p>\n<p>La protesta es pac\u00edfica. Nadie aparece como l\u00edder oficial y los rostros m\u00e1s conocidos de la ocupaci\u00f3n son de mujeres ancianas. El gobierno teme que una acci\u00f3n represiva pueda producir un efecto contrario sobre la opini\u00f3n p\u00fablica.<\/p>\n<p>Modi, aliado internacional de Bollonado, dice que la C.A.A. no es discriminatoria y que la protesta se basa en la desinformaci\u00f3n.<\/p>\n<p><iframe loading=\"lazy\" src=\"https:\/\/www.youtube.com\/embed\/AE7_GGvdrmw\" width=\"720\" height=\"420\" frameborder=\"0\" allowfullscreen=\"allowfullscreen\"><span style=\"display: inline-block; width: 0px; overflow: hidden; line-height: 0;\" data-mce-type=\"bookmark\" class=\"mce_SELRES_start\">\ufeff<\/span><\/iframe><\/p>\n","protected":false},"excerpt":{"rendered":"<p>Por Brasil de Fato Traducci\u00f3n de Pressenza Mujeres musulmanas transformaron un peque\u00f1o barrio de Nueva Deli, capital de la India, en s\u00edmbolo de resistencia contra la extrema derecha. Las vecinas de Shaheen Bagh bloquearon la calle, instalaron una carpa y&hellip;<\/p>\n","protected":false},"author":44,"featured_media":1038865,"comment_status":"closed","ping_status":"closed","sticky":false,"template":"","format":"standard","meta":{"footnotes":""},"categories":[65,54515,1240,25678],"tags":[63378,52063,2748,71386,1025,15928,71387],"class_list":["post-1038849","post","type-post","status-publish","format-standard","has-post-thumbnail","hentry","category-asia-es","category-genero-y-feminismos","category-humanismo-espiritualidad","category-video-es","tag-autoritarismo-es","tag-discriminacion-religiosa","tag-india-es","tag-modi-es","tag-mujeres","tag-musulmanes","tag-nacionalismo-es"],"yoast_head":"<!-- This site is optimized with the Yoast SEO plugin v27.1.1 - https:\/\/yoast.com\/product\/yoast-seo-wordpress\/ -->\n<title>India. Campos de detenci\u00f3n: musulmanas protestan contra discriminaci\u00f3n religiosa<\/title>\n<meta name=\"description\" content=\"Por Brasil de Fato Traducci\u00f3n de Pressenza Mujeres musulmanas transformaron un peque\u00f1o barrio de Nueva Deli, capital de la India, en s\u00edmbolo de\" \/>\n<meta name=\"robots\" content=\"index, follow, max-snippet:-1, max-image-preview:large, max-video-preview:-1\" \/>\n<link rel=\"canonical\" href=\"https:\/\/www.pressenza.com\/es\/2020\/02\/india-campos-de-detencion-musulmanas-protestan-contra-discriminacion-religiosa\/\" \/>\n<meta property=\"og:locale\" content=\"es_ES\" \/>\n<meta property=\"og:type\" content=\"article\" \/>\n<meta property=\"og:title\" content=\"India. Campos de detenci\u00f3n: musulmanas protestan contra discriminaci\u00f3n religiosa\" \/>\n<meta property=\"og:description\" content=\"Por Brasil de Fato Traducci\u00f3n de Pressenza Mujeres musulmanas transformaron un peque\u00f1o barrio de Nueva Deli, capital de la India, en s\u00edmbolo de\" \/>\n<meta property=\"og:url\" content=\"https:\/\/www.pressenza.com\/es\/2020\/02\/india-campos-de-detencion-musulmanas-protestan-contra-discriminacion-religiosa\/\" \/>\n<meta property=\"og:site_name\" content=\"Pressenza\" \/>\n<meta property=\"article:publisher\" content=\"https:\/\/www.facebook.com\/PressenzaItalia\" \/>\n<meta property=\"article:author\" content=\"https:\/\/www.facebook.com\/PressenzaPortugues\" \/>\n<meta property=\"article:published_time\" content=\"2020-02-20T17:47:27+00:00\" \/>\n<meta property=\"article:modified_time\" content=\"2020-02-27T17:53:10+00:00\" \/>\n<meta property=\"og:image\" content=\"https:\/\/www.pressenza.com\/wp-content\/uploads\/2020\/02\/India-Portesta-mujerse-Brasil-de-Fato-Captura-video.png\" \/>\n\t<meta property=\"og:image:width\" content=\"1024\" \/>\n\t<meta property=\"og:image:height\" content=\"576\" \/>\n\t<meta property=\"og:image:type\" content=\"image\/png\" \/>\n<meta name=\"author\" content=\"Reda\u00e7\u00e3o S\u00e3o Paulo\" \/>\n<meta name=\"twitter:card\" content=\"summary_large_image\" \/>\n<meta name=\"twitter:creator\" content=\"@pressenza_pt\" \/>\n<meta name=\"twitter:site\" content=\"@PressenzaIPA\" \/>\n<meta name=\"twitter:label1\" content=\"Escrito por\" \/>\n\t<meta name=\"twitter:data1\" content=\"Reda\u00e7\u00e3o S\u00e3o Paulo\" \/>\n\t<meta name=\"twitter:label2\" content=\"Tiempo de lectura\" \/>\n\t<meta name=\"twitter:data2\" content=\"3 minutos\" \/>\n<script type=\"application\/ld+json\" class=\"yoast-schema-graph\">{\"@context\":\"https:\/\/schema.org\",\"@graph\":[{\"@type\":\"Article\",\"@id\":\"https:\/\/www.pressenza.com\/es\/2020\/02\/india-campos-de-detencion-musulmanas-protestan-contra-discriminacion-religiosa\/#article\",\"isPartOf\":{\"@id\":\"https:\/\/www.pressenza.com\/es\/2020\/02\/india-campos-de-detencion-musulmanas-protestan-contra-discriminacion-religiosa\/\"},\"author\":{\"name\":\"Reda\u00e7\u00e3o S\u00e3o Paulo\",\"@id\":\"https:\/\/www.pressenza.com\/es\/#\/schema\/person\/d171826afb7693cfc394da95892bfd93\"},\"headline\":\"India. Campos de detenci\u00f3n: musulmanas protestan contra discriminaci\u00f3n religiosa\",\"datePublished\":\"2020-02-20T17:47:27+00:00\",\"dateModified\":\"2020-02-27T17:53:10+00:00\",\"mainEntityOfPage\":{\"@id\":\"https:\/\/www.pressenza.com\/es\/2020\/02\/india-campos-de-detencion-musulmanas-protestan-contra-discriminacion-religiosa\/\"},\"wordCount\":593,\"publisher\":{\"@id\":\"https:\/\/www.pressenza.com\/es\/#organization\"},\"image\":{\"@id\":\"https:\/\/www.pressenza.com\/es\/2020\/02\/india-campos-de-detencion-musulmanas-protestan-contra-discriminacion-religiosa\/#primaryimage\"},\"thumbnailUrl\":\"https:\/\/www.pressenza.com\/wp-content\/uploads\/2020\/02\/India-Portesta-mujerse-Brasil-de-Fato-Captura-video.png\",\"keywords\":[\"autoritarismo\",\"discriminaci\u00f3n religiosa\",\"India\",\"Modi\",\"Mujeres\",\"musulmanes\",\"Nacionalismo\"],\"articleSection\":[\"Asia\",\"G\u00e9nero y Feminismos\",\"Humanismo y Espiritualidad\",\"Video\"],\"inLanguage\":\"es\"},{\"@type\":\"WebPage\",\"@id\":\"https:\/\/www.pressenza.com\/es\/2020\/02\/india-campos-de-detencion-musulmanas-protestan-contra-discriminacion-religiosa\/\",\"url\":\"https:\/\/www.pressenza.com\/es\/2020\/02\/india-campos-de-detencion-musulmanas-protestan-contra-discriminacion-religiosa\/\",\"name\":\"India. Campos de detenci\u00f3n: musulmanas protestan contra discriminaci\u00f3n religiosa\",\"isPartOf\":{\"@id\":\"https:\/\/www.pressenza.com\/es\/#website\"},\"primaryImageOfPage\":{\"@id\":\"https:\/\/www.pressenza.com\/es\/2020\/02\/india-campos-de-detencion-musulmanas-protestan-contra-discriminacion-religiosa\/#primaryimage\"},\"image\":{\"@id\":\"https:\/\/www.pressenza.com\/es\/2020\/02\/india-campos-de-detencion-musulmanas-protestan-contra-discriminacion-religiosa\/#primaryimage\"},\"thumbnailUrl\":\"https:\/\/www.pressenza.com\/wp-content\/uploads\/2020\/02\/India-Portesta-mujerse-Brasil-de-Fato-Captura-video.png\",\"datePublished\":\"2020-02-20T17:47:27+00:00\",\"dateModified\":\"2020-02-27T17:53:10+00:00\",\"description\":\"Por Brasil de Fato Traducci\u00f3n de Pressenza Mujeres musulmanas transformaron un peque\u00f1o barrio de Nueva Deli, capital de la India, en s\u00edmbolo de\",\"breadcrumb\":{\"@id\":\"https:\/\/www.pressenza.com\/es\/2020\/02\/india-campos-de-detencion-musulmanas-protestan-contra-discriminacion-religiosa\/#breadcrumb\"},\"inLanguage\":\"es\",\"potentialAction\":[{\"@type\":\"ReadAction\",\"target\":[\"https:\/\/www.pressenza.com\/es\/2020\/02\/india-campos-de-detencion-musulmanas-protestan-contra-discriminacion-religiosa\/\"]}]},{\"@type\":\"ImageObject\",\"inLanguage\":\"es\",\"@id\":\"https:\/\/www.pressenza.com\/es\/2020\/02\/india-campos-de-detencion-musulmanas-protestan-contra-discriminacion-religiosa\/#primaryimage\",\"url\":\"https:\/\/www.pressenza.com\/wp-content\/uploads\/2020\/02\/India-Portesta-mujerse-Brasil-de-Fato-Captura-video.png\",\"contentUrl\":\"https:\/\/www.pressenza.com\/wp-content\/uploads\/2020\/02\/India-Portesta-mujerse-Brasil-de-Fato-Captura-video.png\",\"width\":1024,\"height\":576},{\"@type\":\"BreadcrumbList\",\"@id\":\"https:\/\/www.pressenza.com\/es\/2020\/02\/india-campos-de-detencion-musulmanas-protestan-contra-discriminacion-religiosa\/#breadcrumb\",\"itemListElement\":[{\"@type\":\"ListItem\",\"position\":1,\"name\":\"Accueil\",\"item\":\"https:\/\/www.pressenza.com\/es\/\"},{\"@type\":\"ListItem\",\"position\":2,\"name\":\"India. Campos de detenci\u00f3n: musulmanas protestan contra discriminaci\u00f3n religiosa\"}]},{\"@type\":\"WebSite\",\"@id\":\"https:\/\/www.pressenza.com\/es\/#website\",\"url\":\"https:\/\/www.pressenza.com\/es\/\",\"name\":\"Pressenza\",\"description\":\"International Press Agency\",\"publisher\":{\"@id\":\"https:\/\/www.pressenza.com\/es\/#organization\"},\"potentialAction\":[{\"@type\":\"SearchAction\",\"target\":{\"@type\":\"EntryPoint\",\"urlTemplate\":\"https:\/\/www.pressenza.com\/es\/?s={search_term_string}\"},\"query-input\":{\"@type\":\"PropertyValueSpecification\",\"valueRequired\":true,\"valueName\":\"search_term_string\"}}],\"inLanguage\":\"es\"},{\"@type\":\"Organization\",\"@id\":\"https:\/\/www.pressenza.com\/es\/#organization\",\"name\":\"Pressenza\",\"url\":\"https:\/\/www.pressenza.com\/es\/\",\"logo\":{\"@type\":\"ImageObject\",\"inLanguage\":\"es\",\"@id\":\"https:\/\/www.pressenza.com\/es\/#\/schema\/logo\/image\/\",\"url\":\"https:\/\/www.pressenza.com\/wp-content\/uploads\/2022\/10\/pressenza_logo_200x200.jpg\",\"contentUrl\":\"https:\/\/www.pressenza.com\/wp-content\/uploads\/2022\/10\/pressenza_logo_200x200.jpg\",\"width\":200,\"height\":200,\"caption\":\"Pressenza\"},\"image\":{\"@id\":\"https:\/\/www.pressenza.com\/es\/#\/schema\/logo\/image\/\"},\"sameAs\":[\"https:\/\/www.facebook.com\/PressenzaItalia\",\"https:\/\/x.com\/PressenzaIPA\"]},{\"@type\":\"Person\",\"@id\":\"https:\/\/www.pressenza.com\/es\/#\/schema\/person\/d171826afb7693cfc394da95892bfd93\",\"name\":\"Reda\u00e7\u00e3o S\u00e3o Paulo\",\"description\":\"News from the Pressenza bureau in Sao Paulo, Brazil\",\"sameAs\":[\"https:\/\/www.facebook.com\/PressenzaPortugues\",\"https:\/\/x.com\/pressenza_pt\"],\"url\":\"https:\/\/www.pressenza.com\/es\/author\/redaccao-sao-paulo\/\"}]}<\/script>\n<!-- \/ Yoast SEO plugin. -->","yoast_head_json":{"title":"India. Campos de detenci\u00f3n: musulmanas protestan contra discriminaci\u00f3n religiosa","description":"Por Brasil de Fato Traducci\u00f3n de Pressenza Mujeres musulmanas transformaron un peque\u00f1o barrio de Nueva Deli, capital de la India, en s\u00edmbolo de","robots":{"index":"index","follow":"follow","max-snippet":"max-snippet:-1","max-image-preview":"max-image-preview:large","max-video-preview":"max-video-preview:-1"},"canonical":"https:\/\/www.pressenza.com\/es\/2020\/02\/india-campos-de-detencion-musulmanas-protestan-contra-discriminacion-religiosa\/","og_locale":"es_ES","og_type":"article","og_title":"India. Campos de detenci\u00f3n: musulmanas protestan contra discriminaci\u00f3n religiosa","og_description":"Por Brasil de Fato Traducci\u00f3n de Pressenza Mujeres musulmanas transformaron un peque\u00f1o barrio de Nueva Deli, capital de la India, en s\u00edmbolo de","og_url":"https:\/\/www.pressenza.com\/es\/2020\/02\/india-campos-de-detencion-musulmanas-protestan-contra-discriminacion-religiosa\/","og_site_name":"Pressenza","article_publisher":"https:\/\/www.facebook.com\/PressenzaItalia","article_author":"https:\/\/www.facebook.com\/PressenzaPortugues","article_published_time":"2020-02-20T17:47:27+00:00","article_modified_time":"2020-02-27T17:53:10+00:00","og_image":[{"width":1024,"height":576,"url":"https:\/\/www.pressenza.com\/wp-content\/uploads\/2020\/02\/India-Portesta-mujerse-Brasil-de-Fato-Captura-video.png","type":"image\/png"}],"author":"Reda\u00e7\u00e3o S\u00e3o Paulo","twitter_card":"summary_large_image","twitter_creator":"@pressenza_pt","twitter_site":"@PressenzaIPA","twitter_misc":{"Escrito por":"Reda\u00e7\u00e3o S\u00e3o Paulo","Tiempo de lectura":"3 minutos"},"schema":{"@context":"https:\/\/schema.org","@graph":[{"@type":"Article","@id":"https:\/\/www.pressenza.com\/es\/2020\/02\/india-campos-de-detencion-musulmanas-protestan-contra-discriminacion-religiosa\/#article","isPartOf":{"@id":"https:\/\/www.pressenza.com\/es\/2020\/02\/india-campos-de-detencion-musulmanas-protestan-contra-discriminacion-religiosa\/"},"author":{"name":"Reda\u00e7\u00e3o S\u00e3o Paulo","@id":"https:\/\/www.pressenza.com\/es\/#\/schema\/person\/d171826afb7693cfc394da95892bfd93"},"headline":"India. Campos de detenci\u00f3n: musulmanas protestan contra discriminaci\u00f3n religiosa","datePublished":"2020-02-20T17:47:27+00:00","dateModified":"2020-02-27T17:53:10+00:00","mainEntityOfPage":{"@id":"https:\/\/www.pressenza.com\/es\/2020\/02\/india-campos-de-detencion-musulmanas-protestan-contra-discriminacion-religiosa\/"},"wordCount":593,"publisher":{"@id":"https:\/\/www.pressenza.com\/es\/#organization"},"image":{"@id":"https:\/\/www.pressenza.com\/es\/2020\/02\/india-campos-de-detencion-musulmanas-protestan-contra-discriminacion-religiosa\/#primaryimage"},"thumbnailUrl":"https:\/\/www.pressenza.com\/wp-content\/uploads\/2020\/02\/India-Portesta-mujerse-Brasil-de-Fato-Captura-video.png","keywords":["autoritarismo","discriminaci\u00f3n religiosa","India","Modi","Mujeres","musulmanes","Nacionalismo"],"articleSection":["Asia","G\u00e9nero y Feminismos","Humanismo y Espiritualidad","Video"],"inLanguage":"es"},{"@type":"WebPage","@id":"https:\/\/www.pressenza.com\/es\/2020\/02\/india-campos-de-detencion-musulmanas-protestan-contra-discriminacion-religiosa\/","url":"https:\/\/www.pressenza.com\/es\/2020\/02\/india-campos-de-detencion-musulmanas-protestan-contra-discriminacion-religiosa\/","name":"India. Campos de detenci\u00f3n: musulmanas protestan contra discriminaci\u00f3n religiosa","isPartOf":{"@id":"https:\/\/www.pressenza.com\/es\/#website"},"primaryImageOfPage":{"@id":"https:\/\/www.pressenza.com\/es\/2020\/02\/india-campos-de-detencion-musulmanas-protestan-contra-discriminacion-religiosa\/#primaryimage"},"image":{"@id":"https:\/\/www.pressenza.com\/es\/2020\/02\/india-campos-de-detencion-musulmanas-protestan-contra-discriminacion-religiosa\/#primaryimage"},"thumbnailUrl":"https:\/\/www.pressenza.com\/wp-content\/uploads\/2020\/02\/India-Portesta-mujerse-Brasil-de-Fato-Captura-video.png","datePublished":"2020-02-20T17:47:27+00:00","dateModified":"2020-02-27T17:53:10+00:00","description":"Por Brasil de Fato Traducci\u00f3n de Pressenza Mujeres musulmanas transformaron un peque\u00f1o barrio de Nueva Deli, capital de la India, en s\u00edmbolo de","breadcrumb":{"@id":"https:\/\/www.pressenza.com\/es\/2020\/02\/india-campos-de-detencion-musulmanas-protestan-contra-discriminacion-religiosa\/#breadcrumb"},"inLanguage":"es","potentialAction":[{"@type":"ReadAction","target":["https:\/\/www.pressenza.com\/es\/2020\/02\/india-campos-de-detencion-musulmanas-protestan-contra-discriminacion-religiosa\/"]}]},{"@type":"ImageObject","inLanguage":"es","@id":"https:\/\/www.pressenza.com\/es\/2020\/02\/india-campos-de-detencion-musulmanas-protestan-contra-discriminacion-religiosa\/#primaryimage","url":"https:\/\/www.pressenza.com\/wp-content\/uploads\/2020\/02\/India-Portesta-mujerse-Brasil-de-Fato-Captura-video.png","contentUrl":"https:\/\/www.pressenza.com\/wp-content\/uploads\/2020\/02\/India-Portesta-mujerse-Brasil-de-Fato-Captura-video.png","width":1024,"height":576},{"@type":"BreadcrumbList","@id":"https:\/\/www.pressenza.com\/es\/2020\/02\/india-campos-de-detencion-musulmanas-protestan-contra-discriminacion-religiosa\/#breadcrumb","itemListElement":[{"@type":"ListItem","position":1,"name":"Accueil","item":"https:\/\/www.pressenza.com\/es\/"},{"@type":"ListItem","position":2,"name":"India. Campos de detenci\u00f3n: musulmanas protestan contra discriminaci\u00f3n religiosa"}]},{"@type":"WebSite","@id":"https:\/\/www.pressenza.com\/es\/#website","url":"https:\/\/www.pressenza.com\/es\/","name":"Pressenza","description":"International Press Agency","publisher":{"@id":"https:\/\/www.pressenza.com\/es\/#organization"},"potentialAction":[{"@type":"SearchAction","target":{"@type":"EntryPoint","urlTemplate":"https:\/\/www.pressenza.com\/es\/?s={search_term_string}"},"query-input":{"@type":"PropertyValueSpecification","valueRequired":true,"valueName":"search_term_string"}}],"inLanguage":"es"},{"@type":"Organization","@id":"https:\/\/www.pressenza.com\/es\/#organization","name":"Pressenza","url":"https:\/\/www.pressenza.com\/es\/","logo":{"@type":"ImageObject","inLanguage":"es","@id":"https:\/\/www.pressenza.com\/es\/#\/schema\/logo\/image\/","url":"https:\/\/www.pressenza.com\/wp-content\/uploads\/2022\/10\/pressenza_logo_200x200.jpg","contentUrl":"https:\/\/www.pressenza.com\/wp-content\/uploads\/2022\/10\/pressenza_logo_200x200.jpg","width":200,"height":200,"caption":"Pressenza"},"image":{"@id":"https:\/\/www.pressenza.com\/es\/#\/schema\/logo\/image\/"},"sameAs":["https:\/\/www.facebook.com\/PressenzaItalia","https:\/\/x.com\/PressenzaIPA"]},{"@type":"Person","@id":"https:\/\/www.pressenza.com\/es\/#\/schema\/person\/d171826afb7693cfc394da95892bfd93","name":"Reda\u00e7\u00e3o S\u00e3o Paulo","description":"News from the Pressenza bureau in Sao Paulo, Brazil","sameAs":["https:\/\/www.facebook.com\/PressenzaPortugues","https:\/\/x.com\/pressenza_pt"],"url":"https:\/\/www.pressenza.com\/es\/author\/redaccao-sao-paulo\/"}]}},"place":"S\u00e3o Paulo, Brasil","original_article_url":"https:\/\/www.youtube.com\/watch?v=AE7_GGvdrmw&feature=emb_logo","_links":{"self":[{"href":"https:\/\/www.pressenza.com\/es\/wp-json\/wp\/v2\/posts\/1038849","targetHints":{"allow":["GET"]}}],"collection":[{"href":"https:\/\/www.pressenza.com\/es\/wp-json\/wp\/v2\/posts"}],"about":[{"href":"https:\/\/www.pressenza.com\/es\/wp-json\/wp\/v2\/types\/post"}],"author":[{"embeddable":true,"href":"https:\/\/www.pressenza.com\/es\/wp-json\/wp\/v2\/users\/44"}],"replies":[{"embeddable":true,"href":"https:\/\/www.pressenza.com\/es\/wp-json\/wp\/v2\/comments?post=1038849"}],"version-history":[{"count":0,"href":"https:\/\/www.pressenza.com\/es\/wp-json\/wp\/v2\/posts\/1038849\/revisions"}],"wp:featuredmedia":[{"embeddable":true,"href":"https:\/\/www.pressenza.com\/es\/wp-json\/wp\/v2\/media\/1038865"}],"wp:attachment":[{"href":"https:\/\/www.pressenza.com\/es\/wp-json\/wp\/v2\/media?parent=1038849"}],"wp:term":[{"taxonomy":"category","embeddable":true,"href":"https:\/\/www.pressenza.com\/es\/wp-json\/wp\/v2\/categories?post=1038849"},{"taxonomy":"post_tag","embeddable":true,"href":"https:\/\/www.pressenza.com\/es\/wp-json\/wp\/v2\/tags?post=1038849"}],"curies":[{"name":"wp","href":"https:\/\/api.w.org\/{rel}","templated":true}]}}