{"id":1037233,"date":"2020-02-18T03:43:14","date_gmt":"2020-02-18T03:43:14","guid":{"rendered":"https:\/\/www.pressenza.com\/?p=1037233"},"modified":"2020-02-18T03:43:14","modified_gmt":"2020-02-18T03:43:14","slug":"las-casas-de-wet%ca%bcsuwet%ca%bcen-promueven-una-demanda-argumentando-que-el-gaseoducto-de-coastal-gaslink-viola-el-acuerdo-de-paris-en-canada","status":"publish","type":"post","link":"https:\/\/www.pressenza.com\/es\/2020\/02\/las-casas-de-wet%ca%bcsuwet%ca%bcen-promueven-una-demanda-argumentando-que-el-gaseoducto-de-coastal-gaslink-viola-el-acuerdo-de-paris-en-canada\/","title":{"rendered":"Las Casas de Wet\u02bcsuwet\u02bcen promueven una demanda argumentando que el gaseoducto de Coastal Gaslink viola el Acuerdo de Par\u00eds en Canad\u00e1"},"content":{"rendered":"<blockquote><p>\u201cComo Jefe de Casa, es mi responsabilidad proteger el territorio de nuestra Casa. Antes de que sea demasiado tarde, le pedimos a la Corte que haga que Canad\u00e1 act\u00fae\u201d, dijeron los Jefes Hereditarios.<\/p><\/blockquote>\n<p>Dos Casas en Wet\u02bcsuwet\u02bcen lanzaron un desaf\u00edo legal a trav\u00e9s de sus Jefes Hereditarios ante la Corte Federal, solicitando que declare que Canad\u00e1 posee el deber constitucional de, seg\u00fan el Acuerdo de Par\u00eds, mantener las emisiones de gases de efecto invernadero del pa\u00eds dentro del l\u00edmite de 2 grados cent\u00edgrados por encima de los niveles preindustriales.<\/p>\n<p>Los jefes de Wet\u2019suwet\u2019en lanzan un desaf\u00edo legal sobre los impactos clim\u00e1ticos de los proyectos de combustibles f\u00f3siles dentro de sus territorios. Este desaf\u00edo hace menci\u00f3n a la violaci\u00f3n de los derechos de las futuras generaciones consagradas por la Carta, por los miembros de la C\u00e1mara, debido a que Canad\u00e1 no consigui\u00f3 prevenir a tiempo una creciente crisis clim\u00e1tica. <em>\u00a0<\/em><\/p>\n<p>La demanda del desaf\u00edo legal enmarca el calentamiento global como \u201cuna amenaza existencial\u201d, cuyo impacto recae espec\u00edficamente en los derechos de Wet\u2019suwet\u2019en, derechos garantizados en la secci\u00f3n 7 de la Carta Canadiense de los Derechos y las Libertades (The Canadian Charter of Rights and Freedoms): el derecho a la vida, a la libertad y a la seguridad.<\/p>\n<p>\u201cLa crisis clim\u00e1tica ya est\u00e1 afectando duramente a nuestros territorios. Solo hay que mirar el glaciar de la monta\u00f1a de la Bah\u00eda de Hudson y hacer un inventario del salm\u00f3n. Si Canad\u00e1 tiene el permiso de seguir aprobando la construcci\u00f3n de la infraestructura para proyectos de extracci\u00f3n de gas por fracking en un plazo de tiempo de 40 a\u00f1os, nuestros territorios se convertir\u00e1n en un completo desperdicio antes de que las licencias del proyecto expiren\u201d, dijo Dini Ze\u2019Lho\u2019imggin (Alphonse Gagnon).<\/p>\n<p>En el caso de que el juicio tenga \u00e9xito, se producir\u00e1n grandes cambios a gran escala en la legislaci\u00f3n ambiental de Canad\u00e1. Se permitir\u00eda que el gabinete federal cancele las aprobaciones previamente otorgadas a los proyectos de combustible f\u00f3sil, tales como las instalaciones de exportaci\u00f3n de GNL y los oleoductos para los territorios de Wet\u2019suwet\u2019en y el noroeste d ela regi\u00f3n B.C. Las cancelaciones entrar\u00edan en vigencia si se aclara que Canad\u00e1 no cumplir\u00e1 con su compromiso con el acuerdo de Par\u00eds.<\/p>\n<p>\u201cEs una amenaza para su identidad, para su cultura, para su relaci\u00f3n con la tierra y la vida que gira en torno a ella, e incluso para la seguridad de su alimentaci\u00f3n\u201d, dice la demanda. Es una responsabilidad importante porque grandes proyectos de infraestructura para extraer combustibles f\u00f3siles se han propuesto cruzar sus territorios. (<a href=\"https:\/\/www.cbc.ca\/news\/canada\/british-columbia\/wet-suwet-en-climate-change-federal-court-1.5461273\">CBC News<\/a>).<\/p>\n<p>Tambi\u00e9n piden que se declare que Canad\u00e1 tiene la obligaci\u00f3n de cumplir con esos objetivos bajo una secci\u00f3n de la Constituci\u00f3n, que exige al gobierno \u201cmantener la paz, el orden y la buena administraci\u00f3n gubernamental.\u201d (<a href=\"https:\/\/www.cbc.ca\/news\/canada\/british-columbia\/wet-suwet-en-climate-change-federal-court-1.5461273\">CBC News<\/a>).<\/p>\n<blockquote><p>\u201cDesde la colonizaci\u00f3n, el paso ferviente de la industrializaci\u00f3n ha creado una atm\u00f3sfera de crisis porque los pueblos ind\u00edgenas fueron corridos de las tierras protegidas de donde proven\u00edan. Es tiempo de que los pueblos ind\u00edgenas asuman nuestra forma tradicional de gobernar, para empezar el proceso de curaci\u00f3n de la bi\u00f3sfera\u201d, dijo Dini Ze\u2019Smogilhgim (Warner Naziel).<\/p><\/blockquote>\n<p>Dini Ze\u2019Lho\u2019imggin (Alphonse Gagnon) y Dini Ze\u2019Smogilhgim (Warner Naziel) representan las dos Casas del Clan Likhts\u2019amisyu (Fireweed). Bajo la ley de Wet\u2019suwet\u2019en, los jefes de Casa, cuya legitimidad es establecida a trav\u00e9s de celebraciones p\u00fablicas, son los responsables de proteger los derechos de los territorios de las Casas, para el beneficio de todos sus miembros. La forma tradicional de gobierno de Wet\u2019suwet\u2019en est\u00e1 reconocida por el derecho canadiense, basado en el fallo de la Corte Suprema de Canad\u00e1 en el caso Delgamuukw. Las casas Likhts\u2019amisyu basan su demanda actual en la Carta y otras disposiciones constitucionales, y no en sus 35 derechos y t\u00edtulos abor\u00edgenes.<\/p>\n<p>Los habitantes de Wet\u2019suwet\u2019en y otros canadienses ya est\u00e1n experimentando impactos significativos por el cambio clim\u00e1tico, debido a que la temperatura de Canad\u00e1 est\u00e1 subiendo al doble de la tasa global. En particular, los miembros del clan Likhts\u2019amisyu est\u00e1n experimentando incendios forestales y se percibe la disminuci\u00f3n de la poblaci\u00f3n del salm\u00f3n. La proyecci\u00f3n de futuros efectos incluyen una reducci\u00f3n en la capa forestal y tambi\u00e9n en las poblaciones de animales y peces, as\u00ed como efectos adversos en la salud f\u00edsica y mental en los miembros del clan Likhts\u2019amisyu, tanto en las generaciones actuales como en las futuras.<\/p>\n<p>En Wet\u2019suwet\u2019en, existe un sistema de gobierno dual. Mientras que cinco concejos de banda apoyan el proyecto Coastal GasLink, varios jefes hereditarios se oponen.<\/p>\n<p>Fuente: Wet\u2019suwet\u2019en Houses<\/p>\n<hr \/>\n<p><em>Traducci\u00f3n del ingl\u00e9s por Alanissis Flores<br \/>\n<\/em><\/p>\n","protected":false},"excerpt":{"rendered":"<p>\u201cComo Jefe de Casa, es mi responsabilidad proteger el territorio de nuestra Casa. Antes de que sea demasiado tarde, le pedimos a la Corte que haga que Canad\u00e1 act\u00fae\u201d, dijeron los Jefes Hereditarios. Dos Casas en Wet\u02bcsuwet\u02bcen lanzaron un desaf\u00edo&hellip;<\/p>\n","protected":false},"author":63,"featured_media":1034402,"comment_status":"closed","ping_status":"closed","sticky":false,"template":"","format":"standard","meta":{"footnotes":""},"categories":[39,68,80],"tags":[6967,71258,71260,71261,71262,71259,71117],"class_list":["post-1037233","post","type-post","status-publish","format-standard","has-post-thumbnail","hentry","category-internacional","category-norteamerica","category-pueblos-originarios","tag-canada-es","tag-coastal-linkgas","tag-court-es","tag-firstnation-es","tag-legal-es","tag-oleocutos","tag-wetsuweten-es"],"yoast_head":"<!-- This site is optimized with the Yoast SEO plugin v27.1.1 - https:\/\/yoast.com\/product\/yoast-seo-wordpress\/ -->\n<title>Las Casas de Wet\u02bcsuwet\u02bcen promueven una demanda argumentando que el gaseoducto de Coastal Gaslink viola el Acuerdo de Par\u00eds en Canad\u00e1<\/title>\n<meta name=\"description\" content=\"\u201cComo Jefe de Casa, es mi responsabilidad proteger el territorio de nuestra Casa. Antes de que sea demasiado tarde, le pedimos a la Corte que haga que\" \/>\n<meta name=\"robots\" content=\"index, follow, max-snippet:-1, max-image-preview:large, max-video-preview:-1\" \/>\n<link rel=\"canonical\" href=\"https:\/\/www.pressenza.com\/es\/2020\/02\/las-casas-de-wet%ca%bcsuwet%ca%bcen-promueven-una-demanda-argumentando-que-el-gaseoducto-de-coastal-gaslink-viola-el-acuerdo-de-paris-en-canada\/\" \/>\n<meta property=\"og:locale\" content=\"es_ES\" \/>\n<meta property=\"og:type\" content=\"article\" \/>\n<meta property=\"og:title\" content=\"Las Casas de Wet\u02bcsuwet\u02bcen promueven una demanda argumentando que el gaseoducto de Coastal Gaslink viola el Acuerdo de Par\u00eds en Canad\u00e1\" \/>\n<meta property=\"og:description\" content=\"\u201cComo Jefe de Casa, es mi responsabilidad proteger el territorio de nuestra Casa. Antes de que sea demasiado tarde, le pedimos a la Corte que haga que\" \/>\n<meta property=\"og:url\" content=\"https:\/\/www.pressenza.com\/es\/2020\/02\/las-casas-de-wet%ca%bcsuwet%ca%bcen-promueven-una-demanda-argumentando-que-el-gaseoducto-de-coastal-gaslink-viola-el-acuerdo-de-paris-en-canada\/\" \/>\n<meta property=\"og:site_name\" content=\"Pressenza\" \/>\n<meta property=\"article:publisher\" content=\"https:\/\/www.facebook.com\/PressenzaItalia\" \/>\n<meta property=\"article:published_time\" content=\"2020-02-18T03:43:14+00:00\" \/>\n<meta property=\"og:image\" content=\"https:\/\/www.pressenza.com\/wp-content\/uploads\/2020\/02\/Wetsuweten-Solidarity-toronto2020_credit-jason-hargrove_creative-commons.jpg\" \/>\n\t<meta property=\"og:image:width\" content=\"750\" \/>\n\t<meta property=\"og:image:height\" content=\"500\" \/>\n\t<meta property=\"og:image:type\" content=\"image\/jpeg\" \/>\n<meta name=\"author\" content=\"Anne Farrell\" \/>\n<meta name=\"twitter:card\" content=\"summary_large_image\" \/>\n<meta name=\"twitter:creator\" content=\"@PressenzaIPA\" \/>\n<meta name=\"twitter:site\" content=\"@PressenzaIPA\" \/>\n<meta name=\"twitter:label1\" content=\"Escrito por\" \/>\n\t<meta name=\"twitter:data1\" content=\"Anne Farrell\" \/>\n\t<meta name=\"twitter:label2\" content=\"Tiempo de lectura\" \/>\n\t<meta name=\"twitter:data2\" content=\"4 minutos\" \/>\n<script type=\"application\/ld+json\" class=\"yoast-schema-graph\">{\"@context\":\"https:\/\/schema.org\",\"@graph\":[{\"@type\":\"Article\",\"@id\":\"https:\/\/www.pressenza.com\/es\/2020\/02\/las-casas-de-wet%ca%bcsuwet%ca%bcen-promueven-una-demanda-argumentando-que-el-gaseoducto-de-coastal-gaslink-viola-el-acuerdo-de-paris-en-canada\/#article\",\"isPartOf\":{\"@id\":\"https:\/\/www.pressenza.com\/es\/2020\/02\/las-casas-de-wet%ca%bcsuwet%ca%bcen-promueven-una-demanda-argumentando-que-el-gaseoducto-de-coastal-gaslink-viola-el-acuerdo-de-paris-en-canada\/\"},\"author\":{\"name\":\"Anne Farrell\",\"@id\":\"https:\/\/www.pressenza.com\/es\/#\/schema\/person\/06fe29d0640b1b3c6e87b05e162391e0\"},\"headline\":\"Las Casas de Wet\u02bcsuwet\u02bcen promueven una demanda argumentando que el gaseoducto de Coastal Gaslink viola el Acuerdo de Par\u00eds en Canad\u00e1\",\"datePublished\":\"2020-02-18T03:43:14+00:00\",\"mainEntityOfPage\":{\"@id\":\"https:\/\/www.pressenza.com\/es\/2020\/02\/las-casas-de-wet%ca%bcsuwet%ca%bcen-promueven-una-demanda-argumentando-que-el-gaseoducto-de-coastal-gaslink-viola-el-acuerdo-de-paris-en-canada\/\"},\"wordCount\":867,\"publisher\":{\"@id\":\"https:\/\/www.pressenza.com\/es\/#organization\"},\"image\":{\"@id\":\"https:\/\/www.pressenza.com\/es\/2020\/02\/las-casas-de-wet%ca%bcsuwet%ca%bcen-promueven-una-demanda-argumentando-que-el-gaseoducto-de-coastal-gaslink-viola-el-acuerdo-de-paris-en-canada\/#primaryimage\"},\"thumbnailUrl\":\"https:\/\/www.pressenza.com\/wp-content\/uploads\/2020\/02\/Wetsuweten-Solidarity-toronto2020_credit-jason-hargrove_creative-commons.jpg\",\"keywords\":[\"Canad\u00e1\",\"Coastal Linkgas\",\"court\",\"FirstNation\",\"legal\",\"oleocutos\",\"Wetsuweten\"],\"articleSection\":[\"Internacional\",\"Norteam\u00e9rica\",\"Pueblos Originarios\"],\"inLanguage\":\"es\"},{\"@type\":\"WebPage\",\"@id\":\"https:\/\/www.pressenza.com\/es\/2020\/02\/las-casas-de-wet%ca%bcsuwet%ca%bcen-promueven-una-demanda-argumentando-que-el-gaseoducto-de-coastal-gaslink-viola-el-acuerdo-de-paris-en-canada\/\",\"url\":\"https:\/\/www.pressenza.com\/es\/2020\/02\/las-casas-de-wet%ca%bcsuwet%ca%bcen-promueven-una-demanda-argumentando-que-el-gaseoducto-de-coastal-gaslink-viola-el-acuerdo-de-paris-en-canada\/\",\"name\":\"Las Casas de Wet\u02bcsuwet\u02bcen promueven una demanda argumentando que el gaseoducto de Coastal Gaslink viola el Acuerdo de Par\u00eds en Canad\u00e1\",\"isPartOf\":{\"@id\":\"https:\/\/www.pressenza.com\/es\/#website\"},\"primaryImageOfPage\":{\"@id\":\"https:\/\/www.pressenza.com\/es\/2020\/02\/las-casas-de-wet%ca%bcsuwet%ca%bcen-promueven-una-demanda-argumentando-que-el-gaseoducto-de-coastal-gaslink-viola-el-acuerdo-de-paris-en-canada\/#primaryimage\"},\"image\":{\"@id\":\"https:\/\/www.pressenza.com\/es\/2020\/02\/las-casas-de-wet%ca%bcsuwet%ca%bcen-promueven-una-demanda-argumentando-que-el-gaseoducto-de-coastal-gaslink-viola-el-acuerdo-de-paris-en-canada\/#primaryimage\"},\"thumbnailUrl\":\"https:\/\/www.pressenza.com\/wp-content\/uploads\/2020\/02\/Wetsuweten-Solidarity-toronto2020_credit-jason-hargrove_creative-commons.jpg\",\"datePublished\":\"2020-02-18T03:43:14+00:00\",\"description\":\"\u201cComo Jefe de Casa, es mi responsabilidad proteger el territorio de nuestra Casa. Antes de que sea demasiado tarde, le pedimos a la Corte que haga que\",\"breadcrumb\":{\"@id\":\"https:\/\/www.pressenza.com\/es\/2020\/02\/las-casas-de-wet%ca%bcsuwet%ca%bcen-promueven-una-demanda-argumentando-que-el-gaseoducto-de-coastal-gaslink-viola-el-acuerdo-de-paris-en-canada\/#breadcrumb\"},\"inLanguage\":\"es\",\"potentialAction\":[{\"@type\":\"ReadAction\",\"target\":[\"https:\/\/www.pressenza.com\/es\/2020\/02\/las-casas-de-wet%ca%bcsuwet%ca%bcen-promueven-una-demanda-argumentando-que-el-gaseoducto-de-coastal-gaslink-viola-el-acuerdo-de-paris-en-canada\/\"]}]},{\"@type\":\"ImageObject\",\"inLanguage\":\"es\",\"@id\":\"https:\/\/www.pressenza.com\/es\/2020\/02\/las-casas-de-wet%ca%bcsuwet%ca%bcen-promueven-una-demanda-argumentando-que-el-gaseoducto-de-coastal-gaslink-viola-el-acuerdo-de-paris-en-canada\/#primaryimage\",\"url\":\"https:\/\/www.pressenza.com\/wp-content\/uploads\/2020\/02\/Wetsuweten-Solidarity-toronto2020_credit-jason-hargrove_creative-commons.jpg\",\"contentUrl\":\"https:\/\/www.pressenza.com\/wp-content\/uploads\/2020\/02\/Wetsuweten-Solidarity-toronto2020_credit-jason-hargrove_creative-commons.jpg\",\"width\":750,\"height\":500,\"caption\":\"Wetsuweten Solidarity group in Toronto\"},{\"@type\":\"BreadcrumbList\",\"@id\":\"https:\/\/www.pressenza.com\/es\/2020\/02\/las-casas-de-wet%ca%bcsuwet%ca%bcen-promueven-una-demanda-argumentando-que-el-gaseoducto-de-coastal-gaslink-viola-el-acuerdo-de-paris-en-canada\/#breadcrumb\",\"itemListElement\":[{\"@type\":\"ListItem\",\"position\":1,\"name\":\"Accueil\",\"item\":\"https:\/\/www.pressenza.com\/es\/\"},{\"@type\":\"ListItem\",\"position\":2,\"name\":\"Las Casas de Wet\u02bcsuwet\u02bcen promueven una demanda argumentando que el gaseoducto de Coastal Gaslink viola el Acuerdo de Par\u00eds en Canad\u00e1\"}]},{\"@type\":\"WebSite\",\"@id\":\"https:\/\/www.pressenza.com\/es\/#website\",\"url\":\"https:\/\/www.pressenza.com\/es\/\",\"name\":\"Pressenza\",\"description\":\"International Press Agency\",\"publisher\":{\"@id\":\"https:\/\/www.pressenza.com\/es\/#organization\"},\"potentialAction\":[{\"@type\":\"SearchAction\",\"target\":{\"@type\":\"EntryPoint\",\"urlTemplate\":\"https:\/\/www.pressenza.com\/es\/?s={search_term_string}\"},\"query-input\":{\"@type\":\"PropertyValueSpecification\",\"valueRequired\":true,\"valueName\":\"search_term_string\"}}],\"inLanguage\":\"es\"},{\"@type\":\"Organization\",\"@id\":\"https:\/\/www.pressenza.com\/es\/#organization\",\"name\":\"Pressenza\",\"url\":\"https:\/\/www.pressenza.com\/es\/\",\"logo\":{\"@type\":\"ImageObject\",\"inLanguage\":\"es\",\"@id\":\"https:\/\/www.pressenza.com\/es\/#\/schema\/logo\/image\/\",\"url\":\"https:\/\/www.pressenza.com\/wp-content\/uploads\/2022\/10\/pressenza_logo_200x200.jpg\",\"contentUrl\":\"https:\/\/www.pressenza.com\/wp-content\/uploads\/2022\/10\/pressenza_logo_200x200.jpg\",\"width\":200,\"height\":200,\"caption\":\"Pressenza\"},\"image\":{\"@id\":\"https:\/\/www.pressenza.com\/es\/#\/schema\/logo\/image\/\"},\"sameAs\":[\"https:\/\/www.facebook.com\/PressenzaItalia\",\"https:\/\/x.com\/PressenzaIPA\"]},{\"@type\":\"Person\",\"@id\":\"https:\/\/www.pressenza.com\/es\/#\/schema\/person\/06fe29d0640b1b3c6e87b05e162391e0\",\"name\":\"Anne Farrell\",\"description\":\"Anne Farrell is the author of the books: A meaning of Life that defied the unbearable fate in mass extinction, A tribute to reconciliation and its missing image in the Western World\",\"url\":\"https:\/\/www.pressenza.com\/es\/author\/anne-farrell\/\"}]}<\/script>\n<!-- \/ Yoast SEO plugin. -->","yoast_head_json":{"title":"Las Casas de Wet\u02bcsuwet\u02bcen promueven una demanda argumentando que el gaseoducto de Coastal Gaslink viola el Acuerdo de Par\u00eds en Canad\u00e1","description":"\u201cComo Jefe de Casa, es mi responsabilidad proteger el territorio de nuestra Casa. Antes de que sea demasiado tarde, le pedimos a la Corte que haga que","robots":{"index":"index","follow":"follow","max-snippet":"max-snippet:-1","max-image-preview":"max-image-preview:large","max-video-preview":"max-video-preview:-1"},"canonical":"https:\/\/www.pressenza.com\/es\/2020\/02\/las-casas-de-wet%ca%bcsuwet%ca%bcen-promueven-una-demanda-argumentando-que-el-gaseoducto-de-coastal-gaslink-viola-el-acuerdo-de-paris-en-canada\/","og_locale":"es_ES","og_type":"article","og_title":"Las Casas de Wet\u02bcsuwet\u02bcen promueven una demanda argumentando que el gaseoducto de Coastal Gaslink viola el Acuerdo de Par\u00eds en Canad\u00e1","og_description":"\u201cComo Jefe de Casa, es mi responsabilidad proteger el territorio de nuestra Casa. Antes de que sea demasiado tarde, le pedimos a la Corte que haga que","og_url":"https:\/\/www.pressenza.com\/es\/2020\/02\/las-casas-de-wet%ca%bcsuwet%ca%bcen-promueven-una-demanda-argumentando-que-el-gaseoducto-de-coastal-gaslink-viola-el-acuerdo-de-paris-en-canada\/","og_site_name":"Pressenza","article_publisher":"https:\/\/www.facebook.com\/PressenzaItalia","article_published_time":"2020-02-18T03:43:14+00:00","og_image":[{"width":750,"height":500,"url":"https:\/\/www.pressenza.com\/wp-content\/uploads\/2020\/02\/Wetsuweten-Solidarity-toronto2020_credit-jason-hargrove_creative-commons.jpg","type":"image\/jpeg"}],"author":"Anne Farrell","twitter_card":"summary_large_image","twitter_creator":"@PressenzaIPA","twitter_site":"@PressenzaIPA","twitter_misc":{"Escrito por":"Anne Farrell","Tiempo de lectura":"4 minutos"},"schema":{"@context":"https:\/\/schema.org","@graph":[{"@type":"Article","@id":"https:\/\/www.pressenza.com\/es\/2020\/02\/las-casas-de-wet%ca%bcsuwet%ca%bcen-promueven-una-demanda-argumentando-que-el-gaseoducto-de-coastal-gaslink-viola-el-acuerdo-de-paris-en-canada\/#article","isPartOf":{"@id":"https:\/\/www.pressenza.com\/es\/2020\/02\/las-casas-de-wet%ca%bcsuwet%ca%bcen-promueven-una-demanda-argumentando-que-el-gaseoducto-de-coastal-gaslink-viola-el-acuerdo-de-paris-en-canada\/"},"author":{"name":"Anne Farrell","@id":"https:\/\/www.pressenza.com\/es\/#\/schema\/person\/06fe29d0640b1b3c6e87b05e162391e0"},"headline":"Las Casas de Wet\u02bcsuwet\u02bcen promueven una demanda argumentando que el gaseoducto de Coastal Gaslink viola el Acuerdo de Par\u00eds en Canad\u00e1","datePublished":"2020-02-18T03:43:14+00:00","mainEntityOfPage":{"@id":"https:\/\/www.pressenza.com\/es\/2020\/02\/las-casas-de-wet%ca%bcsuwet%ca%bcen-promueven-una-demanda-argumentando-que-el-gaseoducto-de-coastal-gaslink-viola-el-acuerdo-de-paris-en-canada\/"},"wordCount":867,"publisher":{"@id":"https:\/\/www.pressenza.com\/es\/#organization"},"image":{"@id":"https:\/\/www.pressenza.com\/es\/2020\/02\/las-casas-de-wet%ca%bcsuwet%ca%bcen-promueven-una-demanda-argumentando-que-el-gaseoducto-de-coastal-gaslink-viola-el-acuerdo-de-paris-en-canada\/#primaryimage"},"thumbnailUrl":"https:\/\/www.pressenza.com\/wp-content\/uploads\/2020\/02\/Wetsuweten-Solidarity-toronto2020_credit-jason-hargrove_creative-commons.jpg","keywords":["Canad\u00e1","Coastal Linkgas","court","FirstNation","legal","oleocutos","Wetsuweten"],"articleSection":["Internacional","Norteam\u00e9rica","Pueblos Originarios"],"inLanguage":"es"},{"@type":"WebPage","@id":"https:\/\/www.pressenza.com\/es\/2020\/02\/las-casas-de-wet%ca%bcsuwet%ca%bcen-promueven-una-demanda-argumentando-que-el-gaseoducto-de-coastal-gaslink-viola-el-acuerdo-de-paris-en-canada\/","url":"https:\/\/www.pressenza.com\/es\/2020\/02\/las-casas-de-wet%ca%bcsuwet%ca%bcen-promueven-una-demanda-argumentando-que-el-gaseoducto-de-coastal-gaslink-viola-el-acuerdo-de-paris-en-canada\/","name":"Las Casas de Wet\u02bcsuwet\u02bcen promueven una demanda argumentando que el gaseoducto de Coastal Gaslink viola el Acuerdo de Par\u00eds en Canad\u00e1","isPartOf":{"@id":"https:\/\/www.pressenza.com\/es\/#website"},"primaryImageOfPage":{"@id":"https:\/\/www.pressenza.com\/es\/2020\/02\/las-casas-de-wet%ca%bcsuwet%ca%bcen-promueven-una-demanda-argumentando-que-el-gaseoducto-de-coastal-gaslink-viola-el-acuerdo-de-paris-en-canada\/#primaryimage"},"image":{"@id":"https:\/\/www.pressenza.com\/es\/2020\/02\/las-casas-de-wet%ca%bcsuwet%ca%bcen-promueven-una-demanda-argumentando-que-el-gaseoducto-de-coastal-gaslink-viola-el-acuerdo-de-paris-en-canada\/#primaryimage"},"thumbnailUrl":"https:\/\/www.pressenza.com\/wp-content\/uploads\/2020\/02\/Wetsuweten-Solidarity-toronto2020_credit-jason-hargrove_creative-commons.jpg","datePublished":"2020-02-18T03:43:14+00:00","description":"\u201cComo Jefe de Casa, es mi responsabilidad proteger el territorio de nuestra Casa. Antes de que sea demasiado tarde, le pedimos a la Corte que haga que","breadcrumb":{"@id":"https:\/\/www.pressenza.com\/es\/2020\/02\/las-casas-de-wet%ca%bcsuwet%ca%bcen-promueven-una-demanda-argumentando-que-el-gaseoducto-de-coastal-gaslink-viola-el-acuerdo-de-paris-en-canada\/#breadcrumb"},"inLanguage":"es","potentialAction":[{"@type":"ReadAction","target":["https:\/\/www.pressenza.com\/es\/2020\/02\/las-casas-de-wet%ca%bcsuwet%ca%bcen-promueven-una-demanda-argumentando-que-el-gaseoducto-de-coastal-gaslink-viola-el-acuerdo-de-paris-en-canada\/"]}]},{"@type":"ImageObject","inLanguage":"es","@id":"https:\/\/www.pressenza.com\/es\/2020\/02\/las-casas-de-wet%ca%bcsuwet%ca%bcen-promueven-una-demanda-argumentando-que-el-gaseoducto-de-coastal-gaslink-viola-el-acuerdo-de-paris-en-canada\/#primaryimage","url":"https:\/\/www.pressenza.com\/wp-content\/uploads\/2020\/02\/Wetsuweten-Solidarity-toronto2020_credit-jason-hargrove_creative-commons.jpg","contentUrl":"https:\/\/www.pressenza.com\/wp-content\/uploads\/2020\/02\/Wetsuweten-Solidarity-toronto2020_credit-jason-hargrove_creative-commons.jpg","width":750,"height":500,"caption":"Wetsuweten Solidarity group in Toronto"},{"@type":"BreadcrumbList","@id":"https:\/\/www.pressenza.com\/es\/2020\/02\/las-casas-de-wet%ca%bcsuwet%ca%bcen-promueven-una-demanda-argumentando-que-el-gaseoducto-de-coastal-gaslink-viola-el-acuerdo-de-paris-en-canada\/#breadcrumb","itemListElement":[{"@type":"ListItem","position":1,"name":"Accueil","item":"https:\/\/www.pressenza.com\/es\/"},{"@type":"ListItem","position":2,"name":"Las Casas de Wet\u02bcsuwet\u02bcen promueven una demanda argumentando que el gaseoducto de Coastal Gaslink viola el Acuerdo de Par\u00eds en Canad\u00e1"}]},{"@type":"WebSite","@id":"https:\/\/www.pressenza.com\/es\/#website","url":"https:\/\/www.pressenza.com\/es\/","name":"Pressenza","description":"International Press Agency","publisher":{"@id":"https:\/\/www.pressenza.com\/es\/#organization"},"potentialAction":[{"@type":"SearchAction","target":{"@type":"EntryPoint","urlTemplate":"https:\/\/www.pressenza.com\/es\/?s={search_term_string}"},"query-input":{"@type":"PropertyValueSpecification","valueRequired":true,"valueName":"search_term_string"}}],"inLanguage":"es"},{"@type":"Organization","@id":"https:\/\/www.pressenza.com\/es\/#organization","name":"Pressenza","url":"https:\/\/www.pressenza.com\/es\/","logo":{"@type":"ImageObject","inLanguage":"es","@id":"https:\/\/www.pressenza.com\/es\/#\/schema\/logo\/image\/","url":"https:\/\/www.pressenza.com\/wp-content\/uploads\/2022\/10\/pressenza_logo_200x200.jpg","contentUrl":"https:\/\/www.pressenza.com\/wp-content\/uploads\/2022\/10\/pressenza_logo_200x200.jpg","width":200,"height":200,"caption":"Pressenza"},"image":{"@id":"https:\/\/www.pressenza.com\/es\/#\/schema\/logo\/image\/"},"sameAs":["https:\/\/www.facebook.com\/PressenzaItalia","https:\/\/x.com\/PressenzaIPA"]},{"@type":"Person","@id":"https:\/\/www.pressenza.com\/es\/#\/schema\/person\/06fe29d0640b1b3c6e87b05e162391e0","name":"Anne Farrell","description":"Anne Farrell is the author of the books: A meaning of Life that defied the unbearable fate in mass extinction, A tribute to reconciliation and its missing image in the Western World","url":"https:\/\/www.pressenza.com\/es\/author\/anne-farrell\/"}]}},"place":"Montreal, Quebec","original_article_url":"","_links":{"self":[{"href":"https:\/\/www.pressenza.com\/es\/wp-json\/wp\/v2\/posts\/1037233","targetHints":{"allow":["GET"]}}],"collection":[{"href":"https:\/\/www.pressenza.com\/es\/wp-json\/wp\/v2\/posts"}],"about":[{"href":"https:\/\/www.pressenza.com\/es\/wp-json\/wp\/v2\/types\/post"}],"author":[{"embeddable":true,"href":"https:\/\/www.pressenza.com\/es\/wp-json\/wp\/v2\/users\/63"}],"replies":[{"embeddable":true,"href":"https:\/\/www.pressenza.com\/es\/wp-json\/wp\/v2\/comments?post=1037233"}],"version-history":[{"count":0,"href":"https:\/\/www.pressenza.com\/es\/wp-json\/wp\/v2\/posts\/1037233\/revisions"}],"wp:featuredmedia":[{"embeddable":true,"href":"https:\/\/www.pressenza.com\/es\/wp-json\/wp\/v2\/media\/1034402"}],"wp:attachment":[{"href":"https:\/\/www.pressenza.com\/es\/wp-json\/wp\/v2\/media?parent=1037233"}],"wp:term":[{"taxonomy":"category","embeddable":true,"href":"https:\/\/www.pressenza.com\/es\/wp-json\/wp\/v2\/categories?post=1037233"},{"taxonomy":"post_tag","embeddable":true,"href":"https:\/\/www.pressenza.com\/es\/wp-json\/wp\/v2\/tags?post=1037233"}],"curies":[{"name":"wp","href":"https:\/\/api.w.org\/{rel}","templated":true}]}}