{"id":1036592,"date":"2020-02-17T00:18:58","date_gmt":"2020-02-17T00:18:58","guid":{"rendered":"https:\/\/www.pressenza.com\/?p=1036592"},"modified":"2020-02-17T00:18:58","modified_gmt":"2020-02-17T00:18:58","slug":"el-hombre-del-rio-malleco-desde-aqui-llevo-adelante-la-lucha-mapuche","status":"publish","type":"post","link":"https:\/\/www.pressenza.com\/es\/2020\/02\/el-hombre-del-rio-malleco-desde-aqui-llevo-adelante-la-lucha-mapuche\/","title":{"rendered":"El hombre del R\u00edo Malleco: \u00abDesde aqu\u00ed llevo adelante la lucha Mapuche\u00bb"},"content":{"rendered":"<p>Ese domingo por la tarde lo \u00edbamos a dedicar a la relajaci\u00f3n con un agradable ba\u00f1o en el r\u00edo que atraviesa el pueblo de Collipulli, el R\u00edo Malleco. Esos eran los planes que hicimos con mis compa\u00f1eros de viaje, pero como suele suceder desde que llegamos a la Araucan\u00eda, esta tierra siempre nos reserva sorpresas. El camino que corre a lo largo del R\u00edo Malleco a un lado y otro, est\u00e1 totalmente lleno de zarzas silvestres de moras, tan dulces y maduras que es casi imposible no detenerse a cada paso para probar algunas de ellas. Fue durante uno de estos momentos de recolecci\u00f3n de moras que conocimos a Dagoberto, un hombre mapuche que estaba filtrando el agua del mismo r\u00edo para regar los campos de su casa. A trav\u00e9s de tuber\u00edas recogi\u00f3 agua y la llev\u00f3 a una peque\u00f1a casa de madera ubicada detr\u00e1s de nosotros. Inmediatamente nos preguntamos cu\u00e1l era su historia, si este hombre realmente viv\u00eda en esa casa y si pertenec\u00eda a una comunidad. Buscamos el contacto verbal con Dagoberto quien, despu\u00e9s de unas pocas palabras, se ofreci\u00f3 a contarnos sobre la construcci\u00f3n de esa casa junto al r\u00edo y nos invit\u00f3 a seguirlo hasta su campo.<\/p>\n<p><a href=\"https:\/\/www.pressenza.com\/wp-content\/uploads\/2020\/02\/DSCF4515.jpg\"><img loading=\"lazy\" decoding=\"async\" class=\"aligncenter size-full wp-image-1036519\" src=\"https:\/\/www.pressenza.com\/wp-content\/uploads\/2020\/02\/DSCF4515.jpg\" alt=\"\" width=\"2048\" height=\"1365\" srcset=\"https:\/\/www.pressenza.com\/wp-content\/uploads\/2020\/02\/DSCF4515.jpg 2048w, https:\/\/www.pressenza.com\/wp-content\/uploads\/2020\/02\/DSCF4515-300x200.jpg 300w, https:\/\/www.pressenza.com\/wp-content\/uploads\/2020\/02\/DSCF4515-768x512.jpg 768w, https:\/\/www.pressenza.com\/wp-content\/uploads\/2020\/02\/DSCF4515-720x480.jpg 720w\" sizes=\"auto, (max-width: 2048px) 100vw, 2048px\" \/><\/a><\/p>\n<p>La puerta que se abre a la carretera principal conduce a un campo de trigo de unas 50 hect\u00e1reas, al pie del cual ondean dos banderas mapuches: la primera es la bandera nacional de la etnia mapuche de Chile, aprobada en 1992. Aqu\u00ed los colores azul, verde y rojo representan la vida, la fuerza y la fertilidad respectivamente. El emblema central simboliza el universo, y los motivos laterales recuerdan el arte y las tradiciones locales. La segunda bandera tiene or\u00edgenes hist\u00f3ricos, un fondo azul con una estrella blanca de ocho puntas y fue presumiblemente usada por los mapuches durante la guerra de Arauco en el siglo XVIII. Las banderas se elevan sobre una casa de madera construida completamente por Dagoberto. Afuera hay un estar con toldo verde, juegos para ni\u00f1os, un lavabo con algunas placas en su interior, un estanque de agua, herramientas para trabajar la tierra, una mesa, bancos, Wanko (asientos t\u00edpicos mapuches) y una m\u00e1scara de madera ind\u00edgena, tallada por Dagoberto. El marco de este cuadro en la orilla del r\u00edo es una fuerte canci\u00f3n que sale del est\u00e9reo de un coche blanco completamente abierto, aparcado justo delante de la puerta de la casa.<\/p>\n<p><a href=\"https:\/\/www.pressenza.com\/wp-content\/uploads\/2020\/02\/DSCF4535.jpg\"><img loading=\"lazy\" decoding=\"async\" class=\"aligncenter size-full wp-image-1036529\" src=\"https:\/\/www.pressenza.com\/wp-content\/uploads\/2020\/02\/DSCF4535.jpg\" alt=\"\" width=\"2048\" height=\"1365\" srcset=\"https:\/\/www.pressenza.com\/wp-content\/uploads\/2020\/02\/DSCF4535.jpg 2048w, https:\/\/www.pressenza.com\/wp-content\/uploads\/2020\/02\/DSCF4535-300x200.jpg 300w, https:\/\/www.pressenza.com\/wp-content\/uploads\/2020\/02\/DSCF4535-768x512.jpg 768w, https:\/\/www.pressenza.com\/wp-content\/uploads\/2020\/02\/DSCF4535-720x480.jpg 720w\" sizes=\"auto, (max-width: 2048px) 100vw, 2048px\" \/><\/a><\/p>\n<p>Dagoberto nos ofrece asiento, un poco de jugo y un buen pan con queso, y comienza a contarnos su historia. Vive aqu\u00ed con su esposa y dos hijas. Aunque tambi\u00e9n es propietario de otra casa en el centro de Collipulli, ha decidido dedicarse en cuerpo y alma a la recuperaci\u00f3n de este territorio, y con \u00e9l tambi\u00e9n a la recuperaci\u00f3n de sus or\u00edgenes mapuches. \u00abCuando era ni\u00f1o sab\u00eda de alguna manera que era un mapuche, pero no estaba totalmente convencido de ello. Tampoco s\u00e9 hablar mapudungun porque mis abuelos no me lo ense\u00f1aron por miedo a que me intimidaran. Hoy estoy tratando de aprender el idioma, pero como adultos es m\u00e1s dif\u00edcil. Soy un mapuche que vivi\u00f3 en una \u00e9poca en que a los ni\u00f1os como yo se les llamaba \u00abel Indi\u00bb, yo era \u00abel Indio\u00bb. S\u00f3lo cuando crec\u00ed me di cuenta de lo que significaba ser mapuche, me interes\u00e9 por la causa por la que lucha mi comunidad y decid\u00ed ser parte activa de esta revoluci\u00f3n. Esta casa es la realizaci\u00f3n material de mi adhesi\u00f3n a la lucha por la tierra. Es parte de la comunidad Mapuche Antonio Panitru y la constru\u00ed completamente con mis propias manos. Detr\u00e1s hay un proyecto. Me gustar\u00eda crear un espacio libre en el que compartir esta tierra con al menos otras 4 familias. Cinco familias podr\u00edan entrar aqu\u00ed, cada una de ellas tendr\u00eda unas 10 hect\u00e1reas de tierra. La idea ser\u00eda crear una realidad en la que las familias mapuches pudieran vivir libres, en contacto con la naturaleza, con el territorio y cerca del r\u00edo que es sagrado para nosotros y de todos. Al mismo tiempo esto podr\u00eda convertirse en un lugar donde podr\u00edamos redescubrir nuestros or\u00edgenes, nutrir nuestra cultura, nuestras tradiciones, nuestra m\u00fasica y todo lo que tenga relaci\u00f3n con el ser mapuche\u00bb.<\/p>\n<p><a href=\"https:\/\/www.pressenza.com\/wp-content\/uploads\/2020\/02\/DSCF4504.jpg\"><img loading=\"lazy\" decoding=\"async\" class=\"aligncenter size-full wp-image-1036539\" src=\"https:\/\/www.pressenza.com\/wp-content\/uploads\/2020\/02\/DSCF4504.jpg\" alt=\"\" width=\"2048\" height=\"1365\" srcset=\"https:\/\/www.pressenza.com\/wp-content\/uploads\/2020\/02\/DSCF4504.jpg 2048w, https:\/\/www.pressenza.com\/wp-content\/uploads\/2020\/02\/DSCF4504-300x200.jpg 300w, https:\/\/www.pressenza.com\/wp-content\/uploads\/2020\/02\/DSCF4504-768x512.jpg 768w, https:\/\/www.pressenza.com\/wp-content\/uploads\/2020\/02\/DSCF4504-720x480.jpg 720w\" sizes=\"auto, (max-width: 2048px) 100vw, 2048px\" \/><\/a><\/p>\n<p>Dagoberto nos cuenta c\u00f3mo para ocupar este territorio tuvo que hacer un acuerdo, aunque sea verbal, con los propietarios, que hab\u00edan abandonado esta tierra. \u00abA pesar de esto, la polic\u00eda se present\u00f3 repetidamente en el lugar con una actitud muy arrogante, durante y despu\u00e9s de los trabajos en la casa. Ni siquiera habl\u00e9 con ellos, llam\u00e9 directamente al due\u00f1o porque era la \u00fanica manera de hacer que me creyeran\u00bb. La comunidad de la que forma parte Dagoberto se re\u00fane al menos una vez a la semana, pero los temas tratados no pueden ser difundidos fuera de las reuniones. \u00abEn cada Lof tenemos unos 35, un miembro por familia, y no tenemos un Lonko. El Lonko es la piedra angular pol\u00edtica de cada comunidad Mapuche, pero no puede surgir de la nada. Deber\u00eda ser elegido por l\u00ednea de sangre, pero al mismo tiempo deber\u00eda ser una persona muy sabia y capaz de hablar Mapudungun. Sin embargo, es posible convertirse en Lonko tambi\u00e9n si se tiene un sue\u00f1o premonitorio. Si el sue\u00f1o se realiza, cuando el futuro Lonko es a\u00fan peque\u00f1o los miembros m\u00e1s viejos lo acompa\u00f1ar\u00e1n en su crecimiento y lo preparar\u00e1n para que se convierta en una persona sabia y justa y en una gu\u00eda para toda la comunidad\u00bb.<\/p>\n<p><a href=\"https:\/\/www.pressenza.com\/wp-content\/uploads\/2020\/02\/DSCF4344.jpg\"><img loading=\"lazy\" decoding=\"async\" class=\"aligncenter size-full wp-image-1036549\" src=\"https:\/\/www.pressenza.com\/wp-content\/uploads\/2020\/02\/DSCF4344.jpg\" alt=\"\" width=\"2048\" height=\"1365\" srcset=\"https:\/\/www.pressenza.com\/wp-content\/uploads\/2020\/02\/DSCF4344.jpg 2048w, https:\/\/www.pressenza.com\/wp-content\/uploads\/2020\/02\/DSCF4344-300x200.jpg 300w, https:\/\/www.pressenza.com\/wp-content\/uploads\/2020\/02\/DSCF4344-768x512.jpg 768w, https:\/\/www.pressenza.com\/wp-content\/uploads\/2020\/02\/DSCF4344-720x480.jpg 720w\" sizes=\"auto, (max-width: 2048px) 100vw, 2048px\" \/><\/a><\/p>\n<p>La casa de Dagoberto es todav\u00eda la \u00fanica que se construy\u00f3 a orillas del R\u00edo Malleco; detr\u00e1s de la casa cultiva un peque\u00f1o huerto de tomates y trigo, y tiene previsto ampliarlo y enriquecerlo con diferentes productos, finalmente m\u00e1s lejos hay un establo con los animales de la familia. \u00abHubo un tiempo en que un muchacho hab\u00eda construido una peque\u00f1a casa en este mismo campo y parec\u00eda que mi proyecto estaba tomando forma. Pero luego se fue por miedo. Esta forma de resistencia al Estado le asustaba, el tema de la lucha por la tierra le asustaba. Por otro lado, no tengo miedo, soy un hombre de primera l\u00ednea y por eso estoy aqu\u00ed. Nosotros los Mapuches siempre nos hemos defendido de la violencia de los carabineros chilenos contra nuestra etnia. Los Winka (los habitantes de Chile que no tienen origen mapuche) siempre han sido influenciados por los medios de comunicaci\u00f3n y han cre\u00eddo que nosotros los mapuches somos un pueblo violento. Si un mapuche era asesinado por la polic\u00eda, el Estado sab\u00eda c\u00f3mo desprestigiar las pruebas y al final declarar que el mapuche se hab\u00eda suicidado. El Winka s\u00f3lo recientemente, tras las protestas de octubre, se dio cuenta de la violencia de los carabineros y comenz\u00f3 a apoyar nuestra larga lucha\u00bb.<br \/>\n<a href=\"https:\/\/www.pressenza.com\/wp-content\/uploads\/2020\/02\/DSCF4562.jpg\"><img loading=\"lazy\" decoding=\"async\" class=\"aligncenter size-full wp-image-1036559\" src=\"https:\/\/www.pressenza.com\/wp-content\/uploads\/2020\/02\/DSCF4562.jpg\" alt=\"\" width=\"2048\" height=\"1365\" srcset=\"https:\/\/www.pressenza.com\/wp-content\/uploads\/2020\/02\/DSCF4562.jpg 2048w, https:\/\/www.pressenza.com\/wp-content\/uploads\/2020\/02\/DSCF4562-300x200.jpg 300w, https:\/\/www.pressenza.com\/wp-content\/uploads\/2020\/02\/DSCF4562-768x512.jpg 768w, https:\/\/www.pressenza.com\/wp-content\/uploads\/2020\/02\/DSCF4562-720x480.jpg 720w\" sizes=\"auto, (max-width: 2048px) 100vw, 2048px\" \/><\/a><br \/>\nCaminando por la carretera a lo largo del R\u00edo Malleco se pueden ver cientos de carpas, veraneantes, se puede escuchar todo tipo de m\u00fasica proveniente de los equipos de sonido de los coches, oler por todas partes un apetitoso aroma a comida de domingo y carne asada en las brasas. Aqu\u00ed, las familias chilenas de Collipulli y sus alrededores vienen a acampar durante el fin de semana; los ni\u00f1os se zambullen desde las rocas que corren a lo largo del r\u00edo y muchos se quedan una o m\u00e1s noches con sus tiendas y sacos de dormir. Sin embargo, para los mapuches, el r\u00edo es un lugar sagrado: antes de mojarse, piden permiso al esp\u00edritu que gu\u00eda el r\u00edo. \u00abPorque para nosotros cada elemento natural tiene un alma, as\u00ed como cuando vas a la casa de alguien pides permiso para entrar, lo mismo hay que hacer con el agua del r\u00edo\u00bb, explica Dagoberto.<\/p>\n<p><a href=\"https:\/\/www.pressenza.com\/wp-content\/uploads\/2020\/02\/DSCF4347.jpg\"><img loading=\"lazy\" decoding=\"async\" class=\"aligncenter size-full wp-image-1036569\" src=\"https:\/\/www.pressenza.com\/wp-content\/uploads\/2020\/02\/DSCF4347.jpg\" alt=\"\" width=\"2048\" height=\"1365\" srcset=\"https:\/\/www.pressenza.com\/wp-content\/uploads\/2020\/02\/DSCF4347.jpg 2048w, https:\/\/www.pressenza.com\/wp-content\/uploads\/2020\/02\/DSCF4347-300x200.jpg 300w, https:\/\/www.pressenza.com\/wp-content\/uploads\/2020\/02\/DSCF4347-768x512.jpg 768w, https:\/\/www.pressenza.com\/wp-content\/uploads\/2020\/02\/DSCF4347-720x480.jpg 720w\" sizes=\"auto, (max-width: 2048px) 100vw, 2048px\" \/><\/a><\/p>\n<p>\u00bfCree que podr\u00eda educar a la gente para que respeten el r\u00edo? Dagoberto responde que cree que se podr\u00eda en tal sentido, pero no cree que todo el mundo sea capaz de entenderlo completamente. En la cuesti\u00f3n espiritual tambi\u00e9n hay un problema ambiental. Los cientos de veraneantes que se ba\u00f1an en las aguas del R\u00edo Malleco los fines de semana suelen dejar todo tipo de basura y desperdicios como recuerdo cuando se van. \u00abLa gente debe ser educada para tener respeto por el territorio y debe mirar al r\u00edo como un lugar sagrado para nuestra comunidad. Nadie cuando va a la iglesia se permite dejar basura dentro, lo mismo deber\u00eda pasar con este r\u00edo\u00bb.<\/p>\n<p><a href=\"https:\/\/www.pressenza.com\/wp-content\/uploads\/2020\/02\/DSCF4565.jpg\"><img loading=\"lazy\" decoding=\"async\" class=\"aligncenter size-full wp-image-1036579\" src=\"https:\/\/www.pressenza.com\/wp-content\/uploads\/2020\/02\/DSCF4565.jpg\" alt=\"\" width=\"2048\" height=\"1365\" srcset=\"https:\/\/www.pressenza.com\/wp-content\/uploads\/2020\/02\/DSCF4565.jpg 2048w, https:\/\/www.pressenza.com\/wp-content\/uploads\/2020\/02\/DSCF4565-300x200.jpg 300w, https:\/\/www.pressenza.com\/wp-content\/uploads\/2020\/02\/DSCF4565-768x512.jpg 768w, https:\/\/www.pressenza.com\/wp-content\/uploads\/2020\/02\/DSCF4565-720x480.jpg 720w\" sizes=\"auto, (max-width: 2048px) 100vw, 2048px\" \/><\/a><\/p>\n<p>Ya es de noche, la luna ilumina este campo de trigo junto al r\u00edo, Dagoberto calienta el agua para otro <em>mate<\/em> y seguimos charlando como si el d\u00eda no acabara nunca. Hoy la Araucan\u00eda nos ha hecho otro regalo: nos ha presentado a un hombre que vive a orillas del R\u00edo Malleco, que lleva adelante el sue\u00f1o de toda una comunidad, el mismo hombre que aqu\u00ed ha construido una casa, ha ideado un proyecto y a su manera contribuye a la lucha por el territorio que tiene sus ra\u00edces en el redescubrimiento de ser un aut\u00e9ntico hombre mapuche.<\/p>\n<p><a href=\"https:\/\/www.pressenza.com\/wp-content\/uploads\/2020\/02\/DSCF4553.jpg\"><img loading=\"lazy\" decoding=\"async\" class=\"aligncenter size-full wp-image-1036589\" src=\"https:\/\/www.pressenza.com\/wp-content\/uploads\/2020\/02\/DSCF4553.jpg\" alt=\"\" width=\"2048\" height=\"1365\" srcset=\"https:\/\/www.pressenza.com\/wp-content\/uploads\/2020\/02\/DSCF4553.jpg 2048w, https:\/\/www.pressenza.com\/wp-content\/uploads\/2020\/02\/DSCF4553-300x200.jpg 300w, https:\/\/www.pressenza.com\/wp-content\/uploads\/2020\/02\/DSCF4553-768x512.jpg 768w, https:\/\/www.pressenza.com\/wp-content\/uploads\/2020\/02\/DSCF4553-720x480.jpg 720w\" sizes=\"auto, (max-width: 2048px) 100vw, 2048px\" \/><\/a><\/p>\n","protected":false},"excerpt":{"rendered":"<p>Ese domingo por la tarde lo \u00edbamos a dedicar a la relajaci\u00f3n con un agradable ba\u00f1o en el r\u00edo que atraviesa el pueblo de Collipulli, el R\u00edo Malleco. Esos eran los planes que hicimos con mis compa\u00f1eros de viaje, pero&hellip;<\/p>\n","protected":false},"author":1751,"featured_media":1036509,"comment_status":"closed","ping_status":"closed","sticky":false,"template":"","format":"standard","meta":{"footnotes":""},"categories":[11389,5667,80,67],"tags":[29,71209,71208],"class_list":["post-1036592","post","type-post","status-publish","format-standard","has-post-thumbnail","hentry","category-contenido-original","category-foto-reportajes","category-pueblos-originarios","category-sudamerica","tag-chile","tag-collipulli","tag-lucha-mapuche"],"yoast_head":"<!-- This site is optimized with the Yoast SEO plugin v27.1.1 - https:\/\/yoast.com\/product\/yoast-seo-wordpress\/ -->\n<title>El hombre del R\u00edo Malleco: &quot;Desde aqu\u00ed llevo adelante la lucha Mapuche&quot;<\/title>\n<meta name=\"description\" content=\"El hombre del R\u00edo Malleco: &quot;Desde aqu\u00ed llevo adelante la lucha Mapuche&quot;\" \/>\n<meta name=\"robots\" content=\"index, follow, max-snippet:-1, max-image-preview:large, max-video-preview:-1\" \/>\n<link rel=\"canonical\" href=\"https:\/\/www.pressenza.com\/es\/2020\/02\/el-hombre-del-rio-malleco-desde-aqui-llevo-adelante-la-lucha-mapuche\/\" \/>\n<meta property=\"og:locale\" content=\"es_ES\" \/>\n<meta property=\"og:type\" content=\"article\" \/>\n<meta property=\"og:title\" content=\"El hombre del R\u00edo Malleco: &quot;Desde aqu\u00ed llevo adelante la lucha Mapuche&quot;\" \/>\n<meta property=\"og:description\" content=\"El hombre del R\u00edo Malleco: &quot;Desde aqu\u00ed llevo adelante la lucha Mapuche&quot;\" \/>\n<meta property=\"og:url\" content=\"https:\/\/www.pressenza.com\/es\/2020\/02\/el-hombre-del-rio-malleco-desde-aqui-llevo-adelante-la-lucha-mapuche\/\" \/>\n<meta property=\"og:site_name\" content=\"Pressenza\" \/>\n<meta property=\"article:publisher\" content=\"https:\/\/www.facebook.com\/PressenzaItalia\" \/>\n<meta property=\"article:published_time\" content=\"2020-02-17T00:18:58+00:00\" \/>\n<meta property=\"og:image\" content=\"https:\/\/www.pressenza.com\/wp-content\/uploads\/2020\/02\/DSCF4502.jpg\" \/>\n\t<meta property=\"og:image:width\" content=\"2048\" \/>\n\t<meta property=\"og:image:height\" content=\"1366\" \/>\n\t<meta property=\"og:image:type\" content=\"image\/jpeg\" \/>\n<meta name=\"author\" content=\"Helodie Fazzalari\" \/>\n<meta name=\"twitter:card\" content=\"summary_large_image\" \/>\n<meta name=\"twitter:creator\" content=\"@PressenzaIPA\" \/>\n<meta name=\"twitter:site\" content=\"@PressenzaIPA\" \/>\n<meta name=\"twitter:label1\" content=\"Escrito por\" \/>\n\t<meta name=\"twitter:data1\" content=\"Helodie Fazzalari\" \/>\n\t<meta name=\"twitter:label2\" content=\"Tiempo de lectura\" \/>\n\t<meta name=\"twitter:data2\" content=\"8 minutos\" \/>\n<script type=\"application\/ld+json\" class=\"yoast-schema-graph\">{\"@context\":\"https:\/\/schema.org\",\"@graph\":[{\"@type\":\"Article\",\"@id\":\"https:\/\/www.pressenza.com\/es\/2020\/02\/el-hombre-del-rio-malleco-desde-aqui-llevo-adelante-la-lucha-mapuche\/#article\",\"isPartOf\":{\"@id\":\"https:\/\/www.pressenza.com\/es\/2020\/02\/el-hombre-del-rio-malleco-desde-aqui-llevo-adelante-la-lucha-mapuche\/\"},\"author\":{\"name\":\"Helodie Fazzalari\",\"@id\":\"https:\/\/www.pressenza.com\/es\/#\/schema\/person\/8ce38f83a5d19042d434e1de89c00ffd\"},\"headline\":\"El hombre del R\u00edo Malleco: \u00abDesde aqu\u00ed llevo adelante la lucha Mapuche\u00bb\",\"datePublished\":\"2020-02-17T00:18:58+00:00\",\"mainEntityOfPage\":{\"@id\":\"https:\/\/www.pressenza.com\/es\/2020\/02\/el-hombre-del-rio-malleco-desde-aqui-llevo-adelante-la-lucha-mapuche\/\"},\"wordCount\":1610,\"publisher\":{\"@id\":\"https:\/\/www.pressenza.com\/es\/#organization\"},\"image\":{\"@id\":\"https:\/\/www.pressenza.com\/es\/2020\/02\/el-hombre-del-rio-malleco-desde-aqui-llevo-adelante-la-lucha-mapuche\/#primaryimage\"},\"thumbnailUrl\":\"https:\/\/www.pressenza.com\/wp-content\/uploads\/2020\/02\/DSCF4502.jpg\",\"keywords\":[\"Chile\",\"Collipulli\",\"lucha mapuche\"],\"articleSection\":[\"Contenido Original\",\"Fotorreportajes\",\"Pueblos Originarios\",\"Sudam\u00e9rica\"],\"inLanguage\":\"es\"},{\"@type\":\"WebPage\",\"@id\":\"https:\/\/www.pressenza.com\/es\/2020\/02\/el-hombre-del-rio-malleco-desde-aqui-llevo-adelante-la-lucha-mapuche\/\",\"url\":\"https:\/\/www.pressenza.com\/es\/2020\/02\/el-hombre-del-rio-malleco-desde-aqui-llevo-adelante-la-lucha-mapuche\/\",\"name\":\"El hombre del R\u00edo Malleco: \\\"Desde aqu\u00ed llevo adelante la lucha Mapuche\\\"\",\"isPartOf\":{\"@id\":\"https:\/\/www.pressenza.com\/es\/#website\"},\"primaryImageOfPage\":{\"@id\":\"https:\/\/www.pressenza.com\/es\/2020\/02\/el-hombre-del-rio-malleco-desde-aqui-llevo-adelante-la-lucha-mapuche\/#primaryimage\"},\"image\":{\"@id\":\"https:\/\/www.pressenza.com\/es\/2020\/02\/el-hombre-del-rio-malleco-desde-aqui-llevo-adelante-la-lucha-mapuche\/#primaryimage\"},\"thumbnailUrl\":\"https:\/\/www.pressenza.com\/wp-content\/uploads\/2020\/02\/DSCF4502.jpg\",\"datePublished\":\"2020-02-17T00:18:58+00:00\",\"description\":\"El hombre del R\u00edo Malleco: \\\"Desde aqu\u00ed llevo adelante la lucha Mapuche\\\"\",\"breadcrumb\":{\"@id\":\"https:\/\/www.pressenza.com\/es\/2020\/02\/el-hombre-del-rio-malleco-desde-aqui-llevo-adelante-la-lucha-mapuche\/#breadcrumb\"},\"inLanguage\":\"es\",\"potentialAction\":[{\"@type\":\"ReadAction\",\"target\":[\"https:\/\/www.pressenza.com\/es\/2020\/02\/el-hombre-del-rio-malleco-desde-aqui-llevo-adelante-la-lucha-mapuche\/\"]}]},{\"@type\":\"ImageObject\",\"inLanguage\":\"es\",\"@id\":\"https:\/\/www.pressenza.com\/es\/2020\/02\/el-hombre-del-rio-malleco-desde-aqui-llevo-adelante-la-lucha-mapuche\/#primaryimage\",\"url\":\"https:\/\/www.pressenza.com\/wp-content\/uploads\/2020\/02\/DSCF4502.jpg\",\"contentUrl\":\"https:\/\/www.pressenza.com\/wp-content\/uploads\/2020\/02\/DSCF4502.jpg\",\"width\":2048,\"height\":1366},{\"@type\":\"BreadcrumbList\",\"@id\":\"https:\/\/www.pressenza.com\/es\/2020\/02\/el-hombre-del-rio-malleco-desde-aqui-llevo-adelante-la-lucha-mapuche\/#breadcrumb\",\"itemListElement\":[{\"@type\":\"ListItem\",\"position\":1,\"name\":\"Accueil\",\"item\":\"https:\/\/www.pressenza.com\/es\/\"},{\"@type\":\"ListItem\",\"position\":2,\"name\":\"El hombre del R\u00edo Malleco: \u00abDesde aqu\u00ed llevo adelante la lucha Mapuche\u00bb\"}]},{\"@type\":\"WebSite\",\"@id\":\"https:\/\/www.pressenza.com\/es\/#website\",\"url\":\"https:\/\/www.pressenza.com\/es\/\",\"name\":\"Pressenza\",\"description\":\"International Press Agency\",\"publisher\":{\"@id\":\"https:\/\/www.pressenza.com\/es\/#organization\"},\"potentialAction\":[{\"@type\":\"SearchAction\",\"target\":{\"@type\":\"EntryPoint\",\"urlTemplate\":\"https:\/\/www.pressenza.com\/es\/?s={search_term_string}\"},\"query-input\":{\"@type\":\"PropertyValueSpecification\",\"valueRequired\":true,\"valueName\":\"search_term_string\"}}],\"inLanguage\":\"es\"},{\"@type\":\"Organization\",\"@id\":\"https:\/\/www.pressenza.com\/es\/#organization\",\"name\":\"Pressenza\",\"url\":\"https:\/\/www.pressenza.com\/es\/\",\"logo\":{\"@type\":\"ImageObject\",\"inLanguage\":\"es\",\"@id\":\"https:\/\/www.pressenza.com\/es\/#\/schema\/logo\/image\/\",\"url\":\"https:\/\/www.pressenza.com\/wp-content\/uploads\/2022\/10\/pressenza_logo_200x200.jpg\",\"contentUrl\":\"https:\/\/www.pressenza.com\/wp-content\/uploads\/2022\/10\/pressenza_logo_200x200.jpg\",\"width\":200,\"height\":200,\"caption\":\"Pressenza\"},\"image\":{\"@id\":\"https:\/\/www.pressenza.com\/es\/#\/schema\/logo\/image\/\"},\"sameAs\":[\"https:\/\/www.facebook.com\/PressenzaItalia\",\"https:\/\/x.com\/PressenzaIPA\"]},{\"@type\":\"Person\",\"@id\":\"https:\/\/www.pressenza.com\/es\/#\/schema\/person\/8ce38f83a5d19042d434e1de89c00ffd\",\"name\":\"Helodie Fazzalari\",\"url\":\"https:\/\/www.pressenza.com\/es\/author\/helodie-fazzalari\/\"}]}<\/script>\n<!-- \/ Yoast SEO plugin. -->","yoast_head_json":{"title":"El hombre del R\u00edo Malleco: \"Desde aqu\u00ed llevo adelante la lucha Mapuche\"","description":"El hombre del R\u00edo Malleco: \"Desde aqu\u00ed llevo adelante la lucha Mapuche\"","robots":{"index":"index","follow":"follow","max-snippet":"max-snippet:-1","max-image-preview":"max-image-preview:large","max-video-preview":"max-video-preview:-1"},"canonical":"https:\/\/www.pressenza.com\/es\/2020\/02\/el-hombre-del-rio-malleco-desde-aqui-llevo-adelante-la-lucha-mapuche\/","og_locale":"es_ES","og_type":"article","og_title":"El hombre del R\u00edo Malleco: \"Desde aqu\u00ed llevo adelante la lucha Mapuche\"","og_description":"El hombre del R\u00edo Malleco: \"Desde aqu\u00ed llevo adelante la lucha Mapuche\"","og_url":"https:\/\/www.pressenza.com\/es\/2020\/02\/el-hombre-del-rio-malleco-desde-aqui-llevo-adelante-la-lucha-mapuche\/","og_site_name":"Pressenza","article_publisher":"https:\/\/www.facebook.com\/PressenzaItalia","article_published_time":"2020-02-17T00:18:58+00:00","og_image":[{"width":2048,"height":1366,"url":"https:\/\/www.pressenza.com\/wp-content\/uploads\/2020\/02\/DSCF4502.jpg","type":"image\/jpeg"}],"author":"Helodie Fazzalari","twitter_card":"summary_large_image","twitter_creator":"@PressenzaIPA","twitter_site":"@PressenzaIPA","twitter_misc":{"Escrito por":"Helodie Fazzalari","Tiempo de lectura":"8 minutos"},"schema":{"@context":"https:\/\/schema.org","@graph":[{"@type":"Article","@id":"https:\/\/www.pressenza.com\/es\/2020\/02\/el-hombre-del-rio-malleco-desde-aqui-llevo-adelante-la-lucha-mapuche\/#article","isPartOf":{"@id":"https:\/\/www.pressenza.com\/es\/2020\/02\/el-hombre-del-rio-malleco-desde-aqui-llevo-adelante-la-lucha-mapuche\/"},"author":{"name":"Helodie Fazzalari","@id":"https:\/\/www.pressenza.com\/es\/#\/schema\/person\/8ce38f83a5d19042d434e1de89c00ffd"},"headline":"El hombre del R\u00edo Malleco: \u00abDesde aqu\u00ed llevo adelante la lucha Mapuche\u00bb","datePublished":"2020-02-17T00:18:58+00:00","mainEntityOfPage":{"@id":"https:\/\/www.pressenza.com\/es\/2020\/02\/el-hombre-del-rio-malleco-desde-aqui-llevo-adelante-la-lucha-mapuche\/"},"wordCount":1610,"publisher":{"@id":"https:\/\/www.pressenza.com\/es\/#organization"},"image":{"@id":"https:\/\/www.pressenza.com\/es\/2020\/02\/el-hombre-del-rio-malleco-desde-aqui-llevo-adelante-la-lucha-mapuche\/#primaryimage"},"thumbnailUrl":"https:\/\/www.pressenza.com\/wp-content\/uploads\/2020\/02\/DSCF4502.jpg","keywords":["Chile","Collipulli","lucha mapuche"],"articleSection":["Contenido Original","Fotorreportajes","Pueblos Originarios","Sudam\u00e9rica"],"inLanguage":"es"},{"@type":"WebPage","@id":"https:\/\/www.pressenza.com\/es\/2020\/02\/el-hombre-del-rio-malleco-desde-aqui-llevo-adelante-la-lucha-mapuche\/","url":"https:\/\/www.pressenza.com\/es\/2020\/02\/el-hombre-del-rio-malleco-desde-aqui-llevo-adelante-la-lucha-mapuche\/","name":"El hombre del R\u00edo Malleco: \"Desde aqu\u00ed llevo adelante la lucha Mapuche\"","isPartOf":{"@id":"https:\/\/www.pressenza.com\/es\/#website"},"primaryImageOfPage":{"@id":"https:\/\/www.pressenza.com\/es\/2020\/02\/el-hombre-del-rio-malleco-desde-aqui-llevo-adelante-la-lucha-mapuche\/#primaryimage"},"image":{"@id":"https:\/\/www.pressenza.com\/es\/2020\/02\/el-hombre-del-rio-malleco-desde-aqui-llevo-adelante-la-lucha-mapuche\/#primaryimage"},"thumbnailUrl":"https:\/\/www.pressenza.com\/wp-content\/uploads\/2020\/02\/DSCF4502.jpg","datePublished":"2020-02-17T00:18:58+00:00","description":"El hombre del R\u00edo Malleco: \"Desde aqu\u00ed llevo adelante la lucha Mapuche\"","breadcrumb":{"@id":"https:\/\/www.pressenza.com\/es\/2020\/02\/el-hombre-del-rio-malleco-desde-aqui-llevo-adelante-la-lucha-mapuche\/#breadcrumb"},"inLanguage":"es","potentialAction":[{"@type":"ReadAction","target":["https:\/\/www.pressenza.com\/es\/2020\/02\/el-hombre-del-rio-malleco-desde-aqui-llevo-adelante-la-lucha-mapuche\/"]}]},{"@type":"ImageObject","inLanguage":"es","@id":"https:\/\/www.pressenza.com\/es\/2020\/02\/el-hombre-del-rio-malleco-desde-aqui-llevo-adelante-la-lucha-mapuche\/#primaryimage","url":"https:\/\/www.pressenza.com\/wp-content\/uploads\/2020\/02\/DSCF4502.jpg","contentUrl":"https:\/\/www.pressenza.com\/wp-content\/uploads\/2020\/02\/DSCF4502.jpg","width":2048,"height":1366},{"@type":"BreadcrumbList","@id":"https:\/\/www.pressenza.com\/es\/2020\/02\/el-hombre-del-rio-malleco-desde-aqui-llevo-adelante-la-lucha-mapuche\/#breadcrumb","itemListElement":[{"@type":"ListItem","position":1,"name":"Accueil","item":"https:\/\/www.pressenza.com\/es\/"},{"@type":"ListItem","position":2,"name":"El hombre del R\u00edo Malleco: \u00abDesde aqu\u00ed llevo adelante la lucha Mapuche\u00bb"}]},{"@type":"WebSite","@id":"https:\/\/www.pressenza.com\/es\/#website","url":"https:\/\/www.pressenza.com\/es\/","name":"Pressenza","description":"International Press Agency","publisher":{"@id":"https:\/\/www.pressenza.com\/es\/#organization"},"potentialAction":[{"@type":"SearchAction","target":{"@type":"EntryPoint","urlTemplate":"https:\/\/www.pressenza.com\/es\/?s={search_term_string}"},"query-input":{"@type":"PropertyValueSpecification","valueRequired":true,"valueName":"search_term_string"}}],"inLanguage":"es"},{"@type":"Organization","@id":"https:\/\/www.pressenza.com\/es\/#organization","name":"Pressenza","url":"https:\/\/www.pressenza.com\/es\/","logo":{"@type":"ImageObject","inLanguage":"es","@id":"https:\/\/www.pressenza.com\/es\/#\/schema\/logo\/image\/","url":"https:\/\/www.pressenza.com\/wp-content\/uploads\/2022\/10\/pressenza_logo_200x200.jpg","contentUrl":"https:\/\/www.pressenza.com\/wp-content\/uploads\/2022\/10\/pressenza_logo_200x200.jpg","width":200,"height":200,"caption":"Pressenza"},"image":{"@id":"https:\/\/www.pressenza.com\/es\/#\/schema\/logo\/image\/"},"sameAs":["https:\/\/www.facebook.com\/PressenzaItalia","https:\/\/x.com\/PressenzaIPA"]},{"@type":"Person","@id":"https:\/\/www.pressenza.com\/es\/#\/schema\/person\/8ce38f83a5d19042d434e1de89c00ffd","name":"Helodie Fazzalari","url":"https:\/\/www.pressenza.com\/es\/author\/helodie-fazzalari\/"}]}},"place":"R\u00edo Malleco de Collipulli, IX Regi\u00f3n, Chile","original_article_url":"","_links":{"self":[{"href":"https:\/\/www.pressenza.com\/es\/wp-json\/wp\/v2\/posts\/1036592","targetHints":{"allow":["GET"]}}],"collection":[{"href":"https:\/\/www.pressenza.com\/es\/wp-json\/wp\/v2\/posts"}],"about":[{"href":"https:\/\/www.pressenza.com\/es\/wp-json\/wp\/v2\/types\/post"}],"author":[{"embeddable":true,"href":"https:\/\/www.pressenza.com\/es\/wp-json\/wp\/v2\/users\/1751"}],"replies":[{"embeddable":true,"href":"https:\/\/www.pressenza.com\/es\/wp-json\/wp\/v2\/comments?post=1036592"}],"version-history":[{"count":0,"href":"https:\/\/www.pressenza.com\/es\/wp-json\/wp\/v2\/posts\/1036592\/revisions"}],"wp:featuredmedia":[{"embeddable":true,"href":"https:\/\/www.pressenza.com\/es\/wp-json\/wp\/v2\/media\/1036509"}],"wp:attachment":[{"href":"https:\/\/www.pressenza.com\/es\/wp-json\/wp\/v2\/media?parent=1036592"}],"wp:term":[{"taxonomy":"category","embeddable":true,"href":"https:\/\/www.pressenza.com\/es\/wp-json\/wp\/v2\/categories?post=1036592"},{"taxonomy":"post_tag","embeddable":true,"href":"https:\/\/www.pressenza.com\/es\/wp-json\/wp\/v2\/tags?post=1036592"}],"curies":[{"name":"wp","href":"https:\/\/api.w.org\/{rel}","templated":true}]}}