{"id":1032526,"date":"2020-02-12T14:03:11","date_gmt":"2020-02-12T14:03:11","guid":{"rendered":"https:\/\/www.pressenza.com\/?p=1032526"},"modified":"2020-02-12T14:07:21","modified_gmt":"2020-02-12T14:07:21","slug":"la-unidad-la-hacen-los-pueblos-el-carnaval-con-la-fuerza-del-sol-en-arica","status":"publish","type":"post","link":"https:\/\/www.pressenza.com\/es\/2020\/02\/la-unidad-la-hacen-los-pueblos-el-carnaval-con-la-fuerza-del-sol-en-arica\/","title":{"rendered":"La unidad la hacen los pueblos: el Carnaval con la fuerza del sol en Arica"},"content":{"rendered":"<div class=\"entry-content\">\n<p><strong>por Aram Aharonian<\/strong><\/p>\n<p>Lejos de los Sebasti\u00e1n Pi\u00f1era, Mart\u00edn Vizcarra y Jeanine \u00c1\u00f1ez -y sobre todo de Donald Trump y Luis Almagro- 64 agrupaciones de Chile, Per\u00fa y Bolivia de\u00a0 ascendencia Aymara, festejaron durante tres d\u00edas, en Arica, la ciudad m\u00e1s septentrional de Chile que alguna vez perteneci\u00f3 al Per\u00fa, el Carnaval Andino Con la Fuerza del Sol Arica 2020<\/p>\n<p>El viernes durante la inauguraci\u00f3n del festival multicultural -organizado por la Municipalidad de Arica, la Confraternidad de Bailes Andinos, Inti Cha\u2019mampi y la Federaci\u00f3n de la Cultura y las Artes Ind\u00edgenas Kimsa Suyu- los presentadores de la jornada se\u00f1alaron que se trataba de una actividad social, y condenaron la represi\u00f3n del gobierno al estallido social, las violaciones de los derechos humanos y exigieron la liberaci\u00f3n de los presos pol\u00edticos y detenidos por protestar.<a href=\"http:\/\/estrategia.la\/2020\/02\/10\/la-unidad-la-hacen-los-pueblos-el-carnaval-con-la-fuerza-del-sol-en-arica\/arica-carnaval1\/\" rel=\"attachment wp-att-7845\"><img loading=\"lazy\" decoding=\"async\" class=\"size-medium wp-image-7845 alignright\" src=\"http:\/\/estrategia.la\/wp-content\/uploads\/2020\/02\/arica-carnaval1-300x227.jpg\" alt=\"\" width=\"300\" height=\"227\" \/><\/a><\/p>\n<p>El mismo d\u00eda, la Comparsa Tumba Carnaval, agrupaci\u00f3n conformada por afrodescendientes de esta ciudad del norte chileno,\u00a0 bail\u00f3 al comp\u00e1s de \u201cUn violador en tu camino\u201d del colectivo Las Tesis en medio de su presentaci\u00f3n.<\/p>\n<p>Con mujeres vestidas de blanco y un pa\u00f1uelo rojo, vociferaron el c\u00e1ntico feminista que repudia la violencia y el machismo<strong>,<\/strong> lo que fue destacado en redes sociales debido al contexto que atraviesa el movimiento y que est\u00e1 a v\u00edsperas del 8 de marzo (8M), instancia donde las manifestaciones feministas han sido altamente conglomeradas.<\/p>\n<div class=\"Tweet-card\">\n<article class=\"MediaCard cards-multimedia customisable-border\" dir=\"ltr\" data-scribe=\"component:card\">\n<div class=\"MediaCard-media\">\n<div class=\"MediaCard-widthConstraint js-cspForcedStyle\" data-style=\"max-width: 2000px\">\n<div class=\"MediaCard-mediaContainer MediaCard--roundedTop MediaCard--roundedBottom js-cspForcedStyle\" data-style=\"padding-bottom: 55.0000%\">\n<div class=\"NaturalImage-ctaOverlay PlayButton PlayButton--centered\" data-scribe=\"element:play_button\">\n<div class=\"Icon Icon--playCircle \" title=\"Reproducir contenido multimedia\" role=\"img\" aria-label=\"Reproducir contenido multimedia\">No hac\u00eda falta instituciones burocr\u00e1ticas, ni presidentes, ni Unasur, Celac u OEA, en claro indicio de que la integraci\u00f3n la hacen los pueblos. Y aunque sigan cerrando los organismos de cooperaci\u00f3n, de colaboraci\u00f3n, de integraci\u00f3n por mandato de Washington a los gobiernos socios-c\u00f3mplices de la regi\u00f3n, los pueblos seguir\u00e1n reuni\u00e9ndose, celebrando su cultura, con orgullo y sobre todo, con muchas alegr\u00eda.<\/div>\n<p>La historia de guerra, confrontaci\u00f3n de gobiernos entre 1879 y 1884 en beneficio de empresas explotadoras del salitre, no impide la reuni\u00f3n aymara. La guerra del Pac\u00edfico, la guerra del Salitre,\u00a0 enfrent\u00f3 a Chile contra los aliados Per\u00fa y Bolivia. La guerra se desarroll\u00f3 en el oc\u00e9ano Pac\u00edfico, en el desierto de Atacama y en las serran\u00edas y valles peruanos.<\/p>\n<\/div>\n<\/div>\n<\/div>\n<\/div>\n<\/article>\n<div data-style=\"padding-bottom: 55.0000%\"><\/div>\n<div data-style=\"padding-bottom: 55.0000%\">Arica es una ciudad portuaria conocida por sus playas del Pac\u00edfico, recomendadas para practicar surf. Cerca del centro, un camino sube hacia el cerro Morro de Arica, que tiene vistas panor\u00e1micas del desierto, los pocos valles y del Oc\u00e9ano Pac\u00edfico. La Catedral de San Marcos, de estilo g\u00f3tico, fue dise\u00f1ada por el arquitecto franc\u00e9s Gustave Eiffel (el mismo de lo torre de Par\u00eds) en metal y madera y se construy\u00f3 en 1876, cuando Arica a\u00fan estaba en poder de los peruanos.<\/div>\n<div data-style=\"padding-bottom: 55.0000%\"><\/div>\n<div data-style=\"padding-bottom: 55.0000%\">Las altas llanuras de la Cordillera de los Andes se elevan al este, donde est\u00e1 el Parque Nacional Lauca y el lago Chungar\u00e1. Y todo circundado por el agreste desierto no polar m\u00e1s \u00e1rido de la Tierra, el desierto de Atacama , que se extiende por 105 mil kil\u00f3metros cuadrados en el norte grande de Chile, abarcando las regiones de Arica y Parinacota, Tarapac\u00e1, Antofagasta, Atacama y el norte de la de Coquimbo.<\/div>\n<\/div>\n<div data-style=\"padding-bottom: 55.0000%\"><a href=\"http:\/\/www.surysur.net\/site\/uploads\/2020\/02\/arica-carnaval4.jpg\"><img loading=\"lazy\" decoding=\"async\" class=\"wp-image-73064 alignright\" src=\"http:\/\/www.surysur.net\/site\/uploads\/2020\/02\/arica-carnaval4-200x133.jpg\" alt=\"\" width=\"301\" height=\"200\" \/><\/a><\/div>\n<div data-style=\"padding-bottom: 55.0000%\">\n<p>Desde el Museo Arqueol\u00f3gico de San Miguel de Azapa, de la arique\u00f1a Universidad de Tarapac\u00e1, las momias de Chinchorro dan fe de una cultura milenaria, que practic\u00f3 la momificaci\u00f3n artificial dos mil a\u00f1os antes que los egipcios. Era un pueblo sedentario, que vivi\u00f3 hace 5000 a\u00f1os en el litoral del desierto de Atacama y explot\u00f3 el mar para subsistir.<\/p>\n<p>El cierre del Carnaval estuvo a cargo de los comparsas locales, que sacaron todo su repertorio de lucha contra la represi\u00f3n del gobierno, por una nueva constituci\u00f3n para todos los chilenos y por el respeto a los pueblos originarios.<\/p>\n<\/div>\n<p>El Cuerpo de Bomberos de Arica agradeci\u00f3 la donaci\u00f3n realizada por la Comisi\u00f3n Organizadora del Carnaval Andino luego que \u00e9sta decidiera suspender la competencia y transformar la fiesta en un carnaval social. \u00abEs una decisi\u00f3n bastante sabia en medio del contexto social que estamos viviendo, el Carnaval es un \u00edcono de la ciudad, es una acci\u00f3n social\u00bb, se\u00f1al\u00f3 el Alcalde de la ciudad, Gerardo Esp\u00edndola Rojas.<\/p>\n<p>Tres d\u00edas de desfiles de comparsas. Tres d\u00edas con el pueblo arique\u00f1o -y los visitantes de ciudades chilenas, peruanas y bolivianas- en las calles, disfrutando su fiesta de la whipala. El lunes termina el Carnaval y regresa la lucha, como en cada ciudad de Chile.<\/p>\n<\/div>\n","protected":false},"excerpt":{"rendered":"<p>por Aram Aharonian Lejos de los Sebasti\u00e1n Pi\u00f1era, Mart\u00edn Vizcarra y Jeanine \u00c1\u00f1ez -y sobre todo de Donald Trump y Luis Almagro- 64 agrupaciones de Chile, Per\u00fa y Bolivia de\u00a0 ascendencia Aymara, festejaron durante tres d\u00edas, en Arica, la ciudad&hellip;<\/p>\n","protected":false},"author":1415,"featured_media":1032527,"comment_status":"closed","ping_status":"closed","sticky":false,"template":"","format":"standard","meta":{"footnotes":""},"categories":[75,67],"tags":[5688,22100,20867],"class_list":["post-1032526","post","type-post","status-publish","format-standard","has-post-thumbnail","hentry","category-cultura-es","category-sudamerica","tag-carnavales","tag-cultura-popular","tag-integracion-regional"],"yoast_head":"<!-- This site is optimized with the Yoast SEO plugin v27.1.1 - https:\/\/yoast.com\/product\/yoast-seo-wordpress\/ -->\n<title>La unidad la hacen los pueblos: el Carnaval con la fuerza del sol en Arica<\/title>\n<meta name=\"description\" content=\"por Aram Aharonian Lejos de los Sebasti\u00e1n Pi\u00f1era, Mart\u00edn Vizcarra y Jeanine \u00c1\u00f1ez -y sobre todo de Donald Trump y Luis Almagro- 64 agrupaciones de Chile,\" \/>\n<meta name=\"robots\" content=\"index, follow, max-snippet:-1, max-image-preview:large, max-video-preview:-1\" \/>\n<link rel=\"canonical\" href=\"https:\/\/www.pressenza.com\/es\/2020\/02\/la-unidad-la-hacen-los-pueblos-el-carnaval-con-la-fuerza-del-sol-en-arica\/\" \/>\n<meta property=\"og:locale\" content=\"es_ES\" \/>\n<meta property=\"og:type\" content=\"article\" \/>\n<meta property=\"og:title\" content=\"La unidad la hacen los pueblos: el Carnaval con la fuerza del sol en Arica\" \/>\n<meta property=\"og:description\" content=\"por Aram Aharonian Lejos de los Sebasti\u00e1n Pi\u00f1era, Mart\u00edn Vizcarra y Jeanine \u00c1\u00f1ez -y sobre todo de Donald Trump y Luis Almagro- 64 agrupaciones de Chile,\" \/>\n<meta property=\"og:url\" content=\"https:\/\/www.pressenza.com\/es\/2020\/02\/la-unidad-la-hacen-los-pueblos-el-carnaval-con-la-fuerza-del-sol-en-arica\/\" \/>\n<meta property=\"og:site_name\" content=\"Pressenza\" \/>\n<meta property=\"article:publisher\" content=\"https:\/\/www.facebook.com\/PressenzaItalia\" \/>\n<meta property=\"article:published_time\" content=\"2020-02-12T14:03:11+00:00\" \/>\n<meta property=\"article:modified_time\" content=\"2020-02-12T14:07:21+00:00\" \/>\n<meta property=\"og:image\" content=\"https:\/\/www.pressenza.com\/wp-content\/uploads\/2020\/02\/carnavales.jpg\" \/>\n\t<meta property=\"og:image:width\" content=\"640\" \/>\n\t<meta property=\"og:image:height\" content=\"352\" \/>\n\t<meta property=\"og:image:type\" content=\"image\/jpeg\" \/>\n<meta name=\"author\" content=\"Aram Aharonian\" \/>\n<meta name=\"twitter:card\" content=\"summary_large_image\" \/>\n<meta name=\"twitter:creator\" content=\"@PressenzaIPA\" \/>\n<meta name=\"twitter:site\" content=\"@PressenzaIPA\" \/>\n<meta name=\"twitter:label1\" content=\"Escrito por\" \/>\n\t<meta name=\"twitter:data1\" content=\"Aram Aharonian\" \/>\n\t<meta name=\"twitter:label2\" content=\"Tiempo de lectura\" \/>\n\t<meta name=\"twitter:data2\" content=\"4 minutos\" \/>\n<script type=\"application\/ld+json\" class=\"yoast-schema-graph\">{\"@context\":\"https:\/\/schema.org\",\"@graph\":[{\"@type\":\"Article\",\"@id\":\"https:\/\/www.pressenza.com\/es\/2020\/02\/la-unidad-la-hacen-los-pueblos-el-carnaval-con-la-fuerza-del-sol-en-arica\/#article\",\"isPartOf\":{\"@id\":\"https:\/\/www.pressenza.com\/es\/2020\/02\/la-unidad-la-hacen-los-pueblos-el-carnaval-con-la-fuerza-del-sol-en-arica\/\"},\"author\":{\"name\":\"Aram Aharonian\",\"@id\":\"https:\/\/www.pressenza.com\/es\/#\/schema\/person\/777c39c93856c085c6d5931778fbf85f\"},\"headline\":\"La unidad la hacen los pueblos: el Carnaval con la fuerza del sol en Arica\",\"datePublished\":\"2020-02-12T14:03:11+00:00\",\"dateModified\":\"2020-02-12T14:07:21+00:00\",\"mainEntityOfPage\":{\"@id\":\"https:\/\/www.pressenza.com\/es\/2020\/02\/la-unidad-la-hacen-los-pueblos-el-carnaval-con-la-fuerza-del-sol-en-arica\/\"},\"wordCount\":775,\"publisher\":{\"@id\":\"https:\/\/www.pressenza.com\/es\/#organization\"},\"image\":{\"@id\":\"https:\/\/www.pressenza.com\/es\/2020\/02\/la-unidad-la-hacen-los-pueblos-el-carnaval-con-la-fuerza-del-sol-en-arica\/#primaryimage\"},\"thumbnailUrl\":\"https:\/\/www.pressenza.com\/wp-content\/uploads\/2020\/02\/carnavales.jpg\",\"keywords\":[\"carnavales\",\"cultura popular\",\"integraci\u00f3n regional\"],\"articleSection\":[\"Cultura y Medios\",\"Sudam\u00e9rica\"],\"inLanguage\":\"es\"},{\"@type\":\"WebPage\",\"@id\":\"https:\/\/www.pressenza.com\/es\/2020\/02\/la-unidad-la-hacen-los-pueblos-el-carnaval-con-la-fuerza-del-sol-en-arica\/\",\"url\":\"https:\/\/www.pressenza.com\/es\/2020\/02\/la-unidad-la-hacen-los-pueblos-el-carnaval-con-la-fuerza-del-sol-en-arica\/\",\"name\":\"La unidad la hacen los pueblos: el Carnaval con la fuerza del sol en Arica\",\"isPartOf\":{\"@id\":\"https:\/\/www.pressenza.com\/es\/#website\"},\"primaryImageOfPage\":{\"@id\":\"https:\/\/www.pressenza.com\/es\/2020\/02\/la-unidad-la-hacen-los-pueblos-el-carnaval-con-la-fuerza-del-sol-en-arica\/#primaryimage\"},\"image\":{\"@id\":\"https:\/\/www.pressenza.com\/es\/2020\/02\/la-unidad-la-hacen-los-pueblos-el-carnaval-con-la-fuerza-del-sol-en-arica\/#primaryimage\"},\"thumbnailUrl\":\"https:\/\/www.pressenza.com\/wp-content\/uploads\/2020\/02\/carnavales.jpg\",\"datePublished\":\"2020-02-12T14:03:11+00:00\",\"dateModified\":\"2020-02-12T14:07:21+00:00\",\"description\":\"por Aram Aharonian Lejos de los Sebasti\u00e1n Pi\u00f1era, Mart\u00edn Vizcarra y Jeanine \u00c1\u00f1ez -y sobre todo de Donald Trump y Luis Almagro- 64 agrupaciones de Chile,\",\"breadcrumb\":{\"@id\":\"https:\/\/www.pressenza.com\/es\/2020\/02\/la-unidad-la-hacen-los-pueblos-el-carnaval-con-la-fuerza-del-sol-en-arica\/#breadcrumb\"},\"inLanguage\":\"es\",\"potentialAction\":[{\"@type\":\"ReadAction\",\"target\":[\"https:\/\/www.pressenza.com\/es\/2020\/02\/la-unidad-la-hacen-los-pueblos-el-carnaval-con-la-fuerza-del-sol-en-arica\/\"]}]},{\"@type\":\"ImageObject\",\"inLanguage\":\"es\",\"@id\":\"https:\/\/www.pressenza.com\/es\/2020\/02\/la-unidad-la-hacen-los-pueblos-el-carnaval-con-la-fuerza-del-sol-en-arica\/#primaryimage\",\"url\":\"https:\/\/www.pressenza.com\/wp-content\/uploads\/2020\/02\/carnavales.jpg\",\"contentUrl\":\"https:\/\/www.pressenza.com\/wp-content\/uploads\/2020\/02\/carnavales.jpg\",\"width\":640,\"height\":352},{\"@type\":\"BreadcrumbList\",\"@id\":\"https:\/\/www.pressenza.com\/es\/2020\/02\/la-unidad-la-hacen-los-pueblos-el-carnaval-con-la-fuerza-del-sol-en-arica\/#breadcrumb\",\"itemListElement\":[{\"@type\":\"ListItem\",\"position\":1,\"name\":\"Accueil\",\"item\":\"https:\/\/www.pressenza.com\/es\/\"},{\"@type\":\"ListItem\",\"position\":2,\"name\":\"La unidad la hacen los pueblos: el Carnaval con la fuerza del sol en Arica\"}]},{\"@type\":\"WebSite\",\"@id\":\"https:\/\/www.pressenza.com\/es\/#website\",\"url\":\"https:\/\/www.pressenza.com\/es\/\",\"name\":\"Pressenza\",\"description\":\"International Press Agency\",\"publisher\":{\"@id\":\"https:\/\/www.pressenza.com\/es\/#organization\"},\"potentialAction\":[{\"@type\":\"SearchAction\",\"target\":{\"@type\":\"EntryPoint\",\"urlTemplate\":\"https:\/\/www.pressenza.com\/es\/?s={search_term_string}\"},\"query-input\":{\"@type\":\"PropertyValueSpecification\",\"valueRequired\":true,\"valueName\":\"search_term_string\"}}],\"inLanguage\":\"es\"},{\"@type\":\"Organization\",\"@id\":\"https:\/\/www.pressenza.com\/es\/#organization\",\"name\":\"Pressenza\",\"url\":\"https:\/\/www.pressenza.com\/es\/\",\"logo\":{\"@type\":\"ImageObject\",\"inLanguage\":\"es\",\"@id\":\"https:\/\/www.pressenza.com\/es\/#\/schema\/logo\/image\/\",\"url\":\"https:\/\/www.pressenza.com\/wp-content\/uploads\/2022\/10\/pressenza_logo_200x200.jpg\",\"contentUrl\":\"https:\/\/www.pressenza.com\/wp-content\/uploads\/2022\/10\/pressenza_logo_200x200.jpg\",\"width\":200,\"height\":200,\"caption\":\"Pressenza\"},\"image\":{\"@id\":\"https:\/\/www.pressenza.com\/es\/#\/schema\/logo\/image\/\"},\"sameAs\":[\"https:\/\/www.facebook.com\/PressenzaItalia\",\"https:\/\/x.com\/PressenzaIPA\"]},{\"@type\":\"Person\",\"@id\":\"https:\/\/www.pressenza.com\/es\/#\/schema\/person\/777c39c93856c085c6d5931778fbf85f\",\"name\":\"Aram Aharonian\",\"description\":\"Magister en Integraci\u00f3n, periodista y docente uruguayo, fundador de Telesur, director del Observatorio en Comunicaci\u00f3n y Democracia, presidente de la Fundaci\u00f3n para la Integraci\u00f3n Latinoamericana.\",\"url\":\"https:\/\/www.pressenza.com\/es\/author\/aram-aharonian\/\"}]}<\/script>\n<!-- \/ Yoast SEO plugin. -->","yoast_head_json":{"title":"La unidad la hacen los pueblos: el Carnaval con la fuerza del sol en Arica","description":"por Aram Aharonian Lejos de los Sebasti\u00e1n Pi\u00f1era, Mart\u00edn Vizcarra y Jeanine \u00c1\u00f1ez -y sobre todo de Donald Trump y Luis Almagro- 64 agrupaciones de Chile,","robots":{"index":"index","follow":"follow","max-snippet":"max-snippet:-1","max-image-preview":"max-image-preview:large","max-video-preview":"max-video-preview:-1"},"canonical":"https:\/\/www.pressenza.com\/es\/2020\/02\/la-unidad-la-hacen-los-pueblos-el-carnaval-con-la-fuerza-del-sol-en-arica\/","og_locale":"es_ES","og_type":"article","og_title":"La unidad la hacen los pueblos: el Carnaval con la fuerza del sol en Arica","og_description":"por Aram Aharonian Lejos de los Sebasti\u00e1n Pi\u00f1era, Mart\u00edn Vizcarra y Jeanine \u00c1\u00f1ez -y sobre todo de Donald Trump y Luis Almagro- 64 agrupaciones de Chile,","og_url":"https:\/\/www.pressenza.com\/es\/2020\/02\/la-unidad-la-hacen-los-pueblos-el-carnaval-con-la-fuerza-del-sol-en-arica\/","og_site_name":"Pressenza","article_publisher":"https:\/\/www.facebook.com\/PressenzaItalia","article_published_time":"2020-02-12T14:03:11+00:00","article_modified_time":"2020-02-12T14:07:21+00:00","og_image":[{"width":640,"height":352,"url":"https:\/\/www.pressenza.com\/wp-content\/uploads\/2020\/02\/carnavales.jpg","type":"image\/jpeg"}],"author":"Aram Aharonian","twitter_card":"summary_large_image","twitter_creator":"@PressenzaIPA","twitter_site":"@PressenzaIPA","twitter_misc":{"Escrito por":"Aram Aharonian","Tiempo de lectura":"4 minutos"},"schema":{"@context":"https:\/\/schema.org","@graph":[{"@type":"Article","@id":"https:\/\/www.pressenza.com\/es\/2020\/02\/la-unidad-la-hacen-los-pueblos-el-carnaval-con-la-fuerza-del-sol-en-arica\/#article","isPartOf":{"@id":"https:\/\/www.pressenza.com\/es\/2020\/02\/la-unidad-la-hacen-los-pueblos-el-carnaval-con-la-fuerza-del-sol-en-arica\/"},"author":{"name":"Aram Aharonian","@id":"https:\/\/www.pressenza.com\/es\/#\/schema\/person\/777c39c93856c085c6d5931778fbf85f"},"headline":"La unidad la hacen los pueblos: el Carnaval con la fuerza del sol en Arica","datePublished":"2020-02-12T14:03:11+00:00","dateModified":"2020-02-12T14:07:21+00:00","mainEntityOfPage":{"@id":"https:\/\/www.pressenza.com\/es\/2020\/02\/la-unidad-la-hacen-los-pueblos-el-carnaval-con-la-fuerza-del-sol-en-arica\/"},"wordCount":775,"publisher":{"@id":"https:\/\/www.pressenza.com\/es\/#organization"},"image":{"@id":"https:\/\/www.pressenza.com\/es\/2020\/02\/la-unidad-la-hacen-los-pueblos-el-carnaval-con-la-fuerza-del-sol-en-arica\/#primaryimage"},"thumbnailUrl":"https:\/\/www.pressenza.com\/wp-content\/uploads\/2020\/02\/carnavales.jpg","keywords":["carnavales","cultura popular","integraci\u00f3n regional"],"articleSection":["Cultura y Medios","Sudam\u00e9rica"],"inLanguage":"es"},{"@type":"WebPage","@id":"https:\/\/www.pressenza.com\/es\/2020\/02\/la-unidad-la-hacen-los-pueblos-el-carnaval-con-la-fuerza-del-sol-en-arica\/","url":"https:\/\/www.pressenza.com\/es\/2020\/02\/la-unidad-la-hacen-los-pueblos-el-carnaval-con-la-fuerza-del-sol-en-arica\/","name":"La unidad la hacen los pueblos: el Carnaval con la fuerza del sol en Arica","isPartOf":{"@id":"https:\/\/www.pressenza.com\/es\/#website"},"primaryImageOfPage":{"@id":"https:\/\/www.pressenza.com\/es\/2020\/02\/la-unidad-la-hacen-los-pueblos-el-carnaval-con-la-fuerza-del-sol-en-arica\/#primaryimage"},"image":{"@id":"https:\/\/www.pressenza.com\/es\/2020\/02\/la-unidad-la-hacen-los-pueblos-el-carnaval-con-la-fuerza-del-sol-en-arica\/#primaryimage"},"thumbnailUrl":"https:\/\/www.pressenza.com\/wp-content\/uploads\/2020\/02\/carnavales.jpg","datePublished":"2020-02-12T14:03:11+00:00","dateModified":"2020-02-12T14:07:21+00:00","description":"por Aram Aharonian Lejos de los Sebasti\u00e1n Pi\u00f1era, Mart\u00edn Vizcarra y Jeanine \u00c1\u00f1ez -y sobre todo de Donald Trump y Luis Almagro- 64 agrupaciones de Chile,","breadcrumb":{"@id":"https:\/\/www.pressenza.com\/es\/2020\/02\/la-unidad-la-hacen-los-pueblos-el-carnaval-con-la-fuerza-del-sol-en-arica\/#breadcrumb"},"inLanguage":"es","potentialAction":[{"@type":"ReadAction","target":["https:\/\/www.pressenza.com\/es\/2020\/02\/la-unidad-la-hacen-los-pueblos-el-carnaval-con-la-fuerza-del-sol-en-arica\/"]}]},{"@type":"ImageObject","inLanguage":"es","@id":"https:\/\/www.pressenza.com\/es\/2020\/02\/la-unidad-la-hacen-los-pueblos-el-carnaval-con-la-fuerza-del-sol-en-arica\/#primaryimage","url":"https:\/\/www.pressenza.com\/wp-content\/uploads\/2020\/02\/carnavales.jpg","contentUrl":"https:\/\/www.pressenza.com\/wp-content\/uploads\/2020\/02\/carnavales.jpg","width":640,"height":352},{"@type":"BreadcrumbList","@id":"https:\/\/www.pressenza.com\/es\/2020\/02\/la-unidad-la-hacen-los-pueblos-el-carnaval-con-la-fuerza-del-sol-en-arica\/#breadcrumb","itemListElement":[{"@type":"ListItem","position":1,"name":"Accueil","item":"https:\/\/www.pressenza.com\/es\/"},{"@type":"ListItem","position":2,"name":"La unidad la hacen los pueblos: el Carnaval con la fuerza del sol en Arica"}]},{"@type":"WebSite","@id":"https:\/\/www.pressenza.com\/es\/#website","url":"https:\/\/www.pressenza.com\/es\/","name":"Pressenza","description":"International Press Agency","publisher":{"@id":"https:\/\/www.pressenza.com\/es\/#organization"},"potentialAction":[{"@type":"SearchAction","target":{"@type":"EntryPoint","urlTemplate":"https:\/\/www.pressenza.com\/es\/?s={search_term_string}"},"query-input":{"@type":"PropertyValueSpecification","valueRequired":true,"valueName":"search_term_string"}}],"inLanguage":"es"},{"@type":"Organization","@id":"https:\/\/www.pressenza.com\/es\/#organization","name":"Pressenza","url":"https:\/\/www.pressenza.com\/es\/","logo":{"@type":"ImageObject","inLanguage":"es","@id":"https:\/\/www.pressenza.com\/es\/#\/schema\/logo\/image\/","url":"https:\/\/www.pressenza.com\/wp-content\/uploads\/2022\/10\/pressenza_logo_200x200.jpg","contentUrl":"https:\/\/www.pressenza.com\/wp-content\/uploads\/2022\/10\/pressenza_logo_200x200.jpg","width":200,"height":200,"caption":"Pressenza"},"image":{"@id":"https:\/\/www.pressenza.com\/es\/#\/schema\/logo\/image\/"},"sameAs":["https:\/\/www.facebook.com\/PressenzaItalia","https:\/\/x.com\/PressenzaIPA"]},{"@type":"Person","@id":"https:\/\/www.pressenza.com\/es\/#\/schema\/person\/777c39c93856c085c6d5931778fbf85f","name":"Aram Aharonian","description":"Magister en Integraci\u00f3n, periodista y docente uruguayo, fundador de Telesur, director del Observatorio en Comunicaci\u00f3n y Democracia, presidente de la Fundaci\u00f3n para la Integraci\u00f3n Latinoamericana.","url":"https:\/\/www.pressenza.com\/es\/author\/aram-aharonian\/"}]}},"place":"Arica, Chile","original_article_url":"http:\/\/integracion.info\/?p=5089","_links":{"self":[{"href":"https:\/\/www.pressenza.com\/es\/wp-json\/wp\/v2\/posts\/1032526","targetHints":{"allow":["GET"]}}],"collection":[{"href":"https:\/\/www.pressenza.com\/es\/wp-json\/wp\/v2\/posts"}],"about":[{"href":"https:\/\/www.pressenza.com\/es\/wp-json\/wp\/v2\/types\/post"}],"author":[{"embeddable":true,"href":"https:\/\/www.pressenza.com\/es\/wp-json\/wp\/v2\/users\/1415"}],"replies":[{"embeddable":true,"href":"https:\/\/www.pressenza.com\/es\/wp-json\/wp\/v2\/comments?post=1032526"}],"version-history":[{"count":0,"href":"https:\/\/www.pressenza.com\/es\/wp-json\/wp\/v2\/posts\/1032526\/revisions"}],"wp:featuredmedia":[{"embeddable":true,"href":"https:\/\/www.pressenza.com\/es\/wp-json\/wp\/v2\/media\/1032527"}],"wp:attachment":[{"href":"https:\/\/www.pressenza.com\/es\/wp-json\/wp\/v2\/media?parent=1032526"}],"wp:term":[{"taxonomy":"category","embeddable":true,"href":"https:\/\/www.pressenza.com\/es\/wp-json\/wp\/v2\/categories?post=1032526"},{"taxonomy":"post_tag","embeddable":true,"href":"https:\/\/www.pressenza.com\/es\/wp-json\/wp\/v2\/tags?post=1032526"}],"curies":[{"name":"wp","href":"https:\/\/api.w.org\/{rel}","templated":true}]}}