{"id":1029493,"date":"2020-02-07T02:16:09","date_gmt":"2020-02-07T02:16:09","guid":{"rendered":"https:\/\/www.pressenza.com\/?p=1029493"},"modified":"2020-02-07T02:16:09","modified_gmt":"2020-02-07T02:16:09","slug":"contrarrestando-el-desdibujado-anual-de-su-legado-los-progresistas-recuerdan-al-anticapitalista-antiimperialista-martin-luther-king-jr","status":"publish","type":"post","link":"https:\/\/www.pressenza.com\/es\/2020\/02\/contrarrestando-el-desdibujado-anual-de-su-legado-los-progresistas-recuerdan-al-anticapitalista-antiimperialista-martin-luther-king-jr\/","title":{"rendered":"Contrarrestando el desdibujado anual de su legado, los progresistas recuerdan al \u00abanticapitalista, antiimperialista\u00bb Martin Luther King Jr."},"content":{"rendered":"<p>Mientras gente como el <a href=\"about:blank\">presidente Donald Trump<\/a>, los <a href=\"about:blank\">republicanos<\/a> <a href=\"about:blank\">de derecha<\/a> y <a href=\"about:blank\">los funcionarios del Pent\u00e1gono<\/a> &#8211; adem\u00e1s de muchos liberales &#8211; jalonaron el D\u00eda de Martin Luther King Jr. con citas y mensajes seleccionados, los progresistas apuntaron a desafiar su lavada narrativa del legado del l\u00edder de los derechos civiles con recordatorios detallados de la mordaz cr\u00edtica de King no s\u00f3lo al racismo sino tambi\u00e9n al capitalismo, al militarismo y al imperialismo.<\/p>\n<p>\u00abHagamos m\u00e1s que honrar y recordar al Dr. King. Seamos fieles a su esp\u00edritu revolucionario y a su llamado a una \u00abrevoluci\u00f3n radical de valores\u00bb\u00bb.<\/p>\n<p>-Sen. Bernie Sanders<\/p>\n<p>Entre los que hablaron preparando la festividad del d\u00eda lunes estuvo el Rev. Dr. William J. Barber II, quien dijo durante el fin de semana que \u00aben este momento hist\u00f3rico, necesitamos recordar especialmente al verdadero Martin Luther King, porque hay muchas semblanzas falsas que se consienten en la opini\u00f3n p\u00fablica\u00bb.<\/p>\n<p>El verdadero Dr.King, explic\u00f3 Barber, \u00abse encontr\u00f3 a s\u00ed mismo teniendo que enfrentarse a una sociedad a la que amaba tanto que tuvo que criticarla, una sociedad a la que diagnostic\u00f3 apropiadamente como una enfermedad neur\u00f3tica y un compromiso infectado con el racismo, la pobreza y el militarismo que estaba destruyendo su alma y desgarrando sus promesas morales as\u00ed como sus posibilidades\u00bb.<\/p>\n<blockquote class=\"twitter-tweet\" data-width=\"500\" data-dnt=\"true\">\n<p lang=\"en\" dir=\"ltr\">If we are to honor and love Martin Luther King, we must be clear about who he was. In this historical moment, we especially need to remember the real Martin Luther King, because there are a lot of false portraits that are being pandered in the public square. <a href=\"https:\/\/twitter.com\/hashtag\/MLKDay?src=hash&amp;ref_src=twsrc%5Etfw\">#MLKDay<\/a> <a href=\"https:\/\/twitter.com\/hashtag\/MLKDay2020?src=hash&amp;ref_src=twsrc%5Etfw\">#MLKDay2020<\/a> <a href=\"https:\/\/t.co\/sGMpWHdSEX\">pic.twitter.com\/sGMpWHdSEX<\/a><\/p>\n<p>&mdash; Rev. Dr. William J. Barber II (@RevDrBarber) <a href=\"https:\/\/twitter.com\/RevDrBarber\/status\/1219132335343443968?ref_src=twsrc%5Etfw\">January 20, 2020<\/a><\/p><\/blockquote>\n<p><script async src=\"https:\/\/platform.twitter.com\/widgets.js\" charset=\"utf-8\"><\/script><\/p>\n<p>Como <a href=\"about:blank#v=onepage&amp;q=The%20evils%20of%20capitalism%20are%20as%20real%20as%20the%20evils%20of%20militarism%20and%20evils%20of%20racism&amp;f=false\">dijo<\/a> King a la junta de la Conferencia de Liderazgo Cristiano del Sur (SCLC) el 30 de marzo de 1967, \u00abLos males del capitalismo son tan reales como los males del militarismo y los males del racismo\u00bb.<\/p>\n<p>S\u00f3lo unos d\u00edas despu\u00e9s, el 4 de abril de 1967, exactamente un a\u00f1o antes de que King <a href=\"about:blank\">fuera asesinado<\/a>, pronunci\u00f3 un famoso discurso en la Iglesia de Riverside en Nueva York condenando la guerra de Vietnam. Pidi\u00f3 tanto el fin del \u00abconflicto pesadillesco\u00bb como que la naci\u00f3n \u00absufriera una revoluci\u00f3n radical de valores\u00bb, <a href=\"about:blank\">diciendo<\/a> en parte:<\/p>\n<blockquote><p>Una verdadera revoluci\u00f3n de valores pondr\u00e1 la mano en el orden mundial y dir\u00e1 de la guerra: \u00abEsta forma de resolver las diferencias no es justa\u00bb. Este negocio de quemar seres humanos con napalm, de llenar los hogares de nuestra naci\u00f3n con hu\u00e9rfanos y viudas, de inyectar drogas envenenadas de odio en las venas de pueblos normalmente humanos, de enviar hombres de regreso desde oscuros y sangrientos campos de batalla, f\u00edsicamente discapacitados y psicol\u00f3gicamente trastornados, no puede ser reconciliado con la sabidur\u00eda, la justicia y el amor.<\/p><\/blockquote>\n<p>El periodista Glenn Greenwald se\u00f1al\u00f3 a \u00abese extraordinario discurso\u00bb y \u00abcu\u00e1n completamente se ignora la vehemente defensa antib\u00e9lica [de King] cuando se conmemora su vida (al igual que sus opiniones econ\u00f3micas)\u00bb en una <a href=\"about:blank\">columna<\/a> de 2013 para <em>The Guardian<\/em> que <a href=\"about:blank\">comparti\u00f3<\/a> en Twitter el lunes. En su columna, Greenwald escribi\u00f3:<\/p>\n<blockquote><p>Lo que siempre me pareci\u00f3 m\u00e1s impresionante, m\u00e1s poderoso, del discurso del 4 de abril de King es la conexi\u00f3n que repetidamente hizo entre la violencia americana en el mundo y el car\u00e1cter de la naci\u00f3n. La guerra sin fin no s\u00f3lo fue destructiva por s\u00ed misma, sino que es algo que asegura que el \u00abalma de Am\u00e9rica se envenenar\u00e1 totalmente\u00bb, fomenta la \u00abmuerte espiritual\u00bb, perpet\u00faa la \u00abenfermedad dentro del esp\u00edritu americano\u00bb y eleva \u00abla arrogancia occidental de sentir que tiene todo para ense\u00f1ar a los dem\u00e1s y nada que aprender de ellos\u00bb. En resumen, proseguir una guerra sin fin es \u00abadorar al dios del odio\u00bb e \u00abinclinarse ante el altar de la represalia\u00bb.<\/p>\n<p>Este es el punto general que impulsa nuestros debates actuales sobre la guerra y el militarismo en la actualidad. La degradaci\u00f3n de la psique nacional, la insensibilidad hacia la matanza continua, la creencia de que los EE.UU. no s\u00f3lo tienen el derecho sino el deber de llevar la violencia a cualquier lugar del mundo que quiera: eso es lo que se encuentra en el coraz\u00f3n del abrazo continuo de la guerra sin fin. Un alma nacional corrupta permite a los l\u00edderes hacer una guerra sin fin, pero la guerra sin fin tambi\u00e9n corrompe el alma nacional, exactamente como King advirti\u00f3. A veces esto parece ser un ineludible ciclo de degradaci\u00f3n que se perpet\u00faa a s\u00ed mismo.<\/p><\/blockquote>\n<p>\u00abEn el d\u00eda de MLK, vale la pena recordar su conmovedora y apasionada condena al militarismo de EE.UU.\u00bb, escribi\u00f3 Greenwald el lunes, \u00aby sus argumentos acerca de por qu\u00e9 la oposici\u00f3n a \u00e9ste no puede ser desvinculada del antirracismo o del activismo contra la pobreza\u00bb.<\/p>\n<p>En un tweet del lunes, el senador Bernie Sanders, uno de los principales candidatos en las primarias presidenciales dem\u00f3cratas, se refiri\u00f3 al discurso de King en Riverside. Sanders <a href=\"about:blank\">declar\u00f3<\/a>: \u00abHagamos algo m\u00e1s que honrar y recordar al Dr. King. Seamos fieles a su esp\u00edritu revolucionario y a su llamado a una \u00abrevoluci\u00f3n radical de valores\u00bb\u00bb.<\/p>\n<p>Sanders, uno de los <a href=\"about:blank\">varios<\/a> aspirantes a la Casa Blanca que <a href=\"about:blank\">habl\u00f3<\/a> en el \u00abD\u00eda de King en el Domo\u00bb en Carolina del Sur, a\u00f1adi\u00f3 que \u00abdebemos luchar por llevar a cabo su radical y audaz visi\u00f3n de la justicia racial y econ\u00f3mica en Am\u00e9rica y transformar nuestras prioridades nacionales\u00bb.<\/p>\n<blockquote class=\"twitter-tweet\" data-width=\"500\" data-dnt=\"true\">\n<p lang=\"en\" dir=\"ltr\">To truly honor Dr. King we must fight to carry out his radical and bold vision for racial and economic justice in America and transform our national priorities. The struggle continues to this day, and our work is far from over. <a href=\"https:\/\/twitter.com\/hashtag\/MLKDay?src=hash&amp;ref_src=twsrc%5Etfw\">#MLKDay<\/a> <a href=\"https:\/\/t.co\/2HvceuTIbV\">pic.twitter.com\/2HvceuTIbV<\/a><\/p>\n<p>&mdash; Sen. Bernie Sanders (@SenSanders) <a href=\"https:\/\/twitter.com\/SenSanders\/status\/1219264165610696705?ref_src=twsrc%5Etfw\">January 20, 2020<\/a><\/p><\/blockquote>\n<p><script async src=\"https:\/\/platform.twitter.com\/widgets.js\" charset=\"utf-8\"><\/script><\/p>\n<p>Varias figuras pol\u00edticas, acad\u00e9micos, activistas y reporteros tambi\u00e9n utilizaron los medios de comunicaci\u00f3n para destacar el verdadero legado de King:<\/p>\n<blockquote class=\"twitter-tweet\" data-width=\"500\" data-dnt=\"true\">\n<p lang=\"en\" dir=\"ltr\">Many will praise his name today, but who will have the courage to walk his steps? In the months leading to his assassination, King railed against white supremacy, the Vietnam War, and imperialism. But above all, his final focus was on poverty and economic injustice.<a href=\"https:\/\/twitter.com\/hashtag\/MLKDay?src=hash&amp;ref_src=twsrc%5Etfw\">#MLKDay<\/a> <a href=\"https:\/\/t.co\/x2s1EbbBN2\">pic.twitter.com\/x2s1EbbBN2<\/a><\/p>\n<p>&mdash; Nina Turner (@ninaturner) <a href=\"https:\/\/twitter.com\/ninaturner\/status\/1219309925635100672?ref_src=twsrc%5Etfw\">January 20, 2020<\/a><\/p><\/blockquote>\n<p><script async src=\"https:\/\/platform.twitter.com\/widgets.js\" charset=\"utf-8\"><\/script><\/p>\n<blockquote class=\"twitter-tweet\" data-width=\"500\" data-dnt=\"true\">\n<p lang=\"en\" dir=\"ltr\">Today, let us remember Martin Luther King as he was: A Black radical anti-capitalist, anti-imperialist, revolutionary Christian who died as an enemy of the State. Anything else is just a lie.<\/p>\n<p>&mdash; Marc Lamont Hill (@marclamonthill) <a href=\"https:\/\/twitter.com\/marclamonthill\/status\/1219291494768685061?ref_src=twsrc%5Etfw\">January 20, 2020<\/a><\/p><\/blockquote>\n<p><script async src=\"https:\/\/platform.twitter.com\/widgets.js\" charset=\"utf-8\"><\/script><\/p>\n<p>La representante Ilhan Omar (D-Minn.) tambi\u00e9n se dirigi\u00f3 a trav\u00e9s de Twitter el lunes para pedir que se honre a King reconociendo su historial real, <a href=\"about:blank\">se\u00f1alando<\/a> que \u00abvi\u00f3 la injusticia racial, la injusticia econ\u00f3mica y la guerra como tres de los grandes males del mundo\u00bb.<\/p>\n<p>Omar <a href=\"about:blank\">comparti\u00f3<\/a> una <a href=\"about:blank\">editorial<\/a> de \u00ablectura obligada\u00bb de 2018 de <em>The Charlotte Observer<\/em>, reeditado la semana pasada, que explicaba que King \u00abno era la adorable criatura que reinventamos cada D\u00eda de Martin Luther King para mentirnos a nosotros mismos y a nuestros hijos sobre c\u00f3mo s\u00f3lo quer\u00eda que nos llev\u00e1ramos bien\u00bb.<\/p>\n<p>El grupo Public Citizen twite\u00f3 el lunes \u00abKing era un progresista radical\u00bb, \u00abNo permitas que Am\u00e9rica encubra su legado\u00bb.<\/p>\n<blockquote class=\"twitter-tweet\" data-width=\"500\" data-dnt=\"true\">\n<p lang=\"en\" dir=\"ltr\"><a href=\"https:\/\/twitter.com\/hashtag\/MLK?src=hash&amp;ref_src=twsrc%5Etfw\">#MLK<\/a> was a radical progressive. Do not allow America to whitewash his legacy.<\/p>\n<p>&quot;It&#39;s a cruel jest to say to a bootless man that he ought to lift himself by his bootstraps. <a href=\"https:\/\/twitter.com\/hashtag\/MLKDay?src=hash&amp;ref_src=twsrc%5Etfw\">#MLKDay<\/a> <a href=\"https:\/\/t.co\/3zinza1uoa\">pic.twitter.com\/3zinza1uoa<\/a><\/p>\n<p>&mdash; Public Citizen (@Public_Citizen) <a href=\"https:\/\/twitter.com\/Public_Citizen\/status\/1219274386202558464?ref_src=twsrc%5Etfw\">January 20, 2020<\/a><\/p><\/blockquote>\n<p><script async src=\"https:\/\/platform.twitter.com\/widgets.js\" charset=\"utf-8\"><\/script><\/p>\n<p>Otros, <a href=\"about:blank\">incluyendo a este escritor<\/a>, han usado repetidamente el feriado nacional para combatir las narraciones esterilizadas. En 2016, Zaid Jilani public\u00f3 un art\u00edculo para The Intercept titulado, \u00abLas celebraciones de Martin Luther King Jr. pasan por alto sus cr\u00edticas al capitalismo y al militarismo\u00bb.<\/p>\n<p>Como Candice Benbow <a href=\"about:blank\">escribi\u00f3<\/a> para Essence en 2018:<\/p>\n<blockquote><p>Se sospechaba que era comunista, se le consideraba un provocador de la raza y el FBI lo consideraba el hombre m\u00e1s peligroso de Am\u00e9rica. Pero las \u00faltimas d\u00e9cadas lo han canonizado en santidad y es virtualmente imposible viajar en muchas comunidades sin ver una calle nombrada en su honor.<\/p>\n<p>[\u2026.]<\/p>\n<p>La adoraci\u00f3n universal del Dr. King s\u00f3lo puede ser descrita como una decisi\u00f3n deliberada de desdibujar su persona y su trabajo. Separar al Dr. King de su pol\u00edtica radical, socialista y de izquierdas es la \u00fanica manera en que muchos americanos que ahora lo alaban pueden hacerlo con (lo que piensan que es) una conciencia limpia.<\/p><\/blockquote>\n<p>Destacando los comentarios e historias revisadas que circulan en este d\u00eda cada a\u00f1o, Benbow a\u00f1adi\u00f3 que \u00abencubrir el legado radical del Dr. King para hacerlo m\u00e1s palpable a las masas funciona para aliviar la conciencia de Am\u00e9rica y vender la mentira de que somos post-raciales. Pero nosotros sabemos la verdad\u00bb.<\/p>\n<hr \/>\n<p><em>Traducci\u00f3n del ingl\u00e9s por Armando Y\u00e1nez<\/em><\/p>\n","protected":false},"excerpt":{"rendered":"<p>Mientras gente como el presidente Donald Trump, los republicanos de derecha y los funcionarios del Pent\u00e1gono &#8211; adem\u00e1s de muchos liberales &#8211; jalonaron el D\u00eda de Martin Luther King Jr. con citas y mensajes seleccionados, los progresistas apuntaron a desafiar&hellip;<\/p>\n","protected":false},"author":1126,"featured_media":1017284,"comment_status":"closed","ping_status":"closed","sticky":false,"template":"","format":"standard","meta":{"footnotes":""},"categories":[68,1242],"tags":[6957,23296],"class_list":["post-1029493","post","type-post","status-publish","format-standard","has-post-thumbnail","hentry","category-norteamerica","category-noviolencia-tema","tag-martin-luther-king-es","tag-mlk"],"yoast_head":"<!-- This site is optimized with the Yoast SEO plugin v27.1.1 - https:\/\/yoast.com\/product\/yoast-seo-wordpress\/ -->\n<title>Contrarrestando el desdibujado anual de su legado, los progresistas recuerdan al \u00abanticapitalista, antiimperialista\u00bb Martin Luther King Jr.<\/title>\n<meta name=\"description\" content=\"Mientras gente como el presidente Donald Trump, los republicanos de derecha y los funcionarios del Pent\u00e1gono - adem\u00e1s de muchos liberales - jalonaron el\" \/>\n<meta name=\"robots\" content=\"index, follow, max-snippet:-1, max-image-preview:large, max-video-preview:-1\" \/>\n<link rel=\"canonical\" href=\"https:\/\/www.pressenza.com\/es\/2020\/02\/contrarrestando-el-desdibujado-anual-de-su-legado-los-progresistas-recuerdan-al-anticapitalista-antiimperialista-martin-luther-king-jr\/\" \/>\n<meta property=\"og:locale\" content=\"es_ES\" \/>\n<meta property=\"og:type\" content=\"article\" \/>\n<meta property=\"og:title\" content=\"Contrarrestando el desdibujado anual de su legado, los progresistas recuerdan al \u00abanticapitalista, antiimperialista\u00bb Martin Luther King Jr.\" \/>\n<meta property=\"og:description\" content=\"Mientras gente como el presidente Donald Trump, los republicanos de derecha y los funcionarios del Pent\u00e1gono - adem\u00e1s de muchos liberales - jalonaron el\" \/>\n<meta property=\"og:url\" content=\"https:\/\/www.pressenza.com\/es\/2020\/02\/contrarrestando-el-desdibujado-anual-de-su-legado-los-progresistas-recuerdan-al-anticapitalista-antiimperialista-martin-luther-king-jr\/\" \/>\n<meta property=\"og:site_name\" content=\"Pressenza\" \/>\n<meta property=\"article:publisher\" content=\"https:\/\/www.facebook.com\/PressenzaItalia\" \/>\n<meta property=\"article:author\" content=\"https:\/\/www.facebook.com\/PressenzaEnglish\/\" \/>\n<meta property=\"article:published_time\" content=\"2020-02-07T02:16:09+00:00\" \/>\n<meta property=\"og:image\" content=\"https:\/\/www.pressenza.com\/wp-content\/uploads\/2020\/01\/MartinLutherKingMalcolmX.jpg\" \/>\n\t<meta property=\"og:image:width\" content=\"1920\" \/>\n\t<meta property=\"og:image:height\" content=\"1319\" \/>\n\t<meta property=\"og:image:type\" content=\"image\/jpeg\" \/>\n<meta name=\"author\" content=\"Pressenza New York\" \/>\n<meta name=\"twitter:card\" content=\"summary_large_image\" \/>\n<meta name=\"twitter:creator\" content=\"@PressenzaIPA\" \/>\n<meta name=\"twitter:site\" content=\"@PressenzaIPA\" \/>\n<meta name=\"twitter:label1\" content=\"Escrito por\" \/>\n\t<meta name=\"twitter:data1\" content=\"Pressenza New York\" \/>\n\t<meta name=\"twitter:label2\" content=\"Tiempo de lectura\" \/>\n\t<meta name=\"twitter:data2\" content=\"6 minutos\" \/>\n<script type=\"application\/ld+json\" class=\"yoast-schema-graph\">{\"@context\":\"https:\/\/schema.org\",\"@graph\":[{\"@type\":\"Article\",\"@id\":\"https:\/\/www.pressenza.com\/es\/2020\/02\/contrarrestando-el-desdibujado-anual-de-su-legado-los-progresistas-recuerdan-al-anticapitalista-antiimperialista-martin-luther-king-jr\/#article\",\"isPartOf\":{\"@id\":\"https:\/\/www.pressenza.com\/es\/2020\/02\/contrarrestando-el-desdibujado-anual-de-su-legado-los-progresistas-recuerdan-al-anticapitalista-antiimperialista-martin-luther-king-jr\/\"},\"author\":{\"name\":\"Pressenza New York\",\"@id\":\"https:\/\/www.pressenza.com\/es\/#\/schema\/person\/75ff8ec4b4b03f1d2da977bba83672b3\"},\"headline\":\"Contrarrestando el desdibujado anual de su legado, los progresistas recuerdan al \u00abanticapitalista, antiimperialista\u00bb Martin Luther King Jr.\",\"datePublished\":\"2020-02-07T02:16:09+00:00\",\"mainEntityOfPage\":{\"@id\":\"https:\/\/www.pressenza.com\/es\/2020\/02\/contrarrestando-el-desdibujado-anual-de-su-legado-los-progresistas-recuerdan-al-anticapitalista-antiimperialista-martin-luther-king-jr\/\"},\"wordCount\":1315,\"publisher\":{\"@id\":\"https:\/\/www.pressenza.com\/es\/#organization\"},\"image\":{\"@id\":\"https:\/\/www.pressenza.com\/es\/2020\/02\/contrarrestando-el-desdibujado-anual-de-su-legado-los-progresistas-recuerdan-al-anticapitalista-antiimperialista-martin-luther-king-jr\/#primaryimage\"},\"thumbnailUrl\":\"https:\/\/www.pressenza.com\/wp-content\/uploads\/2020\/01\/MartinLutherKingMalcolmX.jpg\",\"keywords\":[\"Martin Luther King\",\"MLK\"],\"articleSection\":[\"Norteam\u00e9rica\",\"Noviolencia\"],\"inLanguage\":\"es\"},{\"@type\":\"WebPage\",\"@id\":\"https:\/\/www.pressenza.com\/es\/2020\/02\/contrarrestando-el-desdibujado-anual-de-su-legado-los-progresistas-recuerdan-al-anticapitalista-antiimperialista-martin-luther-king-jr\/\",\"url\":\"https:\/\/www.pressenza.com\/es\/2020\/02\/contrarrestando-el-desdibujado-anual-de-su-legado-los-progresistas-recuerdan-al-anticapitalista-antiimperialista-martin-luther-king-jr\/\",\"name\":\"Contrarrestando el desdibujado anual de su legado, los progresistas recuerdan al \u00abanticapitalista, antiimperialista\u00bb Martin Luther King Jr.\",\"isPartOf\":{\"@id\":\"https:\/\/www.pressenza.com\/es\/#website\"},\"primaryImageOfPage\":{\"@id\":\"https:\/\/www.pressenza.com\/es\/2020\/02\/contrarrestando-el-desdibujado-anual-de-su-legado-los-progresistas-recuerdan-al-anticapitalista-antiimperialista-martin-luther-king-jr\/#primaryimage\"},\"image\":{\"@id\":\"https:\/\/www.pressenza.com\/es\/2020\/02\/contrarrestando-el-desdibujado-anual-de-su-legado-los-progresistas-recuerdan-al-anticapitalista-antiimperialista-martin-luther-king-jr\/#primaryimage\"},\"thumbnailUrl\":\"https:\/\/www.pressenza.com\/wp-content\/uploads\/2020\/01\/MartinLutherKingMalcolmX.jpg\",\"datePublished\":\"2020-02-07T02:16:09+00:00\",\"description\":\"Mientras gente como el presidente Donald Trump, los republicanos de derecha y los funcionarios del Pent\u00e1gono - adem\u00e1s de muchos liberales - jalonaron el\",\"breadcrumb\":{\"@id\":\"https:\/\/www.pressenza.com\/es\/2020\/02\/contrarrestando-el-desdibujado-anual-de-su-legado-los-progresistas-recuerdan-al-anticapitalista-antiimperialista-martin-luther-king-jr\/#breadcrumb\"},\"inLanguage\":\"es\",\"potentialAction\":[{\"@type\":\"ReadAction\",\"target\":[\"https:\/\/www.pressenza.com\/es\/2020\/02\/contrarrestando-el-desdibujado-anual-de-su-legado-los-progresistas-recuerdan-al-anticapitalista-antiimperialista-martin-luther-king-jr\/\"]}]},{\"@type\":\"ImageObject\",\"inLanguage\":\"es\",\"@id\":\"https:\/\/www.pressenza.com\/es\/2020\/02\/contrarrestando-el-desdibujado-anual-de-su-legado-los-progresistas-recuerdan-al-anticapitalista-antiimperialista-martin-luther-king-jr\/#primaryimage\",\"url\":\"https:\/\/www.pressenza.com\/wp-content\/uploads\/2020\/01\/MartinLutherKingMalcolmX.jpg\",\"contentUrl\":\"https:\/\/www.pressenza.com\/wp-content\/uploads\/2020\/01\/MartinLutherKingMalcolmX.jpg\",\"width\":1920,\"height\":1319,\"caption\":\"Martin Luther King and Malcolm X waiting for press conference.\"},{\"@type\":\"BreadcrumbList\",\"@id\":\"https:\/\/www.pressenza.com\/es\/2020\/02\/contrarrestando-el-desdibujado-anual-de-su-legado-los-progresistas-recuerdan-al-anticapitalista-antiimperialista-martin-luther-king-jr\/#breadcrumb\",\"itemListElement\":[{\"@type\":\"ListItem\",\"position\":1,\"name\":\"Accueil\",\"item\":\"https:\/\/www.pressenza.com\/es\/\"},{\"@type\":\"ListItem\",\"position\":2,\"name\":\"Contrarrestando el desdibujado anual de su legado, los progresistas recuerdan al \u00abanticapitalista, antiimperialista\u00bb Martin Luther King Jr.\"}]},{\"@type\":\"WebSite\",\"@id\":\"https:\/\/www.pressenza.com\/es\/#website\",\"url\":\"https:\/\/www.pressenza.com\/es\/\",\"name\":\"Pressenza\",\"description\":\"International Press Agency\",\"publisher\":{\"@id\":\"https:\/\/www.pressenza.com\/es\/#organization\"},\"potentialAction\":[{\"@type\":\"SearchAction\",\"target\":{\"@type\":\"EntryPoint\",\"urlTemplate\":\"https:\/\/www.pressenza.com\/es\/?s={search_term_string}\"},\"query-input\":{\"@type\":\"PropertyValueSpecification\",\"valueRequired\":true,\"valueName\":\"search_term_string\"}}],\"inLanguage\":\"es\"},{\"@type\":\"Organization\",\"@id\":\"https:\/\/www.pressenza.com\/es\/#organization\",\"name\":\"Pressenza\",\"url\":\"https:\/\/www.pressenza.com\/es\/\",\"logo\":{\"@type\":\"ImageObject\",\"inLanguage\":\"es\",\"@id\":\"https:\/\/www.pressenza.com\/es\/#\/schema\/logo\/image\/\",\"url\":\"https:\/\/www.pressenza.com\/wp-content\/uploads\/2022\/10\/pressenza_logo_200x200.jpg\",\"contentUrl\":\"https:\/\/www.pressenza.com\/wp-content\/uploads\/2022\/10\/pressenza_logo_200x200.jpg\",\"width\":200,\"height\":200,\"caption\":\"Pressenza\"},\"image\":{\"@id\":\"https:\/\/www.pressenza.com\/es\/#\/schema\/logo\/image\/\"},\"sameAs\":[\"https:\/\/www.facebook.com\/PressenzaItalia\",\"https:\/\/x.com\/PressenzaIPA\"]},{\"@type\":\"Person\",\"@id\":\"https:\/\/www.pressenza.com\/es\/#\/schema\/person\/75ff8ec4b4b03f1d2da977bba83672b3\",\"name\":\"Pressenza New York\",\"description\":\"News from the Pressenza Bureau in New York, United States\",\"sameAs\":[\"https:\/\/www.facebook.com\/PressenzaEnglish\/\",\"https:\/\/x.com\/PressenzaIPA\"],\"url\":\"https:\/\/www.pressenza.com\/es\/author\/pressenza-new-york\/\"}]}<\/script>\n<!-- \/ Yoast SEO plugin. -->","yoast_head_json":{"title":"Contrarrestando el desdibujado anual de su legado, los progresistas recuerdan al \u00abanticapitalista, antiimperialista\u00bb Martin Luther King Jr.","description":"Mientras gente como el presidente Donald Trump, los republicanos de derecha y los funcionarios del Pent\u00e1gono - adem\u00e1s de muchos liberales - jalonaron el","robots":{"index":"index","follow":"follow","max-snippet":"max-snippet:-1","max-image-preview":"max-image-preview:large","max-video-preview":"max-video-preview:-1"},"canonical":"https:\/\/www.pressenza.com\/es\/2020\/02\/contrarrestando-el-desdibujado-anual-de-su-legado-los-progresistas-recuerdan-al-anticapitalista-antiimperialista-martin-luther-king-jr\/","og_locale":"es_ES","og_type":"article","og_title":"Contrarrestando el desdibujado anual de su legado, los progresistas recuerdan al \u00abanticapitalista, antiimperialista\u00bb Martin Luther King Jr.","og_description":"Mientras gente como el presidente Donald Trump, los republicanos de derecha y los funcionarios del Pent\u00e1gono - adem\u00e1s de muchos liberales - jalonaron el","og_url":"https:\/\/www.pressenza.com\/es\/2020\/02\/contrarrestando-el-desdibujado-anual-de-su-legado-los-progresistas-recuerdan-al-anticapitalista-antiimperialista-martin-luther-king-jr\/","og_site_name":"Pressenza","article_publisher":"https:\/\/www.facebook.com\/PressenzaItalia","article_author":"https:\/\/www.facebook.com\/PressenzaEnglish\/","article_published_time":"2020-02-07T02:16:09+00:00","og_image":[{"width":1920,"height":1319,"url":"https:\/\/www.pressenza.com\/wp-content\/uploads\/2020\/01\/MartinLutherKingMalcolmX.jpg","type":"image\/jpeg"}],"author":"Pressenza New York","twitter_card":"summary_large_image","twitter_creator":"@PressenzaIPA","twitter_site":"@PressenzaIPA","twitter_misc":{"Escrito por":"Pressenza New York","Tiempo de lectura":"6 minutos"},"schema":{"@context":"https:\/\/schema.org","@graph":[{"@type":"Article","@id":"https:\/\/www.pressenza.com\/es\/2020\/02\/contrarrestando-el-desdibujado-anual-de-su-legado-los-progresistas-recuerdan-al-anticapitalista-antiimperialista-martin-luther-king-jr\/#article","isPartOf":{"@id":"https:\/\/www.pressenza.com\/es\/2020\/02\/contrarrestando-el-desdibujado-anual-de-su-legado-los-progresistas-recuerdan-al-anticapitalista-antiimperialista-martin-luther-king-jr\/"},"author":{"name":"Pressenza New York","@id":"https:\/\/www.pressenza.com\/es\/#\/schema\/person\/75ff8ec4b4b03f1d2da977bba83672b3"},"headline":"Contrarrestando el desdibujado anual de su legado, los progresistas recuerdan al \u00abanticapitalista, antiimperialista\u00bb Martin Luther King Jr.","datePublished":"2020-02-07T02:16:09+00:00","mainEntityOfPage":{"@id":"https:\/\/www.pressenza.com\/es\/2020\/02\/contrarrestando-el-desdibujado-anual-de-su-legado-los-progresistas-recuerdan-al-anticapitalista-antiimperialista-martin-luther-king-jr\/"},"wordCount":1315,"publisher":{"@id":"https:\/\/www.pressenza.com\/es\/#organization"},"image":{"@id":"https:\/\/www.pressenza.com\/es\/2020\/02\/contrarrestando-el-desdibujado-anual-de-su-legado-los-progresistas-recuerdan-al-anticapitalista-antiimperialista-martin-luther-king-jr\/#primaryimage"},"thumbnailUrl":"https:\/\/www.pressenza.com\/wp-content\/uploads\/2020\/01\/MartinLutherKingMalcolmX.jpg","keywords":["Martin Luther King","MLK"],"articleSection":["Norteam\u00e9rica","Noviolencia"],"inLanguage":"es"},{"@type":"WebPage","@id":"https:\/\/www.pressenza.com\/es\/2020\/02\/contrarrestando-el-desdibujado-anual-de-su-legado-los-progresistas-recuerdan-al-anticapitalista-antiimperialista-martin-luther-king-jr\/","url":"https:\/\/www.pressenza.com\/es\/2020\/02\/contrarrestando-el-desdibujado-anual-de-su-legado-los-progresistas-recuerdan-al-anticapitalista-antiimperialista-martin-luther-king-jr\/","name":"Contrarrestando el desdibujado anual de su legado, los progresistas recuerdan al \u00abanticapitalista, antiimperialista\u00bb Martin Luther King Jr.","isPartOf":{"@id":"https:\/\/www.pressenza.com\/es\/#website"},"primaryImageOfPage":{"@id":"https:\/\/www.pressenza.com\/es\/2020\/02\/contrarrestando-el-desdibujado-anual-de-su-legado-los-progresistas-recuerdan-al-anticapitalista-antiimperialista-martin-luther-king-jr\/#primaryimage"},"image":{"@id":"https:\/\/www.pressenza.com\/es\/2020\/02\/contrarrestando-el-desdibujado-anual-de-su-legado-los-progresistas-recuerdan-al-anticapitalista-antiimperialista-martin-luther-king-jr\/#primaryimage"},"thumbnailUrl":"https:\/\/www.pressenza.com\/wp-content\/uploads\/2020\/01\/MartinLutherKingMalcolmX.jpg","datePublished":"2020-02-07T02:16:09+00:00","description":"Mientras gente como el presidente Donald Trump, los republicanos de derecha y los funcionarios del Pent\u00e1gono - adem\u00e1s de muchos liberales - jalonaron el","breadcrumb":{"@id":"https:\/\/www.pressenza.com\/es\/2020\/02\/contrarrestando-el-desdibujado-anual-de-su-legado-los-progresistas-recuerdan-al-anticapitalista-antiimperialista-martin-luther-king-jr\/#breadcrumb"},"inLanguage":"es","potentialAction":[{"@type":"ReadAction","target":["https:\/\/www.pressenza.com\/es\/2020\/02\/contrarrestando-el-desdibujado-anual-de-su-legado-los-progresistas-recuerdan-al-anticapitalista-antiimperialista-martin-luther-king-jr\/"]}]},{"@type":"ImageObject","inLanguage":"es","@id":"https:\/\/www.pressenza.com\/es\/2020\/02\/contrarrestando-el-desdibujado-anual-de-su-legado-los-progresistas-recuerdan-al-anticapitalista-antiimperialista-martin-luther-king-jr\/#primaryimage","url":"https:\/\/www.pressenza.com\/wp-content\/uploads\/2020\/01\/MartinLutherKingMalcolmX.jpg","contentUrl":"https:\/\/www.pressenza.com\/wp-content\/uploads\/2020\/01\/MartinLutherKingMalcolmX.jpg","width":1920,"height":1319,"caption":"Martin Luther King and Malcolm X waiting for press conference."},{"@type":"BreadcrumbList","@id":"https:\/\/www.pressenza.com\/es\/2020\/02\/contrarrestando-el-desdibujado-anual-de-su-legado-los-progresistas-recuerdan-al-anticapitalista-antiimperialista-martin-luther-king-jr\/#breadcrumb","itemListElement":[{"@type":"ListItem","position":1,"name":"Accueil","item":"https:\/\/www.pressenza.com\/es\/"},{"@type":"ListItem","position":2,"name":"Contrarrestando el desdibujado anual de su legado, los progresistas recuerdan al \u00abanticapitalista, antiimperialista\u00bb Martin Luther King Jr."}]},{"@type":"WebSite","@id":"https:\/\/www.pressenza.com\/es\/#website","url":"https:\/\/www.pressenza.com\/es\/","name":"Pressenza","description":"International Press Agency","publisher":{"@id":"https:\/\/www.pressenza.com\/es\/#organization"},"potentialAction":[{"@type":"SearchAction","target":{"@type":"EntryPoint","urlTemplate":"https:\/\/www.pressenza.com\/es\/?s={search_term_string}"},"query-input":{"@type":"PropertyValueSpecification","valueRequired":true,"valueName":"search_term_string"}}],"inLanguage":"es"},{"@type":"Organization","@id":"https:\/\/www.pressenza.com\/es\/#organization","name":"Pressenza","url":"https:\/\/www.pressenza.com\/es\/","logo":{"@type":"ImageObject","inLanguage":"es","@id":"https:\/\/www.pressenza.com\/es\/#\/schema\/logo\/image\/","url":"https:\/\/www.pressenza.com\/wp-content\/uploads\/2022\/10\/pressenza_logo_200x200.jpg","contentUrl":"https:\/\/www.pressenza.com\/wp-content\/uploads\/2022\/10\/pressenza_logo_200x200.jpg","width":200,"height":200,"caption":"Pressenza"},"image":{"@id":"https:\/\/www.pressenza.com\/es\/#\/schema\/logo\/image\/"},"sameAs":["https:\/\/www.facebook.com\/PressenzaItalia","https:\/\/x.com\/PressenzaIPA"]},{"@type":"Person","@id":"https:\/\/www.pressenza.com\/es\/#\/schema\/person\/75ff8ec4b4b03f1d2da977bba83672b3","name":"Pressenza New York","description":"News from the Pressenza Bureau in New York, United States","sameAs":["https:\/\/www.facebook.com\/PressenzaEnglish\/","https:\/\/x.com\/PressenzaIPA"],"url":"https:\/\/www.pressenza.com\/es\/author\/pressenza-new-york\/"}]}},"place":"","original_article_url":"https:\/\/www.commondreams.org\/news\/2020\/01\/20\/countering-annual-whitewash-his-legacy-progressives-remember-anti-capitalist-anti","_links":{"self":[{"href":"https:\/\/www.pressenza.com\/es\/wp-json\/wp\/v2\/posts\/1029493","targetHints":{"allow":["GET"]}}],"collection":[{"href":"https:\/\/www.pressenza.com\/es\/wp-json\/wp\/v2\/posts"}],"about":[{"href":"https:\/\/www.pressenza.com\/es\/wp-json\/wp\/v2\/types\/post"}],"author":[{"embeddable":true,"href":"https:\/\/www.pressenza.com\/es\/wp-json\/wp\/v2\/users\/1126"}],"replies":[{"embeddable":true,"href":"https:\/\/www.pressenza.com\/es\/wp-json\/wp\/v2\/comments?post=1029493"}],"version-history":[{"count":0,"href":"https:\/\/www.pressenza.com\/es\/wp-json\/wp\/v2\/posts\/1029493\/revisions"}],"wp:featuredmedia":[{"embeddable":true,"href":"https:\/\/www.pressenza.com\/es\/wp-json\/wp\/v2\/media\/1017284"}],"wp:attachment":[{"href":"https:\/\/www.pressenza.com\/es\/wp-json\/wp\/v2\/media?parent=1029493"}],"wp:term":[{"taxonomy":"category","embeddable":true,"href":"https:\/\/www.pressenza.com\/es\/wp-json\/wp\/v2\/categories?post=1029493"},{"taxonomy":"post_tag","embeddable":true,"href":"https:\/\/www.pressenza.com\/es\/wp-json\/wp\/v2\/tags?post=1029493"}],"curies":[{"name":"wp","href":"https:\/\/api.w.org\/{rel}","templated":true}]}}