{"id":1028903,"date":"2020-02-06T00:41:42","date_gmt":"2020-02-06T00:41:42","guid":{"rendered":"https:\/\/www.pressenza.com\/?p=1028903"},"modified":"2020-02-06T00:41:42","modified_gmt":"2020-02-06T00:41:42","slug":"el-tribunal-constitucional-ampara-por-primera-vez-el-derecho-de-las-personas-presas-a-comunicar-con-la-prensa","status":"publish","type":"post","link":"https:\/\/www.pressenza.com\/es\/2020\/02\/el-tribunal-constitucional-ampara-por-primera-vez-el-derecho-de-las-personas-presas-a-comunicar-con-la-prensa\/","title":{"rendered":"El Tribunal Constitucional ampara por primera vez el derecho de las personas presas a comunicar con la prensa"},"content":{"rendered":"<p><strong>El Alto Tribunal reconoce que negarles el derecho a expresarse tambi\u00e9n afecta a la libertad de informaci\u00f3n de los profesionales de la comunicaci\u00f3n y al derecho de la ciudadan\u00eda a ser informada de asuntos de p\u00fablico inter\u00e9s. El Constitucional censura que la Administraci\u00f3n Penitenciaria intentara impedir la difusi\u00f3n de cr\u00edticas a la situaci\u00f3n en las c\u00e1rceles.<\/strong><\/p>\n<p>La Sala Segunda del Tribunal Constitucional reconoci\u00f3 ayer en una sentencia sin precedentes el derecho a la libertad de expresi\u00f3n de las personas presas, el derecho a la libertad de informaci\u00f3n de los profesionales y el de la poblaci\u00f3n a ser informada de asuntos de inter\u00e9s p\u00fablico. Da la raz\u00f3n as\u00ed a la Asociaci\u00f3n Pro Derechos Humanos de Andaluc\u00eda que en febrero de 2018 present\u00f3 un recurso ante este tribunal por la negativa de la c\u00e1rcel de C\u00f3rdoba a conceder a un periodista de\u00a0eldiario.es\u00a0una entrevista con un preso dentro de prisi\u00f3n.<\/p>\n<p>El 26 de enero de 2017 el Centro Penitenciario de C\u00f3rdoba deneg\u00f3 la solicitud de entrevista del preso alegando que no exist\u00eda motivaci\u00f3n que justificara la necesidad de dicha comunicaci\u00f3n, ni exist\u00edan garant\u00edas suficientes que aseguraran el mantenimiento de la seguridad y buen orden del establecimiento.\u00a0Tanto el Juzgado de Vigilancia Penitenciaria como\u00a0la Secci\u00f3n Segunda de\u00a0la Audiencia Provincial de C\u00f3rdoba desestimaron los recursos\u00a0interpuestos desde el \u00e1rea de C\u00e1rceles de la APDHA contra la resoluci\u00f3n de la prisi\u00f3n.<\/p>\n<p>\u00abConsideramos que el derecho que estaba en juego era el derecho a la libertad de informaci\u00f3n en un sentido amplio,\u00a0no se trataba solo de ejercer la libertad de expresi\u00f3n dentro de la prisi\u00f3n, sino sobre todo de comunicar a la opini\u00f3n p\u00fablica lo que ocurre en el interior de las prisiones\u00bb, afirma Valent\u00edn Aguilar, coordinador de la asociaci\u00f3n y letrado del caso.<\/p>\n<p>El recurso cobra especial trascendencia, a juicio del Constitucional, por tratarse de una cuesti\u00f3n de la que \u00abno hay doctrina de este tribunal\u00bb, afirma la sentencia, raz\u00f3n por la que en enero del a\u00f1o pasado admiti\u00f3 a tr\u00e1mite la demanda interpuesta por la APDHA.<\/p>\n<p>Se da la circunstancia de que el periodista realiz\u00f3 una primera entrevista al preso accediendo al centro penitenciario como una visita regular lo que, una vez publicada la entrevista, le vali\u00f3 al preso una sanci\u00f3n que consisti\u00f3 en la privaci\u00f3n durante un mes de paseos y actos recreativos comunes. Ello, seg\u00fan ambas asociaciones,\u00a0demostraba que\u00a0<a href=\"https:\/\/www.apdha.org\/asociacion-prensa-sevilla-y-apdha-presentan-queja-dep-sancion-preso-periodista\/\" target=\"_blank\" rel=\"noopener\">las personas presas no ten\u00edan derecho a informar ni los profesionales de la comunicaci\u00f3n a recabar de ellos<\/a>\u00a0informaci\u00f3n\u00a0por el hecho de estar recluidos. A pesar de ello, comentan,\u00a0la Constituci\u00f3n Espa\u00f1ola establece que este derecho no podr\u00e1 ser vulnerado por el hecho de estar privado de libertad.\u00a0En la sentencia el Tribunal Constitucional censura que se intentara impedir la difusi\u00f3n de cr\u00edticas a la situaci\u00f3n de las c\u00e1rceles.<\/p>\n<p>A juicio del Alto Tribunal,\u00a0que el acceso de profesionales a prisi\u00f3n no est\u00e9 regulado no\u00a0significa\u00a0que no est\u00e9 permitido, sino todo lo contrario: \u201cel silencio no puede entenderse como\u00a0\u00a0libertad para restringir a su antojo esos derechos\u201d. De igual forma, afirma, que no basta para denegar una comunicaci\u00f3n decir que existe peligro para \u201cla seguridad y buen orden del centro\u201d.<\/p>\n<p>Por ello, la Sala Segunda del Tribunal Constitucional destaca en la sentencia que negar el permiso al periodista se puede interpretar como una \u201creacci\u00f3n por haber ejercido esas libertades en un sentido que no fue del agrado de la direcci\u00f3n del centro penitenciario, siendo\u00a0su verdadera finalidad evitar una nueva publicaci\u00f3n cuyo contenido pudiera volver a disgustarlo\u00bb.<\/p>\n<p>El Alto Tribunal recuerda que\u00a0\u00abel control previo de contenidos no est\u00e1 amparado constitucionalmente\u00bb\u00a0y que el acuerdo del Centro Penitenciario de C\u00f3rdoba queda nulo por vulnerar sus derechos a \u201cexpresar y difundir libremente los pensamientos, ideas y opiniones mediante la palabra, el escrito o cualquier otro medio de reproducci\u00f3n y a comunicar libremente informaci\u00f3n veraz por cualquier medio de difusi\u00f3n\u201d, as\u00ed como los autos del Juzgado de Vigilancia Penitenciaria y de la Audiencia Provincial de C\u00f3rdoba que lo avalaron. Las asociaciones recuerdan que ya\u00a0<a href=\"https:\/\/www.apdha.org\/el-defensor-del-pueblo-recomienda-a-instituciones-penitenciarias-que-regule-y-posibilite-el-acceso-de-periodistas-a-las-carceles\/\" target=\"_blank\" rel=\"noopener\">el Defensor del Pueblo recomend\u00f3 a Instituciones Penitenciarias en octubre de 2018 que regulara y posibilitara el acceso de periodistas a las c\u00e1rceles.<\/a><\/p>\n<p>Desde el \u00e1rea de C\u00e1rceles de la organizaci\u00f3n de derechos humanos celebran el fallo del Constitucional.\u00a0\u00abEsta sentencia es muy importante porque reconoce algo que llev\u00e1bamos a\u00f1os denunciando, la vulneraci\u00f3n de los derechos de las personas privadas de libertad y la opacidad a la hora de saber lo que ocurre dentro de prisi\u00f3n\u00bb, sostiene\u00a0el coordinador de APDHA. \u00abEsperamos que este rapapolvos del Tribunal Constitucional contribuya a reducir la persecuci\u00f3n de la Administraci\u00f3n Penitenciaria contra quienes denunciamos las vulneraciones de derechos humanos en los centros penitenciarios\u00bb.<\/p>\n<p>Por su parte, la Asociaci\u00f3n de la Prensa de Sevilla (APS), que, junto a la APDHA, ya llev\u00f3 este caso ante el Defensor del Pueblo de Espa\u00f1a, ha destacado la enorme trascendencia y relevancia de esta sentencia. El presidente de la APS, Rafael Rodr\u00edguez, ha manifestado que\u00a0el fallo del Constitucional consagra tres valores fundamentales e irrenunciables: la libertad de expresi\u00f3n de toda persona, la libertad de informaci\u00f3n veraz de los periodistas y el derecho de la ciudadan\u00eda a recibir esa informaci\u00f3n y el pensamiento y las ideas expresadas por cualquier individuo.<\/p>\n<p>Rodr\u00edguez ha resaltado que esta sentencia, contundente y sin precedentes, supondr\u00e1 un freno a todos los poderes que, cada vez m\u00e1s, intentan limitar la libertad de informaci\u00f3n, \u201cque est\u00e1 m\u00e1s amenazada que nunca\u201d. \u201cTodo poder -ha a\u00f1adido- teme a la libertad de expresi\u00f3n y de informaci\u00f3n, las considera sus grandes enemigos. Todos sacan pecho en defensa de una supuesta defensa de estas libertades y todos intentan silenciarlas. Tras los fundamentos\u00a0\u00a0rotundos de este fallo,\u00a0la APS estudia llevar al Tribunal Constitucional dos casos que afectan directamente a los profesionales del periodismo: las ruedas de prensa sin preguntas y el veto a periodistas y medios de comunicaci\u00f3n.<\/p>\n<p>Ver <a href=\"https:\/\/apdha.org\/media\/sentencia-TC-derecho-expresion-presxs-040220.pdf\" target=\"_blank\" rel=\"noopener\">Sentencia Tribunal Constitucional<\/a><\/p>\n","protected":false},"excerpt":{"rendered":"<p>El Alto Tribunal reconoce que negarles el derecho a expresarse tambi\u00e9n afecta a la libertad de informaci\u00f3n de los profesionales de la comunicaci\u00f3n y al derecho de la ciudadan\u00eda a ser informada de asuntos de p\u00fablico inter\u00e9s. El Constitucional censura&hellip;<\/p>\n","protected":false},"author":1542,"featured_media":1028904,"comment_status":"closed","ping_status":"closed","sticky":false,"template":"","format":"standard","meta":{"footnotes":""},"categories":[149,79,66],"tags":[32004,441,1065,17428,56323,12630],"class_list":["post-1028903","post","type-post","status-publish","format-standard","has-post-thumbnail","hentry","category-comunicados-de-prensa","category-derechos-humanos","category-europa-es","tag-apdha","tag-derechos-humanos","tag-espana","tag-informacion","tag-presos-es","tag-tribunal-constitucional"],"yoast_head":"<!-- This site is optimized with the Yoast SEO plugin v27.1.1 - https:\/\/yoast.com\/product\/yoast-seo-wordpress\/ -->\n<title>El Tribunal Constitucional ampara por primera vez el derecho de las personas presas a comunicar con la prensa<\/title>\n<meta name=\"description\" content=\"El Alto Tribunal reconoce que negarles el derecho a expresarse tambi\u00e9n afecta a la libertad de informaci\u00f3n de los profesionales de la comunicaci\u00f3n y al\" \/>\n<meta name=\"robots\" content=\"index, follow, max-snippet:-1, max-image-preview:large, max-video-preview:-1\" \/>\n<link rel=\"canonical\" href=\"https:\/\/www.pressenza.com\/es\/2020\/02\/el-tribunal-constitucional-ampara-por-primera-vez-el-derecho-de-las-personas-presas-a-comunicar-con-la-prensa\/\" \/>\n<meta property=\"og:locale\" content=\"es_ES\" \/>\n<meta property=\"og:type\" content=\"article\" \/>\n<meta property=\"og:title\" content=\"El Tribunal Constitucional ampara por primera vez el derecho de las personas presas a comunicar con la prensa\" \/>\n<meta property=\"og:description\" content=\"El Alto Tribunal reconoce que negarles el derecho a expresarse tambi\u00e9n afecta a la libertad de informaci\u00f3n de los profesionales de la comunicaci\u00f3n y al\" \/>\n<meta property=\"og:url\" content=\"https:\/\/www.pressenza.com\/es\/2020\/02\/el-tribunal-constitucional-ampara-por-primera-vez-el-derecho-de-las-personas-presas-a-comunicar-con-la-prensa\/\" \/>\n<meta property=\"og:site_name\" content=\"Pressenza\" \/>\n<meta property=\"article:publisher\" content=\"https:\/\/www.facebook.com\/PressenzaItalia\" \/>\n<meta property=\"article:published_time\" content=\"2020-02-06T00:41:42+00:00\" \/>\n<meta property=\"og:image\" content=\"https:\/\/www.pressenza.com\/wp-content\/uploads\/2020\/02\/prison-Ichigo121212-Pixabay-.jpg\" \/>\n\t<meta property=\"og:image:width\" content=\"1024\" \/>\n\t<meta property=\"og:image:height\" content=\"682\" \/>\n\t<meta property=\"og:image:type\" content=\"image\/jpeg\" \/>\n<meta name=\"author\" content=\"Asociaci\u00f3n Pro Derechos Humanos de Andaluc\u00eda (APDHA)\" \/>\n<meta name=\"twitter:card\" content=\"summary_large_image\" \/>\n<meta name=\"twitter:creator\" content=\"@PressenzaIPA\" \/>\n<meta name=\"twitter:site\" content=\"@PressenzaIPA\" \/>\n<meta name=\"twitter:label1\" content=\"Escrito por\" \/>\n\t<meta name=\"twitter:data1\" content=\"Asociaci\u00f3n Pro Derechos Humanos de Andaluc\u00eda (APDHA)\" \/>\n\t<meta name=\"twitter:label2\" content=\"Tiempo de lectura\" \/>\n\t<meta name=\"twitter:data2\" content=\"5 minutos\" \/>\n<script type=\"application\/ld+json\" class=\"yoast-schema-graph\">{\"@context\":\"https:\/\/schema.org\",\"@graph\":[{\"@type\":\"Article\",\"@id\":\"https:\/\/www.pressenza.com\/es\/2020\/02\/el-tribunal-constitucional-ampara-por-primera-vez-el-derecho-de-las-personas-presas-a-comunicar-con-la-prensa\/#article\",\"isPartOf\":{\"@id\":\"https:\/\/www.pressenza.com\/es\/2020\/02\/el-tribunal-constitucional-ampara-por-primera-vez-el-derecho-de-las-personas-presas-a-comunicar-con-la-prensa\/\"},\"author\":{\"name\":\"Asociaci\u00f3n Pro Derechos Humanos de Andaluc\u00eda (APDHA)\",\"@id\":\"https:\/\/www.pressenza.com\/es\/#\/schema\/person\/56539d338f9dde4fe54c8771b432ed21\"},\"headline\":\"El Tribunal Constitucional ampara por primera vez el derecho de las personas presas a comunicar con la prensa\",\"datePublished\":\"2020-02-06T00:41:42+00:00\",\"mainEntityOfPage\":{\"@id\":\"https:\/\/www.pressenza.com\/es\/2020\/02\/el-tribunal-constitucional-ampara-por-primera-vez-el-derecho-de-las-personas-presas-a-comunicar-con-la-prensa\/\"},\"wordCount\":1081,\"publisher\":{\"@id\":\"https:\/\/www.pressenza.com\/es\/#organization\"},\"image\":{\"@id\":\"https:\/\/www.pressenza.com\/es\/2020\/02\/el-tribunal-constitucional-ampara-por-primera-vez-el-derecho-de-las-personas-presas-a-comunicar-con-la-prensa\/#primaryimage\"},\"thumbnailUrl\":\"https:\/\/www.pressenza.com\/wp-content\/uploads\/2020\/02\/prison-Ichigo121212-Pixabay-.jpg\",\"keywords\":[\"APDHA\",\"Derechos humanos\",\"Espa\u00f1a\",\"informaci\u00f3n\",\"presos\",\"tribunal constitucional\"],\"articleSection\":[\"Comunicados de Prensa\",\"Derechos Humanos\",\"Europa\"],\"inLanguage\":\"es\"},{\"@type\":\"WebPage\",\"@id\":\"https:\/\/www.pressenza.com\/es\/2020\/02\/el-tribunal-constitucional-ampara-por-primera-vez-el-derecho-de-las-personas-presas-a-comunicar-con-la-prensa\/\",\"url\":\"https:\/\/www.pressenza.com\/es\/2020\/02\/el-tribunal-constitucional-ampara-por-primera-vez-el-derecho-de-las-personas-presas-a-comunicar-con-la-prensa\/\",\"name\":\"El Tribunal Constitucional ampara por primera vez el derecho de las personas presas a comunicar con la prensa\",\"isPartOf\":{\"@id\":\"https:\/\/www.pressenza.com\/es\/#website\"},\"primaryImageOfPage\":{\"@id\":\"https:\/\/www.pressenza.com\/es\/2020\/02\/el-tribunal-constitucional-ampara-por-primera-vez-el-derecho-de-las-personas-presas-a-comunicar-con-la-prensa\/#primaryimage\"},\"image\":{\"@id\":\"https:\/\/www.pressenza.com\/es\/2020\/02\/el-tribunal-constitucional-ampara-por-primera-vez-el-derecho-de-las-personas-presas-a-comunicar-con-la-prensa\/#primaryimage\"},\"thumbnailUrl\":\"https:\/\/www.pressenza.com\/wp-content\/uploads\/2020\/02\/prison-Ichigo121212-Pixabay-.jpg\",\"datePublished\":\"2020-02-06T00:41:42+00:00\",\"description\":\"El Alto Tribunal reconoce que negarles el derecho a expresarse tambi\u00e9n afecta a la libertad de informaci\u00f3n de los profesionales de la comunicaci\u00f3n y al\",\"breadcrumb\":{\"@id\":\"https:\/\/www.pressenza.com\/es\/2020\/02\/el-tribunal-constitucional-ampara-por-primera-vez-el-derecho-de-las-personas-presas-a-comunicar-con-la-prensa\/#breadcrumb\"},\"inLanguage\":\"es\",\"potentialAction\":[{\"@type\":\"ReadAction\",\"target\":[\"https:\/\/www.pressenza.com\/es\/2020\/02\/el-tribunal-constitucional-ampara-por-primera-vez-el-derecho-de-las-personas-presas-a-comunicar-con-la-prensa\/\"]}]},{\"@type\":\"ImageObject\",\"inLanguage\":\"es\",\"@id\":\"https:\/\/www.pressenza.com\/es\/2020\/02\/el-tribunal-constitucional-ampara-por-primera-vez-el-derecho-de-las-personas-presas-a-comunicar-con-la-prensa\/#primaryimage\",\"url\":\"https:\/\/www.pressenza.com\/wp-content\/uploads\/2020\/02\/prison-Ichigo121212-Pixabay-.jpg\",\"contentUrl\":\"https:\/\/www.pressenza.com\/wp-content\/uploads\/2020\/02\/prison-Ichigo121212-Pixabay-.jpg\",\"width\":1024,\"height\":682},{\"@type\":\"BreadcrumbList\",\"@id\":\"https:\/\/www.pressenza.com\/es\/2020\/02\/el-tribunal-constitucional-ampara-por-primera-vez-el-derecho-de-las-personas-presas-a-comunicar-con-la-prensa\/#breadcrumb\",\"itemListElement\":[{\"@type\":\"ListItem\",\"position\":1,\"name\":\"Accueil\",\"item\":\"https:\/\/www.pressenza.com\/es\/\"},{\"@type\":\"ListItem\",\"position\":2,\"name\":\"El Tribunal Constitucional ampara por primera vez el derecho de las personas presas a comunicar con la prensa\"}]},{\"@type\":\"WebSite\",\"@id\":\"https:\/\/www.pressenza.com\/es\/#website\",\"url\":\"https:\/\/www.pressenza.com\/es\/\",\"name\":\"Pressenza\",\"description\":\"International Press Agency\",\"publisher\":{\"@id\":\"https:\/\/www.pressenza.com\/es\/#organization\"},\"potentialAction\":[{\"@type\":\"SearchAction\",\"target\":{\"@type\":\"EntryPoint\",\"urlTemplate\":\"https:\/\/www.pressenza.com\/es\/?s={search_term_string}\"},\"query-input\":{\"@type\":\"PropertyValueSpecification\",\"valueRequired\":true,\"valueName\":\"search_term_string\"}}],\"inLanguage\":\"es\"},{\"@type\":\"Organization\",\"@id\":\"https:\/\/www.pressenza.com\/es\/#organization\",\"name\":\"Pressenza\",\"url\":\"https:\/\/www.pressenza.com\/es\/\",\"logo\":{\"@type\":\"ImageObject\",\"inLanguage\":\"es\",\"@id\":\"https:\/\/www.pressenza.com\/es\/#\/schema\/logo\/image\/\",\"url\":\"https:\/\/www.pressenza.com\/wp-content\/uploads\/2022\/10\/pressenza_logo_200x200.jpg\",\"contentUrl\":\"https:\/\/www.pressenza.com\/wp-content\/uploads\/2022\/10\/pressenza_logo_200x200.jpg\",\"width\":200,\"height\":200,\"caption\":\"Pressenza\"},\"image\":{\"@id\":\"https:\/\/www.pressenza.com\/es\/#\/schema\/logo\/image\/\"},\"sameAs\":[\"https:\/\/www.facebook.com\/PressenzaItalia\",\"https:\/\/x.com\/PressenzaIPA\"]},{\"@type\":\"Person\",\"@id\":\"https:\/\/www.pressenza.com\/es\/#\/schema\/person\/56539d338f9dde4fe54c8771b432ed21\",\"name\":\"Asociaci\u00f3n Pro Derechos Humanos de Andaluc\u00eda (APDHA)\",\"description\":\"La Asociaci\u00f3n Pro Derechos Humanos de Andaluc\u00eda (APDHA) trabaja con el objetivo de lograr que las personas sean libres e iguales en dignidad y derechos\",\"sameAs\":[\"https:\/\/www.apdha.org\"],\"url\":\"https:\/\/www.pressenza.com\/es\/author\/apdha\/\"}]}<\/script>\n<!-- \/ Yoast SEO plugin. -->","yoast_head_json":{"title":"El Tribunal Constitucional ampara por primera vez el derecho de las personas presas a comunicar con la prensa","description":"El Alto Tribunal reconoce que negarles el derecho a expresarse tambi\u00e9n afecta a la libertad de informaci\u00f3n de los profesionales de la comunicaci\u00f3n y al","robots":{"index":"index","follow":"follow","max-snippet":"max-snippet:-1","max-image-preview":"max-image-preview:large","max-video-preview":"max-video-preview:-1"},"canonical":"https:\/\/www.pressenza.com\/es\/2020\/02\/el-tribunal-constitucional-ampara-por-primera-vez-el-derecho-de-las-personas-presas-a-comunicar-con-la-prensa\/","og_locale":"es_ES","og_type":"article","og_title":"El Tribunal Constitucional ampara por primera vez el derecho de las personas presas a comunicar con la prensa","og_description":"El Alto Tribunal reconoce que negarles el derecho a expresarse tambi\u00e9n afecta a la libertad de informaci\u00f3n de los profesionales de la comunicaci\u00f3n y al","og_url":"https:\/\/www.pressenza.com\/es\/2020\/02\/el-tribunal-constitucional-ampara-por-primera-vez-el-derecho-de-las-personas-presas-a-comunicar-con-la-prensa\/","og_site_name":"Pressenza","article_publisher":"https:\/\/www.facebook.com\/PressenzaItalia","article_published_time":"2020-02-06T00:41:42+00:00","og_image":[{"width":1024,"height":682,"url":"https:\/\/www.pressenza.com\/wp-content\/uploads\/2020\/02\/prison-Ichigo121212-Pixabay-.jpg","type":"image\/jpeg"}],"author":"Asociaci\u00f3n Pro Derechos Humanos de Andaluc\u00eda (APDHA)","twitter_card":"summary_large_image","twitter_creator":"@PressenzaIPA","twitter_site":"@PressenzaIPA","twitter_misc":{"Escrito por":"Asociaci\u00f3n Pro Derechos Humanos de Andaluc\u00eda (APDHA)","Tiempo de lectura":"5 minutos"},"schema":{"@context":"https:\/\/schema.org","@graph":[{"@type":"Article","@id":"https:\/\/www.pressenza.com\/es\/2020\/02\/el-tribunal-constitucional-ampara-por-primera-vez-el-derecho-de-las-personas-presas-a-comunicar-con-la-prensa\/#article","isPartOf":{"@id":"https:\/\/www.pressenza.com\/es\/2020\/02\/el-tribunal-constitucional-ampara-por-primera-vez-el-derecho-de-las-personas-presas-a-comunicar-con-la-prensa\/"},"author":{"name":"Asociaci\u00f3n Pro Derechos Humanos de Andaluc\u00eda (APDHA)","@id":"https:\/\/www.pressenza.com\/es\/#\/schema\/person\/56539d338f9dde4fe54c8771b432ed21"},"headline":"El Tribunal Constitucional ampara por primera vez el derecho de las personas presas a comunicar con la prensa","datePublished":"2020-02-06T00:41:42+00:00","mainEntityOfPage":{"@id":"https:\/\/www.pressenza.com\/es\/2020\/02\/el-tribunal-constitucional-ampara-por-primera-vez-el-derecho-de-las-personas-presas-a-comunicar-con-la-prensa\/"},"wordCount":1081,"publisher":{"@id":"https:\/\/www.pressenza.com\/es\/#organization"},"image":{"@id":"https:\/\/www.pressenza.com\/es\/2020\/02\/el-tribunal-constitucional-ampara-por-primera-vez-el-derecho-de-las-personas-presas-a-comunicar-con-la-prensa\/#primaryimage"},"thumbnailUrl":"https:\/\/www.pressenza.com\/wp-content\/uploads\/2020\/02\/prison-Ichigo121212-Pixabay-.jpg","keywords":["APDHA","Derechos humanos","Espa\u00f1a","informaci\u00f3n","presos","tribunal constitucional"],"articleSection":["Comunicados de Prensa","Derechos Humanos","Europa"],"inLanguage":"es"},{"@type":"WebPage","@id":"https:\/\/www.pressenza.com\/es\/2020\/02\/el-tribunal-constitucional-ampara-por-primera-vez-el-derecho-de-las-personas-presas-a-comunicar-con-la-prensa\/","url":"https:\/\/www.pressenza.com\/es\/2020\/02\/el-tribunal-constitucional-ampara-por-primera-vez-el-derecho-de-las-personas-presas-a-comunicar-con-la-prensa\/","name":"El Tribunal Constitucional ampara por primera vez el derecho de las personas presas a comunicar con la prensa","isPartOf":{"@id":"https:\/\/www.pressenza.com\/es\/#website"},"primaryImageOfPage":{"@id":"https:\/\/www.pressenza.com\/es\/2020\/02\/el-tribunal-constitucional-ampara-por-primera-vez-el-derecho-de-las-personas-presas-a-comunicar-con-la-prensa\/#primaryimage"},"image":{"@id":"https:\/\/www.pressenza.com\/es\/2020\/02\/el-tribunal-constitucional-ampara-por-primera-vez-el-derecho-de-las-personas-presas-a-comunicar-con-la-prensa\/#primaryimage"},"thumbnailUrl":"https:\/\/www.pressenza.com\/wp-content\/uploads\/2020\/02\/prison-Ichigo121212-Pixabay-.jpg","datePublished":"2020-02-06T00:41:42+00:00","description":"El Alto Tribunal reconoce que negarles el derecho a expresarse tambi\u00e9n afecta a la libertad de informaci\u00f3n de los profesionales de la comunicaci\u00f3n y al","breadcrumb":{"@id":"https:\/\/www.pressenza.com\/es\/2020\/02\/el-tribunal-constitucional-ampara-por-primera-vez-el-derecho-de-las-personas-presas-a-comunicar-con-la-prensa\/#breadcrumb"},"inLanguage":"es","potentialAction":[{"@type":"ReadAction","target":["https:\/\/www.pressenza.com\/es\/2020\/02\/el-tribunal-constitucional-ampara-por-primera-vez-el-derecho-de-las-personas-presas-a-comunicar-con-la-prensa\/"]}]},{"@type":"ImageObject","inLanguage":"es","@id":"https:\/\/www.pressenza.com\/es\/2020\/02\/el-tribunal-constitucional-ampara-por-primera-vez-el-derecho-de-las-personas-presas-a-comunicar-con-la-prensa\/#primaryimage","url":"https:\/\/www.pressenza.com\/wp-content\/uploads\/2020\/02\/prison-Ichigo121212-Pixabay-.jpg","contentUrl":"https:\/\/www.pressenza.com\/wp-content\/uploads\/2020\/02\/prison-Ichigo121212-Pixabay-.jpg","width":1024,"height":682},{"@type":"BreadcrumbList","@id":"https:\/\/www.pressenza.com\/es\/2020\/02\/el-tribunal-constitucional-ampara-por-primera-vez-el-derecho-de-las-personas-presas-a-comunicar-con-la-prensa\/#breadcrumb","itemListElement":[{"@type":"ListItem","position":1,"name":"Accueil","item":"https:\/\/www.pressenza.com\/es\/"},{"@type":"ListItem","position":2,"name":"El Tribunal Constitucional ampara por primera vez el derecho de las personas presas a comunicar con la prensa"}]},{"@type":"WebSite","@id":"https:\/\/www.pressenza.com\/es\/#website","url":"https:\/\/www.pressenza.com\/es\/","name":"Pressenza","description":"International Press Agency","publisher":{"@id":"https:\/\/www.pressenza.com\/es\/#organization"},"potentialAction":[{"@type":"SearchAction","target":{"@type":"EntryPoint","urlTemplate":"https:\/\/www.pressenza.com\/es\/?s={search_term_string}"},"query-input":{"@type":"PropertyValueSpecification","valueRequired":true,"valueName":"search_term_string"}}],"inLanguage":"es"},{"@type":"Organization","@id":"https:\/\/www.pressenza.com\/es\/#organization","name":"Pressenza","url":"https:\/\/www.pressenza.com\/es\/","logo":{"@type":"ImageObject","inLanguage":"es","@id":"https:\/\/www.pressenza.com\/es\/#\/schema\/logo\/image\/","url":"https:\/\/www.pressenza.com\/wp-content\/uploads\/2022\/10\/pressenza_logo_200x200.jpg","contentUrl":"https:\/\/www.pressenza.com\/wp-content\/uploads\/2022\/10\/pressenza_logo_200x200.jpg","width":200,"height":200,"caption":"Pressenza"},"image":{"@id":"https:\/\/www.pressenza.com\/es\/#\/schema\/logo\/image\/"},"sameAs":["https:\/\/www.facebook.com\/PressenzaItalia","https:\/\/x.com\/PressenzaIPA"]},{"@type":"Person","@id":"https:\/\/www.pressenza.com\/es\/#\/schema\/person\/56539d338f9dde4fe54c8771b432ed21","name":"Asociaci\u00f3n Pro Derechos Humanos de Andaluc\u00eda (APDHA)","description":"La Asociaci\u00f3n Pro Derechos Humanos de Andaluc\u00eda (APDHA) trabaja con el objetivo de lograr que las personas sean libres e iguales en dignidad y derechos","sameAs":["https:\/\/www.apdha.org"],"url":"https:\/\/www.pressenza.com\/es\/author\/apdha\/"}]}},"place":"Andaluc\u00eda, Espa\u00f1a","original_article_url":"","_links":{"self":[{"href":"https:\/\/www.pressenza.com\/es\/wp-json\/wp\/v2\/posts\/1028903","targetHints":{"allow":["GET"]}}],"collection":[{"href":"https:\/\/www.pressenza.com\/es\/wp-json\/wp\/v2\/posts"}],"about":[{"href":"https:\/\/www.pressenza.com\/es\/wp-json\/wp\/v2\/types\/post"}],"author":[{"embeddable":true,"href":"https:\/\/www.pressenza.com\/es\/wp-json\/wp\/v2\/users\/1542"}],"replies":[{"embeddable":true,"href":"https:\/\/www.pressenza.com\/es\/wp-json\/wp\/v2\/comments?post=1028903"}],"version-history":[{"count":0,"href":"https:\/\/www.pressenza.com\/es\/wp-json\/wp\/v2\/posts\/1028903\/revisions"}],"wp:featuredmedia":[{"embeddable":true,"href":"https:\/\/www.pressenza.com\/es\/wp-json\/wp\/v2\/media\/1028904"}],"wp:attachment":[{"href":"https:\/\/www.pressenza.com\/es\/wp-json\/wp\/v2\/media?parent=1028903"}],"wp:term":[{"taxonomy":"category","embeddable":true,"href":"https:\/\/www.pressenza.com\/es\/wp-json\/wp\/v2\/categories?post=1028903"},{"taxonomy":"post_tag","embeddable":true,"href":"https:\/\/www.pressenza.com\/es\/wp-json\/wp\/v2\/tags?post=1028903"}],"curies":[{"name":"wp","href":"https:\/\/api.w.org\/{rel}","templated":true}]}}