{"id":1022934,"date":"2020-01-28T05:42:54","date_gmt":"2020-01-28T05:42:54","guid":{"rendered":"https:\/\/www.pressenza.com\/?p=1022934"},"modified":"2020-01-28T05:42:54","modified_gmt":"2020-01-28T05:42:54","slug":"territorio-wichi-salta-es-un-exterminio-planificado","status":"publish","type":"post","link":"https:\/\/www.pressenza.com\/es\/2020\/01\/territorio-wichi-salta-es-un-exterminio-planificado\/","title":{"rendered":"Territorio wichi, Salta: \u00abEs un exterminio planificado\u00bb"},"content":{"rendered":"<p><em>Por <strong>Rodolfo Franco<\/strong>, m\u00e9dico de la comunidad wich\u00ed de la Misi\u00f3n Chaque\u00f1a, Salta<\/em><br \/>\n<em><strong>La Garganta Poderosa<\/strong><\/em><\/p>\n<p>En lo que va de este a\u00f1o hemos sabido de seis ni\u00f1os wich\u00edes fallecidos por desnutrici\u00f3n. Para que tomen noci\u00f3n de cu\u00e1l es la situaci\u00f3n y el nivel de abandono, entre Misi\u00f3n Chaque\u00f1a y Misi\u00f3n Carboncito, a 50 kil\u00f3metros de Embarcaci\u00f3n suman 6000 habitantes y yo soy el \u00fanico m\u00e9dico. Eso es diez veces peor de lo que la Organizaci\u00f3n Mundial de la Salud recomienda: un doctor cada 600 personas. Los cuatro a\u00f1os de Mauricio Macri fueron muy duros para el interior de Salta, sobre todo en aquellos lugares donde han desmontado y siquiera est\u00e1 la posibilidad de cazar alg\u00fan animal o recoger frutos. El gobierno de Urtubey hizo un esfuerzo enorme para que no se visibilice tanto sufrimiento.<\/p>\n<p>Hay un plan sistem\u00e1tico de exterminio planificado para que los ind\u00edgenas desalojen las tierras que son suyas hace 5000 a\u00f1os. Saben que se quedar\u00e1n para siempre a pesar de que los terratenientes de Salta intentan echarlos para poner soja. Como no lo pueden hacer con balas porque queda muy feo, impiden que se eduquen, que tengan medios para sobrevivir y mejorar en esta sociedad; niegan la comida y el agua, derechos fundamentales. Es muy dif\u00edcil vivir ac\u00e1; las comunidades wich\u00edes se la bancan porque adoran profundamente sus tierras, son sus ra\u00edces, pero muchos no aguantan y se van hacia las ciudades a vivir a los barrios m\u00e1s empobrecidos.<\/p>\n<p>Lautaro, de un a\u00f1o y ocho meses, era de Tr\u00e1fico y falleci\u00f3 en la ambulancia que se rompi\u00f3 cuando lo trasladaban a Embarcaci\u00f3n. Estoy desolado, me parece de terror. \u00c9l hab\u00eda estado internado; pero muchas veces les dan el alta muy r\u00e1pido. Priorizan internaciones cortitas: cuando mejoran un poco, los mandan a la casa con indicaciones que los padres no pueden cumplir en muchas ocasiones. Te recetan determinada cantidad de agua por d\u00eda, pero quiz\u00e1 no tenemos acceso en toda la semana.<\/p>\n<p>La barrera idiom\u00e1tica es muy compleja porque hay quienes no hablan bien espa\u00f1ol y algunos profesionales no les tienen paciencia, pero tampoco tienen empat\u00eda: las comunidades necesitan una actitud positiva del sistema de salud porque nos tienen miedo, ya que desde hace much\u00edsimos a\u00f1os los blancos los persiguen a los tiros y crecieron escuchando esas historias adem\u00e1s de sufrirlo d\u00eda a d\u00eda.<\/p>\n<p>El mismo gobierno que no me aumenta el sueldo hace casi dos a\u00f1os, nos controla los diagn\u00f3sticos que escribimos en las atenciones: no podemos poner \u201cdesnutrici\u00f3n\u00bb. El a\u00f1o pasado ten\u00edamos 10 ni\u00f1as y ni\u00f1os con bajo peso y 40 con riesgo en Misi\u00f3n Chaque\u00f1a. Logramos que aumentaran el peso cuando empezamos a hacer ollas populares los s\u00e1bados y con un merendero que levantamos con mi esposa, que es wich\u00ed. Hoy bajamos a la mitad esas cifras gracias a los esfuerzos particulares; al gobierno y al hospital pareciera no importarle. Los responsables son los finqueros, los oligarcas que se turnan en el poder y responden a los mismos intereses; quieren mantener esas l\u00f3gicas para hacer negocios con las tierras de los pueblos originarios.<\/p>\n<p>Aplican todas las violencias que existen, es un genocidio sofisticado: hacen lo posible para que mueran por \u201ccausas naturales\u201d como no tener agua y comida. Grito aunque se que puede traerme problemas, pero ellos me pagan por mi trabajo de m\u00e9dico, no por mi ideolog\u00eda. Lo que pienso y siento es m\u00edo, no me lo pueden comprar.<\/p>\n","protected":false},"excerpt":{"rendered":"<p>Por Rodolfo Franco, m\u00e9dico de la comunidad wich\u00ed de la Misi\u00f3n Chaque\u00f1a, Salta La Garganta Poderosa En lo que va de este a\u00f1o hemos sabido de seis ni\u00f1os wich\u00edes fallecidos por desnutrici\u00f3n. Para que tomen noci\u00f3n de cu\u00e1l es la&hellip;<\/p>\n","protected":false},"author":1254,"featured_media":1022935,"comment_status":"closed","ping_status":"closed","sticky":false,"template":"","format":"standard","meta":{"footnotes":""},"categories":[161,80,67],"tags":[26,24802,10315,54082,22210,21918,18507,19687],"class_list":["post-1022934","post","type-post","status-publish","format-standard","has-post-thumbnail","hentry","category-opiniones","category-pueblos-originarios","category-sudamerica","tag-argentina","tag-desnutricion","tag-genocidio-es","tag-indigenas-es","tag-pueblos-originarios","tag-salta","tag-territorios","tag-wichi"],"yoast_head":"<!-- This site is optimized with the Yoast SEO plugin v27.1.1 - https:\/\/yoast.com\/product\/yoast-seo-wordpress\/ -->\n<title>Territorio wichi, Salta: &quot;Es un exterminio planificado&quot;<\/title>\n<meta name=\"description\" content=\"Por Rodolfo Franco, m\u00e9dico de la comunidad wich\u00ed de la Misi\u00f3n Chaque\u00f1a, Salta La Garganta Poderosa En lo que va de este a\u00f1o hemos sabido de seis ni\u00f1os\" \/>\n<meta name=\"robots\" content=\"index, follow, max-snippet:-1, max-image-preview:large, max-video-preview:-1\" \/>\n<link rel=\"canonical\" href=\"https:\/\/www.pressenza.com\/es\/2020\/01\/territorio-wichi-salta-es-un-exterminio-planificado\/\" \/>\n<meta property=\"og:locale\" content=\"es_ES\" \/>\n<meta property=\"og:type\" content=\"article\" \/>\n<meta property=\"og:title\" content=\"Territorio wichi, Salta: &quot;Es un exterminio planificado&quot;\" \/>\n<meta property=\"og:description\" content=\"Por Rodolfo Franco, m\u00e9dico de la comunidad wich\u00ed de la Misi\u00f3n Chaque\u00f1a, Salta La Garganta Poderosa En lo que va de este a\u00f1o hemos sabido de seis ni\u00f1os\" \/>\n<meta property=\"og:url\" content=\"https:\/\/www.pressenza.com\/es\/2020\/01\/territorio-wichi-salta-es-un-exterminio-planificado\/\" \/>\n<meta property=\"og:site_name\" content=\"Pressenza\" \/>\n<meta property=\"article:publisher\" content=\"https:\/\/www.facebook.com\/PressenzaItalia\" \/>\n<meta property=\"article:author\" content=\"https:\/\/www.facebook.com\/pressenza\" \/>\n<meta property=\"article:published_time\" content=\"2020-01-28T05:42:54+00:00\" \/>\n<meta property=\"og:image\" content=\"https:\/\/www.pressenza.com\/wp-content\/uploads\/2020\/01\/sin-me\u0301dicos-La-Garganta-Poderosa.jpg\" \/>\n\t<meta property=\"og:image:width\" content=\"1024\" \/>\n\t<meta property=\"og:image:height\" content=\"819\" \/>\n\t<meta property=\"og:image:type\" content=\"image\/jpeg\" \/>\n<meta name=\"author\" content=\"Redacci\u00f3n Mar del Plata\" \/>\n<meta name=\"twitter:card\" content=\"summary_large_image\" \/>\n<meta name=\"twitter:creator\" content=\"@Pressenza\" \/>\n<meta name=\"twitter:site\" content=\"@PressenzaIPA\" \/>\n<meta name=\"twitter:label1\" content=\"Escrito por\" \/>\n\t<meta name=\"twitter:data1\" content=\"Redacci\u00f3n Mar del Plata\" \/>\n\t<meta name=\"twitter:label2\" content=\"Tiempo de lectura\" \/>\n\t<meta name=\"twitter:data2\" content=\"3 minutos\" \/>\n<script type=\"application\/ld+json\" class=\"yoast-schema-graph\">{\"@context\":\"https:\/\/schema.org\",\"@graph\":[{\"@type\":\"Article\",\"@id\":\"https:\/\/www.pressenza.com\/es\/2020\/01\/territorio-wichi-salta-es-un-exterminio-planificado\/#article\",\"isPartOf\":{\"@id\":\"https:\/\/www.pressenza.com\/es\/2020\/01\/territorio-wichi-salta-es-un-exterminio-planificado\/\"},\"author\":{\"name\":\"Redacci\u00f3n Mar del Plata\",\"@id\":\"https:\/\/www.pressenza.com\/es\/#\/schema\/person\/738658b5125ecea661a8a0b96dba8b69\"},\"headline\":\"Territorio wichi, Salta: \u00abEs un exterminio planificado\u00bb\",\"datePublished\":\"2020-01-28T05:42:54+00:00\",\"mainEntityOfPage\":{\"@id\":\"https:\/\/www.pressenza.com\/es\/2020\/01\/territorio-wichi-salta-es-un-exterminio-planificado\/\"},\"wordCount\":622,\"publisher\":{\"@id\":\"https:\/\/www.pressenza.com\/es\/#organization\"},\"image\":{\"@id\":\"https:\/\/www.pressenza.com\/es\/2020\/01\/territorio-wichi-salta-es-un-exterminio-planificado\/#primaryimage\"},\"thumbnailUrl\":\"https:\/\/www.pressenza.com\/wp-content\/uploads\/2020\/01\/sin-me\u0301dicos-La-Garganta-Poderosa.jpg\",\"keywords\":[\"Argentina\",\"desnutrici\u00f3n\",\"Genocidio\",\"indigenas\",\"Pueblos Originarios\",\"Salta\",\"territorios\",\"wich\u00ed\"],\"articleSection\":[\"Opiniones\",\"Pueblos Originarios\",\"Sudam\u00e9rica\"],\"inLanguage\":\"es\"},{\"@type\":\"WebPage\",\"@id\":\"https:\/\/www.pressenza.com\/es\/2020\/01\/territorio-wichi-salta-es-un-exterminio-planificado\/\",\"url\":\"https:\/\/www.pressenza.com\/es\/2020\/01\/territorio-wichi-salta-es-un-exterminio-planificado\/\",\"name\":\"Territorio wichi, Salta: \\\"Es un exterminio planificado\\\"\",\"isPartOf\":{\"@id\":\"https:\/\/www.pressenza.com\/es\/#website\"},\"primaryImageOfPage\":{\"@id\":\"https:\/\/www.pressenza.com\/es\/2020\/01\/territorio-wichi-salta-es-un-exterminio-planificado\/#primaryimage\"},\"image\":{\"@id\":\"https:\/\/www.pressenza.com\/es\/2020\/01\/territorio-wichi-salta-es-un-exterminio-planificado\/#primaryimage\"},\"thumbnailUrl\":\"https:\/\/www.pressenza.com\/wp-content\/uploads\/2020\/01\/sin-me\u0301dicos-La-Garganta-Poderosa.jpg\",\"datePublished\":\"2020-01-28T05:42:54+00:00\",\"description\":\"Por Rodolfo Franco, m\u00e9dico de la comunidad wich\u00ed de la Misi\u00f3n Chaque\u00f1a, Salta La Garganta Poderosa En lo que va de este a\u00f1o hemos sabido de seis ni\u00f1os\",\"breadcrumb\":{\"@id\":\"https:\/\/www.pressenza.com\/es\/2020\/01\/territorio-wichi-salta-es-un-exterminio-planificado\/#breadcrumb\"},\"inLanguage\":\"es\",\"potentialAction\":[{\"@type\":\"ReadAction\",\"target\":[\"https:\/\/www.pressenza.com\/es\/2020\/01\/territorio-wichi-salta-es-un-exterminio-planificado\/\"]}]},{\"@type\":\"ImageObject\",\"inLanguage\":\"es\",\"@id\":\"https:\/\/www.pressenza.com\/es\/2020\/01\/territorio-wichi-salta-es-un-exterminio-planificado\/#primaryimage\",\"url\":\"https:\/\/www.pressenza.com\/wp-content\/uploads\/2020\/01\/sin-me\u0301dicos-La-Garganta-Poderosa.jpg\",\"contentUrl\":\"https:\/\/www.pressenza.com\/wp-content\/uploads\/2020\/01\/sin-me\u0301dicos-La-Garganta-Poderosa.jpg\",\"width\":1024,\"height\":819},{\"@type\":\"BreadcrumbList\",\"@id\":\"https:\/\/www.pressenza.com\/es\/2020\/01\/territorio-wichi-salta-es-un-exterminio-planificado\/#breadcrumb\",\"itemListElement\":[{\"@type\":\"ListItem\",\"position\":1,\"name\":\"Accueil\",\"item\":\"https:\/\/www.pressenza.com\/es\/\"},{\"@type\":\"ListItem\",\"position\":2,\"name\":\"Territorio wichi, Salta: \u00abEs un exterminio planificado\u00bb\"}]},{\"@type\":\"WebSite\",\"@id\":\"https:\/\/www.pressenza.com\/es\/#website\",\"url\":\"https:\/\/www.pressenza.com\/es\/\",\"name\":\"Pressenza\",\"description\":\"International Press Agency\",\"publisher\":{\"@id\":\"https:\/\/www.pressenza.com\/es\/#organization\"},\"potentialAction\":[{\"@type\":\"SearchAction\",\"target\":{\"@type\":\"EntryPoint\",\"urlTemplate\":\"https:\/\/www.pressenza.com\/es\/?s={search_term_string}\"},\"query-input\":{\"@type\":\"PropertyValueSpecification\",\"valueRequired\":true,\"valueName\":\"search_term_string\"}}],\"inLanguage\":\"es\"},{\"@type\":\"Organization\",\"@id\":\"https:\/\/www.pressenza.com\/es\/#organization\",\"name\":\"Pressenza\",\"url\":\"https:\/\/www.pressenza.com\/es\/\",\"logo\":{\"@type\":\"ImageObject\",\"inLanguage\":\"es\",\"@id\":\"https:\/\/www.pressenza.com\/es\/#\/schema\/logo\/image\/\",\"url\":\"https:\/\/www.pressenza.com\/wp-content\/uploads\/2022\/10\/pressenza_logo_200x200.jpg\",\"contentUrl\":\"https:\/\/www.pressenza.com\/wp-content\/uploads\/2022\/10\/pressenza_logo_200x200.jpg\",\"width\":200,\"height\":200,\"caption\":\"Pressenza\"},\"image\":{\"@id\":\"https:\/\/www.pressenza.com\/es\/#\/schema\/logo\/image\/\"},\"sameAs\":[\"https:\/\/www.facebook.com\/PressenzaItalia\",\"https:\/\/x.com\/PressenzaIPA\"]},{\"@type\":\"Person\",\"@id\":\"https:\/\/www.pressenza.com\/es\/#\/schema\/person\/738658b5125ecea661a8a0b96dba8b69\",\"name\":\"Redacci\u00f3n Mar del Plata\",\"description\":\"News published by the Pressenza bureau in Mar Del Plata, Argentina\",\"sameAs\":[\"https:\/\/www.facebook.com\/pressenza\",\"https:\/\/x.com\/Pressenza\"],\"url\":\"https:\/\/www.pressenza.com\/es\/author\/redaccion-mar-del-plata\/\"}]}<\/script>\n<!-- \/ Yoast SEO plugin. -->","yoast_head_json":{"title":"Territorio wichi, Salta: \"Es un exterminio planificado\"","description":"Por Rodolfo Franco, m\u00e9dico de la comunidad wich\u00ed de la Misi\u00f3n Chaque\u00f1a, Salta La Garganta Poderosa En lo que va de este a\u00f1o hemos sabido de seis ni\u00f1os","robots":{"index":"index","follow":"follow","max-snippet":"max-snippet:-1","max-image-preview":"max-image-preview:large","max-video-preview":"max-video-preview:-1"},"canonical":"https:\/\/www.pressenza.com\/es\/2020\/01\/territorio-wichi-salta-es-un-exterminio-planificado\/","og_locale":"es_ES","og_type":"article","og_title":"Territorio wichi, Salta: \"Es un exterminio planificado\"","og_description":"Por Rodolfo Franco, m\u00e9dico de la comunidad wich\u00ed de la Misi\u00f3n Chaque\u00f1a, Salta La Garganta Poderosa En lo que va de este a\u00f1o hemos sabido de seis ni\u00f1os","og_url":"https:\/\/www.pressenza.com\/es\/2020\/01\/territorio-wichi-salta-es-un-exterminio-planificado\/","og_site_name":"Pressenza","article_publisher":"https:\/\/www.facebook.com\/PressenzaItalia","article_author":"https:\/\/www.facebook.com\/pressenza","article_published_time":"2020-01-28T05:42:54+00:00","og_image":[{"width":1024,"height":819,"url":"https:\/\/www.pressenza.com\/wp-content\/uploads\/2020\/01\/sin-me\u0301dicos-La-Garganta-Poderosa.jpg","type":"image\/jpeg"}],"author":"Redacci\u00f3n Mar del Plata","twitter_card":"summary_large_image","twitter_creator":"@Pressenza","twitter_site":"@PressenzaIPA","twitter_misc":{"Escrito por":"Redacci\u00f3n Mar del Plata","Tiempo de lectura":"3 minutos"},"schema":{"@context":"https:\/\/schema.org","@graph":[{"@type":"Article","@id":"https:\/\/www.pressenza.com\/es\/2020\/01\/territorio-wichi-salta-es-un-exterminio-planificado\/#article","isPartOf":{"@id":"https:\/\/www.pressenza.com\/es\/2020\/01\/territorio-wichi-salta-es-un-exterminio-planificado\/"},"author":{"name":"Redacci\u00f3n Mar del Plata","@id":"https:\/\/www.pressenza.com\/es\/#\/schema\/person\/738658b5125ecea661a8a0b96dba8b69"},"headline":"Territorio wichi, Salta: \u00abEs un exterminio planificado\u00bb","datePublished":"2020-01-28T05:42:54+00:00","mainEntityOfPage":{"@id":"https:\/\/www.pressenza.com\/es\/2020\/01\/territorio-wichi-salta-es-un-exterminio-planificado\/"},"wordCount":622,"publisher":{"@id":"https:\/\/www.pressenza.com\/es\/#organization"},"image":{"@id":"https:\/\/www.pressenza.com\/es\/2020\/01\/territorio-wichi-salta-es-un-exterminio-planificado\/#primaryimage"},"thumbnailUrl":"https:\/\/www.pressenza.com\/wp-content\/uploads\/2020\/01\/sin-me\u0301dicos-La-Garganta-Poderosa.jpg","keywords":["Argentina","desnutrici\u00f3n","Genocidio","indigenas","Pueblos Originarios","Salta","territorios","wich\u00ed"],"articleSection":["Opiniones","Pueblos Originarios","Sudam\u00e9rica"],"inLanguage":"es"},{"@type":"WebPage","@id":"https:\/\/www.pressenza.com\/es\/2020\/01\/territorio-wichi-salta-es-un-exterminio-planificado\/","url":"https:\/\/www.pressenza.com\/es\/2020\/01\/territorio-wichi-salta-es-un-exterminio-planificado\/","name":"Territorio wichi, Salta: \"Es un exterminio planificado\"","isPartOf":{"@id":"https:\/\/www.pressenza.com\/es\/#website"},"primaryImageOfPage":{"@id":"https:\/\/www.pressenza.com\/es\/2020\/01\/territorio-wichi-salta-es-un-exterminio-planificado\/#primaryimage"},"image":{"@id":"https:\/\/www.pressenza.com\/es\/2020\/01\/territorio-wichi-salta-es-un-exterminio-planificado\/#primaryimage"},"thumbnailUrl":"https:\/\/www.pressenza.com\/wp-content\/uploads\/2020\/01\/sin-me\u0301dicos-La-Garganta-Poderosa.jpg","datePublished":"2020-01-28T05:42:54+00:00","description":"Por Rodolfo Franco, m\u00e9dico de la comunidad wich\u00ed de la Misi\u00f3n Chaque\u00f1a, Salta La Garganta Poderosa En lo que va de este a\u00f1o hemos sabido de seis ni\u00f1os","breadcrumb":{"@id":"https:\/\/www.pressenza.com\/es\/2020\/01\/territorio-wichi-salta-es-un-exterminio-planificado\/#breadcrumb"},"inLanguage":"es","potentialAction":[{"@type":"ReadAction","target":["https:\/\/www.pressenza.com\/es\/2020\/01\/territorio-wichi-salta-es-un-exterminio-planificado\/"]}]},{"@type":"ImageObject","inLanguage":"es","@id":"https:\/\/www.pressenza.com\/es\/2020\/01\/territorio-wichi-salta-es-un-exterminio-planificado\/#primaryimage","url":"https:\/\/www.pressenza.com\/wp-content\/uploads\/2020\/01\/sin-me\u0301dicos-La-Garganta-Poderosa.jpg","contentUrl":"https:\/\/www.pressenza.com\/wp-content\/uploads\/2020\/01\/sin-me\u0301dicos-La-Garganta-Poderosa.jpg","width":1024,"height":819},{"@type":"BreadcrumbList","@id":"https:\/\/www.pressenza.com\/es\/2020\/01\/territorio-wichi-salta-es-un-exterminio-planificado\/#breadcrumb","itemListElement":[{"@type":"ListItem","position":1,"name":"Accueil","item":"https:\/\/www.pressenza.com\/es\/"},{"@type":"ListItem","position":2,"name":"Territorio wichi, Salta: \u00abEs un exterminio planificado\u00bb"}]},{"@type":"WebSite","@id":"https:\/\/www.pressenza.com\/es\/#website","url":"https:\/\/www.pressenza.com\/es\/","name":"Pressenza","description":"International Press Agency","publisher":{"@id":"https:\/\/www.pressenza.com\/es\/#organization"},"potentialAction":[{"@type":"SearchAction","target":{"@type":"EntryPoint","urlTemplate":"https:\/\/www.pressenza.com\/es\/?s={search_term_string}"},"query-input":{"@type":"PropertyValueSpecification","valueRequired":true,"valueName":"search_term_string"}}],"inLanguage":"es"},{"@type":"Organization","@id":"https:\/\/www.pressenza.com\/es\/#organization","name":"Pressenza","url":"https:\/\/www.pressenza.com\/es\/","logo":{"@type":"ImageObject","inLanguage":"es","@id":"https:\/\/www.pressenza.com\/es\/#\/schema\/logo\/image\/","url":"https:\/\/www.pressenza.com\/wp-content\/uploads\/2022\/10\/pressenza_logo_200x200.jpg","contentUrl":"https:\/\/www.pressenza.com\/wp-content\/uploads\/2022\/10\/pressenza_logo_200x200.jpg","width":200,"height":200,"caption":"Pressenza"},"image":{"@id":"https:\/\/www.pressenza.com\/es\/#\/schema\/logo\/image\/"},"sameAs":["https:\/\/www.facebook.com\/PressenzaItalia","https:\/\/x.com\/PressenzaIPA"]},{"@type":"Person","@id":"https:\/\/www.pressenza.com\/es\/#\/schema\/person\/738658b5125ecea661a8a0b96dba8b69","name":"Redacci\u00f3n Mar del Plata","description":"News published by the Pressenza bureau in Mar Del Plata, Argentina","sameAs":["https:\/\/www.facebook.com\/pressenza","https:\/\/x.com\/Pressenza"],"url":"https:\/\/www.pressenza.com\/es\/author\/redaccion-mar-del-plata\/"}]}},"place":"Argentina","original_article_url":"https:\/\/www.facebook.com\/gargantapodero\/posts\/2776062892462556?__tn__=K-R","_links":{"self":[{"href":"https:\/\/www.pressenza.com\/es\/wp-json\/wp\/v2\/posts\/1022934","targetHints":{"allow":["GET"]}}],"collection":[{"href":"https:\/\/www.pressenza.com\/es\/wp-json\/wp\/v2\/posts"}],"about":[{"href":"https:\/\/www.pressenza.com\/es\/wp-json\/wp\/v2\/types\/post"}],"author":[{"embeddable":true,"href":"https:\/\/www.pressenza.com\/es\/wp-json\/wp\/v2\/users\/1254"}],"replies":[{"embeddable":true,"href":"https:\/\/www.pressenza.com\/es\/wp-json\/wp\/v2\/comments?post=1022934"}],"version-history":[{"count":0,"href":"https:\/\/www.pressenza.com\/es\/wp-json\/wp\/v2\/posts\/1022934\/revisions"}],"wp:featuredmedia":[{"embeddable":true,"href":"https:\/\/www.pressenza.com\/es\/wp-json\/wp\/v2\/media\/1022935"}],"wp:attachment":[{"href":"https:\/\/www.pressenza.com\/es\/wp-json\/wp\/v2\/media?parent=1022934"}],"wp:term":[{"taxonomy":"category","embeddable":true,"href":"https:\/\/www.pressenza.com\/es\/wp-json\/wp\/v2\/categories?post=1022934"},{"taxonomy":"post_tag","embeddable":true,"href":"https:\/\/www.pressenza.com\/es\/wp-json\/wp\/v2\/tags?post=1022934"}],"curies":[{"name":"wp","href":"https:\/\/api.w.org\/{rel}","templated":true}]}}