{"id":102256,"date":"2014-04-22T14:10:30","date_gmt":"2014-04-22T13:10:30","guid":{"rendered":"http:\/\/www.pressenza.com\/?p=102256"},"modified":"2014-04-22T14:10:30","modified_gmt":"2014-04-22T13:10:30","slug":"silvio-rodriguez-le-escribe-una-carta-postuma-gabriel-garcia-marquez","status":"publish","type":"post","link":"https:\/\/www.pressenza.com\/es\/2014\/04\/silvio-rodriguez-le-escribe-una-carta-postuma-gabriel-garcia-marquez\/","title":{"rendered":"Silvio Rodr\u00edguez le escribe una carta p\u00f3stuma a Gabriel Garc\u00eda M\u00e1rquez"},"content":{"rendered":"<p style=\"text-align: justify;\">El cantautor cubano Silvio Rodr\u00edguez uno de los iconos del movimiento musical conocido como Nueva Trova Cubana escribi\u00f3 una carta al escritor colombiano Gabriel Garc\u00eda M\u00e1rquez en su <a href=\"http:\/\/segundacita.blogspot.com.ar\/\" target=\"_blank\">blog Segunda Cita<\/a>.<\/p>\n<p style=\"text-align: justify;\">A lo largo de sus m\u00e1s de cuarenta a\u00f1os de trayectoria profesional, Rodr\u00edguez ha logrado\u00a0componer unos 548 temas y publicado una veintena de \u00e1lbumes\u00a0con lo cuales ha logrado convertirse en uno de los artistas de habla hispana de mayor trascendencia internacional.<\/p>\n<p style=\"text-align: justify;\">A continuaci\u00f3n, el texto \u00edntegro que public\u00f3 Silvio Rodr\u00edguez en su blog Segunda Cita.<\/p>\n<p style=\"text-align: justify;\">No recuerdo d\u00f3nde lo conoc\u00ed. Puede haber sido gracias a Haydee Santamar\u00eda. Acaso coincidimos en alguna comida en casa de la amiga com\u00fan, quiz\u00e1 en aquella en que fui embromado con una tortilla de pl\u00e1tanos maduros. Lo que s\u00ed tengo claro es que en septiembre de 1969, entre la treintena de libros que embarqu\u00e9 en el Playa Gir\u00f3n, hab\u00eda un Cien a\u00f1os de soledad que ya hab\u00eda le\u00eddo un par veces.<\/p>\n<p style=\"text-align: justify;\">Lo veo a flashazos, en distintos momentos. Un 31 de diciembre me invit\u00f3 a una fiesta en la que estaban su amigo Fidel Castro y el actor norteamericano Gregory Peck. Hubo un momento, cercano a las 12 de la noche, en que me vi conversando con aquellos gigantes y me sent\u00ed desubicado.<\/p>\n<p style=\"text-align: justify;\">La primera vez que estuve en su casa de M\u00e9xico fui con Ra\u00fal Roa Kour\u00ed y mi hermana Mar\u00eda, casados por entonces. Estaban de tr\u00e1nsito, camino a New York, donde estar\u00edan 6 a\u00f1os sirviendo a Cuba ante las Naciones Unidas. Fuimos por la ma\u00f1ana y pasamos algunas horas en el despacho del escritor, donde estaban algunos de sus libros, su m\u00e1quina de escribir. All\u00ed constat\u00e9 que, tal y como se dec\u00eda, sobre su mesa de trabajo hab\u00eda un un florero con una rosa amarilla. Creo que fue la primera vez que vi una rosa que parec\u00eda un sol. O la primera que reparaba en ella, iluminada por la mitolog\u00eda en torno al genio literario.<\/p>\n<p style=\"text-align: justify;\">Hablamos de m\u00fasica. Uno de sus hijos estudiaba flauta. En alg\u00fan lugar yo hab\u00eda le\u00eddo que \u00e9l escrib\u00eda escuchando a Bach; pero aquella ma\u00f1ana nos dijo que entre sus partituras preferidas estaba el concierto para viol\u00edn y orquesta de Sibelius. Revis\u00f3 sus discos (con la ayuda de Mercedes) y me regal\u00f3 una versi\u00f3n, que ten\u00eda repetida, dirigida por Von Karajan e interpretada por Christian Ferras. Antes de d\u00e1rmelo rotul\u00f3 su nombre en la car\u00e1tula, con plum\u00f3n azul Prusia. Despu\u00e9s me obsequi\u00f3 su novela m\u00e1s famosa, que yo casi me sab\u00eda de memoria. Hablamos tambi\u00e9n de cumbias y vallenatos, tema del que era experto. Concluy\u00f3 la clase magistral con ejemplos en los que su nombre era mentado y, con cierta ternura, nos hizo escuchar una cumbia que lo increpaba por algo que no recuerdo. Finalmente me obsequi\u00f3 dos casetes, con selecciones personales. Aquellas cintas no me duraron mucho, porque le coment\u00e9 a una periodista que las ten\u00eda y se las llev\u00f3, jurando muchas veces que s\u00f3lo las quer\u00eda para copiarlas y que enseguida me las devolver\u00eda. Ojos que te vieron. O m\u00e1s bien: o\u00eddos que te escucharon\u2026<\/p>\n<p style=\"text-align: justify;\">No recuerdo por qu\u00e9 un d\u00eda me toc\u00f3 llevarlo al centro campestre de R\u00edo Cristal, donde se iba a celebrar un almuerzo relacionado con el premio literario Casa de las Am\u00e9ricas. Por el camino trat\u00e9 de hablar lo menos posible, para no meter la pata, pero acabamos comentando la separaci\u00f3n de un matrimonio. Yo, sagitario imprudente, sentenci\u00e9 que era una desavenencia pasajera. \u00c9l me mir\u00f3 de una forma en la que pude reconocer, en el breve vistazo que le dirig\u00ed puesto que iba manejando, que sent\u00eda m\u00e1s congoja por mi optimismo que por la pareja distanciada. Puede que en el fondo yo pensara como \u00e9l, y que s\u00f3lo siguiera la costumbre tot\u00e9mica de expresar mis deseos y no lo que realmente suced\u00eda. A veces me he equivocado, de diente para afuera, aunque de diente para adentro sepa que ejecuto un ritual que significa lo contrario. En aquel caso, en pocos d\u00edas comprob\u00e9 que su mirada de piedad ten\u00eda m\u00e1s peso que todas mis palabras. Y, adem\u00e1s, comprend\u00ed que \u00e9l no era adicto a mis ceremonias primitivas y que conoc\u00eda mucho mejor que yo a personas que yo ve\u00eda m\u00e1s a menudo.<\/p>\n<p style=\"text-align: justify;\">Hace poco cont\u00e9, a prop\u00f3sito de una canci\u00f3n de mi ultimo disco, la especial circunstancia de haber tomado un vuelo en el que s\u00f3lo iba otro pasajero. Era hasta M\u00e9xico, con escala en Canc\u00fan. Aquella tarde los cielos estaban cargados de oscuridades y nuestra soledad compartida, entre tantos asientos vac\u00edos, propici\u00f3 el acercamiento. En aquel avi\u00f3n, que daba tumbos y bajones, el escritor me iba explicando \u2013con una serenidad inconcebible\u2013 que a veces se le ocurr\u00edan ideas que no daban para novelas o cuentos, y que posiblemente eran canciones. En todo momento fui consciente de la fatalidad de que aquel encuentro ocurriera en circunstancias tan adversas, porque los incesantes sobresaltos no me permit\u00edan estar todo lo atento que deseaba. Luego, en Canc\u00fan, se llen\u00f3 el avi\u00f3n, los cielos se aplacaron y el viaje dej\u00f3 el misterio atr\u00e1s, siendo menos propicio, aunque yo me desped\u00ed diciendo que iba a tratar de darle taller a algunas de las ideas \u2013a veces relampagueantes\u2013 que tuve la suerte de escuchar. En un terrible hotel de Panam\u00e1 hice un primer acercamiento que se perdi\u00f3 en la bruma, y s\u00f3lo hace muy poco logr\u00e9 organizar algo cantable.<\/p>\n<p style=\"text-align: justify;\">Cierta vez estuve una noche en su casa del DF y, a la hora de irnos, comprobamos que faltaba el carro en que hab\u00edamos llegado. Buena parte de aquella madrugada la pas\u00f3 con nosotros en la comisar\u00eda, prestando declaraciones y tratando de ayudarnos. Otra noche, hace no mucho, fuimos al bar de una se\u00f1ora llamada Margarita, lleno de caricaturas, donde Sabina hac\u00eda gala de los tantos corridos y rancheras que se sabe. La \u00faltima vez que fuimos a su casa carg\u00f3 a Malva en la puerta de despedida.<\/p>\n<p style=\"text-align: justify;\">Dejo constancia que la \u00fanica vez que visit\u00e9 la hermosa Cartagena de Indias fue gracias a \u00e9l, que me recomend\u00f3 al Festival de Cine como jurado. Ni antes ni despu\u00e9s he vuelto a entrar a un Casino. Aquel era propiedad de un amigo, se\u00f1or que amablemente nos regal\u00f3 unas fichas para que prob\u00e1ramos suerte en la ruleta. Yo le segu\u00eda las manos al dealer, a ver si las ocultaba bajo la mesa para apretar alg\u00fan bot\u00f3n. Pero el hombre daba un respetuoso paso atr\u00e1s, cada vez que la rueda de la fortuna empezaba a detenerse, quiz\u00e1 ley\u00e9ndome la mente. Viendo lo r\u00e1pido que dilapid\u00e9 mi capital, el escritor, de un blanco impecable, se part\u00eda de la risa.<\/p>\n<p style=\"text-align: justify;\">Voy a conservarlo as\u00ed, sonriente, gozando de la vida, a lo mejor en la voluta de una idea que la insondable alquimia de su talento dejar\u00e1 en una \u00ednfima rese\u00f1a, algo que ni siquiera llegar\u00e1 a ser canci\u00f3n: acaso un insecto posado en un mantel, la pintura vah\u00edda de un bote surcando el r\u00edo Magdalena, la nota disonante de un triste amolador de tijeras. Seguro as\u00ed me sentir\u00e9 alguito menos hu\u00e9rfano.<\/p>\n<p style=\"text-align: justify;\"><img loading=\"lazy\" decoding=\"async\" alt=\"\" src=\"https:\/\/ci6.googleusercontent.com\/proxy\/_FtTsWR2JiEinfG5Zp0O4tkSChDkFzvAQaBx-582Sjq4SqwsSi-V83tAnoxKeJL41AVFR6ehSsKDdMI-MxP6Mr0UPBBdpPdqn3VxWKHWpre-_4666Ki0hQ8kQqew6YjIQmpJPw0Wo69qCKCMK0frWdLkUmLl4js=s0-d-e1-ft#http:\/\/feeds.feedburner.com\/%7Er\/agenciasulan\/%7E4\/JnYyBPQYKd8?utm_source=feedburner&amp;utm_medium=email\" width=\"1\" height=\"1\" \/><\/p>\n","protected":false},"excerpt":{"rendered":"<p>El cantautor cubano Silvio Rodr\u00edguez uno de los iconos del movimiento musical conocido como Nueva Trova Cubana escribi\u00f3 una carta al escritor colombiano Gabriel Garc\u00eda M\u00e1rquez en su blog Segunda Cita. A lo largo de sus m\u00e1s de cuarenta a\u00f1os&hellip;<\/p>\n","protected":false},"author":640,"featured_media":102265,"comment_status":"closed","ping_status":"open","sticky":false,"template":"","format":"standard","meta":{"footnotes":""},"categories":[75,161,67],"tags":[10121],"class_list":["post-102256","post","type-post","status-publish","format-standard","has-post-thumbnail","hentry","category-cultura-es","category-opiniones","category-sudamerica","tag-garcia-marquez"],"yoast_head":"<!-- This site is optimized with the Yoast SEO plugin v27.1.1 - https:\/\/yoast.com\/product\/yoast-seo-wordpress\/ -->\n<title>Silvio Rodr\u00edguez le escribe una carta p\u00f3stuma a Gabriel Garc\u00eda M\u00e1rquez<\/title>\n<meta name=\"description\" content=\"El cantautor cubano Silvio Rodr\u00edguez uno de los iconos del movimiento musical conocido como Nueva Trova Cubana escribi\u00f3 una carta al escritor colombiano\" \/>\n<meta name=\"robots\" content=\"index, follow, max-snippet:-1, max-image-preview:large, max-video-preview:-1\" \/>\n<link rel=\"canonical\" href=\"https:\/\/www.pressenza.com\/es\/2014\/04\/silvio-rodriguez-le-escribe-una-carta-postuma-gabriel-garcia-marquez\/\" \/>\n<meta property=\"og:locale\" content=\"es_ES\" \/>\n<meta property=\"og:type\" content=\"article\" \/>\n<meta property=\"og:title\" content=\"Silvio Rodr\u00edguez le escribe una carta p\u00f3stuma a Gabriel Garc\u00eda M\u00e1rquez\" \/>\n<meta property=\"og:description\" content=\"El cantautor cubano Silvio Rodr\u00edguez uno de los iconos del movimiento musical conocido como Nueva Trova Cubana escribi\u00f3 una carta al escritor colombiano\" \/>\n<meta property=\"og:url\" content=\"https:\/\/www.pressenza.com\/es\/2014\/04\/silvio-rodriguez-le-escribe-una-carta-postuma-gabriel-garcia-marquez\/\" \/>\n<meta property=\"og:site_name\" content=\"Pressenza\" \/>\n<meta property=\"article:publisher\" content=\"https:\/\/www.facebook.com\/PressenzaItalia\" \/>\n<meta property=\"article:author\" content=\"https:\/\/www.facebook.com\/AgenciasUlan\" \/>\n<meta property=\"article:published_time\" content=\"2014-04-22T13:10:30+00:00\" \/>\n<meta property=\"og:image\" content=\"https:\/\/www.pressenza.com\/wp-content\/uploads\/2014\/04\/silvio.jpg\" \/>\n\t<meta property=\"og:image:width\" content=\"220\" \/>\n\t<meta property=\"og:image:height\" content=\"146\" \/>\n\t<meta property=\"og:image:type\" content=\"image\/jpeg\" \/>\n<meta name=\"author\" content=\"Uni\u00f3n Latinoamericana de Agencias de Noticias\" \/>\n<meta name=\"twitter:card\" content=\"summary_large_image\" \/>\n<meta name=\"twitter:creator\" content=\"@agenciasulan\" \/>\n<meta name=\"twitter:site\" content=\"@PressenzaIPA\" \/>\n<meta name=\"twitter:label1\" content=\"Escrito por\" \/>\n\t<meta name=\"twitter:data1\" content=\"Uni\u00f3n Latinoamericana de Agencias de Noticias\" \/>\n\t<meta name=\"twitter:label2\" content=\"Tiempo de lectura\" \/>\n\t<meta name=\"twitter:data2\" content=\"6 minutos\" \/>\n<script type=\"application\/ld+json\" class=\"yoast-schema-graph\">{\"@context\":\"https:\/\/schema.org\",\"@graph\":[{\"@type\":\"Article\",\"@id\":\"https:\/\/www.pressenza.com\/es\/2014\/04\/silvio-rodriguez-le-escribe-una-carta-postuma-gabriel-garcia-marquez\/#article\",\"isPartOf\":{\"@id\":\"https:\/\/www.pressenza.com\/es\/2014\/04\/silvio-rodriguez-le-escribe-una-carta-postuma-gabriel-garcia-marquez\/\"},\"author\":{\"name\":\"Uni\u00f3n Latinoamericana de Agencias de Noticias\",\"@id\":\"https:\/\/www.pressenza.com\/es\/#\/schema\/person\/a9efe8d7b19eb4689fcbcb71bc21dba6\"},\"headline\":\"Silvio Rodr\u00edguez le escribe una carta p\u00f3stuma a Gabriel Garc\u00eda M\u00e1rquez\",\"datePublished\":\"2014-04-22T13:10:30+00:00\",\"mainEntityOfPage\":{\"@id\":\"https:\/\/www.pressenza.com\/es\/2014\/04\/silvio-rodriguez-le-escribe-una-carta-postuma-gabriel-garcia-marquez\/\"},\"wordCount\":1278,\"publisher\":{\"@id\":\"https:\/\/www.pressenza.com\/es\/#organization\"},\"image\":{\"@id\":\"https:\/\/www.pressenza.com\/es\/2014\/04\/silvio-rodriguez-le-escribe-una-carta-postuma-gabriel-garcia-marquez\/#primaryimage\"},\"thumbnailUrl\":\"https:\/\/www.pressenza.com\/wp-content\/uploads\/2014\/04\/silvio.jpg\",\"keywords\":[\"Garc\u00eda Marquez\"],\"articleSection\":[\"Cultura y Medios\",\"Opiniones\",\"Sudam\u00e9rica\"],\"inLanguage\":\"es\"},{\"@type\":\"WebPage\",\"@id\":\"https:\/\/www.pressenza.com\/es\/2014\/04\/silvio-rodriguez-le-escribe-una-carta-postuma-gabriel-garcia-marquez\/\",\"url\":\"https:\/\/www.pressenza.com\/es\/2014\/04\/silvio-rodriguez-le-escribe-una-carta-postuma-gabriel-garcia-marquez\/\",\"name\":\"Silvio Rodr\u00edguez le escribe una carta p\u00f3stuma a Gabriel Garc\u00eda M\u00e1rquez\",\"isPartOf\":{\"@id\":\"https:\/\/www.pressenza.com\/es\/#website\"},\"primaryImageOfPage\":{\"@id\":\"https:\/\/www.pressenza.com\/es\/2014\/04\/silvio-rodriguez-le-escribe-una-carta-postuma-gabriel-garcia-marquez\/#primaryimage\"},\"image\":{\"@id\":\"https:\/\/www.pressenza.com\/es\/2014\/04\/silvio-rodriguez-le-escribe-una-carta-postuma-gabriel-garcia-marquez\/#primaryimage\"},\"thumbnailUrl\":\"https:\/\/www.pressenza.com\/wp-content\/uploads\/2014\/04\/silvio.jpg\",\"datePublished\":\"2014-04-22T13:10:30+00:00\",\"description\":\"El cantautor cubano Silvio Rodr\u00edguez uno de los iconos del movimiento musical conocido como Nueva Trova Cubana escribi\u00f3 una carta al escritor colombiano\",\"breadcrumb\":{\"@id\":\"https:\/\/www.pressenza.com\/es\/2014\/04\/silvio-rodriguez-le-escribe-una-carta-postuma-gabriel-garcia-marquez\/#breadcrumb\"},\"inLanguage\":\"es\",\"potentialAction\":[{\"@type\":\"ReadAction\",\"target\":[\"https:\/\/www.pressenza.com\/es\/2014\/04\/silvio-rodriguez-le-escribe-una-carta-postuma-gabriel-garcia-marquez\/\"]}]},{\"@type\":\"ImageObject\",\"inLanguage\":\"es\",\"@id\":\"https:\/\/www.pressenza.com\/es\/2014\/04\/silvio-rodriguez-le-escribe-una-carta-postuma-gabriel-garcia-marquez\/#primaryimage\",\"url\":\"https:\/\/www.pressenza.com\/wp-content\/uploads\/2014\/04\/silvio.jpg\",\"contentUrl\":\"https:\/\/www.pressenza.com\/wp-content\/uploads\/2014\/04\/silvio.jpg\",\"width\":220,\"height\":146},{\"@type\":\"BreadcrumbList\",\"@id\":\"https:\/\/www.pressenza.com\/es\/2014\/04\/silvio-rodriguez-le-escribe-una-carta-postuma-gabriel-garcia-marquez\/#breadcrumb\",\"itemListElement\":[{\"@type\":\"ListItem\",\"position\":1,\"name\":\"Accueil\",\"item\":\"https:\/\/www.pressenza.com\/es\/\"},{\"@type\":\"ListItem\",\"position\":2,\"name\":\"Silvio Rodr\u00edguez le escribe una carta p\u00f3stuma a Gabriel Garc\u00eda M\u00e1rquez\"}]},{\"@type\":\"WebSite\",\"@id\":\"https:\/\/www.pressenza.com\/es\/#website\",\"url\":\"https:\/\/www.pressenza.com\/es\/\",\"name\":\"Pressenza\",\"description\":\"International Press Agency\",\"publisher\":{\"@id\":\"https:\/\/www.pressenza.com\/es\/#organization\"},\"potentialAction\":[{\"@type\":\"SearchAction\",\"target\":{\"@type\":\"EntryPoint\",\"urlTemplate\":\"https:\/\/www.pressenza.com\/es\/?s={search_term_string}\"},\"query-input\":{\"@type\":\"PropertyValueSpecification\",\"valueRequired\":true,\"valueName\":\"search_term_string\"}}],\"inLanguage\":\"es\"},{\"@type\":\"Organization\",\"@id\":\"https:\/\/www.pressenza.com\/es\/#organization\",\"name\":\"Pressenza\",\"url\":\"https:\/\/www.pressenza.com\/es\/\",\"logo\":{\"@type\":\"ImageObject\",\"inLanguage\":\"es\",\"@id\":\"https:\/\/www.pressenza.com\/es\/#\/schema\/logo\/image\/\",\"url\":\"https:\/\/www.pressenza.com\/wp-content\/uploads\/2022\/10\/pressenza_logo_200x200.jpg\",\"contentUrl\":\"https:\/\/www.pressenza.com\/wp-content\/uploads\/2022\/10\/pressenza_logo_200x200.jpg\",\"width\":200,\"height\":200,\"caption\":\"Pressenza\"},\"image\":{\"@id\":\"https:\/\/www.pressenza.com\/es\/#\/schema\/logo\/image\/\"},\"sameAs\":[\"https:\/\/www.facebook.com\/PressenzaItalia\",\"https:\/\/x.com\/PressenzaIPA\"]},{\"@type\":\"Person\",\"@id\":\"https:\/\/www.pressenza.com\/es\/#\/schema\/person\/a9efe8d7b19eb4689fcbcb71bc21dba6\",\"name\":\"Uni\u00f3n Latinoamericana de Agencias de Noticias\",\"description\":\"Una asociaci\u00f3n supranacional que re\u00fane a las agencias de noticias de Am\u00e9rica Latina y el Caribe. agenciasulan.org\",\"sameAs\":[\"https:\/\/www.facebook.com\/AgenciasUlan\",\"https:\/\/x.com\/agenciasulan\"],\"url\":\"https:\/\/www.pressenza.com\/es\/author\/union-latinoamericana-de-agencias-de-noticias\/\"}]}<\/script>\n<!-- \/ Yoast SEO plugin. -->","yoast_head_json":{"title":"Silvio Rodr\u00edguez le escribe una carta p\u00f3stuma a Gabriel Garc\u00eda M\u00e1rquez","description":"El cantautor cubano Silvio Rodr\u00edguez uno de los iconos del movimiento musical conocido como Nueva Trova Cubana escribi\u00f3 una carta al escritor colombiano","robots":{"index":"index","follow":"follow","max-snippet":"max-snippet:-1","max-image-preview":"max-image-preview:large","max-video-preview":"max-video-preview:-1"},"canonical":"https:\/\/www.pressenza.com\/es\/2014\/04\/silvio-rodriguez-le-escribe-una-carta-postuma-gabriel-garcia-marquez\/","og_locale":"es_ES","og_type":"article","og_title":"Silvio Rodr\u00edguez le escribe una carta p\u00f3stuma a Gabriel Garc\u00eda M\u00e1rquez","og_description":"El cantautor cubano Silvio Rodr\u00edguez uno de los iconos del movimiento musical conocido como Nueva Trova Cubana escribi\u00f3 una carta al escritor colombiano","og_url":"https:\/\/www.pressenza.com\/es\/2014\/04\/silvio-rodriguez-le-escribe-una-carta-postuma-gabriel-garcia-marquez\/","og_site_name":"Pressenza","article_publisher":"https:\/\/www.facebook.com\/PressenzaItalia","article_author":"https:\/\/www.facebook.com\/AgenciasUlan","article_published_time":"2014-04-22T13:10:30+00:00","og_image":[{"width":220,"height":146,"url":"https:\/\/www.pressenza.com\/wp-content\/uploads\/2014\/04\/silvio.jpg","type":"image\/jpeg"}],"author":"Uni\u00f3n Latinoamericana de Agencias de Noticias","twitter_card":"summary_large_image","twitter_creator":"@agenciasulan","twitter_site":"@PressenzaIPA","twitter_misc":{"Escrito por":"Uni\u00f3n Latinoamericana de Agencias de Noticias","Tiempo de lectura":"6 minutos"},"schema":{"@context":"https:\/\/schema.org","@graph":[{"@type":"Article","@id":"https:\/\/www.pressenza.com\/es\/2014\/04\/silvio-rodriguez-le-escribe-una-carta-postuma-gabriel-garcia-marquez\/#article","isPartOf":{"@id":"https:\/\/www.pressenza.com\/es\/2014\/04\/silvio-rodriguez-le-escribe-una-carta-postuma-gabriel-garcia-marquez\/"},"author":{"name":"Uni\u00f3n Latinoamericana de Agencias de Noticias","@id":"https:\/\/www.pressenza.com\/es\/#\/schema\/person\/a9efe8d7b19eb4689fcbcb71bc21dba6"},"headline":"Silvio Rodr\u00edguez le escribe una carta p\u00f3stuma a Gabriel Garc\u00eda M\u00e1rquez","datePublished":"2014-04-22T13:10:30+00:00","mainEntityOfPage":{"@id":"https:\/\/www.pressenza.com\/es\/2014\/04\/silvio-rodriguez-le-escribe-una-carta-postuma-gabriel-garcia-marquez\/"},"wordCount":1278,"publisher":{"@id":"https:\/\/www.pressenza.com\/es\/#organization"},"image":{"@id":"https:\/\/www.pressenza.com\/es\/2014\/04\/silvio-rodriguez-le-escribe-una-carta-postuma-gabriel-garcia-marquez\/#primaryimage"},"thumbnailUrl":"https:\/\/www.pressenza.com\/wp-content\/uploads\/2014\/04\/silvio.jpg","keywords":["Garc\u00eda Marquez"],"articleSection":["Cultura y Medios","Opiniones","Sudam\u00e9rica"],"inLanguage":"es"},{"@type":"WebPage","@id":"https:\/\/www.pressenza.com\/es\/2014\/04\/silvio-rodriguez-le-escribe-una-carta-postuma-gabriel-garcia-marquez\/","url":"https:\/\/www.pressenza.com\/es\/2014\/04\/silvio-rodriguez-le-escribe-una-carta-postuma-gabriel-garcia-marquez\/","name":"Silvio Rodr\u00edguez le escribe una carta p\u00f3stuma a Gabriel Garc\u00eda M\u00e1rquez","isPartOf":{"@id":"https:\/\/www.pressenza.com\/es\/#website"},"primaryImageOfPage":{"@id":"https:\/\/www.pressenza.com\/es\/2014\/04\/silvio-rodriguez-le-escribe-una-carta-postuma-gabriel-garcia-marquez\/#primaryimage"},"image":{"@id":"https:\/\/www.pressenza.com\/es\/2014\/04\/silvio-rodriguez-le-escribe-una-carta-postuma-gabriel-garcia-marquez\/#primaryimage"},"thumbnailUrl":"https:\/\/www.pressenza.com\/wp-content\/uploads\/2014\/04\/silvio.jpg","datePublished":"2014-04-22T13:10:30+00:00","description":"El cantautor cubano Silvio Rodr\u00edguez uno de los iconos del movimiento musical conocido como Nueva Trova Cubana escribi\u00f3 una carta al escritor colombiano","breadcrumb":{"@id":"https:\/\/www.pressenza.com\/es\/2014\/04\/silvio-rodriguez-le-escribe-una-carta-postuma-gabriel-garcia-marquez\/#breadcrumb"},"inLanguage":"es","potentialAction":[{"@type":"ReadAction","target":["https:\/\/www.pressenza.com\/es\/2014\/04\/silvio-rodriguez-le-escribe-una-carta-postuma-gabriel-garcia-marquez\/"]}]},{"@type":"ImageObject","inLanguage":"es","@id":"https:\/\/www.pressenza.com\/es\/2014\/04\/silvio-rodriguez-le-escribe-una-carta-postuma-gabriel-garcia-marquez\/#primaryimage","url":"https:\/\/www.pressenza.com\/wp-content\/uploads\/2014\/04\/silvio.jpg","contentUrl":"https:\/\/www.pressenza.com\/wp-content\/uploads\/2014\/04\/silvio.jpg","width":220,"height":146},{"@type":"BreadcrumbList","@id":"https:\/\/www.pressenza.com\/es\/2014\/04\/silvio-rodriguez-le-escribe-una-carta-postuma-gabriel-garcia-marquez\/#breadcrumb","itemListElement":[{"@type":"ListItem","position":1,"name":"Accueil","item":"https:\/\/www.pressenza.com\/es\/"},{"@type":"ListItem","position":2,"name":"Silvio Rodr\u00edguez le escribe una carta p\u00f3stuma a Gabriel Garc\u00eda M\u00e1rquez"}]},{"@type":"WebSite","@id":"https:\/\/www.pressenza.com\/es\/#website","url":"https:\/\/www.pressenza.com\/es\/","name":"Pressenza","description":"International Press Agency","publisher":{"@id":"https:\/\/www.pressenza.com\/es\/#organization"},"potentialAction":[{"@type":"SearchAction","target":{"@type":"EntryPoint","urlTemplate":"https:\/\/www.pressenza.com\/es\/?s={search_term_string}"},"query-input":{"@type":"PropertyValueSpecification","valueRequired":true,"valueName":"search_term_string"}}],"inLanguage":"es"},{"@type":"Organization","@id":"https:\/\/www.pressenza.com\/es\/#organization","name":"Pressenza","url":"https:\/\/www.pressenza.com\/es\/","logo":{"@type":"ImageObject","inLanguage":"es","@id":"https:\/\/www.pressenza.com\/es\/#\/schema\/logo\/image\/","url":"https:\/\/www.pressenza.com\/wp-content\/uploads\/2022\/10\/pressenza_logo_200x200.jpg","contentUrl":"https:\/\/www.pressenza.com\/wp-content\/uploads\/2022\/10\/pressenza_logo_200x200.jpg","width":200,"height":200,"caption":"Pressenza"},"image":{"@id":"https:\/\/www.pressenza.com\/es\/#\/schema\/logo\/image\/"},"sameAs":["https:\/\/www.facebook.com\/PressenzaItalia","https:\/\/x.com\/PressenzaIPA"]},{"@type":"Person","@id":"https:\/\/www.pressenza.com\/es\/#\/schema\/person\/a9efe8d7b19eb4689fcbcb71bc21dba6","name":"Uni\u00f3n Latinoamericana de Agencias de Noticias","description":"Una asociaci\u00f3n supranacional que re\u00fane a las agencias de noticias de Am\u00e9rica Latina y el Caribe. agenciasulan.org","sameAs":["https:\/\/www.facebook.com\/AgenciasUlan","https:\/\/x.com\/agenciasulan"],"url":"https:\/\/www.pressenza.com\/es\/author\/union-latinoamericana-de-agencias-de-noticias\/"}]}},"place":"","original_article_url":"","_links":{"self":[{"href":"https:\/\/www.pressenza.com\/es\/wp-json\/wp\/v2\/posts\/102256","targetHints":{"allow":["GET"]}}],"collection":[{"href":"https:\/\/www.pressenza.com\/es\/wp-json\/wp\/v2\/posts"}],"about":[{"href":"https:\/\/www.pressenza.com\/es\/wp-json\/wp\/v2\/types\/post"}],"author":[{"embeddable":true,"href":"https:\/\/www.pressenza.com\/es\/wp-json\/wp\/v2\/users\/640"}],"replies":[{"embeddable":true,"href":"https:\/\/www.pressenza.com\/es\/wp-json\/wp\/v2\/comments?post=102256"}],"version-history":[{"count":0,"href":"https:\/\/www.pressenza.com\/es\/wp-json\/wp\/v2\/posts\/102256\/revisions"}],"wp:featuredmedia":[{"embeddable":true,"href":"https:\/\/www.pressenza.com\/es\/wp-json\/wp\/v2\/media\/102265"}],"wp:attachment":[{"href":"https:\/\/www.pressenza.com\/es\/wp-json\/wp\/v2\/media?parent=102256"}],"wp:term":[{"taxonomy":"category","embeddable":true,"href":"https:\/\/www.pressenza.com\/es\/wp-json\/wp\/v2\/categories?post=102256"},{"taxonomy":"post_tag","embeddable":true,"href":"https:\/\/www.pressenza.com\/es\/wp-json\/wp\/v2\/tags?post=102256"}],"curies":[{"name":"wp","href":"https:\/\/api.w.org\/{rel}","templated":true}]}}