{"id":1021773,"date":"2020-01-26T16:06:57","date_gmt":"2020-01-26T16:06:57","guid":{"rendered":"https:\/\/www.pressenza.com\/?p=1021773"},"modified":"2020-01-28T00:39:47","modified_gmt":"2020-01-28T00:39:47","slug":"se-lanza-video-resumen-en-abierto-del-documental-el-principio-del-fin-de-las-armas-nucleares","status":"publish","type":"post","link":"https:\/\/www.pressenza.com\/es\/2020\/01\/se-lanza-video-resumen-en-abierto-del-documental-el-principio-del-fin-de-las-armas-nucleares\/","title":{"rendered":"Se lanza v\u00eddeo\/resumen en abierto del documental &#8216;El Principio del Fin de las Armas Nucleares&#8217;"},"content":{"rendered":"<blockquote><p>Sale en abierto un resumen del documental <strong>El Principio del Fin de las Armas Nucleares<\/strong>, producido por <strong>Pressenza<\/strong> y dirigido por el espa\u00f1ol <strong>\u00c1lvaro Or\u00fas<\/strong>.<\/p><\/blockquote>\n<p>Con motivo del <a href=\"https:\/\/es.wikipedia.org\/wiki\/Dia_Escolar_de_la_No_Violencia_y_la_Paz\"><strong>D\u00eda Escolar de la Paz y la Noviolencia<\/strong><\/a>, el 30 de enero, se pone en abierto un resumen del documental <strong><a href=\"http:\/\/theendofnuclearweapons.com\/languages\/el-principio-del-fin-de-las-armas-nucleares\/\">El Principio del Fin de las Armas Nucleares<\/a><\/strong>, dirigido por \u00c1lvaro Or\u00fas y producido por Tony Robinson para <strong>Pressenza<\/strong>.<\/p>\n<p><iframe loading=\"lazy\" title=\"El principio del fin de las armas nucleares - resumen de 12 minutos\" width=\"500\" height=\"281\" src=\"https:\/\/www.youtube.com\/embed\/8LhzlEpP6Fg?feature=oembed\" frameborder=\"0\" allow=\"accelerometer; autoplay; clipboard-write; encrypted-media; gyroscope; picture-in-picture; web-share\" referrerpolicy=\"strict-origin-when-cross-origin\" allowfullscreen><\/iframe><\/p>\n<p>Se trata de una versi\u00f3n de <strong>12 minutos<\/strong>. La misma estar\u00e1 disponible en los diferentes idiomas (espa\u00f1ol, ingl\u00e9s, japon\u00e9s, franc\u00e9s, italiano, alem\u00e1n, portugu\u00e9s, griego y sueco) a los que ha sido traducido \u2013por ahora- el documental.<\/p>\n<p>Adem\u00e1s, se cuenta con las versiones de <strong>31 minutos<\/strong> y la original de <strong>56<\/strong>, a las cuales puede acceder toda persona o colectivo que quiera utilizar esta pel\u00edcula como material did\u00e1ctico o divulgativo respecto a qu\u00e9 son las armas nucleares, el momento actual en lo referente al peligro de su utilizaci\u00f3n y la necesidad de eliminarlas.<\/p>\n<p>Y, como primer paso en esa direcci\u00f3n, el filme busca llamar la atenci\u00f3n tambi\u00e9n sobre la importancia de la firma y ratificaci\u00f3n por parte de los distintos gobiernos del <strong><a href=\"https:\/\/es.wikipedia.org\/wiki\/Tratado_sobre_la_Prohibici%C3%B3n_de_las_Armas_Nucleares\">Tratado de Prohibici\u00f3n de las Armas Nucleares<\/a><\/strong> (TPAN).<\/p>\n<p>Recordamos que <strong>El Principio del Fin de las Armas Nucleares<\/strong> ha sido estrenado en diferentes pa\u00edses y ha sido seleccionado en festivales diversos, habiendo recibido los premios <strong>Prizewinner<\/strong> y <strong>Humanitarian Awards<\/strong> en el\u00a0<strong> <a href=\"http:\/\/theendofnuclearweapons.com\/2019\/08\/23\/prizewinner-at-the-accolade-global-film-competition\/\">Accolade Global Film Competition<\/a><\/strong>.<\/p>\n","protected":false},"excerpt":{"rendered":"<p>Sale en abierto un resumen del documental El Principio del Fin de las Armas Nucleares, producido por Pressenza y dirigido por el espa\u00f1ol \u00c1lvaro Or\u00fas. Con motivo del D\u00eda Escolar de la Paz y la Noviolencia, el 30 de enero,&hellip;<\/p>\n","protected":false},"author":94,"featured_media":1021774,"comment_status":"closed","ping_status":"closed","sticky":false,"template":"","format":"standard","meta":{"footnotes":""},"categories":[11389,1240,39,1243,25678],"tags":[30939,4302,58792,58272,44688],"class_list":["post-1021773","post","type-post","status-publish","format-standard","has-post-thumbnail","hentry","category-contenido-original","category-humanismo-espiritualidad","category-internacional","category-paz-desarme","category-video-es","tag-alvaro-orus-es","tag-armas-nucleares","tag-el-principio-del-fin-de-las-armas-nucleares","tag-tony-robinson","tag-tratado-de-prohibicion-de-las-armas-nucleares"],"yoast_head":"<!-- This site is optimized with the Yoast SEO plugin v27.1.1 - https:\/\/yoast.com\/product\/yoast-seo-wordpress\/ -->\n<title>Se lanza v\u00eddeo\/resumen en abierto del documental &#039;El Principio del Fin de las Armas Nucleares&#039;<\/title>\n<meta name=\"description\" content=\"Sale en abierto un resumen del documental El Principio del Fin de las Armas Nucleares, producido por Pressenza y dirigido por el espa\u00f1ol \u00c1lvaro Or\u00fas. Con\" \/>\n<meta name=\"robots\" content=\"index, follow, max-snippet:-1, max-image-preview:large, max-video-preview:-1\" \/>\n<link rel=\"canonical\" href=\"https:\/\/www.pressenza.com\/es\/2020\/01\/se-lanza-video-resumen-en-abierto-del-documental-el-principio-del-fin-de-las-armas-nucleares\/\" \/>\n<meta property=\"og:locale\" content=\"es_ES\" \/>\n<meta property=\"og:type\" content=\"article\" \/>\n<meta property=\"og:title\" content=\"Se lanza v\u00eddeo\/resumen en abierto del documental &#039;El Principio del Fin de las Armas Nucleares&#039;\" \/>\n<meta property=\"og:description\" content=\"Sale en abierto un resumen del documental El Principio del Fin de las Armas Nucleares, producido por Pressenza y dirigido por el espa\u00f1ol \u00c1lvaro Or\u00fas. Con\" \/>\n<meta property=\"og:url\" content=\"https:\/\/www.pressenza.com\/es\/2020\/01\/se-lanza-video-resumen-en-abierto-del-documental-el-principio-del-fin-de-las-armas-nucleares\/\" \/>\n<meta property=\"og:site_name\" content=\"Pressenza\" \/>\n<meta property=\"article:publisher\" content=\"https:\/\/www.facebook.com\/PressenzaItalia\" \/>\n<meta property=\"article:author\" content=\"https:\/\/www.facebook.com\/pressenza\" \/>\n<meta property=\"article:published_time\" content=\"2020-01-26T16:06:57+00:00\" \/>\n<meta property=\"article:modified_time\" content=\"2020-01-28T00:39:47+00:00\" \/>\n<meta property=\"og:image\" content=\"https:\/\/www.pressenza.com\/wp-content\/uploads\/2020\/01\/CARTEL-BASICO-el-principio-del-fin-de-las-armas-nucleares-youtube.png\" \/>\n\t<meta property=\"og:image:width\" content=\"850\" \/>\n\t<meta property=\"og:image:height\" content=\"480\" \/>\n\t<meta property=\"og:image:type\" content=\"image\/png\" \/>\n<meta name=\"author\" content=\"Redacci\u00f3n Madrid\" \/>\n<meta name=\"twitter:card\" content=\"summary_large_image\" \/>\n<meta name=\"twitter:creator\" content=\"@pressenza\" \/>\n<meta name=\"twitter:site\" content=\"@PressenzaIPA\" \/>\n<meta name=\"twitter:label1\" content=\"Escrito por\" \/>\n\t<meta name=\"twitter:data1\" content=\"Redacci\u00f3n Madrid\" \/>\n\t<meta name=\"twitter:label2\" content=\"Tiempo de lectura\" \/>\n\t<meta name=\"twitter:data2\" content=\"1 minuto\" \/>\n<script type=\"application\/ld+json\" class=\"yoast-schema-graph\">{\"@context\":\"https:\/\/schema.org\",\"@graph\":[{\"@type\":\"Article\",\"@id\":\"https:\/\/www.pressenza.com\/es\/2020\/01\/se-lanza-video-resumen-en-abierto-del-documental-el-principio-del-fin-de-las-armas-nucleares\/#article\",\"isPartOf\":{\"@id\":\"https:\/\/www.pressenza.com\/es\/2020\/01\/se-lanza-video-resumen-en-abierto-del-documental-el-principio-del-fin-de-las-armas-nucleares\/\"},\"author\":{\"name\":\"Redacci\u00f3n Madrid\",\"@id\":\"https:\/\/www.pressenza.com\/es\/#\/schema\/person\/828fc40eeca2ad7be3630e5a46adba94\"},\"headline\":\"Se lanza v\u00eddeo\/resumen en abierto del documental &#8216;El Principio del Fin de las Armas Nucleares&#8217;\",\"datePublished\":\"2020-01-26T16:06:57+00:00\",\"dateModified\":\"2020-01-28T00:39:47+00:00\",\"mainEntityOfPage\":{\"@id\":\"https:\/\/www.pressenza.com\/es\/2020\/01\/se-lanza-video-resumen-en-abierto-del-documental-el-principio-del-fin-de-las-armas-nucleares\/\"},\"wordCount\":272,\"publisher\":{\"@id\":\"https:\/\/www.pressenza.com\/es\/#organization\"},\"image\":{\"@id\":\"https:\/\/www.pressenza.com\/es\/2020\/01\/se-lanza-video-resumen-en-abierto-del-documental-el-principio-del-fin-de-las-armas-nucleares\/#primaryimage\"},\"thumbnailUrl\":\"https:\/\/www.pressenza.com\/wp-content\/uploads\/2020\/01\/CARTEL-BASICO-el-principio-del-fin-de-las-armas-nucleares-youtube.png\",\"keywords\":[\"\u00c1lvaro Or\u00fas\",\"Armas nucleares\",\"El principio del fin de las armas nucleares\",\"Tony Robinson\",\"Tratado de Prohibici\u00f3n de las Armas Nucleares\"],\"articleSection\":[\"Contenido Original\",\"Humanismo y Espiritualidad\",\"Internacional\",\"Paz y Desarme\",\"Video\"],\"inLanguage\":\"es\"},{\"@type\":\"WebPage\",\"@id\":\"https:\/\/www.pressenza.com\/es\/2020\/01\/se-lanza-video-resumen-en-abierto-del-documental-el-principio-del-fin-de-las-armas-nucleares\/\",\"url\":\"https:\/\/www.pressenza.com\/es\/2020\/01\/se-lanza-video-resumen-en-abierto-del-documental-el-principio-del-fin-de-las-armas-nucleares\/\",\"name\":\"Se lanza v\u00eddeo\/resumen en abierto del documental 'El Principio del Fin de las Armas Nucleares'\",\"isPartOf\":{\"@id\":\"https:\/\/www.pressenza.com\/es\/#website\"},\"primaryImageOfPage\":{\"@id\":\"https:\/\/www.pressenza.com\/es\/2020\/01\/se-lanza-video-resumen-en-abierto-del-documental-el-principio-del-fin-de-las-armas-nucleares\/#primaryimage\"},\"image\":{\"@id\":\"https:\/\/www.pressenza.com\/es\/2020\/01\/se-lanza-video-resumen-en-abierto-del-documental-el-principio-del-fin-de-las-armas-nucleares\/#primaryimage\"},\"thumbnailUrl\":\"https:\/\/www.pressenza.com\/wp-content\/uploads\/2020\/01\/CARTEL-BASICO-el-principio-del-fin-de-las-armas-nucleares-youtube.png\",\"datePublished\":\"2020-01-26T16:06:57+00:00\",\"dateModified\":\"2020-01-28T00:39:47+00:00\",\"description\":\"Sale en abierto un resumen del documental El Principio del Fin de las Armas Nucleares, producido por Pressenza y dirigido por el espa\u00f1ol \u00c1lvaro Or\u00fas. Con\",\"breadcrumb\":{\"@id\":\"https:\/\/www.pressenza.com\/es\/2020\/01\/se-lanza-video-resumen-en-abierto-del-documental-el-principio-del-fin-de-las-armas-nucleares\/#breadcrumb\"},\"inLanguage\":\"es\",\"potentialAction\":[{\"@type\":\"ReadAction\",\"target\":[\"https:\/\/www.pressenza.com\/es\/2020\/01\/se-lanza-video-resumen-en-abierto-del-documental-el-principio-del-fin-de-las-armas-nucleares\/\"]}]},{\"@type\":\"ImageObject\",\"inLanguage\":\"es\",\"@id\":\"https:\/\/www.pressenza.com\/es\/2020\/01\/se-lanza-video-resumen-en-abierto-del-documental-el-principio-del-fin-de-las-armas-nucleares\/#primaryimage\",\"url\":\"https:\/\/www.pressenza.com\/wp-content\/uploads\/2020\/01\/CARTEL-BASICO-el-principio-del-fin-de-las-armas-nucleares-youtube.png\",\"contentUrl\":\"https:\/\/www.pressenza.com\/wp-content\/uploads\/2020\/01\/CARTEL-BASICO-el-principio-del-fin-de-las-armas-nucleares-youtube.png\",\"width\":850,\"height\":480},{\"@type\":\"BreadcrumbList\",\"@id\":\"https:\/\/www.pressenza.com\/es\/2020\/01\/se-lanza-video-resumen-en-abierto-del-documental-el-principio-del-fin-de-las-armas-nucleares\/#breadcrumb\",\"itemListElement\":[{\"@type\":\"ListItem\",\"position\":1,\"name\":\"Accueil\",\"item\":\"https:\/\/www.pressenza.com\/es\/\"},{\"@type\":\"ListItem\",\"position\":2,\"name\":\"Se lanza v\u00eddeo\/resumen en abierto del documental &#8216;El Principio del Fin de las Armas Nucleares&#8217;\"}]},{\"@type\":\"WebSite\",\"@id\":\"https:\/\/www.pressenza.com\/es\/#website\",\"url\":\"https:\/\/www.pressenza.com\/es\/\",\"name\":\"Pressenza\",\"description\":\"International Press Agency\",\"publisher\":{\"@id\":\"https:\/\/www.pressenza.com\/es\/#organization\"},\"potentialAction\":[{\"@type\":\"SearchAction\",\"target\":{\"@type\":\"EntryPoint\",\"urlTemplate\":\"https:\/\/www.pressenza.com\/es\/?s={search_term_string}\"},\"query-input\":{\"@type\":\"PropertyValueSpecification\",\"valueRequired\":true,\"valueName\":\"search_term_string\"}}],\"inLanguage\":\"es\"},{\"@type\":\"Organization\",\"@id\":\"https:\/\/www.pressenza.com\/es\/#organization\",\"name\":\"Pressenza\",\"url\":\"https:\/\/www.pressenza.com\/es\/\",\"logo\":{\"@type\":\"ImageObject\",\"inLanguage\":\"es\",\"@id\":\"https:\/\/www.pressenza.com\/es\/#\/schema\/logo\/image\/\",\"url\":\"https:\/\/www.pressenza.com\/wp-content\/uploads\/2022\/10\/pressenza_logo_200x200.jpg\",\"contentUrl\":\"https:\/\/www.pressenza.com\/wp-content\/uploads\/2022\/10\/pressenza_logo_200x200.jpg\",\"width\":200,\"height\":200,\"caption\":\"Pressenza\"},\"image\":{\"@id\":\"https:\/\/www.pressenza.com\/es\/#\/schema\/logo\/image\/\"},\"sameAs\":[\"https:\/\/www.facebook.com\/PressenzaItalia\",\"https:\/\/x.com\/PressenzaIPA\"]},{\"@type\":\"Person\",\"@id\":\"https:\/\/www.pressenza.com\/es\/#\/schema\/person\/828fc40eeca2ad7be3630e5a46adba94\",\"name\":\"Redacci\u00f3n Madrid\",\"description\":\"News from the Pressenza Bureau in Madrid, Spain\",\"sameAs\":[\"https:\/\/www.facebook.com\/pressenza\",\"https:\/\/x.com\/pressenza\"],\"url\":\"https:\/\/www.pressenza.com\/es\/author\/redaccion-madrid\/\"}]}<\/script>\n<!-- \/ Yoast SEO plugin. -->","yoast_head_json":{"title":"Se lanza v\u00eddeo\/resumen en abierto del documental 'El Principio del Fin de las Armas Nucleares'","description":"Sale en abierto un resumen del documental El Principio del Fin de las Armas Nucleares, producido por Pressenza y dirigido por el espa\u00f1ol \u00c1lvaro Or\u00fas. Con","robots":{"index":"index","follow":"follow","max-snippet":"max-snippet:-1","max-image-preview":"max-image-preview:large","max-video-preview":"max-video-preview:-1"},"canonical":"https:\/\/www.pressenza.com\/es\/2020\/01\/se-lanza-video-resumen-en-abierto-del-documental-el-principio-del-fin-de-las-armas-nucleares\/","og_locale":"es_ES","og_type":"article","og_title":"Se lanza v\u00eddeo\/resumen en abierto del documental 'El Principio del Fin de las Armas Nucleares'","og_description":"Sale en abierto un resumen del documental El Principio del Fin de las Armas Nucleares, producido por Pressenza y dirigido por el espa\u00f1ol \u00c1lvaro Or\u00fas. Con","og_url":"https:\/\/www.pressenza.com\/es\/2020\/01\/se-lanza-video-resumen-en-abierto-del-documental-el-principio-del-fin-de-las-armas-nucleares\/","og_site_name":"Pressenza","article_publisher":"https:\/\/www.facebook.com\/PressenzaItalia","article_author":"https:\/\/www.facebook.com\/pressenza","article_published_time":"2020-01-26T16:06:57+00:00","article_modified_time":"2020-01-28T00:39:47+00:00","og_image":[{"width":850,"height":480,"url":"https:\/\/www.pressenza.com\/wp-content\/uploads\/2020\/01\/CARTEL-BASICO-el-principio-del-fin-de-las-armas-nucleares-youtube.png","type":"image\/png"}],"author":"Redacci\u00f3n Madrid","twitter_card":"summary_large_image","twitter_creator":"@pressenza","twitter_site":"@PressenzaIPA","twitter_misc":{"Escrito por":"Redacci\u00f3n Madrid","Tiempo de lectura":"1 minuto"},"schema":{"@context":"https:\/\/schema.org","@graph":[{"@type":"Article","@id":"https:\/\/www.pressenza.com\/es\/2020\/01\/se-lanza-video-resumen-en-abierto-del-documental-el-principio-del-fin-de-las-armas-nucleares\/#article","isPartOf":{"@id":"https:\/\/www.pressenza.com\/es\/2020\/01\/se-lanza-video-resumen-en-abierto-del-documental-el-principio-del-fin-de-las-armas-nucleares\/"},"author":{"name":"Redacci\u00f3n Madrid","@id":"https:\/\/www.pressenza.com\/es\/#\/schema\/person\/828fc40eeca2ad7be3630e5a46adba94"},"headline":"Se lanza v\u00eddeo\/resumen en abierto del documental &#8216;El Principio del Fin de las Armas Nucleares&#8217;","datePublished":"2020-01-26T16:06:57+00:00","dateModified":"2020-01-28T00:39:47+00:00","mainEntityOfPage":{"@id":"https:\/\/www.pressenza.com\/es\/2020\/01\/se-lanza-video-resumen-en-abierto-del-documental-el-principio-del-fin-de-las-armas-nucleares\/"},"wordCount":272,"publisher":{"@id":"https:\/\/www.pressenza.com\/es\/#organization"},"image":{"@id":"https:\/\/www.pressenza.com\/es\/2020\/01\/se-lanza-video-resumen-en-abierto-del-documental-el-principio-del-fin-de-las-armas-nucleares\/#primaryimage"},"thumbnailUrl":"https:\/\/www.pressenza.com\/wp-content\/uploads\/2020\/01\/CARTEL-BASICO-el-principio-del-fin-de-las-armas-nucleares-youtube.png","keywords":["\u00c1lvaro Or\u00fas","Armas nucleares","El principio del fin de las armas nucleares","Tony Robinson","Tratado de Prohibici\u00f3n de las Armas Nucleares"],"articleSection":["Contenido Original","Humanismo y Espiritualidad","Internacional","Paz y Desarme","Video"],"inLanguage":"es"},{"@type":"WebPage","@id":"https:\/\/www.pressenza.com\/es\/2020\/01\/se-lanza-video-resumen-en-abierto-del-documental-el-principio-del-fin-de-las-armas-nucleares\/","url":"https:\/\/www.pressenza.com\/es\/2020\/01\/se-lanza-video-resumen-en-abierto-del-documental-el-principio-del-fin-de-las-armas-nucleares\/","name":"Se lanza v\u00eddeo\/resumen en abierto del documental 'El Principio del Fin de las Armas Nucleares'","isPartOf":{"@id":"https:\/\/www.pressenza.com\/es\/#website"},"primaryImageOfPage":{"@id":"https:\/\/www.pressenza.com\/es\/2020\/01\/se-lanza-video-resumen-en-abierto-del-documental-el-principio-del-fin-de-las-armas-nucleares\/#primaryimage"},"image":{"@id":"https:\/\/www.pressenza.com\/es\/2020\/01\/se-lanza-video-resumen-en-abierto-del-documental-el-principio-del-fin-de-las-armas-nucleares\/#primaryimage"},"thumbnailUrl":"https:\/\/www.pressenza.com\/wp-content\/uploads\/2020\/01\/CARTEL-BASICO-el-principio-del-fin-de-las-armas-nucleares-youtube.png","datePublished":"2020-01-26T16:06:57+00:00","dateModified":"2020-01-28T00:39:47+00:00","description":"Sale en abierto un resumen del documental El Principio del Fin de las Armas Nucleares, producido por Pressenza y dirigido por el espa\u00f1ol \u00c1lvaro Or\u00fas. Con","breadcrumb":{"@id":"https:\/\/www.pressenza.com\/es\/2020\/01\/se-lanza-video-resumen-en-abierto-del-documental-el-principio-del-fin-de-las-armas-nucleares\/#breadcrumb"},"inLanguage":"es","potentialAction":[{"@type":"ReadAction","target":["https:\/\/www.pressenza.com\/es\/2020\/01\/se-lanza-video-resumen-en-abierto-del-documental-el-principio-del-fin-de-las-armas-nucleares\/"]}]},{"@type":"ImageObject","inLanguage":"es","@id":"https:\/\/www.pressenza.com\/es\/2020\/01\/se-lanza-video-resumen-en-abierto-del-documental-el-principio-del-fin-de-las-armas-nucleares\/#primaryimage","url":"https:\/\/www.pressenza.com\/wp-content\/uploads\/2020\/01\/CARTEL-BASICO-el-principio-del-fin-de-las-armas-nucleares-youtube.png","contentUrl":"https:\/\/www.pressenza.com\/wp-content\/uploads\/2020\/01\/CARTEL-BASICO-el-principio-del-fin-de-las-armas-nucleares-youtube.png","width":850,"height":480},{"@type":"BreadcrumbList","@id":"https:\/\/www.pressenza.com\/es\/2020\/01\/se-lanza-video-resumen-en-abierto-del-documental-el-principio-del-fin-de-las-armas-nucleares\/#breadcrumb","itemListElement":[{"@type":"ListItem","position":1,"name":"Accueil","item":"https:\/\/www.pressenza.com\/es\/"},{"@type":"ListItem","position":2,"name":"Se lanza v\u00eddeo\/resumen en abierto del documental &#8216;El Principio del Fin de las Armas Nucleares&#8217;"}]},{"@type":"WebSite","@id":"https:\/\/www.pressenza.com\/es\/#website","url":"https:\/\/www.pressenza.com\/es\/","name":"Pressenza","description":"International Press Agency","publisher":{"@id":"https:\/\/www.pressenza.com\/es\/#organization"},"potentialAction":[{"@type":"SearchAction","target":{"@type":"EntryPoint","urlTemplate":"https:\/\/www.pressenza.com\/es\/?s={search_term_string}"},"query-input":{"@type":"PropertyValueSpecification","valueRequired":true,"valueName":"search_term_string"}}],"inLanguage":"es"},{"@type":"Organization","@id":"https:\/\/www.pressenza.com\/es\/#organization","name":"Pressenza","url":"https:\/\/www.pressenza.com\/es\/","logo":{"@type":"ImageObject","inLanguage":"es","@id":"https:\/\/www.pressenza.com\/es\/#\/schema\/logo\/image\/","url":"https:\/\/www.pressenza.com\/wp-content\/uploads\/2022\/10\/pressenza_logo_200x200.jpg","contentUrl":"https:\/\/www.pressenza.com\/wp-content\/uploads\/2022\/10\/pressenza_logo_200x200.jpg","width":200,"height":200,"caption":"Pressenza"},"image":{"@id":"https:\/\/www.pressenza.com\/es\/#\/schema\/logo\/image\/"},"sameAs":["https:\/\/www.facebook.com\/PressenzaItalia","https:\/\/x.com\/PressenzaIPA"]},{"@type":"Person","@id":"https:\/\/www.pressenza.com\/es\/#\/schema\/person\/828fc40eeca2ad7be3630e5a46adba94","name":"Redacci\u00f3n Madrid","description":"News from the Pressenza Bureau in Madrid, Spain","sameAs":["https:\/\/www.facebook.com\/pressenza","https:\/\/x.com\/pressenza"],"url":"https:\/\/www.pressenza.com\/es\/author\/redaccion-madrid\/"}]}},"place":"","original_article_url":"","_links":{"self":[{"href":"https:\/\/www.pressenza.com\/es\/wp-json\/wp\/v2\/posts\/1021773","targetHints":{"allow":["GET"]}}],"collection":[{"href":"https:\/\/www.pressenza.com\/es\/wp-json\/wp\/v2\/posts"}],"about":[{"href":"https:\/\/www.pressenza.com\/es\/wp-json\/wp\/v2\/types\/post"}],"author":[{"embeddable":true,"href":"https:\/\/www.pressenza.com\/es\/wp-json\/wp\/v2\/users\/94"}],"replies":[{"embeddable":true,"href":"https:\/\/www.pressenza.com\/es\/wp-json\/wp\/v2\/comments?post=1021773"}],"version-history":[{"count":0,"href":"https:\/\/www.pressenza.com\/es\/wp-json\/wp\/v2\/posts\/1021773\/revisions"}],"wp:featuredmedia":[{"embeddable":true,"href":"https:\/\/www.pressenza.com\/es\/wp-json\/wp\/v2\/media\/1021774"}],"wp:attachment":[{"href":"https:\/\/www.pressenza.com\/es\/wp-json\/wp\/v2\/media?parent=1021773"}],"wp:term":[{"taxonomy":"category","embeddable":true,"href":"https:\/\/www.pressenza.com\/es\/wp-json\/wp\/v2\/categories?post=1021773"},{"taxonomy":"post_tag","embeddable":true,"href":"https:\/\/www.pressenza.com\/es\/wp-json\/wp\/v2\/tags?post=1021773"}],"curies":[{"name":"wp","href":"https:\/\/api.w.org\/{rel}","templated":true}]}}