{"id":1019889,"date":"2020-01-24T12:24:54","date_gmt":"2020-01-24T12:24:54","guid":{"rendered":"https:\/\/www.pressenza.com\/?p=1019889"},"modified":"2020-01-24T12:26:47","modified_gmt":"2020-01-24T12:26:47","slug":"1019889","status":"publish","type":"post","link":"https:\/\/www.pressenza.com\/es\/2020\/01\/1019889\/","title":{"rendered":"25 de enero: Primer d\u00eda de protesta mundial contra la 5G"},"content":{"rendered":"<p><em>Por Sally Burch<\/em><\/p>\n<p>El 25 de enero se celebrar\u00e1 el primer d\u00eda de protesta mundial contra la tecnolog\u00eda 5G. M\u00e1s de 205 eventos en m\u00e1s de 195 ciudades en 32 pa\u00edses est\u00e1n siendo planeados para el s\u00e1bado 25 de enero, as\u00ed como algunos el viernes 24 de enero, cuando las oficinas gubernamentales est\u00e1n abiertas, y el domingo 26 de enero.<\/p>\n<p>Stop 5G International es una campa\u00f1a que demanda una moratoria en la implementaci\u00f3n a gran escala de las tecnolog\u00edas 5G en la tierra y en el espacio, por razones cient\u00edficas, debido a su potencial impacto en la salud, la vida silvestre, el medio ambiente, el consumo de energ\u00eda, los desechos electr\u00f3nicos, la privacidad y la ciberseguridad, entre otras razones.<\/p>\n<p>El Llamamiento de Cient\u00edficos Internacionales en CEM (campo electromagn\u00e9tico), firmado en 2015 por m\u00e1s de 240 cient\u00edficos con investigaciones publicadas y revisadas por pares, sobre los efectos biol\u00f3gicos y en la salud de la radiaci\u00f3n inal\u00e1mbrica, afirma que: \u00abNumerosas publicaciones cient\u00edficas recientes han demostrado que los CEM afectan a los organismos vivos a niveles muy inferiores a (lo estipulado en) la mayor\u00eda de las directrices internacionales y nacionales. Los efectos incluyen un mayor riesgo de c\u00e1ncer, estr\u00e9s celular, aumento de radicales libres da\u00f1inos, da\u00f1os gen\u00e9ticos, cambios estructurales y funcionales del sistema reproductivo, d\u00e9ficits de aprendizaje y memoria, trastornos neurol\u00f3gicos e impactos negativos en el bienestar general de los seres humanos. Los da\u00f1os van mucho m\u00e1s all\u00e1 de la raza humana, ya que hay una creciente evidencia de los efectos nocivos tanto para la vida vegetal como para la animal\u00bb.<\/p>\n<p>Un llamamiento m\u00e1s reciente dirigido a la ONU y a los gobiernos, lanzado por cient\u00edficos, m\u00e9dicos, organizaciones medioambientales y ciudadanos, que ya ha reunido m\u00e1s de 194.000 firmas, pide una moratoria de la tecnolog\u00eda espacial 5G.  Sostiene que: \u00abLa implantaci\u00f3n del 5G incrementar\u00e1 masivamente la exposici\u00f3n a la radiaci\u00f3n de radiofrecuencia (RF) de las telecomunicaciones acumulandose a la ya existente con las actuales redes 2G, 3G y 4G. La radiaci\u00f3n de radiofrecuencias ha demostrado ser perjudicial para los seres humanos y el medio ambiente. El despliegue del 5G constituye un experimento sobre la humanidad y el medio ambiente que bajo el prisma del derecho internacional puede definirse como un crimen contra la humanidad\u00bb.<\/p>\n<p>El sitio web de la campa\u00f1a Stop 5G explica las bases de la preocupaci\u00f3n por la tecnolog\u00eda 5G en numerosos aspectos: \u00ab5G es un experimento biol\u00f3gico masivo impuesto al p\u00fablico sin consentimiento informado, sin pruebas de seguridad previas y con la evidencia cient\u00edfica fidedigno que indica que esta tecnolog\u00eda resultar\u00e1 da\u00f1ina para la salud y fatal para algunos.  Una vez que las antenas 4G\/5G se instalen densamente en comunidades de todo el mundo, nadie podr\u00e1 escapar de la exposici\u00f3n continua e involuntaria a la radiaci\u00f3n no ionizante. El feto, los ni\u00f1os peque\u00f1os, los ancianos y las personas con enfermedades cr\u00f3nicas, enfermedades por microondas o sistemas inmunol\u00f3gicos comprometidos ser\u00e1n particularmente vulnerables\u00bb.<\/p>\n<p>Entre los peligros para la vida silvestre, varios bi\u00f3logos han descubierto que la radiaci\u00f3n electromagn\u00e9tica inal\u00e1mbrica perturba los magnetoreceptores internos utilizados para la navegaci\u00f3n, adem\u00e1s de interrumpir otros complejos procesos celulares y biol\u00f3gicos en mam\u00edferos, aves, peces, insectos, \u00e1rboles, plantas, semillas y bacterias con profundos impactos en el entorno natural.  \u00abLa radiaci\u00f3n tambi\u00e9n ha sido implicada en el Trastorno de Colapso de las Colonias. Las frecuencias de ondas milim\u00e9tricas m\u00e1s cortas que se utilizar\u00e1n para 5G ser\u00e1n a\u00fan m\u00e1s peligrosas que las de 2G, 3G y 4G, ya que los insectos son criaturas de tama\u00f1o milim\u00e9trico y absorber\u00e1n y amplificar\u00e1n selectivamente estas frecuencias\u00bb, seg\u00fan el sitio web de la campa\u00f1a.<\/p>\n<p>Estos riesgos para la salud humana y la vida silvestre ser\u00e1n mucho mayores si se llevan a cabo los planes para el lanzamiento masivo de sat\u00e9lites, que no dejar\u00e1n ninguna zona de la tierra libre de radiaci\u00f3n.  Los sistemas inal\u00e1mbricos desplegados masivamente tambi\u00e9n aumentar\u00e1n exponencialmente las posibilidades de vigilancia e invasi\u00f3n de la privacidad, y son m\u00e1s vulnerables que los sistemas al\u00e1mbricos a la pirater\u00eda inform\u00e1tica.<\/p>\n<p>Adem\u00e1s, hay denuncias de astr\u00f3nomos de que los planes de lanzamiento de miles de sat\u00e9lites de \u00f3rbita baja alterar\u00e1n completamente el cielo nocturno.  Una nueva petici\u00f3n lanzada recientemente por los astr\u00f3nomos, que ha recogido firmas esta semana, denuncia el inminente lanzamiento de otros 60 sat\u00e9lites por parte de la empresa SpaceX, que elevar\u00e1 el total actual a 240.  La petici\u00f3n explica que la mayor\u00eda de los sat\u00e9lites ser\u00e1n visibles a simple vista. Si se lanzan decenas de miles de ellos, arruinar\u00e1n el cielo nocturno para toda la humanidad. Los sat\u00e9lites no s\u00f3lo \u00abser\u00e1n mucho m\u00e1s numerosos que las aproximadamente 9.000 estrellas directamente visibles al ojo humano\u00bb, sino que \u00abigualar\u00e1n el brillo de las estrellas de la constelaci\u00f3n de la Osa Menor\u00bb, y ser\u00e1n \u00absuperados en brillo por s\u00f3lo 172 estrellas en todo el cielo\u00bb.<\/p>\n<p>La campa\u00f1a Stop 5G considera que una soluci\u00f3n m\u00e1s segura, fiable y probada es utilizar la tecnolog\u00eda cableada en cada hogar, negocio y escuela, una tecnolog\u00eda probada durante m\u00e1s de 20 a\u00f1os. \u00abSi nuestra infraestructura de Internet y telecomunicaciones fuera principalmente al\u00e1mbrica, esto nos permitir\u00eda reducir nuestra exposici\u00f3n y dependencia de las torres celulares, antenas inal\u00e1mbricas y sat\u00e9lites.  Adem\u00e1s, la infraestructura al\u00e1mbrica es muy superior, ya que es m\u00e1s eficiente en el consumo de energ\u00eda y mucho m\u00e1s confiable que la inal\u00e1mbrica&#8230; Es m\u00e1s, el cableado es significativamente menos peligroso para nuestra salud y para la salud de otras formas de vida con las que compartimos esta tierra\u00bb.<\/p>\n<p>Hasta ahora, Am\u00e9rica Latina est\u00e1 notablemente ausente de esta campa\u00f1a y ning\u00fan pa\u00eds latinoamericano aparece en la lista de actividades previstas para el d\u00eda de protesta.  Hay que reconocer tambi\u00e9n que a\u00fan hay poca informaci\u00f3n sobre el tema disponible en espa\u00f1ol.<\/p>\n","protected":false},"excerpt":{"rendered":"<p>Por Sally Burch El 25 de enero se celebrar\u00e1 el primer d\u00eda de protesta mundial contra la tecnolog\u00eda 5G. M\u00e1s de 205 eventos en m\u00e1s de 195 ciudades en 32 pa\u00edses est\u00e1n siendo planeados para el s\u00e1bado 25 de enero,&hellip;<\/p>\n","protected":false},"author":1318,"featured_media":1019890,"comment_status":"closed","ping_status":"closed","sticky":false,"template":"","format":"standard","meta":{"footnotes":""},"categories":[76,497,75,79,39,161,1243],"tags":[39813,69936,24495,36714],"class_list":["post-1019889","post","type-post","status-publish","format-standard","has-post-thumbnail","hentry","category-relaciones-exteriores","category-ciencia-tecnologia","category-cultura-es","category-derechos-humanos","category-internacional","category-opiniones","category-paz-desarme","tag-big-data","tag-gobernanza-de-internet","tag-inteligencia-artificial","tag-internet-ciudadana"],"yoast_head":"<!-- This site is optimized with the Yoast SEO plugin v27.1.1 - https:\/\/yoast.com\/product\/yoast-seo-wordpress\/ -->\n<title>25 de enero: Primer d\u00eda de protesta mundial contra la 5G<\/title>\n<meta name=\"description\" content=\"Por Sally Burch El 25 de enero se celebrar\u00e1 el primer d\u00eda de protesta mundial contra la tecnolog\u00eda 5G. M\u00e1s de 205 eventos en m\u00e1s de 195 ciudades en 32\" \/>\n<meta name=\"robots\" content=\"index, follow, max-snippet:-1, max-image-preview:large, max-video-preview:-1\" \/>\n<link rel=\"canonical\" href=\"https:\/\/www.pressenza.com\/es\/2020\/01\/1019889\/\" \/>\n<meta property=\"og:locale\" content=\"es_ES\" \/>\n<meta property=\"og:type\" content=\"article\" \/>\n<meta property=\"og:title\" content=\"25 de enero: Primer d\u00eda de protesta mundial contra la 5G\" \/>\n<meta property=\"og:description\" content=\"Por Sally Burch El 25 de enero se celebrar\u00e1 el primer d\u00eda de protesta mundial contra la tecnolog\u00eda 5G. M\u00e1s de 205 eventos en m\u00e1s de 195 ciudades en 32\" \/>\n<meta property=\"og:url\" content=\"https:\/\/www.pressenza.com\/es\/2020\/01\/1019889\/\" \/>\n<meta property=\"og:site_name\" content=\"Pressenza\" \/>\n<meta property=\"article:publisher\" content=\"https:\/\/www.facebook.com\/PressenzaItalia\" \/>\n<meta property=\"article:author\" content=\"https:\/\/www.facebook.com\/America.Latina.en.Movimiento\/\" \/>\n<meta property=\"article:published_time\" content=\"2020-01-24T12:24:54+00:00\" \/>\n<meta property=\"article:modified_time\" content=\"2020-01-24T12:26:47+00:00\" \/>\n<meta property=\"og:image\" content=\"https:\/\/www.pressenza.com\/wp-content\/uploads\/2020\/01\/5g_640x360_-_primalherb-1.jpg\" \/>\n\t<meta property=\"og:image:width\" content=\"500\" \/>\n\t<meta property=\"og:image:height\" content=\"281\" \/>\n\t<meta property=\"og:image:type\" content=\"image\/jpeg\" \/>\n<meta name=\"author\" content=\"ALAI\" \/>\n<meta name=\"twitter:card\" content=\"summary_large_image\" \/>\n<meta name=\"twitter:creator\" content=\"@ALAIinfo\" \/>\n<meta name=\"twitter:site\" content=\"@PressenzaIPA\" \/>\n<meta name=\"twitter:label1\" content=\"Escrito por\" \/>\n\t<meta name=\"twitter:data1\" content=\"ALAI\" \/>\n\t<meta name=\"twitter:label2\" content=\"Tiempo de lectura\" \/>\n\t<meta name=\"twitter:data2\" content=\"5 minutos\" \/>\n<script type=\"application\/ld+json\" class=\"yoast-schema-graph\">{\"@context\":\"https:\/\/schema.org\",\"@graph\":[{\"@type\":\"Article\",\"@id\":\"https:\/\/www.pressenza.com\/es\/2020\/01\/1019889\/#article\",\"isPartOf\":{\"@id\":\"https:\/\/www.pressenza.com\/es\/2020\/01\/1019889\/\"},\"author\":{\"name\":\"ALAI\",\"@id\":\"https:\/\/www.pressenza.com\/es\/#\/schema\/person\/a1395dba0b1a6de6c1b7fa778b3ca4af\"},\"headline\":\"25 de enero: Primer d\u00eda de protesta mundial contra la 5G\",\"datePublished\":\"2020-01-24T12:24:54+00:00\",\"dateModified\":\"2020-01-24T12:26:47+00:00\",\"mainEntityOfPage\":{\"@id\":\"https:\/\/www.pressenza.com\/es\/2020\/01\/1019889\/\"},\"wordCount\":1075,\"publisher\":{\"@id\":\"https:\/\/www.pressenza.com\/es\/#organization\"},\"image\":{\"@id\":\"https:\/\/www.pressenza.com\/es\/2020\/01\/1019889\/#primaryimage\"},\"thumbnailUrl\":\"https:\/\/www.pressenza.com\/wp-content\/uploads\/2020\/01\/5g_640x360_-_primalherb-1.jpg\",\"keywords\":[\"Big Data\",\"gobernanza de Internet\",\"Inteligencia Artificial\",\"Internet Ciudadana\"],\"articleSection\":[\"Asuntos internacionales\",\"Ciencia y Tecnolog\u00eda\",\"Cultura y Medios\",\"Derechos Humanos\",\"Internacional\",\"Opiniones\",\"Paz y Desarme\"],\"inLanguage\":\"es\"},{\"@type\":\"WebPage\",\"@id\":\"https:\/\/www.pressenza.com\/es\/2020\/01\/1019889\/\",\"url\":\"https:\/\/www.pressenza.com\/es\/2020\/01\/1019889\/\",\"name\":\"25 de enero: Primer d\u00eda de protesta mundial contra la 5G\",\"isPartOf\":{\"@id\":\"https:\/\/www.pressenza.com\/es\/#website\"},\"primaryImageOfPage\":{\"@id\":\"https:\/\/www.pressenza.com\/es\/2020\/01\/1019889\/#primaryimage\"},\"image\":{\"@id\":\"https:\/\/www.pressenza.com\/es\/2020\/01\/1019889\/#primaryimage\"},\"thumbnailUrl\":\"https:\/\/www.pressenza.com\/wp-content\/uploads\/2020\/01\/5g_640x360_-_primalherb-1.jpg\",\"datePublished\":\"2020-01-24T12:24:54+00:00\",\"dateModified\":\"2020-01-24T12:26:47+00:00\",\"description\":\"Por Sally Burch El 25 de enero se celebrar\u00e1 el primer d\u00eda de protesta mundial contra la tecnolog\u00eda 5G. M\u00e1s de 205 eventos en m\u00e1s de 195 ciudades en 32\",\"breadcrumb\":{\"@id\":\"https:\/\/www.pressenza.com\/es\/2020\/01\/1019889\/#breadcrumb\"},\"inLanguage\":\"es\",\"potentialAction\":[{\"@type\":\"ReadAction\",\"target\":[\"https:\/\/www.pressenza.com\/es\/2020\/01\/1019889\/\"]}]},{\"@type\":\"ImageObject\",\"inLanguage\":\"es\",\"@id\":\"https:\/\/www.pressenza.com\/es\/2020\/01\/1019889\/#primaryimage\",\"url\":\"https:\/\/www.pressenza.com\/wp-content\/uploads\/2020\/01\/5g_640x360_-_primalherb-1.jpg\",\"contentUrl\":\"https:\/\/www.pressenza.com\/wp-content\/uploads\/2020\/01\/5g_640x360_-_primalherb-1.jpg\",\"width\":500,\"height\":281},{\"@type\":\"BreadcrumbList\",\"@id\":\"https:\/\/www.pressenza.com\/es\/2020\/01\/1019889\/#breadcrumb\",\"itemListElement\":[{\"@type\":\"ListItem\",\"position\":1,\"name\":\"Accueil\",\"item\":\"https:\/\/www.pressenza.com\/es\/\"},{\"@type\":\"ListItem\",\"position\":2,\"name\":\"25 de enero: Primer d\u00eda de protesta mundial contra la 5G\"}]},{\"@type\":\"WebSite\",\"@id\":\"https:\/\/www.pressenza.com\/es\/#website\",\"url\":\"https:\/\/www.pressenza.com\/es\/\",\"name\":\"Pressenza\",\"description\":\"International Press Agency\",\"publisher\":{\"@id\":\"https:\/\/www.pressenza.com\/es\/#organization\"},\"potentialAction\":[{\"@type\":\"SearchAction\",\"target\":{\"@type\":\"EntryPoint\",\"urlTemplate\":\"https:\/\/www.pressenza.com\/es\/?s={search_term_string}\"},\"query-input\":{\"@type\":\"PropertyValueSpecification\",\"valueRequired\":true,\"valueName\":\"search_term_string\"}}],\"inLanguage\":\"es\"},{\"@type\":\"Organization\",\"@id\":\"https:\/\/www.pressenza.com\/es\/#organization\",\"name\":\"Pressenza\",\"url\":\"https:\/\/www.pressenza.com\/es\/\",\"logo\":{\"@type\":\"ImageObject\",\"inLanguage\":\"es\",\"@id\":\"https:\/\/www.pressenza.com\/es\/#\/schema\/logo\/image\/\",\"url\":\"https:\/\/www.pressenza.com\/wp-content\/uploads\/2022\/10\/pressenza_logo_200x200.jpg\",\"contentUrl\":\"https:\/\/www.pressenza.com\/wp-content\/uploads\/2022\/10\/pressenza_logo_200x200.jpg\",\"width\":200,\"height\":200,\"caption\":\"Pressenza\"},\"image\":{\"@id\":\"https:\/\/www.pressenza.com\/es\/#\/schema\/logo\/image\/\"},\"sameAs\":[\"https:\/\/www.facebook.com\/PressenzaItalia\",\"https:\/\/x.com\/PressenzaIPA\"]},{\"@type\":\"Person\",\"@id\":\"https:\/\/www.pressenza.com\/es\/#\/schema\/person\/a1395dba0b1a6de6c1b7fa778b3ca4af\",\"name\":\"ALAI\",\"description\":\"The Latin-American Information Agency (ALAI in it's Spanish initials) is an international communication organ committed to the full achievement of human rights, gender equality and citizen participation in the development of Latin-America. www.alainet.org\",\"sameAs\":[\"http:\/\/www.alainet.org\",\"https:\/\/www.facebook.com\/America.Latina.en.Movimiento\/\",\"https:\/\/x.com\/ALAIinfo\"],\"url\":\"https:\/\/www.pressenza.com\/es\/author\/alai\/\"}]}<\/script>\n<!-- \/ Yoast SEO plugin. -->","yoast_head_json":{"title":"25 de enero: Primer d\u00eda de protesta mundial contra la 5G","description":"Por Sally Burch El 25 de enero se celebrar\u00e1 el primer d\u00eda de protesta mundial contra la tecnolog\u00eda 5G. M\u00e1s de 205 eventos en m\u00e1s de 195 ciudades en 32","robots":{"index":"index","follow":"follow","max-snippet":"max-snippet:-1","max-image-preview":"max-image-preview:large","max-video-preview":"max-video-preview:-1"},"canonical":"https:\/\/www.pressenza.com\/es\/2020\/01\/1019889\/","og_locale":"es_ES","og_type":"article","og_title":"25 de enero: Primer d\u00eda de protesta mundial contra la 5G","og_description":"Por Sally Burch El 25 de enero se celebrar\u00e1 el primer d\u00eda de protesta mundial contra la tecnolog\u00eda 5G. M\u00e1s de 205 eventos en m\u00e1s de 195 ciudades en 32","og_url":"https:\/\/www.pressenza.com\/es\/2020\/01\/1019889\/","og_site_name":"Pressenza","article_publisher":"https:\/\/www.facebook.com\/PressenzaItalia","article_author":"https:\/\/www.facebook.com\/America.Latina.en.Movimiento\/","article_published_time":"2020-01-24T12:24:54+00:00","article_modified_time":"2020-01-24T12:26:47+00:00","og_image":[{"width":500,"height":281,"url":"https:\/\/www.pressenza.com\/wp-content\/uploads\/2020\/01\/5g_640x360_-_primalherb-1.jpg","type":"image\/jpeg"}],"author":"ALAI","twitter_card":"summary_large_image","twitter_creator":"@ALAIinfo","twitter_site":"@PressenzaIPA","twitter_misc":{"Escrito por":"ALAI","Tiempo de lectura":"5 minutos"},"schema":{"@context":"https:\/\/schema.org","@graph":[{"@type":"Article","@id":"https:\/\/www.pressenza.com\/es\/2020\/01\/1019889\/#article","isPartOf":{"@id":"https:\/\/www.pressenza.com\/es\/2020\/01\/1019889\/"},"author":{"name":"ALAI","@id":"https:\/\/www.pressenza.com\/es\/#\/schema\/person\/a1395dba0b1a6de6c1b7fa778b3ca4af"},"headline":"25 de enero: Primer d\u00eda de protesta mundial contra la 5G","datePublished":"2020-01-24T12:24:54+00:00","dateModified":"2020-01-24T12:26:47+00:00","mainEntityOfPage":{"@id":"https:\/\/www.pressenza.com\/es\/2020\/01\/1019889\/"},"wordCount":1075,"publisher":{"@id":"https:\/\/www.pressenza.com\/es\/#organization"},"image":{"@id":"https:\/\/www.pressenza.com\/es\/2020\/01\/1019889\/#primaryimage"},"thumbnailUrl":"https:\/\/www.pressenza.com\/wp-content\/uploads\/2020\/01\/5g_640x360_-_primalherb-1.jpg","keywords":["Big Data","gobernanza de Internet","Inteligencia Artificial","Internet Ciudadana"],"articleSection":["Asuntos internacionales","Ciencia y Tecnolog\u00eda","Cultura y Medios","Derechos Humanos","Internacional","Opiniones","Paz y Desarme"],"inLanguage":"es"},{"@type":"WebPage","@id":"https:\/\/www.pressenza.com\/es\/2020\/01\/1019889\/","url":"https:\/\/www.pressenza.com\/es\/2020\/01\/1019889\/","name":"25 de enero: Primer d\u00eda de protesta mundial contra la 5G","isPartOf":{"@id":"https:\/\/www.pressenza.com\/es\/#website"},"primaryImageOfPage":{"@id":"https:\/\/www.pressenza.com\/es\/2020\/01\/1019889\/#primaryimage"},"image":{"@id":"https:\/\/www.pressenza.com\/es\/2020\/01\/1019889\/#primaryimage"},"thumbnailUrl":"https:\/\/www.pressenza.com\/wp-content\/uploads\/2020\/01\/5g_640x360_-_primalherb-1.jpg","datePublished":"2020-01-24T12:24:54+00:00","dateModified":"2020-01-24T12:26:47+00:00","description":"Por Sally Burch El 25 de enero se celebrar\u00e1 el primer d\u00eda de protesta mundial contra la tecnolog\u00eda 5G. M\u00e1s de 205 eventos en m\u00e1s de 195 ciudades en 32","breadcrumb":{"@id":"https:\/\/www.pressenza.com\/es\/2020\/01\/1019889\/#breadcrumb"},"inLanguage":"es","potentialAction":[{"@type":"ReadAction","target":["https:\/\/www.pressenza.com\/es\/2020\/01\/1019889\/"]}]},{"@type":"ImageObject","inLanguage":"es","@id":"https:\/\/www.pressenza.com\/es\/2020\/01\/1019889\/#primaryimage","url":"https:\/\/www.pressenza.com\/wp-content\/uploads\/2020\/01\/5g_640x360_-_primalherb-1.jpg","contentUrl":"https:\/\/www.pressenza.com\/wp-content\/uploads\/2020\/01\/5g_640x360_-_primalherb-1.jpg","width":500,"height":281},{"@type":"BreadcrumbList","@id":"https:\/\/www.pressenza.com\/es\/2020\/01\/1019889\/#breadcrumb","itemListElement":[{"@type":"ListItem","position":1,"name":"Accueil","item":"https:\/\/www.pressenza.com\/es\/"},{"@type":"ListItem","position":2,"name":"25 de enero: Primer d\u00eda de protesta mundial contra la 5G"}]},{"@type":"WebSite","@id":"https:\/\/www.pressenza.com\/es\/#website","url":"https:\/\/www.pressenza.com\/es\/","name":"Pressenza","description":"International Press Agency","publisher":{"@id":"https:\/\/www.pressenza.com\/es\/#organization"},"potentialAction":[{"@type":"SearchAction","target":{"@type":"EntryPoint","urlTemplate":"https:\/\/www.pressenza.com\/es\/?s={search_term_string}"},"query-input":{"@type":"PropertyValueSpecification","valueRequired":true,"valueName":"search_term_string"}}],"inLanguage":"es"},{"@type":"Organization","@id":"https:\/\/www.pressenza.com\/es\/#organization","name":"Pressenza","url":"https:\/\/www.pressenza.com\/es\/","logo":{"@type":"ImageObject","inLanguage":"es","@id":"https:\/\/www.pressenza.com\/es\/#\/schema\/logo\/image\/","url":"https:\/\/www.pressenza.com\/wp-content\/uploads\/2022\/10\/pressenza_logo_200x200.jpg","contentUrl":"https:\/\/www.pressenza.com\/wp-content\/uploads\/2022\/10\/pressenza_logo_200x200.jpg","width":200,"height":200,"caption":"Pressenza"},"image":{"@id":"https:\/\/www.pressenza.com\/es\/#\/schema\/logo\/image\/"},"sameAs":["https:\/\/www.facebook.com\/PressenzaItalia","https:\/\/x.com\/PressenzaIPA"]},{"@type":"Person","@id":"https:\/\/www.pressenza.com\/es\/#\/schema\/person\/a1395dba0b1a6de6c1b7fa778b3ca4af","name":"ALAI","description":"The Latin-American Information Agency (ALAI in it's Spanish initials) is an international communication organ committed to the full achievement of human rights, gender equality and citizen participation in the development of Latin-America. www.alainet.org","sameAs":["http:\/\/www.alainet.org","https:\/\/www.facebook.com\/America.Latina.en.Movimiento\/","https:\/\/x.com\/ALAIinfo"],"url":"https:\/\/www.pressenza.com\/es\/author\/alai\/"}]}},"place":"","original_article_url":"https:\/\/www.alainet.org\/es\/articulo\/204382","_links":{"self":[{"href":"https:\/\/www.pressenza.com\/es\/wp-json\/wp\/v2\/posts\/1019889","targetHints":{"allow":["GET"]}}],"collection":[{"href":"https:\/\/www.pressenza.com\/es\/wp-json\/wp\/v2\/posts"}],"about":[{"href":"https:\/\/www.pressenza.com\/es\/wp-json\/wp\/v2\/types\/post"}],"author":[{"embeddable":true,"href":"https:\/\/www.pressenza.com\/es\/wp-json\/wp\/v2\/users\/1318"}],"replies":[{"embeddable":true,"href":"https:\/\/www.pressenza.com\/es\/wp-json\/wp\/v2\/comments?post=1019889"}],"version-history":[{"count":0,"href":"https:\/\/www.pressenza.com\/es\/wp-json\/wp\/v2\/posts\/1019889\/revisions"}],"wp:featuredmedia":[{"embeddable":true,"href":"https:\/\/www.pressenza.com\/es\/wp-json\/wp\/v2\/media\/1019890"}],"wp:attachment":[{"href":"https:\/\/www.pressenza.com\/es\/wp-json\/wp\/v2\/media?parent=1019889"}],"wp:term":[{"taxonomy":"category","embeddable":true,"href":"https:\/\/www.pressenza.com\/es\/wp-json\/wp\/v2\/categories?post=1019889"},{"taxonomy":"post_tag","embeddable":true,"href":"https:\/\/www.pressenza.com\/es\/wp-json\/wp\/v2\/tags?post=1019889"}],"curies":[{"name":"wp","href":"https:\/\/api.w.org\/{rel}","templated":true}]}}