{"id":1017181,"date":"2020-01-20T21:30:56","date_gmt":"2020-01-20T21:30:56","guid":{"rendered":"https:\/\/www.pressenza.com\/?p=1017181"},"modified":"2020-01-20T21:37:09","modified_gmt":"2020-01-20T21:37:09","slug":"las-muertes-sin-respuesta-del-paro-nacional-en-ecuador","status":"publish","type":"post","link":"https:\/\/www.pressenza.com\/es\/2020\/01\/las-muertes-sin-respuesta-del-paro-nacional-en-ecuador\/","title":{"rendered":"Las muertes sin respuesta del Paro Nacional en Ecuador"},"content":{"rendered":"<div class=\"et_pb_module et_pb_text et_pb_text_0 et_pb_text_align_left et_pb_bg_layout_light\">\n<div class=\"et_pb_text_inner\">\n<p><em>Son once historias poco pronunciadas despu\u00e9s del Paro Nacional en Ecuador que moviliz\u00f3 a miles de personas durante once d\u00edas en octubre del 2019. Fue el primer paso de multitudinarias protestas en otros pa\u00edses de Am\u00e9rica Latina contra las pol\u00edticas del Fondo Monetario Internacional (FMI) y la desigualdad que ha generado el neoliberalismo en la regi\u00f3n.<\/em><\/p>\n<\/div>\n<div class=\"et_pb_text_inner\"><strong>Por Equipo Wambra\u00a0<a href=\"http:\/\/www.twitter.com\/wambraec\" target=\"_blank\" rel=\"nofollow noopener\">@wambra.ec\u00a0\u00a0 \/\u00a0<\/a><\/strong><strong>v\u00eda Marcha.org.ar<\/strong><\/div>\n<div><\/div>\n<div class=\"et_pb_text_inner\">De los once asesinados y fallecidos, m\u00e1s de la mitad son ind\u00edgenas, tres son j\u00f3venes y uno es adolescente afro descendiente. Antes de morir en octubre durante el Paro, ellos eran campesinos, agricultores, ganaderos, alba\u00f1iles, estudiantes, electricistas, estibadores, mingueros, empleada p\u00fablica, obreros, cantores. A uno le gustaba el punk contestatario; a otro, cantar m\u00fasica popular en las fiestas comunales. Uno, dos, siete, nueve hijos e hijas; en total veinte y tres hu\u00e9rfanos, la mayor\u00eda de padre, y dos de madre. Tambi\u00e9n hay varios que dejaron a sus madres y padres sin su sustento de vida, pero esta p\u00e9rdida no tiene nombre en castellano; nadie puede nombrar lo que siente\u00a0Himelda Rivera, Gloria Bone, o Mar\u00eda Aurora Chilpe\u00a0por haber perdido a uno de sus hijos.<\/div>\n<\/div>\n<div class=\"et_pb_module et_pb_text et_pb_text_1 et_pb_text_align_left et_pb_bg_layout_light\">\n<div class=\"et_pb_text_inner\">\n<p>Muchos tienen apellidos de ascendencia ind\u00edgena y afro. Esto en Ecuador, un pa\u00eds con una historia colonial, otorga en la mayor\u00eda de los casos caracter\u00edsticas socioecon\u00f3micas bajo la l\u00ednea de la pobreza.Segundo Inocencio Tucumbi Vega, Marco Humberto Oto Rivera, Jos\u00e9 Daniel Chaluisa Cusco, Gabriel Antonio Angulo Bone, Edison Eduardo Mosquera Amagua, Abelardo Vega Caisaguano, Edgar Yucailla, Ra\u00fal Chilpe, Silvia Marlene Mera, Jos\u00e9 Rodrigo Chalouisa, Francisco Qui\u00f1onez Monta\u00f1o, fallecieron en el Paro Nacional de octubre en Ecuador, \u00a0seg\u00fan la lista que confirma la Defensor\u00eda del Pueblo. Las muertes de nueve de ellos se dan en un contexto de control de la protesta, donde participa la Polic\u00eda Nacional y las Fuerzas Armadas durante la vigencia de un Estado de Excepci\u00f3n, y en algunos casos, de un Toque de Queda;\u00a0 sin embargo, la responsabilidad de las muertes se encuentra en investigaci\u00f3n judicial. Apenas dos muertes se dan por accidentes de tr\u00e1nsito, sin participaci\u00f3n directa de la Fuerza P\u00fablica.<\/p>\n<p><strong>\u00bfQui\u00e9nes eran las personas que murieron en el Paro de Ecuador? \u00bfC\u00f3mo ocurri\u00f3 su muerte? \u00bfTiene responsabilidad la Polic\u00eda Nacional y las Fuerzas Armadas o sus muertes fueron accidentales?.<\/strong><\/p>\n<p>Ante el silencio y la falta de respuesta de las autoridades, sus familias decidieron contar sus historias. En este especial compartimos un perfil de cada uno de ellos, acompa\u00f1ado de un retrato ilustrado por\u00a0<a href=\"https:\/\/wambra.ec\/ilustradoras-especial-wambra\/\" target=\"_blank\" rel=\"nofollow noopener\">ocho artistas gr\u00e1ficas<\/a>. Tener una imagen de sus rostros es un ejercicio clave para la memoria, como los grafitis que se encuentran en las paredes del barrio\u00a0Comuna Trece en Medell\u00edn\u00a0de los \u201cfalsos positivos\u201d, como los rostros de\u00a0los 43 normalistas de Ayotzinapa, las fotos que lleva en sus manos una abuela o una madre en la\u00a0Plaza de Mayo, el rostro de los desaparecidos en Chile, y tantas otras im\u00e1genes necesarias para la memoria de la lucha de los pueblos en Am\u00e9rica Latina, que los poderes quieren que se olvide.<\/p>\n<div class=\"col-md-7 col-md-offset-1 col-sm-9\">\n<p><img loading=\"lazy\" decoding=\"async\" class=\"aligncenter wp-image-14365 size-medium\" src=\"https:\/\/latfem.org\/wp-content\/uploads\/2020\/01\/Marco_Oto-300x300.png\" sizes=\"auto, (max-width: 300px) 100vw, 300px\" srcset=\"https:\/\/latfem.org\/wp-content\/uploads\/2020\/01\/Marco_Oto-300x300.png 300w, https:\/\/latfem.org\/wp-content\/uploads\/2020\/01\/Marco_Oto-150x150.png 150w, https:\/\/latfem.org\/wp-content\/uploads\/2020\/01\/Marco_Oto-768x768.png 768w, https:\/\/latfem.org\/wp-content\/uploads\/2020\/01\/Marco_Oto-1024x1024.png 1024w\" alt=\"\" width=\"300\" height=\"300\" \/><\/p>\n<p><strong>Marco Oto: Libre<\/strong><\/p>\n<p><strong>Ilustraci\u00f3n: Vilma Vargas\u00a0<span class=\"css-901oao css-16my406 r-1qd0xha r-ad9z0x r-bcqeeo r-qvutc0\">@vilmavargasva<\/span><\/strong><\/p>\n<p>Amante de la m\u00fasica punk y de los animales. Marco ten\u00eda 26 a\u00f1os cuando falleci\u00f3 despu\u00e9s de caer del puente de San Roque, en Quito, en una persecuci\u00f3n policial a pie y en motos. \u00a0Marco viv\u00eda en Atucucho con su familia y era parte del movimiento juvenil punk de Quito.\u00a0<strong><a href=\"https:\/\/wambra.ec\/marco-humberto-oto-rivera-libre\/\" target=\"_blank\" rel=\"nofollow noopener\">Leer m\u00e1s<\/a><\/strong><\/p>\n<p><a href=\"https:\/\/latfem.org\/wp-content\/uploads\/2020\/01\/Inocencio_Tucumbi.png\" target=\"_blank\" rel=\"nofollow noopener\"><img loading=\"lazy\" decoding=\"async\" class=\"size-medium wp-image-14366 aligncenter\" src=\"https:\/\/latfem.org\/wp-content\/uploads\/2020\/01\/Inocencio_Tucumbi-300x300.png\" sizes=\"auto, (max-width: 300px) 100vw, 300px\" srcset=\"https:\/\/latfem.org\/wp-content\/uploads\/2020\/01\/Inocencio_Tucumbi-300x300.png 300w, https:\/\/latfem.org\/wp-content\/uploads\/2020\/01\/Inocencio_Tucumbi-150x150.png 150w, https:\/\/latfem.org\/wp-content\/uploads\/2020\/01\/Inocencio_Tucumbi-768x768.png 768w, https:\/\/latfem.org\/wp-content\/uploads\/2020\/01\/Inocencio_Tucumbi-1024x1024.png 1024w\" alt=\"\" width=\"300\" height=\"300\" \/><\/a><\/p>\n<p><strong>Inocencio Tucumbi: semilla de liberaci\u00f3n<\/strong><\/p>\n<p><strong>Ilustraci\u00f3n:\u00a0<a href=\"https:\/\/www.instagram.com\/narymanai\/\">Manai Kowii<\/a>\u00a0<\/strong><\/p>\n<p>El compa\u00f1ero que siempre acompa\u00f1\u00f3 las luchas. \u00c9l que alegr\u00f3 las fiestas con su banda musical. Inocencio Tucumbi ten\u00eda 50 a\u00f1os, sali\u00f3 con su familia desde su comunidad, en el cant\u00f3n Pujil\u00ed, provincia de Cotopaxi hasta Quito para apoyar el Paro Nacional. Falleci\u00f3 la noche del 9 de octubre durante un \u00a0ataque de la polic\u00eda nacional en la zona de la Universidad Salesiana<strong>.\u00a0<a href=\"https:\/\/wambra.ec\/inocencio-tucumbi\" target=\"_blank\" rel=\"nofollow noopener\">Leer m\u00e1s<\/a><\/strong><\/p>\n<p><a href=\"https:\/\/latfem.org\/wp-content\/uploads\/2020\/01\/Jose%CC%81_Daniel_Chaluisa.png\" target=\"_blank\" rel=\"nofollow noopener\"><img loading=\"lazy\" decoding=\"async\" class=\"aligncenter size-medium wp-image-14367\" src=\"https:\/\/latfem.org\/wp-content\/uploads\/2020\/01\/Jose%CC%81_Daniel_Chaluisa-300x300.png\" sizes=\"auto, (max-width: 300px) 100vw, 300px\" srcset=\"https:\/\/latfem.org\/wp-content\/uploads\/2020\/01\/Jose\u0301_Daniel_Chaluisa-300x300.png 300w, https:\/\/latfem.org\/wp-content\/uploads\/2020\/01\/Jose\u0301_Daniel_Chaluisa-150x150.png 150w, https:\/\/latfem.org\/wp-content\/uploads\/2020\/01\/Jose\u0301_Daniel_Chaluisa-768x768.png 768w, https:\/\/latfem.org\/wp-content\/uploads\/2020\/01\/Jose\u0301_Daniel_Chaluisa-1024x1024.png 1024w\" alt=\"\" width=\"300\" height=\"300\" \/><\/a><\/p>\n<p><strong>Jos\u00e9 Daniel Chaluisa: el cargador de luchas<\/strong><\/p>\n<p><strong>Ilustraci\u00f3n:\u00a0<a href=\"https:\/\/www.instagram.com\/nata_lia_lunar\/\">Nataly Pilaguano<\/a><\/strong><\/p>\n<p>De lunes a viernes se dedicaba a estibar en el Mercado San Roque, en la ciudad de Quito, y cada que pod\u00eda viajaba hasta su comunidad, en Zumbahua, cant\u00f3n Pujil\u00ed, donde le esperaban su esposa, nueve hijos y un nieto. Al igual que otros cargadores y comerciantes del mercado, Jos\u00e9 Daniel, de 40 a\u00f1os, sali\u00f3 a protestar. Tras una persecuci\u00f3n policial sobre el puente peatonal Jos\u00e9 Daniel cae y muere varios d\u00edas despu\u00e9s en el Hospital Andrade Mar\u00edn en Quito.\u00a0<strong><a href=\"https:\/\/wambra.ec\/jose-daniel-chaluisa\" target=\"_blank\" rel=\"nofollow noopener\">Leer m\u00e1s<\/a><\/strong><\/p>\n<p><a href=\"https:\/\/latfem.org\/wp-content\/uploads\/2020\/01\/Edison_Mosquera.png\" target=\"_blank\" rel=\"nofollow noopener\"><img loading=\"lazy\" decoding=\"async\" class=\"aligncenter size-medium wp-image-14368\" src=\"https:\/\/latfem.org\/wp-content\/uploads\/2020\/01\/Edison_Mosquera-300x300.png\" sizes=\"auto, (max-width: 300px) 100vw, 300px\" srcset=\"https:\/\/latfem.org\/wp-content\/uploads\/2020\/01\/Edison_Mosquera-300x300.png 300w, https:\/\/latfem.org\/wp-content\/uploads\/2020\/01\/Edison_Mosquera-150x150.png 150w, https:\/\/latfem.org\/wp-content\/uploads\/2020\/01\/Edison_Mosquera-768x768.png 768w, https:\/\/latfem.org\/wp-content\/uploads\/2020\/01\/Edison_Mosquera-1024x1024.png 1024w\" alt=\"\" width=\"300\" height=\"300\" \/><\/a><\/p>\n<div class=\"et_pb_column et_pb_column_1_3 et_pb_column_4 et_pb_css_mix_blend_mode_passthrough\">\n<div class=\"et_pb_module et_pb_text et_pb_text_5 et_pb_text_align_left et_pb_bg_layout_light\">\n<div class=\"et_pb_text_inner\">\n<p><strong>Edison Mosquera Amagua: \u00abnos robaron una parte de nuestra vida\u00bb<\/strong><\/p>\n<p><strong>Ilustraci\u00f3n:\u00a0<a href=\"https:\/\/www.instagram.com\/pepailustradora\/\">Mar\u00eda Jos\u00e9 Mes\u00edas\u00a0<\/a>(Pepa Ilustradora)<\/strong><\/p>\n<p>Edison aceptaba toda\u00a0<em>chaucha<\/em>\u00a0posible para mantener a sus hijos gemelos, ayudaba a sus padres, cuidaba a sus abuelos y estudiaba para sacar una tecnolog\u00eda. Edison se uni\u00f3 a la protesta contra las medidas econ\u00f3micas y, en un enfrentamiento con la polic\u00eda en el sector de Cumand\u00e1, recibi\u00f3 un impacto de bala en su cabeza. Edison falleci\u00f3 seis d\u00edas despu\u00e9s en el hospital.\u00a0<strong><a href=\"https:\/\/wambra.ec\/edison-mosquera-amagua\/\" target=\"_blank\" rel=\"nofollow noopener\">Leer m\u00e1s<\/a><\/strong><\/p>\n<p><a href=\"https:\/\/latfem.org\/wp-content\/uploads\/2020\/01\/Edgar_Yucailla.png\" target=\"_blank\" rel=\"nofollow noopener\"><img loading=\"lazy\" decoding=\"async\" class=\"aligncenter size-medium wp-image-14369\" src=\"https:\/\/latfem.org\/wp-content\/uploads\/2020\/01\/Edgar_Yucailla-300x300.png\" sizes=\"auto, (max-width: 300px) 100vw, 300px\" srcset=\"https:\/\/latfem.org\/wp-content\/uploads\/2020\/01\/Edgar_Yucailla-300x300.png 300w, https:\/\/latfem.org\/wp-content\/uploads\/2020\/01\/Edgar_Yucailla-150x150.png 150w, https:\/\/latfem.org\/wp-content\/uploads\/2020\/01\/Edgar_Yucailla-768x768.png 768w, https:\/\/latfem.org\/wp-content\/uploads\/2020\/01\/Edgar_Yucailla-1024x1024.png 1024w\" alt=\"\" width=\"300\" height=\"300\" \/><\/a><\/p>\n<div class=\"et_pb_column et_pb_column_1_3 et_pb_column_4 et_pb_css_mix_blend_mode_passthrough\">\n<div class=\"et_pb_module et_pb_text et_pb_text_5 et_pb_text_align_left et_pb_bg_layout_light\">\n<div class=\"et_pb_text_inner\">\n<div class=\"et_pb_column et_pb_column_1_3 et_pb_column_5 et_pb_css_mix_blend_mode_passthrough\">\n<div class=\"et_pb_module et_pb_text et_pb_text_6 et_pb_text_align_left et_pb_bg_layout_light\">\n<div class=\"et_pb_text_inner\">\n<p><strong>Edgar Yucailla: so\u00f1ar en el p\u00e1ramo de Chimborazo<\/strong><\/p>\n<p><strong>Ilustraci\u00f3n:\u00a0<a href=\"https:\/\/www.instagram.com\/diaspora_tienda\/\">Violeta \u2013 Diaspora<\/a><\/strong><\/p>\n<p>Edgar so\u00f1aba con formar una productora de l\u00e1cteos que pertenezca a su comunidad Sablog, del cant\u00f3n Guamote, provincia de Chimborazo. Edgar, de 32 a\u00f1os y padre de una hija,\u00a0 lleg\u00f3 a Quito junto a su comunidad el 10 de octubre para apoyar la protesta. Fue impactado en su cabeza por un proyectil. Falleci\u00f3 despu\u00e9s de 17 d\u00edas en Cuidados Intensivos en el Hospital.\u00a0<strong><a href=\"https:\/\/wambra.ec\/edgar-yucailla\" target=\"_blank\" rel=\"nofollow noopener\">Leer m\u00e1s<\/a><\/strong><\/p>\n<\/div>\n<\/div>\n<\/div>\n<div class=\"et_pb_column et_pb_column_1_3 et_pb_column_6 et_pb_css_mix_blend_mode_passthrough et-last-child\">\n<p><strong><a href=\"https:\/\/latfem.org\/wp-content\/uploads\/2020\/01\/Abelardo_Vega.png\" target=\"_blank\" rel=\"nofollow noopener\"><img loading=\"lazy\" decoding=\"async\" class=\"aligncenter size-medium wp-image-14370\" src=\"https:\/\/latfem.org\/wp-content\/uploads\/2020\/01\/Abelardo_Vega-300x300.png\" sizes=\"auto, (max-width: 300px) 100vw, 300px\" srcset=\"https:\/\/latfem.org\/wp-content\/uploads\/2020\/01\/Abelardo_Vega-300x300.png 300w, https:\/\/latfem.org\/wp-content\/uploads\/2020\/01\/Abelardo_Vega-150x150.png 150w, https:\/\/latfem.org\/wp-content\/uploads\/2020\/01\/Abelardo_Vega-768x768.png 768w, https:\/\/latfem.org\/wp-content\/uploads\/2020\/01\/Abelardo_Vega-1024x1024.png 1024w\" alt=\"\" width=\"300\" height=\"300\" \/><\/a><\/strong><\/p>\n<p><strong>Abelardo Vega Caisaguano: las manos solidarias del Mercado Mayorista<\/strong><\/p>\n<p><strong>Ilustraci\u00f3n:\u00a0<a href=\"https:\/\/twitter.com\/machadopepita\">Pepita Machado Ar\u00e9valo<\/a><\/strong><\/p>\n<p>Abelardo migr\u00f3 desde Pujil\u00ed a Quito para trabajar. \u00c9l ten\u00eda un puesto de venta de frutas en el Mercado Mayorista. Durante el Paro se organiz\u00f3 con compa\u00f1eros comerciantes para llevar comida a las y los manifestantes todos los d\u00edas hasta la Casa de Cultura y los centros de acopio. El 12 de octubre fue atropellado por un veh\u00edculo en medio de un enfrentamiento con militares y polic\u00edas, en el sector de Turumbaba, en el sur de Quito.\u00a0<strong><a href=\"https:\/\/wambra.ec\/abelardo-vega\/\" target=\"_blank\" rel=\"nofollow noopener\">Leer m\u00e1s<\/a><\/strong><\/p>\n<p><a href=\"https:\/\/latfem.org\/wp-content\/uploads\/2020\/01\/Rau%CC%81l_Chilpe.png\" target=\"_blank\" rel=\"nofollow noopener\"><img loading=\"lazy\" decoding=\"async\" class=\"aligncenter size-medium wp-image-14371\" src=\"https:\/\/latfem.org\/wp-content\/uploads\/2020\/01\/Rau%CC%81l_Chilpe-300x300.png\" sizes=\"auto, (max-width: 300px) 100vw, 300px\" srcset=\"https:\/\/latfem.org\/wp-content\/uploads\/2020\/01\/Rau\u0301l_Chilpe-300x300.png 300w, https:\/\/latfem.org\/wp-content\/uploads\/2020\/01\/Rau\u0301l_Chilpe-150x150.png 150w, https:\/\/latfem.org\/wp-content\/uploads\/2020\/01\/Rau\u0301l_Chilpe-768x768.png 768w, https:\/\/latfem.org\/wp-content\/uploads\/2020\/01\/Rau\u0301l_Chilpe-1024x1024.png 1024w\" alt=\"\" width=\"300\" height=\"300\" \/><\/a><\/p>\n<\/div>\n<\/div>\n<\/div>\n<\/div>\n<div class=\"et_pb_column et_pb_column_1_3 et_pb_column_5 et_pb_css_mix_blend_mode_passthrough\">\n<p><b>Ra\u00fal Chilpe: el cantor de las mingas<\/b><\/p>\n<p><strong>Ilustraci\u00f3n: Angie Vanessita\u00a0<a href=\"https:\/\/www.instagram.com\/angie.vanessita\">@angie.vanessita<\/a><\/strong><\/p>\n<p>En la peque\u00f1a comunidad llamada Luz Mar\u00eda, en Molleturo, cant\u00f3n de Cuenca, Ra\u00fal de 37 a\u00f1os era muy conocido, no se perd\u00eda una minga, siempre dispuesto a ayudar a sus vecinos, animaba los eventos comunitarios. \u00c9l viv\u00eda con su madre y era su sustento econ\u00f3mico. Ra\u00fal muere al ser embestido por un veh\u00edculo en la carretera Cuenca-Molleturo. Fue la primera persona registrada como fallecida durante el Paro Nacional.\u00a0<strong><a href=\"https:\/\/wambra.ec\/raul-chilpe\/\" target=\"_blank\" rel=\"nofollow noopener\">Leer m\u00e1s<\/a><\/strong><\/p>\n<p><a href=\"https:\/\/latfem.org\/wp-content\/uploads\/2020\/01\/Gabriel_Angulo_bone-1536x1536.png\" target=\"_blank\" rel=\"nofollow noopener\"><img loading=\"lazy\" decoding=\"async\" class=\"aligncenter size-medium wp-image-14379\" src=\"https:\/\/latfem.org\/wp-content\/uploads\/2020\/01\/Gabriel_Angulo_bone-1536x1536-300x300.png\" sizes=\"auto, (max-width: 300px) 100vw, 300px\" srcset=\"https:\/\/latfem.org\/wp-content\/uploads\/2020\/01\/Gabriel_Angulo_bone-1536x1536-300x300.png 300w, https:\/\/latfem.org\/wp-content\/uploads\/2020\/01\/Gabriel_Angulo_bone-1536x1536-150x150.png 150w, https:\/\/latfem.org\/wp-content\/uploads\/2020\/01\/Gabriel_Angulo_bone-1536x1536-768x768.png 768w, https:\/\/latfem.org\/wp-content\/uploads\/2020\/01\/Gabriel_Angulo_bone-1536x1536-1024x1024.png 1024w, https:\/\/latfem.org\/wp-content\/uploads\/2020\/01\/Gabriel_Angulo_bone-1536x1536.png 1536w\" alt=\"\" width=\"300\" height=\"300\" \/><\/a><\/p>\n<p><strong>Gabriel Angulo Bone: \u00abrespira, mi negro\u00bb<\/strong><\/p>\n<p><strong>Ilustraci\u00f3n:\u00a0<a href=\"https:\/\/www.instagram.com\/cazurroart\/\">Sebasti\u00e1n Cadena\u00a0<\/a><\/strong><\/p>\n<p>Gabriel ten\u00eda 15 a\u00f1os, le apasionaba jugar f\u00fatbol con sus amigos del barrio Elsa Bucaram, en el cant\u00f3n Dur\u00e1n y era hincha del Barcelona. El 7 de octubre, Gabriel con seis amigos y amigas fueron hasta el Puente de la Unidad Nacional para ver la llegada de los ind\u00edgenas. En el contexto de represi\u00f3n, un polic\u00eda le dispara una bomba lacrim\u00f3gena que impacta directamente en su pecho y lo mata.\u00a0<strong><a href=\"https:\/\/wambra.ec\/gabriel-angulo-bone\/\" target=\"_blank\" rel=\"nofollow noopener\">Leer m\u00e1s<\/a><\/strong><\/p>\n<\/div>\n<p><strong><a href=\"https:\/\/latfem.org\/wp-content\/uploads\/2020\/01\/cromos_final_Mesa-de-trabajo-1-copia-42-01.jpg\" target=\"_blank\" rel=\"nofollow noopener\"><img loading=\"lazy\" decoding=\"async\" class=\"aligncenter size-medium wp-image-14372\" src=\"https:\/\/latfem.org\/wp-content\/uploads\/2020\/01\/cromos_final_Mesa-de-trabajo-1-copia-42-01-300x300.jpg\" sizes=\"auto, (max-width: 300px) 100vw, 300px\" srcset=\"https:\/\/latfem.org\/wp-content\/uploads\/2020\/01\/cromos_final_Mesa-de-trabajo-1-copia-42-01-300x300.jpg 300w, https:\/\/latfem.org\/wp-content\/uploads\/2020\/01\/cromos_final_Mesa-de-trabajo-1-copia-42-01-150x150.jpg 150w, https:\/\/latfem.org\/wp-content\/uploads\/2020\/01\/cromos_final_Mesa-de-trabajo-1-copia-42-01-768x768.jpg 768w, https:\/\/latfem.org\/wp-content\/uploads\/2020\/01\/cromos_final_Mesa-de-trabajo-1-copia-42-01.jpg 1000w\" alt=\"\" width=\"300\" height=\"300\" \/><\/a><\/strong><\/p>\n<p><strong>Silvia Marlene Mera Navarrete: el recuerdo de tres corazones<\/strong><\/p>\n<p>Silvia ten\u00eda 35 a\u00f1os y resid\u00eda en Malchingu\u00ed, parroquia del cant\u00f3n Pedro Moncayo de la provincia de Pichincha. Silvia fue la s\u00e9ptima muerte en registrarse durante el Paro Nacional y es la \u00fanica mujer en el listado de v\u00edctimas mortales.\u00a0<strong><a href=\"https:\/\/wambra.ec\/silvia-marlene-mera\/\" target=\"_blank\" rel=\"nofollow noopener\">Leer m\u00e1s<\/a><\/strong><\/p>\n<p><a href=\"https:\/\/latfem.org\/wp-content\/uploads\/2020\/01\/cromos_final_Mesa-de-trabajo-1-copia-41.jpg\" target=\"_blank\" rel=\"nofollow noopener\"><img loading=\"lazy\" decoding=\"async\" class=\"size-medium wp-image-14373 aligncenter\" src=\"https:\/\/latfem.org\/wp-content\/uploads\/2020\/01\/cromos_final_Mesa-de-trabajo-1-copia-41-300x300.jpg\" sizes=\"auto, (max-width: 300px) 100vw, 300px\" srcset=\"https:\/\/latfem.org\/wp-content\/uploads\/2020\/01\/cromos_final_Mesa-de-trabajo-1-copia-41-300x300.jpg 300w, https:\/\/latfem.org\/wp-content\/uploads\/2020\/01\/cromos_final_Mesa-de-trabajo-1-copia-41-150x150.jpg 150w, https:\/\/latfem.org\/wp-content\/uploads\/2020\/01\/cromos_final_Mesa-de-trabajo-1-copia-41-768x768.jpg 768w, https:\/\/latfem.org\/wp-content\/uploads\/2020\/01\/cromos_final_Mesa-de-trabajo-1-copia-41.jpg 1001w\" alt=\"\" width=\"300\" height=\"300\" \/><\/a><\/p>\n<p><strong>Jos\u00e9 Rodrigo Chalouise<\/strong><\/p>\n<p>Su nombre est\u00e1 en la lista de fallecidos confirmados por la Defensor\u00eda del Pueblo, pero no pudimos acceder a mayor informaci\u00f3n, ni tener contacto con sus familiares. Seg\u00fan la Defensor\u00eda, Jos\u00e9 Rodrigo muere despu\u00e9s de ser atropellado por Polic\u00edas en caballos en el sector del parque el Arbolito, la misma noche en que es herido Inocencio Tucumbi.<\/p>\n<p><a href=\"https:\/\/latfem.org\/wp-content\/uploads\/2020\/01\/cromos_final_Mesa-de-trabajo-1-copia-42.jpg\" target=\"_blank\" rel=\"nofollow noopener\"><br \/>\n<img loading=\"lazy\" decoding=\"async\" class=\"size-medium wp-image-14374 aligncenter\" src=\"https:\/\/latfem.org\/wp-content\/uploads\/2020\/01\/cromos_final_Mesa-de-trabajo-1-copia-42-300x300.jpg\" sizes=\"auto, (max-width: 300px) 100vw, 300px\" srcset=\"https:\/\/latfem.org\/wp-content\/uploads\/2020\/01\/cromos_final_Mesa-de-trabajo-1-copia-42-300x300.jpg 300w, https:\/\/latfem.org\/wp-content\/uploads\/2020\/01\/cromos_final_Mesa-de-trabajo-1-copia-42-150x150.jpg 150w, https:\/\/latfem.org\/wp-content\/uploads\/2020\/01\/cromos_final_Mesa-de-trabajo-1-copia-42-768x768.jpg 768w, https:\/\/latfem.org\/wp-content\/uploads\/2020\/01\/cromos_final_Mesa-de-trabajo-1-copia-42.jpg 1001w\" alt=\"\" width=\"300\" height=\"300\" \/><\/a><\/p>\n<p><strong>Francisco Qui\u00f1onez Monta\u00f1o<\/strong><\/p>\n<p>u nombre est\u00e1 en la lista de fallecidos confirmados por la Defensor\u00eda del Pueblo, pero no pudimos acceder a mayor informaci\u00f3n, ni tener contacto con sus familiares. Seg\u00fan la Defensor\u00eda Francisco muere atropellado por un auto militar.<\/p>\n<div class=\"et_pb_column et_pb_column_1_3 et_pb_column_5 et_pb_css_mix_blend_mode_passthrough\">\n<p>***<\/p>\n<p>El Paro Nacional en Ecuador dur\u00f3 once d\u00edas. Desde el primer d\u00eda el presidente\u00a0Lenin Moreno, decret\u00f3 un Estado de Excepci\u00f3n, permitiendo con esto la participaci\u00f3n de las Fuerzas Armadas en el control de las protestas. Cuatro, de las once personas fueron heridos y muchos fallecieron el lunes 7 de octubre, quinto d\u00eda del Paro Nacional, cuando la Polic\u00eda Nacional realiz\u00f3 fuertes operativos de control.<\/p>\n<p><a href=\"https:\/\/latfem.org\/wp-content\/uploads\/2020\/01\/Li%CC%81nea-de-tiempo-01.jpg\" target=\"_blank\" rel=\"nofollow noopener\"><img loading=\"lazy\" decoding=\"async\" class=\"aligncenter wp-image-14364 size-full\" src=\"https:\/\/latfem.org\/wp-content\/uploads\/2020\/01\/Li%CC%81nea-de-tiempo-01.jpg\" sizes=\"auto, (max-width: 1770px) 100vw, 1770px\" srcset=\"https:\/\/latfem.org\/wp-content\/uploads\/2020\/01\/Li\u0301nea-de-tiempo-01.jpg 1770w, https:\/\/latfem.org\/wp-content\/uploads\/2020\/01\/Li\u0301nea-de-tiempo-01-300x202.jpg 300w, https:\/\/latfem.org\/wp-content\/uploads\/2020\/01\/Li\u0301nea-de-tiempo-01-768x518.jpg 768w, https:\/\/latfem.org\/wp-content\/uploads\/2020\/01\/Li\u0301nea-de-tiempo-01-1024x691.jpg 1024w\" alt=\"\" width=\"1770\" height=\"1194\" \/><\/a><\/p>\n<\/div>\n<\/div>\n<\/div>\n<\/div>\n<div class=\"et_pb_column et_pb_column_1_3 et_pb_column_5 et_pb_css_mix_blend_mode_passthrough\">Fuente del art\u00edculo original:\u00a0<a href=\"https:\/\/wambra.ec\/muertes-paro-ecuador\/\" target=\"_blank\" rel=\"nofollow noopener\">Wambra Ecuador<\/a><\/div>\n<\/div>\n<\/div>\n<\/div>\n","protected":false},"excerpt":{"rendered":"<p>Son once historias poco pronunciadas despu\u00e9s del Paro Nacional en Ecuador que moviliz\u00f3 a miles de personas durante once d\u00edas en octubre del 2019. Fue el primer paso de multitudinarias protestas en otros pa\u00edses de Am\u00e9rica Latina contra las pol\u00edticas&hellip;<\/p>\n","protected":false},"author":87,"featured_media":1017313,"comment_status":"closed","ping_status":"closed","sticky":false,"template":"","format":"standard","meta":{"footnotes":""},"categories":[75,79,67],"tags":[441,2973,61252,25779,702,38253],"class_list":["post-1017181","post","type-post","status-publish","format-standard","has-post-thumbnail","hentry","category-cultura-es","category-derechos-humanos","category-sudamerica","tag-derechos-humanos","tag-ecuador-es","tag-paro-nacional-ecuador","tag-protesta-social","tag-represion","tag-victimas-mortales"],"yoast_head":"<!-- This site is optimized with the Yoast SEO plugin v27.1.1 - https:\/\/yoast.com\/product\/yoast-seo-wordpress\/ -->\n<title>Las muertes sin respuesta del Paro Nacional en Ecuador<\/title>\n<meta name=\"description\" content=\"Son once historias poco pronunciadas despu\u00e9s del Paro Nacional en Ecuador que moviliz\u00f3 a miles de personas durante once d\u00edas en octubre del 2019. Fue el\" \/>\n<meta name=\"robots\" content=\"index, follow, max-snippet:-1, max-image-preview:large, max-video-preview:-1\" \/>\n<link rel=\"canonical\" href=\"https:\/\/www.pressenza.com\/es\/2020\/01\/las-muertes-sin-respuesta-del-paro-nacional-en-ecuador\/\" \/>\n<meta property=\"og:locale\" content=\"es_ES\" \/>\n<meta property=\"og:type\" content=\"article\" \/>\n<meta property=\"og:title\" content=\"Las muertes sin respuesta del Paro Nacional en Ecuador\" \/>\n<meta property=\"og:description\" content=\"Son once historias poco pronunciadas despu\u00e9s del Paro Nacional en Ecuador que moviliz\u00f3 a miles de personas durante once d\u00edas en octubre del 2019. Fue el\" \/>\n<meta property=\"og:url\" content=\"https:\/\/www.pressenza.com\/es\/2020\/01\/las-muertes-sin-respuesta-del-paro-nacional-en-ecuador\/\" \/>\n<meta property=\"og:site_name\" content=\"Pressenza\" \/>\n<meta property=\"article:publisher\" content=\"https:\/\/www.facebook.com\/PressenzaItalia\" \/>\n<meta property=\"article:published_time\" content=\"2020-01-20T21:30:56+00:00\" \/>\n<meta property=\"article:modified_time\" content=\"2020-01-20T21:37:09+00:00\" \/>\n<meta property=\"og:image\" content=\"https:\/\/www.pressenza.com\/wp-content\/uploads\/2020\/01\/wambra-1.png\" \/>\n\t<meta property=\"og:image:width\" content=\"1258\" \/>\n\t<meta property=\"og:image:height\" content=\"595\" \/>\n\t<meta property=\"og:image:type\" content=\"image\/png\" \/>\n<meta name=\"author\" content=\"Redacci\u00f3n Argentina\" \/>\n<meta name=\"twitter:card\" content=\"summary_large_image\" \/>\n<meta name=\"twitter:creator\" content=\"@pressenza\" \/>\n<meta name=\"twitter:site\" content=\"@PressenzaIPA\" \/>\n<meta name=\"twitter:label1\" content=\"Escrito por\" \/>\n\t<meta name=\"twitter:data1\" content=\"Redacci\u00f3n Argentina\" \/>\n\t<meta name=\"twitter:label2\" content=\"Tiempo de lectura\" \/>\n\t<meta name=\"twitter:data2\" content=\"7 minutos\" \/>\n<script type=\"application\/ld+json\" class=\"yoast-schema-graph\">{\"@context\":\"https:\/\/schema.org\",\"@graph\":[{\"@type\":\"Article\",\"@id\":\"https:\/\/www.pressenza.com\/es\/2020\/01\/las-muertes-sin-respuesta-del-paro-nacional-en-ecuador\/#article\",\"isPartOf\":{\"@id\":\"https:\/\/www.pressenza.com\/es\/2020\/01\/las-muertes-sin-respuesta-del-paro-nacional-en-ecuador\/\"},\"author\":{\"name\":\"Redacci\u00f3n Argentina\",\"@id\":\"https:\/\/www.pressenza.com\/es\/#\/schema\/person\/0dda7d1b68267ad95b1e1d83abc98c89\"},\"headline\":\"Las muertes sin respuesta del Paro Nacional en Ecuador\",\"datePublished\":\"2020-01-20T21:30:56+00:00\",\"dateModified\":\"2020-01-20T21:37:09+00:00\",\"mainEntityOfPage\":{\"@id\":\"https:\/\/www.pressenza.com\/es\/2020\/01\/las-muertes-sin-respuesta-del-paro-nacional-en-ecuador\/\"},\"wordCount\":1499,\"publisher\":{\"@id\":\"https:\/\/www.pressenza.com\/es\/#organization\"},\"image\":{\"@id\":\"https:\/\/www.pressenza.com\/es\/2020\/01\/las-muertes-sin-respuesta-del-paro-nacional-en-ecuador\/#primaryimage\"},\"thumbnailUrl\":\"https:\/\/www.pressenza.com\/wp-content\/uploads\/2020\/01\/wambra-1.png\",\"keywords\":[\"Derechos humanos\",\"Ecuador\",\"paro nacional Ecuador\",\"protesta social\",\"represi\u00f3n\",\"vict\u00edmas mortales\"],\"articleSection\":[\"Cultura y Medios\",\"Derechos Humanos\",\"Sudam\u00e9rica\"],\"inLanguage\":\"es\"},{\"@type\":\"WebPage\",\"@id\":\"https:\/\/www.pressenza.com\/es\/2020\/01\/las-muertes-sin-respuesta-del-paro-nacional-en-ecuador\/\",\"url\":\"https:\/\/www.pressenza.com\/es\/2020\/01\/las-muertes-sin-respuesta-del-paro-nacional-en-ecuador\/\",\"name\":\"Las muertes sin respuesta del Paro Nacional en Ecuador\",\"isPartOf\":{\"@id\":\"https:\/\/www.pressenza.com\/es\/#website\"},\"primaryImageOfPage\":{\"@id\":\"https:\/\/www.pressenza.com\/es\/2020\/01\/las-muertes-sin-respuesta-del-paro-nacional-en-ecuador\/#primaryimage\"},\"image\":{\"@id\":\"https:\/\/www.pressenza.com\/es\/2020\/01\/las-muertes-sin-respuesta-del-paro-nacional-en-ecuador\/#primaryimage\"},\"thumbnailUrl\":\"https:\/\/www.pressenza.com\/wp-content\/uploads\/2020\/01\/wambra-1.png\",\"datePublished\":\"2020-01-20T21:30:56+00:00\",\"dateModified\":\"2020-01-20T21:37:09+00:00\",\"description\":\"Son once historias poco pronunciadas despu\u00e9s del Paro Nacional en Ecuador que moviliz\u00f3 a miles de personas durante once d\u00edas en octubre del 2019. Fue el\",\"breadcrumb\":{\"@id\":\"https:\/\/www.pressenza.com\/es\/2020\/01\/las-muertes-sin-respuesta-del-paro-nacional-en-ecuador\/#breadcrumb\"},\"inLanguage\":\"es\",\"potentialAction\":[{\"@type\":\"ReadAction\",\"target\":[\"https:\/\/www.pressenza.com\/es\/2020\/01\/las-muertes-sin-respuesta-del-paro-nacional-en-ecuador\/\"]}]},{\"@type\":\"ImageObject\",\"inLanguage\":\"es\",\"@id\":\"https:\/\/www.pressenza.com\/es\/2020\/01\/las-muertes-sin-respuesta-del-paro-nacional-en-ecuador\/#primaryimage\",\"url\":\"https:\/\/www.pressenza.com\/wp-content\/uploads\/2020\/01\/wambra-1.png\",\"contentUrl\":\"https:\/\/www.pressenza.com\/wp-content\/uploads\/2020\/01\/wambra-1.png\",\"width\":1258,\"height\":595},{\"@type\":\"BreadcrumbList\",\"@id\":\"https:\/\/www.pressenza.com\/es\/2020\/01\/las-muertes-sin-respuesta-del-paro-nacional-en-ecuador\/#breadcrumb\",\"itemListElement\":[{\"@type\":\"ListItem\",\"position\":1,\"name\":\"Accueil\",\"item\":\"https:\/\/www.pressenza.com\/es\/\"},{\"@type\":\"ListItem\",\"position\":2,\"name\":\"Las muertes sin respuesta del Paro Nacional en Ecuador\"}]},{\"@type\":\"WebSite\",\"@id\":\"https:\/\/www.pressenza.com\/es\/#website\",\"url\":\"https:\/\/www.pressenza.com\/es\/\",\"name\":\"Pressenza\",\"description\":\"International Press Agency\",\"publisher\":{\"@id\":\"https:\/\/www.pressenza.com\/es\/#organization\"},\"potentialAction\":[{\"@type\":\"SearchAction\",\"target\":{\"@type\":\"EntryPoint\",\"urlTemplate\":\"https:\/\/www.pressenza.com\/es\/?s={search_term_string}\"},\"query-input\":{\"@type\":\"PropertyValueSpecification\",\"valueRequired\":true,\"valueName\":\"search_term_string\"}}],\"inLanguage\":\"es\"},{\"@type\":\"Organization\",\"@id\":\"https:\/\/www.pressenza.com\/es\/#organization\",\"name\":\"Pressenza\",\"url\":\"https:\/\/www.pressenza.com\/es\/\",\"logo\":{\"@type\":\"ImageObject\",\"inLanguage\":\"es\",\"@id\":\"https:\/\/www.pressenza.com\/es\/#\/schema\/logo\/image\/\",\"url\":\"https:\/\/www.pressenza.com\/wp-content\/uploads\/2022\/10\/pressenza_logo_200x200.jpg\",\"contentUrl\":\"https:\/\/www.pressenza.com\/wp-content\/uploads\/2022\/10\/pressenza_logo_200x200.jpg\",\"width\":200,\"height\":200,\"caption\":\"Pressenza\"},\"image\":{\"@id\":\"https:\/\/www.pressenza.com\/es\/#\/schema\/logo\/image\/\"},\"sameAs\":[\"https:\/\/www.facebook.com\/PressenzaItalia\",\"https:\/\/x.com\/PressenzaIPA\"]},{\"@type\":\"Person\",\"@id\":\"https:\/\/www.pressenza.com\/es\/#\/schema\/person\/0dda7d1b68267ad95b1e1d83abc98c89\",\"name\":\"Redacci\u00f3n Argentina\",\"description\":\"News from the Pressenza Bureau in Argentina.\",\"sameAs\":[\"https:\/\/x.com\/pressenza\"],\"url\":\"https:\/\/www.pressenza.com\/es\/author\/redaccion-argentina\/\"}]}<\/script>\n<!-- \/ Yoast SEO plugin. -->","yoast_head_json":{"title":"Las muertes sin respuesta del Paro Nacional en Ecuador","description":"Son once historias poco pronunciadas despu\u00e9s del Paro Nacional en Ecuador que moviliz\u00f3 a miles de personas durante once d\u00edas en octubre del 2019. Fue el","robots":{"index":"index","follow":"follow","max-snippet":"max-snippet:-1","max-image-preview":"max-image-preview:large","max-video-preview":"max-video-preview:-1"},"canonical":"https:\/\/www.pressenza.com\/es\/2020\/01\/las-muertes-sin-respuesta-del-paro-nacional-en-ecuador\/","og_locale":"es_ES","og_type":"article","og_title":"Las muertes sin respuesta del Paro Nacional en Ecuador","og_description":"Son once historias poco pronunciadas despu\u00e9s del Paro Nacional en Ecuador que moviliz\u00f3 a miles de personas durante once d\u00edas en octubre del 2019. Fue el","og_url":"https:\/\/www.pressenza.com\/es\/2020\/01\/las-muertes-sin-respuesta-del-paro-nacional-en-ecuador\/","og_site_name":"Pressenza","article_publisher":"https:\/\/www.facebook.com\/PressenzaItalia","article_published_time":"2020-01-20T21:30:56+00:00","article_modified_time":"2020-01-20T21:37:09+00:00","og_image":[{"width":1258,"height":595,"url":"https:\/\/www.pressenza.com\/wp-content\/uploads\/2020\/01\/wambra-1.png","type":"image\/png"}],"author":"Redacci\u00f3n Argentina","twitter_card":"summary_large_image","twitter_creator":"@pressenza","twitter_site":"@PressenzaIPA","twitter_misc":{"Escrito por":"Redacci\u00f3n Argentina","Tiempo de lectura":"7 minutos"},"schema":{"@context":"https:\/\/schema.org","@graph":[{"@type":"Article","@id":"https:\/\/www.pressenza.com\/es\/2020\/01\/las-muertes-sin-respuesta-del-paro-nacional-en-ecuador\/#article","isPartOf":{"@id":"https:\/\/www.pressenza.com\/es\/2020\/01\/las-muertes-sin-respuesta-del-paro-nacional-en-ecuador\/"},"author":{"name":"Redacci\u00f3n Argentina","@id":"https:\/\/www.pressenza.com\/es\/#\/schema\/person\/0dda7d1b68267ad95b1e1d83abc98c89"},"headline":"Las muertes sin respuesta del Paro Nacional en Ecuador","datePublished":"2020-01-20T21:30:56+00:00","dateModified":"2020-01-20T21:37:09+00:00","mainEntityOfPage":{"@id":"https:\/\/www.pressenza.com\/es\/2020\/01\/las-muertes-sin-respuesta-del-paro-nacional-en-ecuador\/"},"wordCount":1499,"publisher":{"@id":"https:\/\/www.pressenza.com\/es\/#organization"},"image":{"@id":"https:\/\/www.pressenza.com\/es\/2020\/01\/las-muertes-sin-respuesta-del-paro-nacional-en-ecuador\/#primaryimage"},"thumbnailUrl":"https:\/\/www.pressenza.com\/wp-content\/uploads\/2020\/01\/wambra-1.png","keywords":["Derechos humanos","Ecuador","paro nacional Ecuador","protesta social","represi\u00f3n","vict\u00edmas mortales"],"articleSection":["Cultura y Medios","Derechos Humanos","Sudam\u00e9rica"],"inLanguage":"es"},{"@type":"WebPage","@id":"https:\/\/www.pressenza.com\/es\/2020\/01\/las-muertes-sin-respuesta-del-paro-nacional-en-ecuador\/","url":"https:\/\/www.pressenza.com\/es\/2020\/01\/las-muertes-sin-respuesta-del-paro-nacional-en-ecuador\/","name":"Las muertes sin respuesta del Paro Nacional en Ecuador","isPartOf":{"@id":"https:\/\/www.pressenza.com\/es\/#website"},"primaryImageOfPage":{"@id":"https:\/\/www.pressenza.com\/es\/2020\/01\/las-muertes-sin-respuesta-del-paro-nacional-en-ecuador\/#primaryimage"},"image":{"@id":"https:\/\/www.pressenza.com\/es\/2020\/01\/las-muertes-sin-respuesta-del-paro-nacional-en-ecuador\/#primaryimage"},"thumbnailUrl":"https:\/\/www.pressenza.com\/wp-content\/uploads\/2020\/01\/wambra-1.png","datePublished":"2020-01-20T21:30:56+00:00","dateModified":"2020-01-20T21:37:09+00:00","description":"Son once historias poco pronunciadas despu\u00e9s del Paro Nacional en Ecuador que moviliz\u00f3 a miles de personas durante once d\u00edas en octubre del 2019. Fue el","breadcrumb":{"@id":"https:\/\/www.pressenza.com\/es\/2020\/01\/las-muertes-sin-respuesta-del-paro-nacional-en-ecuador\/#breadcrumb"},"inLanguage":"es","potentialAction":[{"@type":"ReadAction","target":["https:\/\/www.pressenza.com\/es\/2020\/01\/las-muertes-sin-respuesta-del-paro-nacional-en-ecuador\/"]}]},{"@type":"ImageObject","inLanguage":"es","@id":"https:\/\/www.pressenza.com\/es\/2020\/01\/las-muertes-sin-respuesta-del-paro-nacional-en-ecuador\/#primaryimage","url":"https:\/\/www.pressenza.com\/wp-content\/uploads\/2020\/01\/wambra-1.png","contentUrl":"https:\/\/www.pressenza.com\/wp-content\/uploads\/2020\/01\/wambra-1.png","width":1258,"height":595},{"@type":"BreadcrumbList","@id":"https:\/\/www.pressenza.com\/es\/2020\/01\/las-muertes-sin-respuesta-del-paro-nacional-en-ecuador\/#breadcrumb","itemListElement":[{"@type":"ListItem","position":1,"name":"Accueil","item":"https:\/\/www.pressenza.com\/es\/"},{"@type":"ListItem","position":2,"name":"Las muertes sin respuesta del Paro Nacional en Ecuador"}]},{"@type":"WebSite","@id":"https:\/\/www.pressenza.com\/es\/#website","url":"https:\/\/www.pressenza.com\/es\/","name":"Pressenza","description":"International Press Agency","publisher":{"@id":"https:\/\/www.pressenza.com\/es\/#organization"},"potentialAction":[{"@type":"SearchAction","target":{"@type":"EntryPoint","urlTemplate":"https:\/\/www.pressenza.com\/es\/?s={search_term_string}"},"query-input":{"@type":"PropertyValueSpecification","valueRequired":true,"valueName":"search_term_string"}}],"inLanguage":"es"},{"@type":"Organization","@id":"https:\/\/www.pressenza.com\/es\/#organization","name":"Pressenza","url":"https:\/\/www.pressenza.com\/es\/","logo":{"@type":"ImageObject","inLanguage":"es","@id":"https:\/\/www.pressenza.com\/es\/#\/schema\/logo\/image\/","url":"https:\/\/www.pressenza.com\/wp-content\/uploads\/2022\/10\/pressenza_logo_200x200.jpg","contentUrl":"https:\/\/www.pressenza.com\/wp-content\/uploads\/2022\/10\/pressenza_logo_200x200.jpg","width":200,"height":200,"caption":"Pressenza"},"image":{"@id":"https:\/\/www.pressenza.com\/es\/#\/schema\/logo\/image\/"},"sameAs":["https:\/\/www.facebook.com\/PressenzaItalia","https:\/\/x.com\/PressenzaIPA"]},{"@type":"Person","@id":"https:\/\/www.pressenza.com\/es\/#\/schema\/person\/0dda7d1b68267ad95b1e1d83abc98c89","name":"Redacci\u00f3n Argentina","description":"News from the Pressenza Bureau in Argentina.","sameAs":["https:\/\/x.com\/pressenza"],"url":"https:\/\/www.pressenza.com\/es\/author\/redaccion-argentina\/"}]}},"place":"Quito, Ecuador","original_article_url":"https:\/\/www.marcha.org.ar\/las-muertes-sin-respuesta-del-paro-nacional-en-ecuador\/","_links":{"self":[{"href":"https:\/\/www.pressenza.com\/es\/wp-json\/wp\/v2\/posts\/1017181","targetHints":{"allow":["GET"]}}],"collection":[{"href":"https:\/\/www.pressenza.com\/es\/wp-json\/wp\/v2\/posts"}],"about":[{"href":"https:\/\/www.pressenza.com\/es\/wp-json\/wp\/v2\/types\/post"}],"author":[{"embeddable":true,"href":"https:\/\/www.pressenza.com\/es\/wp-json\/wp\/v2\/users\/87"}],"replies":[{"embeddable":true,"href":"https:\/\/www.pressenza.com\/es\/wp-json\/wp\/v2\/comments?post=1017181"}],"version-history":[{"count":0,"href":"https:\/\/www.pressenza.com\/es\/wp-json\/wp\/v2\/posts\/1017181\/revisions"}],"wp:featuredmedia":[{"embeddable":true,"href":"https:\/\/www.pressenza.com\/es\/wp-json\/wp\/v2\/media\/1017313"}],"wp:attachment":[{"href":"https:\/\/www.pressenza.com\/es\/wp-json\/wp\/v2\/media?parent=1017181"}],"wp:term":[{"taxonomy":"category","embeddable":true,"href":"https:\/\/www.pressenza.com\/es\/wp-json\/wp\/v2\/categories?post=1017181"},{"taxonomy":"post_tag","embeddable":true,"href":"https:\/\/www.pressenza.com\/es\/wp-json\/wp\/v2\/tags?post=1017181"}],"curies":[{"name":"wp","href":"https:\/\/api.w.org\/{rel}","templated":true}]}}