{"id":1016700,"date":"2020-01-20T14:54:10","date_gmt":"2020-01-20T14:54:10","guid":{"rendered":"https:\/\/www.pressenza.com\/?p=1016700"},"modified":"2020-01-20T16:33:48","modified_gmt":"2020-01-20T16:33:48","slug":"el-presidente-6-por-ciento","status":"publish","type":"post","link":"https:\/\/www.pressenza.com\/es\/2020\/01\/el-presidente-6-por-ciento\/","title":{"rendered":"El presidente del 6 por ciento"},"content":{"rendered":"<blockquote><p>Sebasti\u00e1n Pi\u00f1era ha alcanzado el r\u00e9cord m\u00e1s bajo de aceptaci\u00f3n para un mandatario.<\/p><\/blockquote>\n<p>Cuando el nivel de aprobaci\u00f3n de un gobernante se reduce hasta \u00edndices tan bajos como el 6 por ciento alcanzado por el presidente de Chile, Sebasti\u00e1n Pi\u00f1era, el restante 94 por ciento debe interpretarse como un franco rechazo a su administraci\u00f3n. Esto lo entiende cualquier lego. Sin embargo, la tozudez de este empresario -cuyo af\u00e1n de aferrarse al mando denota su ambici\u00f3n desmedida por el poder- mantiene a ese pa\u00eds en un constante estado de emergencia, paralizado por las protestas en las cuales se pueden observar reiteradas violaciones de los derechos humanos cometidas contra la poblaci\u00f3n con total impunidad por las fuerzas policiales.<\/p>\n<p>En el escenario mundial, la contundencia de las manifestaciones ciudadanas a todo lo largo de Chile ha despertado una enorme ola de solidaridad con ese pueblo. Por primera vez en su historia, la poblaci\u00f3n ha llegado a constituirse como un cuerpo s\u00f3lido integrado por habitantes de todos los sectores, capaz de poner en jaque al m\u00e1s depredador de los sistemas econ\u00f3micos \u2013el neoliberalismo- y haciendo tambalear el poder hegem\u00f3nico de los c\u00edrculos de poder al plantarse de frente contra sus abusos. El estado de total negaci\u00f3n de Pi\u00f1era, por lo tanto, constituye una trasgresi\u00f3n contra las bases mismas del sistema democr\u00e1tico al transformar el suyo en un r\u00e9gimen similar a la dictadura pinochetista con desapariciones forzadas, asesinatos y secuestros a mansalva.<\/p>\n<p>El caso no es \u00fanico. Tambi\u00e9n el presidente franc\u00e9s, la actual dictadura boliviana y la administraci\u00f3n autoritaria y de extrema derecha de Brasil, entre otros, se encuentran arrinconados con un m\u00ednimo porcentaje de aprobaci\u00f3n, del mismo modo como otros mandatarios cuyas prioridades se alejan de los intereses de la ciudadan\u00eda para proteger los de las clases dominantes y las grandes multinacionales. Lo que est\u00e1 en juego, entonces, es la supervivencia de los Estados democr\u00e1ticos, asediados desde hace mucho por una especie de s\u00faper gobierno ejercido por la c\u00fapula econ\u00f3mica mundial bajo la sombrilla siempre alerta del Departamento de Estado.<\/p>\n<p>El mayor peligro de este sistema depredador es la p\u00e9rdida progresiva del poder ciudadano. Es decir, los sistemas se han modificado con el prop\u00f3sito de garantizar beneficios a sectores poderosos por medio de una legislaci\u00f3n ad hoc cuyo objetivo es reducir las posibilidades de participaci\u00f3n de las grandes mayor\u00edas en las pol\u00edticas p\u00fablicas; uno de los m\u00e1s importantes espacios en donde se aplican estas t\u00e1cticas es la privaci\u00f3n de acceso a educaci\u00f3n de calidad y a servicios b\u00e1sicos, dado que en una ciudadan\u00eda informada y activa reside el mayor peligro para los planes hegem\u00f3nicos de los grupos de poder. Por el contrario, una poblaci\u00f3n reducida a la supervivencia jam\u00e1s tendr\u00e1 la energ\u00eda ni el tiempo necesarios para ocupar el lugar que le corresponde en los asuntos p\u00fablicos.<\/p>\n<p>El caso de Chile se eleva como un ejemplo de c\u00f3mo los abusos de poder logran sacar al pueblo de un estado de apat\u00eda para transformarlo en un fuerte protagonista en los asuntos que le competen. Es preciso resaltar el papel fundamental de la juventud chilena, cuya fortaleza y perseverancia ha sido capaz de poner en jaque al poderoso sistema que a lo largo de los a\u00f1os le ha ido quitando espacios de participaci\u00f3n para mantener un estatus orientado a satisfacer intereses corporativos y guetos pol\u00edticos contrarios a las m\u00e1s importantes iniciativas de desarrollo social. Otras naciones en similares circunstancias ven hacia el Sur como un espejo en donde aspiran reflejarse.<\/p>\n","protected":false},"excerpt":{"rendered":"<p>Sebasti\u00e1n Pi\u00f1era ha alcanzado el r\u00e9cord m\u00e1s bajo de aceptaci\u00f3n para un mandatario. Cuando el nivel de aprobaci\u00f3n de un gobernante se reduce hasta \u00edndices tan bajos como el 6 por ciento alcanzado por el presidente de Chile, Sebasti\u00e1n Pi\u00f1era,&hellip;<\/p>\n","protected":false},"author":1296,"featured_media":1016735,"comment_status":"closed","ping_status":"closed","sticky":false,"template":"","format":"standard","meta":{"footnotes":""},"categories":[11389,161,74,67],"tags":[29,394,652],"class_list":["post-1016700","post","type-post","status-publish","format-standard","has-post-thumbnail","hentry","category-contenido-original","category-opiniones","category-politica-es","category-sudamerica","tag-chile","tag-protestas-sociales","tag-sebastian-pinera"],"yoast_head":"<!-- This site is optimized with the Yoast SEO plugin v27.1.1 - https:\/\/yoast.com\/product\/yoast-seo-wordpress\/ -->\n<title>El presidente del 6 por ciento<\/title>\n<meta name=\"description\" content=\"El presidente 6 por ciento\" \/>\n<meta name=\"robots\" content=\"index, follow, max-snippet:-1, max-image-preview:large, max-video-preview:-1\" \/>\n<link rel=\"canonical\" href=\"https:\/\/www.pressenza.com\/es\/2020\/01\/el-presidente-6-por-ciento\/\" \/>\n<meta property=\"og:locale\" content=\"es_ES\" \/>\n<meta property=\"og:type\" content=\"article\" \/>\n<meta property=\"og:title\" content=\"El presidente del 6 por ciento\" \/>\n<meta property=\"og:description\" content=\"El presidente 6 por ciento\" \/>\n<meta property=\"og:url\" content=\"https:\/\/www.pressenza.com\/es\/2020\/01\/el-presidente-6-por-ciento\/\" \/>\n<meta property=\"og:site_name\" content=\"Pressenza\" \/>\n<meta property=\"article:publisher\" content=\"https:\/\/www.facebook.com\/PressenzaItalia\" \/>\n<meta property=\"article:author\" content=\"https:\/\/www.facebook.com\/pages\/Carolina-V\u00e1squez-Araya\/241844515845237?fref=ts\" \/>\n<meta property=\"article:published_time\" content=\"2020-01-20T14:54:10+00:00\" \/>\n<meta property=\"article:modified_time\" content=\"2020-01-20T16:33:48+00:00\" \/>\n<meta property=\"og:image\" content=\"https:\/\/www.pressenza.com\/wp-content\/uploads\/2020\/01\/20200118_132842.jpg\" \/>\n\t<meta property=\"og:image:width\" content=\"2048\" \/>\n\t<meta property=\"og:image:height\" content=\"995\" \/>\n\t<meta property=\"og:image:type\" content=\"image\/jpeg\" \/>\n<meta name=\"author\" content=\"Carolina V\u00e1squez Araya\" \/>\n<meta name=\"twitter:card\" content=\"summary_large_image\" \/>\n<meta name=\"twitter:creator\" content=\"@carvasar\" \/>\n<meta name=\"twitter:site\" content=\"@PressenzaIPA\" \/>\n<meta name=\"twitter:label1\" content=\"Escrito por\" \/>\n\t<meta name=\"twitter:data1\" content=\"Carolina V\u00e1squez Araya\" \/>\n\t<meta name=\"twitter:label2\" content=\"Tiempo de lectura\" \/>\n\t<meta name=\"twitter:data2\" content=\"3 minutos\" \/>\n<script type=\"application\/ld+json\" class=\"yoast-schema-graph\">{\"@context\":\"https:\/\/schema.org\",\"@graph\":[{\"@type\":\"Article\",\"@id\":\"https:\/\/www.pressenza.com\/es\/2020\/01\/el-presidente-6-por-ciento\/#article\",\"isPartOf\":{\"@id\":\"https:\/\/www.pressenza.com\/es\/2020\/01\/el-presidente-6-por-ciento\/\"},\"author\":{\"name\":\"Carolina V\u00e1squez Araya\",\"@id\":\"https:\/\/www.pressenza.com\/es\/#\/schema\/person\/6936ca3bb8dee618b5cdfd0e4427cdd6\"},\"headline\":\"El presidente del 6 por ciento\",\"datePublished\":\"2020-01-20T14:54:10+00:00\",\"dateModified\":\"2020-01-20T16:33:48+00:00\",\"mainEntityOfPage\":{\"@id\":\"https:\/\/www.pressenza.com\/es\/2020\/01\/el-presidente-6-por-ciento\/\"},\"wordCount\":635,\"publisher\":{\"@id\":\"https:\/\/www.pressenza.com\/es\/#organization\"},\"image\":{\"@id\":\"https:\/\/www.pressenza.com\/es\/2020\/01\/el-presidente-6-por-ciento\/#primaryimage\"},\"thumbnailUrl\":\"https:\/\/www.pressenza.com\/wp-content\/uploads\/2020\/01\/20200118_132842.jpg\",\"keywords\":[\"Chile\",\"protestas sociales\",\"Sebasti\u00e1n Pi\u00f1era\"],\"articleSection\":[\"Contenido Original\",\"Opiniones\",\"Pol\u00edtica\",\"Sudam\u00e9rica\"],\"inLanguage\":\"es\"},{\"@type\":\"WebPage\",\"@id\":\"https:\/\/www.pressenza.com\/es\/2020\/01\/el-presidente-6-por-ciento\/\",\"url\":\"https:\/\/www.pressenza.com\/es\/2020\/01\/el-presidente-6-por-ciento\/\",\"name\":\"El presidente del 6 por ciento\",\"isPartOf\":{\"@id\":\"https:\/\/www.pressenza.com\/es\/#website\"},\"primaryImageOfPage\":{\"@id\":\"https:\/\/www.pressenza.com\/es\/2020\/01\/el-presidente-6-por-ciento\/#primaryimage\"},\"image\":{\"@id\":\"https:\/\/www.pressenza.com\/es\/2020\/01\/el-presidente-6-por-ciento\/#primaryimage\"},\"thumbnailUrl\":\"https:\/\/www.pressenza.com\/wp-content\/uploads\/2020\/01\/20200118_132842.jpg\",\"datePublished\":\"2020-01-20T14:54:10+00:00\",\"dateModified\":\"2020-01-20T16:33:48+00:00\",\"description\":\"El presidente 6 por ciento\",\"breadcrumb\":{\"@id\":\"https:\/\/www.pressenza.com\/es\/2020\/01\/el-presidente-6-por-ciento\/#breadcrumb\"},\"inLanguage\":\"es\",\"potentialAction\":[{\"@type\":\"ReadAction\",\"target\":[\"https:\/\/www.pressenza.com\/es\/2020\/01\/el-presidente-6-por-ciento\/\"]}]},{\"@type\":\"ImageObject\",\"inLanguage\":\"es\",\"@id\":\"https:\/\/www.pressenza.com\/es\/2020\/01\/el-presidente-6-por-ciento\/#primaryimage\",\"url\":\"https:\/\/www.pressenza.com\/wp-content\/uploads\/2020\/01\/20200118_132842.jpg\",\"contentUrl\":\"https:\/\/www.pressenza.com\/wp-content\/uploads\/2020\/01\/20200118_132842.jpg\",\"width\":2048,\"height\":995},{\"@type\":\"BreadcrumbList\",\"@id\":\"https:\/\/www.pressenza.com\/es\/2020\/01\/el-presidente-6-por-ciento\/#breadcrumb\",\"itemListElement\":[{\"@type\":\"ListItem\",\"position\":1,\"name\":\"Accueil\",\"item\":\"https:\/\/www.pressenza.com\/es\/\"},{\"@type\":\"ListItem\",\"position\":2,\"name\":\"El presidente del 6 por ciento\"}]},{\"@type\":\"WebSite\",\"@id\":\"https:\/\/www.pressenza.com\/es\/#website\",\"url\":\"https:\/\/www.pressenza.com\/es\/\",\"name\":\"Pressenza\",\"description\":\"International Press Agency\",\"publisher\":{\"@id\":\"https:\/\/www.pressenza.com\/es\/#organization\"},\"potentialAction\":[{\"@type\":\"SearchAction\",\"target\":{\"@type\":\"EntryPoint\",\"urlTemplate\":\"https:\/\/www.pressenza.com\/es\/?s={search_term_string}\"},\"query-input\":{\"@type\":\"PropertyValueSpecification\",\"valueRequired\":true,\"valueName\":\"search_term_string\"}}],\"inLanguage\":\"es\"},{\"@type\":\"Organization\",\"@id\":\"https:\/\/www.pressenza.com\/es\/#organization\",\"name\":\"Pressenza\",\"url\":\"https:\/\/www.pressenza.com\/es\/\",\"logo\":{\"@type\":\"ImageObject\",\"inLanguage\":\"es\",\"@id\":\"https:\/\/www.pressenza.com\/es\/#\/schema\/logo\/image\/\",\"url\":\"https:\/\/www.pressenza.com\/wp-content\/uploads\/2022\/10\/pressenza_logo_200x200.jpg\",\"contentUrl\":\"https:\/\/www.pressenza.com\/wp-content\/uploads\/2022\/10\/pressenza_logo_200x200.jpg\",\"width\":200,\"height\":200,\"caption\":\"Pressenza\"},\"image\":{\"@id\":\"https:\/\/www.pressenza.com\/es\/#\/schema\/logo\/image\/\"},\"sameAs\":[\"https:\/\/www.facebook.com\/PressenzaItalia\",\"https:\/\/x.com\/PressenzaIPA\"]},{\"@type\":\"Person\",\"@id\":\"https:\/\/www.pressenza.com\/es\/#\/schema\/person\/6936ca3bb8dee618b5cdfd0e4427cdd6\",\"name\":\"Carolina V\u00e1squez Araya\",\"description\":\"Periodista y editora con m\u00e1s de 30 a\u00f1os de experiencia, cuyos logros profesionales en el desarrollo de proyectos de gran \u00e9xito avalan sus cualidades de liderazgo, creatividad y relaciones p\u00fablicas. Ha aportado sus conocimientos en proyectos de organizaciones con intereses orientados al desarrollo social, cultural y econ\u00f3mico del pa\u00eds, con especial \u00e9nfasis en el sector de cultura y educaci\u00f3n, emprendimiento, derechos humanos, justicia, ambiente, mujeres y ni\u00f1ez. Chilena en Guatemala. elquintopatio.wordpress.com\",\"sameAs\":[\"https:\/\/www.facebook.com\/pages\/Carolina-V\u00e1squez-Araya\/241844515845237?fref=ts\",\"https:\/\/x.com\/carvasar\"],\"url\":\"https:\/\/www.pressenza.com\/es\/author\/carolina-vasquez-araya\/\"}]}<\/script>\n<!-- \/ Yoast SEO plugin. -->","yoast_head_json":{"title":"El presidente del 6 por ciento","description":"El presidente 6 por ciento","robots":{"index":"index","follow":"follow","max-snippet":"max-snippet:-1","max-image-preview":"max-image-preview:large","max-video-preview":"max-video-preview:-1"},"canonical":"https:\/\/www.pressenza.com\/es\/2020\/01\/el-presidente-6-por-ciento\/","og_locale":"es_ES","og_type":"article","og_title":"El presidente del 6 por ciento","og_description":"El presidente 6 por ciento","og_url":"https:\/\/www.pressenza.com\/es\/2020\/01\/el-presidente-6-por-ciento\/","og_site_name":"Pressenza","article_publisher":"https:\/\/www.facebook.com\/PressenzaItalia","article_author":"https:\/\/www.facebook.com\/pages\/Carolina-V\u00e1squez-Araya\/241844515845237?fref=ts","article_published_time":"2020-01-20T14:54:10+00:00","article_modified_time":"2020-01-20T16:33:48+00:00","og_image":[{"width":2048,"height":995,"url":"https:\/\/www.pressenza.com\/wp-content\/uploads\/2020\/01\/20200118_132842.jpg","type":"image\/jpeg"}],"author":"Carolina V\u00e1squez Araya","twitter_card":"summary_large_image","twitter_creator":"@carvasar","twitter_site":"@PressenzaIPA","twitter_misc":{"Escrito por":"Carolina V\u00e1squez Araya","Tiempo de lectura":"3 minutos"},"schema":{"@context":"https:\/\/schema.org","@graph":[{"@type":"Article","@id":"https:\/\/www.pressenza.com\/es\/2020\/01\/el-presidente-6-por-ciento\/#article","isPartOf":{"@id":"https:\/\/www.pressenza.com\/es\/2020\/01\/el-presidente-6-por-ciento\/"},"author":{"name":"Carolina V\u00e1squez Araya","@id":"https:\/\/www.pressenza.com\/es\/#\/schema\/person\/6936ca3bb8dee618b5cdfd0e4427cdd6"},"headline":"El presidente del 6 por ciento","datePublished":"2020-01-20T14:54:10+00:00","dateModified":"2020-01-20T16:33:48+00:00","mainEntityOfPage":{"@id":"https:\/\/www.pressenza.com\/es\/2020\/01\/el-presidente-6-por-ciento\/"},"wordCount":635,"publisher":{"@id":"https:\/\/www.pressenza.com\/es\/#organization"},"image":{"@id":"https:\/\/www.pressenza.com\/es\/2020\/01\/el-presidente-6-por-ciento\/#primaryimage"},"thumbnailUrl":"https:\/\/www.pressenza.com\/wp-content\/uploads\/2020\/01\/20200118_132842.jpg","keywords":["Chile","protestas sociales","Sebasti\u00e1n Pi\u00f1era"],"articleSection":["Contenido Original","Opiniones","Pol\u00edtica","Sudam\u00e9rica"],"inLanguage":"es"},{"@type":"WebPage","@id":"https:\/\/www.pressenza.com\/es\/2020\/01\/el-presidente-6-por-ciento\/","url":"https:\/\/www.pressenza.com\/es\/2020\/01\/el-presidente-6-por-ciento\/","name":"El presidente del 6 por ciento","isPartOf":{"@id":"https:\/\/www.pressenza.com\/es\/#website"},"primaryImageOfPage":{"@id":"https:\/\/www.pressenza.com\/es\/2020\/01\/el-presidente-6-por-ciento\/#primaryimage"},"image":{"@id":"https:\/\/www.pressenza.com\/es\/2020\/01\/el-presidente-6-por-ciento\/#primaryimage"},"thumbnailUrl":"https:\/\/www.pressenza.com\/wp-content\/uploads\/2020\/01\/20200118_132842.jpg","datePublished":"2020-01-20T14:54:10+00:00","dateModified":"2020-01-20T16:33:48+00:00","description":"El presidente 6 por ciento","breadcrumb":{"@id":"https:\/\/www.pressenza.com\/es\/2020\/01\/el-presidente-6-por-ciento\/#breadcrumb"},"inLanguage":"es","potentialAction":[{"@type":"ReadAction","target":["https:\/\/www.pressenza.com\/es\/2020\/01\/el-presidente-6-por-ciento\/"]}]},{"@type":"ImageObject","inLanguage":"es","@id":"https:\/\/www.pressenza.com\/es\/2020\/01\/el-presidente-6-por-ciento\/#primaryimage","url":"https:\/\/www.pressenza.com\/wp-content\/uploads\/2020\/01\/20200118_132842.jpg","contentUrl":"https:\/\/www.pressenza.com\/wp-content\/uploads\/2020\/01\/20200118_132842.jpg","width":2048,"height":995},{"@type":"BreadcrumbList","@id":"https:\/\/www.pressenza.com\/es\/2020\/01\/el-presidente-6-por-ciento\/#breadcrumb","itemListElement":[{"@type":"ListItem","position":1,"name":"Accueil","item":"https:\/\/www.pressenza.com\/es\/"},{"@type":"ListItem","position":2,"name":"El presidente del 6 por ciento"}]},{"@type":"WebSite","@id":"https:\/\/www.pressenza.com\/es\/#website","url":"https:\/\/www.pressenza.com\/es\/","name":"Pressenza","description":"International Press Agency","publisher":{"@id":"https:\/\/www.pressenza.com\/es\/#organization"},"potentialAction":[{"@type":"SearchAction","target":{"@type":"EntryPoint","urlTemplate":"https:\/\/www.pressenza.com\/es\/?s={search_term_string}"},"query-input":{"@type":"PropertyValueSpecification","valueRequired":true,"valueName":"search_term_string"}}],"inLanguage":"es"},{"@type":"Organization","@id":"https:\/\/www.pressenza.com\/es\/#organization","name":"Pressenza","url":"https:\/\/www.pressenza.com\/es\/","logo":{"@type":"ImageObject","inLanguage":"es","@id":"https:\/\/www.pressenza.com\/es\/#\/schema\/logo\/image\/","url":"https:\/\/www.pressenza.com\/wp-content\/uploads\/2022\/10\/pressenza_logo_200x200.jpg","contentUrl":"https:\/\/www.pressenza.com\/wp-content\/uploads\/2022\/10\/pressenza_logo_200x200.jpg","width":200,"height":200,"caption":"Pressenza"},"image":{"@id":"https:\/\/www.pressenza.com\/es\/#\/schema\/logo\/image\/"},"sameAs":["https:\/\/www.facebook.com\/PressenzaItalia","https:\/\/x.com\/PressenzaIPA"]},{"@type":"Person","@id":"https:\/\/www.pressenza.com\/es\/#\/schema\/person\/6936ca3bb8dee618b5cdfd0e4427cdd6","name":"Carolina V\u00e1squez Araya","description":"Periodista y editora con m\u00e1s de 30 a\u00f1os de experiencia, cuyos logros profesionales en el desarrollo de proyectos de gran \u00e9xito avalan sus cualidades de liderazgo, creatividad y relaciones p\u00fablicas. Ha aportado sus conocimientos en proyectos de organizaciones con intereses orientados al desarrollo social, cultural y econ\u00f3mico del pa\u00eds, con especial \u00e9nfasis en el sector de cultura y educaci\u00f3n, emprendimiento, derechos humanos, justicia, ambiente, mujeres y ni\u00f1ez. Chilena en Guatemala. elquintopatio.wordpress.com","sameAs":["https:\/\/www.facebook.com\/pages\/Carolina-V\u00e1squez-Araya\/241844515845237?fref=ts","https:\/\/x.com\/carvasar"],"url":"https:\/\/www.pressenza.com\/es\/author\/carolina-vasquez-araya\/"}]}},"place":"Cuenca, Ecuador","original_article_url":"","_links":{"self":[{"href":"https:\/\/www.pressenza.com\/es\/wp-json\/wp\/v2\/posts\/1016700","targetHints":{"allow":["GET"]}}],"collection":[{"href":"https:\/\/www.pressenza.com\/es\/wp-json\/wp\/v2\/posts"}],"about":[{"href":"https:\/\/www.pressenza.com\/es\/wp-json\/wp\/v2\/types\/post"}],"author":[{"embeddable":true,"href":"https:\/\/www.pressenza.com\/es\/wp-json\/wp\/v2\/users\/1296"}],"replies":[{"embeddable":true,"href":"https:\/\/www.pressenza.com\/es\/wp-json\/wp\/v2\/comments?post=1016700"}],"version-history":[{"count":0,"href":"https:\/\/www.pressenza.com\/es\/wp-json\/wp\/v2\/posts\/1016700\/revisions"}],"wp:featuredmedia":[{"embeddable":true,"href":"https:\/\/www.pressenza.com\/es\/wp-json\/wp\/v2\/media\/1016735"}],"wp:attachment":[{"href":"https:\/\/www.pressenza.com\/es\/wp-json\/wp\/v2\/media?parent=1016700"}],"wp:term":[{"taxonomy":"category","embeddable":true,"href":"https:\/\/www.pressenza.com\/es\/wp-json\/wp\/v2\/categories?post=1016700"},{"taxonomy":"post_tag","embeddable":true,"href":"https:\/\/www.pressenza.com\/es\/wp-json\/wp\/v2\/tags?post=1016700"}],"curies":[{"name":"wp","href":"https:\/\/api.w.org\/{rel}","templated":true}]}}