{"id":1014242,"date":"2020-01-17T00:11:33","date_gmt":"2020-01-17T00:11:33","guid":{"rendered":"https:\/\/www.pressenza.com\/?p=1014242"},"modified":"2020-01-17T00:11:33","modified_gmt":"2020-01-17T00:11:33","slug":"mujeres-mapuche-en-resistencia","status":"publish","type":"post","link":"https:\/\/www.pressenza.com\/es\/2020\/01\/mujeres-mapuche-en-resistencia\/","title":{"rendered":"Mujeres mapuche en resistencia"},"content":{"rendered":"<p><strong>La Red de Mujeres Mapuche fue una de las organizaciones convocantes del 2do Encuentro Plurinacional de las que Luchan, que se realiz\u00f3 entre los pasados 10 y 12 de enero en Santiago de Chile. Como todas las asistentes, ellas abordaron temas propios de la lucha feminista, pero tambi\u00e9n otros temas importantes, que las afectan particularmente. Hablamos al respecto con Diva Millap\u00e1n, integrante de la Red.<\/strong><\/p>\n<p>&nbsp;<\/p>\n<p>El evento reuni\u00f3 m\u00e1s de 2000 mujeres de asambleas y coordinadoras de distintos puntos del pa\u00eds. En la convocatoria, que circul\u00f3 profusamente por las redes sociales, se invitaba a \u201cmujeres, trans, cisg\u00e9nero, intersex, lesbianas, bisexuales, pansexuales, heterosexuales, travestis, no binaries y queer, de todos los pueblos y naciones\u201d. Y se aclaraba: \u201cEste Encuentro es de car\u00e1cter antirracista, anticolonial, anticarcelario, libre de alcohol, drogas y tabaco, apto para ni\u00f1es y adolescentes.\u201d<\/p>\n<p>El resultado \u2013como se va haciendo costumbre en distintas latitudes\u2013 fue una combinaci\u00f3n colorida, fuerte y llena de energ\u00eda, de charlas, talleres, ferias y actividades art\u00edsticas, esta vez con el marco especial que pone la situaci\u00f3n pol\u00edtica y social del nuevo Chile.<\/p>\n<p>Las mujeres mapuche tuvieron a su cargo dos actividades: la apertura ceremonial de las jornadas y el taller \u201cMujeres ind\u00edgenas en resistencia en territorios urbanos y rurales\u201d.<\/p>\n<h4>Presencia mapuche<\/h4>\n<p>La ceremonia se hizo en el Parque de Los Reyes frente a la \u201cZomo Mamvj\u201d (zomomam\u00fcll, mujer de madera), s\u00edmbolo de la energ\u00eda femenina que lidera estos nuevos tiempos.<\/p>\n<p><em>\u201cEl resto de las compa\u00f1eras no ten\u00eda prevista esta apertura, pero nosotras quisimos marcar la presencia ind\u00edgena y darle a las jornadas el inicio de nuestros encuentros <\/em>\u2013nos cuenta Diva Millap\u00e1n<em>. Cuando nosotras hacemos un evento, \u00a0primero nos reunimos y pedimos por el buen desarrollo de las actividades, renovamos energ\u00edas, fortalecemos la espiritualidad\u2026 Eso hicimos tambi\u00e9n esta vez, invitando a las otras compa\u00f1eras.\u201d<\/em><\/p>\n<p><em>\u201cLas mujeres que fueron a la ceremonia, despu\u00e9s participaron del taller. Y fue interesante porque por primera vez pudimos trabajar con mujeres que no eran ind\u00edgenas, incluidas algunas extranjeras. Les dimos a conocer un documento que elaboramos para la ocasi\u00f3n y nos sorprendi\u00f3 muy gratamente que fueron muy respetuosas, y se manifestaron muy interesadas en saber y preguntarnos cosas. El tiempo termin\u00f3 resultando breve\u2026\u201d<\/em><\/p>\n<div id=\"attachment_1014247\" class=\"wp-caption alignnone\"><img loading=\"lazy\" decoding=\"async\" aria-describedby=\"caption-attachment-1014247\" class=\"size-large wp-image-1014247\" src=\"https:\/\/www.pressenza.com\/wp-content\/uploads\/2020\/01\/ceremonia-mapuche-720x510.jpg\" alt=\"\" width=\"720\" height=\"510\" srcset=\"https:\/\/www.pressenza.com\/wp-content\/uploads\/2020\/01\/ceremonia-mapuche-720x510.jpg 720w, https:\/\/www.pressenza.com\/wp-content\/uploads\/2020\/01\/ceremonia-mapuche-300x213.jpg 300w, https:\/\/www.pressenza.com\/wp-content\/uploads\/2020\/01\/ceremonia-mapuche-768x544.jpg 768w, https:\/\/www.pressenza.com\/wp-content\/uploads\/2020\/01\/ceremonia-mapuche.jpg 960w\" sizes=\"auto, (max-width: 720px) 100vw, 720px\" \/><p id=\"caption-attachment-1014247\" class=\"wp-caption-text\">Ceremonia de apertura del 2do Encuentro Plurinacional de las que luchan.<\/p><\/div>\n<p>El <a href=\"https:\/\/www.pressenza.com\/wp-content\/uploads\/2020\/01\/Texto-orientador_-Eje-Mujeres-indi\u0301genas-en-resistencia-09.01.2020-VF.pdf\" target=\"_blank\" rel=\"noopener\">documento mencionado<\/a> sintetiza el trabajo que la Red desarrolla desde 2012 con mujeres mapuche de las distintas regiones. Habla de sus dudas y certezas, de sus valores, de los procesos de recuperaci\u00f3n de la propia cultura y de acercamiento a la cultura de los otros y tambi\u00e9n de la necesidad de superar \u2013como todas las mujeres del mundo\u2013 el patriarcado. Del mismo modo, el material rescata las demandas m\u00e1s importantes de las comunidades, entre otras la defensa y restituci\u00f3n de los territorios, el reclamo de justicia para las y los mapuche v\u00edctimas de la violencia del Estado; la real aplicaci\u00f3n de la legislaci\u00f3n vigente, la desmilitarizaci\u00f3n del Wallmapu\u2026<\/p>\n<h4>Los feminismos<\/h4>\n<p><em>\u201cParticipamos del encuentro con cierta inquietud, porque aunque nos vamos familiarizando con el feminismo de las compa\u00f1eras, tenemos mucha duda, mucho que discutir. Por una parte, necesitamos superar entre nuestras lamgien el desconocimiento de estos temas, pero adem\u00e1s tenemos que discutirlos en relaci\u00f3n con algo muy importante para nosotros, que es el fortalecimiento de la identidad\u201d, dice Diva.<\/em><\/p>\n<p>En ese sentido, explican en su documento: <em>\u201c\u2026buscamos redescubrir qu\u00e9 espacios le asigna el az mogen (la tradici\u00f3n) a la mujer mapuche, e intentamos confrontar un di\u00e1logo con pensamientos de otros pueblos \u2013en este caso en particular con lo que hoy se conoce como \u2018feminismo\u2019\u2026\u201d<\/em> Tambi\u00e9n destacan la necesidad <em>\u201cde que se reconozcan realmente nuestras demandas y la pr\u00e1ctica de los principios y valores fundamentales de nuestra cosmovisi\u00f3n, tales como el kvme mogen (buen vivir), la complementariedad y la dualidad.\u201d<\/em><\/p>\n<p><img loading=\"lazy\" decoding=\"async\" class=\"alignnone size-large wp-image-1014257\" src=\"https:\/\/www.pressenza.com\/wp-content\/uploads\/2020\/01\/taller2-chile-720x540.jpg\" alt=\"\" width=\"720\" height=\"540\" srcset=\"https:\/\/www.pressenza.com\/wp-content\/uploads\/2020\/01\/taller2-chile-720x540.jpg 720w, https:\/\/www.pressenza.com\/wp-content\/uploads\/2020\/01\/taller2-chile-300x225.jpg 300w, https:\/\/www.pressenza.com\/wp-content\/uploads\/2020\/01\/taller2-chile-768x576.jpg 768w, https:\/\/www.pressenza.com\/wp-content\/uploads\/2020\/01\/taller2-chile.jpg 960w\" sizes=\"auto, (max-width: 720px) 100vw, 720px\" \/><\/p>\n<div id=\"attachment_1014277\" class=\"wp-caption alignnone\"><img loading=\"lazy\" decoding=\"async\" aria-describedby=\"caption-attachment-1014277\" class=\"size-large wp-image-1014277\" src=\"https:\/\/www.pressenza.com\/wp-content\/uploads\/2020\/01\/taller-chile-720x540.jpg\" alt=\"\" width=\"720\" height=\"540\" srcset=\"https:\/\/www.pressenza.com\/wp-content\/uploads\/2020\/01\/taller-chile-720x540.jpg 720w, https:\/\/www.pressenza.com\/wp-content\/uploads\/2020\/01\/taller-chile-300x225.jpg 300w, https:\/\/www.pressenza.com\/wp-content\/uploads\/2020\/01\/taller-chile-768x576.jpg 768w, https:\/\/www.pressenza.com\/wp-content\/uploads\/2020\/01\/taller-chile.jpg 960w\" sizes=\"auto, (max-width: 720px) 100vw, 720px\" \/><p id=\"caption-attachment-1014277\" class=\"wp-caption-text\">Taller \u201cMujeres ind\u00edgenas en resistencia en territorios urbanos y rurales\u201d.<\/p><\/div>\n<h4>Con voz propia<\/h4>\n<p>La Red reconoce en su documento la necesidad de luchar con otros por los derechos comunes, pero tambi\u00e9n destaca que esa unidad deber\u00e1 ser entre iguales: <em>\u201cNunca m\u00e1s caeremos en la l\u00f3gica de la subordinaci\u00f3n, ni dejaremos que otras u otros hablen por nosotras.\u00a0 Tenemos nuestra propia voz y ser\u00e1 esa la que resuene de ahora en adelante\u201d<\/em>, afirman.<\/p>\n<p>Diva agrega: <em>\u201cHasta hace poco se preguntaba sobre nosotros a las antrop\u00f3logas. Ahora queremos hablar por nosotras mismas. En este encuentro, por ejemplo, nadie \u2018nos dio la palabra\u2019. Nosotros tomamos la palabra en pie de igualdad, porque fuimos convocantes. No pretendemos arrogarnos la representaci\u00f3n de todos los pueblos ni de todas las mujeres ind\u00edgenas, pero creamos esta Red justamente para hablar como mapuche, por nosotras mismas.\u201d<\/em><\/p>\n<p>Dentro del mismo tema, Diva lamenta lo dif\u00edcil que resulta \u2013aun entre compa\u00f1eras\u2013 ser tenidas en cuenta en verdadera paridad, como diversas pero iguales. <em>\u201cEst\u00e1n acostumbrados a dejarnos fuera\u201d<\/em>, dice. Y con eso nos deja planteado un desaf\u00edo a las no ind\u00edgenas, a las que somos parte de la cultura dominante porque, aunque no la hayamos elegido, desde esa cultura pensamos y sentimos el mundo de un modo distinto al de ellas. Y desde ah\u00ed tambi\u00e9n las valoramos o desestimamos.<\/p>\n<p>Al reflexionar sobre las reuniones sostenidas con sus hermanas, las integrantes de la Red dec\u00edan: <em>\u201cescucharnos con respeto se convirti\u00f3 en el principal instrumento de aprendizaje\u201d<\/em>. Con el objetivo com\u00fan de seguir construyendo un mundo que verdaderamente nos respete, parece una linda opci\u00f3n a ejercitar entre todas.<\/p>\n<p><img loading=\"lazy\" decoding=\"async\" class=\"size-large wp-image-1014267\" src=\"https:\/\/www.pressenza.com\/wp-content\/uploads\/2020\/01\/taller3-chile-720x480.jpg\" alt=\"\" width=\"720\" height=\"480\" srcset=\"https:\/\/www.pressenza.com\/wp-content\/uploads\/2020\/01\/taller3-chile-720x480.jpg 720w, https:\/\/www.pressenza.com\/wp-content\/uploads\/2020\/01\/taller3-chile-300x200.jpg 300w, https:\/\/www.pressenza.com\/wp-content\/uploads\/2020\/01\/taller3-chile-768x512.jpg 768w, https:\/\/www.pressenza.com\/wp-content\/uploads\/2020\/01\/taller3-chile.jpg 960w\" sizes=\"auto, (max-width: 720px) 100vw, 720px\" \/><\/p>\n<h4>Conclusiones<\/h4>\n<p>Las conclusiones del taller se presentaron al colectivo del encuentro para ser incluidas en el documento final. Las propuestas que se hicieron fueron:<\/p>\n<p><strong>Sobre la Constituyente<\/strong><\/p>\n<ul>\n<li>Respeto, consagraci\u00f3n constitucional y garant\u00eda de los Derechos de la \u00d1uke Mapu (Madre Tierra) y del principio del Buen Vivir (kvme mogen),<\/li>\n<li>Asamblea Constituyente Paritaria y Plurinacional, con representaci\u00f3n de todos los pueblos originarios y esca\u00f1os paritarios entre hombres y mujeres ind\u00edgenas.<\/li>\n<li>Estado Plurinacional que nos reconozca y que reconozca y garantice el ejercicio efectivo de nuestros derechos colectivos.<\/li>\n<\/ul>\n<p><strong>Estructurales<\/strong><\/p>\n<ul>\n<li>Normativa y pol\u00edticas p\u00fablicas que impulsen la recuperaci\u00f3n de la identidad, los conocimientos, la autovaloraci\u00f3n y los territorios de las mujeres ind\u00edgenas.<\/li>\n<li>Verdad, justicia y reparaci\u00f3n para nuestras hermanas y hermanos v\u00edctimas de la represi\u00f3n del Estado<\/li>\n<li>Reforma integral al Ministerio de la Mujer y al SernamEG y con enfoque hacia la mujer ind\u00edgena<\/li>\n<\/ul>\n<p><strong>Medidas inmediatas y urgentes:<\/strong><\/p>\n<ul>\n<li>Desmilitarizaci\u00f3n del Wallmapu<\/li>\n<li>No m\u00e1s aplicaci\u00f3n de la Ley Antiterrorista a nuestros hermanos y hermanas. No m\u00e1s presos pol\u00edticos<\/li>\n<li>No al TPP y fin al DL 701, que incentiva los monocultivos.<\/li>\n<\/ul>\n<p>Finalmente, la Red manifest\u00f3 en las redes sociales:<\/p>\n<p><em>\u00abLuego de haber finalizado el \u00abII Encuentro Plurinacional de Las y Les que Luchan\u00bb mantenemos firme nuestra convicci\u00f3n que fortaleciendo nuestras identidades de mujeres originarias, hijas de la \u00f1uke mapu, y creando alianzas estrat\u00e9gicas con quienes comparten reivindicaciones y luchas transversales, lograremos unir fuerzas para derribar este sistema que nos oprime y vulnera d\u00eda a d\u00eda. Porque queremos cambiarlo todo \u00a1somos mujeres en resistencia! \u00a1Arriba las que luchan! \u00a1Pu zomo newen! \u00a1Pu zomo weichafe! \u00a1Marichiwew!\u00bb<\/em><\/p>\n<div id=\"attachment_1014287\" class=\"wp-caption alignnone\"><img loading=\"lazy\" decoding=\"async\" aria-describedby=\"caption-attachment-1014287\" class=\"size-large wp-image-1014287\" src=\"https:\/\/www.pressenza.com\/wp-content\/uploads\/2020\/01\/red-de-mujeres-mapuche-720x540.jpg\" alt=\"\" width=\"720\" height=\"540\" srcset=\"https:\/\/www.pressenza.com\/wp-content\/uploads\/2020\/01\/red-de-mujeres-mapuche-720x540.jpg 720w, https:\/\/www.pressenza.com\/wp-content\/uploads\/2020\/01\/red-de-mujeres-mapuche-300x225.jpg 300w, https:\/\/www.pressenza.com\/wp-content\/uploads\/2020\/01\/red-de-mujeres-mapuche-768x576.jpg 768w, https:\/\/www.pressenza.com\/wp-content\/uploads\/2020\/01\/red-de-mujeres-mapuche.jpg 960w\" sizes=\"auto, (max-width: 720px) 100vw, 720px\" \/><p id=\"caption-attachment-1014287\" class=\"wp-caption-text\">De izquierda a derecha Jessica Cayupi, Macarena Huichaman, Diva Millapan y Yanka Vergara Millapan, integrantes de la Red de mujeres mapuche de Chile<\/p><\/div>\n","protected":false},"excerpt":{"rendered":"<p>La Red de Mujeres Mapuche fue una de las organizaciones convocantes del 2do Encuentro Plurinacional de las que Luchan, que se realiz\u00f3 entre los pasados 10 y 12 de enero en Santiago de Chile. Como todas las asistentes, ellas abordaron&hellip;<\/p>\n","protected":false},"author":1187,"featured_media":1014325,"comment_status":"closed","ping_status":"closed","sticky":false,"template":"","format":"standard","meta":{"footnotes":""},"categories":[11389,54515,80,67],"tags":[29,44232,503,54082,936,1025,22210,18507],"class_list":["post-1014242","post","type-post","status-publish","format-standard","has-post-thumbnail","hentry","category-contenido-original","category-genero-y-feminismos","category-pueblos-originarios","category-sudamerica","tag-chile","tag-feminismos","tag-genero","tag-indigenas-es","tag-mapuche-es","tag-mujeres","tag-pueblos-originarios","tag-territorios"],"yoast_head":"<!-- This site is optimized with the Yoast SEO plugin v27.1.1 - https:\/\/yoast.com\/product\/yoast-seo-wordpress\/ -->\n<title>Mujeres mapuche en resistencia<\/title>\n<meta name=\"description\" content=\"La Red de Mujeres Mapuche fue una de las organizaciones convocantes del 2do Encuentro Plurinacional de las que Luchan, que se realiz\u00f3 entre los pasados 10\" \/>\n<meta name=\"robots\" content=\"index, follow, max-snippet:-1, max-image-preview:large, max-video-preview:-1\" \/>\n<link rel=\"canonical\" href=\"https:\/\/www.pressenza.com\/es\/2020\/01\/mujeres-mapuche-en-resistencia\/\" \/>\n<meta property=\"og:locale\" content=\"es_ES\" \/>\n<meta property=\"og:type\" content=\"article\" \/>\n<meta property=\"og:title\" content=\"Mujeres mapuche en resistencia\" \/>\n<meta property=\"og:description\" content=\"La Red de Mujeres Mapuche fue una de las organizaciones convocantes del 2do Encuentro Plurinacional de las que Luchan, que se realiz\u00f3 entre los pasados 10\" \/>\n<meta property=\"og:url\" content=\"https:\/\/www.pressenza.com\/es\/2020\/01\/mujeres-mapuche-en-resistencia\/\" \/>\n<meta property=\"og:site_name\" content=\"Pressenza\" \/>\n<meta property=\"article:publisher\" content=\"https:\/\/www.facebook.com\/PressenzaItalia\" \/>\n<meta property=\"article:author\" content=\"Alicia Blanco\" \/>\n<meta property=\"article:published_time\" content=\"2020-01-17T00:11:33+00:00\" \/>\n<meta property=\"og:image\" content=\"https:\/\/www.pressenza.com\/wp-content\/uploads\/2020\/01\/de-la-Red-de-mujeres-mapuche-de-Chile.jpg\" \/>\n\t<meta property=\"og:image:width\" content=\"960\" \/>\n\t<meta property=\"og:image:height\" content=\"765\" \/>\n\t<meta property=\"og:image:type\" content=\"image\/jpeg\" \/>\n<meta name=\"author\" content=\"Alicia Blanco\" \/>\n<meta name=\"twitter:card\" content=\"summary_large_image\" \/>\n<meta name=\"twitter:creator\" content=\"@aliciablancoar\" \/>\n<meta name=\"twitter:site\" content=\"@PressenzaIPA\" \/>\n<meta name=\"twitter:label1\" content=\"Escrito por\" \/>\n\t<meta name=\"twitter:data1\" content=\"Alicia Blanco\" \/>\n\t<meta name=\"twitter:label2\" content=\"Tiempo de lectura\" \/>\n\t<meta name=\"twitter:data2\" content=\"6 minutos\" \/>\n<script type=\"application\/ld+json\" class=\"yoast-schema-graph\">{\"@context\":\"https:\/\/schema.org\",\"@graph\":[{\"@type\":\"Article\",\"@id\":\"https:\/\/www.pressenza.com\/es\/2020\/01\/mujeres-mapuche-en-resistencia\/#article\",\"isPartOf\":{\"@id\":\"https:\/\/www.pressenza.com\/es\/2020\/01\/mujeres-mapuche-en-resistencia\/\"},\"author\":{\"name\":\"Alicia Blanco\",\"@id\":\"https:\/\/www.pressenza.com\/es\/#\/schema\/person\/cd1c733ed7825bc0f36b165c74e256a3\"},\"headline\":\"Mujeres mapuche en resistencia\",\"datePublished\":\"2020-01-17T00:11:33+00:00\",\"mainEntityOfPage\":{\"@id\":\"https:\/\/www.pressenza.com\/es\/2020\/01\/mujeres-mapuche-en-resistencia\/\"},\"wordCount\":1272,\"publisher\":{\"@id\":\"https:\/\/www.pressenza.com\/es\/#organization\"},\"image\":{\"@id\":\"https:\/\/www.pressenza.com\/es\/2020\/01\/mujeres-mapuche-en-resistencia\/#primaryimage\"},\"thumbnailUrl\":\"https:\/\/www.pressenza.com\/wp-content\/uploads\/2020\/01\/de-la-Red-de-mujeres-mapuche-de-Chile.jpg\",\"keywords\":[\"Chile\",\"feminismos\",\"G\u00e9nero\",\"indigenas\",\"mapuche\",\"Mujeres\",\"Pueblos Originarios\",\"territorios\"],\"articleSection\":[\"Contenido Original\",\"G\u00e9nero y Feminismos\",\"Pueblos Originarios\",\"Sudam\u00e9rica\"],\"inLanguage\":\"es\"},{\"@type\":\"WebPage\",\"@id\":\"https:\/\/www.pressenza.com\/es\/2020\/01\/mujeres-mapuche-en-resistencia\/\",\"url\":\"https:\/\/www.pressenza.com\/es\/2020\/01\/mujeres-mapuche-en-resistencia\/\",\"name\":\"Mujeres mapuche en resistencia\",\"isPartOf\":{\"@id\":\"https:\/\/www.pressenza.com\/es\/#website\"},\"primaryImageOfPage\":{\"@id\":\"https:\/\/www.pressenza.com\/es\/2020\/01\/mujeres-mapuche-en-resistencia\/#primaryimage\"},\"image\":{\"@id\":\"https:\/\/www.pressenza.com\/es\/2020\/01\/mujeres-mapuche-en-resistencia\/#primaryimage\"},\"thumbnailUrl\":\"https:\/\/www.pressenza.com\/wp-content\/uploads\/2020\/01\/de-la-Red-de-mujeres-mapuche-de-Chile.jpg\",\"datePublished\":\"2020-01-17T00:11:33+00:00\",\"description\":\"La Red de Mujeres Mapuche fue una de las organizaciones convocantes del 2do Encuentro Plurinacional de las que Luchan, que se realiz\u00f3 entre los pasados 10\",\"breadcrumb\":{\"@id\":\"https:\/\/www.pressenza.com\/es\/2020\/01\/mujeres-mapuche-en-resistencia\/#breadcrumb\"},\"inLanguage\":\"es\",\"potentialAction\":[{\"@type\":\"ReadAction\",\"target\":[\"https:\/\/www.pressenza.com\/es\/2020\/01\/mujeres-mapuche-en-resistencia\/\"]}]},{\"@type\":\"ImageObject\",\"inLanguage\":\"es\",\"@id\":\"https:\/\/www.pressenza.com\/es\/2020\/01\/mujeres-mapuche-en-resistencia\/#primaryimage\",\"url\":\"https:\/\/www.pressenza.com\/wp-content\/uploads\/2020\/01\/de-la-Red-de-mujeres-mapuche-de-Chile.jpg\",\"contentUrl\":\"https:\/\/www.pressenza.com\/wp-content\/uploads\/2020\/01\/de-la-Red-de-mujeres-mapuche-de-Chile.jpg\",\"width\":960,\"height\":765},{\"@type\":\"BreadcrumbList\",\"@id\":\"https:\/\/www.pressenza.com\/es\/2020\/01\/mujeres-mapuche-en-resistencia\/#breadcrumb\",\"itemListElement\":[{\"@type\":\"ListItem\",\"position\":1,\"name\":\"Accueil\",\"item\":\"https:\/\/www.pressenza.com\/es\/\"},{\"@type\":\"ListItem\",\"position\":2,\"name\":\"Mujeres mapuche en resistencia\"}]},{\"@type\":\"WebSite\",\"@id\":\"https:\/\/www.pressenza.com\/es\/#website\",\"url\":\"https:\/\/www.pressenza.com\/es\/\",\"name\":\"Pressenza\",\"description\":\"International Press Agency\",\"publisher\":{\"@id\":\"https:\/\/www.pressenza.com\/es\/#organization\"},\"potentialAction\":[{\"@type\":\"SearchAction\",\"target\":{\"@type\":\"EntryPoint\",\"urlTemplate\":\"https:\/\/www.pressenza.com\/es\/?s={search_term_string}\"},\"query-input\":{\"@type\":\"PropertyValueSpecification\",\"valueRequired\":true,\"valueName\":\"search_term_string\"}}],\"inLanguage\":\"es\"},{\"@type\":\"Organization\",\"@id\":\"https:\/\/www.pressenza.com\/es\/#organization\",\"name\":\"Pressenza\",\"url\":\"https:\/\/www.pressenza.com\/es\/\",\"logo\":{\"@type\":\"ImageObject\",\"inLanguage\":\"es\",\"@id\":\"https:\/\/www.pressenza.com\/es\/#\/schema\/logo\/image\/\",\"url\":\"https:\/\/www.pressenza.com\/wp-content\/uploads\/2022\/10\/pressenza_logo_200x200.jpg\",\"contentUrl\":\"https:\/\/www.pressenza.com\/wp-content\/uploads\/2022\/10\/pressenza_logo_200x200.jpg\",\"width\":200,\"height\":200,\"caption\":\"Pressenza\"},\"image\":{\"@id\":\"https:\/\/www.pressenza.com\/es\/#\/schema\/logo\/image\/\"},\"sameAs\":[\"https:\/\/www.facebook.com\/PressenzaItalia\",\"https:\/\/x.com\/PressenzaIPA\"]},{\"@type\":\"Person\",\"@id\":\"https:\/\/www.pressenza.com\/es\/#\/schema\/person\/cd1c733ed7825bc0f36b165c74e256a3\",\"name\":\"Alicia Blanco\",\"description\":\"Humanista, co-directora de Pressenza.\",\"sameAs\":[\"Alicia Blanco\",\"https:\/\/x.com\/aliciablancoar\"],\"url\":\"https:\/\/www.pressenza.com\/es\/author\/alicia-blanco\/\"}]}<\/script>\n<!-- \/ Yoast SEO plugin. -->","yoast_head_json":{"title":"Mujeres mapuche en resistencia","description":"La Red de Mujeres Mapuche fue una de las organizaciones convocantes del 2do Encuentro Plurinacional de las que Luchan, que se realiz\u00f3 entre los pasados 10","robots":{"index":"index","follow":"follow","max-snippet":"max-snippet:-1","max-image-preview":"max-image-preview:large","max-video-preview":"max-video-preview:-1"},"canonical":"https:\/\/www.pressenza.com\/es\/2020\/01\/mujeres-mapuche-en-resistencia\/","og_locale":"es_ES","og_type":"article","og_title":"Mujeres mapuche en resistencia","og_description":"La Red de Mujeres Mapuche fue una de las organizaciones convocantes del 2do Encuentro Plurinacional de las que Luchan, que se realiz\u00f3 entre los pasados 10","og_url":"https:\/\/www.pressenza.com\/es\/2020\/01\/mujeres-mapuche-en-resistencia\/","og_site_name":"Pressenza","article_publisher":"https:\/\/www.facebook.com\/PressenzaItalia","article_author":"Alicia Blanco","article_published_time":"2020-01-17T00:11:33+00:00","og_image":[{"width":960,"height":765,"url":"https:\/\/www.pressenza.com\/wp-content\/uploads\/2020\/01\/de-la-Red-de-mujeres-mapuche-de-Chile.jpg","type":"image\/jpeg"}],"author":"Alicia Blanco","twitter_card":"summary_large_image","twitter_creator":"@aliciablancoar","twitter_site":"@PressenzaIPA","twitter_misc":{"Escrito por":"Alicia Blanco","Tiempo de lectura":"6 minutos"},"schema":{"@context":"https:\/\/schema.org","@graph":[{"@type":"Article","@id":"https:\/\/www.pressenza.com\/es\/2020\/01\/mujeres-mapuche-en-resistencia\/#article","isPartOf":{"@id":"https:\/\/www.pressenza.com\/es\/2020\/01\/mujeres-mapuche-en-resistencia\/"},"author":{"name":"Alicia Blanco","@id":"https:\/\/www.pressenza.com\/es\/#\/schema\/person\/cd1c733ed7825bc0f36b165c74e256a3"},"headline":"Mujeres mapuche en resistencia","datePublished":"2020-01-17T00:11:33+00:00","mainEntityOfPage":{"@id":"https:\/\/www.pressenza.com\/es\/2020\/01\/mujeres-mapuche-en-resistencia\/"},"wordCount":1272,"publisher":{"@id":"https:\/\/www.pressenza.com\/es\/#organization"},"image":{"@id":"https:\/\/www.pressenza.com\/es\/2020\/01\/mujeres-mapuche-en-resistencia\/#primaryimage"},"thumbnailUrl":"https:\/\/www.pressenza.com\/wp-content\/uploads\/2020\/01\/de-la-Red-de-mujeres-mapuche-de-Chile.jpg","keywords":["Chile","feminismos","G\u00e9nero","indigenas","mapuche","Mujeres","Pueblos Originarios","territorios"],"articleSection":["Contenido Original","G\u00e9nero y Feminismos","Pueblos Originarios","Sudam\u00e9rica"],"inLanguage":"es"},{"@type":"WebPage","@id":"https:\/\/www.pressenza.com\/es\/2020\/01\/mujeres-mapuche-en-resistencia\/","url":"https:\/\/www.pressenza.com\/es\/2020\/01\/mujeres-mapuche-en-resistencia\/","name":"Mujeres mapuche en resistencia","isPartOf":{"@id":"https:\/\/www.pressenza.com\/es\/#website"},"primaryImageOfPage":{"@id":"https:\/\/www.pressenza.com\/es\/2020\/01\/mujeres-mapuche-en-resistencia\/#primaryimage"},"image":{"@id":"https:\/\/www.pressenza.com\/es\/2020\/01\/mujeres-mapuche-en-resistencia\/#primaryimage"},"thumbnailUrl":"https:\/\/www.pressenza.com\/wp-content\/uploads\/2020\/01\/de-la-Red-de-mujeres-mapuche-de-Chile.jpg","datePublished":"2020-01-17T00:11:33+00:00","description":"La Red de Mujeres Mapuche fue una de las organizaciones convocantes del 2do Encuentro Plurinacional de las que Luchan, que se realiz\u00f3 entre los pasados 10","breadcrumb":{"@id":"https:\/\/www.pressenza.com\/es\/2020\/01\/mujeres-mapuche-en-resistencia\/#breadcrumb"},"inLanguage":"es","potentialAction":[{"@type":"ReadAction","target":["https:\/\/www.pressenza.com\/es\/2020\/01\/mujeres-mapuche-en-resistencia\/"]}]},{"@type":"ImageObject","inLanguage":"es","@id":"https:\/\/www.pressenza.com\/es\/2020\/01\/mujeres-mapuche-en-resistencia\/#primaryimage","url":"https:\/\/www.pressenza.com\/wp-content\/uploads\/2020\/01\/de-la-Red-de-mujeres-mapuche-de-Chile.jpg","contentUrl":"https:\/\/www.pressenza.com\/wp-content\/uploads\/2020\/01\/de-la-Red-de-mujeres-mapuche-de-Chile.jpg","width":960,"height":765},{"@type":"BreadcrumbList","@id":"https:\/\/www.pressenza.com\/es\/2020\/01\/mujeres-mapuche-en-resistencia\/#breadcrumb","itemListElement":[{"@type":"ListItem","position":1,"name":"Accueil","item":"https:\/\/www.pressenza.com\/es\/"},{"@type":"ListItem","position":2,"name":"Mujeres mapuche en resistencia"}]},{"@type":"WebSite","@id":"https:\/\/www.pressenza.com\/es\/#website","url":"https:\/\/www.pressenza.com\/es\/","name":"Pressenza","description":"International Press Agency","publisher":{"@id":"https:\/\/www.pressenza.com\/es\/#organization"},"potentialAction":[{"@type":"SearchAction","target":{"@type":"EntryPoint","urlTemplate":"https:\/\/www.pressenza.com\/es\/?s={search_term_string}"},"query-input":{"@type":"PropertyValueSpecification","valueRequired":true,"valueName":"search_term_string"}}],"inLanguage":"es"},{"@type":"Organization","@id":"https:\/\/www.pressenza.com\/es\/#organization","name":"Pressenza","url":"https:\/\/www.pressenza.com\/es\/","logo":{"@type":"ImageObject","inLanguage":"es","@id":"https:\/\/www.pressenza.com\/es\/#\/schema\/logo\/image\/","url":"https:\/\/www.pressenza.com\/wp-content\/uploads\/2022\/10\/pressenza_logo_200x200.jpg","contentUrl":"https:\/\/www.pressenza.com\/wp-content\/uploads\/2022\/10\/pressenza_logo_200x200.jpg","width":200,"height":200,"caption":"Pressenza"},"image":{"@id":"https:\/\/www.pressenza.com\/es\/#\/schema\/logo\/image\/"},"sameAs":["https:\/\/www.facebook.com\/PressenzaItalia","https:\/\/x.com\/PressenzaIPA"]},{"@type":"Person","@id":"https:\/\/www.pressenza.com\/es\/#\/schema\/person\/cd1c733ed7825bc0f36b165c74e256a3","name":"Alicia Blanco","description":"Humanista, co-directora de Pressenza.","sameAs":["Alicia Blanco","https:\/\/x.com\/aliciablancoar"],"url":"https:\/\/www.pressenza.com\/es\/author\/alicia-blanco\/"}]}},"place":"Santiago de Chile","original_article_url":"","_links":{"self":[{"href":"https:\/\/www.pressenza.com\/es\/wp-json\/wp\/v2\/posts\/1014242","targetHints":{"allow":["GET"]}}],"collection":[{"href":"https:\/\/www.pressenza.com\/es\/wp-json\/wp\/v2\/posts"}],"about":[{"href":"https:\/\/www.pressenza.com\/es\/wp-json\/wp\/v2\/types\/post"}],"author":[{"embeddable":true,"href":"https:\/\/www.pressenza.com\/es\/wp-json\/wp\/v2\/users\/1187"}],"replies":[{"embeddable":true,"href":"https:\/\/www.pressenza.com\/es\/wp-json\/wp\/v2\/comments?post=1014242"}],"version-history":[{"count":0,"href":"https:\/\/www.pressenza.com\/es\/wp-json\/wp\/v2\/posts\/1014242\/revisions"}],"wp:featuredmedia":[{"embeddable":true,"href":"https:\/\/www.pressenza.com\/es\/wp-json\/wp\/v2\/media\/1014325"}],"wp:attachment":[{"href":"https:\/\/www.pressenza.com\/es\/wp-json\/wp\/v2\/media?parent=1014242"}],"wp:term":[{"taxonomy":"category","embeddable":true,"href":"https:\/\/www.pressenza.com\/es\/wp-json\/wp\/v2\/categories?post=1014242"},{"taxonomy":"post_tag","embeddable":true,"href":"https:\/\/www.pressenza.com\/es\/wp-json\/wp\/v2\/tags?post=1014242"}],"curies":[{"name":"wp","href":"https:\/\/api.w.org\/{rel}","templated":true}]}}