{"id":1009199,"date":"2020-01-10T23:20:36","date_gmt":"2020-01-10T23:20:36","guid":{"rendered":"https:\/\/www.pressenza.com\/?p=1009199"},"modified":"2020-01-10T23:20:36","modified_gmt":"2020-01-10T23:20:36","slug":"el-rol-de-italia-en-caso-de-guerra","status":"publish","type":"post","link":"https:\/\/www.pressenza.com\/es\/2020\/01\/el-rol-de-italia-en-caso-de-guerra\/","title":{"rendered":"El rol de Italia en caso de guerra"},"content":{"rendered":"<p>Siempre he cre\u00eddo que la <strong><a href=\"https:\/\/www.pressenza.com\/it\/2015\/04\/70-anni-di-costituzione-nonviolenta\/\">Constituci\u00f3n italiana<\/a><\/strong> era una de las m\u00e1s bellas del mundo, pero creo que hemos recorrido un largo camino en cuanto a su aplicaci\u00f3n.<\/p>\n<p>Esto queda demostrado, al menos seg\u00fan los <a href=\"https:\/\/www.pressenza.com\/it\/2020\/01\/qual-e-la-vera-minaccia-nucleare-in-medio-oriente\/\">recientes acontecimientos<\/a> en el <strong>Medio Oriente<\/strong>.<\/p>\n<p>Perm\u00edtanme explicarme mejor: se puede estar de acuerdo o no en que la Constituci\u00f3n italiana es una de las m\u00e1s bellas del mundo, pero, al leerla, todo el mundo puede estar de acuerdo desde el principio en que <strong>la Carta Constitucional italiana es decididamente antibelicista y firmemente contraria a la guerra.<\/strong> Al igual que el pueblo italiano, si quiere, puede decirlo todo, pero por supuesto no puede dudar del <strong>muy fuerte y m\u00e1s que motivado rechazo fundamental tanto de la guerra como de la energ\u00eda nuclear<\/strong>. Los italianos, de hecho, han renunciado a ello varias veces con un refer\u00e9ndum sobre la energ\u00eda nuclear, incluso para fines civiles.<\/p>\n<p>Y sin embargo, a pesar de todo esto, Italia, especialmente en los \u00faltimos a\u00f1os, se ha convertido en el \u00ab<a href=\"https:\/\/www.pressenza.com\/it\/2020\/01\/antonio-mazzeo-litalia-e-uno-snodo-chiave-per-le-operazioni-militari-usa\/\">gabinete de guerra<\/a>\u00bb operativo de Estados Unidos y la OTAN.<\/p>\n<p>La <a href=\"https:\/\/www.pressenza.com\/it\/2019\/04\/liberiamoci-da-camp-darby\/\">base militar de Camp Darby en Livorno<\/a> se ha convertido en el principal arsenal militar estadounidense en Europa, el mayor de los Estados Unidos fuera de su territorio. En <a href=\"https:\/\/www.pressenza.com\/it\/2019\/05\/le-navi-della-morte-passano-da-livorno\/\">el Campamento Darby las rutas de la guerra pasan por mar<\/a>. En Camp Darby hay armas estrat\u00e9gicas y t\u00e1cticas de todo tipo, 125 b\u00fankeres, donde se calcula que hay un mill\u00f3n de balas de artiller\u00eda almacenadas, as\u00ed como bombas a\u00e9reas y misiles. Seg\u00fan algunos expertos militares, tambi\u00e9n hay equipo nuclear, as\u00ed como tanques y diversos veh\u00edculos militares a\u00e9reos y terrestres.<\/p>\n<p>Es una especie de enorme centro de armas. El m\u00e1s grande de todo el Pacto del Atl\u00e1ntico. \u00c9stos llegan por mar, a bordo de imponentes buques de la marina USS, al puerto de Livorno. Desde aqu\u00ed se almacenan en el <a href=\"https:\/\/www.pressenza.com\/it\/2017\/04\/che-gran-passione-la-liberta-di-giocare-alla-guerra\/\">Campamento Darby, para ser clasificados y destinados a Jordania, Arabia Saudita<\/a> y otros pa\u00edses de Oriente Medio para abastecer a las fuerzas de Washington involucradas en los diversos teatros de guerra principalmente en el \u00e1rea de Oriente Medio, <a href=\"https:\/\/www.pressenza.com\/it\/2017\/05\/la-ministra-della-guerra-chiama-alle-armi\/\">desde Siria a Yemen<\/a>, pero tambi\u00e9n a<strong> Libia<\/strong>, sin olvidar por supuesto a<strong> Irak.<\/strong><\/p>\n<p>M\u00e1s all\u00e1 de Camp Darby, en suelo italiano a la vanguardia de la pol\u00edtica de guerra, se encuentra la <a href=\"https:\/\/www.pressenza.com\/it\/2019\/04\/da-sigonella-in-poi-le-nuove-guerre\/\">base militar de Sigonella<\/a> en Sicilia, desde donde despegan los combatientes de guerra utilizados en los distintos conflictos, y los <a href=\"https:\/\/www.pressenza.com\/it\/2019\/12\/droni-ags-a-sigonella-il-regalo-di-natale-della-nato-ai-siciliani\/\">drones controlados a distancia<\/a>, el mismo que se utiliz\u00f3 para el bombardeo de los \u00faltimos d\u00edas para matar al general iran\u00ed Soleimani.<\/p>\n<p>Tambi\u00e9n en Sicilia, en Niscemi, desde 2014 ha surgido uno de los centros de transmisi\u00f3n del <a href=\"https:\/\/www.pressenza.com\/it\/2019\/05\/la-sicilia-capitale-mondiale-delle-telecomunicazioni-militari-usa\/\">MUOS<\/a> (Mobile User Objective System): un sistema de comunicaciones militares por sat\u00e9lite de alta frecuencia (UHF) y banda estrecha (hasta 64 kbit\/s), utilizado directamente por el Departamento de Defensa de los Estados Unidos. El MUOS es un sistema compuesto por cuatro sat\u00e9lites (m\u00e1s un sat\u00e9lite de reserva) y cuatro estaciones terrestres, una de las cuales es Niscemi. El MUOS integra las comunicaciones b\u00e9licas de las fuerzas navales, a\u00e9reas y terrestres que se desplazan en cualquier parte del mundo, y por ello, en estos d\u00edas est\u00e1 directamente involucrado en la transmisi\u00f3n y control operativo de varias operaciones b\u00e9licas en Medio Oriente.<\/p>\n<p>Tambi\u00e9n en Italia tenemos ya unas 90 cabezas nucleares, varias de las cuales est\u00e1n estacionadas en la base militar de Aviano en el V\u00e9neto. Un potencial nuclear que ya es capaz de superar el <a href=\"https:\/\/www.pressenza.com\/it\/2015\/12\/le-300-hiroshima-della-nato\/\">poder destructivo de 300 Hiroshima<\/a>. Y as\u00ed, s\u00f3lo porque est\u00e1bamos en el aire de la Navidad, justo en los d\u00edas de Navidad nos enteramos de otro peque\u00f1o y bonito regalo, que est\u00e1 a punto de ser entregado a nosotros por nuestros amigos aliados en estrellas y rayas. <a href=\"https:\/\/www.fanpage.it\/attualita\/cinquanta-testate-nucleari-dalla-turchia-ad-aviano-e-polemica-in-italia\/\">50 bombas nucleares estadounidenses de Turqu\u00eda con destino a Italia.<\/a><\/p>\n<p>Cincuenta ojivas nucleares estrat\u00e9gicas listas para ser llevadas desde la base turca de Incirlik, en Anatolia, a la base de los EE.UU. en Aviano, en Friuli Venezia Giulia. Estados Unidos desconf\u00eda cada vez m\u00e1s de la lealtad del presidente turco Erdogan a la OTAN, por lo que recurre a la cada vez m\u00e1s leal Italia. Esta noticia nos fue reportada por Fanpage y luego reanudada por Ansa, el 30 de diciembre, 4 d\u00edas antes <a href=\"https:\/\/www.pressenza.com\/it\/2020\/01\/generale-iraniano-ucciso-da-un-drone-usa\/\">del bombardeo estadounidense que vio la matanza del general iran\u00ed Soleimani en Irak<\/a>. La fuente es el general retirado Chuck Wald de la Fuerza A\u00e9rea de los Estados Unidos, en una entrevista exclusiva concedida a la agencia Bloomberg.<\/p>\n<p>Todo esto ser\u00eda al menos \u00abdigno\u00bb de una <strong>pregunta parlamentaria urgente<\/strong>, para preguntar tanto al <strong>Gobierno<\/strong> como al <strong>Presidente de la Rep\u00fablica Sergio Mattarella<\/strong>, porque, aunque nuestra <strong>Constituci\u00f3n <\/strong>habla clara e inequ\u00edvocamente del <strong>repudio a la guerra<\/strong>, y el <strong>pueblo italiano<\/strong> ha expresado repetidamente su <strong>oposici\u00f3n al uso<\/strong> de la energ\u00eda nuclear, incluso en el \u00e1mbito civil, para que los <strong>Estados Unidos de Am\u00e9rica y la OTAN, sigan llenando el \u00abpatrio suelo\u00bb con dispositivos nucleares militares<\/strong>, y armas de todo tipo y clase, utilizadas en el conflicto de Medio Oriente. S\u00ed, son temas serios que nos deben explicar tanto la Presidencia de la Rep\u00fablica como el Gobierno, al menos abrir un debate en el<strong> Parlamento<\/strong>; un \u00f3rgano creado espec\u00edficamente para tratar y parlamentar al menos los aspectos m\u00e1s importantes que conciernen a nuestro pa\u00eds, a nuestras vidas, a nuestro futuro. M\u00e1s a\u00fan en el caso de un posible <strong>conflicto armado directo entre Estados Unidos e Ir\u00e1n<\/strong>. \u00bfNo es esto una flagrante violaci\u00f3n de los requisitos constitucionales? \u00bfY no es la \u00faltima orden de acci\u00f3n directa de <strong>Trump<\/strong> una total violaci\u00f3n del <a href=\"https:\/\/www.pressenza.com\/it\/2020\/01\/per-il-diritto-internazionale-lazione-di-trump-configurabile-come-atto-criminale-e-terrorista\/\">derecho internacional<\/a>, que fue destruida con un simple clic remoto a trav\u00e9s de la Web? Una redada en este \u00faltimo, que tambi\u00e9n ha sido juzgada como <strong>un crimen<\/strong> por el <strong>Alto Comisionado de las Naciones Unidas para los Derechos Humanos<\/strong>.<\/p>\n<p>Con la \u00faltima medida de las fuerzas armadas estadounidenses (la redada en la que mataron a Soleimani), se han <strong>burlado y pisoteado<\/strong> las instituciones internacionales para salvaguardar la paz, la cooperaci\u00f3n mundial y el respeto a las <strong>Cartas Universales y el Derecho<\/strong>.<\/p>\n<p>La palabra misma, y<strong> las garant\u00edas<\/strong> que el propio <strong>Trump<\/strong> hab\u00eda dado unos d\u00edas antes, al final del a\u00f1o, p\u00fablicamente, han sido canceladas, una por una. Incluso aquellos pa\u00edses europeos que han sido llamados \u00abaliados\u00bb durante m\u00e1s de 75 a\u00f1os han sido ultrajados, de hecho, puestos en rid\u00edculo, dejando claro que en t\u00e9rminos de toma de decisiones es como si ni siquiera existieran. Esto debe ser discutido en el Parlamento con car\u00e1cter de urgencia, a partir de hoy y en los d\u00edas venideros, porque esta es la funci\u00f3n para la que se cre\u00f3 el \u00f3rgano parlamentario.<\/p>\n<p>O todo ya lo ha decidido el Sr. Trump, quiz\u00e1s con un bonito <strong>tweet<\/strong>, como est\u00e1 tan de moda hoy en d\u00eda en el exclusivo \u00abclub\u00bb de los \u00abgrandes estadistas\u00bb, aquellos que con un solo <strong>clic en su smartphone <\/strong>deciden sobre la <strong>vida de miles, quiz\u00e1s millones de personas<\/strong>. Incluyendo tambi\u00e9n nuestro destino, el de un pa\u00eds que, a pesar de estar fundado en el repudio absoluto de la guerra, debe vernos obligados como naci\u00f3n, a estar al frente de un conflicto creciente.<\/p>\n<p>Todo esto, parece, est\u00e1 sucediendo hasta ahora,<strong> sin siquiera tener la oportunidad de pronunciarse dentro de la instituci\u00f3n de nuestro Parlamento<\/strong>, que, dado el aire tan pesado que est\u00e1 tirando, tendr\u00eda al menos la funci\u00f3n de <strong>discutir la dram\u00e1tica condici\u00f3n en la que Italia, como pa\u00eds, viene a visitarnos<\/strong>; de las grav\u00edsimas implicaciones que implica en este momento ser m\u00e1s que aliados, de hecho <strong>c\u00f3mplices de una tercera naci\u00f3n que est\u00e1 operando fuera de cualquier criterio de Derecho Internacional<\/strong>, y tambi\u00e9n fuera de cualquier mandato de las Naciones Unidas. Dentro de esto, tambi\u00e9n existe la <strong>absoluta necesidad de discutir<\/strong> c\u00f3mo, en este momento, nuestro suelo est\u00e1 siendo <strong>el cuartel general operativo de las operaciones de guerra reales, sin que nuestro Estado pueda ejercer m\u00e1s alguna forma de toma de decisiones sobre lo que se est\u00e1 haciendo en nuestro propio territorio<\/strong>.\u00a0 Al hablar de esto, debemos se\u00f1alar que, en este momento, nuestro papel, m\u00e1s que el de aliados, nos ve <strong>en parte como c\u00f3mplices, en parte ocupados militarmente<\/strong> por una tercera naci\u00f3n que parece estar prepar\u00e1ndose para ir a la guerra, ya no por poder, sino dentro de un conflicto armado dirigido contra otros estados.<\/p>\n<p>Todo esto es lo que es absolutamente urgente debatir en el Parlamento, y al menos estar informado de los grav\u00edsimos hechos y de las cuestiones vitales que ponen en grave peligro nuestro Estado y la vida de 60 millones de ciudadanos.<\/p>\n<p>Esto se hace a\u00fan m\u00e1s urgente a la luz de la <a href=\"https:\/\/www.pressenza.com\/it\/2020\/01\/antonio-mazzeo-litalia-e-uno-snodo-chiave-per-le-operazioni-militari-usa\/\">intensa guerra y los movimientos militares<\/a> que est\u00e1n afectando a nuestro territorio en este momento. Por eso, estamos esperando que uno de nuestros m\u00e1s altos \u00f3rganos institucionales, refiri\u00e9ndose al <strong>Presidente de la Rep\u00fablica, Jefe de las Fuerzas Armadas<\/strong>, y al <strong>Gobierno<\/strong>, el primer y m\u00e1s importante \u00f3rgano de decisi\u00f3n llamado a deliberar y decidir sobre temas de vital importancia para el pa\u00eds, tenga la bondad de informarnos lo que est\u00e1 sucediendo, y cu\u00e1les son nuestras intenciones como naci\u00f3n que repudia la guerra, dentro de un escenario que nos ve fuertemente <strong>involucrados en un estado de preguerra<\/strong>. Mientras tanto, perd\u00f3nennos finalmente <strong>los<\/strong> <strong>se\u00f1ores diputados<\/strong>, si entre las peticiones leg\u00edtimas que se han hecho, podemos al menos esperar que, entre una demanda televisiva sobre los invitados del pr\u00f3ximo Festival de Sanremo, y un chisme sobre cu\u00e1l es la pr\u00f3xima llama de Salvini, Podr\u00eda haber en este pa\u00eds nuestro al menos alg\u00fan componente parlamentario que se tome la molestia y el compromiso de poder mover una <strong>pregunta parlamentaria de m\u00e1xima urgencia<\/strong> sobre los peligrosos <strong>escenarios de guerra<\/strong> que se perfilan en el horizonte de <strong>nuestro pa\u00eds<\/strong>, y que, no queremos si se lo recordamos, <strong>nos conciernen a todos y a nuestras vidas<\/strong> realmente muy de cerca.<\/p>\n<hr \/>\n<p><em>Traducido del italiano por Estefany Zaldumbide<\/em><\/p>\n","protected":false},"excerpt":{"rendered":"<p>Siempre he cre\u00eddo que la Constituci\u00f3n italiana era una de las m\u00e1s bellas del mundo, pero creo que hemos recorrido un largo camino en cuanto a su aplicaci\u00f3n. Esto queda demostrado, al menos seg\u00fan los recientes acontecimientos en el Medio&hellip;<\/p>\n","protected":false},"author":980,"featured_media":1007136,"comment_status":"closed","ping_status":"closed","sticky":false,"template":"","format":"standard","meta":{"footnotes":""},"categories":[76,11389,66,71,74],"tags":[69317,69313,69318,69314,16766,69316,10793,953,1303,21363,69315,1697,3672,649,679,924,56304,15775,69319,69320,54019,69321],"class_list":["post-1009199","post","type-post","status-publish","format-standard","has-post-thumbnail","hentry","category-relaciones-exteriores","category-contenido-original","category-europa-es","category-medio-oriente-es","category-politica-es","tag-aviano-es","tag-bases-militares-de-ee-uu-y-la-otan","tag-camp-darby-es","tag-conflicto-en-el-medio-oriente","tag-ee-uu","tag-estado-de-guerra","tag-estados-unidos-de-norteamerica","tag-europa-es-2","tag-fuerzas-armadas","tag-gobierno","tag-interrogatorio-parlamentario-urgente","tag-iran-es","tag-italia-es","tag-naciones-unidas","tag-onu-es","tag-otan","tag-parlamento-es","tag-presidente-de-la-republica","tag-sigonella-es","tag-soleimani-es","tag-trump-es","tag-usaf-es"],"yoast_head":"<!-- This site is optimized with the Yoast SEO plugin v27.1.1 - https:\/\/yoast.com\/product\/yoast-seo-wordpress\/ -->\n<title>El rol de Italia en caso de guerra<\/title>\n<meta name=\"description\" content=\"Siempre he cre\u00eddo que la Constituci\u00f3n italiana era una de las m\u00e1s bellas del mundo, pero creo que hemos recorrido un largo camino en cuanto a su\" \/>\n<meta name=\"robots\" content=\"index, follow, max-snippet:-1, max-image-preview:large, max-video-preview:-1\" \/>\n<link rel=\"canonical\" href=\"https:\/\/www.pressenza.com\/es\/2020\/01\/el-rol-de-italia-en-caso-de-guerra\/\" \/>\n<meta property=\"og:locale\" content=\"es_ES\" \/>\n<meta property=\"og:type\" content=\"article\" \/>\n<meta property=\"og:title\" content=\"El rol de Italia en caso de guerra\" \/>\n<meta property=\"og:description\" content=\"Siempre he cre\u00eddo que la Constituci\u00f3n italiana era una de las m\u00e1s bellas del mundo, pero creo que hemos recorrido un largo camino en cuanto a su\" \/>\n<meta property=\"og:url\" content=\"https:\/\/www.pressenza.com\/es\/2020\/01\/el-rol-de-italia-en-caso-de-guerra\/\" \/>\n<meta property=\"og:site_name\" content=\"Pressenza\" \/>\n<meta property=\"article:publisher\" content=\"https:\/\/www.facebook.com\/PressenzaItalia\" \/>\n<meta property=\"article:author\" content=\"https:\/\/www.facebook.com\/valdarno.sostenibile\" \/>\n<meta property=\"article:published_time\" content=\"2020-01-10T23:20:36+00:00\" \/>\n<meta property=\"og:image\" content=\"https:\/\/www.pressenza.com\/wp-content\/uploads\/2020\/01\/Nato-per-uccidere.jpg\" \/>\n\t<meta property=\"og:image:width\" content=\"1200\" \/>\n\t<meta property=\"og:image:height\" content=\"800\" \/>\n\t<meta property=\"og:image:type\" content=\"image\/jpeg\" \/>\n<meta name=\"author\" content=\"Luca Cellini\" \/>\n<meta name=\"twitter:card\" content=\"summary_large_image\" \/>\n<meta name=\"twitter:creator\" content=\"@LucaCellini68\" \/>\n<meta name=\"twitter:site\" content=\"@PressenzaIPA\" \/>\n<meta name=\"twitter:label1\" content=\"Escrito por\" \/>\n\t<meta name=\"twitter:data1\" content=\"Luca Cellini\" \/>\n\t<meta name=\"twitter:label2\" content=\"Tiempo de lectura\" \/>\n\t<meta name=\"twitter:data2\" content=\"9 minutos\" \/>\n<script type=\"application\/ld+json\" class=\"yoast-schema-graph\">{\"@context\":\"https:\/\/schema.org\",\"@graph\":[{\"@type\":\"Article\",\"@id\":\"https:\/\/www.pressenza.com\/es\/2020\/01\/el-rol-de-italia-en-caso-de-guerra\/#article\",\"isPartOf\":{\"@id\":\"https:\/\/www.pressenza.com\/es\/2020\/01\/el-rol-de-italia-en-caso-de-guerra\/\"},\"author\":{\"name\":\"Luca Cellini\",\"@id\":\"https:\/\/www.pressenza.com\/es\/#\/schema\/person\/6f5bf686b3d94620dc918fd3afbd9180\"},\"headline\":\"El rol de Italia en caso de guerra\",\"datePublished\":\"2020-01-10T23:20:36+00:00\",\"mainEntityOfPage\":{\"@id\":\"https:\/\/www.pressenza.com\/es\/2020\/01\/el-rol-de-italia-en-caso-de-guerra\/\"},\"wordCount\":1772,\"publisher\":{\"@id\":\"https:\/\/www.pressenza.com\/es\/#organization\"},\"image\":{\"@id\":\"https:\/\/www.pressenza.com\/es\/2020\/01\/el-rol-de-italia-en-caso-de-guerra\/#primaryimage\"},\"thumbnailUrl\":\"https:\/\/www.pressenza.com\/wp-content\/uploads\/2020\/01\/Nato-per-uccidere.jpg\",\"keywords\":[\"Aviano\",\"bases militares de EE.UU. y la OTAN\",\"Camp Darby\",\"conflicto en el Medio Oriente\",\"EE.UU\",\"estado de guerra\",\"Estados Unidos de Norteam\u00e9rica\",\"Europa\",\"Fuerzas armadas\",\"gobierno\",\"Interrogatorio parlamentario urgente\",\"Ir\u00e1n\",\"Italia\",\"Naciones Unidas\",\"ONU\",\"OTAN\",\"parlamento\",\"Presidente de la Rep\u00fablica\",\"Sigonella\",\"Soleimani\",\"Trump\",\"Usaf\"],\"articleSection\":[\"Asuntos internacionales\",\"Contenido Original\",\"Europa\",\"Medio Oriente\",\"Pol\u00edtica\"],\"inLanguage\":\"es\"},{\"@type\":\"WebPage\",\"@id\":\"https:\/\/www.pressenza.com\/es\/2020\/01\/el-rol-de-italia-en-caso-de-guerra\/\",\"url\":\"https:\/\/www.pressenza.com\/es\/2020\/01\/el-rol-de-italia-en-caso-de-guerra\/\",\"name\":\"El rol de Italia en caso de guerra\",\"isPartOf\":{\"@id\":\"https:\/\/www.pressenza.com\/es\/#website\"},\"primaryImageOfPage\":{\"@id\":\"https:\/\/www.pressenza.com\/es\/2020\/01\/el-rol-de-italia-en-caso-de-guerra\/#primaryimage\"},\"image\":{\"@id\":\"https:\/\/www.pressenza.com\/es\/2020\/01\/el-rol-de-italia-en-caso-de-guerra\/#primaryimage\"},\"thumbnailUrl\":\"https:\/\/www.pressenza.com\/wp-content\/uploads\/2020\/01\/Nato-per-uccidere.jpg\",\"datePublished\":\"2020-01-10T23:20:36+00:00\",\"description\":\"Siempre he cre\u00eddo que la Constituci\u00f3n italiana era una de las m\u00e1s bellas del mundo, pero creo que hemos recorrido un largo camino en cuanto a su\",\"breadcrumb\":{\"@id\":\"https:\/\/www.pressenza.com\/es\/2020\/01\/el-rol-de-italia-en-caso-de-guerra\/#breadcrumb\"},\"inLanguage\":\"es\",\"potentialAction\":[{\"@type\":\"ReadAction\",\"target\":[\"https:\/\/www.pressenza.com\/es\/2020\/01\/el-rol-de-italia-en-caso-de-guerra\/\"]}]},{\"@type\":\"ImageObject\",\"inLanguage\":\"es\",\"@id\":\"https:\/\/www.pressenza.com\/es\/2020\/01\/el-rol-de-italia-en-caso-de-guerra\/#primaryimage\",\"url\":\"https:\/\/www.pressenza.com\/wp-content\/uploads\/2020\/01\/Nato-per-uccidere.jpg\",\"contentUrl\":\"https:\/\/www.pressenza.com\/wp-content\/uploads\/2020\/01\/Nato-per-uccidere.jpg\",\"width\":1200,\"height\":800,\"caption\":\"Nato per uccidere\"},{\"@type\":\"BreadcrumbList\",\"@id\":\"https:\/\/www.pressenza.com\/es\/2020\/01\/el-rol-de-italia-en-caso-de-guerra\/#breadcrumb\",\"itemListElement\":[{\"@type\":\"ListItem\",\"position\":1,\"name\":\"Accueil\",\"item\":\"https:\/\/www.pressenza.com\/es\/\"},{\"@type\":\"ListItem\",\"position\":2,\"name\":\"El rol de Italia en caso de guerra\"}]},{\"@type\":\"WebSite\",\"@id\":\"https:\/\/www.pressenza.com\/es\/#website\",\"url\":\"https:\/\/www.pressenza.com\/es\/\",\"name\":\"Pressenza\",\"description\":\"International Press Agency\",\"publisher\":{\"@id\":\"https:\/\/www.pressenza.com\/es\/#organization\"},\"potentialAction\":[{\"@type\":\"SearchAction\",\"target\":{\"@type\":\"EntryPoint\",\"urlTemplate\":\"https:\/\/www.pressenza.com\/es\/?s={search_term_string}\"},\"query-input\":{\"@type\":\"PropertyValueSpecification\",\"valueRequired\":true,\"valueName\":\"search_term_string\"}}],\"inLanguage\":\"es\"},{\"@type\":\"Organization\",\"@id\":\"https:\/\/www.pressenza.com\/es\/#organization\",\"name\":\"Pressenza\",\"url\":\"https:\/\/www.pressenza.com\/es\/\",\"logo\":{\"@type\":\"ImageObject\",\"inLanguage\":\"es\",\"@id\":\"https:\/\/www.pressenza.com\/es\/#\/schema\/logo\/image\/\",\"url\":\"https:\/\/www.pressenza.com\/wp-content\/uploads\/2022\/10\/pressenza_logo_200x200.jpg\",\"contentUrl\":\"https:\/\/www.pressenza.com\/wp-content\/uploads\/2022\/10\/pressenza_logo_200x200.jpg\",\"width\":200,\"height\":200,\"caption\":\"Pressenza\"},\"image\":{\"@id\":\"https:\/\/www.pressenza.com\/es\/#\/schema\/logo\/image\/\"},\"sameAs\":[\"https:\/\/www.facebook.com\/PressenzaItalia\",\"https:\/\/x.com\/PressenzaIPA\"]},{\"@type\":\"Person\",\"@id\":\"https:\/\/www.pressenza.com\/es\/#\/schema\/person\/6f5bf686b3d94620dc918fd3afbd9180\",\"name\":\"Luca Cellini\",\"description\":\"Luca Cellini has participated with the Humanist Party. He was a volunteer with the Conscientious Objectors Association and an activist with Greenpeace. He participated in the Mir Sada International Peace March, a nonviolent peace convoy during the Bosnian conflict in Mostar and Sarajevo, to try to stop the conflict. He participated in the Social Forum and in the World March for Peace and Nonviolence. He founded the Valdarno Sustainability Committee with which he promotes the formation of the Valdarno Valdsieve coordination network to stop the construction of landfills and incinerators. He is passionate for writing, interested in alternative information, economics, research in the field of energy, strategies to achieve zero waste, and ecology, topics for which he has held public meetings and seminars for high school students. He works as a designer for the industry sector. Currently he engaged as volunteer in the fight against child exploitation and again Human Trafficking. Editor and columnist for Pressenza.\",\"sameAs\":[\"https:\/\/valdarnosostenibile.wordpress.com\/\",\"https:\/\/www.facebook.com\/valdarno.sostenibile\",\"https:\/\/x.com\/LucaCellini68\"],\"url\":\"https:\/\/www.pressenza.com\/es\/author\/luca-cellini\/\"}]}<\/script>\n<!-- \/ Yoast SEO plugin. -->","yoast_head_json":{"title":"El rol de Italia en caso de guerra","description":"Siempre he cre\u00eddo que la Constituci\u00f3n italiana era una de las m\u00e1s bellas del mundo, pero creo que hemos recorrido un largo camino en cuanto a su","robots":{"index":"index","follow":"follow","max-snippet":"max-snippet:-1","max-image-preview":"max-image-preview:large","max-video-preview":"max-video-preview:-1"},"canonical":"https:\/\/www.pressenza.com\/es\/2020\/01\/el-rol-de-italia-en-caso-de-guerra\/","og_locale":"es_ES","og_type":"article","og_title":"El rol de Italia en caso de guerra","og_description":"Siempre he cre\u00eddo que la Constituci\u00f3n italiana era una de las m\u00e1s bellas del mundo, pero creo que hemos recorrido un largo camino en cuanto a su","og_url":"https:\/\/www.pressenza.com\/es\/2020\/01\/el-rol-de-italia-en-caso-de-guerra\/","og_site_name":"Pressenza","article_publisher":"https:\/\/www.facebook.com\/PressenzaItalia","article_author":"https:\/\/www.facebook.com\/valdarno.sostenibile","article_published_time":"2020-01-10T23:20:36+00:00","og_image":[{"width":1200,"height":800,"url":"https:\/\/www.pressenza.com\/wp-content\/uploads\/2020\/01\/Nato-per-uccidere.jpg","type":"image\/jpeg"}],"author":"Luca Cellini","twitter_card":"summary_large_image","twitter_creator":"@LucaCellini68","twitter_site":"@PressenzaIPA","twitter_misc":{"Escrito por":"Luca Cellini","Tiempo de lectura":"9 minutos"},"schema":{"@context":"https:\/\/schema.org","@graph":[{"@type":"Article","@id":"https:\/\/www.pressenza.com\/es\/2020\/01\/el-rol-de-italia-en-caso-de-guerra\/#article","isPartOf":{"@id":"https:\/\/www.pressenza.com\/es\/2020\/01\/el-rol-de-italia-en-caso-de-guerra\/"},"author":{"name":"Luca Cellini","@id":"https:\/\/www.pressenza.com\/es\/#\/schema\/person\/6f5bf686b3d94620dc918fd3afbd9180"},"headline":"El rol de Italia en caso de guerra","datePublished":"2020-01-10T23:20:36+00:00","mainEntityOfPage":{"@id":"https:\/\/www.pressenza.com\/es\/2020\/01\/el-rol-de-italia-en-caso-de-guerra\/"},"wordCount":1772,"publisher":{"@id":"https:\/\/www.pressenza.com\/es\/#organization"},"image":{"@id":"https:\/\/www.pressenza.com\/es\/2020\/01\/el-rol-de-italia-en-caso-de-guerra\/#primaryimage"},"thumbnailUrl":"https:\/\/www.pressenza.com\/wp-content\/uploads\/2020\/01\/Nato-per-uccidere.jpg","keywords":["Aviano","bases militares de EE.UU. y la OTAN","Camp Darby","conflicto en el Medio Oriente","EE.UU","estado de guerra","Estados Unidos de Norteam\u00e9rica","Europa","Fuerzas armadas","gobierno","Interrogatorio parlamentario urgente","Ir\u00e1n","Italia","Naciones Unidas","ONU","OTAN","parlamento","Presidente de la Rep\u00fablica","Sigonella","Soleimani","Trump","Usaf"],"articleSection":["Asuntos internacionales","Contenido Original","Europa","Medio Oriente","Pol\u00edtica"],"inLanguage":"es"},{"@type":"WebPage","@id":"https:\/\/www.pressenza.com\/es\/2020\/01\/el-rol-de-italia-en-caso-de-guerra\/","url":"https:\/\/www.pressenza.com\/es\/2020\/01\/el-rol-de-italia-en-caso-de-guerra\/","name":"El rol de Italia en caso de guerra","isPartOf":{"@id":"https:\/\/www.pressenza.com\/es\/#website"},"primaryImageOfPage":{"@id":"https:\/\/www.pressenza.com\/es\/2020\/01\/el-rol-de-italia-en-caso-de-guerra\/#primaryimage"},"image":{"@id":"https:\/\/www.pressenza.com\/es\/2020\/01\/el-rol-de-italia-en-caso-de-guerra\/#primaryimage"},"thumbnailUrl":"https:\/\/www.pressenza.com\/wp-content\/uploads\/2020\/01\/Nato-per-uccidere.jpg","datePublished":"2020-01-10T23:20:36+00:00","description":"Siempre he cre\u00eddo que la Constituci\u00f3n italiana era una de las m\u00e1s bellas del mundo, pero creo que hemos recorrido un largo camino en cuanto a su","breadcrumb":{"@id":"https:\/\/www.pressenza.com\/es\/2020\/01\/el-rol-de-italia-en-caso-de-guerra\/#breadcrumb"},"inLanguage":"es","potentialAction":[{"@type":"ReadAction","target":["https:\/\/www.pressenza.com\/es\/2020\/01\/el-rol-de-italia-en-caso-de-guerra\/"]}]},{"@type":"ImageObject","inLanguage":"es","@id":"https:\/\/www.pressenza.com\/es\/2020\/01\/el-rol-de-italia-en-caso-de-guerra\/#primaryimage","url":"https:\/\/www.pressenza.com\/wp-content\/uploads\/2020\/01\/Nato-per-uccidere.jpg","contentUrl":"https:\/\/www.pressenza.com\/wp-content\/uploads\/2020\/01\/Nato-per-uccidere.jpg","width":1200,"height":800,"caption":"Nato per uccidere"},{"@type":"BreadcrumbList","@id":"https:\/\/www.pressenza.com\/es\/2020\/01\/el-rol-de-italia-en-caso-de-guerra\/#breadcrumb","itemListElement":[{"@type":"ListItem","position":1,"name":"Accueil","item":"https:\/\/www.pressenza.com\/es\/"},{"@type":"ListItem","position":2,"name":"El rol de Italia en caso de guerra"}]},{"@type":"WebSite","@id":"https:\/\/www.pressenza.com\/es\/#website","url":"https:\/\/www.pressenza.com\/es\/","name":"Pressenza","description":"International Press Agency","publisher":{"@id":"https:\/\/www.pressenza.com\/es\/#organization"},"potentialAction":[{"@type":"SearchAction","target":{"@type":"EntryPoint","urlTemplate":"https:\/\/www.pressenza.com\/es\/?s={search_term_string}"},"query-input":{"@type":"PropertyValueSpecification","valueRequired":true,"valueName":"search_term_string"}}],"inLanguage":"es"},{"@type":"Organization","@id":"https:\/\/www.pressenza.com\/es\/#organization","name":"Pressenza","url":"https:\/\/www.pressenza.com\/es\/","logo":{"@type":"ImageObject","inLanguage":"es","@id":"https:\/\/www.pressenza.com\/es\/#\/schema\/logo\/image\/","url":"https:\/\/www.pressenza.com\/wp-content\/uploads\/2022\/10\/pressenza_logo_200x200.jpg","contentUrl":"https:\/\/www.pressenza.com\/wp-content\/uploads\/2022\/10\/pressenza_logo_200x200.jpg","width":200,"height":200,"caption":"Pressenza"},"image":{"@id":"https:\/\/www.pressenza.com\/es\/#\/schema\/logo\/image\/"},"sameAs":["https:\/\/www.facebook.com\/PressenzaItalia","https:\/\/x.com\/PressenzaIPA"]},{"@type":"Person","@id":"https:\/\/www.pressenza.com\/es\/#\/schema\/person\/6f5bf686b3d94620dc918fd3afbd9180","name":"Luca Cellini","description":"Luca Cellini has participated with the Humanist Party. He was a volunteer with the Conscientious Objectors Association and an activist with Greenpeace. He participated in the Mir Sada International Peace March, a nonviolent peace convoy during the Bosnian conflict in Mostar and Sarajevo, to try to stop the conflict. He participated in the Social Forum and in the World March for Peace and Nonviolence. He founded the Valdarno Sustainability Committee with which he promotes the formation of the Valdarno Valdsieve coordination network to stop the construction of landfills and incinerators. He is passionate for writing, interested in alternative information, economics, research in the field of energy, strategies to achieve zero waste, and ecology, topics for which he has held public meetings and seminars for high school students. He works as a designer for the industry sector. Currently he engaged as volunteer in the fight against child exploitation and again Human Trafficking. Editor and columnist for Pressenza.","sameAs":["https:\/\/valdarnosostenibile.wordpress.com\/","https:\/\/www.facebook.com\/valdarno.sostenibile","https:\/\/x.com\/LucaCellini68"],"url":"https:\/\/www.pressenza.com\/es\/author\/luca-cellini\/"}]}},"place":"","original_article_url":"","_links":{"self":[{"href":"https:\/\/www.pressenza.com\/es\/wp-json\/wp\/v2\/posts\/1009199","targetHints":{"allow":["GET"]}}],"collection":[{"href":"https:\/\/www.pressenza.com\/es\/wp-json\/wp\/v2\/posts"}],"about":[{"href":"https:\/\/www.pressenza.com\/es\/wp-json\/wp\/v2\/types\/post"}],"author":[{"embeddable":true,"href":"https:\/\/www.pressenza.com\/es\/wp-json\/wp\/v2\/users\/980"}],"replies":[{"embeddable":true,"href":"https:\/\/www.pressenza.com\/es\/wp-json\/wp\/v2\/comments?post=1009199"}],"version-history":[{"count":0,"href":"https:\/\/www.pressenza.com\/es\/wp-json\/wp\/v2\/posts\/1009199\/revisions"}],"wp:featuredmedia":[{"embeddable":true,"href":"https:\/\/www.pressenza.com\/es\/wp-json\/wp\/v2\/media\/1007136"}],"wp:attachment":[{"href":"https:\/\/www.pressenza.com\/es\/wp-json\/wp\/v2\/media?parent=1009199"}],"wp:term":[{"taxonomy":"category","embeddable":true,"href":"https:\/\/www.pressenza.com\/es\/wp-json\/wp\/v2\/categories?post=1009199"},{"taxonomy":"post_tag","embeddable":true,"href":"https:\/\/www.pressenza.com\/es\/wp-json\/wp\/v2\/tags?post=1009199"}],"curies":[{"name":"wp","href":"https:\/\/api.w.org\/{rel}","templated":true}]}}