{"id":1006735,"date":"2020-01-06T19:23:41","date_gmt":"2020-01-06T19:23:41","guid":{"rendered":"https:\/\/www.pressenza.com\/?p=1006735"},"modified":"2020-01-07T20:32:07","modified_gmt":"2020-01-07T20:32:07","slug":"la-divina-ultraderecha","status":"publish","type":"post","link":"https:\/\/www.pressenza.com\/es\/2020\/01\/la-divina-ultraderecha\/","title":{"rendered":"La divina ultraderecha"},"content":{"rendered":"<blockquote><p>Bajo la consigna de dominar a trav\u00e9s de la fe se consolidan las doctrinas de dise\u00f1o.<\/p><\/blockquote>\n<p style=\"text-align: left;\">A partir de la segunda mitad del siglo pasado se produjo un crecimiento repentino de los cultos protestantes y pentecostales en todos los pa\u00edses de Am\u00e9rica Latina; este fen\u00f3meno tuvo su origen en estrategias de dominio geopol\u00edtico establecidas por Estados Unidos como una forma de incidir en los movimientos sociales de nuestro continente y neutralizar \u2013en el marco de la Guerra Fr\u00eda- todo brote de subversi\u00f3n en los sectores m\u00e1s pobres. Con una novedosa estrategia mercadol\u00f3gica nunca antes vista, estas sectas lograron llegar a la poblaci\u00f3n por medio de programas de televisi\u00f3n, marchas, grandes concentraciones en sitios p\u00fablicos y una labor de zapa, casa por casa, para conquistar nuevos adeptos.<\/p>\n<p style=\"text-align: left;\">El terreno estaba abonado; la iglesia cat\u00f3lica -con su preeminencia indiscutible en las sociedades y gobiernos latinoamericanos- nunca se preocup\u00f3 gran cosa por defender y aumentar su influencia, dado que esta se consideraba garantizada. Por lo tanto, su actitud mon\u00e1rquica le jug\u00f3 la mala pasada y poco a poco su feligres\u00eda fue desgran\u00e1ndose para migrar hacia un culto m\u00e1s cercano a sus intereses y necesidades. Las estructuras elitistas del catolicismo conservador no pudieron evitar el auge de esta nueva ideolog\u00eda de la prosperidad cuya influencia fue creciendo a medida que aparec\u00edan por todos lados peque\u00f1os templos con una oferta m\u00e1s atractiva y cercana a los sectores populares.<\/p>\n<p style=\"text-align: left;\">Esta ideolog\u00eda representa uno de los instrumentos m\u00e1s audaces del sistema neoliberal para convencer al pueblo de la existencia de una relaci\u00f3n entre su comuni\u00f3n con Dios y los beneficios materiales, generalmente destinados a enriquecer a su pastor y, por tanto, a engrandecer a su iglesia. De ah\u00ed procede la idea de que la prosperidad debe provenir del esfuerzo personal y no de una adecuada redistribuci\u00f3n de la riqueza del pa\u00eds desde la administraci\u00f3n del Estado. Otro de los fundamentos de estos credos es el \u00e9nfasis en la negaci\u00f3n de toda forma de equidad: de g\u00e9nero, diversidad sexual, derechos sexuales y reproductivos, feminismo y todo cuanto signifique un desaf\u00edo a sus doctrinas ultra conservadoras.<\/p>\n<p style=\"text-align: left;\">Esta estrategia -exitosa y eminentemente territorial- es hoy una amenaza contra los derechos civiles en la mayor\u00eda de pa\u00edses latinoamericanos, en donde se puede observar la infiltraci\u00f3n de estas sectas en la pol\u00edtica, hasta el extremo de determinar el rumbo de las decisiones que afectan a la ciudadan\u00eda en su conjunto; en cuenta, los derechos a la libertad de culto y la naturaleza laica de los Estados, establecidos en los textos constitucionales. La manipulaci\u00f3n de la fe \u2013fen\u00f3meno facilitado por la restricci\u00f3n del acceso de los pueblos a una educaci\u00f3n de calidad- es una de las formas m\u00e1s nefastas de neutralizar su participaci\u00f3n consciente y anal\u00edtica en los eventos pol\u00edticos m\u00e1s decisivos de su pa\u00eds y ejercer as\u00ed una ciudadan\u00eda consciente y responsable.<\/p>\n<p style=\"text-align: left;\">Los sectores de extrema derecha, cuyo pensamiento siempre ha estado enfocado en obtener los mayores beneficios posible de un sistema depredador, injusto e individualista, se han subido a esta plataforma haciendo gala de una falsa religiosidad, por medio de la cual influyen en procesos electorales y en una labor legislativa cuyo prop\u00f3sito es ir eliminando espacios de participaci\u00f3n de las grandes mayor\u00edas. Esto, con el fin de consolidar el sistema pol\u00edtico-econ\u00f3mico establecido desde hace d\u00e9cadas por Estados Unidos para los pa\u00edses de su patio trasero. Esos espect\u00e1culos de oraci\u00f3n en los despachos de empresarios y gobernantes corruptos, rastreros y codiciosos, tan comunes en estos tiempos, constituyen la peor de las ofensas.<\/p>\n<p>&nbsp;<\/p>\n<p>www.carolinavasquezaraya.com<\/p>\n<p>elquintopatio@gmail.com<\/p>\n","protected":false},"excerpt":{"rendered":"<p>Bajo la consigna de dominar a trav\u00e9s de la fe se consolidan las doctrinas de dise\u00f1o. A partir de la segunda mitad del siglo pasado se produjo un crecimiento repentino de los cultos protestantes y pentecostales en todos los pa\u00edses&hellip;<\/p>\n","protected":false},"author":1296,"featured_media":970852,"comment_status":"closed","ping_status":"closed","sticky":false,"template":"","format":"standard","meta":{"footnotes":""},"categories":[76,11389,39,161],"tags":[15662,26288,42657,43342,69132,52440,20804],"class_list":["post-1006735","post","type-post","status-publish","format-standard","has-post-thumbnail","hentry","category-relaciones-exteriores","category-contenido-original","category-internacional","category-opiniones","tag-america-latina-es","tag-conservadurismo","tag-derechizacion","tag-iglesias-evangelicas","tag-patio-trasero-de-estados-unidos","tag-trabajo-territorial","tag-ultraderecha"],"yoast_head":"<!-- This site is optimized with the Yoast SEO plugin v27.1.1 - https:\/\/yoast.com\/product\/yoast-seo-wordpress\/ -->\n<title>La divina ultraderecha<\/title>\n<meta name=\"description\" content=\"Bajo la consigna de dominar a trav\u00e9s de la fe se consolidan las doctrinas de dise\u00f1o. A partir de la segunda mitad del siglo pasado se produjo un\" \/>\n<meta name=\"robots\" content=\"index, follow, max-snippet:-1, max-image-preview:large, max-video-preview:-1\" \/>\n<link rel=\"canonical\" href=\"https:\/\/www.pressenza.com\/es\/2020\/01\/la-divina-ultraderecha\/\" \/>\n<meta property=\"og:locale\" content=\"es_ES\" \/>\n<meta property=\"og:type\" content=\"article\" \/>\n<meta property=\"og:title\" content=\"La divina ultraderecha\" \/>\n<meta property=\"og:description\" content=\"Bajo la consigna de dominar a trav\u00e9s de la fe se consolidan las doctrinas de dise\u00f1o. A partir de la segunda mitad del siglo pasado se produjo un\" \/>\n<meta property=\"og:url\" content=\"https:\/\/www.pressenza.com\/es\/2020\/01\/la-divina-ultraderecha\/\" \/>\n<meta property=\"og:site_name\" content=\"Pressenza\" \/>\n<meta property=\"article:publisher\" content=\"https:\/\/www.facebook.com\/PressenzaItalia\" \/>\n<meta property=\"article:author\" content=\"https:\/\/www.facebook.com\/pages\/Carolina-V\u00e1squez-Araya\/241844515845237?fref=ts\" \/>\n<meta property=\"article:published_time\" content=\"2020-01-06T19:23:41+00:00\" \/>\n<meta property=\"article:modified_time\" content=\"2020-01-07T20:32:07+00:00\" \/>\n<meta property=\"og:image\" content=\"https:\/\/www.pressenza.com\/wp-content\/uploads\/2019\/11\/evangelismo-derecha-latinoam\u00e9rica.png\" \/>\n\t<meta property=\"og:image:width\" content=\"720\" \/>\n\t<meta property=\"og:image:height\" content=\"315\" \/>\n\t<meta property=\"og:image:type\" content=\"image\/png\" \/>\n<meta name=\"author\" content=\"Carolina V\u00e1squez Araya\" \/>\n<meta name=\"twitter:card\" content=\"summary_large_image\" \/>\n<meta name=\"twitter:creator\" content=\"@carvasar\" \/>\n<meta name=\"twitter:site\" content=\"@PressenzaIPA\" \/>\n<meta name=\"twitter:label1\" content=\"Escrito por\" \/>\n\t<meta name=\"twitter:data1\" content=\"Carolina V\u00e1squez Araya\" \/>\n\t<meta name=\"twitter:label2\" content=\"Tiempo de lectura\" \/>\n\t<meta name=\"twitter:data2\" content=\"3 minutos\" \/>\n<script type=\"application\/ld+json\" class=\"yoast-schema-graph\">{\"@context\":\"https:\/\/schema.org\",\"@graph\":[{\"@type\":\"Article\",\"@id\":\"https:\/\/www.pressenza.com\/es\/2020\/01\/la-divina-ultraderecha\/#article\",\"isPartOf\":{\"@id\":\"https:\/\/www.pressenza.com\/es\/2020\/01\/la-divina-ultraderecha\/\"},\"author\":{\"name\":\"Carolina V\u00e1squez Araya\",\"@id\":\"https:\/\/www.pressenza.com\/es\/#\/schema\/person\/6936ca3bb8dee618b5cdfd0e4427cdd6\"},\"headline\":\"La divina ultraderecha\",\"datePublished\":\"2020-01-06T19:23:41+00:00\",\"dateModified\":\"2020-01-07T20:32:07+00:00\",\"mainEntityOfPage\":{\"@id\":\"https:\/\/www.pressenza.com\/es\/2020\/01\/la-divina-ultraderecha\/\"},\"wordCount\":648,\"publisher\":{\"@id\":\"https:\/\/www.pressenza.com\/es\/#organization\"},\"image\":{\"@id\":\"https:\/\/www.pressenza.com\/es\/2020\/01\/la-divina-ultraderecha\/#primaryimage\"},\"thumbnailUrl\":\"https:\/\/www.pressenza.com\/wp-content\/uploads\/2019\/11\/evangelismo-derecha-latinoam\u00e9rica.png\",\"keywords\":[\"America Latina\",\"conservadurismo\",\"derechizaci\u00f3n\",\"iglesias evang\u00e9licas\",\"patio trasero de Estados Unidos\",\"trabajo territorial\",\"ultraderecha\"],\"articleSection\":[\"Asuntos internacionales\",\"Contenido Original\",\"Internacional\",\"Opiniones\"],\"inLanguage\":\"es\"},{\"@type\":\"WebPage\",\"@id\":\"https:\/\/www.pressenza.com\/es\/2020\/01\/la-divina-ultraderecha\/\",\"url\":\"https:\/\/www.pressenza.com\/es\/2020\/01\/la-divina-ultraderecha\/\",\"name\":\"La divina ultraderecha\",\"isPartOf\":{\"@id\":\"https:\/\/www.pressenza.com\/es\/#website\"},\"primaryImageOfPage\":{\"@id\":\"https:\/\/www.pressenza.com\/es\/2020\/01\/la-divina-ultraderecha\/#primaryimage\"},\"image\":{\"@id\":\"https:\/\/www.pressenza.com\/es\/2020\/01\/la-divina-ultraderecha\/#primaryimage\"},\"thumbnailUrl\":\"https:\/\/www.pressenza.com\/wp-content\/uploads\/2019\/11\/evangelismo-derecha-latinoam\u00e9rica.png\",\"datePublished\":\"2020-01-06T19:23:41+00:00\",\"dateModified\":\"2020-01-07T20:32:07+00:00\",\"description\":\"Bajo la consigna de dominar a trav\u00e9s de la fe se consolidan las doctrinas de dise\u00f1o. A partir de la segunda mitad del siglo pasado se produjo un\",\"breadcrumb\":{\"@id\":\"https:\/\/www.pressenza.com\/es\/2020\/01\/la-divina-ultraderecha\/#breadcrumb\"},\"inLanguage\":\"es\",\"potentialAction\":[{\"@type\":\"ReadAction\",\"target\":[\"https:\/\/www.pressenza.com\/es\/2020\/01\/la-divina-ultraderecha\/\"]}]},{\"@type\":\"ImageObject\",\"inLanguage\":\"es\",\"@id\":\"https:\/\/www.pressenza.com\/es\/2020\/01\/la-divina-ultraderecha\/#primaryimage\",\"url\":\"https:\/\/www.pressenza.com\/wp-content\/uploads\/2019\/11\/evangelismo-derecha-latinoam\u00e9rica.png\",\"contentUrl\":\"https:\/\/www.pressenza.com\/wp-content\/uploads\/2019\/11\/evangelismo-derecha-latinoam\u00e9rica.png\",\"width\":720,\"height\":315,\"caption\":\"evangelismo derecha latinoam\u00e9rica\"},{\"@type\":\"BreadcrumbList\",\"@id\":\"https:\/\/www.pressenza.com\/es\/2020\/01\/la-divina-ultraderecha\/#breadcrumb\",\"itemListElement\":[{\"@type\":\"ListItem\",\"position\":1,\"name\":\"Accueil\",\"item\":\"https:\/\/www.pressenza.com\/es\/\"},{\"@type\":\"ListItem\",\"position\":2,\"name\":\"La divina ultraderecha\"}]},{\"@type\":\"WebSite\",\"@id\":\"https:\/\/www.pressenza.com\/es\/#website\",\"url\":\"https:\/\/www.pressenza.com\/es\/\",\"name\":\"Pressenza\",\"description\":\"International Press Agency\",\"publisher\":{\"@id\":\"https:\/\/www.pressenza.com\/es\/#organization\"},\"potentialAction\":[{\"@type\":\"SearchAction\",\"target\":{\"@type\":\"EntryPoint\",\"urlTemplate\":\"https:\/\/www.pressenza.com\/es\/?s={search_term_string}\"},\"query-input\":{\"@type\":\"PropertyValueSpecification\",\"valueRequired\":true,\"valueName\":\"search_term_string\"}}],\"inLanguage\":\"es\"},{\"@type\":\"Organization\",\"@id\":\"https:\/\/www.pressenza.com\/es\/#organization\",\"name\":\"Pressenza\",\"url\":\"https:\/\/www.pressenza.com\/es\/\",\"logo\":{\"@type\":\"ImageObject\",\"inLanguage\":\"es\",\"@id\":\"https:\/\/www.pressenza.com\/es\/#\/schema\/logo\/image\/\",\"url\":\"https:\/\/www.pressenza.com\/wp-content\/uploads\/2022\/10\/pressenza_logo_200x200.jpg\",\"contentUrl\":\"https:\/\/www.pressenza.com\/wp-content\/uploads\/2022\/10\/pressenza_logo_200x200.jpg\",\"width\":200,\"height\":200,\"caption\":\"Pressenza\"},\"image\":{\"@id\":\"https:\/\/www.pressenza.com\/es\/#\/schema\/logo\/image\/\"},\"sameAs\":[\"https:\/\/www.facebook.com\/PressenzaItalia\",\"https:\/\/x.com\/PressenzaIPA\"]},{\"@type\":\"Person\",\"@id\":\"https:\/\/www.pressenza.com\/es\/#\/schema\/person\/6936ca3bb8dee618b5cdfd0e4427cdd6\",\"name\":\"Carolina V\u00e1squez Araya\",\"description\":\"Periodista y editora con m\u00e1s de 30 a\u00f1os de experiencia, cuyos logros profesionales en el desarrollo de proyectos de gran \u00e9xito avalan sus cualidades de liderazgo, creatividad y relaciones p\u00fablicas. Ha aportado sus conocimientos en proyectos de organizaciones con intereses orientados al desarrollo social, cultural y econ\u00f3mico del pa\u00eds, con especial \u00e9nfasis en el sector de cultura y educaci\u00f3n, emprendimiento, derechos humanos, justicia, ambiente, mujeres y ni\u00f1ez. Chilena en Guatemala. elquintopatio.wordpress.com\",\"sameAs\":[\"https:\/\/www.facebook.com\/pages\/Carolina-V\u00e1squez-Araya\/241844515845237?fref=ts\",\"https:\/\/x.com\/carvasar\"],\"url\":\"https:\/\/www.pressenza.com\/es\/author\/carolina-vasquez-araya\/\"}]}<\/script>\n<!-- \/ Yoast SEO plugin. -->","yoast_head_json":{"title":"La divina ultraderecha","description":"Bajo la consigna de dominar a trav\u00e9s de la fe se consolidan las doctrinas de dise\u00f1o. A partir de la segunda mitad del siglo pasado se produjo un","robots":{"index":"index","follow":"follow","max-snippet":"max-snippet:-1","max-image-preview":"max-image-preview:large","max-video-preview":"max-video-preview:-1"},"canonical":"https:\/\/www.pressenza.com\/es\/2020\/01\/la-divina-ultraderecha\/","og_locale":"es_ES","og_type":"article","og_title":"La divina ultraderecha","og_description":"Bajo la consigna de dominar a trav\u00e9s de la fe se consolidan las doctrinas de dise\u00f1o. A partir de la segunda mitad del siglo pasado se produjo un","og_url":"https:\/\/www.pressenza.com\/es\/2020\/01\/la-divina-ultraderecha\/","og_site_name":"Pressenza","article_publisher":"https:\/\/www.facebook.com\/PressenzaItalia","article_author":"https:\/\/www.facebook.com\/pages\/Carolina-V\u00e1squez-Araya\/241844515845237?fref=ts","article_published_time":"2020-01-06T19:23:41+00:00","article_modified_time":"2020-01-07T20:32:07+00:00","og_image":[{"width":720,"height":315,"url":"https:\/\/www.pressenza.com\/wp-content\/uploads\/2019\/11\/evangelismo-derecha-latinoam\u00e9rica.png","type":"image\/png"}],"author":"Carolina V\u00e1squez Araya","twitter_card":"summary_large_image","twitter_creator":"@carvasar","twitter_site":"@PressenzaIPA","twitter_misc":{"Escrito por":"Carolina V\u00e1squez Araya","Tiempo de lectura":"3 minutos"},"schema":{"@context":"https:\/\/schema.org","@graph":[{"@type":"Article","@id":"https:\/\/www.pressenza.com\/es\/2020\/01\/la-divina-ultraderecha\/#article","isPartOf":{"@id":"https:\/\/www.pressenza.com\/es\/2020\/01\/la-divina-ultraderecha\/"},"author":{"name":"Carolina V\u00e1squez Araya","@id":"https:\/\/www.pressenza.com\/es\/#\/schema\/person\/6936ca3bb8dee618b5cdfd0e4427cdd6"},"headline":"La divina ultraderecha","datePublished":"2020-01-06T19:23:41+00:00","dateModified":"2020-01-07T20:32:07+00:00","mainEntityOfPage":{"@id":"https:\/\/www.pressenza.com\/es\/2020\/01\/la-divina-ultraderecha\/"},"wordCount":648,"publisher":{"@id":"https:\/\/www.pressenza.com\/es\/#organization"},"image":{"@id":"https:\/\/www.pressenza.com\/es\/2020\/01\/la-divina-ultraderecha\/#primaryimage"},"thumbnailUrl":"https:\/\/www.pressenza.com\/wp-content\/uploads\/2019\/11\/evangelismo-derecha-latinoam\u00e9rica.png","keywords":["America Latina","conservadurismo","derechizaci\u00f3n","iglesias evang\u00e9licas","patio trasero de Estados Unidos","trabajo territorial","ultraderecha"],"articleSection":["Asuntos internacionales","Contenido Original","Internacional","Opiniones"],"inLanguage":"es"},{"@type":"WebPage","@id":"https:\/\/www.pressenza.com\/es\/2020\/01\/la-divina-ultraderecha\/","url":"https:\/\/www.pressenza.com\/es\/2020\/01\/la-divina-ultraderecha\/","name":"La divina ultraderecha","isPartOf":{"@id":"https:\/\/www.pressenza.com\/es\/#website"},"primaryImageOfPage":{"@id":"https:\/\/www.pressenza.com\/es\/2020\/01\/la-divina-ultraderecha\/#primaryimage"},"image":{"@id":"https:\/\/www.pressenza.com\/es\/2020\/01\/la-divina-ultraderecha\/#primaryimage"},"thumbnailUrl":"https:\/\/www.pressenza.com\/wp-content\/uploads\/2019\/11\/evangelismo-derecha-latinoam\u00e9rica.png","datePublished":"2020-01-06T19:23:41+00:00","dateModified":"2020-01-07T20:32:07+00:00","description":"Bajo la consigna de dominar a trav\u00e9s de la fe se consolidan las doctrinas de dise\u00f1o. A partir de la segunda mitad del siglo pasado se produjo un","breadcrumb":{"@id":"https:\/\/www.pressenza.com\/es\/2020\/01\/la-divina-ultraderecha\/#breadcrumb"},"inLanguage":"es","potentialAction":[{"@type":"ReadAction","target":["https:\/\/www.pressenza.com\/es\/2020\/01\/la-divina-ultraderecha\/"]}]},{"@type":"ImageObject","inLanguage":"es","@id":"https:\/\/www.pressenza.com\/es\/2020\/01\/la-divina-ultraderecha\/#primaryimage","url":"https:\/\/www.pressenza.com\/wp-content\/uploads\/2019\/11\/evangelismo-derecha-latinoam\u00e9rica.png","contentUrl":"https:\/\/www.pressenza.com\/wp-content\/uploads\/2019\/11\/evangelismo-derecha-latinoam\u00e9rica.png","width":720,"height":315,"caption":"evangelismo derecha latinoam\u00e9rica"},{"@type":"BreadcrumbList","@id":"https:\/\/www.pressenza.com\/es\/2020\/01\/la-divina-ultraderecha\/#breadcrumb","itemListElement":[{"@type":"ListItem","position":1,"name":"Accueil","item":"https:\/\/www.pressenza.com\/es\/"},{"@type":"ListItem","position":2,"name":"La divina ultraderecha"}]},{"@type":"WebSite","@id":"https:\/\/www.pressenza.com\/es\/#website","url":"https:\/\/www.pressenza.com\/es\/","name":"Pressenza","description":"International Press Agency","publisher":{"@id":"https:\/\/www.pressenza.com\/es\/#organization"},"potentialAction":[{"@type":"SearchAction","target":{"@type":"EntryPoint","urlTemplate":"https:\/\/www.pressenza.com\/es\/?s={search_term_string}"},"query-input":{"@type":"PropertyValueSpecification","valueRequired":true,"valueName":"search_term_string"}}],"inLanguage":"es"},{"@type":"Organization","@id":"https:\/\/www.pressenza.com\/es\/#organization","name":"Pressenza","url":"https:\/\/www.pressenza.com\/es\/","logo":{"@type":"ImageObject","inLanguage":"es","@id":"https:\/\/www.pressenza.com\/es\/#\/schema\/logo\/image\/","url":"https:\/\/www.pressenza.com\/wp-content\/uploads\/2022\/10\/pressenza_logo_200x200.jpg","contentUrl":"https:\/\/www.pressenza.com\/wp-content\/uploads\/2022\/10\/pressenza_logo_200x200.jpg","width":200,"height":200,"caption":"Pressenza"},"image":{"@id":"https:\/\/www.pressenza.com\/es\/#\/schema\/logo\/image\/"},"sameAs":["https:\/\/www.facebook.com\/PressenzaItalia","https:\/\/x.com\/PressenzaIPA"]},{"@type":"Person","@id":"https:\/\/www.pressenza.com\/es\/#\/schema\/person\/6936ca3bb8dee618b5cdfd0e4427cdd6","name":"Carolina V\u00e1squez Araya","description":"Periodista y editora con m\u00e1s de 30 a\u00f1os de experiencia, cuyos logros profesionales en el desarrollo de proyectos de gran \u00e9xito avalan sus cualidades de liderazgo, creatividad y relaciones p\u00fablicas. Ha aportado sus conocimientos en proyectos de organizaciones con intereses orientados al desarrollo social, cultural y econ\u00f3mico del pa\u00eds, con especial \u00e9nfasis en el sector de cultura y educaci\u00f3n, emprendimiento, derechos humanos, justicia, ambiente, mujeres y ni\u00f1ez. Chilena en Guatemala. elquintopatio.wordpress.com","sameAs":["https:\/\/www.facebook.com\/pages\/Carolina-V\u00e1squez-Araya\/241844515845237?fref=ts","https:\/\/x.com\/carvasar"],"url":"https:\/\/www.pressenza.com\/es\/author\/carolina-vasquez-araya\/"}]}},"place":"Guatemala","original_article_url":"","_links":{"self":[{"href":"https:\/\/www.pressenza.com\/es\/wp-json\/wp\/v2\/posts\/1006735","targetHints":{"allow":["GET"]}}],"collection":[{"href":"https:\/\/www.pressenza.com\/es\/wp-json\/wp\/v2\/posts"}],"about":[{"href":"https:\/\/www.pressenza.com\/es\/wp-json\/wp\/v2\/types\/post"}],"author":[{"embeddable":true,"href":"https:\/\/www.pressenza.com\/es\/wp-json\/wp\/v2\/users\/1296"}],"replies":[{"embeddable":true,"href":"https:\/\/www.pressenza.com\/es\/wp-json\/wp\/v2\/comments?post=1006735"}],"version-history":[{"count":0,"href":"https:\/\/www.pressenza.com\/es\/wp-json\/wp\/v2\/posts\/1006735\/revisions"}],"wp:featuredmedia":[{"embeddable":true,"href":"https:\/\/www.pressenza.com\/es\/wp-json\/wp\/v2\/media\/970852"}],"wp:attachment":[{"href":"https:\/\/www.pressenza.com\/es\/wp-json\/wp\/v2\/media?parent=1006735"}],"wp:term":[{"taxonomy":"category","embeddable":true,"href":"https:\/\/www.pressenza.com\/es\/wp-json\/wp\/v2\/categories?post=1006735"},{"taxonomy":"post_tag","embeddable":true,"href":"https:\/\/www.pressenza.com\/es\/wp-json\/wp\/v2\/tags?post=1006735"}],"curies":[{"name":"wp","href":"https:\/\/api.w.org\/{rel}","templated":true}]}}