{"id":1006606,"date":"2020-01-06T00:25:58","date_gmt":"2020-01-06T00:25:58","guid":{"rendered":"https:\/\/www.pressenza.com\/?p=1006606"},"modified":"2020-01-06T00:25:58","modified_gmt":"2020-01-06T00:25:58","slug":"hacia-un-gobierno-militar-en-ee-uu","status":"publish","type":"post","link":"https:\/\/www.pressenza.com\/es\/2020\/01\/hacia-un-gobierno-militar-en-ee-uu\/","title":{"rendered":"\u00bfHacia un gobierno militar en EE.UU.?"},"content":{"rendered":"<p>El \u201cescenario teleol\u00f3gico\u201d ser\u00eda aquel en el que \u201cla finalidad de los procesos creativos eran planeadas por modelos finitos que pod\u00edan intermodelar o simular varios futuros alternativos y en los que primaba la intenci\u00f3n, el prop\u00f3sito y la previsi\u00f3n, pero tras el triunfo de Donald Trump en las Presidenciales de EE.UU., asistiremos a la irrupci\u00f3n de un \u201cescenario teleon\u00f3mico\u201d en contraposici\u00f3n al llamado \u201cescenario teleol\u00f3gico\u201d vigente en la actual sociedad occidental y que vendr\u00e1 marcado por dosis extremas de volatilidad.<\/p>\n<p><strong>La paranoia autocr\u00e1tica<\/strong><strong>\u00a0de Donald Trump<\/strong><\/p>\n<p>La personalidad de Donald Trump encajar\u00eda plenamente en la descripci\u00f3n m\u00e9dica del trastorno conocido como psicosis paranoica, pues su pensamiento es r\u00edgido e incorregible: no tiene en cuenta las razones contrarias, s\u00f3lo recoge datos o signos que le confirmen el prejuicio para convertirlo en convicci\u00f3n, y aunque est\u00e9 aquejado de dicho trastorno delirante, este ser\u00eda bastante funcional sin mostrar comportamientos extra\u00f1os, excepto como resultado directo de una idea delirante (l\u00e9ase la construcci\u00f3n del Muro con M\u00e9xico).<\/p>\n<p>En el caso concreto de Trump, estar\u00edamos ante un caso t\u00edpico de paranoia megal\u00f3mana, delirio de grandeza que provoca que el individuo se crea dotado de un talento y un poder extraordinarios debido a que las deidades le han elegido para una alta misi\u00f3n (restaurar el White Power en una sociedad en la que la evoluci\u00f3n demogr\u00e1fica provocar\u00e1 que la poblaci\u00f3n blanca ser\u00e1 minoritaria en 2043). Otro rasgo de su personalidad ser\u00eda el histrionismo que le impele a \u201cllamar la atenci\u00f3n p\u00fablica y ser temerario en sus afirmaciones sin importarle la opini\u00f3n de los dem\u00e1s debido a su evidente falta de moralidad\u201d.<\/p>\n<p>La autocracia, del griego autos (por s\u00ed mismo) y kratos (poder o gobierno), ser\u00eda la forma de Gobierno ejercida por una sola persona con un poder absoluto e ilimitado, especie de par\u00e1sito end\u00f3geno de otros sistemas de gobierno (incluida la llamada democracia formal), que partiendo de la cris\u00e1lida de una propuesta partidista elegida mediante elecciones libres, llegado al poder se metamorfosea en l\u00edder presidencialista con claros tintes autocr\u00e1ticos (inflexible, centralista y autoritario). Los sistemas autocr\u00e1ticos (gobiernos de facto), ser\u00edan pues una especie de dictaduras invisibles sustentados en s\u00f3lidas estrategias de cohesi\u00f3n (manipulaci\u00f3n de masas)con s\u00edntomas evidentes de una deriva totalitaria, lo que corrobora la tesis de Lord Acton de que \u201cel Poder tiende a corromper y el poder absoluto, corrompe absolutamente\u201d.<\/p>\n<p><strong>\u00bfGobierno militar en EE.UU.?<\/strong><\/p>\n<p>Para evitar un segundo mandato de Trump, la Alianza Democracia (DA), megaorganizaci\u00f3n fundada por George Soros en el 2005, habr\u00eda dise\u00f1ado una estrategia que constar\u00eda en una primera fase de utilizar los\u00a0<em>mass media<\/em> de EEUU para inocular en la sociedad civil norteamericana las bondades del\u00a0repliegue de las fuerzas que EE.UU. tiene diseminadas por todo el mundo y destinar su costo a inversiones vitales en educaci\u00f3n, sanidad e infraestructura. As\u00ed, seg\u00fan recoge el portal ruso <strong><a href=\"http:\/\/sputniknews.com\/\" data-saferedirecturl=\"https:\/\/www.google.com\/url?q=http:\/\/sputniknews.com&amp;source=gmail&amp;ust=1578348810599000&amp;usg=AFQjCNHseXDFCuP0b3kG-5xNcBjxHOyEiQ\">sputniknews.com\u00a0<\/a><\/strong>citando al diario The Boston Globe , \u201cest\u00e1 prevista la pronta aparici\u00f3n del Instituto Quincy, <em>think tank<\/em> patrocinado por los multimillonarios George Soros y Charles Koch para terminar con las guerras sin fin de EE.UU. y cambiar su pol\u00edtica exterior\u201d, lo que se traducir\u00e1 en una dr\u00e1stica reducci\u00f3n en los presupuestos de defensa.<\/p>\n<p>Ello ser\u00eda un torpedo en la l\u00ednea de flotaci\u00f3n del poderoso complejo militar-industriar de EEUU que tras el aumento de\u00a0la presi\u00f3n del <em>lobby<\/em> pro-israel\u00ed de EE.UU. (AIPAC), habr\u00eda decidido proceder a la desestabilizaci\u00f3n de Ir\u00e1n por m\u00e9todos expeditivos (Operaci\u00f3n Persia) y cuyo primer movimiento ser\u00eda el asesinato en Bagdad del prestigioso general iran\u00ed, Qasem Soleimani.\u00a0En consecuencia, no ser\u00eda descartable la gestaci\u00f3n de una trama end\u00f3gena para impedir la reeleci\u00f3n de Trump en las Presidenciales del 2020 mediante m\u00e9todos expeditivos (l\u00e9ase Magnicidio), tras lo que asistiremos a escenarios de enfrentamiento civil que culminar\u00e1n con la implementaci\u00f3n de un Gobierno militar teledirigido por el verdadero poder en la sombra de EE.UU. (Cuarta rama del gobierno) y que supondr\u00e1 el final de la sui generis democracia estadounidense.<\/p>\n<p>&nbsp;<\/p>\n","protected":false},"excerpt":{"rendered":"<p>El \u201cescenario teleol\u00f3gico\u201d ser\u00eda aquel en el que \u201cla finalidad de los procesos creativos eran planeadas por modelos finitos que pod\u00edan intermodelar o simular varios futuros alternativos y en los que primaba la intenci\u00f3n, el prop\u00f3sito y la previsi\u00f3n, pero&hellip;<\/p>\n","protected":false},"author":1505,"featured_media":999192,"comment_status":"closed","ping_status":"closed","sticky":false,"template":"","format":"standard","meta":{"footnotes":""},"categories":[11389,39,68,161],"tags":[30526,60869,1697,69123,54019],"class_list":["post-1006606","post","type-post","status-publish","format-standard","has-post-thumbnail","hentry","category-contenido-original","category-internacional","category-norteamerica","category-opiniones","tag-complejo-militar-industrial","tag-george-soros-es","tag-iran-es","tag-qasem-soleimani-es","tag-trump-es"],"yoast_head":"<!-- This site is optimized with the Yoast SEO plugin v27.1.1 - https:\/\/yoast.com\/product\/yoast-seo-wordpress\/ -->\n<title>\u00bfHacia un gobierno militar en EE.UU.?<\/title>\n<meta name=\"description\" content=\"El \u201cescenario teleol\u00f3gico\u201d ser\u00eda aquel en el que \u201cla finalidad de los procesos creativos eran planeadas por modelos finitos que pod\u00edan intermodelar o\" \/>\n<meta name=\"robots\" content=\"index, follow, max-snippet:-1, max-image-preview:large, max-video-preview:-1\" \/>\n<link rel=\"canonical\" href=\"https:\/\/www.pressenza.com\/es\/2020\/01\/hacia-un-gobierno-militar-en-ee-uu\/\" \/>\n<meta property=\"og:locale\" content=\"es_ES\" \/>\n<meta property=\"og:type\" content=\"article\" \/>\n<meta property=\"og:title\" content=\"\u00bfHacia un gobierno militar en EE.UU.?\" \/>\n<meta property=\"og:description\" content=\"El \u201cescenario teleol\u00f3gico\u201d ser\u00eda aquel en el que \u201cla finalidad de los procesos creativos eran planeadas por modelos finitos que pod\u00edan intermodelar o\" \/>\n<meta property=\"og:url\" content=\"https:\/\/www.pressenza.com\/es\/2020\/01\/hacia-un-gobierno-militar-en-ee-uu\/\" \/>\n<meta property=\"og:site_name\" content=\"Pressenza\" \/>\n<meta property=\"article:publisher\" content=\"https:\/\/www.facebook.com\/PressenzaItalia\" \/>\n<meta property=\"article:published_time\" content=\"2020-01-06T00:25:58+00:00\" \/>\n<meta property=\"og:image\" content=\"https:\/\/www.pressenza.com\/wp-content\/uploads\/2019\/12\/Antes-de-Trump-a-C\u00e2mara-dos-Representantes-s\u00f3-havia-aprovado-o-impeachment-de-dois-presidentes-ao-longo-de-230-anos-de-hist\u00f3ria..jpg\" \/>\n\t<meta property=\"og:image:width\" content=\"940\" \/>\n\t<meta property=\"og:image:height\" content=\"529\" \/>\n\t<meta property=\"og:image:type\" content=\"image\/jpeg\" \/>\n<meta name=\"author\" content=\"Germ\u00e1n Gorraiz L\u00f3pez\" \/>\n<meta name=\"twitter:card\" content=\"summary_large_image\" \/>\n<meta name=\"twitter:creator\" content=\"@PressenzaIPA\" \/>\n<meta name=\"twitter:site\" content=\"@PressenzaIPA\" \/>\n<meta name=\"twitter:label1\" content=\"Escrito por\" \/>\n\t<meta name=\"twitter:data1\" content=\"Germ\u00e1n Gorraiz L\u00f3pez\" \/>\n\t<meta name=\"twitter:label2\" content=\"Tiempo de lectura\" \/>\n\t<meta name=\"twitter:data2\" content=\"4 minutos\" \/>\n<script type=\"application\/ld+json\" class=\"yoast-schema-graph\">{\"@context\":\"https:\/\/schema.org\",\"@graph\":[{\"@type\":\"Article\",\"@id\":\"https:\/\/www.pressenza.com\/es\/2020\/01\/hacia-un-gobierno-militar-en-ee-uu\/#article\",\"isPartOf\":{\"@id\":\"https:\/\/www.pressenza.com\/es\/2020\/01\/hacia-un-gobierno-militar-en-ee-uu\/\"},\"author\":{\"name\":\"Germ\u00e1n Gorraiz L\u00f3pez\",\"@id\":\"https:\/\/www.pressenza.com\/es\/#\/schema\/person\/57dba2cbf155df3e3656a436abe74b1b\"},\"headline\":\"\u00bfHacia un gobierno militar en EE.UU.?\",\"datePublished\":\"2020-01-06T00:25:58+00:00\",\"mainEntityOfPage\":{\"@id\":\"https:\/\/www.pressenza.com\/es\/2020\/01\/hacia-un-gobierno-militar-en-ee-uu\/\"},\"wordCount\":731,\"publisher\":{\"@id\":\"https:\/\/www.pressenza.com\/es\/#organization\"},\"image\":{\"@id\":\"https:\/\/www.pressenza.com\/es\/2020\/01\/hacia-un-gobierno-militar-en-ee-uu\/#primaryimage\"},\"thumbnailUrl\":\"https:\/\/www.pressenza.com\/wp-content\/uploads\/2019\/12\/Antes-de-Trump-a-C\u00e2mara-dos-Representantes-s\u00f3-havia-aprovado-o-impeachment-de-dois-presidentes-ao-longo-de-230-anos-de-hist\u00f3ria..jpg\",\"keywords\":[\"complejo militar-industrial\",\"George Soros\",\"Ir\u00e1n\",\"Qasem Soleimani\",\"Trump\"],\"articleSection\":[\"Contenido Original\",\"Internacional\",\"Norteam\u00e9rica\",\"Opiniones\"],\"inLanguage\":\"es\"},{\"@type\":\"WebPage\",\"@id\":\"https:\/\/www.pressenza.com\/es\/2020\/01\/hacia-un-gobierno-militar-en-ee-uu\/\",\"url\":\"https:\/\/www.pressenza.com\/es\/2020\/01\/hacia-un-gobierno-militar-en-ee-uu\/\",\"name\":\"\u00bfHacia un gobierno militar en EE.UU.?\",\"isPartOf\":{\"@id\":\"https:\/\/www.pressenza.com\/es\/#website\"},\"primaryImageOfPage\":{\"@id\":\"https:\/\/www.pressenza.com\/es\/2020\/01\/hacia-un-gobierno-militar-en-ee-uu\/#primaryimage\"},\"image\":{\"@id\":\"https:\/\/www.pressenza.com\/es\/2020\/01\/hacia-un-gobierno-militar-en-ee-uu\/#primaryimage\"},\"thumbnailUrl\":\"https:\/\/www.pressenza.com\/wp-content\/uploads\/2019\/12\/Antes-de-Trump-a-C\u00e2mara-dos-Representantes-s\u00f3-havia-aprovado-o-impeachment-de-dois-presidentes-ao-longo-de-230-anos-de-hist\u00f3ria..jpg\",\"datePublished\":\"2020-01-06T00:25:58+00:00\",\"description\":\"El \u201cescenario teleol\u00f3gico\u201d ser\u00eda aquel en el que \u201cla finalidad de los procesos creativos eran planeadas por modelos finitos que pod\u00edan intermodelar o\",\"breadcrumb\":{\"@id\":\"https:\/\/www.pressenza.com\/es\/2020\/01\/hacia-un-gobierno-militar-en-ee-uu\/#breadcrumb\"},\"inLanguage\":\"es\",\"potentialAction\":[{\"@type\":\"ReadAction\",\"target\":[\"https:\/\/www.pressenza.com\/es\/2020\/01\/hacia-un-gobierno-militar-en-ee-uu\/\"]}]},{\"@type\":\"ImageObject\",\"inLanguage\":\"es\",\"@id\":\"https:\/\/www.pressenza.com\/es\/2020\/01\/hacia-un-gobierno-militar-en-ee-uu\/#primaryimage\",\"url\":\"https:\/\/www.pressenza.com\/wp-content\/uploads\/2019\/12\/Antes-de-Trump-a-C\u00e2mara-dos-Representantes-s\u00f3-havia-aprovado-o-impeachment-de-dois-presidentes-ao-longo-de-230-anos-de-hist\u00f3ria..jpg\",\"contentUrl\":\"https:\/\/www.pressenza.com\/wp-content\/uploads\/2019\/12\/Antes-de-Trump-a-C\u00e2mara-dos-Representantes-s\u00f3-havia-aprovado-o-impeachment-de-dois-presidentes-ao-longo-de-230-anos-de-hist\u00f3ria..jpg\",\"width\":940,\"height\":529,\"caption\":\"Antes de Trump, a C\u00e2mara dos Representantes s\u00f3 havia aprovado o impeachment de dois presidentes ao longo de 230 anos de hist\u00f3ria.\"},{\"@type\":\"BreadcrumbList\",\"@id\":\"https:\/\/www.pressenza.com\/es\/2020\/01\/hacia-un-gobierno-militar-en-ee-uu\/#breadcrumb\",\"itemListElement\":[{\"@type\":\"ListItem\",\"position\":1,\"name\":\"Accueil\",\"item\":\"https:\/\/www.pressenza.com\/es\/\"},{\"@type\":\"ListItem\",\"position\":2,\"name\":\"\u00bfHacia un gobierno militar en EE.UU.?\"}]},{\"@type\":\"WebSite\",\"@id\":\"https:\/\/www.pressenza.com\/es\/#website\",\"url\":\"https:\/\/www.pressenza.com\/es\/\",\"name\":\"Pressenza\",\"description\":\"International Press Agency\",\"publisher\":{\"@id\":\"https:\/\/www.pressenza.com\/es\/#organization\"},\"potentialAction\":[{\"@type\":\"SearchAction\",\"target\":{\"@type\":\"EntryPoint\",\"urlTemplate\":\"https:\/\/www.pressenza.com\/es\/?s={search_term_string}\"},\"query-input\":{\"@type\":\"PropertyValueSpecification\",\"valueRequired\":true,\"valueName\":\"search_term_string\"}}],\"inLanguage\":\"es\"},{\"@type\":\"Organization\",\"@id\":\"https:\/\/www.pressenza.com\/es\/#organization\",\"name\":\"Pressenza\",\"url\":\"https:\/\/www.pressenza.com\/es\/\",\"logo\":{\"@type\":\"ImageObject\",\"inLanguage\":\"es\",\"@id\":\"https:\/\/www.pressenza.com\/es\/#\/schema\/logo\/image\/\",\"url\":\"https:\/\/www.pressenza.com\/wp-content\/uploads\/2022\/10\/pressenza_logo_200x200.jpg\",\"contentUrl\":\"https:\/\/www.pressenza.com\/wp-content\/uploads\/2022\/10\/pressenza_logo_200x200.jpg\",\"width\":200,\"height\":200,\"caption\":\"Pressenza\"},\"image\":{\"@id\":\"https:\/\/www.pressenza.com\/es\/#\/schema\/logo\/image\/\"},\"sameAs\":[\"https:\/\/www.facebook.com\/PressenzaItalia\",\"https:\/\/x.com\/PressenzaIPA\"]},{\"@type\":\"Person\",\"@id\":\"https:\/\/www.pressenza.com\/es\/#\/schema\/person\/57dba2cbf155df3e3656a436abe74b1b\",\"name\":\"Germ\u00e1n Gorraiz L\u00f3pez\",\"description\":\"Germ\u00e1n Gorraiz L\u00f3pez (Navarra-Espa\u00f1a, 1957). Analista econ\u00f3mico y geopol\u00edtico, colabora habitualmente en varias publicaciones digitales e impresas espa\u00f1olas y latinoamericanas.\",\"url\":\"https:\/\/www.pressenza.com\/es\/author\/german-gorraiz-lopez\/\"}]}<\/script>\n<!-- \/ Yoast SEO plugin. -->","yoast_head_json":{"title":"\u00bfHacia un gobierno militar en EE.UU.?","description":"El \u201cescenario teleol\u00f3gico\u201d ser\u00eda aquel en el que \u201cla finalidad de los procesos creativos eran planeadas por modelos finitos que pod\u00edan intermodelar o","robots":{"index":"index","follow":"follow","max-snippet":"max-snippet:-1","max-image-preview":"max-image-preview:large","max-video-preview":"max-video-preview:-1"},"canonical":"https:\/\/www.pressenza.com\/es\/2020\/01\/hacia-un-gobierno-militar-en-ee-uu\/","og_locale":"es_ES","og_type":"article","og_title":"\u00bfHacia un gobierno militar en EE.UU.?","og_description":"El \u201cescenario teleol\u00f3gico\u201d ser\u00eda aquel en el que \u201cla finalidad de los procesos creativos eran planeadas por modelos finitos que pod\u00edan intermodelar o","og_url":"https:\/\/www.pressenza.com\/es\/2020\/01\/hacia-un-gobierno-militar-en-ee-uu\/","og_site_name":"Pressenza","article_publisher":"https:\/\/www.facebook.com\/PressenzaItalia","article_published_time":"2020-01-06T00:25:58+00:00","og_image":[{"width":940,"height":529,"url":"https:\/\/www.pressenza.com\/wp-content\/uploads\/2019\/12\/Antes-de-Trump-a-C\u00e2mara-dos-Representantes-s\u00f3-havia-aprovado-o-impeachment-de-dois-presidentes-ao-longo-de-230-anos-de-hist\u00f3ria..jpg","type":"image\/jpeg"}],"author":"Germ\u00e1n Gorraiz L\u00f3pez","twitter_card":"summary_large_image","twitter_creator":"@PressenzaIPA","twitter_site":"@PressenzaIPA","twitter_misc":{"Escrito por":"Germ\u00e1n Gorraiz L\u00f3pez","Tiempo de lectura":"4 minutos"},"schema":{"@context":"https:\/\/schema.org","@graph":[{"@type":"Article","@id":"https:\/\/www.pressenza.com\/es\/2020\/01\/hacia-un-gobierno-militar-en-ee-uu\/#article","isPartOf":{"@id":"https:\/\/www.pressenza.com\/es\/2020\/01\/hacia-un-gobierno-militar-en-ee-uu\/"},"author":{"name":"Germ\u00e1n Gorraiz L\u00f3pez","@id":"https:\/\/www.pressenza.com\/es\/#\/schema\/person\/57dba2cbf155df3e3656a436abe74b1b"},"headline":"\u00bfHacia un gobierno militar en EE.UU.?","datePublished":"2020-01-06T00:25:58+00:00","mainEntityOfPage":{"@id":"https:\/\/www.pressenza.com\/es\/2020\/01\/hacia-un-gobierno-militar-en-ee-uu\/"},"wordCount":731,"publisher":{"@id":"https:\/\/www.pressenza.com\/es\/#organization"},"image":{"@id":"https:\/\/www.pressenza.com\/es\/2020\/01\/hacia-un-gobierno-militar-en-ee-uu\/#primaryimage"},"thumbnailUrl":"https:\/\/www.pressenza.com\/wp-content\/uploads\/2019\/12\/Antes-de-Trump-a-C\u00e2mara-dos-Representantes-s\u00f3-havia-aprovado-o-impeachment-de-dois-presidentes-ao-longo-de-230-anos-de-hist\u00f3ria..jpg","keywords":["complejo militar-industrial","George Soros","Ir\u00e1n","Qasem Soleimani","Trump"],"articleSection":["Contenido Original","Internacional","Norteam\u00e9rica","Opiniones"],"inLanguage":"es"},{"@type":"WebPage","@id":"https:\/\/www.pressenza.com\/es\/2020\/01\/hacia-un-gobierno-militar-en-ee-uu\/","url":"https:\/\/www.pressenza.com\/es\/2020\/01\/hacia-un-gobierno-militar-en-ee-uu\/","name":"\u00bfHacia un gobierno militar en EE.UU.?","isPartOf":{"@id":"https:\/\/www.pressenza.com\/es\/#website"},"primaryImageOfPage":{"@id":"https:\/\/www.pressenza.com\/es\/2020\/01\/hacia-un-gobierno-militar-en-ee-uu\/#primaryimage"},"image":{"@id":"https:\/\/www.pressenza.com\/es\/2020\/01\/hacia-un-gobierno-militar-en-ee-uu\/#primaryimage"},"thumbnailUrl":"https:\/\/www.pressenza.com\/wp-content\/uploads\/2019\/12\/Antes-de-Trump-a-C\u00e2mara-dos-Representantes-s\u00f3-havia-aprovado-o-impeachment-de-dois-presidentes-ao-longo-de-230-anos-de-hist\u00f3ria..jpg","datePublished":"2020-01-06T00:25:58+00:00","description":"El \u201cescenario teleol\u00f3gico\u201d ser\u00eda aquel en el que \u201cla finalidad de los procesos creativos eran planeadas por modelos finitos que pod\u00edan intermodelar o","breadcrumb":{"@id":"https:\/\/www.pressenza.com\/es\/2020\/01\/hacia-un-gobierno-militar-en-ee-uu\/#breadcrumb"},"inLanguage":"es","potentialAction":[{"@type":"ReadAction","target":["https:\/\/www.pressenza.com\/es\/2020\/01\/hacia-un-gobierno-militar-en-ee-uu\/"]}]},{"@type":"ImageObject","inLanguage":"es","@id":"https:\/\/www.pressenza.com\/es\/2020\/01\/hacia-un-gobierno-militar-en-ee-uu\/#primaryimage","url":"https:\/\/www.pressenza.com\/wp-content\/uploads\/2019\/12\/Antes-de-Trump-a-C\u00e2mara-dos-Representantes-s\u00f3-havia-aprovado-o-impeachment-de-dois-presidentes-ao-longo-de-230-anos-de-hist\u00f3ria..jpg","contentUrl":"https:\/\/www.pressenza.com\/wp-content\/uploads\/2019\/12\/Antes-de-Trump-a-C\u00e2mara-dos-Representantes-s\u00f3-havia-aprovado-o-impeachment-de-dois-presidentes-ao-longo-de-230-anos-de-hist\u00f3ria..jpg","width":940,"height":529,"caption":"Antes de Trump, a C\u00e2mara dos Representantes s\u00f3 havia aprovado o impeachment de dois presidentes ao longo de 230 anos de hist\u00f3ria."},{"@type":"BreadcrumbList","@id":"https:\/\/www.pressenza.com\/es\/2020\/01\/hacia-un-gobierno-militar-en-ee-uu\/#breadcrumb","itemListElement":[{"@type":"ListItem","position":1,"name":"Accueil","item":"https:\/\/www.pressenza.com\/es\/"},{"@type":"ListItem","position":2,"name":"\u00bfHacia un gobierno militar en EE.UU.?"}]},{"@type":"WebSite","@id":"https:\/\/www.pressenza.com\/es\/#website","url":"https:\/\/www.pressenza.com\/es\/","name":"Pressenza","description":"International Press Agency","publisher":{"@id":"https:\/\/www.pressenza.com\/es\/#organization"},"potentialAction":[{"@type":"SearchAction","target":{"@type":"EntryPoint","urlTemplate":"https:\/\/www.pressenza.com\/es\/?s={search_term_string}"},"query-input":{"@type":"PropertyValueSpecification","valueRequired":true,"valueName":"search_term_string"}}],"inLanguage":"es"},{"@type":"Organization","@id":"https:\/\/www.pressenza.com\/es\/#organization","name":"Pressenza","url":"https:\/\/www.pressenza.com\/es\/","logo":{"@type":"ImageObject","inLanguage":"es","@id":"https:\/\/www.pressenza.com\/es\/#\/schema\/logo\/image\/","url":"https:\/\/www.pressenza.com\/wp-content\/uploads\/2022\/10\/pressenza_logo_200x200.jpg","contentUrl":"https:\/\/www.pressenza.com\/wp-content\/uploads\/2022\/10\/pressenza_logo_200x200.jpg","width":200,"height":200,"caption":"Pressenza"},"image":{"@id":"https:\/\/www.pressenza.com\/es\/#\/schema\/logo\/image\/"},"sameAs":["https:\/\/www.facebook.com\/PressenzaItalia","https:\/\/x.com\/PressenzaIPA"]},{"@type":"Person","@id":"https:\/\/www.pressenza.com\/es\/#\/schema\/person\/57dba2cbf155df3e3656a436abe74b1b","name":"Germ\u00e1n Gorraiz L\u00f3pez","description":"Germ\u00e1n Gorraiz L\u00f3pez (Navarra-Espa\u00f1a, 1957). Analista econ\u00f3mico y geopol\u00edtico, colabora habitualmente en varias publicaciones digitales e impresas espa\u00f1olas y latinoamericanas.","url":"https:\/\/www.pressenza.com\/es\/author\/german-gorraiz-lopez\/"}]}},"place":"Espa\u00f1a","original_article_url":"","_links":{"self":[{"href":"https:\/\/www.pressenza.com\/es\/wp-json\/wp\/v2\/posts\/1006606","targetHints":{"allow":["GET"]}}],"collection":[{"href":"https:\/\/www.pressenza.com\/es\/wp-json\/wp\/v2\/posts"}],"about":[{"href":"https:\/\/www.pressenza.com\/es\/wp-json\/wp\/v2\/types\/post"}],"author":[{"embeddable":true,"href":"https:\/\/www.pressenza.com\/es\/wp-json\/wp\/v2\/users\/1505"}],"replies":[{"embeddable":true,"href":"https:\/\/www.pressenza.com\/es\/wp-json\/wp\/v2\/comments?post=1006606"}],"version-history":[{"count":0,"href":"https:\/\/www.pressenza.com\/es\/wp-json\/wp\/v2\/posts\/1006606\/revisions"}],"wp:featuredmedia":[{"embeddable":true,"href":"https:\/\/www.pressenza.com\/es\/wp-json\/wp\/v2\/media\/999192"}],"wp:attachment":[{"href":"https:\/\/www.pressenza.com\/es\/wp-json\/wp\/v2\/media?parent=1006606"}],"wp:term":[{"taxonomy":"category","embeddable":true,"href":"https:\/\/www.pressenza.com\/es\/wp-json\/wp\/v2\/categories?post=1006606"},{"taxonomy":"post_tag","embeddable":true,"href":"https:\/\/www.pressenza.com\/es\/wp-json\/wp\/v2\/tags?post=1006606"}],"curies":[{"name":"wp","href":"https:\/\/api.w.org\/{rel}","templated":true}]}}