{"id":1005818,"date":"2020-01-04T00:36:16","date_gmt":"2020-01-04T00:36:16","guid":{"rendered":"https:\/\/www.pressenza.com\/?p=1005818"},"modified":"2020-01-04T00:52:40","modified_gmt":"2020-01-04T00:52:40","slug":"convocan-movilizaciones-en-los-estados-unidos-para-oponerse-a-una-guerra-contra-iran","status":"publish","type":"post","link":"https:\/\/www.pressenza.com\/es\/2020\/01\/convocan-movilizaciones-en-los-estados-unidos-para-oponerse-a-una-guerra-contra-iran\/","title":{"rendered":"Convocan movilizaciones en los Estados Unidos para oponerse a una guerra contra Ir\u00e1n"},"content":{"rendered":"<h4>Como respuesta\u00a0 a la insensata orden de Trump de atacar Bagdad, que amenaza ser el inicio de una guerra con Ir\u00e1n, la Coalici\u00f3n ANSWER junto a otras organizaciones pacifistas llaman a toda la ciudadan\u00eda estadounidense a movilizarse este S\u00e1bado 4 de Enero en un D\u00eda Nacional de Acci\u00f3n.<\/h4>\n<p>La administraci\u00f3n Trump y el Pent\u00e1gono se han movilizado para iniciar una guerra con Ir\u00e1n asesinando a Qassem Soleimani, el principal l\u00edder militar de ese pa\u00eds.<\/p>\n<p>\u00abSi Ir\u00e1n asesinara abiertamente a un alto general estadounidense y se jactara de ello, no hay duda de que Estados Unidos iniciar\u00eda una guerra a gran escala. Trump y el Pent\u00e1gono han actuado ilegalmente, en violaci\u00f3n de la Constituci\u00f3n, la Ley de Poderes de Guerra y el derecho internacional\u00bb, declar\u00f3 Brian Becker, Coordinador Nacional de la Coalici\u00f3n ANSWER.<\/p>\n<p>El asesinato selectivo de un l\u00edder prominente de Ir\u00e1n est\u00e1 dise\u00f1ado para iniciar una nueva guerra. A menos que el pueblo de Estados Unidos se levante y la detenga, esta guerra engullir\u00e1 a toda la regi\u00f3n y podr\u00eda convertirse r\u00e1pidamente en un conflicto mundial de alcance impredecible y con las posibles consecuencias m\u00e1s graves.<\/p>\n<p>El alto mando del Pent\u00e1gono se jacta temerariamente de este asesinato ilegal y selectivo de la manera m\u00e1s burda y falsa. \u00abEste ataque ten\u00eda como objetivo disuadir los futuros planes de ataque iran\u00edes\u00bb, declararon los generales mentirosos. Saben que el objetivo del ataque es justo lo contrario. Quieren una guerra con Ir\u00e1n, un pa\u00eds de m\u00e1s de 80 millones de habitantes.<\/p>\n<p>Trump tambi\u00e9n la quiere porque cree que garantizar\u00e1 su reelecci\u00f3n en 2020.<br \/>\nPara todos los que creen en la paz, para todos los que se oponen a otra guerra catastr\u00f3fica, ahora es el momento de actuar. El s\u00e1bado 4 de enero en ciudades de todo el pa\u00eds habr\u00e1 protestas contra una nueva guerra en el Medio Oriente y se pedir\u00e1 el retiro de todas las tropas y bases estadounidenses en la regi\u00f3n.<\/p>\n<p>Entre los iniciadores de esta convocatoria figuran la Coalici\u00f3n ANSWER, CODEPINK, Popular Resistance, World Beyond War y muchas otras organizaciones antib\u00e9licas y de paz. Si quieres a\u00f1adir tu nombre como endosante haz clic <a href=\"https:\/\/www.answercoalition.org\/sign_on_to_the_national_day_of_action_us_troops_out_of_iraq?utm_campaign=iran_protest_1_4_19&amp;utm_medium=email&amp;utm_source=answercoalition\">aqu\u00ed<\/a>.<\/p>\n<h3>Las manifestaciones tendr\u00e1n lugar este S\u00e1bado 4 en las siguientes ciudades:<\/h3>\n<ul>\n<li><a tabindex=\"-1\" href=\"https:\/\/www.answercoalition.org\/r?u=27Ax0UmWOX2J8J_QwK9Z6nmUUukZrx1xgsPFq6NPPOVtKTHm3W1eWtDL80X-TfPyP2uBKH489ZJwsbVPR6yzfw&amp;e=321c894dc134e5812cb64569a650cdc1&amp;utm_source=answercoalition&amp;utm_medium=email&amp;utm_campaign=iran_protest_1_4_19&amp;n=4\" target=\"_blank\" rel=\"external nofollow noopener noreferrer\"><strong>The White House &#8211; Washington D.C.<\/strong><\/a><br \/>\n12noon at the White House<\/li>\n<li><strong><a tabindex=\"-1\" href=\"https:\/\/www.answercoalition.org\/r?u=27Ax0UmWOX2J8J_QwK9Z6nmUUukZrx1xgsPFq6NPPOWEtWPf3aQxw5XLu18STIn1x43D40FUs2kzcDA8LamuBw&amp;e=321c894dc134e5812cb64569a650cdc1&amp;utm_source=answercoalition&amp;utm_medium=email&amp;utm_campaign=iran_protest_1_4_19&amp;n=5\" target=\"_blank\" rel=\"external nofollow noopener noreferrer\">Chicago, IL<\/a><\/strong><br \/>\n12noon at Trump Tower<br \/>\nInitiated by ANSWER Chicago<\/li>\n<li><a tabindex=\"-1\" href=\"https:\/\/www.answercoalition.org\/r?u=27Ax0UmWOX2J8J_QwK9Z6nmUUukZrx1xgsPFq6NPPOVvUosRJEsgyEAAV9DjcYgwGo7liL8JpSOszqJN6nwBPA&amp;e=321c894dc134e5812cb64569a650cdc1&amp;utm_source=answercoalition&amp;utm_medium=email&amp;utm_campaign=iran_protest_1_4_19&amp;n=6\" target=\"_blank\" rel=\"external nofollow noopener noreferrer\"><strong>Los Angeles, CA <\/strong><\/a><br \/>\n1pm at Pershing Square<br \/>\nInitiated by ANSWER LAcl<\/li>\n<li><strong><a tabindex=\"-1\" href=\"https:\/\/www.answercoalition.org\/r?u=27Ax0UmWOX2J8J_QwK9Z6nmUUukZrx1xgsPFq6NPPOX9iu3nhUm0FlTpbqZfrUFCohh394Y9s4cuzcupmBomlg&amp;e=321c894dc134e5812cb64569a650cdc1&amp;utm_source=answercoalition&amp;utm_medium=email&amp;utm_campaign=iran_protest_1_4_19&amp;n=7\" target=\"_blank\" rel=\"external nofollow noopener noreferrer\">New York City, NY<\/a> <\/strong><br \/>\n11am at Time Square<br \/>\nInitiated by ANSWER New York<\/li>\n<li><strong><a tabindex=\"-1\" href=\"https:\/\/www.answercoalition.org\/r?u=27Ax0UmWOX2J8J_QwK9Z6nmUUukZrx1xgsPFq6NPPOWIrwwTETsqRtdCxwzax5F-PldkfdrmzkyVUQ-VxJPMHg&amp;e=321c894dc134e5812cb64569a650cdc1&amp;utm_source=answercoalition&amp;utm_medium=email&amp;utm_campaign=iran_protest_1_4_19&amp;n=8\" target=\"_blank\" rel=\"external nofollow noopener noreferrer\">San Francisco, CA<\/a> <\/strong><br \/>\n12noon at Powell and Market<br \/>\nInitiated by ANSWER San Francisco<\/li>\n<li><strong><a tabindex=\"-1\" href=\"https:\/\/www.answercoalition.org\/r?u=27Ax0UmWOX2J8J_QwK9Z6nmUUukZrx1xgsPFq6NPPOV9B1d-CP3SeXm4iuBWEEpHqEytn-D3tBgDl4VGoENq9A&amp;e=321c894dc134e5812cb64569a650cdc1&amp;utm_source=answercoalition&amp;utm_medium=email&amp;utm_campaign=iran_protest_1_4_19&amp;n=9\" target=\"_blank\" rel=\"external nofollow noopener noreferrer\">Miami, FL<\/a><\/strong><br \/>\n1pm at Torch of Friendship, 301 Biscayne Blvd<br \/>\nInitiated by CODEPINK<\/li>\n<li><strong><a tabindex=\"-1\" href=\"https:\/\/www.answercoalition.org\/r?u=27Ax0UmWOX2J8J_QwK9Z6nmUUukZrx1xgsPFq6NPPOUDolZSnwAaiHTlxloPdkra0mQWia8nd56jNj83iQS5cQ&amp;e=321c894dc134e5812cb64569a650cdc1&amp;utm_source=answercoalition&amp;utm_medium=email&amp;utm_campaign=iran_protest_1_4_19&amp;n=10\" target=\"_blank\" rel=\"external nofollow noopener noreferrer\">Albuquerque, NM<\/a> <\/strong><br \/>\n2pm at Kirtland Airforce Base, San Mateo and Gibson Blvd<br \/>\nInitiated by ANSWER New Mexico<\/li>\n<li><strong><a tabindex=\"-1\" href=\"https:\/\/www.answercoalition.org\/r?u=27Ax0UmWOX2J8J_QwK9Z6nmUUukZrx1xgsPFq6NPPOXVyQs4ghrokHTNQusKYOtSCUpMZmbmc6LJ0QDT3OeZoQ&amp;e=321c894dc134e5812cb64569a650cdc1&amp;utm_source=answercoalition&amp;utm_medium=email&amp;utm_campaign=iran_protest_1_4_19&amp;n=11\" target=\"_blank\" rel=\"external nofollow noopener noreferrer\">Arlington, MA<\/a> <\/strong><br \/>\n12noon at Broadway Plaza, Mass. Ave. and Medford St<br \/>\nInitiated by Arlington United for Justice with Peace (AUJP)<\/li>\n<li><strong><a tabindex=\"-1\" href=\"https:\/\/www.answercoalition.org\/r?u=27Ax0UmWOX2J8J_QwK9Z6nmUUukZrx1xgsPFq6NPPOUdmqwddzqioGf8n0VXdj_uQzFZuGpDgjLdyqFRhhd59g&amp;e=321c894dc134e5812cb64569a650cdc1&amp;utm_source=answercoalition&amp;utm_medium=email&amp;utm_campaign=iran_protest_1_4_19&amp;n=12\" target=\"_blank\" rel=\"external nofollow noopener noreferrer\">Seattle, WA<\/a> <\/strong><br \/>\n2pm at Westlake Park<br \/>\nInitiated by ANSWER Seattle<\/li>\n<li><a tabindex=\"-1\" href=\"https:\/\/www.answercoalition.org\/r?u=27Ax0UmWOX2J8J_QwK9Z6nmUUukZrx1xgsPFq6NPPOXgT-fdfCD56VlifI0wCaQEtARnLVZRiGBw-zunM5jrFw&amp;e=321c894dc134e5812cb64569a650cdc1&amp;utm_source=answercoalition&amp;utm_medium=email&amp;utm_campaign=iran_protest_1_4_19&amp;n=13\" target=\"_blank\" rel=\"external nofollow noopener noreferrer\"><strong>Minneapolis, MN<\/strong><\/a><br \/>\n1pm at Mayday Plaza<br \/>\nInitiated by Minnesota Peace Action Coalition<\/li>\n<li><a tabindex=\"-1\" href=\"https:\/\/www.answercoalition.org\/r?u=27Ax0UmWOX2J8J_QwK9Z6nmUUukZrx1xgsPFq6NPPOWMzeCL-OBvmYsSAXVvhQkpNdmSyKY6r9vpPnbt2i-C1A&amp;e=321c894dc134e5812cb64569a650cdc1&amp;utm_source=answercoalition&amp;utm_medium=email&amp;utm_campaign=iran_protest_1_4_19&amp;n=14\" target=\"_blank\" rel=\"external nofollow noopener noreferrer\"><strong>Atlanta, GA <\/strong><\/a><br \/>\n3pm at Little Five Points<br \/>\nInitiated by ANSWER Atlanta<\/li>\n<li><a tabindex=\"-1\" href=\"https:\/\/www.answercoalition.org\/r?u=27Ax0UmWOX2J8J_QwK9Z6nmUUukZrx1xgsPFq6NPPOWlfeZ-cJIS_8vqdpa9wRpI_7MlRMYFLSHukO_PD1X-wg&amp;e=321c894dc134e5812cb64569a650cdc1&amp;utm_source=answercoalition&amp;utm_medium=email&amp;utm_campaign=iran_protest_1_4_19&amp;n=15\" target=\"_blank\" rel=\"external nofollow noopener noreferrer\"><strong>New Haven, CT <\/strong><\/a><br \/>\n3pm Sunday, January 5 at Church &amp; Chapel Street<br \/>\nInitiated by ANSWER Connecticut<\/li>\n<li><strong><a tabindex=\"-1\" href=\"https:\/\/www.answercoalition.org\/r?u=27Ax0UmWOX2J8J_QwK9Z6nmUUukZrx1xgsPFq6NPPOVnZ7r7-3eILWfuXFAhvWfqXVRdDHepopY2xsUjsRO7vw&amp;e=321c894dc134e5812cb64569a650cdc1&amp;utm_source=answercoalition&amp;utm_medium=email&amp;utm_campaign=iran_protest_1_4_19&amp;n=16\" target=\"_blank\" rel=\"external nofollow noopener noreferrer\">Portland, Maine<\/a> <\/strong><br \/>\n12noon at Congress Square Park<br \/>\nInitiated by Peace Action Maine<\/li>\n<li><strong><a tabindex=\"-1\" href=\"https:\/\/www.answercoalition.org\/r?u=27Ax0UmWOX2J8J_QwK9Z6nmUUukZrx1xgsPFq6NPPOXcDupqIXzY1HtNoryPf6Qpj8WQiG6StZ3MjCR5YaCcDw&amp;e=321c894dc134e5812cb64569a650cdc1&amp;utm_source=answercoalition&amp;utm_medium=email&amp;utm_campaign=iran_protest_1_4_19&amp;n=17\" target=\"_blank\" rel=\"external nofollow noopener noreferrer\">Pittsburgh, PA<\/a> <\/strong><br \/>\n12noon at Schenley Plaza<br \/>\nInitiated by ANSWER Pittsburgh<\/li>\n<li><a tabindex=\"-1\" href=\"https:\/\/www.answercoalition.org\/r?u=27Ax0UmWOX2J8J_QwK9Z6nmUUukZrx1xgsPFq6NPPOUIGVHt2IZetmtSeEJcaacdsDXuCzPidENSASGEoaGiKA&amp;e=321c894dc134e5812cb64569a650cdc1&amp;utm_source=answercoalition&amp;utm_medium=email&amp;utm_campaign=iran_protest_1_4_19&amp;n=18\" target=\"_blank\" rel=\"external nofollow noopener noreferrer\"><strong>Denver, CO<\/strong><\/a><br \/>\n2pm at Colorado State Capital Building<br \/>\nInitiated by ANSWER Colorado<\/li>\n<li><a tabindex=\"-1\" href=\"https:\/\/www.answercoalition.org\/r?u=27Ax0UmWOX2J8J_QwK9Z6nmUUukZrx1xgsPFq6NPPOVGnuydXXWrI7RZMecr0rcFGJG5erEzwyvdq7y6gFN-Jg&amp;e=321c894dc134e5812cb64569a650cdc1&amp;utm_source=answercoalition&amp;utm_medium=email&amp;utm_campaign=iran_protest_1_4_19&amp;n=19\" target=\"_blank\" rel=\"external nofollow noopener noreferrer\"><strong>Boston, MA <\/strong><\/a><br \/>\n2pm at Park street MBTA station<\/li>\n<li><a tabindex=\"-1\" href=\"https:\/\/www.answercoalition.org\/r?u=27Ax0UmWOX2J8J_QwK9Z6nmUUukZrx1xgsPFq6NPPOVzgD0vwycpcubbg803JgaQ9PbXqQNGAWXLewtB3BKbIg&amp;e=321c894dc134e5812cb64569a650cdc1&amp;utm_source=answercoalition&amp;utm_medium=email&amp;utm_campaign=iran_protest_1_4_19&amp;n=20\" target=\"_blank\" rel=\"external nofollow noopener noreferrer\"><strong>Philadelphia, PA<\/strong><\/a><br \/>\n12noon at City Hall (15th and Market St.)<\/li>\n<li><strong>Columbia, SC<\/strong><br \/>\n12noon at the South Carolina State House<\/li>\n<li><a tabindex=\"-1\" href=\"https:\/\/www.answercoalition.org\/r?u=27Ax0UmWOX2J8J_QwK9Z6nmUUukZrx1xgsPFq6NPPOXGtkuWjVIfiPMIG6Bom_cL_tg6K_IA0YM4xL01dZY9IQ&amp;e=321c894dc134e5812cb64569a650cdc1&amp;utm_source=answercoalition&amp;utm_medium=email&amp;utm_campaign=iran_protest_1_4_19&amp;n=21\" target=\"_blank\" rel=\"external nofollow noopener noreferrer\"><strong>Lancaster, PA<\/strong><\/a><br \/>\n12noon at Lancaster County Prison<\/li>\n<li><strong><a tabindex=\"-1\" href=\"https:\/\/www.answercoalition.org\/r?u=fi8ohR5yafVpuvZ6s-I2th2ypjirNEYKPimD6ATQbm1-IVPb_fn3Y5Sgiam3Nyc-4nnd5nYaHs8i4Eb6VgWn2g&amp;e=321c894dc134e5812cb64569a650cdc1&amp;utm_source=answercoalition&amp;utm_medium=email&amp;utm_campaign=iran_protest_1_4_19&amp;n=22\" target=\"_blank\" rel=\"external nofollow noopener noreferrer\">Austin, TX<\/a> <\/strong><br \/>\n11am at Austin City Hall<\/li>\n<li><strong><a tabindex=\"-1\" href=\"https:\/\/www.answercoalition.org\/r?u=fi8ohR5yafVpuvZ6s-I2tn0y730CQ9GM2XiDOwUi7vEMPE0nVUosb_saNPory5Mr&amp;e=321c894dc134e5812cb64569a650cdc1&amp;utm_source=answercoalition&amp;utm_medium=email&amp;utm_campaign=iran_protest_1_4_19&amp;n=23\" target=\"_blank\" rel=\"external nofollow noopener noreferrer\">Boulder, CO<\/a><\/strong><br \/>\n11am at Broadway and Canyon<\/li>\n<li><a tabindex=\"-1\" href=\"https:\/\/www.answercoalition.org\/r?u=fi8ohR5yafVpuvZ6s-I2tn0y730CQ9GM2XiDOwUi7vH7uspYUFfplbsRWHijcPB7&amp;e=321c894dc134e5812cb64569a650cdc1&amp;utm_source=answercoalition&amp;utm_medium=email&amp;utm_campaign=iran_protest_1_4_19&amp;n=24\" target=\"_blank\" rel=\"external nofollow noopener noreferrer\"><strong>Birmingham AL<\/strong><\/a><br \/>\n5pm at Five Points South<\/li>\n<li><a tabindex=\"-1\" href=\"https:\/\/www.answercoalition.org\/r?u=fi8ohR5yafVpuvZ6s-I2tn0y730CQ9GM2XiDOwUi7vEP29OysNiGvQ0Nj_lvEwF2&amp;e=321c894dc134e5812cb64569a650cdc1&amp;utm_source=answercoalition&amp;utm_medium=email&amp;utm_campaign=iran_protest_1_4_19&amp;n=25\" target=\"_blank\" rel=\"external nofollow noopener noreferrer\"><strong>Cleveland, OH<\/strong><\/a><br \/>\n12noon at Market Square<\/li>\n<li><a tabindex=\"-1\" href=\"https:\/\/www.answercoalition.org\/r?u=fi8ohR5yafVpuvZ6s-I2tn0y730CQ9GM2XiDOwUi7vE4ta_6Ugjp6Zlo7rdSo0Mz&amp;e=321c894dc134e5812cb64569a650cdc1&amp;utm_source=answercoalition&amp;utm_medium=email&amp;utm_campaign=iran_protest_1_4_19&amp;n=26\" target=\"_blank\" rel=\"external nofollow noopener noreferrer\"><strong>El Paso, TX<\/strong><\/a><br \/>\n12noon Friday, January 3rd at the U.S. Federal Courthouse<\/li>\n<li><a tabindex=\"-1\" href=\"https:\/\/www.answercoalition.org\/r?u=fi8ohR5yafVpuvZ6s-I2tn0y730CQ9GM2XiDOwUi7vFi6P2Rz7mMwX9ctdxAc6A7&amp;e=321c894dc134e5812cb64569a650cdc1&amp;utm_source=answercoalition&amp;utm_medium=email&amp;utm_campaign=iran_protest_1_4_19&amp;n=27\" target=\"_blank\" rel=\"external nofollow noopener noreferrer\"><strong>Fort Wayne, IN<\/strong><\/a><br \/>\n2pm at Allen County Courthouse Green<\/li>\n<li><a tabindex=\"-1\" href=\"https:\/\/www.answercoalition.org\/r?u=27Ax0UmWOX2J8J_QwK9Z6nmUUukZrx1xgsPFq6NPPOXn3O06r-CCETDC19rObfifPM3L_mA-j1CogHGGFdzIWQ&amp;e=321c894dc134e5812cb64569a650cdc1&amp;utm_source=answercoalition&amp;utm_medium=email&amp;utm_campaign=iran_protest_1_4_19&amp;n=28\" target=\"_blank\" rel=\"external nofollow noopener noreferrer\"><strong>Ithaca, NY<\/strong><\/a><br \/>\n10am at Corner of Clinton and Meadow Streets by CVS<\/li>\n<li><a tabindex=\"-1\" href=\"https:\/\/www.answercoalition.org\/r?u=fi8ohR5yafVpuvZ6s-I2tn0y730CQ9GM2XiDOwUi7vFp3-RNPzIyUaxH7h4dIL5N&amp;e=321c894dc134e5812cb64569a650cdc1&amp;utm_source=answercoalition&amp;utm_medium=email&amp;utm_campaign=iran_protest_1_4_19&amp;n=29\" target=\"_blank\" rel=\"external nofollow noopener noreferrer\"><strong>Northampton, MA<\/strong><\/a><br \/>\n11am in front of the Courthouse on Main St<\/li>\n<li><strong><a tabindex=\"-1\" href=\"https:\/\/www.answercoalition.org\/r?u=27Ax0UmWOX2J8J_QwK9Z6nmUUukZrx1xgsPFq6NPPOUlyzKiMaEyaCcgVJ7ktOOKQCkSamEW6oEldN27NUabig&amp;e=321c894dc134e5812cb64569a650cdc1&amp;utm_source=answercoalition&amp;utm_medium=email&amp;utm_campaign=iran_protest_1_4_19&amp;n=30\" target=\"_blank\" rel=\"external nofollow noopener noreferrer\">San Antonio, TX<\/a> <\/strong><br \/>\n1pm Sunday, Jan. 5 at overpass on Walters and 35 (on way to Ft. Sam Houston)<\/li>\n<li><a tabindex=\"-1\" href=\"https:\/\/www.answercoalition.org\/r?u=fi8ohR5yafVpuvZ6s-I2tmJFRSWOQJD2iZcJRhciSbO2Qx-kuGS5PWFbarOK0V32psHgyLYxQcFatIELeTZTPg&amp;e=321c894dc134e5812cb64569a650cdc1&amp;utm_source=answercoalition&amp;utm_medium=email&amp;utm_campaign=iran_protest_1_4_19&amp;n=31\" target=\"_blank\" rel=\"external nofollow noopener noreferrer\"><strong>Santa Monica, CA<\/strong><\/a><br \/>\n2pm at Santa Monica Promenade<\/li>\n<li><a tabindex=\"-1\" href=\"https:\/\/www.answercoalition.org\/r?u=27Ax0UmWOX2J8J_QwK9Z6nmUUukZrx1xgsPFq6NPPOW5FACQnrZnCRHYtcawpa-ttOVlkdf6WR7hhaUpJpy1Mw&amp;e=321c894dc134e5812cb64569a650cdc1&amp;utm_source=answercoalition&amp;utm_medium=email&amp;utm_campaign=iran_protest_1_4_19&amp;n=32\" target=\"_blank\" rel=\"external nofollow noopener noreferrer\"><strong>Davis, CA<\/strong><\/a><br \/>\n11am at B and 5th Streets<\/li>\n<li><a tabindex=\"-1\" href=\"https:\/\/www.answercoalition.org\/r?u=fi8ohR5yafVpuvZ6s-I2tqH0TGf63O6DyKIia-07aQlV30RrjiM9_RaqjIJ8E9hnPksBTSN9812d3_JwjeHbNA&amp;e=321c894dc134e5812cb64569a650cdc1&amp;utm_source=answercoalition&amp;utm_medium=email&amp;utm_campaign=iran_protest_1_4_19&amp;n=33\" target=\"_blank\" rel=\"external nofollow noopener noreferrer\"><strong>State College, PA <\/strong><\/a><br \/>\n12noon at Allen St. Gates<\/li>\n<li><a tabindex=\"-1\" href=\"https:\/\/www.answercoalition.org\/r?u=27Ax0UmWOX2J8J_QwK9Z6nmUUukZrx1xgsPFq6NPPOX_pMqRFFF1kVYdURAiGMTWz5t-Gv7NhAXI0-kuOEZv0A&amp;e=321c894dc134e5812cb64569a650cdc1&amp;utm_source=answercoalition&amp;utm_medium=email&amp;utm_campaign=iran_protest_1_4_19&amp;n=34\" target=\"_blank\" rel=\"external nofollow noopener noreferrer\"><strong>Milwaukee, WI<\/strong><\/a><br \/>\n12noon at intersection of 27th &amp; Oklahoma<\/li>\n<li><strong><a tabindex=\"-1\" href=\"https:\/\/www.answercoalition.org\/r?u=27Ax0UmWOX2J8J_QwK9Z6nmUUukZrx1xgsPFq6NPPOUc98NWWP2dEfvE9Nms0ZkO&amp;e=321c894dc134e5812cb64569a650cdc1&amp;utm_source=answercoalition&amp;utm_medium=email&amp;utm_campaign=iran_protest_1_4_19&amp;n=35\" target=\"_blank\" rel=\"external nofollow noopener noreferrer\">Madison, WI<\/a> <\/strong><br \/>\n12noon at the State Capitol<\/li>\n<li><a tabindex=\"-1\" href=\"https:\/\/www.answercoalition.org\/r?u=27Ax0UmWOX2J8J_QwK9Z6nmUUukZrx1xgsPFq6NPPOUO6o00RfjJGOQcjWCIwoNhnUSehhPFGW4aTTigE99Rew&amp;e=321c894dc134e5812cb64569a650cdc1&amp;utm_source=answercoalition&amp;utm_medium=email&amp;utm_campaign=iran_protest_1_4_19&amp;n=36\" target=\"_blank\" rel=\"external nofollow noopener noreferrer\"><strong>Boise, ID<\/strong><\/a><br \/>\n5pm at Boise City Hall<\/li>\n<li><strong><a tabindex=\"-1\" href=\"https:\/\/www.answercoalition.org\/r?u=27Ax0UmWOX2J8J_QwK9Z6nmUUukZrx1xgsPFq6NPPOX5ZLFocxxmJI39N3AktxFJVRHr68u8rqCg0iV-xmJZNKx8NE7CwpKJhCgyje0oAVK5KiCwEuyVS6GJjBpXT0j0&amp;e=321c894dc134e5812cb64569a650cdc1&amp;utm_source=answercoalition&amp;utm_medium=email&amp;utm_campaign=iran_protest_1_4_19&amp;n=37\" target=\"_blank\" rel=\"external nofollow noopener noreferrer\">Las Vegas, NV<\/a> <\/strong><br \/>\n10am at Las Vegas Federal Courthouse<\/li>\n<\/ul>\n<p>Contacto para entrevistas:<\/p>\n<p>Nueva York, NY<br \/>\nbecker.ben@gmail.com<br \/>\n410-371-7203<\/p>\n<p>Washington D.C.<br \/>\nwsmolarek@hotmail.com<br \/>\n412-651-7719<\/p>\n<p>San Francisco, CA<br \/>\nglorialariva@hotmail.com<br \/>\n415-312-6042<\/p>\n<p>Los Angeles, CA<br \/>\njohn.prysner@gmail.com<br \/>\n813-431-3838<\/p>\n<p><em>Enlace al <a href=\"https:\/\/www.answercoalition.org\/national_action_us_troops_out_of_iraq?utm_campaign=iran_protest_1_4_19&amp;utm_medium=email&amp;utm_source=answercoalition\">comunicado de prensa<\/a> original de ANSWER Coalition<\/em><\/p>\n<p>Traducci\u00f3n: Javier Tolcachier \/ Agencia internacional de prensa Pressenza<\/p>\n","protected":false},"excerpt":{"rendered":"<p>Como respuesta\u00a0 a la insensata orden de Trump de atacar Bagdad, que amenaza ser el inicio de una guerra con Ir\u00e1n, la Coalici\u00f3n ANSWER junto a otras organizaciones pacifistas llaman a toda la ciudadan\u00eda estadounidense a movilizarse este S\u00e1bado 4&hellip;<\/p>\n","protected":false},"author":19,"featured_media":1005819,"comment_status":"closed","ping_status":"closed","sticky":false,"template":"","format":"standard","meta":{"footnotes":""},"categories":[149,11389,68,1243],"tags":[54016,69064,1697,22209,54019],"class_list":["post-1005818","post","type-post","status-publish","format-standard","has-post-thumbnail","hentry","category-comunicados-de-prensa","category-contenido-original","category-norteamerica","category-paz-desarme","tag-estados-unidos-es","tag-general-irani-qassem-soleimani","tag-iran-es","tag-medio-oriente","tag-trump-es"],"yoast_head":"<!-- This site is optimized with the Yoast SEO plugin v27.1.1 - https:\/\/yoast.com\/product\/yoast-seo-wordpress\/ -->\n<title>Convocan movilizaciones en los Estados Unidos para oponerse a una guerra contra Ir\u00e1n<\/title>\n<meta name=\"description\" content=\"Como respuesta\u00a0 a la insensata orden de Trump de atacar Bagdad, que amenaza ser el inicio de una guerra con Ir\u00e1n, la Coalici\u00f3n ANSWER junto a otras\" \/>\n<meta name=\"robots\" content=\"index, follow, max-snippet:-1, max-image-preview:large, max-video-preview:-1\" \/>\n<link rel=\"canonical\" href=\"https:\/\/www.pressenza.com\/es\/2020\/01\/convocan-movilizaciones-en-los-estados-unidos-para-oponerse-a-una-guerra-contra-iran\/\" \/>\n<meta property=\"og:locale\" content=\"es_ES\" \/>\n<meta property=\"og:type\" content=\"article\" \/>\n<meta property=\"og:title\" content=\"Convocan movilizaciones en los Estados Unidos para oponerse a una guerra contra Ir\u00e1n\" \/>\n<meta property=\"og:description\" content=\"Como respuesta\u00a0 a la insensata orden de Trump de atacar Bagdad, que amenaza ser el inicio de una guerra con Ir\u00e1n, la Coalici\u00f3n ANSWER junto a otras\" \/>\n<meta property=\"og:url\" content=\"https:\/\/www.pressenza.com\/es\/2020\/01\/convocan-movilizaciones-en-los-estados-unidos-para-oponerse-a-una-guerra-contra-iran\/\" \/>\n<meta property=\"og:site_name\" content=\"Pressenza\" \/>\n<meta property=\"article:publisher\" content=\"https:\/\/www.facebook.com\/PressenzaItalia\" \/>\n<meta property=\"article:author\" content=\"https:\/\/www.facebook.com\/pressenza\" \/>\n<meta property=\"article:published_time\" content=\"2020-01-04T00:36:16+00:00\" \/>\n<meta property=\"article:modified_time\" content=\"2020-01-04T00:52:40+00:00\" \/>\n<meta property=\"og:image\" content=\"https:\/\/www.pressenza.com\/wp-content\/uploads\/2020\/01\/movilizacion-usa.jpg\" \/>\n\t<meta property=\"og:image:width\" content=\"642\" \/>\n\t<meta property=\"og:image:height\" content=\"427\" \/>\n\t<meta property=\"og:image:type\" content=\"image\/jpeg\" \/>\n<meta name=\"author\" content=\"Pressenza IPA\" \/>\n<meta name=\"twitter:card\" content=\"summary_large_image\" \/>\n<meta name=\"twitter:creator\" content=\"@PressenzaIPA\" \/>\n<meta name=\"twitter:site\" content=\"@PressenzaIPA\" \/>\n<meta name=\"twitter:label1\" content=\"Escrito por\" \/>\n\t<meta name=\"twitter:data1\" content=\"Pressenza IPA\" \/>\n\t<meta name=\"twitter:label2\" content=\"Tiempo de lectura\" \/>\n\t<meta name=\"twitter:data2\" content=\"4 minutos\" \/>\n<script type=\"application\/ld+json\" class=\"yoast-schema-graph\">{\"@context\":\"https:\/\/schema.org\",\"@graph\":[{\"@type\":\"Article\",\"@id\":\"https:\/\/www.pressenza.com\/es\/2020\/01\/convocan-movilizaciones-en-los-estados-unidos-para-oponerse-a-una-guerra-contra-iran\/#article\",\"isPartOf\":{\"@id\":\"https:\/\/www.pressenza.com\/es\/2020\/01\/convocan-movilizaciones-en-los-estados-unidos-para-oponerse-a-una-guerra-contra-iran\/\"},\"author\":{\"name\":\"Pressenza IPA\",\"@id\":\"https:\/\/www.pressenza.com\/es\/#\/schema\/person\/010e5d02bcf40965427a1289a4cc8d75\"},\"headline\":\"Convocan movilizaciones en los Estados Unidos para oponerse a una guerra contra Ir\u00e1n\",\"datePublished\":\"2020-01-04T00:36:16+00:00\",\"dateModified\":\"2020-01-04T00:52:40+00:00\",\"mainEntityOfPage\":{\"@id\":\"https:\/\/www.pressenza.com\/es\/2020\/01\/convocan-movilizaciones-en-los-estados-unidos-para-oponerse-a-una-guerra-contra-iran\/\"},\"wordCount\":839,\"publisher\":{\"@id\":\"https:\/\/www.pressenza.com\/es\/#organization\"},\"image\":{\"@id\":\"https:\/\/www.pressenza.com\/es\/2020\/01\/convocan-movilizaciones-en-los-estados-unidos-para-oponerse-a-una-guerra-contra-iran\/#primaryimage\"},\"thumbnailUrl\":\"https:\/\/www.pressenza.com\/wp-content\/uploads\/2020\/01\/movilizacion-usa.jpg\",\"keywords\":[\"Estados Unidos\",\"general iran\u00ed Qassem Soleimani\",\"Ir\u00e1n\",\"Medio Oriente\",\"Trump\"],\"articleSection\":[\"Comunicados de Prensa\",\"Contenido Original\",\"Norteam\u00e9rica\",\"Paz y Desarme\"],\"inLanguage\":\"es\"},{\"@type\":\"WebPage\",\"@id\":\"https:\/\/www.pressenza.com\/es\/2020\/01\/convocan-movilizaciones-en-los-estados-unidos-para-oponerse-a-una-guerra-contra-iran\/\",\"url\":\"https:\/\/www.pressenza.com\/es\/2020\/01\/convocan-movilizaciones-en-los-estados-unidos-para-oponerse-a-una-guerra-contra-iran\/\",\"name\":\"Convocan movilizaciones en los Estados Unidos para oponerse a una guerra contra Ir\u00e1n\",\"isPartOf\":{\"@id\":\"https:\/\/www.pressenza.com\/es\/#website\"},\"primaryImageOfPage\":{\"@id\":\"https:\/\/www.pressenza.com\/es\/2020\/01\/convocan-movilizaciones-en-los-estados-unidos-para-oponerse-a-una-guerra-contra-iran\/#primaryimage\"},\"image\":{\"@id\":\"https:\/\/www.pressenza.com\/es\/2020\/01\/convocan-movilizaciones-en-los-estados-unidos-para-oponerse-a-una-guerra-contra-iran\/#primaryimage\"},\"thumbnailUrl\":\"https:\/\/www.pressenza.com\/wp-content\/uploads\/2020\/01\/movilizacion-usa.jpg\",\"datePublished\":\"2020-01-04T00:36:16+00:00\",\"dateModified\":\"2020-01-04T00:52:40+00:00\",\"description\":\"Como respuesta\u00a0 a la insensata orden de Trump de atacar Bagdad, que amenaza ser el inicio de una guerra con Ir\u00e1n, la Coalici\u00f3n ANSWER junto a otras\",\"breadcrumb\":{\"@id\":\"https:\/\/www.pressenza.com\/es\/2020\/01\/convocan-movilizaciones-en-los-estados-unidos-para-oponerse-a-una-guerra-contra-iran\/#breadcrumb\"},\"inLanguage\":\"es\",\"potentialAction\":[{\"@type\":\"ReadAction\",\"target\":[\"https:\/\/www.pressenza.com\/es\/2020\/01\/convocan-movilizaciones-en-los-estados-unidos-para-oponerse-a-una-guerra-contra-iran\/\"]}]},{\"@type\":\"ImageObject\",\"inLanguage\":\"es\",\"@id\":\"https:\/\/www.pressenza.com\/es\/2020\/01\/convocan-movilizaciones-en-los-estados-unidos-para-oponerse-a-una-guerra-contra-iran\/#primaryimage\",\"url\":\"https:\/\/www.pressenza.com\/wp-content\/uploads\/2020\/01\/movilizacion-usa.jpg\",\"contentUrl\":\"https:\/\/www.pressenza.com\/wp-content\/uploads\/2020\/01\/movilizacion-usa.jpg\",\"width\":642,\"height\":427},{\"@type\":\"BreadcrumbList\",\"@id\":\"https:\/\/www.pressenza.com\/es\/2020\/01\/convocan-movilizaciones-en-los-estados-unidos-para-oponerse-a-una-guerra-contra-iran\/#breadcrumb\",\"itemListElement\":[{\"@type\":\"ListItem\",\"position\":1,\"name\":\"Accueil\",\"item\":\"https:\/\/www.pressenza.com\/es\/\"},{\"@type\":\"ListItem\",\"position\":2,\"name\":\"Convocan movilizaciones en los Estados Unidos para oponerse a una guerra contra Ir\u00e1n\"}]},{\"@type\":\"WebSite\",\"@id\":\"https:\/\/www.pressenza.com\/es\/#website\",\"url\":\"https:\/\/www.pressenza.com\/es\/\",\"name\":\"Pressenza\",\"description\":\"International Press Agency\",\"publisher\":{\"@id\":\"https:\/\/www.pressenza.com\/es\/#organization\"},\"potentialAction\":[{\"@type\":\"SearchAction\",\"target\":{\"@type\":\"EntryPoint\",\"urlTemplate\":\"https:\/\/www.pressenza.com\/es\/?s={search_term_string}\"},\"query-input\":{\"@type\":\"PropertyValueSpecification\",\"valueRequired\":true,\"valueName\":\"search_term_string\"}}],\"inLanguage\":\"es\"},{\"@type\":\"Organization\",\"@id\":\"https:\/\/www.pressenza.com\/es\/#organization\",\"name\":\"Pressenza\",\"url\":\"https:\/\/www.pressenza.com\/es\/\",\"logo\":{\"@type\":\"ImageObject\",\"inLanguage\":\"es\",\"@id\":\"https:\/\/www.pressenza.com\/es\/#\/schema\/logo\/image\/\",\"url\":\"https:\/\/www.pressenza.com\/wp-content\/uploads\/2022\/10\/pressenza_logo_200x200.jpg\",\"contentUrl\":\"https:\/\/www.pressenza.com\/wp-content\/uploads\/2022\/10\/pressenza_logo_200x200.jpg\",\"width\":200,\"height\":200,\"caption\":\"Pressenza\"},\"image\":{\"@id\":\"https:\/\/www.pressenza.com\/es\/#\/schema\/logo\/image\/\"},\"sameAs\":[\"https:\/\/www.facebook.com\/PressenzaItalia\",\"https:\/\/x.com\/PressenzaIPA\"]},{\"@type\":\"Person\",\"@id\":\"https:\/\/www.pressenza.com\/es\/#\/schema\/person\/010e5d02bcf40965427a1289a4cc8d75\",\"name\":\"Pressenza IPA\",\"description\":\"News from Pressenza IPA correspondents\",\"sameAs\":[\"https:\/\/www.facebook.com\/pressenza\",\"https:\/\/x.com\/PressenzaIPA\"],\"url\":\"https:\/\/www.pressenza.com\/es\/author\/pressenza-ipa\/\"}]}<\/script>\n<!-- \/ Yoast SEO plugin. -->","yoast_head_json":{"title":"Convocan movilizaciones en los Estados Unidos para oponerse a una guerra contra Ir\u00e1n","description":"Como respuesta\u00a0 a la insensata orden de Trump de atacar Bagdad, que amenaza ser el inicio de una guerra con Ir\u00e1n, la Coalici\u00f3n ANSWER junto a otras","robots":{"index":"index","follow":"follow","max-snippet":"max-snippet:-1","max-image-preview":"max-image-preview:large","max-video-preview":"max-video-preview:-1"},"canonical":"https:\/\/www.pressenza.com\/es\/2020\/01\/convocan-movilizaciones-en-los-estados-unidos-para-oponerse-a-una-guerra-contra-iran\/","og_locale":"es_ES","og_type":"article","og_title":"Convocan movilizaciones en los Estados Unidos para oponerse a una guerra contra Ir\u00e1n","og_description":"Como respuesta\u00a0 a la insensata orden de Trump de atacar Bagdad, que amenaza ser el inicio de una guerra con Ir\u00e1n, la Coalici\u00f3n ANSWER junto a otras","og_url":"https:\/\/www.pressenza.com\/es\/2020\/01\/convocan-movilizaciones-en-los-estados-unidos-para-oponerse-a-una-guerra-contra-iran\/","og_site_name":"Pressenza","article_publisher":"https:\/\/www.facebook.com\/PressenzaItalia","article_author":"https:\/\/www.facebook.com\/pressenza","article_published_time":"2020-01-04T00:36:16+00:00","article_modified_time":"2020-01-04T00:52:40+00:00","og_image":[{"width":642,"height":427,"url":"https:\/\/www.pressenza.com\/wp-content\/uploads\/2020\/01\/movilizacion-usa.jpg","type":"image\/jpeg"}],"author":"Pressenza IPA","twitter_card":"summary_large_image","twitter_creator":"@PressenzaIPA","twitter_site":"@PressenzaIPA","twitter_misc":{"Escrito por":"Pressenza IPA","Tiempo de lectura":"4 minutos"},"schema":{"@context":"https:\/\/schema.org","@graph":[{"@type":"Article","@id":"https:\/\/www.pressenza.com\/es\/2020\/01\/convocan-movilizaciones-en-los-estados-unidos-para-oponerse-a-una-guerra-contra-iran\/#article","isPartOf":{"@id":"https:\/\/www.pressenza.com\/es\/2020\/01\/convocan-movilizaciones-en-los-estados-unidos-para-oponerse-a-una-guerra-contra-iran\/"},"author":{"name":"Pressenza IPA","@id":"https:\/\/www.pressenza.com\/es\/#\/schema\/person\/010e5d02bcf40965427a1289a4cc8d75"},"headline":"Convocan movilizaciones en los Estados Unidos para oponerse a una guerra contra Ir\u00e1n","datePublished":"2020-01-04T00:36:16+00:00","dateModified":"2020-01-04T00:52:40+00:00","mainEntityOfPage":{"@id":"https:\/\/www.pressenza.com\/es\/2020\/01\/convocan-movilizaciones-en-los-estados-unidos-para-oponerse-a-una-guerra-contra-iran\/"},"wordCount":839,"publisher":{"@id":"https:\/\/www.pressenza.com\/es\/#organization"},"image":{"@id":"https:\/\/www.pressenza.com\/es\/2020\/01\/convocan-movilizaciones-en-los-estados-unidos-para-oponerse-a-una-guerra-contra-iran\/#primaryimage"},"thumbnailUrl":"https:\/\/www.pressenza.com\/wp-content\/uploads\/2020\/01\/movilizacion-usa.jpg","keywords":["Estados Unidos","general iran\u00ed Qassem Soleimani","Ir\u00e1n","Medio Oriente","Trump"],"articleSection":["Comunicados de Prensa","Contenido Original","Norteam\u00e9rica","Paz y Desarme"],"inLanguage":"es"},{"@type":"WebPage","@id":"https:\/\/www.pressenza.com\/es\/2020\/01\/convocan-movilizaciones-en-los-estados-unidos-para-oponerse-a-una-guerra-contra-iran\/","url":"https:\/\/www.pressenza.com\/es\/2020\/01\/convocan-movilizaciones-en-los-estados-unidos-para-oponerse-a-una-guerra-contra-iran\/","name":"Convocan movilizaciones en los Estados Unidos para oponerse a una guerra contra Ir\u00e1n","isPartOf":{"@id":"https:\/\/www.pressenza.com\/es\/#website"},"primaryImageOfPage":{"@id":"https:\/\/www.pressenza.com\/es\/2020\/01\/convocan-movilizaciones-en-los-estados-unidos-para-oponerse-a-una-guerra-contra-iran\/#primaryimage"},"image":{"@id":"https:\/\/www.pressenza.com\/es\/2020\/01\/convocan-movilizaciones-en-los-estados-unidos-para-oponerse-a-una-guerra-contra-iran\/#primaryimage"},"thumbnailUrl":"https:\/\/www.pressenza.com\/wp-content\/uploads\/2020\/01\/movilizacion-usa.jpg","datePublished":"2020-01-04T00:36:16+00:00","dateModified":"2020-01-04T00:52:40+00:00","description":"Como respuesta\u00a0 a la insensata orden de Trump de atacar Bagdad, que amenaza ser el inicio de una guerra con Ir\u00e1n, la Coalici\u00f3n ANSWER junto a otras","breadcrumb":{"@id":"https:\/\/www.pressenza.com\/es\/2020\/01\/convocan-movilizaciones-en-los-estados-unidos-para-oponerse-a-una-guerra-contra-iran\/#breadcrumb"},"inLanguage":"es","potentialAction":[{"@type":"ReadAction","target":["https:\/\/www.pressenza.com\/es\/2020\/01\/convocan-movilizaciones-en-los-estados-unidos-para-oponerse-a-una-guerra-contra-iran\/"]}]},{"@type":"ImageObject","inLanguage":"es","@id":"https:\/\/www.pressenza.com\/es\/2020\/01\/convocan-movilizaciones-en-los-estados-unidos-para-oponerse-a-una-guerra-contra-iran\/#primaryimage","url":"https:\/\/www.pressenza.com\/wp-content\/uploads\/2020\/01\/movilizacion-usa.jpg","contentUrl":"https:\/\/www.pressenza.com\/wp-content\/uploads\/2020\/01\/movilizacion-usa.jpg","width":642,"height":427},{"@type":"BreadcrumbList","@id":"https:\/\/www.pressenza.com\/es\/2020\/01\/convocan-movilizaciones-en-los-estados-unidos-para-oponerse-a-una-guerra-contra-iran\/#breadcrumb","itemListElement":[{"@type":"ListItem","position":1,"name":"Accueil","item":"https:\/\/www.pressenza.com\/es\/"},{"@type":"ListItem","position":2,"name":"Convocan movilizaciones en los Estados Unidos para oponerse a una guerra contra Ir\u00e1n"}]},{"@type":"WebSite","@id":"https:\/\/www.pressenza.com\/es\/#website","url":"https:\/\/www.pressenza.com\/es\/","name":"Pressenza","description":"International Press Agency","publisher":{"@id":"https:\/\/www.pressenza.com\/es\/#organization"},"potentialAction":[{"@type":"SearchAction","target":{"@type":"EntryPoint","urlTemplate":"https:\/\/www.pressenza.com\/es\/?s={search_term_string}"},"query-input":{"@type":"PropertyValueSpecification","valueRequired":true,"valueName":"search_term_string"}}],"inLanguage":"es"},{"@type":"Organization","@id":"https:\/\/www.pressenza.com\/es\/#organization","name":"Pressenza","url":"https:\/\/www.pressenza.com\/es\/","logo":{"@type":"ImageObject","inLanguage":"es","@id":"https:\/\/www.pressenza.com\/es\/#\/schema\/logo\/image\/","url":"https:\/\/www.pressenza.com\/wp-content\/uploads\/2022\/10\/pressenza_logo_200x200.jpg","contentUrl":"https:\/\/www.pressenza.com\/wp-content\/uploads\/2022\/10\/pressenza_logo_200x200.jpg","width":200,"height":200,"caption":"Pressenza"},"image":{"@id":"https:\/\/www.pressenza.com\/es\/#\/schema\/logo\/image\/"},"sameAs":["https:\/\/www.facebook.com\/PressenzaItalia","https:\/\/x.com\/PressenzaIPA"]},{"@type":"Person","@id":"https:\/\/www.pressenza.com\/es\/#\/schema\/person\/010e5d02bcf40965427a1289a4cc8d75","name":"Pressenza IPA","description":"News from Pressenza IPA correspondents","sameAs":["https:\/\/www.facebook.com\/pressenza","https:\/\/x.com\/PressenzaIPA"],"url":"https:\/\/www.pressenza.com\/es\/author\/pressenza-ipa\/"}]}},"place":"Washington, EUA","original_article_url":"","_links":{"self":[{"href":"https:\/\/www.pressenza.com\/es\/wp-json\/wp\/v2\/posts\/1005818","targetHints":{"allow":["GET"]}}],"collection":[{"href":"https:\/\/www.pressenza.com\/es\/wp-json\/wp\/v2\/posts"}],"about":[{"href":"https:\/\/www.pressenza.com\/es\/wp-json\/wp\/v2\/types\/post"}],"author":[{"embeddable":true,"href":"https:\/\/www.pressenza.com\/es\/wp-json\/wp\/v2\/users\/19"}],"replies":[{"embeddable":true,"href":"https:\/\/www.pressenza.com\/es\/wp-json\/wp\/v2\/comments?post=1005818"}],"version-history":[{"count":0,"href":"https:\/\/www.pressenza.com\/es\/wp-json\/wp\/v2\/posts\/1005818\/revisions"}],"wp:featuredmedia":[{"embeddable":true,"href":"https:\/\/www.pressenza.com\/es\/wp-json\/wp\/v2\/media\/1005819"}],"wp:attachment":[{"href":"https:\/\/www.pressenza.com\/es\/wp-json\/wp\/v2\/media?parent=1005818"}],"wp:term":[{"taxonomy":"category","embeddable":true,"href":"https:\/\/www.pressenza.com\/es\/wp-json\/wp\/v2\/categories?post=1005818"},{"taxonomy":"post_tag","embeddable":true,"href":"https:\/\/www.pressenza.com\/es\/wp-json\/wp\/v2\/tags?post=1005818"}],"curies":[{"name":"wp","href":"https:\/\/api.w.org\/{rel}","templated":true}]}}