{"id":100535,"date":"2014-04-12T00:01:00","date_gmt":"2014-04-11T23:01:00","guid":{"rendered":"http:\/\/www.pressenza.com\/?p=100535"},"modified":"2014-04-12T00:07:18","modified_gmt":"2014-04-11T23:07:18","slug":"secretaria-ddhh-presento-escuela-derechos-humanos","status":"publish","type":"post","link":"https:\/\/www.pressenza.com\/es\/2014\/04\/secretaria-ddhh-presento-escuela-derechos-humanos\/","title":{"rendered":"La Secretar\u00eda de DDHH present\u00f3 la Escuela de Derechos Humanos"},"content":{"rendered":"<p class=\"yiv1163149794MsoNormal\" id=\"yui_3_13_0_1_1397206673937_18160\" style=\"text-align: justify; line-height: 150%;\"><span id=\"yui_3_13_0_1_1397206673937_18159\" lang=\"ES\">La Secretar\u00eda de Derechos Humanos de la Naci\u00f3n present\u00f3 hoy la Escuela de Derechos Humanos, con el objetivo de ofrecer herramientas de capacitaci\u00f3n de manera p\u00fablica y gratuita y compartir conocimientos y experiencias para el empoderamiento de derechos del conjunto de la sociedad. <\/span><\/p>\n<p>&nbsp;<\/p>\n<p class=\"yiv1163149794MsoNormal\" id=\"yui_3_13_0_1_1397206673937_18174\" style=\"text-align: justify; line-height: 150%;\"><span id=\"yui_3_13_0_1_1397206673937_18175\" lang=\"ES\"><br \/>\nEl acto de lanzamiento estuvo a cargo del secretario de Derechos Humanos, Mart\u00edn Fresneda; el ministro de la Corte Suprema de Justicia, Eugenio Zaffaroni; la presidenta de Abuelas de Plaza de Mayo, Estela de Carlotto y el director de la Biblioteca Nacional, Horacio Gonz\u00e1lez. Estuvieron presentes tambi\u00e9n el subsecretario de Promoci\u00f3n de Derechos Humanos, Carlos Pisoni y el Director Nacional de Formaci\u00f3n en Derechos Humanos, Mat\u00edas Moreno. <\/span><\/p>\n<p>&nbsp;<\/p>\n<p class=\"yiv1163149794MsoNormal\" id=\"yui_3_13_0_1_1397206673937_18176\" style=\"text-align: justify; line-height: 150%;\"><span lang=\"ES\">\u00a0<\/span><\/p>\n<p class=\"yiv1163149794MsoNormal\" id=\"yui_3_13_0_1_1397206673937_18178\" style=\"text-align: justify; line-height: 150%;\"><span id=\"yui_3_13_0_1_1397206673937_18177\" lang=\"ES\">\u201cHace una d\u00e9cada, N\u00e9stor Kirchner y la presidenta Cristina Fern\u00e1ndez de Kirchner definieron que los derechos humanos iban a ser una matriz pol\u00edtica, filos\u00f3fica, de generaci\u00f3n de conocimiento, y tambi\u00e9n un modo de vida\u201d, afirm\u00f3 Fresneda para dar comienzo a la presentaci\u00f3n y agreg\u00f3 que \u201cel principal objetivo es poder llevar las herramientas de formaci\u00f3n de la Escuela de Derechos Humanos a todos los territorios y a todos los sectores sociales de nuestro pa\u00eds\u201d.<\/span><\/p>\n<p>&nbsp;<\/p>\n<p class=\"yiv1163149794MsoNormal\" style=\"text-align: justify; line-height: 150%;\"><span lang=\"ES\">\u00a0<\/span><\/p>\n<p class=\"yiv1163149794MsoNormal\" id=\"yui_3_13_0_1_1397206673937_18180\" style=\"text-align: justify; line-height: 150%;\"><span id=\"yui_3_13_0_1_1397206673937_18179\" lang=\"ES\">Por su parte, Zaffaroni resalt\u00f3 la iniciativa asegurando: \u201cLos derechos humanos no son una cuesti\u00f3n meramente te\u00f3rica, sino que son un motivo de militancia\u201d. El Ministro de la Corte Suprema reflexion\u00f3 e hizo hincapi\u00e9 en los estereotipos y la criminalizaci\u00f3n de la pobreza ejercidas mayoritariamente por los medios de comunicaci\u00f3n, relacionando estos conceptos con los recientes casos de violencia producidos a partir de hechos delictivos: \u201cExisten estereotipos, y muchas veces se fabrican. Y es de esa manera que se produce pavor, porque entonces como no tenemos terroristas, tenemos un pibe de un barrio precario\u201d. En ese sentido, asegur\u00f3 que \u201ces necesaria una rectificaci\u00f3n t\u00e1ctica y estrat\u00e9gica en materia de derechos humanos, ya que nos encontramos ante un nuevo m\u00e9todo de dominaci\u00f3n a escala mundial\u201d.<\/span><\/p>\n<p>&nbsp;<\/p>\n<p class=\"yiv1163149794MsoNormal\" id=\"yui_3_13_0_1_1397206673937_18181\" style=\"text-align: justify; line-height: 150%;\"><span lang=\"ES\">\u00a0<\/span><\/p>\n<p class=\"yiv1163149794MsoNormal\" id=\"yui_3_13_0_1_1397206673937_18183\" style=\"text-align: justify; line-height: 150%;\"><span id=\"yui_3_13_0_1_1397206673937_18182\" lang=\"ES\">Estela de Carlotto celebr\u00f3 la creaci\u00f3n de la Escuela, por considerarla \u201cfundamental para la formaci\u00f3n ciudadana. Es por esto que se est\u00e1 pensando en esta Escuela que pretende analizar problem\u00e1ticas tan graves\u201d. <\/span><\/p>\n<p>&nbsp;<\/p>\n<p class=\"yiv1163149794MsoNormal\" id=\"yui_3_13_0_1_1397206673937_18184\" style=\"text-align: justify; line-height: 150%;\"><span lang=\"ES\">\u201cLa historia demuestra que los humanos han cometido grandes perversiones por cuestiones econ\u00f3micas\u201d, asegur\u00f3\u00a0 y continu\u00f3: \u201cPor la edad que tengo, me cri\u00e9 en dictaduras, me educaron las dictaduras y los medios monop\u00f3licos te dec\u00edan que te quedaras quieta, que no dijeras nada\u201d. \u201cCuando desaparecieron nuestros hijos, la gente con miedo nos dec\u00eda en algo andar\u00e1n, pero en esta democracia todos levantamos la voz y se nos escucha\u201d, concluy\u00f3.<\/span><\/p>\n<p>&nbsp;<\/p>\n<p class=\"yiv1163149794MsoNormal\" id=\"yui_3_13_0_1_1397206673937_18185\" style=\"text-align: justify; line-height: 150%;\"><span lang=\"ES\">\u00a0<\/span><\/p>\n<p class=\"yiv1163149794MsoNormal\" id=\"yui_3_13_0_1_1397206673937_18187\" style=\"text-align: justify; line-height: 150%;\"><span id=\"yui_3_13_0_1_1397206673937_18186\" lang=\"ES\">\u201cEl concepto de una Escuela de Derechos Humanos tiene una fuerza y una capacidad de conmovernos muy grande\u201d, destac\u00f3 Horacio Gonz\u00e1lez, quien tambi\u00e9n cuestion\u00f3 el significado que le da la sociedad a los casos de violencia y profundiz\u00f3 sobre el concepto de ciudadano y sujeto de derecho que, a partir del prejuicio no se aplica de igual manera a \u201cun joven arrebatador que sale de la vida popular\u201d.<\/span><\/p>\n<p>&nbsp;<\/p>\n<p class=\"yiv1163149794MsoNormal\" style=\"text-align: justify; line-height: 150%;\"><span lang=\"ES\">\u00a0<\/span><\/p>\n<p class=\"yiv1163149794MsoNormal\" id=\"yui_3_13_0_1_1397206673937_18189\" style=\"text-align: justify; line-height: 150%;\"><span id=\"yui_3_13_0_1_1397206673937_18188\" lang=\"ES-MX\">La Escuela de Derechos Humanos depende de la Direcci\u00f3n de Formaci\u00f3n de la Secretar\u00eda de Derechos Humanos de la Naci\u00f3n y cuenta con tres niveles de formaci\u00f3n. <\/span><\/p>\n<p>&nbsp;<\/p>\n<p class=\"yiv1163149794MsoNormal\" style=\"text-align: justify; line-height: 150%;\"><span lang=\"ES-MX\">\u00a0<\/span><\/p>\n<p class=\"yiv1163149794MsoNormal\" id=\"yui_3_13_0_1_1397206673937_18191\" style=\"text-align: justify; line-height: 150%;\"><span id=\"yui_3_13_0_1_1397206673937_18190\" lang=\"ES-MX\">Las capacitaciones presenciales se realizan en articulaci\u00f3n con organizaciones sociales locales, ajust\u00e1ndose a las necesidades de la comunidad y fomentando el intercambio de experiencias y conocimientos entre los participantes. Aquellas que se desarrollan de manera virtual, se realizan desde el CampusDH: <a href=\"http:\/\/campusdh.gov.ar\" target=\"_blank\" rel=\"nofollow\"><span style=\"color: blue;\">http:\/\/campusdh.gov.ar<\/span><\/a>. <\/span><\/p>\n<p>&nbsp;<\/p>\n<p class=\"yiv1163149794MsoNormal\" id=\"yui_3_13_0_1_1397206673937_18193\" style=\"text-align: justify; line-height: 150%;\"><span lang=\"ES-MX\">Tambi\u00e9n se cursa la Diplomatura <\/span><span id=\"yui_3_13_0_1_1397206673937_18192\" lang=\"ES\">en Derechos Econ\u00f3micos, Sociales y Culturales<\/span><span lang=\"ES-MX\">, que tiene como objetivo contribuir al desarrollo de competencias espec\u00edficas para la promoci\u00f3n y protecci\u00f3n de los derechos humanos.<\/span><\/p>\n<p>&nbsp;<\/p>\n<p class=\"yiv1163149794MsoNormal\" style=\"text-align: justify; line-height: 150%;\"><span lang=\"ES\">\u00a0<\/span><\/p>\n<p class=\"yiv1163149794MsoNormal\" id=\"yui_3_13_0_1_1397206673937_18195\" style=\"text-align: justify; line-height: 150%;\"><span id=\"yui_3_13_0_1_1397206673937_18194\" lang=\"ES-MX\">A su vez, este nuevo espacio brinda cursos y talleres de capacitaci\u00f3n sobre nuestra historia y los derechos conquistados durante la \u00faltima d\u00e9cada: \u201cConceptos introductorios a los Derechos Humanos\u201d, \u201cMujeres y Derechos Humanos\u201d, \u201cDerechos Humanos de las mujeres migrantes\u201d, \u201cDerechos Humanos de las personas con discapacidad\u201d, \u201cMemoria, Verdad y Justicia\u201d, \u201cG\u00e9nero, sexualidades y derechos humanos\u201d, entre otros.<\/span><\/p>\n<p>&nbsp;<\/p>\n<p class=\"yiv1163149794MsoNormal\" id=\"yui_3_13_0_1_1397206673937_18200\" style=\"text-align: justify; line-height: 150%;\"><span lang=\"ES-MX\">Para mayor informaci\u00f3n:\u00a0<\/span><span lang=\"ES\"><a href=\"mailto:formacionsdh@jus.gov.ar\" target=\"_blank\" rel=\"nofollow\"><span lang=\"ES-MX\" style=\"color: blue;\">formacionsdh@jus.gov.ar<\/span><\/a><\/span><span id=\"yui_3_13_0_1_1397206673937_18202\" lang=\"ES-MX\">. Tel.: 4701-1345 int. 208.<\/span><\/p>\n","protected":false},"excerpt":{"rendered":"<p>La Secretar\u00eda de Derechos Humanos de la Naci\u00f3n present\u00f3 hoy la Escuela de Derechos Humanos, con el objetivo de ofrecer herramientas de capacitaci\u00f3n de manera p\u00fablica y gratuita y compartir conocimientos y experiencias para el empoderamiento de derechos del conjunto&hellip;<\/p>\n","protected":false},"author":87,"featured_media":100536,"comment_status":"closed","ping_status":"open","sticky":false,"template":"","format":"standard","meta":{"footnotes":""},"categories":[149,79,1230,74,67],"tags":[1028,26,441],"class_list":["post-100535","post","type-post","status-publish","format-standard","has-post-thumbnail","hentry","category-comunicados-de-prensa","category-derechos-humanos","category-educacion-tema","category-politica-es","category-sudamerica","tag-abuelas-de-plaza-de-mayo","tag-argentina","tag-derechos-humanos"],"yoast_head":"<!-- This site is optimized with the Yoast SEO plugin v27.1.1 - https:\/\/yoast.com\/product\/yoast-seo-wordpress\/ -->\n<title>La Secretar\u00eda de DDHH present\u00f3 la Escuela de Derechos Humanos<\/title>\n<meta name=\"description\" content=\"La Secretar\u00eda de Derechos Humanos de la Naci\u00f3n present\u00f3 hoy la Escuela de Derechos Humanos, con el objetivo de ofrecer herramientas de capacitaci\u00f3n de\" \/>\n<meta name=\"robots\" content=\"index, follow, max-snippet:-1, max-image-preview:large, max-video-preview:-1\" \/>\n<link rel=\"canonical\" href=\"https:\/\/www.pressenza.com\/es\/2014\/04\/secretaria-ddhh-presento-escuela-derechos-humanos\/\" \/>\n<meta property=\"og:locale\" content=\"es_ES\" \/>\n<meta property=\"og:type\" content=\"article\" \/>\n<meta property=\"og:title\" content=\"La Secretar\u00eda de DDHH present\u00f3 la Escuela de Derechos Humanos\" \/>\n<meta property=\"og:description\" content=\"La Secretar\u00eda de Derechos Humanos de la Naci\u00f3n present\u00f3 hoy la Escuela de Derechos Humanos, con el objetivo de ofrecer herramientas de capacitaci\u00f3n de\" \/>\n<meta property=\"og:url\" content=\"https:\/\/www.pressenza.com\/es\/2014\/04\/secretaria-ddhh-presento-escuela-derechos-humanos\/\" \/>\n<meta property=\"og:site_name\" content=\"Pressenza\" \/>\n<meta property=\"article:publisher\" content=\"https:\/\/www.facebook.com\/PressenzaItalia\" \/>\n<meta property=\"article:published_time\" content=\"2014-04-11T23:01:00+00:00\" \/>\n<meta property=\"article:modified_time\" content=\"2014-04-11T23:07:18+00:00\" \/>\n<meta property=\"og:image\" content=\"https:\/\/www.pressenza.com\/wp-content\/uploads\/2014\/04\/image004.jpg\" \/>\n\t<meta property=\"og:image:width\" content=\"712\" \/>\n\t<meta property=\"og:image:height\" content=\"378\" \/>\n\t<meta property=\"og:image:type\" content=\"image\/jpeg\" \/>\n<meta name=\"author\" content=\"Redacci\u00f3n Argentina\" \/>\n<meta name=\"twitter:card\" content=\"summary_large_image\" \/>\n<meta name=\"twitter:creator\" content=\"@pressenza\" \/>\n<meta name=\"twitter:site\" content=\"@PressenzaIPA\" \/>\n<meta name=\"twitter:label1\" content=\"Escrito por\" \/>\n\t<meta name=\"twitter:data1\" content=\"Redacci\u00f3n Argentina\" \/>\n\t<meta name=\"twitter:label2\" content=\"Tiempo de lectura\" \/>\n\t<meta name=\"twitter:data2\" content=\"4 minutos\" \/>\n<script type=\"application\/ld+json\" class=\"yoast-schema-graph\">{\"@context\":\"https:\/\/schema.org\",\"@graph\":[{\"@type\":\"Article\",\"@id\":\"https:\/\/www.pressenza.com\/es\/2014\/04\/secretaria-ddhh-presento-escuela-derechos-humanos\/#article\",\"isPartOf\":{\"@id\":\"https:\/\/www.pressenza.com\/es\/2014\/04\/secretaria-ddhh-presento-escuela-derechos-humanos\/\"},\"author\":{\"name\":\"Redacci\u00f3n Argentina\",\"@id\":\"https:\/\/www.pressenza.com\/es\/#\/schema\/person\/0dda7d1b68267ad95b1e1d83abc98c89\"},\"headline\":\"La Secretar\u00eda de DDHH present\u00f3 la Escuela de Derechos Humanos\",\"datePublished\":\"2014-04-11T23:01:00+00:00\",\"dateModified\":\"2014-04-11T23:07:18+00:00\",\"mainEntityOfPage\":{\"@id\":\"https:\/\/www.pressenza.com\/es\/2014\/04\/secretaria-ddhh-presento-escuela-derechos-humanos\/\"},\"wordCount\":723,\"publisher\":{\"@id\":\"https:\/\/www.pressenza.com\/es\/#organization\"},\"image\":{\"@id\":\"https:\/\/www.pressenza.com\/es\/2014\/04\/secretaria-ddhh-presento-escuela-derechos-humanos\/#primaryimage\"},\"thumbnailUrl\":\"https:\/\/www.pressenza.com\/wp-content\/uploads\/2014\/04\/image004.jpg\",\"keywords\":[\"Abuelas de Plaza de Mayo\",\"Argentina\",\"Derechos humanos\"],\"articleSection\":[\"Comunicados de Prensa\",\"Derechos Humanos\",\"Educaci\u00f3n\",\"Pol\u00edtica\",\"Sudam\u00e9rica\"],\"inLanguage\":\"es\"},{\"@type\":\"WebPage\",\"@id\":\"https:\/\/www.pressenza.com\/es\/2014\/04\/secretaria-ddhh-presento-escuela-derechos-humanos\/\",\"url\":\"https:\/\/www.pressenza.com\/es\/2014\/04\/secretaria-ddhh-presento-escuela-derechos-humanos\/\",\"name\":\"La Secretar\u00eda de DDHH present\u00f3 la Escuela de Derechos Humanos\",\"isPartOf\":{\"@id\":\"https:\/\/www.pressenza.com\/es\/#website\"},\"primaryImageOfPage\":{\"@id\":\"https:\/\/www.pressenza.com\/es\/2014\/04\/secretaria-ddhh-presento-escuela-derechos-humanos\/#primaryimage\"},\"image\":{\"@id\":\"https:\/\/www.pressenza.com\/es\/2014\/04\/secretaria-ddhh-presento-escuela-derechos-humanos\/#primaryimage\"},\"thumbnailUrl\":\"https:\/\/www.pressenza.com\/wp-content\/uploads\/2014\/04\/image004.jpg\",\"datePublished\":\"2014-04-11T23:01:00+00:00\",\"dateModified\":\"2014-04-11T23:07:18+00:00\",\"description\":\"La Secretar\u00eda de Derechos Humanos de la Naci\u00f3n present\u00f3 hoy la Escuela de Derechos Humanos, con el objetivo de ofrecer herramientas de capacitaci\u00f3n de\",\"breadcrumb\":{\"@id\":\"https:\/\/www.pressenza.com\/es\/2014\/04\/secretaria-ddhh-presento-escuela-derechos-humanos\/#breadcrumb\"},\"inLanguage\":\"es\",\"potentialAction\":[{\"@type\":\"ReadAction\",\"target\":[\"https:\/\/www.pressenza.com\/es\/2014\/04\/secretaria-ddhh-presento-escuela-derechos-humanos\/\"]}]},{\"@type\":\"ImageObject\",\"inLanguage\":\"es\",\"@id\":\"https:\/\/www.pressenza.com\/es\/2014\/04\/secretaria-ddhh-presento-escuela-derechos-humanos\/#primaryimage\",\"url\":\"https:\/\/www.pressenza.com\/wp-content\/uploads\/2014\/04\/image004.jpg\",\"contentUrl\":\"https:\/\/www.pressenza.com\/wp-content\/uploads\/2014\/04\/image004.jpg\",\"width\":712,\"height\":378},{\"@type\":\"BreadcrumbList\",\"@id\":\"https:\/\/www.pressenza.com\/es\/2014\/04\/secretaria-ddhh-presento-escuela-derechos-humanos\/#breadcrumb\",\"itemListElement\":[{\"@type\":\"ListItem\",\"position\":1,\"name\":\"Accueil\",\"item\":\"https:\/\/www.pressenza.com\/es\/\"},{\"@type\":\"ListItem\",\"position\":2,\"name\":\"La Secretar\u00eda de DDHH present\u00f3 la Escuela de Derechos Humanos\"}]},{\"@type\":\"WebSite\",\"@id\":\"https:\/\/www.pressenza.com\/es\/#website\",\"url\":\"https:\/\/www.pressenza.com\/es\/\",\"name\":\"Pressenza\",\"description\":\"International Press Agency\",\"publisher\":{\"@id\":\"https:\/\/www.pressenza.com\/es\/#organization\"},\"potentialAction\":[{\"@type\":\"SearchAction\",\"target\":{\"@type\":\"EntryPoint\",\"urlTemplate\":\"https:\/\/www.pressenza.com\/es\/?s={search_term_string}\"},\"query-input\":{\"@type\":\"PropertyValueSpecification\",\"valueRequired\":true,\"valueName\":\"search_term_string\"}}],\"inLanguage\":\"es\"},{\"@type\":\"Organization\",\"@id\":\"https:\/\/www.pressenza.com\/es\/#organization\",\"name\":\"Pressenza\",\"url\":\"https:\/\/www.pressenza.com\/es\/\",\"logo\":{\"@type\":\"ImageObject\",\"inLanguage\":\"es\",\"@id\":\"https:\/\/www.pressenza.com\/es\/#\/schema\/logo\/image\/\",\"url\":\"https:\/\/www.pressenza.com\/wp-content\/uploads\/2022\/10\/pressenza_logo_200x200.jpg\",\"contentUrl\":\"https:\/\/www.pressenza.com\/wp-content\/uploads\/2022\/10\/pressenza_logo_200x200.jpg\",\"width\":200,\"height\":200,\"caption\":\"Pressenza\"},\"image\":{\"@id\":\"https:\/\/www.pressenza.com\/es\/#\/schema\/logo\/image\/\"},\"sameAs\":[\"https:\/\/www.facebook.com\/PressenzaItalia\",\"https:\/\/x.com\/PressenzaIPA\"]},{\"@type\":\"Person\",\"@id\":\"https:\/\/www.pressenza.com\/es\/#\/schema\/person\/0dda7d1b68267ad95b1e1d83abc98c89\",\"name\":\"Redacci\u00f3n Argentina\",\"description\":\"News from the Pressenza Bureau in Argentina.\",\"sameAs\":[\"https:\/\/x.com\/pressenza\"],\"url\":\"https:\/\/www.pressenza.com\/es\/author\/redaccion-argentina\/\"}]}<\/script>\n<!-- \/ Yoast SEO plugin. -->","yoast_head_json":{"title":"La Secretar\u00eda de DDHH present\u00f3 la Escuela de Derechos Humanos","description":"La Secretar\u00eda de Derechos Humanos de la Naci\u00f3n present\u00f3 hoy la Escuela de Derechos Humanos, con el objetivo de ofrecer herramientas de capacitaci\u00f3n de","robots":{"index":"index","follow":"follow","max-snippet":"max-snippet:-1","max-image-preview":"max-image-preview:large","max-video-preview":"max-video-preview:-1"},"canonical":"https:\/\/www.pressenza.com\/es\/2014\/04\/secretaria-ddhh-presento-escuela-derechos-humanos\/","og_locale":"es_ES","og_type":"article","og_title":"La Secretar\u00eda de DDHH present\u00f3 la Escuela de Derechos Humanos","og_description":"La Secretar\u00eda de Derechos Humanos de la Naci\u00f3n present\u00f3 hoy la Escuela de Derechos Humanos, con el objetivo de ofrecer herramientas de capacitaci\u00f3n de","og_url":"https:\/\/www.pressenza.com\/es\/2014\/04\/secretaria-ddhh-presento-escuela-derechos-humanos\/","og_site_name":"Pressenza","article_publisher":"https:\/\/www.facebook.com\/PressenzaItalia","article_published_time":"2014-04-11T23:01:00+00:00","article_modified_time":"2014-04-11T23:07:18+00:00","og_image":[{"width":712,"height":378,"url":"https:\/\/www.pressenza.com\/wp-content\/uploads\/2014\/04\/image004.jpg","type":"image\/jpeg"}],"author":"Redacci\u00f3n Argentina","twitter_card":"summary_large_image","twitter_creator":"@pressenza","twitter_site":"@PressenzaIPA","twitter_misc":{"Escrito por":"Redacci\u00f3n Argentina","Tiempo de lectura":"4 minutos"},"schema":{"@context":"https:\/\/schema.org","@graph":[{"@type":"Article","@id":"https:\/\/www.pressenza.com\/es\/2014\/04\/secretaria-ddhh-presento-escuela-derechos-humanos\/#article","isPartOf":{"@id":"https:\/\/www.pressenza.com\/es\/2014\/04\/secretaria-ddhh-presento-escuela-derechos-humanos\/"},"author":{"name":"Redacci\u00f3n Argentina","@id":"https:\/\/www.pressenza.com\/es\/#\/schema\/person\/0dda7d1b68267ad95b1e1d83abc98c89"},"headline":"La Secretar\u00eda de DDHH present\u00f3 la Escuela de Derechos Humanos","datePublished":"2014-04-11T23:01:00+00:00","dateModified":"2014-04-11T23:07:18+00:00","mainEntityOfPage":{"@id":"https:\/\/www.pressenza.com\/es\/2014\/04\/secretaria-ddhh-presento-escuela-derechos-humanos\/"},"wordCount":723,"publisher":{"@id":"https:\/\/www.pressenza.com\/es\/#organization"},"image":{"@id":"https:\/\/www.pressenza.com\/es\/2014\/04\/secretaria-ddhh-presento-escuela-derechos-humanos\/#primaryimage"},"thumbnailUrl":"https:\/\/www.pressenza.com\/wp-content\/uploads\/2014\/04\/image004.jpg","keywords":["Abuelas de Plaza de Mayo","Argentina","Derechos humanos"],"articleSection":["Comunicados de Prensa","Derechos Humanos","Educaci\u00f3n","Pol\u00edtica","Sudam\u00e9rica"],"inLanguage":"es"},{"@type":"WebPage","@id":"https:\/\/www.pressenza.com\/es\/2014\/04\/secretaria-ddhh-presento-escuela-derechos-humanos\/","url":"https:\/\/www.pressenza.com\/es\/2014\/04\/secretaria-ddhh-presento-escuela-derechos-humanos\/","name":"La Secretar\u00eda de DDHH present\u00f3 la Escuela de Derechos Humanos","isPartOf":{"@id":"https:\/\/www.pressenza.com\/es\/#website"},"primaryImageOfPage":{"@id":"https:\/\/www.pressenza.com\/es\/2014\/04\/secretaria-ddhh-presento-escuela-derechos-humanos\/#primaryimage"},"image":{"@id":"https:\/\/www.pressenza.com\/es\/2014\/04\/secretaria-ddhh-presento-escuela-derechos-humanos\/#primaryimage"},"thumbnailUrl":"https:\/\/www.pressenza.com\/wp-content\/uploads\/2014\/04\/image004.jpg","datePublished":"2014-04-11T23:01:00+00:00","dateModified":"2014-04-11T23:07:18+00:00","description":"La Secretar\u00eda de Derechos Humanos de la Naci\u00f3n present\u00f3 hoy la Escuela de Derechos Humanos, con el objetivo de ofrecer herramientas de capacitaci\u00f3n de","breadcrumb":{"@id":"https:\/\/www.pressenza.com\/es\/2014\/04\/secretaria-ddhh-presento-escuela-derechos-humanos\/#breadcrumb"},"inLanguage":"es","potentialAction":[{"@type":"ReadAction","target":["https:\/\/www.pressenza.com\/es\/2014\/04\/secretaria-ddhh-presento-escuela-derechos-humanos\/"]}]},{"@type":"ImageObject","inLanguage":"es","@id":"https:\/\/www.pressenza.com\/es\/2014\/04\/secretaria-ddhh-presento-escuela-derechos-humanos\/#primaryimage","url":"https:\/\/www.pressenza.com\/wp-content\/uploads\/2014\/04\/image004.jpg","contentUrl":"https:\/\/www.pressenza.com\/wp-content\/uploads\/2014\/04\/image004.jpg","width":712,"height":378},{"@type":"BreadcrumbList","@id":"https:\/\/www.pressenza.com\/es\/2014\/04\/secretaria-ddhh-presento-escuela-derechos-humanos\/#breadcrumb","itemListElement":[{"@type":"ListItem","position":1,"name":"Accueil","item":"https:\/\/www.pressenza.com\/es\/"},{"@type":"ListItem","position":2,"name":"La Secretar\u00eda de DDHH present\u00f3 la Escuela de Derechos Humanos"}]},{"@type":"WebSite","@id":"https:\/\/www.pressenza.com\/es\/#website","url":"https:\/\/www.pressenza.com\/es\/","name":"Pressenza","description":"International Press Agency","publisher":{"@id":"https:\/\/www.pressenza.com\/es\/#organization"},"potentialAction":[{"@type":"SearchAction","target":{"@type":"EntryPoint","urlTemplate":"https:\/\/www.pressenza.com\/es\/?s={search_term_string}"},"query-input":{"@type":"PropertyValueSpecification","valueRequired":true,"valueName":"search_term_string"}}],"inLanguage":"es"},{"@type":"Organization","@id":"https:\/\/www.pressenza.com\/es\/#organization","name":"Pressenza","url":"https:\/\/www.pressenza.com\/es\/","logo":{"@type":"ImageObject","inLanguage":"es","@id":"https:\/\/www.pressenza.com\/es\/#\/schema\/logo\/image\/","url":"https:\/\/www.pressenza.com\/wp-content\/uploads\/2022\/10\/pressenza_logo_200x200.jpg","contentUrl":"https:\/\/www.pressenza.com\/wp-content\/uploads\/2022\/10\/pressenza_logo_200x200.jpg","width":200,"height":200,"caption":"Pressenza"},"image":{"@id":"https:\/\/www.pressenza.com\/es\/#\/schema\/logo\/image\/"},"sameAs":["https:\/\/www.facebook.com\/PressenzaItalia","https:\/\/x.com\/PressenzaIPA"]},{"@type":"Person","@id":"https:\/\/www.pressenza.com\/es\/#\/schema\/person\/0dda7d1b68267ad95b1e1d83abc98c89","name":"Redacci\u00f3n Argentina","description":"News from the Pressenza Bureau in Argentina.","sameAs":["https:\/\/x.com\/pressenza"],"url":"https:\/\/www.pressenza.com\/es\/author\/redaccion-argentina\/"}]}},"place":"Buenos Aires","original_article_url":"","_links":{"self":[{"href":"https:\/\/www.pressenza.com\/es\/wp-json\/wp\/v2\/posts\/100535","targetHints":{"allow":["GET"]}}],"collection":[{"href":"https:\/\/www.pressenza.com\/es\/wp-json\/wp\/v2\/posts"}],"about":[{"href":"https:\/\/www.pressenza.com\/es\/wp-json\/wp\/v2\/types\/post"}],"author":[{"embeddable":true,"href":"https:\/\/www.pressenza.com\/es\/wp-json\/wp\/v2\/users\/87"}],"replies":[{"embeddable":true,"href":"https:\/\/www.pressenza.com\/es\/wp-json\/wp\/v2\/comments?post=100535"}],"version-history":[{"count":0,"href":"https:\/\/www.pressenza.com\/es\/wp-json\/wp\/v2\/posts\/100535\/revisions"}],"wp:featuredmedia":[{"embeddable":true,"href":"https:\/\/www.pressenza.com\/es\/wp-json\/wp\/v2\/media\/100536"}],"wp:attachment":[{"href":"https:\/\/www.pressenza.com\/es\/wp-json\/wp\/v2\/media?parent=100535"}],"wp:term":[{"taxonomy":"category","embeddable":true,"href":"https:\/\/www.pressenza.com\/es\/wp-json\/wp\/v2\/categories?post=100535"},{"taxonomy":"post_tag","embeddable":true,"href":"https:\/\/www.pressenza.com\/es\/wp-json\/wp\/v2\/tags?post=100535"}],"curies":[{"name":"wp","href":"https:\/\/api.w.org\/{rel}","templated":true}]}}