{"id":1004701,"date":"2020-01-01T12:35:53","date_gmt":"2020-01-01T12:35:53","guid":{"rendered":"https:\/\/www.pressenza.com\/?p=1004701"},"modified":"2020-01-01T12:35:53","modified_gmt":"2020-01-01T12:35:53","slug":"un-deseo-para-el-2020-una-nueva-cultura-universal-en-cuyo-centro-este-la-vida","status":"publish","type":"post","link":"https:\/\/www.pressenza.com\/es\/2020\/01\/un-deseo-para-el-2020-una-nueva-cultura-universal-en-cuyo-centro-este-la-vida\/","title":{"rendered":"Un deseo para el 2020: una nueva cultura universal en cuyo centro est\u00e9 la Vida"},"content":{"rendered":"<div id=\"js_b90\" class=\"_5pbx userContent _3ds9 _3576\" data-testid=\"post_message\" data-ft=\"{&quot;tn&quot;:&quot;K&quot;}\">\n<blockquote><p>Amigos, tengo un deseo que quiero compartir: \u00a1Que en este nuevo a\u00f1o avancemos en la construcci\u00f3n de una nueva cultura universal, noviolenta, en la que el ser humano y la Vida est\u00e9n en el centro!<\/p><\/blockquote>\n<p>Hoy est\u00e1 en juego la vida, desde sus formas m\u00e1s rudimentarias hasta la propia conciencia humana&#8230;<\/p>\n<p>Este sistema violento, que se defiende como gato panza arriba, lo hace en su expresi\u00f3n m\u00e1s bestial pero no podr\u00e1 detener el futuro. Su violencia b\u00e1rbara s\u00f3lo habla de su debilidad. Todos los sistemas han ca\u00eddo, todas las culturas han sido superadas por otras a lo largo de la historia.<\/p>\n<p>Es dif\u00edcil mantener la fe en que saldremos fortalecidos de este tunel oscuro, pero los pueblos comienzan a despertar en distintas partes del planeta y lo hacen de manera noviolenta, luminosa, como el roc\u00edo del amanecer.<\/p>\n<p>Nada ni nadie puede detener el PLAN de la VIDA. Esta crisis civilizatoria traer\u00e1 una nueva cultura planetaria, en cuyo centro estar\u00e1 el ser humano y la VIDA.<\/p>\n<p>Si hoy tengo un deseo es que este momento llegue cuanto antes y con el menor dolor y sufrimiento posibles.<\/p>\n<p>Amigos \u00a1Que en este nuevo a\u00f1o de la era cristiana avancemos en la construcci\u00f3n de una nueva cultura universal, noviolenta, en la que el ser humano y la Vida est\u00e9n en el centro! \u00a1Que la Vida despliegue sus alas de paz, fuerza y alegr\u00eda!<\/p>\n<\/div>\n","protected":false},"excerpt":{"rendered":"<p>Amigos, tengo un deseo que quiero compartir: \u00a1Que en este nuevo a\u00f1o avancemos en la construcci\u00f3n de una nueva cultura universal, noviolenta, en la que el ser humano y la Vida est\u00e9n en el centro! Hoy est\u00e1 en juego la&hellip;<\/p>\n","protected":false},"author":1561,"featured_media":1004705,"comment_status":"closed","ping_status":"closed","sticky":false,"template":"","format":"standard","meta":{"footnotes":""},"categories":[11389,1240],"tags":[35813,866,15571,69004],"class_list":["post-1004701","post","type-post","status-publish","format-standard","has-post-thumbnail","hentry","category-contenido-original","category-humanismo-espiritualidad","tag-crisis-civilizatoria","tag-humanismo","tag-nacion-humana-universal","tag-nueva-cultura-noviolenta"],"yoast_head":"<!-- This site is optimized with the Yoast SEO plugin v27.1.1 - https:\/\/yoast.com\/product\/yoast-seo-wordpress\/ -->\n<title>Un deseo para el 2020: una nueva cultura universal en cuyo centro est\u00e9 la Vida<\/title>\n<meta name=\"description\" content=\"Amigos, tengo un deseo que quiero compartir: \u00a1Que en este nuevo a\u00f1o avancemos en la construcci\u00f3n de una nueva cultura universal, noviolenta, en la que el\" \/>\n<meta name=\"robots\" content=\"index, follow, max-snippet:-1, max-image-preview:large, max-video-preview:-1\" \/>\n<link rel=\"canonical\" href=\"https:\/\/www.pressenza.com\/es\/2020\/01\/un-deseo-para-el-2020-una-nueva-cultura-universal-en-cuyo-centro-este-la-vida\/\" \/>\n<meta property=\"og:locale\" content=\"es_ES\" \/>\n<meta property=\"og:type\" content=\"article\" \/>\n<meta property=\"og:title\" content=\"Un deseo para el 2020: una nueva cultura universal en cuyo centro est\u00e9 la Vida\" \/>\n<meta property=\"og:description\" content=\"Amigos, tengo un deseo que quiero compartir: \u00a1Que en este nuevo a\u00f1o avancemos en la construcci\u00f3n de una nueva cultura universal, noviolenta, en la que el\" \/>\n<meta property=\"og:url\" content=\"https:\/\/www.pressenza.com\/es\/2020\/01\/un-deseo-para-el-2020-una-nueva-cultura-universal-en-cuyo-centro-este-la-vida\/\" \/>\n<meta property=\"og:site_name\" content=\"Pressenza\" \/>\n<meta property=\"article:publisher\" content=\"https:\/\/www.facebook.com\/PressenzaItalia\" \/>\n<meta property=\"article:published_time\" content=\"2020-01-01T12:35:53+00:00\" \/>\n<meta property=\"og:image\" content=\"https:\/\/www.pressenza.com\/wp-content\/uploads\/2020\/01\/Parque-Punta-de-Vacas_redes.jpg\" \/>\n\t<meta property=\"og:image:width\" content=\"1280\" \/>\n\t<meta property=\"og:image:height\" content=\"640\" \/>\n\t<meta property=\"og:image:type\" content=\"image\/jpeg\" \/>\n<meta name=\"author\" content=\"Juana P\u00e9rez Montero\" \/>\n<meta name=\"twitter:card\" content=\"summary_large_image\" \/>\n<meta name=\"twitter:creator\" content=\"@PressenzaIPA\" \/>\n<meta name=\"twitter:site\" content=\"@PressenzaIPA\" \/>\n<meta name=\"twitter:label1\" content=\"Escrito por\" \/>\n\t<meta name=\"twitter:data1\" content=\"Juana P\u00e9rez Montero\" \/>\n\t<meta name=\"twitter:label2\" content=\"Tiempo de lectura\" \/>\n\t<meta name=\"twitter:data2\" content=\"1 minuto\" \/>\n<script type=\"application\/ld+json\" class=\"yoast-schema-graph\">{\"@context\":\"https:\/\/schema.org\",\"@graph\":[{\"@type\":\"Article\",\"@id\":\"https:\/\/www.pressenza.com\/es\/2020\/01\/un-deseo-para-el-2020-una-nueva-cultura-universal-en-cuyo-centro-este-la-vida\/#article\",\"isPartOf\":{\"@id\":\"https:\/\/www.pressenza.com\/es\/2020\/01\/un-deseo-para-el-2020-una-nueva-cultura-universal-en-cuyo-centro-este-la-vida\/\"},\"author\":{\"name\":\"Juana P\u00e9rez Montero\",\"@id\":\"https:\/\/www.pressenza.com\/es\/#\/schema\/person\/606cbea0307458f18c06dd6b1ec227ec\"},\"headline\":\"Un deseo para el 2020: una nueva cultura universal en cuyo centro est\u00e9 la Vida\",\"datePublished\":\"2020-01-01T12:35:53+00:00\",\"mainEntityOfPage\":{\"@id\":\"https:\/\/www.pressenza.com\/es\/2020\/01\/un-deseo-para-el-2020-una-nueva-cultura-universal-en-cuyo-centro-este-la-vida\/\"},\"wordCount\":258,\"publisher\":{\"@id\":\"https:\/\/www.pressenza.com\/es\/#organization\"},\"image\":{\"@id\":\"https:\/\/www.pressenza.com\/es\/2020\/01\/un-deseo-para-el-2020-una-nueva-cultura-universal-en-cuyo-centro-este-la-vida\/#primaryimage\"},\"thumbnailUrl\":\"https:\/\/www.pressenza.com\/wp-content\/uploads\/2020\/01\/Parque-Punta-de-Vacas_redes.jpg\",\"keywords\":[\"crisis civilizatoria\",\"Humanismo\",\"Naci\u00f3n Humana Universal\",\"nueva cultura noviolenta\"],\"articleSection\":[\"Contenido Original\",\"Humanismo y Espiritualidad\"],\"inLanguage\":\"es\"},{\"@type\":\"WebPage\",\"@id\":\"https:\/\/www.pressenza.com\/es\/2020\/01\/un-deseo-para-el-2020-una-nueva-cultura-universal-en-cuyo-centro-este-la-vida\/\",\"url\":\"https:\/\/www.pressenza.com\/es\/2020\/01\/un-deseo-para-el-2020-una-nueva-cultura-universal-en-cuyo-centro-este-la-vida\/\",\"name\":\"Un deseo para el 2020: una nueva cultura universal en cuyo centro est\u00e9 la Vida\",\"isPartOf\":{\"@id\":\"https:\/\/www.pressenza.com\/es\/#website\"},\"primaryImageOfPage\":{\"@id\":\"https:\/\/www.pressenza.com\/es\/2020\/01\/un-deseo-para-el-2020-una-nueva-cultura-universal-en-cuyo-centro-este-la-vida\/#primaryimage\"},\"image\":{\"@id\":\"https:\/\/www.pressenza.com\/es\/2020\/01\/un-deseo-para-el-2020-una-nueva-cultura-universal-en-cuyo-centro-este-la-vida\/#primaryimage\"},\"thumbnailUrl\":\"https:\/\/www.pressenza.com\/wp-content\/uploads\/2020\/01\/Parque-Punta-de-Vacas_redes.jpg\",\"datePublished\":\"2020-01-01T12:35:53+00:00\",\"description\":\"Amigos, tengo un deseo que quiero compartir: \u00a1Que en este nuevo a\u00f1o avancemos en la construcci\u00f3n de una nueva cultura universal, noviolenta, en la que el\",\"breadcrumb\":{\"@id\":\"https:\/\/www.pressenza.com\/es\/2020\/01\/un-deseo-para-el-2020-una-nueva-cultura-universal-en-cuyo-centro-este-la-vida\/#breadcrumb\"},\"inLanguage\":\"es\",\"potentialAction\":[{\"@type\":\"ReadAction\",\"target\":[\"https:\/\/www.pressenza.com\/es\/2020\/01\/un-deseo-para-el-2020-una-nueva-cultura-universal-en-cuyo-centro-este-la-vida\/\"]}]},{\"@type\":\"ImageObject\",\"inLanguage\":\"es\",\"@id\":\"https:\/\/www.pressenza.com\/es\/2020\/01\/un-deseo-para-el-2020-una-nueva-cultura-universal-en-cuyo-centro-este-la-vida\/#primaryimage\",\"url\":\"https:\/\/www.pressenza.com\/wp-content\/uploads\/2020\/01\/Parque-Punta-de-Vacas_redes.jpg\",\"contentUrl\":\"https:\/\/www.pressenza.com\/wp-content\/uploads\/2020\/01\/Parque-Punta-de-Vacas_redes.jpg\",\"width\":1280,\"height\":640},{\"@type\":\"BreadcrumbList\",\"@id\":\"https:\/\/www.pressenza.com\/es\/2020\/01\/un-deseo-para-el-2020-una-nueva-cultura-universal-en-cuyo-centro-este-la-vida\/#breadcrumb\",\"itemListElement\":[{\"@type\":\"ListItem\",\"position\":1,\"name\":\"Accueil\",\"item\":\"https:\/\/www.pressenza.com\/es\/\"},{\"@type\":\"ListItem\",\"position\":2,\"name\":\"Un deseo para el 2020: una nueva cultura universal en cuyo centro est\u00e9 la Vida\"}]},{\"@type\":\"WebSite\",\"@id\":\"https:\/\/www.pressenza.com\/es\/#website\",\"url\":\"https:\/\/www.pressenza.com\/es\/\",\"name\":\"Pressenza\",\"description\":\"International Press Agency\",\"publisher\":{\"@id\":\"https:\/\/www.pressenza.com\/es\/#organization\"},\"potentialAction\":[{\"@type\":\"SearchAction\",\"target\":{\"@type\":\"EntryPoint\",\"urlTemplate\":\"https:\/\/www.pressenza.com\/es\/?s={search_term_string}\"},\"query-input\":{\"@type\":\"PropertyValueSpecification\",\"valueRequired\":true,\"valueName\":\"search_term_string\"}}],\"inLanguage\":\"es\"},{\"@type\":\"Organization\",\"@id\":\"https:\/\/www.pressenza.com\/es\/#organization\",\"name\":\"Pressenza\",\"url\":\"https:\/\/www.pressenza.com\/es\/\",\"logo\":{\"@type\":\"ImageObject\",\"inLanguage\":\"es\",\"@id\":\"https:\/\/www.pressenza.com\/es\/#\/schema\/logo\/image\/\",\"url\":\"https:\/\/www.pressenza.com\/wp-content\/uploads\/2022\/10\/pressenza_logo_200x200.jpg\",\"contentUrl\":\"https:\/\/www.pressenza.com\/wp-content\/uploads\/2022\/10\/pressenza_logo_200x200.jpg\",\"width\":200,\"height\":200,\"caption\":\"Pressenza\"},\"image\":{\"@id\":\"https:\/\/www.pressenza.com\/es\/#\/schema\/logo\/image\/\"},\"sameAs\":[\"https:\/\/www.facebook.com\/PressenzaItalia\",\"https:\/\/x.com\/PressenzaIPA\"]},{\"@type\":\"Person\",\"@id\":\"https:\/\/www.pressenza.com\/es\/#\/schema\/person\/606cbea0307458f18c06dd6b1ec227ec\",\"name\":\"Juana P\u00e9rez Montero\",\"description\":\"Juana P\u00e9rez Montero es periodista y activista humanista.\",\"url\":\"https:\/\/www.pressenza.com\/es\/author\/juana-perez-montero\/\"}]}<\/script>\n<!-- \/ Yoast SEO plugin. -->","yoast_head_json":{"title":"Un deseo para el 2020: una nueva cultura universal en cuyo centro est\u00e9 la Vida","description":"Amigos, tengo un deseo que quiero compartir: \u00a1Que en este nuevo a\u00f1o avancemos en la construcci\u00f3n de una nueva cultura universal, noviolenta, en la que el","robots":{"index":"index","follow":"follow","max-snippet":"max-snippet:-1","max-image-preview":"max-image-preview:large","max-video-preview":"max-video-preview:-1"},"canonical":"https:\/\/www.pressenza.com\/es\/2020\/01\/un-deseo-para-el-2020-una-nueva-cultura-universal-en-cuyo-centro-este-la-vida\/","og_locale":"es_ES","og_type":"article","og_title":"Un deseo para el 2020: una nueva cultura universal en cuyo centro est\u00e9 la Vida","og_description":"Amigos, tengo un deseo que quiero compartir: \u00a1Que en este nuevo a\u00f1o avancemos en la construcci\u00f3n de una nueva cultura universal, noviolenta, en la que el","og_url":"https:\/\/www.pressenza.com\/es\/2020\/01\/un-deseo-para-el-2020-una-nueva-cultura-universal-en-cuyo-centro-este-la-vida\/","og_site_name":"Pressenza","article_publisher":"https:\/\/www.facebook.com\/PressenzaItalia","article_published_time":"2020-01-01T12:35:53+00:00","og_image":[{"width":1280,"height":640,"url":"https:\/\/www.pressenza.com\/wp-content\/uploads\/2020\/01\/Parque-Punta-de-Vacas_redes.jpg","type":"image\/jpeg"}],"author":"Juana P\u00e9rez Montero","twitter_card":"summary_large_image","twitter_creator":"@PressenzaIPA","twitter_site":"@PressenzaIPA","twitter_misc":{"Escrito por":"Juana P\u00e9rez Montero","Tiempo de lectura":"1 minuto"},"schema":{"@context":"https:\/\/schema.org","@graph":[{"@type":"Article","@id":"https:\/\/www.pressenza.com\/es\/2020\/01\/un-deseo-para-el-2020-una-nueva-cultura-universal-en-cuyo-centro-este-la-vida\/#article","isPartOf":{"@id":"https:\/\/www.pressenza.com\/es\/2020\/01\/un-deseo-para-el-2020-una-nueva-cultura-universal-en-cuyo-centro-este-la-vida\/"},"author":{"name":"Juana P\u00e9rez Montero","@id":"https:\/\/www.pressenza.com\/es\/#\/schema\/person\/606cbea0307458f18c06dd6b1ec227ec"},"headline":"Un deseo para el 2020: una nueva cultura universal en cuyo centro est\u00e9 la Vida","datePublished":"2020-01-01T12:35:53+00:00","mainEntityOfPage":{"@id":"https:\/\/www.pressenza.com\/es\/2020\/01\/un-deseo-para-el-2020-una-nueva-cultura-universal-en-cuyo-centro-este-la-vida\/"},"wordCount":258,"publisher":{"@id":"https:\/\/www.pressenza.com\/es\/#organization"},"image":{"@id":"https:\/\/www.pressenza.com\/es\/2020\/01\/un-deseo-para-el-2020-una-nueva-cultura-universal-en-cuyo-centro-este-la-vida\/#primaryimage"},"thumbnailUrl":"https:\/\/www.pressenza.com\/wp-content\/uploads\/2020\/01\/Parque-Punta-de-Vacas_redes.jpg","keywords":["crisis civilizatoria","Humanismo","Naci\u00f3n Humana Universal","nueva cultura noviolenta"],"articleSection":["Contenido Original","Humanismo y Espiritualidad"],"inLanguage":"es"},{"@type":"WebPage","@id":"https:\/\/www.pressenza.com\/es\/2020\/01\/un-deseo-para-el-2020-una-nueva-cultura-universal-en-cuyo-centro-este-la-vida\/","url":"https:\/\/www.pressenza.com\/es\/2020\/01\/un-deseo-para-el-2020-una-nueva-cultura-universal-en-cuyo-centro-este-la-vida\/","name":"Un deseo para el 2020: una nueva cultura universal en cuyo centro est\u00e9 la Vida","isPartOf":{"@id":"https:\/\/www.pressenza.com\/es\/#website"},"primaryImageOfPage":{"@id":"https:\/\/www.pressenza.com\/es\/2020\/01\/un-deseo-para-el-2020-una-nueva-cultura-universal-en-cuyo-centro-este-la-vida\/#primaryimage"},"image":{"@id":"https:\/\/www.pressenza.com\/es\/2020\/01\/un-deseo-para-el-2020-una-nueva-cultura-universal-en-cuyo-centro-este-la-vida\/#primaryimage"},"thumbnailUrl":"https:\/\/www.pressenza.com\/wp-content\/uploads\/2020\/01\/Parque-Punta-de-Vacas_redes.jpg","datePublished":"2020-01-01T12:35:53+00:00","description":"Amigos, tengo un deseo que quiero compartir: \u00a1Que en este nuevo a\u00f1o avancemos en la construcci\u00f3n de una nueva cultura universal, noviolenta, en la que el","breadcrumb":{"@id":"https:\/\/www.pressenza.com\/es\/2020\/01\/un-deseo-para-el-2020-una-nueva-cultura-universal-en-cuyo-centro-este-la-vida\/#breadcrumb"},"inLanguage":"es","potentialAction":[{"@type":"ReadAction","target":["https:\/\/www.pressenza.com\/es\/2020\/01\/un-deseo-para-el-2020-una-nueva-cultura-universal-en-cuyo-centro-este-la-vida\/"]}]},{"@type":"ImageObject","inLanguage":"es","@id":"https:\/\/www.pressenza.com\/es\/2020\/01\/un-deseo-para-el-2020-una-nueva-cultura-universal-en-cuyo-centro-este-la-vida\/#primaryimage","url":"https:\/\/www.pressenza.com\/wp-content\/uploads\/2020\/01\/Parque-Punta-de-Vacas_redes.jpg","contentUrl":"https:\/\/www.pressenza.com\/wp-content\/uploads\/2020\/01\/Parque-Punta-de-Vacas_redes.jpg","width":1280,"height":640},{"@type":"BreadcrumbList","@id":"https:\/\/www.pressenza.com\/es\/2020\/01\/un-deseo-para-el-2020-una-nueva-cultura-universal-en-cuyo-centro-este-la-vida\/#breadcrumb","itemListElement":[{"@type":"ListItem","position":1,"name":"Accueil","item":"https:\/\/www.pressenza.com\/es\/"},{"@type":"ListItem","position":2,"name":"Un deseo para el 2020: una nueva cultura universal en cuyo centro est\u00e9 la Vida"}]},{"@type":"WebSite","@id":"https:\/\/www.pressenza.com\/es\/#website","url":"https:\/\/www.pressenza.com\/es\/","name":"Pressenza","description":"International Press Agency","publisher":{"@id":"https:\/\/www.pressenza.com\/es\/#organization"},"potentialAction":[{"@type":"SearchAction","target":{"@type":"EntryPoint","urlTemplate":"https:\/\/www.pressenza.com\/es\/?s={search_term_string}"},"query-input":{"@type":"PropertyValueSpecification","valueRequired":true,"valueName":"search_term_string"}}],"inLanguage":"es"},{"@type":"Organization","@id":"https:\/\/www.pressenza.com\/es\/#organization","name":"Pressenza","url":"https:\/\/www.pressenza.com\/es\/","logo":{"@type":"ImageObject","inLanguage":"es","@id":"https:\/\/www.pressenza.com\/es\/#\/schema\/logo\/image\/","url":"https:\/\/www.pressenza.com\/wp-content\/uploads\/2022\/10\/pressenza_logo_200x200.jpg","contentUrl":"https:\/\/www.pressenza.com\/wp-content\/uploads\/2022\/10\/pressenza_logo_200x200.jpg","width":200,"height":200,"caption":"Pressenza"},"image":{"@id":"https:\/\/www.pressenza.com\/es\/#\/schema\/logo\/image\/"},"sameAs":["https:\/\/www.facebook.com\/PressenzaItalia","https:\/\/x.com\/PressenzaIPA"]},{"@type":"Person","@id":"https:\/\/www.pressenza.com\/es\/#\/schema\/person\/606cbea0307458f18c06dd6b1ec227ec","name":"Juana P\u00e9rez Montero","description":"Juana P\u00e9rez Montero es periodista y activista humanista.","url":"https:\/\/www.pressenza.com\/es\/author\/juana-perez-montero\/"}]}},"place":"","original_article_url":"","_links":{"self":[{"href":"https:\/\/www.pressenza.com\/es\/wp-json\/wp\/v2\/posts\/1004701","targetHints":{"allow":["GET"]}}],"collection":[{"href":"https:\/\/www.pressenza.com\/es\/wp-json\/wp\/v2\/posts"}],"about":[{"href":"https:\/\/www.pressenza.com\/es\/wp-json\/wp\/v2\/types\/post"}],"author":[{"embeddable":true,"href":"https:\/\/www.pressenza.com\/es\/wp-json\/wp\/v2\/users\/1561"}],"replies":[{"embeddable":true,"href":"https:\/\/www.pressenza.com\/es\/wp-json\/wp\/v2\/comments?post=1004701"}],"version-history":[{"count":0,"href":"https:\/\/www.pressenza.com\/es\/wp-json\/wp\/v2\/posts\/1004701\/revisions"}],"wp:featuredmedia":[{"embeddable":true,"href":"https:\/\/www.pressenza.com\/es\/wp-json\/wp\/v2\/media\/1004705"}],"wp:attachment":[{"href":"https:\/\/www.pressenza.com\/es\/wp-json\/wp\/v2\/media?parent=1004701"}],"wp:term":[{"taxonomy":"category","embeddable":true,"href":"https:\/\/www.pressenza.com\/es\/wp-json\/wp\/v2\/categories?post=1004701"},{"taxonomy":"post_tag","embeddable":true,"href":"https:\/\/www.pressenza.com\/es\/wp-json\/wp\/v2\/tags?post=1004701"}],"curies":[{"name":"wp","href":"https:\/\/api.w.org\/{rel}","templated":true}]}}