{"id":1003708,"date":"2019-12-29T19:39:49","date_gmt":"2019-12-29T19:39:49","guid":{"rendered":"https:\/\/www.pressenza.com\/?p=1003708"},"modified":"2019-12-29T19:39:49","modified_gmt":"2019-12-29T19:39:49","slug":"gobierno-argentino-firmo-un-acuerdo-con-empresarios-y-gremios-para-superar-la-fragilidad-economica","status":"publish","type":"post","link":"https:\/\/www.pressenza.com\/es\/2019\/12\/gobierno-argentino-firmo-un-acuerdo-con-empresarios-y-gremios-para-superar-la-fragilidad-economica\/","title":{"rendered":"Gobierno argentino firm\u00f3 un acuerdo con empresarios y gremios para superar la \u00abfragilidad econ\u00f3mica\u00bb"},"content":{"rendered":"<p>Por lbuitrarcia<\/p>\n<p>El presidente de Argentina, Alberto Fern\u00e1ndez, firm\u00f3 este viernes un acuerdo social con empresarios, sindicatos y organizaciones sociales en la Casa Rosada en Buenos Aires para atender la emergencia social, buscar una soluci\u00f3n sustentable al endeudamiento p\u00fablico y poner en marcha un Consejo Econ\u00f3mico y Social.<\/p>\n<p>El acuerdo fue logrado pocas semanas despu\u00e9s de la asunci\u00f3n del nuevo presidente argentino, y de que el Congreso del pa\u00eds suramericano aprobara una ley de emergencia p\u00fablica con un amplio paquete de medidas de ajuste econ\u00f3mico.<\/p>\n<p>El denominado \u00abCompromiso argentino por el desarrollo y la solidaridad\u00bb tiene como prop\u00f3sito generar consensos de largo plazo para superar la \u00abgrave fragilidad econ\u00f3mica y social\u00bb que atraviesa la naci\u00f3n suramericana como consecuencia de las pol\u00edticas neoliberales aplicadas por la administraci\u00f3n del empresario Mauricio Macri.<\/p>\n<p>Asimismo, busca dar respuesta de forma urgente a la \u00abtr\u00e1gica deuda social con los argentinos y argentinas que sufren hambre y problemas de alimentaci\u00f3n\u00bb.<\/p>\n<p>El documento establece como uno de sus temas prioritarios la creaci\u00f3n de un Consejo Econ\u00f3mico y Social que impulse un \u00abesquema equitativo y sustentable de actualizaci\u00f3n de haberes jubilatorios y tarifas de los servicios p\u00fablicos\u00bb, que fueron congelados por 180 d\u00edas en la ley de emergencia p\u00fablica sancionada por el Congreso.<\/p>\n<p>Alberto Fern\u00e1ndez afirm\u00f3 que la meta del acuerdo es \u00ablograr un di\u00e1logo franco\u00bb sobre los problemas que afronta la naci\u00f3n sudamericana.<\/p>\n<p>\u00abEstamos en un pa\u00eds que lleva dos a\u00f1os consecutivos de ca\u00edda del consumo y m\u00e1s de veinte meses de ca\u00edda de la actividad industrial, y esto hay que revertirlo r\u00e1pidamente: el modo es que los industriales inviertan, que la industria crezca, que podamos exportar, que de ese modo generemos trabajo, que la econom\u00eda vuelva a moverse como todos so\u00f1amos, y la idea es que lo hagamos entre todos\u00bb, expres\u00f3 el mandatario progresista.<\/p>\n<p>&nbsp;<\/p>\n","protected":false},"excerpt":{"rendered":"<p>Por lbuitrarcia El presidente de Argentina, Alberto Fern\u00e1ndez, firm\u00f3 este viernes un acuerdo social con empresarios, sindicatos y organizaciones sociales en la Casa Rosada en Buenos Aires para atender la emergencia social, buscar una soluci\u00f3n sustentable al endeudamiento p\u00fablico y&hellip;<\/p>\n","protected":false},"author":616,"featured_media":1003709,"comment_status":"closed","ping_status":"closed","sticky":false,"template":"","format":"standard","meta":{"footnotes":""},"categories":[81,67],"tags":[58830,26,30358],"class_list":["post-1003708","post","type-post","status-publish","format-standard","has-post-thumbnail","hentry","category-economia-es","category-sudamerica","tag-alberto-fernandez","tag-argentina","tag-emergencia-social"],"yoast_head":"<!-- This site is optimized with the Yoast SEO plugin v27.1.1 - https:\/\/yoast.com\/product\/yoast-seo-wordpress\/ -->\n<title>Gobierno argentino firm\u00f3 un acuerdo con empresarios y gremios para superar la \u00abfragilidad econ\u00f3mica\u00bb<\/title>\n<meta name=\"description\" content=\"Por lbuitrarcia El presidente de Argentina, Alberto Fern\u00e1ndez, firm\u00f3 este viernes un acuerdo social con empresarios, sindicatos y organizaciones sociales\" \/>\n<meta name=\"robots\" content=\"index, follow, max-snippet:-1, max-image-preview:large, max-video-preview:-1\" \/>\n<link rel=\"canonical\" href=\"https:\/\/www.pressenza.com\/es\/2019\/12\/gobierno-argentino-firmo-un-acuerdo-con-empresarios-y-gremios-para-superar-la-fragilidad-economica\/\" \/>\n<meta property=\"og:locale\" content=\"es_ES\" \/>\n<meta property=\"og:type\" content=\"article\" \/>\n<meta property=\"og:title\" content=\"Gobierno argentino firm\u00f3 un acuerdo con empresarios y gremios para superar la \u00abfragilidad econ\u00f3mica\u00bb\" \/>\n<meta property=\"og:description\" content=\"Por lbuitrarcia El presidente de Argentina, Alberto Fern\u00e1ndez, firm\u00f3 este viernes un acuerdo social con empresarios, sindicatos y organizaciones sociales\" \/>\n<meta property=\"og:url\" content=\"https:\/\/www.pressenza.com\/es\/2019\/12\/gobierno-argentino-firmo-un-acuerdo-con-empresarios-y-gremios-para-superar-la-fragilidad-economica\/\" \/>\n<meta property=\"og:site_name\" content=\"Pressenza\" \/>\n<meta property=\"article:publisher\" content=\"https:\/\/www.facebook.com\/PressenzaItalia\" \/>\n<meta property=\"article:published_time\" content=\"2019-12-29T19:39:49+00:00\" \/>\n<meta property=\"og:image\" content=\"https:\/\/www.pressenza.com\/wp-content\/uploads\/2019\/12\/acuerdo.jpg\" \/>\n\t<meta property=\"og:image:width\" content=\"640\" \/>\n\t<meta property=\"og:image:height\" content=\"438\" \/>\n\t<meta property=\"og:image:type\" content=\"image\/jpeg\" \/>\n<meta name=\"author\" content=\"El Ciudadano\" \/>\n<meta name=\"twitter:card\" content=\"summary_large_image\" \/>\n<meta name=\"twitter:creator\" content=\"@PressenzaIPA\" \/>\n<meta name=\"twitter:site\" content=\"@PressenzaIPA\" \/>\n<meta name=\"twitter:label1\" content=\"Escrito por\" \/>\n\t<meta name=\"twitter:data1\" content=\"El Ciudadano\" \/>\n\t<meta name=\"twitter:label2\" content=\"Tiempo de lectura\" \/>\n\t<meta name=\"twitter:data2\" content=\"2 minutos\" \/>\n<script type=\"application\/ld+json\" class=\"yoast-schema-graph\">{\"@context\":\"https:\/\/schema.org\",\"@graph\":[{\"@type\":\"Article\",\"@id\":\"https:\/\/www.pressenza.com\/es\/2019\/12\/gobierno-argentino-firmo-un-acuerdo-con-empresarios-y-gremios-para-superar-la-fragilidad-economica\/#article\",\"isPartOf\":{\"@id\":\"https:\/\/www.pressenza.com\/es\/2019\/12\/gobierno-argentino-firmo-un-acuerdo-con-empresarios-y-gremios-para-superar-la-fragilidad-economica\/\"},\"author\":{\"name\":\"El Ciudadano\",\"@id\":\"https:\/\/www.pressenza.com\/es\/#\/schema\/person\/6522eecb4cd68e074b27e251e4b04ef8\"},\"headline\":\"Gobierno argentino firm\u00f3 un acuerdo con empresarios y gremios para superar la \u00abfragilidad econ\u00f3mica\u00bb\",\"datePublished\":\"2019-12-29T19:39:49+00:00\",\"mainEntityOfPage\":{\"@id\":\"https:\/\/www.pressenza.com\/es\/2019\/12\/gobierno-argentino-firmo-un-acuerdo-con-empresarios-y-gremios-para-superar-la-fragilidad-economica\/\"},\"wordCount\":346,\"publisher\":{\"@id\":\"https:\/\/www.pressenza.com\/es\/#organization\"},\"image\":{\"@id\":\"https:\/\/www.pressenza.com\/es\/2019\/12\/gobierno-argentino-firmo-un-acuerdo-con-empresarios-y-gremios-para-superar-la-fragilidad-economica\/#primaryimage\"},\"thumbnailUrl\":\"https:\/\/www.pressenza.com\/wp-content\/uploads\/2019\/12\/acuerdo.jpg\",\"keywords\":[\"Alberto Fern\u00e1ndez\",\"Argentina\",\"Emergencia social\"],\"articleSection\":[\"Econom\u00eda\",\"Sudam\u00e9rica\"],\"inLanguage\":\"es\"},{\"@type\":\"WebPage\",\"@id\":\"https:\/\/www.pressenza.com\/es\/2019\/12\/gobierno-argentino-firmo-un-acuerdo-con-empresarios-y-gremios-para-superar-la-fragilidad-economica\/\",\"url\":\"https:\/\/www.pressenza.com\/es\/2019\/12\/gobierno-argentino-firmo-un-acuerdo-con-empresarios-y-gremios-para-superar-la-fragilidad-economica\/\",\"name\":\"Gobierno argentino firm\u00f3 un acuerdo con empresarios y gremios para superar la \u00abfragilidad econ\u00f3mica\u00bb\",\"isPartOf\":{\"@id\":\"https:\/\/www.pressenza.com\/es\/#website\"},\"primaryImageOfPage\":{\"@id\":\"https:\/\/www.pressenza.com\/es\/2019\/12\/gobierno-argentino-firmo-un-acuerdo-con-empresarios-y-gremios-para-superar-la-fragilidad-economica\/#primaryimage\"},\"image\":{\"@id\":\"https:\/\/www.pressenza.com\/es\/2019\/12\/gobierno-argentino-firmo-un-acuerdo-con-empresarios-y-gremios-para-superar-la-fragilidad-economica\/#primaryimage\"},\"thumbnailUrl\":\"https:\/\/www.pressenza.com\/wp-content\/uploads\/2019\/12\/acuerdo.jpg\",\"datePublished\":\"2019-12-29T19:39:49+00:00\",\"description\":\"Por lbuitrarcia El presidente de Argentina, Alberto Fern\u00e1ndez, firm\u00f3 este viernes un acuerdo social con empresarios, sindicatos y organizaciones sociales\",\"breadcrumb\":{\"@id\":\"https:\/\/www.pressenza.com\/es\/2019\/12\/gobierno-argentino-firmo-un-acuerdo-con-empresarios-y-gremios-para-superar-la-fragilidad-economica\/#breadcrumb\"},\"inLanguage\":\"es\",\"potentialAction\":[{\"@type\":\"ReadAction\",\"target\":[\"https:\/\/www.pressenza.com\/es\/2019\/12\/gobierno-argentino-firmo-un-acuerdo-con-empresarios-y-gremios-para-superar-la-fragilidad-economica\/\"]}]},{\"@type\":\"ImageObject\",\"inLanguage\":\"es\",\"@id\":\"https:\/\/www.pressenza.com\/es\/2019\/12\/gobierno-argentino-firmo-un-acuerdo-con-empresarios-y-gremios-para-superar-la-fragilidad-economica\/#primaryimage\",\"url\":\"https:\/\/www.pressenza.com\/wp-content\/uploads\/2019\/12\/acuerdo.jpg\",\"contentUrl\":\"https:\/\/www.pressenza.com\/wp-content\/uploads\/2019\/12\/acuerdo.jpg\",\"width\":640,\"height\":438},{\"@type\":\"BreadcrumbList\",\"@id\":\"https:\/\/www.pressenza.com\/es\/2019\/12\/gobierno-argentino-firmo-un-acuerdo-con-empresarios-y-gremios-para-superar-la-fragilidad-economica\/#breadcrumb\",\"itemListElement\":[{\"@type\":\"ListItem\",\"position\":1,\"name\":\"Accueil\",\"item\":\"https:\/\/www.pressenza.com\/es\/\"},{\"@type\":\"ListItem\",\"position\":2,\"name\":\"Gobierno argentino firm\u00f3 un acuerdo con empresarios y gremios para superar la \u00abfragilidad econ\u00f3mica\u00bb\"}]},{\"@type\":\"WebSite\",\"@id\":\"https:\/\/www.pressenza.com\/es\/#website\",\"url\":\"https:\/\/www.pressenza.com\/es\/\",\"name\":\"Pressenza\",\"description\":\"International Press Agency\",\"publisher\":{\"@id\":\"https:\/\/www.pressenza.com\/es\/#organization\"},\"potentialAction\":[{\"@type\":\"SearchAction\",\"target\":{\"@type\":\"EntryPoint\",\"urlTemplate\":\"https:\/\/www.pressenza.com\/es\/?s={search_term_string}\"},\"query-input\":{\"@type\":\"PropertyValueSpecification\",\"valueRequired\":true,\"valueName\":\"search_term_string\"}}],\"inLanguage\":\"es\"},{\"@type\":\"Organization\",\"@id\":\"https:\/\/www.pressenza.com\/es\/#organization\",\"name\":\"Pressenza\",\"url\":\"https:\/\/www.pressenza.com\/es\/\",\"logo\":{\"@type\":\"ImageObject\",\"inLanguage\":\"es\",\"@id\":\"https:\/\/www.pressenza.com\/es\/#\/schema\/logo\/image\/\",\"url\":\"https:\/\/www.pressenza.com\/wp-content\/uploads\/2022\/10\/pressenza_logo_200x200.jpg\",\"contentUrl\":\"https:\/\/www.pressenza.com\/wp-content\/uploads\/2022\/10\/pressenza_logo_200x200.jpg\",\"width\":200,\"height\":200,\"caption\":\"Pressenza\"},\"image\":{\"@id\":\"https:\/\/www.pressenza.com\/es\/#\/schema\/logo\/image\/\"},\"sameAs\":[\"https:\/\/www.facebook.com\/PressenzaItalia\",\"https:\/\/x.com\/PressenzaIPA\"]},{\"@type\":\"Person\",\"@id\":\"https:\/\/www.pressenza.com\/es\/#\/schema\/person\/6522eecb4cd68e074b27e251e4b04ef8\",\"name\":\"El Ciudadano\",\"description\":\"El Ciudadano es un medio de comunicaci\u00f3n de circulaci\u00f3n mensual en papel y de funcionamiento diario en la web. Forma parte de la Red de Medios de los Pueblos por lo que se declara como un medio del Tercer Sector para romper el cerco informativo. El Ciudadano es una publicaci\u00f3n que busca elevar desde lo local a lo global las demandas de la organizaci\u00f3n social chilena como tambi\u00e9n promover la acci\u00f3n directa de la ciudadan\u00eda por su derecho a autodeterminaci\u00f3n. elciudadano.cl\",\"url\":\"https:\/\/www.pressenza.com\/es\/author\/el-ciudadano\/\"}]}<\/script>\n<!-- \/ Yoast SEO plugin. -->","yoast_head_json":{"title":"Gobierno argentino firm\u00f3 un acuerdo con empresarios y gremios para superar la \u00abfragilidad econ\u00f3mica\u00bb","description":"Por lbuitrarcia El presidente de Argentina, Alberto Fern\u00e1ndez, firm\u00f3 este viernes un acuerdo social con empresarios, sindicatos y organizaciones sociales","robots":{"index":"index","follow":"follow","max-snippet":"max-snippet:-1","max-image-preview":"max-image-preview:large","max-video-preview":"max-video-preview:-1"},"canonical":"https:\/\/www.pressenza.com\/es\/2019\/12\/gobierno-argentino-firmo-un-acuerdo-con-empresarios-y-gremios-para-superar-la-fragilidad-economica\/","og_locale":"es_ES","og_type":"article","og_title":"Gobierno argentino firm\u00f3 un acuerdo con empresarios y gremios para superar la \u00abfragilidad econ\u00f3mica\u00bb","og_description":"Por lbuitrarcia El presidente de Argentina, Alberto Fern\u00e1ndez, firm\u00f3 este viernes un acuerdo social con empresarios, sindicatos y organizaciones sociales","og_url":"https:\/\/www.pressenza.com\/es\/2019\/12\/gobierno-argentino-firmo-un-acuerdo-con-empresarios-y-gremios-para-superar-la-fragilidad-economica\/","og_site_name":"Pressenza","article_publisher":"https:\/\/www.facebook.com\/PressenzaItalia","article_published_time":"2019-12-29T19:39:49+00:00","og_image":[{"width":640,"height":438,"url":"https:\/\/www.pressenza.com\/wp-content\/uploads\/2019\/12\/acuerdo.jpg","type":"image\/jpeg"}],"author":"El Ciudadano","twitter_card":"summary_large_image","twitter_creator":"@PressenzaIPA","twitter_site":"@PressenzaIPA","twitter_misc":{"Escrito por":"El Ciudadano","Tiempo de lectura":"2 minutos"},"schema":{"@context":"https:\/\/schema.org","@graph":[{"@type":"Article","@id":"https:\/\/www.pressenza.com\/es\/2019\/12\/gobierno-argentino-firmo-un-acuerdo-con-empresarios-y-gremios-para-superar-la-fragilidad-economica\/#article","isPartOf":{"@id":"https:\/\/www.pressenza.com\/es\/2019\/12\/gobierno-argentino-firmo-un-acuerdo-con-empresarios-y-gremios-para-superar-la-fragilidad-economica\/"},"author":{"name":"El Ciudadano","@id":"https:\/\/www.pressenza.com\/es\/#\/schema\/person\/6522eecb4cd68e074b27e251e4b04ef8"},"headline":"Gobierno argentino firm\u00f3 un acuerdo con empresarios y gremios para superar la \u00abfragilidad econ\u00f3mica\u00bb","datePublished":"2019-12-29T19:39:49+00:00","mainEntityOfPage":{"@id":"https:\/\/www.pressenza.com\/es\/2019\/12\/gobierno-argentino-firmo-un-acuerdo-con-empresarios-y-gremios-para-superar-la-fragilidad-economica\/"},"wordCount":346,"publisher":{"@id":"https:\/\/www.pressenza.com\/es\/#organization"},"image":{"@id":"https:\/\/www.pressenza.com\/es\/2019\/12\/gobierno-argentino-firmo-un-acuerdo-con-empresarios-y-gremios-para-superar-la-fragilidad-economica\/#primaryimage"},"thumbnailUrl":"https:\/\/www.pressenza.com\/wp-content\/uploads\/2019\/12\/acuerdo.jpg","keywords":["Alberto Fern\u00e1ndez","Argentina","Emergencia social"],"articleSection":["Econom\u00eda","Sudam\u00e9rica"],"inLanguage":"es"},{"@type":"WebPage","@id":"https:\/\/www.pressenza.com\/es\/2019\/12\/gobierno-argentino-firmo-un-acuerdo-con-empresarios-y-gremios-para-superar-la-fragilidad-economica\/","url":"https:\/\/www.pressenza.com\/es\/2019\/12\/gobierno-argentino-firmo-un-acuerdo-con-empresarios-y-gremios-para-superar-la-fragilidad-economica\/","name":"Gobierno argentino firm\u00f3 un acuerdo con empresarios y gremios para superar la \u00abfragilidad econ\u00f3mica\u00bb","isPartOf":{"@id":"https:\/\/www.pressenza.com\/es\/#website"},"primaryImageOfPage":{"@id":"https:\/\/www.pressenza.com\/es\/2019\/12\/gobierno-argentino-firmo-un-acuerdo-con-empresarios-y-gremios-para-superar-la-fragilidad-economica\/#primaryimage"},"image":{"@id":"https:\/\/www.pressenza.com\/es\/2019\/12\/gobierno-argentino-firmo-un-acuerdo-con-empresarios-y-gremios-para-superar-la-fragilidad-economica\/#primaryimage"},"thumbnailUrl":"https:\/\/www.pressenza.com\/wp-content\/uploads\/2019\/12\/acuerdo.jpg","datePublished":"2019-12-29T19:39:49+00:00","description":"Por lbuitrarcia El presidente de Argentina, Alberto Fern\u00e1ndez, firm\u00f3 este viernes un acuerdo social con empresarios, sindicatos y organizaciones sociales","breadcrumb":{"@id":"https:\/\/www.pressenza.com\/es\/2019\/12\/gobierno-argentino-firmo-un-acuerdo-con-empresarios-y-gremios-para-superar-la-fragilidad-economica\/#breadcrumb"},"inLanguage":"es","potentialAction":[{"@type":"ReadAction","target":["https:\/\/www.pressenza.com\/es\/2019\/12\/gobierno-argentino-firmo-un-acuerdo-con-empresarios-y-gremios-para-superar-la-fragilidad-economica\/"]}]},{"@type":"ImageObject","inLanguage":"es","@id":"https:\/\/www.pressenza.com\/es\/2019\/12\/gobierno-argentino-firmo-un-acuerdo-con-empresarios-y-gremios-para-superar-la-fragilidad-economica\/#primaryimage","url":"https:\/\/www.pressenza.com\/wp-content\/uploads\/2019\/12\/acuerdo.jpg","contentUrl":"https:\/\/www.pressenza.com\/wp-content\/uploads\/2019\/12\/acuerdo.jpg","width":640,"height":438},{"@type":"BreadcrumbList","@id":"https:\/\/www.pressenza.com\/es\/2019\/12\/gobierno-argentino-firmo-un-acuerdo-con-empresarios-y-gremios-para-superar-la-fragilidad-economica\/#breadcrumb","itemListElement":[{"@type":"ListItem","position":1,"name":"Accueil","item":"https:\/\/www.pressenza.com\/es\/"},{"@type":"ListItem","position":2,"name":"Gobierno argentino firm\u00f3 un acuerdo con empresarios y gremios para superar la \u00abfragilidad econ\u00f3mica\u00bb"}]},{"@type":"WebSite","@id":"https:\/\/www.pressenza.com\/es\/#website","url":"https:\/\/www.pressenza.com\/es\/","name":"Pressenza","description":"International Press Agency","publisher":{"@id":"https:\/\/www.pressenza.com\/es\/#organization"},"potentialAction":[{"@type":"SearchAction","target":{"@type":"EntryPoint","urlTemplate":"https:\/\/www.pressenza.com\/es\/?s={search_term_string}"},"query-input":{"@type":"PropertyValueSpecification","valueRequired":true,"valueName":"search_term_string"}}],"inLanguage":"es"},{"@type":"Organization","@id":"https:\/\/www.pressenza.com\/es\/#organization","name":"Pressenza","url":"https:\/\/www.pressenza.com\/es\/","logo":{"@type":"ImageObject","inLanguage":"es","@id":"https:\/\/www.pressenza.com\/es\/#\/schema\/logo\/image\/","url":"https:\/\/www.pressenza.com\/wp-content\/uploads\/2022\/10\/pressenza_logo_200x200.jpg","contentUrl":"https:\/\/www.pressenza.com\/wp-content\/uploads\/2022\/10\/pressenza_logo_200x200.jpg","width":200,"height":200,"caption":"Pressenza"},"image":{"@id":"https:\/\/www.pressenza.com\/es\/#\/schema\/logo\/image\/"},"sameAs":["https:\/\/www.facebook.com\/PressenzaItalia","https:\/\/x.com\/PressenzaIPA"]},{"@type":"Person","@id":"https:\/\/www.pressenza.com\/es\/#\/schema\/person\/6522eecb4cd68e074b27e251e4b04ef8","name":"El Ciudadano","description":"El Ciudadano es un medio de comunicaci\u00f3n de circulaci\u00f3n mensual en papel y de funcionamiento diario en la web. Forma parte de la Red de Medios de los Pueblos por lo que se declara como un medio del Tercer Sector para romper el cerco informativo. El Ciudadano es una publicaci\u00f3n que busca elevar desde lo local a lo global las demandas de la organizaci\u00f3n social chilena como tambi\u00e9n promover la acci\u00f3n directa de la ciudadan\u00eda por su derecho a autodeterminaci\u00f3n. elciudadano.cl","url":"https:\/\/www.pressenza.com\/es\/author\/el-ciudadano\/"}]}},"place":"Buenos Aires, Argentina","original_article_url":"https:\/\/www.elciudadano.com\/latino-america\/argentina\/gobierno-argentino-firmo-un-acuerdo-con-empresarios-y-gremios-para-superar-la-fragilidad-economica\/12\/28\/","_links":{"self":[{"href":"https:\/\/www.pressenza.com\/es\/wp-json\/wp\/v2\/posts\/1003708","targetHints":{"allow":["GET"]}}],"collection":[{"href":"https:\/\/www.pressenza.com\/es\/wp-json\/wp\/v2\/posts"}],"about":[{"href":"https:\/\/www.pressenza.com\/es\/wp-json\/wp\/v2\/types\/post"}],"author":[{"embeddable":true,"href":"https:\/\/www.pressenza.com\/es\/wp-json\/wp\/v2\/users\/616"}],"replies":[{"embeddable":true,"href":"https:\/\/www.pressenza.com\/es\/wp-json\/wp\/v2\/comments?post=1003708"}],"version-history":[{"count":0,"href":"https:\/\/www.pressenza.com\/es\/wp-json\/wp\/v2\/posts\/1003708\/revisions"}],"wp:featuredmedia":[{"embeddable":true,"href":"https:\/\/www.pressenza.com\/es\/wp-json\/wp\/v2\/media\/1003709"}],"wp:attachment":[{"href":"https:\/\/www.pressenza.com\/es\/wp-json\/wp\/v2\/media?parent=1003708"}],"wp:term":[{"taxonomy":"category","embeddable":true,"href":"https:\/\/www.pressenza.com\/es\/wp-json\/wp\/v2\/categories?post=1003708"},{"taxonomy":"post_tag","embeddable":true,"href":"https:\/\/www.pressenza.com\/es\/wp-json\/wp\/v2\/tags?post=1003708"}],"curies":[{"name":"wp","href":"https:\/\/api.w.org\/{rel}","templated":true}]}}