{"id":1002043,"date":"2019-12-26T01:39:40","date_gmt":"2019-12-26T01:39:40","guid":{"rendered":"https:\/\/www.pressenza.com\/?p=1002043"},"modified":"2019-12-26T01:39:40","modified_gmt":"2019-12-26T01:39:40","slug":"despues-de-la-cop25-por-la-lucha-de-liberacion-mundial-y-la-declaracion-de-independencia-de-los-habitantes-de-la-tierra","status":"publish","type":"post","link":"https:\/\/www.pressenza.com\/es\/2019\/12\/despues-de-la-cop25-por-la-lucha-de-liberacion-mundial-y-la-declaracion-de-independencia-de-los-habitantes-de-la-tierra\/","title":{"rendered":"Despu\u00e9s de la COP25. Por la lucha de liberaci\u00f3n mundial y la declaraci\u00f3n de independencia de los habitantes de la Tierra"},"content":{"rendered":"<p>El fracaso de la COP25 constituye un violento y deliberado incumplimiento del contrato de confianza firmado por los grupos sociales dominantes con los habitantes de la Tierra en cuyo nombre se han celebrado 25 grandes conferencias mundiales desde 1994.<\/p>\n<p>\u201cVerg\u00fcenza\u201d, \u201cDeshonra\u201d han sido gritadas en todo el mundo por millones y millones de personas que han luchado durante m\u00e1s de medio siglo contra la devastaci\u00f3n ambiental, los desastres econ\u00f3micos y la depredaci\u00f3n social y que cre\u00edan que los l\u00edderes pol\u00edticos p\u00fablicos del mundo finalmente tomar\u00edan las decisiones correctas ante el verdadero espectro del desastre global.<\/p>\n<p>Nada de nada. Los grupos sociales dominantes han proclamado, sin hipocres\u00eda pero con un cinismo miserable, que \u201cno hay alternativa\u201d al sistema actual; que no les importa la vida de todos los habitantes de la tierra, que s\u00f3lo les interesa su vida, su poder y su supervivencia. Los dem\u00e1s pueden irse al infierno, porque no es su problema, convencidos de que su dinero y su tecnociencia (sus tecnolog\u00edas \u00abinteligentes\u00bb) les salvar\u00e1n, salvar\u00e1n a sus nietos y descendientes, su parte de la ciudad, su lugar de placer y vacaciones. Tambi\u00e9n creen que la mayor\u00eda de la poblaci\u00f3n de su pa\u00eds los seguir\u00e1, subrayando que no han llegado a un acuerdo porque han defendido el sistema capitalista que seguir\u00eda siendo &#8211; en su opini\u00f3n (\u00a1pero contra toda evidencia!) &#8211; la fuente de la riqueza y la felicidad \u201ccolectiva\u201d y que todos han querido defender sobre todo los intereses y la vida de sus propios ciudadanos, de su \u201cnaci\u00f3n\u201d.\u00a0 \u00a1Qu\u00e9 mentiras tan grotescas!<\/p>\n<p>Frente a tal ruptura, no podemos ya postergar lo que los sinceros defensores de la vida de todos los habitantes de la Tierra (todas las especies vivas incluidas) han tratado de evitar aceptando permanecer en el camino del di\u00e1logo, de la confianza, de la b\u00fasqueda de compromisos aceptables en nombre de la Humanidad y de la Tierra.<\/p>\n<p>Los habitantes de la Tierra deben luchar ahora para liberarse del dominio de los actuales \u201cse\u00f1ores\u201d del mundo y poner fin a sus cr\u00edmenes contra la Humanidad y la Madre Tierra. Ya no se trata s\u00f3lo de reparar el da\u00f1o causado por el fracaso del multilateralismo intergubernamental e internacional que pretend\u00eda gestionar la vida y las relaciones entre todos los habitantes de la Tierra (ONU, BM, FMI, FAO, OMS, UNICEF, OMC&#8230;), ni de detener el ascenso asesino de los nacionalismos, el racismo y el apartheid social seg\u00fan el tr\u00edo miedo\/odio\/rechazo.<\/p>\n<p>Se trata de liberar la vida de las cadenas con las que la han encarcelado y asfixiado quienes se la han apropiado en forma privada y soberana: las grandes corporaciones multinacionales globales, los estados militares y nucleares, los amos tecnol\u00f3gicos. Ya no debemos aceptar que una persona, un Presidente de los Estados Unidos, Trump, pueda iniciar una guerra de impuestos aduaneros, poniendo en crisis la existencia de miles de millones de seres humanos. Debemos prohibir un sistema econ\u00f3mico que permite a un jefe de una empresa multinacional (Besoz\/Amazon) pagar 36 mil millones de d\u00f3lares a su ex esposa por el divorcio, de una fortuna personal de 152 mil millones, mientras que un maestro de escuela primaria en Italia que gana 1.500 euros netos al mes tendr\u00eda que trabajar m\u00e1s de un mill\u00f3n y 900 mil a\u00f1os para ganar 36 mil millones. Es necesario luchar contra los depredadores para la descolonizaci\u00f3n del Planeta y de la Vida.<\/p>\n<p>Hoy es el comienzo de la conquista de la independencia de todos los habitantes de la Tierra.<\/p>\n<hr \/>\n<p><em>Traducci\u00f3n del franc\u00e9s por Michelle Velez<\/em><\/p>\n","protected":false},"excerpt":{"rendered":"<p>El fracaso de la COP25 constituye un violento y deliberado incumplimiento del contrato de confianza firmado por los grupos sociales dominantes con los habitantes de la Tierra en cuyo nombre se han celebrado 25 grandes conferencias mundiales desde 1994. \u201cVerg\u00fcenza\u201d,&hellip;<\/p>\n","protected":false},"author":1266,"featured_media":986020,"comment_status":"closed","ping_status":"closed","sticky":false,"template":"","format":"standard","meta":{"footnotes":""},"categories":[11389,79,66,39,161],"tags":[67874,68778,68779],"class_list":["post-1002043","post","type-post","status-publish","format-standard","has-post-thumbnail","hentry","category-contenido-original","category-derechos-humanos","category-europa-es","category-internacional","category-opiniones","tag-cop25-pt-pt-es","tag-declaracion-de-independencia-de-los-habitantes-de-la-tierra","tag-liberacion-mundial"],"yoast_head":"<!-- This site is optimized with the Yoast SEO plugin v27.1.1 - https:\/\/yoast.com\/product\/yoast-seo-wordpress\/ -->\n<title>Despu\u00e9s de la COP25. Por la lucha de liberaci\u00f3n mundial y la declaraci\u00f3n de independencia de los habitantes de la Tierra<\/title>\n<meta name=\"description\" content=\"El fracaso de la COP25 constituye un violento y deliberado incumplimiento del contrato de confianza firmado por los grupos sociales dominantes con los\" \/>\n<meta name=\"robots\" content=\"index, follow, max-snippet:-1, max-image-preview:large, max-video-preview:-1\" \/>\n<link rel=\"canonical\" href=\"https:\/\/www.pressenza.com\/es\/2019\/12\/despues-de-la-cop25-por-la-lucha-de-liberacion-mundial-y-la-declaracion-de-independencia-de-los-habitantes-de-la-tierra\/\" \/>\n<meta property=\"og:locale\" content=\"es_ES\" \/>\n<meta property=\"og:type\" content=\"article\" \/>\n<meta property=\"og:title\" content=\"Despu\u00e9s de la COP25. Por la lucha de liberaci\u00f3n mundial y la declaraci\u00f3n de independencia de los habitantes de la Tierra\" \/>\n<meta property=\"og:description\" content=\"El fracaso de la COP25 constituye un violento y deliberado incumplimiento del contrato de confianza firmado por los grupos sociales dominantes con los\" \/>\n<meta property=\"og:url\" content=\"https:\/\/www.pressenza.com\/es\/2019\/12\/despues-de-la-cop25-por-la-lucha-de-liberacion-mundial-y-la-declaracion-de-independencia-de-los-habitantes-de-la-tierra\/\" \/>\n<meta property=\"og:site_name\" content=\"Pressenza\" \/>\n<meta property=\"article:publisher\" content=\"https:\/\/www.facebook.com\/PressenzaItalia\" \/>\n<meta property=\"article:published_time\" content=\"2019-12-26T01:39:40+00:00\" \/>\n<meta property=\"og:image\" content=\"https:\/\/www.pressenza.com\/wp-content\/uploads\/2019\/12\/sardine-napoletane-cellulari.jpeg\" \/>\n\t<meta property=\"og:image:width\" content=\"1080\" \/>\n\t<meta property=\"og:image:height\" content=\"810\" \/>\n\t<meta property=\"og:image:type\" content=\"image\/jpeg\" \/>\n<meta name=\"author\" content=\"Riccardo Petrella\" \/>\n<meta name=\"twitter:card\" content=\"summary_large_image\" \/>\n<meta name=\"twitter:creator\" content=\"@PressenzaIPA\" \/>\n<meta name=\"twitter:site\" content=\"@PressenzaIPA\" \/>\n<meta name=\"twitter:label1\" content=\"Escrito por\" \/>\n\t<meta name=\"twitter:data1\" content=\"Riccardo Petrella\" \/>\n\t<meta name=\"twitter:label2\" content=\"Tiempo de lectura\" \/>\n\t<meta name=\"twitter:data2\" content=\"3 minutos\" \/>\n<script type=\"application\/ld+json\" class=\"yoast-schema-graph\">{\"@context\":\"https:\/\/schema.org\",\"@graph\":[{\"@type\":\"Article\",\"@id\":\"https:\/\/www.pressenza.com\/es\/2019\/12\/despues-de-la-cop25-por-la-lucha-de-liberacion-mundial-y-la-declaracion-de-independencia-de-los-habitantes-de-la-tierra\/#article\",\"isPartOf\":{\"@id\":\"https:\/\/www.pressenza.com\/es\/2019\/12\/despues-de-la-cop25-por-la-lucha-de-liberacion-mundial-y-la-declaracion-de-independencia-de-los-habitantes-de-la-tierra\/\"},\"author\":{\"name\":\"Riccardo Petrella\",\"@id\":\"https:\/\/www.pressenza.com\/es\/#\/schema\/person\/16ea2ff52e7bdf783c1b5242860fab9e\"},\"headline\":\"Despu\u00e9s de la COP25. Por la lucha de liberaci\u00f3n mundial y la declaraci\u00f3n de independencia de los habitantes de la Tierra\",\"datePublished\":\"2019-12-26T01:39:40+00:00\",\"mainEntityOfPage\":{\"@id\":\"https:\/\/www.pressenza.com\/es\/2019\/12\/despues-de-la-cop25-por-la-lucha-de-liberacion-mundial-y-la-declaracion-de-independencia-de-los-habitantes-de-la-tierra\/\"},\"wordCount\":643,\"publisher\":{\"@id\":\"https:\/\/www.pressenza.com\/es\/#organization\"},\"image\":{\"@id\":\"https:\/\/www.pressenza.com\/es\/2019\/12\/despues-de-la-cop25-por-la-lucha-de-liberacion-mundial-y-la-declaracion-de-independencia-de-los-habitantes-de-la-tierra\/#primaryimage\"},\"thumbnailUrl\":\"https:\/\/www.pressenza.com\/wp-content\/uploads\/2019\/12\/sardine-napoletane-cellulari.jpeg\",\"keywords\":[\"COP25\",\"declaraci\u00f3n de independencia de los habitantes de la Tierra\",\"liberaci\u00f3n mundial\"],\"articleSection\":[\"Contenido Original\",\"Derechos Humanos\",\"Europa\",\"Internacional\",\"Opiniones\"],\"inLanguage\":\"es\"},{\"@type\":\"WebPage\",\"@id\":\"https:\/\/www.pressenza.com\/es\/2019\/12\/despues-de-la-cop25-por-la-lucha-de-liberacion-mundial-y-la-declaracion-de-independencia-de-los-habitantes-de-la-tierra\/\",\"url\":\"https:\/\/www.pressenza.com\/es\/2019\/12\/despues-de-la-cop25-por-la-lucha-de-liberacion-mundial-y-la-declaracion-de-independencia-de-los-habitantes-de-la-tierra\/\",\"name\":\"Despu\u00e9s de la COP25. Por la lucha de liberaci\u00f3n mundial y la declaraci\u00f3n de independencia de los habitantes de la Tierra\",\"isPartOf\":{\"@id\":\"https:\/\/www.pressenza.com\/es\/#website\"},\"primaryImageOfPage\":{\"@id\":\"https:\/\/www.pressenza.com\/es\/2019\/12\/despues-de-la-cop25-por-la-lucha-de-liberacion-mundial-y-la-declaracion-de-independencia-de-los-habitantes-de-la-tierra\/#primaryimage\"},\"image\":{\"@id\":\"https:\/\/www.pressenza.com\/es\/2019\/12\/despues-de-la-cop25-por-la-lucha-de-liberacion-mundial-y-la-declaracion-de-independencia-de-los-habitantes-de-la-tierra\/#primaryimage\"},\"thumbnailUrl\":\"https:\/\/www.pressenza.com\/wp-content\/uploads\/2019\/12\/sardine-napoletane-cellulari.jpeg\",\"datePublished\":\"2019-12-26T01:39:40+00:00\",\"description\":\"El fracaso de la COP25 constituye un violento y deliberado incumplimiento del contrato de confianza firmado por los grupos sociales dominantes con los\",\"breadcrumb\":{\"@id\":\"https:\/\/www.pressenza.com\/es\/2019\/12\/despues-de-la-cop25-por-la-lucha-de-liberacion-mundial-y-la-declaracion-de-independencia-de-los-habitantes-de-la-tierra\/#breadcrumb\"},\"inLanguage\":\"es\",\"potentialAction\":[{\"@type\":\"ReadAction\",\"target\":[\"https:\/\/www.pressenza.com\/es\/2019\/12\/despues-de-la-cop25-por-la-lucha-de-liberacion-mundial-y-la-declaracion-de-independencia-de-los-habitantes-de-la-tierra\/\"]}]},{\"@type\":\"ImageObject\",\"inLanguage\":\"es\",\"@id\":\"https:\/\/www.pressenza.com\/es\/2019\/12\/despues-de-la-cop25-por-la-lucha-de-liberacion-mundial-y-la-declaracion-de-independencia-de-los-habitantes-de-la-tierra\/#primaryimage\",\"url\":\"https:\/\/www.pressenza.com\/wp-content\/uploads\/2019\/12\/sardine-napoletane-cellulari.jpeg\",\"contentUrl\":\"https:\/\/www.pressenza.com\/wp-content\/uploads\/2019\/12\/sardine-napoletane-cellulari.jpeg\",\"width\":1080,\"height\":810,\"caption\":\"sardine napoletane cellulari\"},{\"@type\":\"BreadcrumbList\",\"@id\":\"https:\/\/www.pressenza.com\/es\/2019\/12\/despues-de-la-cop25-por-la-lucha-de-liberacion-mundial-y-la-declaracion-de-independencia-de-los-habitantes-de-la-tierra\/#breadcrumb\",\"itemListElement\":[{\"@type\":\"ListItem\",\"position\":1,\"name\":\"Accueil\",\"item\":\"https:\/\/www.pressenza.com\/es\/\"},{\"@type\":\"ListItem\",\"position\":2,\"name\":\"Despu\u00e9s de la COP25. Por la lucha de liberaci\u00f3n mundial y la declaraci\u00f3n de independencia de los habitantes de la Tierra\"}]},{\"@type\":\"WebSite\",\"@id\":\"https:\/\/www.pressenza.com\/es\/#website\",\"url\":\"https:\/\/www.pressenza.com\/es\/\",\"name\":\"Pressenza\",\"description\":\"International Press Agency\",\"publisher\":{\"@id\":\"https:\/\/www.pressenza.com\/es\/#organization\"},\"potentialAction\":[{\"@type\":\"SearchAction\",\"target\":{\"@type\":\"EntryPoint\",\"urlTemplate\":\"https:\/\/www.pressenza.com\/es\/?s={search_term_string}\"},\"query-input\":{\"@type\":\"PropertyValueSpecification\",\"valueRequired\":true,\"valueName\":\"search_term_string\"}}],\"inLanguage\":\"es\"},{\"@type\":\"Organization\",\"@id\":\"https:\/\/www.pressenza.com\/es\/#organization\",\"name\":\"Pressenza\",\"url\":\"https:\/\/www.pressenza.com\/es\/\",\"logo\":{\"@type\":\"ImageObject\",\"inLanguage\":\"es\",\"@id\":\"https:\/\/www.pressenza.com\/es\/#\/schema\/logo\/image\/\",\"url\":\"https:\/\/www.pressenza.com\/wp-content\/uploads\/2022\/10\/pressenza_logo_200x200.jpg\",\"contentUrl\":\"https:\/\/www.pressenza.com\/wp-content\/uploads\/2022\/10\/pressenza_logo_200x200.jpg\",\"width\":200,\"height\":200,\"caption\":\"Pressenza\"},\"image\":{\"@id\":\"https:\/\/www.pressenza.com\/es\/#\/schema\/logo\/image\/\"},\"sameAs\":[\"https:\/\/www.facebook.com\/PressenzaItalia\",\"https:\/\/x.com\/PressenzaIPA\"]},{\"@type\":\"Person\",\"@id\":\"https:\/\/www.pressenza.com\/es\/#\/schema\/person\/16ea2ff52e7bdf783c1b5242860fab9e\",\"name\":\"Riccardo Petrella\",\"description\":\"Doctor of Political and Social Sciences, honorary degree from eight universities: in Sweden, Denmark, Belgium (x2), Canada, France (x2), Argentina. Professor emeritus of the Catholic University of Louvain (Belgium); President of the Institut Europeen de Recherche sur la Politique de l'Eau (IERPE) in Brussels (www.ierpe.eu); President of the \\\"University of the Common Good\\\" (UBC), a non-profit association active in Antwerp (Belgium) and Sezano (VR-Italy) From 1978 to 1994 he headed the department FAST, Forecasting and Assessment in Science and Technology at the Commission of the European Communities in Brussels and in 2005-2006 he was President of the Apulian Aqueduct. He is the author of numerous books on economics and common goods.\",\"url\":\"https:\/\/www.pressenza.com\/es\/author\/riccardo-petrella\/\"}]}<\/script>\n<!-- \/ Yoast SEO plugin. -->","yoast_head_json":{"title":"Despu\u00e9s de la COP25. Por la lucha de liberaci\u00f3n mundial y la declaraci\u00f3n de independencia de los habitantes de la Tierra","description":"El fracaso de la COP25 constituye un violento y deliberado incumplimiento del contrato de confianza firmado por los grupos sociales dominantes con los","robots":{"index":"index","follow":"follow","max-snippet":"max-snippet:-1","max-image-preview":"max-image-preview:large","max-video-preview":"max-video-preview:-1"},"canonical":"https:\/\/www.pressenza.com\/es\/2019\/12\/despues-de-la-cop25-por-la-lucha-de-liberacion-mundial-y-la-declaracion-de-independencia-de-los-habitantes-de-la-tierra\/","og_locale":"es_ES","og_type":"article","og_title":"Despu\u00e9s de la COP25. Por la lucha de liberaci\u00f3n mundial y la declaraci\u00f3n de independencia de los habitantes de la Tierra","og_description":"El fracaso de la COP25 constituye un violento y deliberado incumplimiento del contrato de confianza firmado por los grupos sociales dominantes con los","og_url":"https:\/\/www.pressenza.com\/es\/2019\/12\/despues-de-la-cop25-por-la-lucha-de-liberacion-mundial-y-la-declaracion-de-independencia-de-los-habitantes-de-la-tierra\/","og_site_name":"Pressenza","article_publisher":"https:\/\/www.facebook.com\/PressenzaItalia","article_published_time":"2019-12-26T01:39:40+00:00","og_image":[{"width":1080,"height":810,"url":"https:\/\/www.pressenza.com\/wp-content\/uploads\/2019\/12\/sardine-napoletane-cellulari.jpeg","type":"image\/jpeg"}],"author":"Riccardo Petrella","twitter_card":"summary_large_image","twitter_creator":"@PressenzaIPA","twitter_site":"@PressenzaIPA","twitter_misc":{"Escrito por":"Riccardo Petrella","Tiempo de lectura":"3 minutos"},"schema":{"@context":"https:\/\/schema.org","@graph":[{"@type":"Article","@id":"https:\/\/www.pressenza.com\/es\/2019\/12\/despues-de-la-cop25-por-la-lucha-de-liberacion-mundial-y-la-declaracion-de-independencia-de-los-habitantes-de-la-tierra\/#article","isPartOf":{"@id":"https:\/\/www.pressenza.com\/es\/2019\/12\/despues-de-la-cop25-por-la-lucha-de-liberacion-mundial-y-la-declaracion-de-independencia-de-los-habitantes-de-la-tierra\/"},"author":{"name":"Riccardo Petrella","@id":"https:\/\/www.pressenza.com\/es\/#\/schema\/person\/16ea2ff52e7bdf783c1b5242860fab9e"},"headline":"Despu\u00e9s de la COP25. Por la lucha de liberaci\u00f3n mundial y la declaraci\u00f3n de independencia de los habitantes de la Tierra","datePublished":"2019-12-26T01:39:40+00:00","mainEntityOfPage":{"@id":"https:\/\/www.pressenza.com\/es\/2019\/12\/despues-de-la-cop25-por-la-lucha-de-liberacion-mundial-y-la-declaracion-de-independencia-de-los-habitantes-de-la-tierra\/"},"wordCount":643,"publisher":{"@id":"https:\/\/www.pressenza.com\/es\/#organization"},"image":{"@id":"https:\/\/www.pressenza.com\/es\/2019\/12\/despues-de-la-cop25-por-la-lucha-de-liberacion-mundial-y-la-declaracion-de-independencia-de-los-habitantes-de-la-tierra\/#primaryimage"},"thumbnailUrl":"https:\/\/www.pressenza.com\/wp-content\/uploads\/2019\/12\/sardine-napoletane-cellulari.jpeg","keywords":["COP25","declaraci\u00f3n de independencia de los habitantes de la Tierra","liberaci\u00f3n mundial"],"articleSection":["Contenido Original","Derechos Humanos","Europa","Internacional","Opiniones"],"inLanguage":"es"},{"@type":"WebPage","@id":"https:\/\/www.pressenza.com\/es\/2019\/12\/despues-de-la-cop25-por-la-lucha-de-liberacion-mundial-y-la-declaracion-de-independencia-de-los-habitantes-de-la-tierra\/","url":"https:\/\/www.pressenza.com\/es\/2019\/12\/despues-de-la-cop25-por-la-lucha-de-liberacion-mundial-y-la-declaracion-de-independencia-de-los-habitantes-de-la-tierra\/","name":"Despu\u00e9s de la COP25. Por la lucha de liberaci\u00f3n mundial y la declaraci\u00f3n de independencia de los habitantes de la Tierra","isPartOf":{"@id":"https:\/\/www.pressenza.com\/es\/#website"},"primaryImageOfPage":{"@id":"https:\/\/www.pressenza.com\/es\/2019\/12\/despues-de-la-cop25-por-la-lucha-de-liberacion-mundial-y-la-declaracion-de-independencia-de-los-habitantes-de-la-tierra\/#primaryimage"},"image":{"@id":"https:\/\/www.pressenza.com\/es\/2019\/12\/despues-de-la-cop25-por-la-lucha-de-liberacion-mundial-y-la-declaracion-de-independencia-de-los-habitantes-de-la-tierra\/#primaryimage"},"thumbnailUrl":"https:\/\/www.pressenza.com\/wp-content\/uploads\/2019\/12\/sardine-napoletane-cellulari.jpeg","datePublished":"2019-12-26T01:39:40+00:00","description":"El fracaso de la COP25 constituye un violento y deliberado incumplimiento del contrato de confianza firmado por los grupos sociales dominantes con los","breadcrumb":{"@id":"https:\/\/www.pressenza.com\/es\/2019\/12\/despues-de-la-cop25-por-la-lucha-de-liberacion-mundial-y-la-declaracion-de-independencia-de-los-habitantes-de-la-tierra\/#breadcrumb"},"inLanguage":"es","potentialAction":[{"@type":"ReadAction","target":["https:\/\/www.pressenza.com\/es\/2019\/12\/despues-de-la-cop25-por-la-lucha-de-liberacion-mundial-y-la-declaracion-de-independencia-de-los-habitantes-de-la-tierra\/"]}]},{"@type":"ImageObject","inLanguage":"es","@id":"https:\/\/www.pressenza.com\/es\/2019\/12\/despues-de-la-cop25-por-la-lucha-de-liberacion-mundial-y-la-declaracion-de-independencia-de-los-habitantes-de-la-tierra\/#primaryimage","url":"https:\/\/www.pressenza.com\/wp-content\/uploads\/2019\/12\/sardine-napoletane-cellulari.jpeg","contentUrl":"https:\/\/www.pressenza.com\/wp-content\/uploads\/2019\/12\/sardine-napoletane-cellulari.jpeg","width":1080,"height":810,"caption":"sardine napoletane cellulari"},{"@type":"BreadcrumbList","@id":"https:\/\/www.pressenza.com\/es\/2019\/12\/despues-de-la-cop25-por-la-lucha-de-liberacion-mundial-y-la-declaracion-de-independencia-de-los-habitantes-de-la-tierra\/#breadcrumb","itemListElement":[{"@type":"ListItem","position":1,"name":"Accueil","item":"https:\/\/www.pressenza.com\/es\/"},{"@type":"ListItem","position":2,"name":"Despu\u00e9s de la COP25. Por la lucha de liberaci\u00f3n mundial y la declaraci\u00f3n de independencia de los habitantes de la Tierra"}]},{"@type":"WebSite","@id":"https:\/\/www.pressenza.com\/es\/#website","url":"https:\/\/www.pressenza.com\/es\/","name":"Pressenza","description":"International Press Agency","publisher":{"@id":"https:\/\/www.pressenza.com\/es\/#organization"},"potentialAction":[{"@type":"SearchAction","target":{"@type":"EntryPoint","urlTemplate":"https:\/\/www.pressenza.com\/es\/?s={search_term_string}"},"query-input":{"@type":"PropertyValueSpecification","valueRequired":true,"valueName":"search_term_string"}}],"inLanguage":"es"},{"@type":"Organization","@id":"https:\/\/www.pressenza.com\/es\/#organization","name":"Pressenza","url":"https:\/\/www.pressenza.com\/es\/","logo":{"@type":"ImageObject","inLanguage":"es","@id":"https:\/\/www.pressenza.com\/es\/#\/schema\/logo\/image\/","url":"https:\/\/www.pressenza.com\/wp-content\/uploads\/2022\/10\/pressenza_logo_200x200.jpg","contentUrl":"https:\/\/www.pressenza.com\/wp-content\/uploads\/2022\/10\/pressenza_logo_200x200.jpg","width":200,"height":200,"caption":"Pressenza"},"image":{"@id":"https:\/\/www.pressenza.com\/es\/#\/schema\/logo\/image\/"},"sameAs":["https:\/\/www.facebook.com\/PressenzaItalia","https:\/\/x.com\/PressenzaIPA"]},{"@type":"Person","@id":"https:\/\/www.pressenza.com\/es\/#\/schema\/person\/16ea2ff52e7bdf783c1b5242860fab9e","name":"Riccardo Petrella","description":"Doctor of Political and Social Sciences, honorary degree from eight universities: in Sweden, Denmark, Belgium (x2), Canada, France (x2), Argentina. Professor emeritus of the Catholic University of Louvain (Belgium); President of the Institut Europeen de Recherche sur la Politique de l'Eau (IERPE) in Brussels (www.ierpe.eu); President of the \"University of the Common Good\" (UBC), a non-profit association active in Antwerp (Belgium) and Sezano (VR-Italy) From 1978 to 1994 he headed the department FAST, Forecasting and Assessment in Science and Technology at the Commission of the European Communities in Brussels and in 2005-2006 he was President of the Apulian Aqueduct. He is the author of numerous books on economics and common goods.","url":"https:\/\/www.pressenza.com\/es\/author\/riccardo-petrella\/"}]}},"place":"Bruselas, B\u00e9lgica","original_article_url":"","_links":{"self":[{"href":"https:\/\/www.pressenza.com\/es\/wp-json\/wp\/v2\/posts\/1002043","targetHints":{"allow":["GET"]}}],"collection":[{"href":"https:\/\/www.pressenza.com\/es\/wp-json\/wp\/v2\/posts"}],"about":[{"href":"https:\/\/www.pressenza.com\/es\/wp-json\/wp\/v2\/types\/post"}],"author":[{"embeddable":true,"href":"https:\/\/www.pressenza.com\/es\/wp-json\/wp\/v2\/users\/1266"}],"replies":[{"embeddable":true,"href":"https:\/\/www.pressenza.com\/es\/wp-json\/wp\/v2\/comments?post=1002043"}],"version-history":[{"count":0,"href":"https:\/\/www.pressenza.com\/es\/wp-json\/wp\/v2\/posts\/1002043\/revisions"}],"wp:featuredmedia":[{"embeddable":true,"href":"https:\/\/www.pressenza.com\/es\/wp-json\/wp\/v2\/media\/986020"}],"wp:attachment":[{"href":"https:\/\/www.pressenza.com\/es\/wp-json\/wp\/v2\/media?parent=1002043"}],"wp:term":[{"taxonomy":"category","embeddable":true,"href":"https:\/\/www.pressenza.com\/es\/wp-json\/wp\/v2\/categories?post=1002043"},{"taxonomy":"post_tag","embeddable":true,"href":"https:\/\/www.pressenza.com\/es\/wp-json\/wp\/v2\/tags?post=1002043"}],"curies":[{"name":"wp","href":"https:\/\/api.w.org\/{rel}","templated":true}]}}