{"id":1001391,"date":"2019-12-24T00:24:04","date_gmt":"2019-12-24T00:24:04","guid":{"rendered":"https:\/\/www.pressenza.com\/?p=1001391"},"modified":"2019-12-24T00:24:04","modified_gmt":"2019-12-24T00:24:04","slug":"las-felices-navidades","status":"publish","type":"post","link":"https:\/\/www.pressenza.com\/es\/2019\/12\/las-felices-navidades\/","title":{"rendered":"Las felices navidades"},"content":{"rendered":"<blockquote><p>Finaliza el a\u00f1o con manifestaciones de protesta y violenta represi\u00f3n policial.<\/p><\/blockquote>\n<p>\u00bfPor qu\u00e9 voy a enfrentarme con Carabineros sabiendo que no hay una movilizaci\u00f3n autorizada?; fue la declaraci\u00f3n que la ministra Karla Rubilar, secretaria general del gobierno de Sebasti\u00e1n Pi\u00f1era ofreci\u00f3 a la prensa. La ministra justifica de este modo de manera impl\u00edcita el actuar del cabo Ofriciano Mauricio Carrillo Castillo, el carabinero que literalmente aplast\u00f3 al joven Oscar P\u00e9rez entre 2 veh\u00edculos blindados ocasion\u00e1ndole graves heridas internas y 4 fracturas de pelvis. El v\u00eddeo del momento del atropello perpetrado por Carrillo con toda intenci\u00f3n, ha circulado por las redes y los medios de comunicaci\u00f3n generando indignaci\u00f3n y rechazo en el mundo entero contra la estrategia de violencia extrema instaurada por Sebasti\u00e1n Pi\u00f1era como pol\u00edtica de gobierno.<\/p>\n<p>Es importante se\u00f1alar que el carabinero en cuesti\u00f3n tiene antecedentes de cuasidelito de homicidio de un trabajador y lesiones en otras dos personas mientras se desempe\u00f1aba como miembro de la instituci\u00f3n policial en la ciudad de Concepci\u00f3n. Su prontuario delictivo reviste especial importancia por el hecho de haberse incorporado nuevamente a un cuerpo encargado de la seguridad ciudadana, el cual supuestamente deber\u00eda ser integrado por personas intachables. Sin embargo, Carabineros de Chile ha transitado durante a\u00f1os y sin el menor obst\u00e1culo hacia convertirse en un aut\u00e9ntico ej\u00e9rcito de control ciudadano eximido de toda responsabilidad criminal, desde los esc\u00e1ndalos de corrupci\u00f3n de su c\u00fapula hasta la brutalidad con la cual agreden a la poblaci\u00f3n desarmada.<\/p>\n<p>Llama la atenci\u00f3n la inercia y el silencio sostenido por las autoridades encargadas de mantener los marcos institucionales \u2013parlamento, sistema de justicia- cuyo papel es resguardar los mecanismos de la democracia y velar por el correcto desempe\u00f1o de todas las instancias involucradas en la administraci\u00f3n del gobierno. Las manifestaciones de protesta de la ciudadan\u00eda han sido criminalizadas en una absoluta ruptura del marco constitucional que las ampara y el gobierno chileno ha transformado su debilidad en una guerra sucia, vil y sangrienta contra el pueblo, utilizando para ello a todos los cuerpos represivos que tiene a mano, mintiendo de manera descarada para descalificar y adjudicar a una supuesta intervenci\u00f3n extranjera la lucha incansable y valiente de los millones de chilenos que siguen en las calles decididos a hacerse o\u00edr.<\/p>\n<p>A estas alturas resulta muy dif\u00edcil hacer un diagn\u00f3stico sobre el desarrollo de los acontecimientos en un Chile que de pronto ha salido del silencio y ha emprendido una lucha franca y decidida contra el modelo neoliberal que le est\u00e1 costando tan caro. De hecho, le cuesta vidas y una profunda frustraci\u00f3n por la traici\u00f3n de sus cuadros pol\u00edticos, hist\u00f3ricamente responsables por el colapso social y econ\u00f3mico en donde se encuentra actualmente. Lo que fue el modelo latinoamericano \u2013gracias a una bien montada campa\u00f1a internacional de imagen- ha mostrado todas sus hilachas y hoy sus \u201cbienes de exportaci\u00f3n\u201d como las administradoras de fondos de pensiones, AFP, revelan su opacidad y experimentan el rechazo masivo de la poblaci\u00f3n al quedar en evidencia c\u00f3mo esos empresarios acumulan riqueza mientras los pensionados mueren de hambre, sin acceso a los ahorros de toda su vida laboral.<\/p>\n<p>Las navidades chilenas vienen marcadas por la indignaci\u00f3n popular contra los abusos de su gobierno.<\/p>\n<p>Ni\u00f1as, ni\u00f1os y j\u00f3venes experimentan, quiz\u00e1 por primera vez, la urgencia de rebelarse contra un sistema injusto, depredador y violento, por lo tanto su regalo para estas fiestas deber\u00e1 venir envuelto en una nueva Constituci\u00f3n, con la renuncia de su Presidente.<\/p>\n","protected":false},"excerpt":{"rendered":"<p>Finaliza el a\u00f1o con manifestaciones de protesta y violenta represi\u00f3n policial. \u00bfPor qu\u00e9 voy a enfrentarme con Carabineros sabiendo que no hay una movilizaci\u00f3n autorizada?; fue la declaraci\u00f3n que la ministra Karla Rubilar, secretaria general del gobierno de Sebasti\u00e1n Pi\u00f1era&hellip;<\/p>\n","protected":false},"author":1296,"featured_media":1001392,"comment_status":"closed","ping_status":"closed","sticky":false,"template":"","format":"standard","meta":{"footnotes":""},"categories":[11389,161,74,67],"tags":[66621,29,394,702,652],"class_list":["post-1001391","post","type-post","status-publish","format-standard","has-post-thumbnail","hentry","category-contenido-original","category-opiniones","category-politica-es","category-sudamerica","tag-carabineros-de-chile","tag-chile","tag-protestas-sociales","tag-represion","tag-sebastian-pinera"],"yoast_head":"<!-- This site is optimized with the Yoast SEO plugin v27.1.1 - https:\/\/yoast.com\/product\/yoast-seo-wordpress\/ -->\n<title>Las felices navidades<\/title>\n<meta name=\"description\" content=\"Las felices navidades\" \/>\n<meta name=\"robots\" content=\"index, follow, max-snippet:-1, max-image-preview:large, max-video-preview:-1\" \/>\n<link rel=\"canonical\" href=\"https:\/\/www.pressenza.com\/es\/2019\/12\/las-felices-navidades\/\" \/>\n<meta property=\"og:locale\" content=\"es_ES\" \/>\n<meta property=\"og:type\" content=\"article\" \/>\n<meta property=\"og:title\" content=\"Las felices navidades\" \/>\n<meta property=\"og:description\" content=\"Las felices navidades\" \/>\n<meta property=\"og:url\" content=\"https:\/\/www.pressenza.com\/es\/2019\/12\/las-felices-navidades\/\" \/>\n<meta property=\"og:site_name\" content=\"Pressenza\" \/>\n<meta property=\"article:publisher\" content=\"https:\/\/www.facebook.com\/PressenzaItalia\" \/>\n<meta property=\"article:author\" content=\"https:\/\/www.facebook.com\/pages\/Carolina-V\u00e1squez-Araya\/241844515845237?fref=ts\" \/>\n<meta property=\"article:published_time\" content=\"2019-12-24T00:24:04+00:00\" \/>\n<meta property=\"og:image\" content=\"https:\/\/www.pressenza.com\/wp-content\/uploads\/2019\/12\/foto_0000001120191220220850.jpg\" \/>\n\t<meta property=\"og:image:width\" content=\"1130\" \/>\n\t<meta property=\"og:image:height\" content=\"636\" \/>\n\t<meta property=\"og:image:type\" content=\"image\/jpeg\" \/>\n<meta name=\"author\" content=\"Carolina V\u00e1squez Araya\" \/>\n<meta name=\"twitter:card\" content=\"summary_large_image\" \/>\n<meta name=\"twitter:creator\" content=\"@carvasar\" \/>\n<meta name=\"twitter:site\" content=\"@PressenzaIPA\" \/>\n<meta name=\"twitter:label1\" content=\"Escrito por\" \/>\n\t<meta name=\"twitter:data1\" content=\"Carolina V\u00e1squez Araya\" \/>\n\t<meta name=\"twitter:label2\" content=\"Tiempo de lectura\" \/>\n\t<meta name=\"twitter:data2\" content=\"3 minutos\" \/>\n<script type=\"application\/ld+json\" class=\"yoast-schema-graph\">{\"@context\":\"https:\/\/schema.org\",\"@graph\":[{\"@type\":\"Article\",\"@id\":\"https:\/\/www.pressenza.com\/es\/2019\/12\/las-felices-navidades\/#article\",\"isPartOf\":{\"@id\":\"https:\/\/www.pressenza.com\/es\/2019\/12\/las-felices-navidades\/\"},\"author\":{\"name\":\"Carolina V\u00e1squez Araya\",\"@id\":\"https:\/\/www.pressenza.com\/es\/#\/schema\/person\/6936ca3bb8dee618b5cdfd0e4427cdd6\"},\"headline\":\"Las felices navidades\",\"datePublished\":\"2019-12-24T00:24:04+00:00\",\"mainEntityOfPage\":{\"@id\":\"https:\/\/www.pressenza.com\/es\/2019\/12\/las-felices-navidades\/\"},\"wordCount\":622,\"publisher\":{\"@id\":\"https:\/\/www.pressenza.com\/es\/#organization\"},\"image\":{\"@id\":\"https:\/\/www.pressenza.com\/es\/2019\/12\/las-felices-navidades\/#primaryimage\"},\"thumbnailUrl\":\"https:\/\/www.pressenza.com\/wp-content\/uploads\/2019\/12\/foto_0000001120191220220850.jpg\",\"keywords\":[\"Carabineros de Chile\",\"Chile\",\"protestas sociales\",\"represi\u00f3n\",\"Sebasti\u00e1n Pi\u00f1era\"],\"articleSection\":[\"Contenido Original\",\"Opiniones\",\"Pol\u00edtica\",\"Sudam\u00e9rica\"],\"inLanguage\":\"es\"},{\"@type\":\"WebPage\",\"@id\":\"https:\/\/www.pressenza.com\/es\/2019\/12\/las-felices-navidades\/\",\"url\":\"https:\/\/www.pressenza.com\/es\/2019\/12\/las-felices-navidades\/\",\"name\":\"Las felices navidades\",\"isPartOf\":{\"@id\":\"https:\/\/www.pressenza.com\/es\/#website\"},\"primaryImageOfPage\":{\"@id\":\"https:\/\/www.pressenza.com\/es\/2019\/12\/las-felices-navidades\/#primaryimage\"},\"image\":{\"@id\":\"https:\/\/www.pressenza.com\/es\/2019\/12\/las-felices-navidades\/#primaryimage\"},\"thumbnailUrl\":\"https:\/\/www.pressenza.com\/wp-content\/uploads\/2019\/12\/foto_0000001120191220220850.jpg\",\"datePublished\":\"2019-12-24T00:24:04+00:00\",\"description\":\"Las felices navidades\",\"breadcrumb\":{\"@id\":\"https:\/\/www.pressenza.com\/es\/2019\/12\/las-felices-navidades\/#breadcrumb\"},\"inLanguage\":\"es\",\"potentialAction\":[{\"@type\":\"ReadAction\",\"target\":[\"https:\/\/www.pressenza.com\/es\/2019\/12\/las-felices-navidades\/\"]}]},{\"@type\":\"ImageObject\",\"inLanguage\":\"es\",\"@id\":\"https:\/\/www.pressenza.com\/es\/2019\/12\/las-felices-navidades\/#primaryimage\",\"url\":\"https:\/\/www.pressenza.com\/wp-content\/uploads\/2019\/12\/foto_0000001120191220220850.jpg\",\"contentUrl\":\"https:\/\/www.pressenza.com\/wp-content\/uploads\/2019\/12\/foto_0000001120191220220850.jpg\",\"width\":1130,\"height\":636},{\"@type\":\"BreadcrumbList\",\"@id\":\"https:\/\/www.pressenza.com\/es\/2019\/12\/las-felices-navidades\/#breadcrumb\",\"itemListElement\":[{\"@type\":\"ListItem\",\"position\":1,\"name\":\"Accueil\",\"item\":\"https:\/\/www.pressenza.com\/es\/\"},{\"@type\":\"ListItem\",\"position\":2,\"name\":\"Las felices navidades\"}]},{\"@type\":\"WebSite\",\"@id\":\"https:\/\/www.pressenza.com\/es\/#website\",\"url\":\"https:\/\/www.pressenza.com\/es\/\",\"name\":\"Pressenza\",\"description\":\"International Press Agency\",\"publisher\":{\"@id\":\"https:\/\/www.pressenza.com\/es\/#organization\"},\"potentialAction\":[{\"@type\":\"SearchAction\",\"target\":{\"@type\":\"EntryPoint\",\"urlTemplate\":\"https:\/\/www.pressenza.com\/es\/?s={search_term_string}\"},\"query-input\":{\"@type\":\"PropertyValueSpecification\",\"valueRequired\":true,\"valueName\":\"search_term_string\"}}],\"inLanguage\":\"es\"},{\"@type\":\"Organization\",\"@id\":\"https:\/\/www.pressenza.com\/es\/#organization\",\"name\":\"Pressenza\",\"url\":\"https:\/\/www.pressenza.com\/es\/\",\"logo\":{\"@type\":\"ImageObject\",\"inLanguage\":\"es\",\"@id\":\"https:\/\/www.pressenza.com\/es\/#\/schema\/logo\/image\/\",\"url\":\"https:\/\/www.pressenza.com\/wp-content\/uploads\/2022\/10\/pressenza_logo_200x200.jpg\",\"contentUrl\":\"https:\/\/www.pressenza.com\/wp-content\/uploads\/2022\/10\/pressenza_logo_200x200.jpg\",\"width\":200,\"height\":200,\"caption\":\"Pressenza\"},\"image\":{\"@id\":\"https:\/\/www.pressenza.com\/es\/#\/schema\/logo\/image\/\"},\"sameAs\":[\"https:\/\/www.facebook.com\/PressenzaItalia\",\"https:\/\/x.com\/PressenzaIPA\"]},{\"@type\":\"Person\",\"@id\":\"https:\/\/www.pressenza.com\/es\/#\/schema\/person\/6936ca3bb8dee618b5cdfd0e4427cdd6\",\"name\":\"Carolina V\u00e1squez Araya\",\"description\":\"Periodista y editora con m\u00e1s de 30 a\u00f1os de experiencia, cuyos logros profesionales en el desarrollo de proyectos de gran \u00e9xito avalan sus cualidades de liderazgo, creatividad y relaciones p\u00fablicas. Ha aportado sus conocimientos en proyectos de organizaciones con intereses orientados al desarrollo social, cultural y econ\u00f3mico del pa\u00eds, con especial \u00e9nfasis en el sector de cultura y educaci\u00f3n, emprendimiento, derechos humanos, justicia, ambiente, mujeres y ni\u00f1ez. Chilena en Guatemala. elquintopatio.wordpress.com\",\"sameAs\":[\"https:\/\/www.facebook.com\/pages\/Carolina-V\u00e1squez-Araya\/241844515845237?fref=ts\",\"https:\/\/x.com\/carvasar\"],\"url\":\"https:\/\/www.pressenza.com\/es\/author\/carolina-vasquez-araya\/\"}]}<\/script>\n<!-- \/ Yoast SEO plugin. -->","yoast_head_json":{"title":"Las felices navidades","description":"Las felices navidades","robots":{"index":"index","follow":"follow","max-snippet":"max-snippet:-1","max-image-preview":"max-image-preview:large","max-video-preview":"max-video-preview:-1"},"canonical":"https:\/\/www.pressenza.com\/es\/2019\/12\/las-felices-navidades\/","og_locale":"es_ES","og_type":"article","og_title":"Las felices navidades","og_description":"Las felices navidades","og_url":"https:\/\/www.pressenza.com\/es\/2019\/12\/las-felices-navidades\/","og_site_name":"Pressenza","article_publisher":"https:\/\/www.facebook.com\/PressenzaItalia","article_author":"https:\/\/www.facebook.com\/pages\/Carolina-V\u00e1squez-Araya\/241844515845237?fref=ts","article_published_time":"2019-12-24T00:24:04+00:00","og_image":[{"width":1130,"height":636,"url":"https:\/\/www.pressenza.com\/wp-content\/uploads\/2019\/12\/foto_0000001120191220220850.jpg","type":"image\/jpeg"}],"author":"Carolina V\u00e1squez Araya","twitter_card":"summary_large_image","twitter_creator":"@carvasar","twitter_site":"@PressenzaIPA","twitter_misc":{"Escrito por":"Carolina V\u00e1squez Araya","Tiempo de lectura":"3 minutos"},"schema":{"@context":"https:\/\/schema.org","@graph":[{"@type":"Article","@id":"https:\/\/www.pressenza.com\/es\/2019\/12\/las-felices-navidades\/#article","isPartOf":{"@id":"https:\/\/www.pressenza.com\/es\/2019\/12\/las-felices-navidades\/"},"author":{"name":"Carolina V\u00e1squez Araya","@id":"https:\/\/www.pressenza.com\/es\/#\/schema\/person\/6936ca3bb8dee618b5cdfd0e4427cdd6"},"headline":"Las felices navidades","datePublished":"2019-12-24T00:24:04+00:00","mainEntityOfPage":{"@id":"https:\/\/www.pressenza.com\/es\/2019\/12\/las-felices-navidades\/"},"wordCount":622,"publisher":{"@id":"https:\/\/www.pressenza.com\/es\/#organization"},"image":{"@id":"https:\/\/www.pressenza.com\/es\/2019\/12\/las-felices-navidades\/#primaryimage"},"thumbnailUrl":"https:\/\/www.pressenza.com\/wp-content\/uploads\/2019\/12\/foto_0000001120191220220850.jpg","keywords":["Carabineros de Chile","Chile","protestas sociales","represi\u00f3n","Sebasti\u00e1n Pi\u00f1era"],"articleSection":["Contenido Original","Opiniones","Pol\u00edtica","Sudam\u00e9rica"],"inLanguage":"es"},{"@type":"WebPage","@id":"https:\/\/www.pressenza.com\/es\/2019\/12\/las-felices-navidades\/","url":"https:\/\/www.pressenza.com\/es\/2019\/12\/las-felices-navidades\/","name":"Las felices navidades","isPartOf":{"@id":"https:\/\/www.pressenza.com\/es\/#website"},"primaryImageOfPage":{"@id":"https:\/\/www.pressenza.com\/es\/2019\/12\/las-felices-navidades\/#primaryimage"},"image":{"@id":"https:\/\/www.pressenza.com\/es\/2019\/12\/las-felices-navidades\/#primaryimage"},"thumbnailUrl":"https:\/\/www.pressenza.com\/wp-content\/uploads\/2019\/12\/foto_0000001120191220220850.jpg","datePublished":"2019-12-24T00:24:04+00:00","description":"Las felices navidades","breadcrumb":{"@id":"https:\/\/www.pressenza.com\/es\/2019\/12\/las-felices-navidades\/#breadcrumb"},"inLanguage":"es","potentialAction":[{"@type":"ReadAction","target":["https:\/\/www.pressenza.com\/es\/2019\/12\/las-felices-navidades\/"]}]},{"@type":"ImageObject","inLanguage":"es","@id":"https:\/\/www.pressenza.com\/es\/2019\/12\/las-felices-navidades\/#primaryimage","url":"https:\/\/www.pressenza.com\/wp-content\/uploads\/2019\/12\/foto_0000001120191220220850.jpg","contentUrl":"https:\/\/www.pressenza.com\/wp-content\/uploads\/2019\/12\/foto_0000001120191220220850.jpg","width":1130,"height":636},{"@type":"BreadcrumbList","@id":"https:\/\/www.pressenza.com\/es\/2019\/12\/las-felices-navidades\/#breadcrumb","itemListElement":[{"@type":"ListItem","position":1,"name":"Accueil","item":"https:\/\/www.pressenza.com\/es\/"},{"@type":"ListItem","position":2,"name":"Las felices navidades"}]},{"@type":"WebSite","@id":"https:\/\/www.pressenza.com\/es\/#website","url":"https:\/\/www.pressenza.com\/es\/","name":"Pressenza","description":"International Press Agency","publisher":{"@id":"https:\/\/www.pressenza.com\/es\/#organization"},"potentialAction":[{"@type":"SearchAction","target":{"@type":"EntryPoint","urlTemplate":"https:\/\/www.pressenza.com\/es\/?s={search_term_string}"},"query-input":{"@type":"PropertyValueSpecification","valueRequired":true,"valueName":"search_term_string"}}],"inLanguage":"es"},{"@type":"Organization","@id":"https:\/\/www.pressenza.com\/es\/#organization","name":"Pressenza","url":"https:\/\/www.pressenza.com\/es\/","logo":{"@type":"ImageObject","inLanguage":"es","@id":"https:\/\/www.pressenza.com\/es\/#\/schema\/logo\/image\/","url":"https:\/\/www.pressenza.com\/wp-content\/uploads\/2022\/10\/pressenza_logo_200x200.jpg","contentUrl":"https:\/\/www.pressenza.com\/wp-content\/uploads\/2022\/10\/pressenza_logo_200x200.jpg","width":200,"height":200,"caption":"Pressenza"},"image":{"@id":"https:\/\/www.pressenza.com\/es\/#\/schema\/logo\/image\/"},"sameAs":["https:\/\/www.facebook.com\/PressenzaItalia","https:\/\/x.com\/PressenzaIPA"]},{"@type":"Person","@id":"https:\/\/www.pressenza.com\/es\/#\/schema\/person\/6936ca3bb8dee618b5cdfd0e4427cdd6","name":"Carolina V\u00e1squez Araya","description":"Periodista y editora con m\u00e1s de 30 a\u00f1os de experiencia, cuyos logros profesionales en el desarrollo de proyectos de gran \u00e9xito avalan sus cualidades de liderazgo, creatividad y relaciones p\u00fablicas. Ha aportado sus conocimientos en proyectos de organizaciones con intereses orientados al desarrollo social, cultural y econ\u00f3mico del pa\u00eds, con especial \u00e9nfasis en el sector de cultura y educaci\u00f3n, emprendimiento, derechos humanos, justicia, ambiente, mujeres y ni\u00f1ez. Chilena en Guatemala. elquintopatio.wordpress.com","sameAs":["https:\/\/www.facebook.com\/pages\/Carolina-V\u00e1squez-Araya\/241844515845237?fref=ts","https:\/\/x.com\/carvasar"],"url":"https:\/\/www.pressenza.com\/es\/author\/carolina-vasquez-araya\/"}]}},"place":"Cuenca, Ecuador","original_article_url":"","_links":{"self":[{"href":"https:\/\/www.pressenza.com\/es\/wp-json\/wp\/v2\/posts\/1001391","targetHints":{"allow":["GET"]}}],"collection":[{"href":"https:\/\/www.pressenza.com\/es\/wp-json\/wp\/v2\/posts"}],"about":[{"href":"https:\/\/www.pressenza.com\/es\/wp-json\/wp\/v2\/types\/post"}],"author":[{"embeddable":true,"href":"https:\/\/www.pressenza.com\/es\/wp-json\/wp\/v2\/users\/1296"}],"replies":[{"embeddable":true,"href":"https:\/\/www.pressenza.com\/es\/wp-json\/wp\/v2\/comments?post=1001391"}],"version-history":[{"count":0,"href":"https:\/\/www.pressenza.com\/es\/wp-json\/wp\/v2\/posts\/1001391\/revisions"}],"wp:featuredmedia":[{"embeddable":true,"href":"https:\/\/www.pressenza.com\/es\/wp-json\/wp\/v2\/media\/1001392"}],"wp:attachment":[{"href":"https:\/\/www.pressenza.com\/es\/wp-json\/wp\/v2\/media?parent=1001391"}],"wp:term":[{"taxonomy":"category","embeddable":true,"href":"https:\/\/www.pressenza.com\/es\/wp-json\/wp\/v2\/categories?post=1001391"},{"taxonomy":"post_tag","embeddable":true,"href":"https:\/\/www.pressenza.com\/es\/wp-json\/wp\/v2\/tags?post=1001391"}],"curies":[{"name":"wp","href":"https:\/\/api.w.org\/{rel}","templated":true}]}}