{"id":99917,"date":"2014-04-08T23:18:46","date_gmt":"2014-04-08T22:18:46","guid":{"rendered":"http:\/\/www.pressenza.com\/?p=99917"},"modified":"2015-06-18T10:47:35","modified_gmt":"2015-06-18T09:47:35","slug":"echte-demokratie-gesucht-occupy-kundgebung-muenchen","status":"publish","type":"post","link":"https:\/\/www.pressenza.com\/de\/2014\/04\/echte-demokratie-gesucht-occupy-kundgebung-muenchen\/","title":{"rendered":"Echte Demokratie gesucht! Occupy-Kundgebung in M\u00fcnchen"},"content":{"rendered":"<p lang=\"de\">M\u00fcnchen, 05.04.2014<\/p>\n<p lang=\"de\">Im Zuge der weltweiten \u201eWave-of-Action\u201c fand heute am Sendlinger Tor in M\u00fcnchen eine friedliche Kundgebung der M\u00fcnchner Gruppe \u201eEchte-Demokratie-Jetzt\/Occupy (EDJ)\u201c statt. Die Kernpunkte der Aktion umfassten das umstrittene Freihandelsabkommen mit den USA (TTIP), die Krisen in Europa und der Ukraine sowie innenpolitische Missst\u00e4nde. Vor einem Publikum von ca. 30 Zuh\u00f6rern referierte sowohl der feste Kern der EDJ als auch &#8211; frei nach der basisdemokratischen Grundidee der Occupy-Bewegung &#8211; jeder, der seinen Unmut kundtun wollte. Im Vergleich zu der ersten Occupy-Aktion im Jahr 2011, mit einem von B\u00fcrgern besetzten M\u00fcnchner Stachus, war die Teilnahme heute entt\u00e4uschend gering, ein Ph\u00e4nomen, mit dem die gesamte Occupy Bewegung zu k\u00e4mpfen hat.<\/p>\n<p lang=\"en-GB\">Der unter seinem K\u00fcnstlernamen auftretende Spoxx, ein EDJ-Aktivist der ersten Stunde, erkl\u00e4rt den R\u00fcckgang der Occupy-Euphorie mit der gekippten Stimmung nach dem Arabischen Fr\u00fchling. Dieser gilt als Initialz\u00fcndung der Occupy Bewegung. Es fehle an langfristiger politischer Arbeit der Beteiligten. Zudem n\u00e4hmen die B\u00fcrger gegen\u00fcber der Occupy-Bewegung eine Erwartungshaltung ein und setzten sie mit Politikern gleich. Daf\u00fcr sei die Occupy-Bewegung aber nicht geschaffen; sie lebe davon, dass sich jeder einzelne aktiv einbringt. Eine \u201emacht mal was\u201c-Mentalit\u00e4t f\u00fchre zum Stillstand der Bewegung.<\/p>\n<p lang=\"de\">Des Weiteren habe es im Laufe der Proteste massive Unterwanderungsversuche rechter Gruppierungen gegeben. Dies habe viele abgeschreckt und f\u00fchrte zu einer Gratwanderung zwischen der Kooperation mit anderen bei gleichzeitiger Distanzierung von extremen Splittergruppen. Ein aktuelles Beispiel vor der eigenen Haust\u00fcr sei die Zusammenarbeit der HUT-Partei, die sich B\u00fcrgerinitiative nennt, mit der FDP, welche beispielsweise die Schlie\u00dfung des Eine-Welt-Hauses in M\u00fcnchen forciert habe. Derartige Kooperationen m\u00fcndeten nur in Entt\u00e4uschungen bei den B\u00fcrgern.<\/p>\n<p lang=\"en-GB\">Zur L\u00f6sung dieses Problems pl\u00e4diert Spoxx f\u00fcr stadtteilbezogene Projekte, um mit Gleichgesinnten soziale Ziele zu erreichen. Ein Beispiel sei die M\u00fcnchner \u201eAktionsgruppe Untergiesing\u201c, die f\u00fcr bezahlbare Mieten k\u00e4mpfe.<\/p>\n<p lang=\"en-GB\">Das erste Thema der Kundgebung behandelte das TTIP-Abkommen in seiner jetzigen Form. Dieses Abkommen sei \u201eein Kuhhandel\u201c mit den B\u00fcrgern, welche \u201egemolken\u201c w\u00fcrden von Industrie und Politik. Lobbyismus und Politik w\u00fcrden sich hier wieder einmal \u00fcber die Basis hinwegsetzen. Und wenn die Spitze nicht mehr die Basis vertrete, \u201emuss sich die Basis von der Spitze trennen\u201c, verlautete der erste Referent seine Kritik. In nachfolgenden Ansprachen wurde das Investor-Staatsstreit-Beilegungsverfahren beleuchtet. Wieder einmal ein von Lobbyisten geschaffenes Wortunget\u00fcm, das deren fatalen Folgen f\u00fcr Allgemeinheit und Demokratie verschleiern soll. Im Klartext gestatte diese Vereinbarung den Konzernen, dass sie ganze Staaten verklagen k\u00f6nnten und der politische Handlungsspielraum der beteiligten Staaten empfindlich eingeschr\u00e4nkt werde.<\/p>\n<p lang=\"en-GB\">Als n\u00e4chstes ging ein Referent auf die \u201ehaarstr\u00e4ubende\u201c Entwicklung der Nato nach dem Mauerfall ein. Er verwies auf die zahlreichen Kriegseins\u00e4tze der Nato, die daraufhin folgten. Dar\u00fcber hinaus wies er auf die undemokratische Entstehung des Lissaboner Vertrages hin. Dieser gelte f\u00fcr Europa anstelle einer Verfassung, obwohl er bei der Bev\u00f6lkerung \u201edurchgefallen\u201c sei.<\/p>\n<p lang=\"en-GB\">Einen Handlungsvorschlag brachte die junge M\u00fcnchnerin Jara mit ihrer unter Facebook abrufbaren \u201eListe f\u00fcr M\u00fcnchen &#8211; we are doing it smart\u201c ein. Demnach seien alle Parteien unterwandert, jedoch g\u00e4be es in jeder Partei auch immer Querk\u00f6pfe und Querdenker. Gerade deshalb sollte jeder bei der Wahl seine Stimme den einzelnen Kandidaten geben und nicht zwingend der Partei selbst. Eine Idee, die auch Kritik erntete.<\/p>\n<p lang=\"en-GB\">Der Referent Jaro griff die extremen Lohnunterschiede in der Gesellschaft auf, indem er an die Zuh\u00f6rer die Frage richtete, warum Menschen, die unsere Kinder betreuten weniger Geld f\u00fcr ihre Leistung erhielten, als Menschen, die unser Geld betreuten? Er setzte weiter an: \u201eIst uns Geld wichtiger als unsere Kinder?\u201c Jaro sieht die L\u00f6sung nicht in einer Revolution, weil sich seiner Meinung nach \u201edie Vorzeichen nach einer Revolution nur \u00e4ndern\u201c. Eher liege die L\u00f6sung in der Evolution. Diese kann von einem alternativen Geldsystem \u00fcber den regionalen, nachhaltigen Anbau von Nahrung bis hin zur eigenen Erzeugung von Energie gehen. Er beendete sein Referat mit einem Zitat von Mahatma Ghandi: \u201eBe the change you want to see in the world.\u201c<\/p>\n<p lang=\"en-GB\">Die Themen blieben nicht bei allgemeinen Herausforderungen und Problemen. Ein ehemaliger Zahnarzt, Florian, gab in einer euphorischen Rede Einblick in ein von Lobbyismus und Profitgier durchdrungenes deutsches Kliniksystem. Auch er tr\u00e4gt mit der B\u00fcrgerinitiative \u201cJa zur Klinik\u201c zu einem politischen Umdenken bei. Des Weiteren warnte er vor einer Unterwanderung der Schulen und Universit\u00e4ten durch Bundeswehr und Geheimdienst, von dem letztere Beihilfe geleistet h\u00e4tte bei der Vertuschung der NSU-Morde und des rechts-motivierten Oktoberfest-Attentates <i>(Anm. d. Verf.: 26.09.1980).<\/i><\/p>\n<p lang=\"en-GB\">[media-credit name=&#8220;Foto: Echte Demokratie Jetzt! M\u00fcnchen&#8220; align=&#8220;alignnone&#8220; width=&#8220;466&#8243;]<a href=\"http:\/\/www.pressenza.com\/wp-content\/uploads\/2014\/04\/Panorama2.jpg\"><img loading=\"lazy\" decoding=\"async\" class=\"size-medium wp-image-99930 aligncenter\" src=\"http:\/\/www.pressenza.com\/wp-content\/uploads\/2014\/04\/Panorama2-300x112.jpg\" alt=\"Panorama2\" width=\"466\" height=\"172\" \/><\/a>[\/media-credit]<\/p>\n<p lang=\"en-GB\">Als besonderer Redner trat der Spanier Daniel gemeinsam mit einem Landsmann auf, um aus erster Hand von den Protesten aus seinem Heimatland zu berichten. Daniel war einer von Zehntausenden spanischen B\u00fcrgern, die nach der dortigen Immobilien- und Finanzkrise auf die Stra\u00dfe gingen, um gegen das Versagen des politischen Systems zu demonstrieren. Bekannt wurde die 2011 geborene Bewegung unter dem Namen \u201eMovimiento 15-M\u201d oder generell \u201eSpanische Revolution\u201c und kooperiert eng mit der Bewegung \u201e\u00a1Democracia Real Ya!\u201d (Echte Demokratie Jetzt!). Nach Aussagen von Daniel f\u00fchlten sich die B\u00fcrger Spaniens nicht mehr von der Politik wahrgenommen. Im Gegenteil, ihnen sei durch die Krise bewusst geworden, dass sie \u201emit die schlechteste Verfassung Europas\u201c h\u00e4tten. Willk\u00fcrliche Polizeigewalt und die Blockierung demokratischer Entscheidungen von oben machten es f\u00fcr die dort lebende Bev\u00f6lkerung schwer, die eigentlich verfassungsrechtlich gesch\u00fctzte Demokratie und ihre Meinungsfreiheit wahrzunehmen. Hinzu k\u00e4me die Sorge vor Privatisierungen in empfindlichen Bereichen wie beispielsweise dem Bildungswesen.<\/p>\n<p lang=\"en-GB\">Besonders die sehr einseitigen Berichte der Medien und die Verh\u00f6hnung w\u00fctender B\u00fcrger als Terroristen machen Daniel w\u00fctend. Es w\u00fcrden immer nur Demonstranten gezeigt, die Polizisten verpr\u00fcgelten. Dass diese Demonstranten allerdings von einer unberechenbaren Polizei provoziert und in ihren Rechten beschnitten w\u00fcrden und sich dann lediglich gegen Kn\u00fcppelschl\u00e4ge wehrten, werde von den spanischen Medien weitgehend ausgeblendet. Auch die ungepr\u00fcfte \u00dcbernahme der spanischen Medienwelt durch die deutschen Nachrichten wird von Daniel kritisiert. Es mangele auch in Deutschland an echter und unvoreingenommener Berichterstattung, wenn es um Proteste gegen das bestehende Finanz- und Kapitalsystem ginge.<\/p>\n<p lang=\"en-GB\">Als trauriges Beispiel nennt Daniel einen Vergleich zur Darstellung von gewaltt\u00e4tigen Demonstranten in den spanischen Medien: \u201eWenn jemand seinen Job verliert, die Hypothek nicht mehr bedienen kann, daraufhin die Bank der Familie Haus und Hof wegnimmt, die Familie auf der Stra\u00dfe landet <i>(Anm. der Verf.: die Zahl der Zwangsr\u00e4umungen liegt aktuell bei ca. 500 pro Tag)<\/i> und sich nur noch Verzweiflung breit macht, ist das dann keine Gewalt?\u201c<\/p>\n<p lang=\"en-GB\">Es seien die \u00fcber 50 Prozent arbeitslosen jungen Menschen, die Zigtausend obdachlosen Familien, diejenigen, die nun unter menschenunw\u00fcrdigen Bedingungen einen hoffnungslosen Existenzkampf f\u00fchrten und sich von dem System hintergangen f\u00fchlten und es seien noch weitere Hunderttausend, denen ihre Machtlosigkeit bewusst werde, die als Demonstranten auf die Stra\u00dfe gingen. Niemand also, der sich einen Vergleich mit einem Terroristen gefallen lassen m\u00fcsse.<\/p>\n<p lang=\"en-GB\">Um 17 Uhr endete die Kundgebung so friedlich wie sie angefangen hatte. Weitere sogenannte \u201eAsambleas\u201c in M\u00fcnchen sollen k\u00fcnftig immer zum ersten Samstag des Monats bis voraussichtlich Oktober folgen. Termine und Einzelheiten unter: <a href=\"http:\/\/echte-demokratie-jetzt-muenchen.de\">echte-demokratie-jetzt-muenchen.de<\/a><\/p>\n","protected":false},"excerpt":{"rendered":"<p>M\u00fcnchen, 05.04.2014 Im Zuge der weltweiten \u201eWave-of-Action\u201c fand heute am Sendlinger Tor in M\u00fcnchen eine friedliche Kundgebung der M\u00fcnchner Gruppe \u201eEchte-Demokratie-Jetzt\/Occupy (EDJ)\u201c statt. Die Kernpunkte der Aktion umfassten das umstrittene Freihandelsabkommen mit den USA (TTIP), die Krisen in Europa und&hellip;<\/p>\n","protected":false},"author":1110,"featured_media":99919,"comment_status":"closed","ping_status":"open","sticky":false,"template":"","format":"standard","meta":{"footnotes":""},"categories":[9150,7835,9168],"tags":[9821,9928,9926,9269,9755,9927],"class_list":["post-99917","post","type-post","status-publish","format-standard","has-post-thumbnail","hentry","category-europa-de","category-international-de","category-politik","tag-demokratie","tag-finanzsystem","tag-medien","tag-munchen","tag-occupy-de","tag-wohnungsnot"],"yoast_head":"<!-- This site is optimized with the Yoast SEO plugin v27.1.1 - https:\/\/yoast.com\/product\/yoast-seo-wordpress\/ -->\n<title>Echte Demokratie gesucht! Occupy-Kundgebung in M\u00fcnchen<\/title>\n<meta name=\"description\" content=\"M\u00fcnchen, 05.04.2014 Im Zuge der weltweiten \u201eWave-of-Action\u201c fand heute am Sendlinger Tor in M\u00fcnchen eine friedliche Kundgebung der M\u00fcnchner Gruppe\" \/>\n<meta name=\"robots\" content=\"index, follow, max-snippet:-1, max-image-preview:large, max-video-preview:-1\" \/>\n<link rel=\"canonical\" href=\"https:\/\/www.pressenza.com\/de\/2014\/04\/echte-demokratie-gesucht-occupy-kundgebung-muenchen\/\" \/>\n<meta property=\"og:locale\" content=\"de_DE\" \/>\n<meta property=\"og:type\" content=\"article\" \/>\n<meta property=\"og:title\" content=\"Echte Demokratie gesucht! Occupy-Kundgebung in M\u00fcnchen\" \/>\n<meta property=\"og:description\" content=\"M\u00fcnchen, 05.04.2014 Im Zuge der weltweiten \u201eWave-of-Action\u201c fand heute am Sendlinger Tor in M\u00fcnchen eine friedliche Kundgebung der M\u00fcnchner Gruppe\" \/>\n<meta property=\"og:url\" content=\"https:\/\/www.pressenza.com\/de\/2014\/04\/echte-demokratie-gesucht-occupy-kundgebung-muenchen\/\" \/>\n<meta property=\"og:site_name\" content=\"Pressenza\" \/>\n<meta property=\"article:publisher\" content=\"https:\/\/www.facebook.com\/PressenzaItalia\" \/>\n<meta property=\"article:published_time\" content=\"2014-04-08T22:18:46+00:00\" \/>\n<meta property=\"article:modified_time\" content=\"2015-06-18T09:47:35+00:00\" \/>\n<meta property=\"og:image\" content=\"https:\/\/www.pressenza.com\/wp-content\/uploads\/2014\/04\/Panorama1.jpg\" \/>\n\t<meta property=\"og:image:width\" content=\"1060\" \/>\n\t<meta property=\"og:image:height\" content=\"480\" \/>\n\t<meta property=\"og:image:type\" content=\"image\/jpeg\" \/>\n<meta name=\"author\" content=\"Henriette J.\" \/>\n<meta name=\"twitter:card\" content=\"summary_large_image\" \/>\n<meta name=\"twitter:creator\" content=\"@PressenzaIPA\" \/>\n<meta name=\"twitter:site\" content=\"@PressenzaIPA\" \/>\n<meta name=\"twitter:label1\" content=\"Verfasst von\" \/>\n\t<meta name=\"twitter:data1\" content=\"Henriette J.\" \/>\n\t<meta name=\"twitter:label2\" content=\"Gesch\u00e4tzte Lesezeit\" \/>\n\t<meta name=\"twitter:data2\" content=\"6\u00a0Minuten\" \/>\n<script type=\"application\/ld+json\" class=\"yoast-schema-graph\">{\"@context\":\"https:\/\/schema.org\",\"@graph\":[{\"@type\":\"Article\",\"@id\":\"https:\/\/www.pressenza.com\/de\/2014\/04\/echte-demokratie-gesucht-occupy-kundgebung-muenchen\/#article\",\"isPartOf\":{\"@id\":\"https:\/\/www.pressenza.com\/de\/2014\/04\/echte-demokratie-gesucht-occupy-kundgebung-muenchen\/\"},\"author\":{\"name\":\"Henriette J.\",\"@id\":\"https:\/\/www.pressenza.com\/de\/#\/schema\/person\/44e89972f0e9267664f2bed93411daa3\"},\"headline\":\"Echte Demokratie gesucht! Occupy-Kundgebung in M\u00fcnchen\",\"datePublished\":\"2014-04-08T22:18:46+00:00\",\"dateModified\":\"2015-06-18T09:47:35+00:00\",\"mainEntityOfPage\":{\"@id\":\"https:\/\/www.pressenza.com\/de\/2014\/04\/echte-demokratie-gesucht-occupy-kundgebung-muenchen\/\"},\"wordCount\":1211,\"publisher\":{\"@id\":\"https:\/\/www.pressenza.com\/de\/#organization\"},\"image\":{\"@id\":\"https:\/\/www.pressenza.com\/de\/2014\/04\/echte-demokratie-gesucht-occupy-kundgebung-muenchen\/#primaryimage\"},\"thumbnailUrl\":\"https:\/\/www.pressenza.com\/wp-content\/uploads\/2014\/04\/Panorama1.jpg\",\"keywords\":[\"Demokratie\",\"Finanzsystem\",\"Medien\",\"M\u00fcnchen\",\"Occupy\",\"Wohnungsnot\"],\"articleSection\":[\"Europa\",\"International\",\"Politik\"],\"inLanguage\":\"de\"},{\"@type\":\"WebPage\",\"@id\":\"https:\/\/www.pressenza.com\/de\/2014\/04\/echte-demokratie-gesucht-occupy-kundgebung-muenchen\/\",\"url\":\"https:\/\/www.pressenza.com\/de\/2014\/04\/echte-demokratie-gesucht-occupy-kundgebung-muenchen\/\",\"name\":\"Echte Demokratie gesucht! Occupy-Kundgebung in M\u00fcnchen\",\"isPartOf\":{\"@id\":\"https:\/\/www.pressenza.com\/de\/#website\"},\"primaryImageOfPage\":{\"@id\":\"https:\/\/www.pressenza.com\/de\/2014\/04\/echte-demokratie-gesucht-occupy-kundgebung-muenchen\/#primaryimage\"},\"image\":{\"@id\":\"https:\/\/www.pressenza.com\/de\/2014\/04\/echte-demokratie-gesucht-occupy-kundgebung-muenchen\/#primaryimage\"},\"thumbnailUrl\":\"https:\/\/www.pressenza.com\/wp-content\/uploads\/2014\/04\/Panorama1.jpg\",\"datePublished\":\"2014-04-08T22:18:46+00:00\",\"dateModified\":\"2015-06-18T09:47:35+00:00\",\"description\":\"M\u00fcnchen, 05.04.2014 Im Zuge der weltweiten \u201eWave-of-Action\u201c fand heute am Sendlinger Tor in M\u00fcnchen eine friedliche Kundgebung der M\u00fcnchner Gruppe\",\"breadcrumb\":{\"@id\":\"https:\/\/www.pressenza.com\/de\/2014\/04\/echte-demokratie-gesucht-occupy-kundgebung-muenchen\/#breadcrumb\"},\"inLanguage\":\"de\",\"potentialAction\":[{\"@type\":\"ReadAction\",\"target\":[\"https:\/\/www.pressenza.com\/de\/2014\/04\/echte-demokratie-gesucht-occupy-kundgebung-muenchen\/\"]}]},{\"@type\":\"ImageObject\",\"inLanguage\":\"de\",\"@id\":\"https:\/\/www.pressenza.com\/de\/2014\/04\/echte-demokratie-gesucht-occupy-kundgebung-muenchen\/#primaryimage\",\"url\":\"https:\/\/www.pressenza.com\/wp-content\/uploads\/2014\/04\/Panorama1.jpg\",\"contentUrl\":\"https:\/\/www.pressenza.com\/wp-content\/uploads\/2014\/04\/Panorama1.jpg\",\"width\":1060,\"height\":480},{\"@type\":\"BreadcrumbList\",\"@id\":\"https:\/\/www.pressenza.com\/de\/2014\/04\/echte-demokratie-gesucht-occupy-kundgebung-muenchen\/#breadcrumb\",\"itemListElement\":[{\"@type\":\"ListItem\",\"position\":1,\"name\":\"Accueil\",\"item\":\"https:\/\/www.pressenza.com\/de\/\"},{\"@type\":\"ListItem\",\"position\":2,\"name\":\"Echte Demokratie gesucht! Occupy-Kundgebung in M\u00fcnchen\"}]},{\"@type\":\"WebSite\",\"@id\":\"https:\/\/www.pressenza.com\/de\/#website\",\"url\":\"https:\/\/www.pressenza.com\/de\/\",\"name\":\"Pressenza\",\"description\":\"International Press Agency\",\"publisher\":{\"@id\":\"https:\/\/www.pressenza.com\/de\/#organization\"},\"potentialAction\":[{\"@type\":\"SearchAction\",\"target\":{\"@type\":\"EntryPoint\",\"urlTemplate\":\"https:\/\/www.pressenza.com\/de\/?s={search_term_string}\"},\"query-input\":{\"@type\":\"PropertyValueSpecification\",\"valueRequired\":true,\"valueName\":\"search_term_string\"}}],\"inLanguage\":\"de\"},{\"@type\":\"Organization\",\"@id\":\"https:\/\/www.pressenza.com\/de\/#organization\",\"name\":\"Pressenza\",\"url\":\"https:\/\/www.pressenza.com\/de\/\",\"logo\":{\"@type\":\"ImageObject\",\"inLanguage\":\"de\",\"@id\":\"https:\/\/www.pressenza.com\/de\/#\/schema\/logo\/image\/\",\"url\":\"https:\/\/www.pressenza.com\/wp-content\/uploads\/2022\/10\/pressenza_logo_200x200.jpg\",\"contentUrl\":\"https:\/\/www.pressenza.com\/wp-content\/uploads\/2022\/10\/pressenza_logo_200x200.jpg\",\"width\":200,\"height\":200,\"caption\":\"Pressenza\"},\"image\":{\"@id\":\"https:\/\/www.pressenza.com\/de\/#\/schema\/logo\/image\/\"},\"sameAs\":[\"https:\/\/www.facebook.com\/PressenzaItalia\",\"https:\/\/x.com\/PressenzaIPA\"]},{\"@type\":\"Person\",\"@id\":\"https:\/\/www.pressenza.com\/de\/#\/schema\/person\/44e89972f0e9267664f2bed93411daa3\",\"name\":\"Henriette J.\",\"url\":\"https:\/\/www.pressenza.com\/de\/author\/flitzkola\/\"}]}<\/script>\n<!-- \/ Yoast SEO plugin. -->","yoast_head_json":{"title":"Echte Demokratie gesucht! Occupy-Kundgebung in M\u00fcnchen","description":"M\u00fcnchen, 05.04.2014 Im Zuge der weltweiten \u201eWave-of-Action\u201c fand heute am Sendlinger Tor in M\u00fcnchen eine friedliche Kundgebung der M\u00fcnchner Gruppe","robots":{"index":"index","follow":"follow","max-snippet":"max-snippet:-1","max-image-preview":"max-image-preview:large","max-video-preview":"max-video-preview:-1"},"canonical":"https:\/\/www.pressenza.com\/de\/2014\/04\/echte-demokratie-gesucht-occupy-kundgebung-muenchen\/","og_locale":"de_DE","og_type":"article","og_title":"Echte Demokratie gesucht! Occupy-Kundgebung in M\u00fcnchen","og_description":"M\u00fcnchen, 05.04.2014 Im Zuge der weltweiten \u201eWave-of-Action\u201c fand heute am Sendlinger Tor in M\u00fcnchen eine friedliche Kundgebung der M\u00fcnchner Gruppe","og_url":"https:\/\/www.pressenza.com\/de\/2014\/04\/echte-demokratie-gesucht-occupy-kundgebung-muenchen\/","og_site_name":"Pressenza","article_publisher":"https:\/\/www.facebook.com\/PressenzaItalia","article_published_time":"2014-04-08T22:18:46+00:00","article_modified_time":"2015-06-18T09:47:35+00:00","og_image":[{"width":1060,"height":480,"url":"https:\/\/www.pressenza.com\/wp-content\/uploads\/2014\/04\/Panorama1.jpg","type":"image\/jpeg"}],"author":"Henriette J.","twitter_card":"summary_large_image","twitter_creator":"@PressenzaIPA","twitter_site":"@PressenzaIPA","twitter_misc":{"Verfasst von":"Henriette J.","Gesch\u00e4tzte Lesezeit":"6\u00a0Minuten"},"schema":{"@context":"https:\/\/schema.org","@graph":[{"@type":"Article","@id":"https:\/\/www.pressenza.com\/de\/2014\/04\/echte-demokratie-gesucht-occupy-kundgebung-muenchen\/#article","isPartOf":{"@id":"https:\/\/www.pressenza.com\/de\/2014\/04\/echte-demokratie-gesucht-occupy-kundgebung-muenchen\/"},"author":{"name":"Henriette J.","@id":"https:\/\/www.pressenza.com\/de\/#\/schema\/person\/44e89972f0e9267664f2bed93411daa3"},"headline":"Echte Demokratie gesucht! Occupy-Kundgebung in M\u00fcnchen","datePublished":"2014-04-08T22:18:46+00:00","dateModified":"2015-06-18T09:47:35+00:00","mainEntityOfPage":{"@id":"https:\/\/www.pressenza.com\/de\/2014\/04\/echte-demokratie-gesucht-occupy-kundgebung-muenchen\/"},"wordCount":1211,"publisher":{"@id":"https:\/\/www.pressenza.com\/de\/#organization"},"image":{"@id":"https:\/\/www.pressenza.com\/de\/2014\/04\/echte-demokratie-gesucht-occupy-kundgebung-muenchen\/#primaryimage"},"thumbnailUrl":"https:\/\/www.pressenza.com\/wp-content\/uploads\/2014\/04\/Panorama1.jpg","keywords":["Demokratie","Finanzsystem","Medien","M\u00fcnchen","Occupy","Wohnungsnot"],"articleSection":["Europa","International","Politik"],"inLanguage":"de"},{"@type":"WebPage","@id":"https:\/\/www.pressenza.com\/de\/2014\/04\/echte-demokratie-gesucht-occupy-kundgebung-muenchen\/","url":"https:\/\/www.pressenza.com\/de\/2014\/04\/echte-demokratie-gesucht-occupy-kundgebung-muenchen\/","name":"Echte Demokratie gesucht! Occupy-Kundgebung in M\u00fcnchen","isPartOf":{"@id":"https:\/\/www.pressenza.com\/de\/#website"},"primaryImageOfPage":{"@id":"https:\/\/www.pressenza.com\/de\/2014\/04\/echte-demokratie-gesucht-occupy-kundgebung-muenchen\/#primaryimage"},"image":{"@id":"https:\/\/www.pressenza.com\/de\/2014\/04\/echte-demokratie-gesucht-occupy-kundgebung-muenchen\/#primaryimage"},"thumbnailUrl":"https:\/\/www.pressenza.com\/wp-content\/uploads\/2014\/04\/Panorama1.jpg","datePublished":"2014-04-08T22:18:46+00:00","dateModified":"2015-06-18T09:47:35+00:00","description":"M\u00fcnchen, 05.04.2014 Im Zuge der weltweiten \u201eWave-of-Action\u201c fand heute am Sendlinger Tor in M\u00fcnchen eine friedliche Kundgebung der M\u00fcnchner Gruppe","breadcrumb":{"@id":"https:\/\/www.pressenza.com\/de\/2014\/04\/echte-demokratie-gesucht-occupy-kundgebung-muenchen\/#breadcrumb"},"inLanguage":"de","potentialAction":[{"@type":"ReadAction","target":["https:\/\/www.pressenza.com\/de\/2014\/04\/echte-demokratie-gesucht-occupy-kundgebung-muenchen\/"]}]},{"@type":"ImageObject","inLanguage":"de","@id":"https:\/\/www.pressenza.com\/de\/2014\/04\/echte-demokratie-gesucht-occupy-kundgebung-muenchen\/#primaryimage","url":"https:\/\/www.pressenza.com\/wp-content\/uploads\/2014\/04\/Panorama1.jpg","contentUrl":"https:\/\/www.pressenza.com\/wp-content\/uploads\/2014\/04\/Panorama1.jpg","width":1060,"height":480},{"@type":"BreadcrumbList","@id":"https:\/\/www.pressenza.com\/de\/2014\/04\/echte-demokratie-gesucht-occupy-kundgebung-muenchen\/#breadcrumb","itemListElement":[{"@type":"ListItem","position":1,"name":"Accueil","item":"https:\/\/www.pressenza.com\/de\/"},{"@type":"ListItem","position":2,"name":"Echte Demokratie gesucht! Occupy-Kundgebung in M\u00fcnchen"}]},{"@type":"WebSite","@id":"https:\/\/www.pressenza.com\/de\/#website","url":"https:\/\/www.pressenza.com\/de\/","name":"Pressenza","description":"International Press Agency","publisher":{"@id":"https:\/\/www.pressenza.com\/de\/#organization"},"potentialAction":[{"@type":"SearchAction","target":{"@type":"EntryPoint","urlTemplate":"https:\/\/www.pressenza.com\/de\/?s={search_term_string}"},"query-input":{"@type":"PropertyValueSpecification","valueRequired":true,"valueName":"search_term_string"}}],"inLanguage":"de"},{"@type":"Organization","@id":"https:\/\/www.pressenza.com\/de\/#organization","name":"Pressenza","url":"https:\/\/www.pressenza.com\/de\/","logo":{"@type":"ImageObject","inLanguage":"de","@id":"https:\/\/www.pressenza.com\/de\/#\/schema\/logo\/image\/","url":"https:\/\/www.pressenza.com\/wp-content\/uploads\/2022\/10\/pressenza_logo_200x200.jpg","contentUrl":"https:\/\/www.pressenza.com\/wp-content\/uploads\/2022\/10\/pressenza_logo_200x200.jpg","width":200,"height":200,"caption":"Pressenza"},"image":{"@id":"https:\/\/www.pressenza.com\/de\/#\/schema\/logo\/image\/"},"sameAs":["https:\/\/www.facebook.com\/PressenzaItalia","https:\/\/x.com\/PressenzaIPA"]},{"@type":"Person","@id":"https:\/\/www.pressenza.com\/de\/#\/schema\/person\/44e89972f0e9267664f2bed93411daa3","name":"Henriette J.","url":"https:\/\/www.pressenza.com\/de\/author\/flitzkola\/"}]}},"place":"","original_article_url":"","_links":{"self":[{"href":"https:\/\/www.pressenza.com\/de\/wp-json\/wp\/v2\/posts\/99917","targetHints":{"allow":["GET"]}}],"collection":[{"href":"https:\/\/www.pressenza.com\/de\/wp-json\/wp\/v2\/posts"}],"about":[{"href":"https:\/\/www.pressenza.com\/de\/wp-json\/wp\/v2\/types\/post"}],"author":[{"embeddable":true,"href":"https:\/\/www.pressenza.com\/de\/wp-json\/wp\/v2\/users\/1110"}],"replies":[{"embeddable":true,"href":"https:\/\/www.pressenza.com\/de\/wp-json\/wp\/v2\/comments?post=99917"}],"version-history":[{"count":0,"href":"https:\/\/www.pressenza.com\/de\/wp-json\/wp\/v2\/posts\/99917\/revisions"}],"wp:featuredmedia":[{"embeddable":true,"href":"https:\/\/www.pressenza.com\/de\/wp-json\/wp\/v2\/media\/99919"}],"wp:attachment":[{"href":"https:\/\/www.pressenza.com\/de\/wp-json\/wp\/v2\/media?parent=99917"}],"wp:term":[{"taxonomy":"category","embeddable":true,"href":"https:\/\/www.pressenza.com\/de\/wp-json\/wp\/v2\/categories?post=99917"},{"taxonomy":"post_tag","embeddable":true,"href":"https:\/\/www.pressenza.com\/de\/wp-json\/wp\/v2\/tags?post=99917"}],"curies":[{"name":"wp","href":"https:\/\/api.w.org\/{rel}","templated":true}]}}