{"id":996064,"date":"2019-12-15T11:55:44","date_gmt":"2019-12-15T11:55:44","guid":{"rendered":"https:\/\/www.pressenza.com\/?p=996064"},"modified":"2019-12-15T11:56:52","modified_gmt":"2019-12-15T11:56:52","slug":"gute-nachrichten-teil-8-der-hoffnungsquickie","status":"publish","type":"post","link":"https:\/\/www.pressenza.com\/de\/2019\/12\/gute-nachrichten-teil-8-der-hoffnungsquickie\/","title":{"rendered":"Gute Nachrichten Teil 8 \u2013 Der Hoffnungsquickie"},"content":{"rendered":"<p><strong>Die Welt ist ein schlechter Ort. Diesen Eindruck gewinnt man zumindest, wenn man sie durch das mediale Brennglas betrachtet. Katastrophen, Kriege, L\u00fcgen, Heuchelei und Zerst\u00f6rung bestimmen die vermittelte Realit\u00e4t. Obwohl jedem bekannt sein d\u00fcrfte, dass diese nur ein stark vergr\u00f6\u00dferter Ausschnitt der Wirklichkeit ist, \u00fcbernehmen sie viele allzu h\u00e4ufig als einzig m\u00f6gliches Weltbild.<\/strong><\/p>\n<p>Daher hat sich die Mutmach-Redaktion entschlossen, in regelm\u00e4\u00dfigen Abst\u00e4nden gute Nachrichten in die Weltuntergangsszenarien einzustreuen. Denn: Es geschehen auch Wunder, Erfolge und erfreuliche Ereignisse, diese verkaufen sich nur nicht so gut, wie die unter einem rei\u00dferischen Titel vorgetragene Katastrophe. Gute Nachrichten erfordern keine tiefgehende Analyse, deshalb halten wir sie kurz und knackig. Sie dienen als kurze Verschnaufpause, um das einseitig verzerrte Weltbild wieder ein St\u00fcck ins Lot zu r\u00fccken.<\/p>\n<h4><strong>Weniger Selbstmorde durch Ehe f\u00fcr alle<\/strong><\/h4>\n<p>Als vor einigen Jahren die Ehe f\u00fcr alle in Deutschland eingef\u00fchrt wurde, war diese Entscheidung sehr umstritten. Doch war sie nicht nur ein wichtiger Schritt in Richtung Gleichberechtigung. Eine Studie aus <a href=\"https:\/\/www.queer.de\/detail.php?article_id=34900\" target=\"_blank\" rel=\"noopener\">D\u00e4nemark<\/a> hat nun gezeigt, dass seit der dortigen Einf\u00fchrung der gleichgeschlechtlichen Lebenspartnerschaft 1989 und der Ehe f\u00fcr alle im Jahre 2012 die Suizidrate unter Homosexuellen schneller gesunken ist als unter Heterosexuellen. Zur\u00fcckgef\u00fchrt wird dieser Trend auf die reduzierte Stigmatisierung sexueller Minderheiten. So sei die Suizidrate unter Homosexuellen um 46 Prozent gesunken, die unter Heterosexuellen hingegen nur um 26 Prozent. Eine amerikanische Studie aus dem Jahr 2017 legt sogar nahe, dass die \u00d6ffnung der Ehe f\u00fcr alle auch einen R\u00fcckgang der Suizidrate unter Heterosexuellen beg\u00fcnstigt, da sie generelle Stigmata abbaue.<\/p>\n<h4><strong>Erste Psychiatrie ohne Medikamente<\/strong><\/h4>\n<p>Das Wort Psychiatrie weckt normalerweise unheimliche Bilder von schwer gest\u00f6rten und mit Medikamenten vollgepumpten Patienten, die vollkommen entm\u00fcndigt durch chemische Mittel ruhig gestellt werden. Nun gibt es jedoch Hoffnung, dass dieses Bild irgendwann der Vergangenheit angeh\u00f6ren k\u00f6nnte. So hat in Norwegen die erste Psychiatrie er\u00f6ffnet, die vollkommen <a href=\"https:\/\/www.madinamerica.com\/2017\/03\/the-door-to-a-revolution-in-psychiatry-cracks-open\/\" target=\"_blank\" rel=\"noopener\">ohne Medikamente auskommt<\/a>.<\/p>\n<p>Das \u00c5sg\u00e5rd psychiatric hospital in Troms\u00f8 ist f\u00fcr Patienten bestimmt, die nicht medikament\u00f6s behandelt, oder von einer solchen Behandlung entw\u00f6hnt werden wollen. Solche Einrichtungen zu schaffen, ging direkt auf ein Mandat des norwegischen Gesundheitsministeriums zur\u00fcck. Die Patienten sollen so in die Lage versetzt werden, selbstst\u00e4ndig zu w\u00e4hlen, wie sie behandelt werden wollen, anstatt vorgeschrieben zu bekommen, was \u201edas Beste\u201c f\u00fcr sie sei. Auf diese Weise erhalten sie ein St\u00fcck ihrer Freiheit und Selbstbestimmung zur\u00fcck. Das Mandat des Gesundheitsministeriums beinhaltet auch die Verpflichtung zu einer Revision der \u00fcblichen, medikament\u00f6sen Behandlung.<\/p>\n<h4><strong>Empathie als Schulfach<\/strong><\/h4>\n<p>Die Schulzeit ist f\u00fcr alle Kinder pr\u00e4gend. Doch wird dort in der Regel nur materialistische Wissenschaft gelehrt. Die Sch\u00fcler lernen auf diese Weise zwar, ihren Verstand zu verwenden, doch die Emotionen werden dabei vollkommen vernachl\u00e4ssigt. In D\u00e4nemark jedoch wird Wert darauf gelegt, Menschen als Personen und als Teil einer Gesellschaft zu betrachten. So hat das kleine Land sein Bildungssystem drastisch ver\u00e4ndert, um soziale Krisen gar nicht erst entstehen zu lassen. Ein bemerkenswerter Teil dieser Ver\u00e4nderung ist wohl die Einf\u00fchrung des Faches <a href=\"http:\/\/www.upsocl.com\/mundo\/danische-kinder-bekommen-unterricht-in-empathie-rechnen-und-lesen-ist-so-wichtig-wie-andere-wertzuschatzen\/?fbclid=IwAR0Z7JJWQJOxrCNPxQdRw1nuQD4PUZDeMPlzE3osu88BzmtM1QBxyPMXC-E\" target=\"_blank\" rel=\"noopener\">Empathie<\/a>.<\/p>\n<p>Eine Stunde in der Woche haben Kinder zwischen 6 und 16 Jahren die M\u00f6glichkeit zu f\u00fchlen, und dabei geleitet zu werden. Auf diese Weise wird die F\u00e4higkeit ausgebildet, sich um andere Menschen zu sorgen. Der Unterricht baut darauf auf, Kinder gezielt in Situationen zu bringen, in denen sie Empathie entwickeln. So wird jedes Kind darum gebeten, \u00fcber seine Probleme zu sprechen, w\u00e4hrend die Klassenkameraden zuh\u00f6ren. Gemeinsam entwickeln die Sch\u00fcler dann L\u00f6sungen f\u00fcr jedes einzelne Kind. Dies f\u00f6rdert zugleich die F\u00e4higkeiten der Kinder, kreativ schwierige Situationen zu meistern. Die Kinder sollen dabei merken, dass sie unter Problemen leiden, die jedoch zugleich alle betreffen. Daher wird ihnen vermittelt, ihre Angst abzulegen, sich verletzlich oder unf\u00e4hig zu zeigen, schwierige Situationen zu meistern. Ein wichtiges Ziel ist es, Vertrauen in die eigenen F\u00e4higkeiten und in die Unterst\u00fctzung der Gemeinschaft zu entwickeln.<\/p>\n<p><strong><em>Dieser Beitrag von Felix Feistel erschien erstmalig bei <a href=\"https:\/\/www.rubikon.news\/artikel\/der-hoffnungsquickie-8\" target=\"_blank\" rel=\"noopener\">Rubikon \u2013 Magazin f\u00fcr die kritische Masse<\/a> unter CC BY 4.0.<\/em><\/strong><\/p>\n<h4><em><strong>Weitere <a href=\"https:\/\/www.pressenza.com\/de\/tag\/gute-nachrichten\/\" target=\"_blank\" rel=\"noopener\">Gute Nachrichten auf Pressenza<\/a><\/strong><\/em><\/h4>\n<hr \/>\n<p><em><strong>Felix Feistel<\/strong>, Jahrgang 1992, schreibt in vielf\u00e4ltiger Weise \u00fcber die Idiotie dieser Welt und auch gegen diese an. In einer auf Zahlen und Daten reduzierten Welt, die ihm schon immer fremd war, sucht er nach Menschlichkeit und der Bedeutung des Lebens. Er versucht, seine Kr\u00e4fte und Talente f\u00fcr die Gestaltung einer lebenswerten Welt einzusetzen, indem er sich gegen Ungerechtigkeit und Zerst\u00f6rung wendet. Trotz des \u00fcberall grassierenden Wahnsinns ist er nicht bereit, den Glauben an das Gute im Menschen und sein Potenzial, den Planeten in ein Paradies zu verwandeln, aufzugeben. Er ist Mitglied der Rubikon-Jugendredaktion und schreibt f\u00fcr die Kolumne \u201e<a href=\"https:\/\/www.rubikon.news\/kolumnen\/junge-federn\" target=\"_blank\" rel=\"noopener\">Junge Federn<\/a>\u201c.<\/em><\/p>\n","protected":false},"excerpt":{"rendered":"<p>Die Welt ist ein schlechter Ort. Diesen Eindruck gewinnt man zumindest, wenn man sie durch das mediale Brennglas betrachtet. Katastrophen, Kriege, L\u00fcgen, Heuchelei und Zerst\u00f6rung bestimmen die vermittelte Realit\u00e4t. Obwohl jedem bekannt sein d\u00fcrfte, dass diese nur ein stark vergr\u00f6\u00dferter&hellip;<\/p>\n","protected":false},"author":1095,"featured_media":996068,"comment_status":"closed","ping_status":"closed","sticky":false,"template":"","format":"standard","meta":{"footnotes":""},"categories":[9159,9160],"tags":[68373,57730,9935,60551,68374,68372],"class_list":["post-996064","post","type-post","status-publish","format-standard","has-post-thumbnail","hentry","category-bildung","category-gesundheit","tag-einfuehlungsvermoegen","tag-empathie-de","tag-good-news","tag-gute-nachrichten","tag-psychiatrie-de","tag-psychopharmaka"],"yoast_head":"<!-- This site is optimized with the Yoast SEO plugin v27.1.1 - https:\/\/yoast.com\/product\/yoast-seo-wordpress\/ -->\n<title>Gute Nachrichten Teil 8 \u2013 Der Hoffnungsquickie<\/title>\n<meta name=\"description\" content=\"Die Welt ist ein schlechter Ort. Diesen Eindruck gewinnt man zumindest, wenn man sie durch das mediale Brennglas betrachtet. Katastrophen, Kriege, L\u00fcgen,\" \/>\n<meta name=\"robots\" content=\"index, follow, max-snippet:-1, max-image-preview:large, max-video-preview:-1\" \/>\n<link rel=\"canonical\" href=\"https:\/\/www.pressenza.com\/de\/2019\/12\/gute-nachrichten-teil-8-der-hoffnungsquickie\/\" \/>\n<meta property=\"og:locale\" content=\"de_DE\" \/>\n<meta property=\"og:type\" content=\"article\" \/>\n<meta property=\"og:title\" content=\"Gute Nachrichten Teil 8 \u2013 Der Hoffnungsquickie\" \/>\n<meta property=\"og:description\" content=\"Die Welt ist ein schlechter Ort. Diesen Eindruck gewinnt man zumindest, wenn man sie durch das mediale Brennglas betrachtet. Katastrophen, Kriege, L\u00fcgen,\" \/>\n<meta property=\"og:url\" content=\"https:\/\/www.pressenza.com\/de\/2019\/12\/gute-nachrichten-teil-8-der-hoffnungsquickie\/\" \/>\n<meta property=\"og:site_name\" content=\"Pressenza\" \/>\n<meta property=\"article:publisher\" content=\"https:\/\/www.facebook.com\/PressenzaItalia\" \/>\n<meta property=\"article:author\" content=\"https:\/\/www.facebook.com\/Pressenza-Deutschland-sterreich-Schweiz-281675388658060\/timeline\/\" \/>\n<meta property=\"article:published_time\" content=\"2019-12-15T11:55:44+00:00\" \/>\n<meta property=\"article:modified_time\" content=\"2019-12-15T11:56:52+00:00\" \/>\n<meta property=\"og:image\" content=\"https:\/\/www.pressenza.com\/wp-content\/uploads\/2019\/12\/background-2709658_1280.jpg\" \/>\n\t<meta property=\"og:image:width\" content=\"1280\" \/>\n\t<meta property=\"og:image:height\" content=\"905\" \/>\n\t<meta property=\"og:image:type\" content=\"image\/jpeg\" \/>\n<meta name=\"author\" content=\"Pressenza Berlin\" \/>\n<meta name=\"twitter:card\" content=\"summary_large_image\" \/>\n<meta name=\"twitter:creator\" content=\"@pressenza_ger\" \/>\n<meta name=\"twitter:site\" content=\"@PressenzaIPA\" \/>\n<meta name=\"twitter:label1\" content=\"Verfasst von\" \/>\n\t<meta name=\"twitter:data1\" content=\"Pressenza Berlin\" \/>\n\t<meta name=\"twitter:label2\" content=\"Gesch\u00e4tzte Lesezeit\" \/>\n\t<meta name=\"twitter:data2\" content=\"4\u00a0Minuten\" \/>\n<script type=\"application\/ld+json\" class=\"yoast-schema-graph\">{\"@context\":\"https:\/\/schema.org\",\"@graph\":[{\"@type\":\"Article\",\"@id\":\"https:\/\/www.pressenza.com\/de\/2019\/12\/gute-nachrichten-teil-8-der-hoffnungsquickie\/#article\",\"isPartOf\":{\"@id\":\"https:\/\/www.pressenza.com\/de\/2019\/12\/gute-nachrichten-teil-8-der-hoffnungsquickie\/\"},\"author\":{\"name\":\"Pressenza Berlin\",\"@id\":\"https:\/\/www.pressenza.com\/de\/#\/schema\/person\/57bb5480943a496a7722b0248e4b658a\"},\"headline\":\"Gute Nachrichten Teil 8 \u2013 Der Hoffnungsquickie\",\"datePublished\":\"2019-12-15T11:55:44+00:00\",\"dateModified\":\"2019-12-15T11:56:52+00:00\",\"mainEntityOfPage\":{\"@id\":\"https:\/\/www.pressenza.com\/de\/2019\/12\/gute-nachrichten-teil-8-der-hoffnungsquickie\/\"},\"wordCount\":799,\"publisher\":{\"@id\":\"https:\/\/www.pressenza.com\/de\/#organization\"},\"image\":{\"@id\":\"https:\/\/www.pressenza.com\/de\/2019\/12\/gute-nachrichten-teil-8-der-hoffnungsquickie\/#primaryimage\"},\"thumbnailUrl\":\"https:\/\/www.pressenza.com\/wp-content\/uploads\/2019\/12\/background-2709658_1280.jpg\",\"keywords\":[\"Einf\u00fchlungsverm\u00f6gen\",\"empathie\",\"Good News\",\"Gute Nachrichten\",\"psychiatrie\",\"Psychopharmaka\"],\"articleSection\":[\"Bildung\",\"Gesundheit\"],\"inLanguage\":\"de\"},{\"@type\":\"WebPage\",\"@id\":\"https:\/\/www.pressenza.com\/de\/2019\/12\/gute-nachrichten-teil-8-der-hoffnungsquickie\/\",\"url\":\"https:\/\/www.pressenza.com\/de\/2019\/12\/gute-nachrichten-teil-8-der-hoffnungsquickie\/\",\"name\":\"Gute Nachrichten Teil 8 \u2013 Der Hoffnungsquickie\",\"isPartOf\":{\"@id\":\"https:\/\/www.pressenza.com\/de\/#website\"},\"primaryImageOfPage\":{\"@id\":\"https:\/\/www.pressenza.com\/de\/2019\/12\/gute-nachrichten-teil-8-der-hoffnungsquickie\/#primaryimage\"},\"image\":{\"@id\":\"https:\/\/www.pressenza.com\/de\/2019\/12\/gute-nachrichten-teil-8-der-hoffnungsquickie\/#primaryimage\"},\"thumbnailUrl\":\"https:\/\/www.pressenza.com\/wp-content\/uploads\/2019\/12\/background-2709658_1280.jpg\",\"datePublished\":\"2019-12-15T11:55:44+00:00\",\"dateModified\":\"2019-12-15T11:56:52+00:00\",\"description\":\"Die Welt ist ein schlechter Ort. Diesen Eindruck gewinnt man zumindest, wenn man sie durch das mediale Brennglas betrachtet. Katastrophen, Kriege, L\u00fcgen,\",\"breadcrumb\":{\"@id\":\"https:\/\/www.pressenza.com\/de\/2019\/12\/gute-nachrichten-teil-8-der-hoffnungsquickie\/#breadcrumb\"},\"inLanguage\":\"de\",\"potentialAction\":[{\"@type\":\"ReadAction\",\"target\":[\"https:\/\/www.pressenza.com\/de\/2019\/12\/gute-nachrichten-teil-8-der-hoffnungsquickie\/\"]}]},{\"@type\":\"ImageObject\",\"inLanguage\":\"de\",\"@id\":\"https:\/\/www.pressenza.com\/de\/2019\/12\/gute-nachrichten-teil-8-der-hoffnungsquickie\/#primaryimage\",\"url\":\"https:\/\/www.pressenza.com\/wp-content\/uploads\/2019\/12\/background-2709658_1280.jpg\",\"contentUrl\":\"https:\/\/www.pressenza.com\/wp-content\/uploads\/2019\/12\/background-2709658_1280.jpg\",\"width\":1280,\"height\":905,\"caption\":\"Gute Nachrichten Teil 8 \u2013 Der Hoffnungsquickie\"},{\"@type\":\"BreadcrumbList\",\"@id\":\"https:\/\/www.pressenza.com\/de\/2019\/12\/gute-nachrichten-teil-8-der-hoffnungsquickie\/#breadcrumb\",\"itemListElement\":[{\"@type\":\"ListItem\",\"position\":1,\"name\":\"Accueil\",\"item\":\"https:\/\/www.pressenza.com\/de\/\"},{\"@type\":\"ListItem\",\"position\":2,\"name\":\"Gute Nachrichten Teil 8 \u2013 Der Hoffnungsquickie\"}]},{\"@type\":\"WebSite\",\"@id\":\"https:\/\/www.pressenza.com\/de\/#website\",\"url\":\"https:\/\/www.pressenza.com\/de\/\",\"name\":\"Pressenza\",\"description\":\"International Press Agency\",\"publisher\":{\"@id\":\"https:\/\/www.pressenza.com\/de\/#organization\"},\"potentialAction\":[{\"@type\":\"SearchAction\",\"target\":{\"@type\":\"EntryPoint\",\"urlTemplate\":\"https:\/\/www.pressenza.com\/de\/?s={search_term_string}\"},\"query-input\":{\"@type\":\"PropertyValueSpecification\",\"valueRequired\":true,\"valueName\":\"search_term_string\"}}],\"inLanguage\":\"de\"},{\"@type\":\"Organization\",\"@id\":\"https:\/\/www.pressenza.com\/de\/#organization\",\"name\":\"Pressenza\",\"url\":\"https:\/\/www.pressenza.com\/de\/\",\"logo\":{\"@type\":\"ImageObject\",\"inLanguage\":\"de\",\"@id\":\"https:\/\/www.pressenza.com\/de\/#\/schema\/logo\/image\/\",\"url\":\"https:\/\/www.pressenza.com\/wp-content\/uploads\/2022\/10\/pressenza_logo_200x200.jpg\",\"contentUrl\":\"https:\/\/www.pressenza.com\/wp-content\/uploads\/2022\/10\/pressenza_logo_200x200.jpg\",\"width\":200,\"height\":200,\"caption\":\"Pressenza\"},\"image\":{\"@id\":\"https:\/\/www.pressenza.com\/de\/#\/schema\/logo\/image\/\"},\"sameAs\":[\"https:\/\/www.facebook.com\/PressenzaItalia\",\"https:\/\/x.com\/PressenzaIPA\"]},{\"@type\":\"Person\",\"@id\":\"https:\/\/www.pressenza.com\/de\/#\/schema\/person\/57bb5480943a496a7722b0248e4b658a\",\"name\":\"Pressenza Berlin\",\"description\":\"News from the Pressenza Bureau in Berlin, Germany\",\"sameAs\":[\"https:\/\/www.facebook.com\/Pressenza-Deutschland-sterreich-Schweiz-281675388658060\/timeline\/\",\"https:\/\/x.com\/pressenza_ger\"],\"url\":\"https:\/\/www.pressenza.com\/de\/author\/pressenza-berlin\/\"}]}<\/script>\n<!-- \/ Yoast SEO plugin. -->","yoast_head_json":{"title":"Gute Nachrichten Teil 8 \u2013 Der Hoffnungsquickie","description":"Die Welt ist ein schlechter Ort. Diesen Eindruck gewinnt man zumindest, wenn man sie durch das mediale Brennglas betrachtet. Katastrophen, Kriege, L\u00fcgen,","robots":{"index":"index","follow":"follow","max-snippet":"max-snippet:-1","max-image-preview":"max-image-preview:large","max-video-preview":"max-video-preview:-1"},"canonical":"https:\/\/www.pressenza.com\/de\/2019\/12\/gute-nachrichten-teil-8-der-hoffnungsquickie\/","og_locale":"de_DE","og_type":"article","og_title":"Gute Nachrichten Teil 8 \u2013 Der Hoffnungsquickie","og_description":"Die Welt ist ein schlechter Ort. Diesen Eindruck gewinnt man zumindest, wenn man sie durch das mediale Brennglas betrachtet. Katastrophen, Kriege, L\u00fcgen,","og_url":"https:\/\/www.pressenza.com\/de\/2019\/12\/gute-nachrichten-teil-8-der-hoffnungsquickie\/","og_site_name":"Pressenza","article_publisher":"https:\/\/www.facebook.com\/PressenzaItalia","article_author":"https:\/\/www.facebook.com\/Pressenza-Deutschland-sterreich-Schweiz-281675388658060\/timeline\/","article_published_time":"2019-12-15T11:55:44+00:00","article_modified_time":"2019-12-15T11:56:52+00:00","og_image":[{"width":1280,"height":905,"url":"https:\/\/www.pressenza.com\/wp-content\/uploads\/2019\/12\/background-2709658_1280.jpg","type":"image\/jpeg"}],"author":"Pressenza Berlin","twitter_card":"summary_large_image","twitter_creator":"@pressenza_ger","twitter_site":"@PressenzaIPA","twitter_misc":{"Verfasst von":"Pressenza Berlin","Gesch\u00e4tzte Lesezeit":"4\u00a0Minuten"},"schema":{"@context":"https:\/\/schema.org","@graph":[{"@type":"Article","@id":"https:\/\/www.pressenza.com\/de\/2019\/12\/gute-nachrichten-teil-8-der-hoffnungsquickie\/#article","isPartOf":{"@id":"https:\/\/www.pressenza.com\/de\/2019\/12\/gute-nachrichten-teil-8-der-hoffnungsquickie\/"},"author":{"name":"Pressenza Berlin","@id":"https:\/\/www.pressenza.com\/de\/#\/schema\/person\/57bb5480943a496a7722b0248e4b658a"},"headline":"Gute Nachrichten Teil 8 \u2013 Der Hoffnungsquickie","datePublished":"2019-12-15T11:55:44+00:00","dateModified":"2019-12-15T11:56:52+00:00","mainEntityOfPage":{"@id":"https:\/\/www.pressenza.com\/de\/2019\/12\/gute-nachrichten-teil-8-der-hoffnungsquickie\/"},"wordCount":799,"publisher":{"@id":"https:\/\/www.pressenza.com\/de\/#organization"},"image":{"@id":"https:\/\/www.pressenza.com\/de\/2019\/12\/gute-nachrichten-teil-8-der-hoffnungsquickie\/#primaryimage"},"thumbnailUrl":"https:\/\/www.pressenza.com\/wp-content\/uploads\/2019\/12\/background-2709658_1280.jpg","keywords":["Einf\u00fchlungsverm\u00f6gen","empathie","Good News","Gute Nachrichten","psychiatrie","Psychopharmaka"],"articleSection":["Bildung","Gesundheit"],"inLanguage":"de"},{"@type":"WebPage","@id":"https:\/\/www.pressenza.com\/de\/2019\/12\/gute-nachrichten-teil-8-der-hoffnungsquickie\/","url":"https:\/\/www.pressenza.com\/de\/2019\/12\/gute-nachrichten-teil-8-der-hoffnungsquickie\/","name":"Gute Nachrichten Teil 8 \u2013 Der Hoffnungsquickie","isPartOf":{"@id":"https:\/\/www.pressenza.com\/de\/#website"},"primaryImageOfPage":{"@id":"https:\/\/www.pressenza.com\/de\/2019\/12\/gute-nachrichten-teil-8-der-hoffnungsquickie\/#primaryimage"},"image":{"@id":"https:\/\/www.pressenza.com\/de\/2019\/12\/gute-nachrichten-teil-8-der-hoffnungsquickie\/#primaryimage"},"thumbnailUrl":"https:\/\/www.pressenza.com\/wp-content\/uploads\/2019\/12\/background-2709658_1280.jpg","datePublished":"2019-12-15T11:55:44+00:00","dateModified":"2019-12-15T11:56:52+00:00","description":"Die Welt ist ein schlechter Ort. Diesen Eindruck gewinnt man zumindest, wenn man sie durch das mediale Brennglas betrachtet. Katastrophen, Kriege, L\u00fcgen,","breadcrumb":{"@id":"https:\/\/www.pressenza.com\/de\/2019\/12\/gute-nachrichten-teil-8-der-hoffnungsquickie\/#breadcrumb"},"inLanguage":"de","potentialAction":[{"@type":"ReadAction","target":["https:\/\/www.pressenza.com\/de\/2019\/12\/gute-nachrichten-teil-8-der-hoffnungsquickie\/"]}]},{"@type":"ImageObject","inLanguage":"de","@id":"https:\/\/www.pressenza.com\/de\/2019\/12\/gute-nachrichten-teil-8-der-hoffnungsquickie\/#primaryimage","url":"https:\/\/www.pressenza.com\/wp-content\/uploads\/2019\/12\/background-2709658_1280.jpg","contentUrl":"https:\/\/www.pressenza.com\/wp-content\/uploads\/2019\/12\/background-2709658_1280.jpg","width":1280,"height":905,"caption":"Gute Nachrichten Teil 8 \u2013 Der Hoffnungsquickie"},{"@type":"BreadcrumbList","@id":"https:\/\/www.pressenza.com\/de\/2019\/12\/gute-nachrichten-teil-8-der-hoffnungsquickie\/#breadcrumb","itemListElement":[{"@type":"ListItem","position":1,"name":"Accueil","item":"https:\/\/www.pressenza.com\/de\/"},{"@type":"ListItem","position":2,"name":"Gute Nachrichten Teil 8 \u2013 Der Hoffnungsquickie"}]},{"@type":"WebSite","@id":"https:\/\/www.pressenza.com\/de\/#website","url":"https:\/\/www.pressenza.com\/de\/","name":"Pressenza","description":"International Press Agency","publisher":{"@id":"https:\/\/www.pressenza.com\/de\/#organization"},"potentialAction":[{"@type":"SearchAction","target":{"@type":"EntryPoint","urlTemplate":"https:\/\/www.pressenza.com\/de\/?s={search_term_string}"},"query-input":{"@type":"PropertyValueSpecification","valueRequired":true,"valueName":"search_term_string"}}],"inLanguage":"de"},{"@type":"Organization","@id":"https:\/\/www.pressenza.com\/de\/#organization","name":"Pressenza","url":"https:\/\/www.pressenza.com\/de\/","logo":{"@type":"ImageObject","inLanguage":"de","@id":"https:\/\/www.pressenza.com\/de\/#\/schema\/logo\/image\/","url":"https:\/\/www.pressenza.com\/wp-content\/uploads\/2022\/10\/pressenza_logo_200x200.jpg","contentUrl":"https:\/\/www.pressenza.com\/wp-content\/uploads\/2022\/10\/pressenza_logo_200x200.jpg","width":200,"height":200,"caption":"Pressenza"},"image":{"@id":"https:\/\/www.pressenza.com\/de\/#\/schema\/logo\/image\/"},"sameAs":["https:\/\/www.facebook.com\/PressenzaItalia","https:\/\/x.com\/PressenzaIPA"]},{"@type":"Person","@id":"https:\/\/www.pressenza.com\/de\/#\/schema\/person\/57bb5480943a496a7722b0248e4b658a","name":"Pressenza Berlin","description":"News from the Pressenza Bureau in Berlin, Germany","sameAs":["https:\/\/www.facebook.com\/Pressenza-Deutschland-sterreich-Schweiz-281675388658060\/timeline\/","https:\/\/x.com\/pressenza_ger"],"url":"https:\/\/www.pressenza.com\/de\/author\/pressenza-berlin\/"}]}},"place":"Felix Feistel, Rubikon","original_article_url":"","_links":{"self":[{"href":"https:\/\/www.pressenza.com\/de\/wp-json\/wp\/v2\/posts\/996064","targetHints":{"allow":["GET"]}}],"collection":[{"href":"https:\/\/www.pressenza.com\/de\/wp-json\/wp\/v2\/posts"}],"about":[{"href":"https:\/\/www.pressenza.com\/de\/wp-json\/wp\/v2\/types\/post"}],"author":[{"embeddable":true,"href":"https:\/\/www.pressenza.com\/de\/wp-json\/wp\/v2\/users\/1095"}],"replies":[{"embeddable":true,"href":"https:\/\/www.pressenza.com\/de\/wp-json\/wp\/v2\/comments?post=996064"}],"version-history":[{"count":0,"href":"https:\/\/www.pressenza.com\/de\/wp-json\/wp\/v2\/posts\/996064\/revisions"}],"wp:featuredmedia":[{"embeddable":true,"href":"https:\/\/www.pressenza.com\/de\/wp-json\/wp\/v2\/media\/996068"}],"wp:attachment":[{"href":"https:\/\/www.pressenza.com\/de\/wp-json\/wp\/v2\/media?parent=996064"}],"wp:term":[{"taxonomy":"category","embeddable":true,"href":"https:\/\/www.pressenza.com\/de\/wp-json\/wp\/v2\/categories?post=996064"},{"taxonomy":"post_tag","embeddable":true,"href":"https:\/\/www.pressenza.com\/de\/wp-json\/wp\/v2\/tags?post=996064"}],"curies":[{"name":"wp","href":"https:\/\/api.w.org\/{rel}","templated":true}]}}