{"id":994152,"date":"2019-12-12T16:13:42","date_gmt":"2019-12-12T16:13:42","guid":{"rendered":"https:\/\/www.pressenza.com\/?p=994152"},"modified":"2019-12-12T16:13:42","modified_gmt":"2019-12-12T16:13:42","slug":"greenpeace-unterdrueckung-von-zivilgesellschaftlichem-protest-auf-cop-undemokratisch-und-untragbar","status":"publish","type":"post","link":"https:\/\/www.pressenza.com\/de\/2019\/12\/greenpeace-unterdrueckung-von-zivilgesellschaftlichem-protest-auf-cop-undemokratisch-und-untragbar\/","title":{"rendered":"Greenpeace: Unterdr\u00fcckung von zivilgesellschaftlichem Protest auf COP undemokratisch und untragbar"},"content":{"rendered":"<p>Nach einem friedvollen Protest gegen die Unt\u00e4tigkeit der Politik, im Zuge der laufenden 25. Weltklimakonferenz in Madrid, wurden zahlreiche jugendliche DemonstrantInnen und indigene VertreterInnen vom COP Gel\u00e4nde eskortiert. Sie werden voraussichtlich ihren Beobachterstatus f\u00fcr diese COP verlieren, einige L\u00e4nder fordern nun gar den vollst\u00e4ndigen Ausschluss der Zivilgesellschaft von der COP. Derzeit werden keine VertreterInnen der Zivilgesellschaft in das Geb\u00e4ude gelassen, unabh\u00e4ngig davon, ob sie an dem friedvollen Protest beteiligt waren, oder nicht.<\/p>\n<p>Adam Pawloff, Klimaexperte von Greenpeace kommentiert vor Ort: \u201cDie Unterdr\u00fcckung von friedlichem, zivilgesellschaftlichen Protest in Zeiten einer immer schneller eskalierenden Klimakrise ist undemokratisch und absolut untragbar. Wir fordern die Staatengemeinschaft auf umgehend die VertreterInnen der Zivilgesellschaft wieder an der Konferenz teilhaben zu lassen. Sie vertreten die Stimme von Millionen jungen Menschen, die auf der ganzen Welt gegen die Klimakrise ank\u00e4mpfen. Wir werden nicht still dabei zusehen, wie ihnen die Stimme genommen werden soll.\u201d<\/p>\n<p>Lorenz G\u00f6sta Beutin (Energie-und Klimapolitiker der Linken im Bundestag und in Madrid vor Ort) zu den heutigen Ereignissen auf der UN-Klimakonferenz in Madrid: &#8222;Privates Wachpersonal dr\u00e4ngt Demonstranten, die akkreditierte Teilnehmer der Konferenz sind, aus den Konferenzhallen und h\u00e4lt sie \u00fcber eine Stunde in einem Kessel fest. Anschlie\u00dfend werden sie nicht mehr in die Konferenz gelassen. Das gab es noch nie auf einer UN-Klimakonferenz.<\/p>\n<p>Ich verurteile diese Form der gewaltt\u00e4tigen Konfliktl\u00f6sung, internationale Konferenzen sind nicht der Ort f\u00fcr den Einsatz privatisierter Sicherheit auf Kosten der Demonstrationsfreiheit und freien Meinungs\u00e4u\u00dferung. In vielen L\u00e4ndern der Erde werden Klimaaktivistinnen und Klimaaktivisten verfolgt, mit dem Leben bedroht, ermordet. Die Klimakonferenzen sollen ein sicherer Platz f\u00fcr alle Formen des Klimaschutzes sein, nicht der Kessel, Freiheitsberaubung und Rausschmeisser-Mentalit\u00e4t.<\/p>\n<p>Die Bundesregierung soll sich \u00fcber ihre Delegation vor Ort und die Deutsche Botschaft daf\u00fcr stark machen, dass es zu keiner strafrechtlichen Verfolgung kommt. Allen akkreditierten Teilnehmern der Konferenz soll die entzogene Akkreditierung zur\u00fcck gegeben werden.&#8220;<\/p>\n<p><em>Erschienen im Europaticker:\u00a0<a href=\"http:\/\/www.umweltruf.de\" target=\"_blank\" rel=\"noopener\">http:\/\/www.umweltruf.de<\/a><\/em><\/p>\n","protected":false},"excerpt":{"rendered":"<p>Nach einem friedvollen Protest gegen die Unt\u00e4tigkeit der Politik, im Zuge der laufenden 25. Weltklimakonferenz in Madrid, wurden zahlreiche jugendliche DemonstrantInnen und indigene VertreterInnen vom COP Gel\u00e4nde eskortiert. Sie werden voraussichtlich ihren Beobachterstatus f\u00fcr diese COP verlieren, einige L\u00e4nder fordern&hellip;<\/p>\n","protected":false},"author":1097,"featured_media":994173,"comment_status":"closed","ping_status":"closed","sticky":false,"template":"","format":"standard","meta":{"footnotes":""},"categories":[9150,9163,9164,46978,9157,9168,9145],"tags":[66436,67780,68252,66727,10198,62353,11052,58764,30249,56309,42283],"class_list":["post-994152","post","type-post","status-publish","format-standard","has-post-thumbnail","hentry","category-europa-de","category-indigene-voelker","category-internationale-angelegenheiten","category-jugend","category-oekologie-und-umwelt","category-politik","category-pressemitteilungen","tag-cop25-de","tag-cop25-madrid","tag-demonstranten","tag-friedlicher-protest","tag-gewaltfrei","tag-greenpeace-de","tag-indigene-voelker-2","tag-jugendprotest","tag-klimaaktivisten","tag-klimakrise","tag-zivilgesellschaft"],"yoast_head":"<!-- This site is optimized with the Yoast SEO plugin v27.1.1 - https:\/\/yoast.com\/product\/yoast-seo-wordpress\/ -->\n<title>Greenpeace: Unterdr\u00fcckung von zivilgesellschaftlichem Protest auf COP undemokratisch und untragbar<\/title>\n<meta name=\"description\" content=\"Teilnehmer fordern nach Ausschluss von NGOs bei COP umgehende Wiedereinsetzung der Beobachter aus der Zivilgesellschaft\" \/>\n<meta name=\"robots\" content=\"index, follow, max-snippet:-1, max-image-preview:large, max-video-preview:-1\" \/>\n<link rel=\"canonical\" href=\"https:\/\/www.pressenza.com\/de\/2019\/12\/greenpeace-unterdrueckung-von-zivilgesellschaftlichem-protest-auf-cop-undemokratisch-und-untragbar\/\" \/>\n<meta property=\"og:locale\" content=\"de_DE\" \/>\n<meta property=\"og:type\" content=\"article\" \/>\n<meta property=\"og:title\" content=\"Greenpeace: Unterdr\u00fcckung von zivilgesellschaftlichem Protest auf COP undemokratisch und untragbar\" \/>\n<meta property=\"og:description\" content=\"Teilnehmer fordern nach Ausschluss von NGOs bei COP umgehende Wiedereinsetzung der Beobachter aus der Zivilgesellschaft\" \/>\n<meta property=\"og:url\" content=\"https:\/\/www.pressenza.com\/de\/2019\/12\/greenpeace-unterdrueckung-von-zivilgesellschaftlichem-protest-auf-cop-undemokratisch-und-untragbar\/\" \/>\n<meta property=\"og:site_name\" content=\"Pressenza\" \/>\n<meta property=\"article:publisher\" content=\"https:\/\/www.facebook.com\/PressenzaItalia\" \/>\n<meta property=\"article:author\" content=\"https:\/\/www.facebook.com\/Pressenza-Deutschland-sterreich-Schweiz-281675388658060\/timeline\/\" \/>\n<meta property=\"article:published_time\" content=\"2019-12-12T16:13:42+00:00\" \/>\n<meta property=\"og:image\" content=\"https:\/\/www.pressenza.com\/wp-content\/uploads\/2019\/12\/COP25-Greenpeace-Europaticker-1.jpg\" \/>\n\t<meta property=\"og:image:width\" content=\"731\" \/>\n\t<meta property=\"og:image:height\" content=\"548\" \/>\n\t<meta property=\"og:image:type\" content=\"image\/jpeg\" \/>\n<meta name=\"author\" content=\"Pressenza Muenchen\" \/>\n<meta name=\"twitter:card\" content=\"summary_large_image\" \/>\n<meta name=\"twitter:creator\" content=\"@pressenza_ger\" \/>\n<meta name=\"twitter:site\" content=\"@PressenzaIPA\" \/>\n<meta name=\"twitter:label1\" content=\"Verfasst von\" \/>\n\t<meta name=\"twitter:data1\" content=\"Pressenza Muenchen\" \/>\n\t<meta name=\"twitter:label2\" content=\"Gesch\u00e4tzte Lesezeit\" \/>\n\t<meta name=\"twitter:data2\" content=\"2\u00a0Minuten\" \/>\n<script type=\"application\/ld+json\" class=\"yoast-schema-graph\">{\"@context\":\"https:\/\/schema.org\",\"@graph\":[{\"@type\":\"Article\",\"@id\":\"https:\/\/www.pressenza.com\/de\/2019\/12\/greenpeace-unterdrueckung-von-zivilgesellschaftlichem-protest-auf-cop-undemokratisch-und-untragbar\/#article\",\"isPartOf\":{\"@id\":\"https:\/\/www.pressenza.com\/de\/2019\/12\/greenpeace-unterdrueckung-von-zivilgesellschaftlichem-protest-auf-cop-undemokratisch-und-untragbar\/\"},\"author\":{\"name\":\"Pressenza Muenchen\",\"@id\":\"https:\/\/www.pressenza.com\/de\/#\/schema\/person\/0069724cfb2cb9785368a167d0d900b7\"},\"headline\":\"Greenpeace: Unterdr\u00fcckung von zivilgesellschaftlichem Protest auf COP undemokratisch und untragbar\",\"datePublished\":\"2019-12-12T16:13:42+00:00\",\"mainEntityOfPage\":{\"@id\":\"https:\/\/www.pressenza.com\/de\/2019\/12\/greenpeace-unterdrueckung-von-zivilgesellschaftlichem-protest-auf-cop-undemokratisch-und-untragbar\/\"},\"wordCount\":341,\"publisher\":{\"@id\":\"https:\/\/www.pressenza.com\/de\/#organization\"},\"image\":{\"@id\":\"https:\/\/www.pressenza.com\/de\/2019\/12\/greenpeace-unterdrueckung-von-zivilgesellschaftlichem-protest-auf-cop-undemokratisch-und-untragbar\/#primaryimage\"},\"thumbnailUrl\":\"https:\/\/www.pressenza.com\/wp-content\/uploads\/2019\/12\/COP25-Greenpeace-Europaticker-1.jpg\",\"keywords\":[\"COP25\",\"COP25 Madrid\",\"Demonstranten\",\"friedlicher Protest\",\"gewaltfrei\",\"Greenpeace\",\"indigene V\u00f6lker\",\"Jugendprotest\",\"Klimaaktivisten\",\"Klimakrise\",\"Zivilgesellschaft\"],\"articleSection\":[\"Europa\",\"Indigene V\u00f6lker\",\"Internationale Angelegenheiten\",\"Jugend\",\"\u00d6kologie und Umwelt\",\"Politik\",\"Pressemitteilungen\"],\"inLanguage\":\"de\"},{\"@type\":\"WebPage\",\"@id\":\"https:\/\/www.pressenza.com\/de\/2019\/12\/greenpeace-unterdrueckung-von-zivilgesellschaftlichem-protest-auf-cop-undemokratisch-und-untragbar\/\",\"url\":\"https:\/\/www.pressenza.com\/de\/2019\/12\/greenpeace-unterdrueckung-von-zivilgesellschaftlichem-protest-auf-cop-undemokratisch-und-untragbar\/\",\"name\":\"Greenpeace: Unterdr\u00fcckung von zivilgesellschaftlichem Protest auf COP undemokratisch und untragbar\",\"isPartOf\":{\"@id\":\"https:\/\/www.pressenza.com\/de\/#website\"},\"primaryImageOfPage\":{\"@id\":\"https:\/\/www.pressenza.com\/de\/2019\/12\/greenpeace-unterdrueckung-von-zivilgesellschaftlichem-protest-auf-cop-undemokratisch-und-untragbar\/#primaryimage\"},\"image\":{\"@id\":\"https:\/\/www.pressenza.com\/de\/2019\/12\/greenpeace-unterdrueckung-von-zivilgesellschaftlichem-protest-auf-cop-undemokratisch-und-untragbar\/#primaryimage\"},\"thumbnailUrl\":\"https:\/\/www.pressenza.com\/wp-content\/uploads\/2019\/12\/COP25-Greenpeace-Europaticker-1.jpg\",\"datePublished\":\"2019-12-12T16:13:42+00:00\",\"description\":\"Teilnehmer fordern nach Ausschluss von NGOs bei COP umgehende Wiedereinsetzung der Beobachter aus der Zivilgesellschaft\",\"breadcrumb\":{\"@id\":\"https:\/\/www.pressenza.com\/de\/2019\/12\/greenpeace-unterdrueckung-von-zivilgesellschaftlichem-protest-auf-cop-undemokratisch-und-untragbar\/#breadcrumb\"},\"inLanguage\":\"de\",\"potentialAction\":[{\"@type\":\"ReadAction\",\"target\":[\"https:\/\/www.pressenza.com\/de\/2019\/12\/greenpeace-unterdrueckung-von-zivilgesellschaftlichem-protest-auf-cop-undemokratisch-und-untragbar\/\"]}]},{\"@type\":\"ImageObject\",\"inLanguage\":\"de\",\"@id\":\"https:\/\/www.pressenza.com\/de\/2019\/12\/greenpeace-unterdrueckung-von-zivilgesellschaftlichem-protest-auf-cop-undemokratisch-und-untragbar\/#primaryimage\",\"url\":\"https:\/\/www.pressenza.com\/wp-content\/uploads\/2019\/12\/COP25-Greenpeace-Europaticker-1.jpg\",\"contentUrl\":\"https:\/\/www.pressenza.com\/wp-content\/uploads\/2019\/12\/COP25-Greenpeace-Europaticker-1.jpg\",\"width\":731,\"height\":548,\"caption\":\"Teilnehmer fordern nach Ausschluss von NGOs bei COP umgehende Wiedereinsetzung der Beobachter aus der Zivilgesellschaft\"},{\"@type\":\"BreadcrumbList\",\"@id\":\"https:\/\/www.pressenza.com\/de\/2019\/12\/greenpeace-unterdrueckung-von-zivilgesellschaftlichem-protest-auf-cop-undemokratisch-und-untragbar\/#breadcrumb\",\"itemListElement\":[{\"@type\":\"ListItem\",\"position\":1,\"name\":\"Accueil\",\"item\":\"https:\/\/www.pressenza.com\/de\/\"},{\"@type\":\"ListItem\",\"position\":2,\"name\":\"Greenpeace: Unterdr\u00fcckung von zivilgesellschaftlichem Protest auf COP undemokratisch und untragbar\"}]},{\"@type\":\"WebSite\",\"@id\":\"https:\/\/www.pressenza.com\/de\/#website\",\"url\":\"https:\/\/www.pressenza.com\/de\/\",\"name\":\"Pressenza\",\"description\":\"International Press Agency\",\"publisher\":{\"@id\":\"https:\/\/www.pressenza.com\/de\/#organization\"},\"potentialAction\":[{\"@type\":\"SearchAction\",\"target\":{\"@type\":\"EntryPoint\",\"urlTemplate\":\"https:\/\/www.pressenza.com\/de\/?s={search_term_string}\"},\"query-input\":{\"@type\":\"PropertyValueSpecification\",\"valueRequired\":true,\"valueName\":\"search_term_string\"}}],\"inLanguage\":\"de\"},{\"@type\":\"Organization\",\"@id\":\"https:\/\/www.pressenza.com\/de\/#organization\",\"name\":\"Pressenza\",\"url\":\"https:\/\/www.pressenza.com\/de\/\",\"logo\":{\"@type\":\"ImageObject\",\"inLanguage\":\"de\",\"@id\":\"https:\/\/www.pressenza.com\/de\/#\/schema\/logo\/image\/\",\"url\":\"https:\/\/www.pressenza.com\/wp-content\/uploads\/2022\/10\/pressenza_logo_200x200.jpg\",\"contentUrl\":\"https:\/\/www.pressenza.com\/wp-content\/uploads\/2022\/10\/pressenza_logo_200x200.jpg\",\"width\":200,\"height\":200,\"caption\":\"Pressenza\"},\"image\":{\"@id\":\"https:\/\/www.pressenza.com\/de\/#\/schema\/logo\/image\/\"},\"sameAs\":[\"https:\/\/www.facebook.com\/PressenzaItalia\",\"https:\/\/x.com\/PressenzaIPA\"]},{\"@type\":\"Person\",\"@id\":\"https:\/\/www.pressenza.com\/de\/#\/schema\/person\/0069724cfb2cb9785368a167d0d900b7\",\"name\":\"Pressenza Muenchen\",\"description\":\"News from the Pressenza bureau in Munich, Germany\",\"sameAs\":[\"https:\/\/www.facebook.com\/Pressenza-Deutschland-sterreich-Schweiz-281675388658060\/timeline\/\",\"https:\/\/x.com\/pressenza_ger\"],\"url\":\"https:\/\/www.pressenza.com\/de\/author\/pressenza-muenchen\/\"}]}<\/script>\n<!-- \/ Yoast SEO plugin. -->","yoast_head_json":{"title":"Greenpeace: Unterdr\u00fcckung von zivilgesellschaftlichem Protest auf COP undemokratisch und untragbar","description":"Teilnehmer fordern nach Ausschluss von NGOs bei COP umgehende Wiedereinsetzung der Beobachter aus der Zivilgesellschaft","robots":{"index":"index","follow":"follow","max-snippet":"max-snippet:-1","max-image-preview":"max-image-preview:large","max-video-preview":"max-video-preview:-1"},"canonical":"https:\/\/www.pressenza.com\/de\/2019\/12\/greenpeace-unterdrueckung-von-zivilgesellschaftlichem-protest-auf-cop-undemokratisch-und-untragbar\/","og_locale":"de_DE","og_type":"article","og_title":"Greenpeace: Unterdr\u00fcckung von zivilgesellschaftlichem Protest auf COP undemokratisch und untragbar","og_description":"Teilnehmer fordern nach Ausschluss von NGOs bei COP umgehende Wiedereinsetzung der Beobachter aus der Zivilgesellschaft","og_url":"https:\/\/www.pressenza.com\/de\/2019\/12\/greenpeace-unterdrueckung-von-zivilgesellschaftlichem-protest-auf-cop-undemokratisch-und-untragbar\/","og_site_name":"Pressenza","article_publisher":"https:\/\/www.facebook.com\/PressenzaItalia","article_author":"https:\/\/www.facebook.com\/Pressenza-Deutschland-sterreich-Schweiz-281675388658060\/timeline\/","article_published_time":"2019-12-12T16:13:42+00:00","og_image":[{"width":731,"height":548,"url":"https:\/\/www.pressenza.com\/wp-content\/uploads\/2019\/12\/COP25-Greenpeace-Europaticker-1.jpg","type":"image\/jpeg"}],"author":"Pressenza Muenchen","twitter_card":"summary_large_image","twitter_creator":"@pressenza_ger","twitter_site":"@PressenzaIPA","twitter_misc":{"Verfasst von":"Pressenza Muenchen","Gesch\u00e4tzte Lesezeit":"2\u00a0Minuten"},"schema":{"@context":"https:\/\/schema.org","@graph":[{"@type":"Article","@id":"https:\/\/www.pressenza.com\/de\/2019\/12\/greenpeace-unterdrueckung-von-zivilgesellschaftlichem-protest-auf-cop-undemokratisch-und-untragbar\/#article","isPartOf":{"@id":"https:\/\/www.pressenza.com\/de\/2019\/12\/greenpeace-unterdrueckung-von-zivilgesellschaftlichem-protest-auf-cop-undemokratisch-und-untragbar\/"},"author":{"name":"Pressenza Muenchen","@id":"https:\/\/www.pressenza.com\/de\/#\/schema\/person\/0069724cfb2cb9785368a167d0d900b7"},"headline":"Greenpeace: Unterdr\u00fcckung von zivilgesellschaftlichem Protest auf COP undemokratisch und untragbar","datePublished":"2019-12-12T16:13:42+00:00","mainEntityOfPage":{"@id":"https:\/\/www.pressenza.com\/de\/2019\/12\/greenpeace-unterdrueckung-von-zivilgesellschaftlichem-protest-auf-cop-undemokratisch-und-untragbar\/"},"wordCount":341,"publisher":{"@id":"https:\/\/www.pressenza.com\/de\/#organization"},"image":{"@id":"https:\/\/www.pressenza.com\/de\/2019\/12\/greenpeace-unterdrueckung-von-zivilgesellschaftlichem-protest-auf-cop-undemokratisch-und-untragbar\/#primaryimage"},"thumbnailUrl":"https:\/\/www.pressenza.com\/wp-content\/uploads\/2019\/12\/COP25-Greenpeace-Europaticker-1.jpg","keywords":["COP25","COP25 Madrid","Demonstranten","friedlicher Protest","gewaltfrei","Greenpeace","indigene V\u00f6lker","Jugendprotest","Klimaaktivisten","Klimakrise","Zivilgesellschaft"],"articleSection":["Europa","Indigene V\u00f6lker","Internationale Angelegenheiten","Jugend","\u00d6kologie und Umwelt","Politik","Pressemitteilungen"],"inLanguage":"de"},{"@type":"WebPage","@id":"https:\/\/www.pressenza.com\/de\/2019\/12\/greenpeace-unterdrueckung-von-zivilgesellschaftlichem-protest-auf-cop-undemokratisch-und-untragbar\/","url":"https:\/\/www.pressenza.com\/de\/2019\/12\/greenpeace-unterdrueckung-von-zivilgesellschaftlichem-protest-auf-cop-undemokratisch-und-untragbar\/","name":"Greenpeace: Unterdr\u00fcckung von zivilgesellschaftlichem Protest auf COP undemokratisch und untragbar","isPartOf":{"@id":"https:\/\/www.pressenza.com\/de\/#website"},"primaryImageOfPage":{"@id":"https:\/\/www.pressenza.com\/de\/2019\/12\/greenpeace-unterdrueckung-von-zivilgesellschaftlichem-protest-auf-cop-undemokratisch-und-untragbar\/#primaryimage"},"image":{"@id":"https:\/\/www.pressenza.com\/de\/2019\/12\/greenpeace-unterdrueckung-von-zivilgesellschaftlichem-protest-auf-cop-undemokratisch-und-untragbar\/#primaryimage"},"thumbnailUrl":"https:\/\/www.pressenza.com\/wp-content\/uploads\/2019\/12\/COP25-Greenpeace-Europaticker-1.jpg","datePublished":"2019-12-12T16:13:42+00:00","description":"Teilnehmer fordern nach Ausschluss von NGOs bei COP umgehende Wiedereinsetzung der Beobachter aus der Zivilgesellschaft","breadcrumb":{"@id":"https:\/\/www.pressenza.com\/de\/2019\/12\/greenpeace-unterdrueckung-von-zivilgesellschaftlichem-protest-auf-cop-undemokratisch-und-untragbar\/#breadcrumb"},"inLanguage":"de","potentialAction":[{"@type":"ReadAction","target":["https:\/\/www.pressenza.com\/de\/2019\/12\/greenpeace-unterdrueckung-von-zivilgesellschaftlichem-protest-auf-cop-undemokratisch-und-untragbar\/"]}]},{"@type":"ImageObject","inLanguage":"de","@id":"https:\/\/www.pressenza.com\/de\/2019\/12\/greenpeace-unterdrueckung-von-zivilgesellschaftlichem-protest-auf-cop-undemokratisch-und-untragbar\/#primaryimage","url":"https:\/\/www.pressenza.com\/wp-content\/uploads\/2019\/12\/COP25-Greenpeace-Europaticker-1.jpg","contentUrl":"https:\/\/www.pressenza.com\/wp-content\/uploads\/2019\/12\/COP25-Greenpeace-Europaticker-1.jpg","width":731,"height":548,"caption":"Teilnehmer fordern nach Ausschluss von NGOs bei COP umgehende Wiedereinsetzung der Beobachter aus der Zivilgesellschaft"},{"@type":"BreadcrumbList","@id":"https:\/\/www.pressenza.com\/de\/2019\/12\/greenpeace-unterdrueckung-von-zivilgesellschaftlichem-protest-auf-cop-undemokratisch-und-untragbar\/#breadcrumb","itemListElement":[{"@type":"ListItem","position":1,"name":"Accueil","item":"https:\/\/www.pressenza.com\/de\/"},{"@type":"ListItem","position":2,"name":"Greenpeace: Unterdr\u00fcckung von zivilgesellschaftlichem Protest auf COP undemokratisch und untragbar"}]},{"@type":"WebSite","@id":"https:\/\/www.pressenza.com\/de\/#website","url":"https:\/\/www.pressenza.com\/de\/","name":"Pressenza","description":"International Press Agency","publisher":{"@id":"https:\/\/www.pressenza.com\/de\/#organization"},"potentialAction":[{"@type":"SearchAction","target":{"@type":"EntryPoint","urlTemplate":"https:\/\/www.pressenza.com\/de\/?s={search_term_string}"},"query-input":{"@type":"PropertyValueSpecification","valueRequired":true,"valueName":"search_term_string"}}],"inLanguage":"de"},{"@type":"Organization","@id":"https:\/\/www.pressenza.com\/de\/#organization","name":"Pressenza","url":"https:\/\/www.pressenza.com\/de\/","logo":{"@type":"ImageObject","inLanguage":"de","@id":"https:\/\/www.pressenza.com\/de\/#\/schema\/logo\/image\/","url":"https:\/\/www.pressenza.com\/wp-content\/uploads\/2022\/10\/pressenza_logo_200x200.jpg","contentUrl":"https:\/\/www.pressenza.com\/wp-content\/uploads\/2022\/10\/pressenza_logo_200x200.jpg","width":200,"height":200,"caption":"Pressenza"},"image":{"@id":"https:\/\/www.pressenza.com\/de\/#\/schema\/logo\/image\/"},"sameAs":["https:\/\/www.facebook.com\/PressenzaItalia","https:\/\/x.com\/PressenzaIPA"]},{"@type":"Person","@id":"https:\/\/www.pressenza.com\/de\/#\/schema\/person\/0069724cfb2cb9785368a167d0d900b7","name":"Pressenza Muenchen","description":"News from the Pressenza bureau in Munich, Germany","sameAs":["https:\/\/www.facebook.com\/Pressenza-Deutschland-sterreich-Schweiz-281675388658060\/timeline\/","https:\/\/x.com\/pressenza_ger"],"url":"https:\/\/www.pressenza.com\/de\/author\/pressenza-muenchen\/"}]}},"place":"Europaticker","original_article_url":"http:\/\/www.umweltruf.de\/\/2019_Programm\/news\/news3.php3?nummer=7401","_links":{"self":[{"href":"https:\/\/www.pressenza.com\/de\/wp-json\/wp\/v2\/posts\/994152","targetHints":{"allow":["GET"]}}],"collection":[{"href":"https:\/\/www.pressenza.com\/de\/wp-json\/wp\/v2\/posts"}],"about":[{"href":"https:\/\/www.pressenza.com\/de\/wp-json\/wp\/v2\/types\/post"}],"author":[{"embeddable":true,"href":"https:\/\/www.pressenza.com\/de\/wp-json\/wp\/v2\/users\/1097"}],"replies":[{"embeddable":true,"href":"https:\/\/www.pressenza.com\/de\/wp-json\/wp\/v2\/comments?post=994152"}],"version-history":[{"count":0,"href":"https:\/\/www.pressenza.com\/de\/wp-json\/wp\/v2\/posts\/994152\/revisions"}],"wp:featuredmedia":[{"embeddable":true,"href":"https:\/\/www.pressenza.com\/de\/wp-json\/wp\/v2\/media\/994173"}],"wp:attachment":[{"href":"https:\/\/www.pressenza.com\/de\/wp-json\/wp\/v2\/media?parent=994152"}],"wp:term":[{"taxonomy":"category","embeddable":true,"href":"https:\/\/www.pressenza.com\/de\/wp-json\/wp\/v2\/categories?post=994152"},{"taxonomy":"post_tag","embeddable":true,"href":"https:\/\/www.pressenza.com\/de\/wp-json\/wp\/v2\/tags?post=994152"}],"curies":[{"name":"wp","href":"https:\/\/api.w.org\/{rel}","templated":true}]}}