{"id":972494,"date":"2019-11-15T20:20:04","date_gmt":"2019-11-15T20:20:04","guid":{"rendered":"https:\/\/www.pressenza.com\/?p=972494"},"modified":"2019-11-15T21:21:10","modified_gmt":"2019-11-15T21:21:10","slug":"der-schmerz-die-opfer-und-die-gewalt","status":"publish","type":"post","link":"https:\/\/www.pressenza.com\/de\/2019\/11\/der-schmerz-die-opfer-und-die-gewalt\/","title":{"rendered":"Der Schmerz, die Opfer und die Gewalt"},"content":{"rendered":"<p><iframe loading=\"lazy\" src=\"https:\/\/www.youtube.com\/embed\/PrNdU0_9XcU\" width=\"913\" height=\"515\" frameborder=\"0\" allowfullscreen=\"allowfullscreen\"><span data-mce-type=\"bookmark\" style=\"display: inline-block; width: 0px; overflow: hidden; line-height: 0;\" class=\"mce_SELRES_start\">\ufeff<\/span><span data-mce-type=\"bookmark\" style=\"display: inline-block; width: 0px; overflow: hidden; line-height: 0;\" class=\"mce_SELRES_start\">\ufeff<\/span><span data-mce-type=\"bookmark\" style=\"display: inline-block; width: 0px; overflow: hidden; line-height: 0;\" class=\"mce_SELRES_start\">\ufeff<\/span><\/iframe>Die sozialen Unruhen in Chile hinterlassen Tag f\u00fcr Tag Spuren von Gewalt\u00a0und und verursachen gro\u00dfe Sch\u00e4den. Die Unterdr\u00fcckung der Bev\u00f6lkerung\u00a0durch Spezialeinheiten und Polizei ist brutal und Angriffe werden mit\u00a0Gewehrsch\u00fcssen, Pfefferspray, Tr\u00e4nengas und Pferden durchgef\u00fchrt.\u00a0Dadurch werden viele friedliche Menschen, Studenten und Arbeiter verletzt.Durch die eingesetzten Gummi- und Stahlkugeln, mit denen man besonders\u00a0auf die Augen der Menschen schie\u00dft, haben schon so viele ihre Sehkraft\u00a0eingeb\u00fc\u00dft. Der junge Student Gustavo Gatica, der einfach nur das Chaos\u00a0und die Gewalt fotografieren wollte , ist so erblindet. In der Zeit, in\u00a0der weite Bev\u00f6lkerungskreise nach einem Ausweg zur Beendigung der Gewalt\u00a0suchen haben mehr als 20 Menschen ihr Leben verloren. Es ging ihnen\u00a0nicht prim\u00e4r um materielle Dinge, sondern es geht ihnen um Leben in W\u00fcrde.Aber diese W\u00fcrde, die gerechte Anerkennung des anderen, sein Recht so zu\u00a0sein wie er ist, mit all seinen Eigenheiten und trotzdem respektiert zu\u00a0werden, wird den Chilenen nicht gew\u00e4hrt. Die W\u00fcrde die gleichen Chancen\u00a0zu haben wie jeder andere, nicht vom Staat ausgeraubt oder gepl\u00fcndert zu\u00a0werden, die W\u00fcrde keine Schulden machen zu m\u00fcssen um sein Leben zu\u00a0bestreiten, und nicht diskriminiert zu werden, diese W\u00fcrde ist in Chile\u00a0zurzeit so schwer zu erreichen.<\/p>\n<div class=\"a3s aXjCH \">\n<p>Neben diesen wichtigen immateriellen Zielen berichten die Medien t\u00e4glich\u00a0auch von Sachsch\u00e4den,\u00a0 Vandalismus und Racheattaken die vollkommen\u00a0unkontrolliert ausge\u00fcbt werden. Die \u00fcber Jahre aufgestaute Wut zeigt\u00a0sich in Angriffen auf die U-Bahn, deren Preiserh\u00f6hung ja das Fass zum\u00a0\u00fcberlaufen brachte. Diese Angriffe sind nicht geplant, sondern werden\u00a0auch teilweise von staatlichen Stellen inittiert, um Demonstranten zu\u00a0diskreditieren. Die Feuerwehr steht mit dem R\u00fccken zur Wand und hat ohne\u00a0Pause Eins\u00e4tze und Rettungsma\u00dfnahmen auszuf\u00fchren und zu organisieren.\u00a0Auf den Stra\u00dfen gibt es regelrechte Schlachten zwischen\u00a0fortschrittlichen, nach Anerkennung und w\u00fcrde suchenden Menschen, und Rechten, dem System unterstellten Gruppen.<\/p>\n<div class=\"yj6qo\">Es gibt etwas Wesentliches, das dieser Nation fehlt, ein gemeinsamer\u00a0Inhalt der uns alle miteinander in unserer Biografie vereint und der in historischen Momenten immer wieder auftauchen kann. Diese Gemeinsamkeit\u00a0ist uns w\u00e4hrend den dunkelsten Zeiten der Diktatur abhanden gekommen.\u00a0Heute geht es nicht nur um die Verletzung der Menschenrechte oder die\u00a0noch bestehende Straflosigkeit der Verbrecher, es ist ein grundlegender\u00a0Riss, ein Schicksal, dass wir verdr\u00e4ngt haben, ein Verrat an dem Kurs\u00a0den wir gemeinsam f\u00fcr uns selber festgelegt hatten. Wir versuchten diese\u00a0Gemeinsamkeit wiederherzustellen als wir zur Demokratie zur\u00fcck kehrten, aber wir verstanden offensichtlich nicht einmal die Bedeutung des von\u00a0den alten Griechen gepr\u00e4gten Wortes &#8222;Demokratie&#8220;. Sie ist die Regierung\u00a0des Volkes, nicht der Eliten. Es ist die Regierung der Mehrheiten, nicht\u00a0die der Vertreter des Finanzkapitals. Die Demokratie die wir danach\u00a0hatten war formal und nicht real, sie ist manipulativ und funktional f\u00fcr\u00a0die Interessen der Privilegierten. Wir waren nicht in der Lage ein Land\u00a0f\u00fcr alle aufzubauen, eine Heimat die in der Lage ist zu sch\u00fctzen.<\/div>\n<div class=\"yj6qo\">Diese Vers\u00e4umnisse sind jetzt auf den Stra\u00dfen und m\u00fcssen aufgearbeitet\u00a0werden. Was die Demonstranten verbindet, sind Fragmente der Kultur der\u00a070er Jahre, Schreie, Parolen, die uns im Innersten ersch\u00fcttern und an\u00a0die Gef\u00fchle jener Zeit vor dem&#8220;Ungeheuer&#8220; erinnern: &#8220; Ein vereintes Volk\u00a0wird nie besiegt werden&#8220;, &#8222;das Recht auf ein Leben in Frieden&#8220; und\u00a0Allende S\u00e4tze dar\u00fcber dass fr\u00fcher oder sp\u00e4ter,&#8220; die gro\u00dfen Alleen sich\u00a0wieder \u00f6ffnen werden wo immer freie Menschen vorbeikommen um eine\u00a0bessere Gesellschaft aufzubauen&#8220;.<\/div>\n<\/div>\n<div class=\"hi\"><\/div>\n<p><a href=\"http:\/\/www.facebook.com\/centroGAM\/videos\/433085197396649\/\">http:\/\/www.facebook.com\/centroGAM\/videos\/433085197396649\/<\/a><\/p>\n","protected":false},"excerpt":{"rendered":"<p>\ufeff\ufeff\ufeffDie sozialen Unruhen in Chile hinterlassen Tag f\u00fcr Tag Spuren von Gewalt\u00a0und und verursachen gro\u00dfe Sch\u00e4den. Die Unterdr\u00fcckung der Bev\u00f6lkerung\u00a0durch Spezialeinheiten und Polizei ist brutal und Angriffe werden mit\u00a0Gewehrsch\u00fcssen, Pfefferspray, Tr\u00e4nengas und Pferden durchgef\u00fchrt.\u00a0Dadurch werden viele friedliche Menschen, Studenten und&hellip;<\/p>\n","protected":false},"author":22,"featured_media":971315,"comment_status":"closed","ping_status":"closed","sticky":false,"template":"","format":"standard","meta":{"footnotes":""},"categories":[9143,9161,11387,9154,27991],"tags":[10608,9676],"class_list":["post-972494","post","type-post","status-publish","format-standard","has-post-thumbnail","hentry","category-meinungen","category-menschenrechte","category-originalinhalt","category-suedamerika","category-video-de","tag-chile-de","tag-soziale-proteste"],"yoast_head":"<!-- This site is optimized with the Yoast SEO plugin v27.1.1 - https:\/\/yoast.com\/product\/yoast-seo-wordpress\/ -->\n<title>Der Schmerz, die Opfer und die Gewalt<\/title>\n<meta name=\"description\" content=\"\ufeff\ufeff\ufeffDie sozialen Unruhen in Chile hinterlassen Tag f\u00fcr Tag Spuren von Gewalt\u00a0und und verursachen gro\u00dfe Sch\u00e4den. Die Unterdr\u00fcckung der Bev\u00f6lkerung\u00a0durch\" \/>\n<meta name=\"robots\" content=\"index, follow, max-snippet:-1, max-image-preview:large, max-video-preview:-1\" \/>\n<link rel=\"canonical\" href=\"https:\/\/www.pressenza.com\/de\/2019\/11\/der-schmerz-die-opfer-und-die-gewalt\/\" \/>\n<meta property=\"og:locale\" content=\"de_DE\" \/>\n<meta property=\"og:type\" content=\"article\" \/>\n<meta property=\"og:title\" content=\"Der Schmerz, die Opfer und die Gewalt\" \/>\n<meta property=\"og:description\" content=\"\ufeff\ufeff\ufeffDie sozialen Unruhen in Chile hinterlassen Tag f\u00fcr Tag Spuren von Gewalt\u00a0und und verursachen gro\u00dfe Sch\u00e4den. Die Unterdr\u00fcckung der Bev\u00f6lkerung\u00a0durch\" \/>\n<meta property=\"og:url\" content=\"https:\/\/www.pressenza.com\/de\/2019\/11\/der-schmerz-die-opfer-und-die-gewalt\/\" \/>\n<meta property=\"og:site_name\" content=\"Pressenza\" \/>\n<meta property=\"article:publisher\" content=\"https:\/\/www.facebook.com\/PressenzaItalia\" \/>\n<meta property=\"article:author\" content=\"https:\/\/www.facebook.com\/pia.figueroa?ref=tn_tnmn\" \/>\n<meta property=\"article:published_time\" content=\"2019-11-15T20:20:04+00:00\" \/>\n<meta property=\"article:modified_time\" content=\"2019-11-15T21:21:10+00:00\" \/>\n<meta property=\"og:image\" content=\"https:\/\/www.pressenza.com\/wp-content\/uploads\/2019\/11\/pobres-caballos-ninja-2.jpg\" \/>\n\t<meta property=\"og:image:width\" content=\"2048\" \/>\n\t<meta property=\"og:image:height\" content=\"1536\" \/>\n\t<meta property=\"og:image:type\" content=\"image\/jpeg\" \/>\n<meta name=\"author\" content=\"P\u00eda Figueroa\" \/>\n<meta name=\"twitter:card\" content=\"summary_large_image\" \/>\n<meta name=\"twitter:creator\" content=\"@piafigueroa\" \/>\n<meta name=\"twitter:site\" content=\"@PressenzaIPA\" \/>\n<meta name=\"twitter:label1\" content=\"Verfasst von\" \/>\n\t<meta name=\"twitter:data1\" content=\"P\u00eda Figueroa\" \/>\n\t<meta name=\"twitter:label2\" content=\"Gesch\u00e4tzte Lesezeit\" \/>\n\t<meta name=\"twitter:data2\" content=\"3\u00a0Minuten\" \/>\n<script type=\"application\/ld+json\" class=\"yoast-schema-graph\">{\"@context\":\"https:\/\/schema.org\",\"@graph\":[{\"@type\":\"Article\",\"@id\":\"https:\/\/www.pressenza.com\/de\/2019\/11\/der-schmerz-die-opfer-und-die-gewalt\/#article\",\"isPartOf\":{\"@id\":\"https:\/\/www.pressenza.com\/de\/2019\/11\/der-schmerz-die-opfer-und-die-gewalt\/\"},\"author\":{\"name\":\"P\u00eda Figueroa\",\"@id\":\"https:\/\/www.pressenza.com\/de\/#\/schema\/person\/8bb53ec73ef39ceec36ca0128a0ccd41\"},\"headline\":\"Der Schmerz, die Opfer und die Gewalt\",\"datePublished\":\"2019-11-15T20:20:04+00:00\",\"dateModified\":\"2019-11-15T21:21:10+00:00\",\"mainEntityOfPage\":{\"@id\":\"https:\/\/www.pressenza.com\/de\/2019\/11\/der-schmerz-die-opfer-und-die-gewalt\/\"},\"wordCount\":608,\"publisher\":{\"@id\":\"https:\/\/www.pressenza.com\/de\/#organization\"},\"image\":{\"@id\":\"https:\/\/www.pressenza.com\/de\/2019\/11\/der-schmerz-die-opfer-und-die-gewalt\/#primaryimage\"},\"thumbnailUrl\":\"https:\/\/www.pressenza.com\/wp-content\/uploads\/2019\/11\/pobres-caballos-ninja-2.jpg\",\"keywords\":[\"Chile\",\"soziale Proteste\"],\"articleSection\":[\"Meinungen\",\"Menschenrechte\",\"Originalinhalt\",\"S\u00fcdamerika\",\"Video\"],\"inLanguage\":\"de\"},{\"@type\":\"WebPage\",\"@id\":\"https:\/\/www.pressenza.com\/de\/2019\/11\/der-schmerz-die-opfer-und-die-gewalt\/\",\"url\":\"https:\/\/www.pressenza.com\/de\/2019\/11\/der-schmerz-die-opfer-und-die-gewalt\/\",\"name\":\"Der Schmerz, die Opfer und die Gewalt\",\"isPartOf\":{\"@id\":\"https:\/\/www.pressenza.com\/de\/#website\"},\"primaryImageOfPage\":{\"@id\":\"https:\/\/www.pressenza.com\/de\/2019\/11\/der-schmerz-die-opfer-und-die-gewalt\/#primaryimage\"},\"image\":{\"@id\":\"https:\/\/www.pressenza.com\/de\/2019\/11\/der-schmerz-die-opfer-und-die-gewalt\/#primaryimage\"},\"thumbnailUrl\":\"https:\/\/www.pressenza.com\/wp-content\/uploads\/2019\/11\/pobres-caballos-ninja-2.jpg\",\"datePublished\":\"2019-11-15T20:20:04+00:00\",\"dateModified\":\"2019-11-15T21:21:10+00:00\",\"description\":\"\ufeff\ufeff\ufeffDie sozialen Unruhen in Chile hinterlassen Tag f\u00fcr Tag Spuren von Gewalt\u00a0und und verursachen gro\u00dfe Sch\u00e4den. Die Unterdr\u00fcckung der Bev\u00f6lkerung\u00a0durch\",\"breadcrumb\":{\"@id\":\"https:\/\/www.pressenza.com\/de\/2019\/11\/der-schmerz-die-opfer-und-die-gewalt\/#breadcrumb\"},\"inLanguage\":\"de\",\"potentialAction\":[{\"@type\":\"ReadAction\",\"target\":[\"https:\/\/www.pressenza.com\/de\/2019\/11\/der-schmerz-die-opfer-und-die-gewalt\/\"]}]},{\"@type\":\"ImageObject\",\"inLanguage\":\"de\",\"@id\":\"https:\/\/www.pressenza.com\/de\/2019\/11\/der-schmerz-die-opfer-und-die-gewalt\/#primaryimage\",\"url\":\"https:\/\/www.pressenza.com\/wp-content\/uploads\/2019\/11\/pobres-caballos-ninja-2.jpg\",\"contentUrl\":\"https:\/\/www.pressenza.com\/wp-content\/uploads\/2019\/11\/pobres-caballos-ninja-2.jpg\",\"width\":2048,\"height\":1536},{\"@type\":\"BreadcrumbList\",\"@id\":\"https:\/\/www.pressenza.com\/de\/2019\/11\/der-schmerz-die-opfer-und-die-gewalt\/#breadcrumb\",\"itemListElement\":[{\"@type\":\"ListItem\",\"position\":1,\"name\":\"Accueil\",\"item\":\"https:\/\/www.pressenza.com\/de\/\"},{\"@type\":\"ListItem\",\"position\":2,\"name\":\"Der Schmerz, die Opfer und die Gewalt\"}]},{\"@type\":\"WebSite\",\"@id\":\"https:\/\/www.pressenza.com\/de\/#website\",\"url\":\"https:\/\/www.pressenza.com\/de\/\",\"name\":\"Pressenza\",\"description\":\"International Press Agency\",\"publisher\":{\"@id\":\"https:\/\/www.pressenza.com\/de\/#organization\"},\"potentialAction\":[{\"@type\":\"SearchAction\",\"target\":{\"@type\":\"EntryPoint\",\"urlTemplate\":\"https:\/\/www.pressenza.com\/de\/?s={search_term_string}\"},\"query-input\":{\"@type\":\"PropertyValueSpecification\",\"valueRequired\":true,\"valueName\":\"search_term_string\"}}],\"inLanguage\":\"de\"},{\"@type\":\"Organization\",\"@id\":\"https:\/\/www.pressenza.com\/de\/#organization\",\"name\":\"Pressenza\",\"url\":\"https:\/\/www.pressenza.com\/de\/\",\"logo\":{\"@type\":\"ImageObject\",\"inLanguage\":\"de\",\"@id\":\"https:\/\/www.pressenza.com\/de\/#\/schema\/logo\/image\/\",\"url\":\"https:\/\/www.pressenza.com\/wp-content\/uploads\/2022\/10\/pressenza_logo_200x200.jpg\",\"contentUrl\":\"https:\/\/www.pressenza.com\/wp-content\/uploads\/2022\/10\/pressenza_logo_200x200.jpg\",\"width\":200,\"height\":200,\"caption\":\"Pressenza\"},\"image\":{\"@id\":\"https:\/\/www.pressenza.com\/de\/#\/schema\/logo\/image\/\"},\"sameAs\":[\"https:\/\/www.facebook.com\/PressenzaItalia\",\"https:\/\/x.com\/PressenzaIPA\"]},{\"@type\":\"Person\",\"@id\":\"https:\/\/www.pressenza.com\/de\/#\/schema\/person\/8bb53ec73ef39ceec36ca0128a0ccd41\",\"name\":\"P\u00eda Figueroa\",\"description\":\"Founder of Pressenza, life-long humanist, author of several monographs and books.\",\"sameAs\":[\"https:\/\/www.facebook.com\/pia.figueroa?ref=tn_tnmn\",\"https:\/\/x.com\/piafigueroa\"],\"url\":\"https:\/\/www.pressenza.com\/de\/author\/pia-figueroa\/\"}]}<\/script>\n<!-- \/ Yoast SEO plugin. -->","yoast_head_json":{"title":"Der Schmerz, die Opfer und die Gewalt","description":"\ufeff\ufeff\ufeffDie sozialen Unruhen in Chile hinterlassen Tag f\u00fcr Tag Spuren von Gewalt\u00a0und und verursachen gro\u00dfe Sch\u00e4den. Die Unterdr\u00fcckung der Bev\u00f6lkerung\u00a0durch","robots":{"index":"index","follow":"follow","max-snippet":"max-snippet:-1","max-image-preview":"max-image-preview:large","max-video-preview":"max-video-preview:-1"},"canonical":"https:\/\/www.pressenza.com\/de\/2019\/11\/der-schmerz-die-opfer-und-die-gewalt\/","og_locale":"de_DE","og_type":"article","og_title":"Der Schmerz, die Opfer und die Gewalt","og_description":"\ufeff\ufeff\ufeffDie sozialen Unruhen in Chile hinterlassen Tag f\u00fcr Tag Spuren von Gewalt\u00a0und und verursachen gro\u00dfe Sch\u00e4den. Die Unterdr\u00fcckung der Bev\u00f6lkerung\u00a0durch","og_url":"https:\/\/www.pressenza.com\/de\/2019\/11\/der-schmerz-die-opfer-und-die-gewalt\/","og_site_name":"Pressenza","article_publisher":"https:\/\/www.facebook.com\/PressenzaItalia","article_author":"https:\/\/www.facebook.com\/pia.figueroa?ref=tn_tnmn","article_published_time":"2019-11-15T20:20:04+00:00","article_modified_time":"2019-11-15T21:21:10+00:00","og_image":[{"width":2048,"height":1536,"url":"https:\/\/www.pressenza.com\/wp-content\/uploads\/2019\/11\/pobres-caballos-ninja-2.jpg","type":"image\/jpeg"}],"author":"P\u00eda Figueroa","twitter_card":"summary_large_image","twitter_creator":"@piafigueroa","twitter_site":"@PressenzaIPA","twitter_misc":{"Verfasst von":"P\u00eda Figueroa","Gesch\u00e4tzte Lesezeit":"3\u00a0Minuten"},"schema":{"@context":"https:\/\/schema.org","@graph":[{"@type":"Article","@id":"https:\/\/www.pressenza.com\/de\/2019\/11\/der-schmerz-die-opfer-und-die-gewalt\/#article","isPartOf":{"@id":"https:\/\/www.pressenza.com\/de\/2019\/11\/der-schmerz-die-opfer-und-die-gewalt\/"},"author":{"name":"P\u00eda Figueroa","@id":"https:\/\/www.pressenza.com\/de\/#\/schema\/person\/8bb53ec73ef39ceec36ca0128a0ccd41"},"headline":"Der Schmerz, die Opfer und die Gewalt","datePublished":"2019-11-15T20:20:04+00:00","dateModified":"2019-11-15T21:21:10+00:00","mainEntityOfPage":{"@id":"https:\/\/www.pressenza.com\/de\/2019\/11\/der-schmerz-die-opfer-und-die-gewalt\/"},"wordCount":608,"publisher":{"@id":"https:\/\/www.pressenza.com\/de\/#organization"},"image":{"@id":"https:\/\/www.pressenza.com\/de\/2019\/11\/der-schmerz-die-opfer-und-die-gewalt\/#primaryimage"},"thumbnailUrl":"https:\/\/www.pressenza.com\/wp-content\/uploads\/2019\/11\/pobres-caballos-ninja-2.jpg","keywords":["Chile","soziale Proteste"],"articleSection":["Meinungen","Menschenrechte","Originalinhalt","S\u00fcdamerika","Video"],"inLanguage":"de"},{"@type":"WebPage","@id":"https:\/\/www.pressenza.com\/de\/2019\/11\/der-schmerz-die-opfer-und-die-gewalt\/","url":"https:\/\/www.pressenza.com\/de\/2019\/11\/der-schmerz-die-opfer-und-die-gewalt\/","name":"Der Schmerz, die Opfer und die Gewalt","isPartOf":{"@id":"https:\/\/www.pressenza.com\/de\/#website"},"primaryImageOfPage":{"@id":"https:\/\/www.pressenza.com\/de\/2019\/11\/der-schmerz-die-opfer-und-die-gewalt\/#primaryimage"},"image":{"@id":"https:\/\/www.pressenza.com\/de\/2019\/11\/der-schmerz-die-opfer-und-die-gewalt\/#primaryimage"},"thumbnailUrl":"https:\/\/www.pressenza.com\/wp-content\/uploads\/2019\/11\/pobres-caballos-ninja-2.jpg","datePublished":"2019-11-15T20:20:04+00:00","dateModified":"2019-11-15T21:21:10+00:00","description":"\ufeff\ufeff\ufeffDie sozialen Unruhen in Chile hinterlassen Tag f\u00fcr Tag Spuren von Gewalt\u00a0und und verursachen gro\u00dfe Sch\u00e4den. Die Unterdr\u00fcckung der Bev\u00f6lkerung\u00a0durch","breadcrumb":{"@id":"https:\/\/www.pressenza.com\/de\/2019\/11\/der-schmerz-die-opfer-und-die-gewalt\/#breadcrumb"},"inLanguage":"de","potentialAction":[{"@type":"ReadAction","target":["https:\/\/www.pressenza.com\/de\/2019\/11\/der-schmerz-die-opfer-und-die-gewalt\/"]}]},{"@type":"ImageObject","inLanguage":"de","@id":"https:\/\/www.pressenza.com\/de\/2019\/11\/der-schmerz-die-opfer-und-die-gewalt\/#primaryimage","url":"https:\/\/www.pressenza.com\/wp-content\/uploads\/2019\/11\/pobres-caballos-ninja-2.jpg","contentUrl":"https:\/\/www.pressenza.com\/wp-content\/uploads\/2019\/11\/pobres-caballos-ninja-2.jpg","width":2048,"height":1536},{"@type":"BreadcrumbList","@id":"https:\/\/www.pressenza.com\/de\/2019\/11\/der-schmerz-die-opfer-und-die-gewalt\/#breadcrumb","itemListElement":[{"@type":"ListItem","position":1,"name":"Accueil","item":"https:\/\/www.pressenza.com\/de\/"},{"@type":"ListItem","position":2,"name":"Der Schmerz, die Opfer und die Gewalt"}]},{"@type":"WebSite","@id":"https:\/\/www.pressenza.com\/de\/#website","url":"https:\/\/www.pressenza.com\/de\/","name":"Pressenza","description":"International Press Agency","publisher":{"@id":"https:\/\/www.pressenza.com\/de\/#organization"},"potentialAction":[{"@type":"SearchAction","target":{"@type":"EntryPoint","urlTemplate":"https:\/\/www.pressenza.com\/de\/?s={search_term_string}"},"query-input":{"@type":"PropertyValueSpecification","valueRequired":true,"valueName":"search_term_string"}}],"inLanguage":"de"},{"@type":"Organization","@id":"https:\/\/www.pressenza.com\/de\/#organization","name":"Pressenza","url":"https:\/\/www.pressenza.com\/de\/","logo":{"@type":"ImageObject","inLanguage":"de","@id":"https:\/\/www.pressenza.com\/de\/#\/schema\/logo\/image\/","url":"https:\/\/www.pressenza.com\/wp-content\/uploads\/2022\/10\/pressenza_logo_200x200.jpg","contentUrl":"https:\/\/www.pressenza.com\/wp-content\/uploads\/2022\/10\/pressenza_logo_200x200.jpg","width":200,"height":200,"caption":"Pressenza"},"image":{"@id":"https:\/\/www.pressenza.com\/de\/#\/schema\/logo\/image\/"},"sameAs":["https:\/\/www.facebook.com\/PressenzaItalia","https:\/\/x.com\/PressenzaIPA"]},{"@type":"Person","@id":"https:\/\/www.pressenza.com\/de\/#\/schema\/person\/8bb53ec73ef39ceec36ca0128a0ccd41","name":"P\u00eda Figueroa","description":"Founder of Pressenza, life-long humanist, author of several monographs and books.","sameAs":["https:\/\/www.facebook.com\/pia.figueroa?ref=tn_tnmn","https:\/\/x.com\/piafigueroa"],"url":"https:\/\/www.pressenza.com\/de\/author\/pia-figueroa\/"}]}},"place":"","original_article_url":"","_links":{"self":[{"href":"https:\/\/www.pressenza.com\/de\/wp-json\/wp\/v2\/posts\/972494","targetHints":{"allow":["GET"]}}],"collection":[{"href":"https:\/\/www.pressenza.com\/de\/wp-json\/wp\/v2\/posts"}],"about":[{"href":"https:\/\/www.pressenza.com\/de\/wp-json\/wp\/v2\/types\/post"}],"author":[{"embeddable":true,"href":"https:\/\/www.pressenza.com\/de\/wp-json\/wp\/v2\/users\/22"}],"replies":[{"embeddable":true,"href":"https:\/\/www.pressenza.com\/de\/wp-json\/wp\/v2\/comments?post=972494"}],"version-history":[{"count":0,"href":"https:\/\/www.pressenza.com\/de\/wp-json\/wp\/v2\/posts\/972494\/revisions"}],"wp:featuredmedia":[{"embeddable":true,"href":"https:\/\/www.pressenza.com\/de\/wp-json\/wp\/v2\/media\/971315"}],"wp:attachment":[{"href":"https:\/\/www.pressenza.com\/de\/wp-json\/wp\/v2\/media?parent=972494"}],"wp:term":[{"taxonomy":"category","embeddable":true,"href":"https:\/\/www.pressenza.com\/de\/wp-json\/wp\/v2\/categories?post=972494"},{"taxonomy":"post_tag","embeddable":true,"href":"https:\/\/www.pressenza.com\/de\/wp-json\/wp\/v2\/tags?post=972494"}],"curies":[{"name":"wp","href":"https:\/\/api.w.org\/{rel}","templated":true}]}}