{"id":97098,"date":"2014-03-28T10:30:18","date_gmt":"2014-03-28T10:30:18","guid":{"rendered":"http:\/\/www.pressenza.com\/?p=97098"},"modified":"2014-03-28T10:30:18","modified_gmt":"2014-03-28T10:30:18","slug":"kein-tater-werden","status":"publish","type":"post","link":"https:\/\/www.pressenza.com\/de\/2014\/03\/kein-tater-werden\/","title":{"rendered":"\u201eKein T\u00e4ter werden&#8220;: lieben Sie Kinder mehr, als Ihnen lieb ist?"},"content":{"rendered":"<p><iframe loading=\"lazy\" src=\"\/\/www.youtube.com\/embed\/p0UfHeuRg6A\" height=\"315\" width=\"560\" allowfullscreen=\"\" frameborder=\"0\"><\/iframe><\/p>\n<h5><strong>Pr\u00e4ventionsprojekt Dunkelfeld zieht positive Bilanz f\u00fcr die ersten zwei Jahre. Die Kontaktaufnahmen haben sich verdoppelt.<\/strong><\/h5>\n<p>Vor genau zwei Jahren, am 14. M\u00e4rz 2012, er\u00f6ffnete das Forschungs- und Pr\u00e4ventionsprojekt Dunkelfeld (PPD) seinen Standort am Arbeitsbereich Klinische Psychologie und Sexualmedizin der Medizinischen Hochschule Hannover (MHH). Ziel des Projekts ist es, sexuelle Gewalt an Kindern sowie den Konsum von Missbrauchsdarstellungen, so genannte Kinderpornografie, bereits im Vorfeld zu verhindern. Es richtet sich an Personen, gegen die zum jetzigen Zeitpunkt kein Ermittlungs- oder Strafverfahren vorliegt, das so genannte Dunkelfeld. Damit kann ein wichtiger Beitrag zur Verhinderung von sexuellem Kindesmissbrauch geleistet werden. Das Projekt wird vom Nieders\u00e4chsischen Sozialministerium finanziert. Das Land Niedersachsen beabsichtigt, das Pr\u00e4ventionsprojekt an der MHH als Folgeprojekt weiter zu f\u00f6rdern.<\/p>\n<p>\u201eDas Interesse ist ungebrochen gro\u00df&#8220;, sagt der wissenschaftliche Leiter des Projekts, Professor Dr. Uwe Hartmann. \u201eIn den zwei Jahren Projektlaufzeit haben insgesamt 638 Personen Kontakt zu unserem Projekt in Hannover aufgenommen. Damit verdoppelte sich die Anzahl der Kontaktaufnahmen gegen\u00fcber dem ersten Jahr. 331 Anfragen stammten aus der unmittelbaren Zielgruppe des Projekts. 152 Anfragen kamen von Personen mit aktuellem Ermittlungs- bzw. Strafverfahren und 155 von \u00c4rzten, Betreuern oder anderen Personen. Bei 111 Patienten konnte bislang die umfangreiche klinische Diagnostik abgeschlossen werden und 68 wurde ein Therapieangebot unterbreitet. Zur Zeit laufen zwei Therapiegruppen mit w\u00f6chentlichen Sitzungen, eine weitere ist geplant. Die gro\u00dfe Nachfrage zeigt, dass das Projekt die Zielgruppe seiner Pr\u00e4ventionsarbeit auch wirklich erreicht.&#8220;<\/p>\n<p>Die Therapie integriert verhaltenstherapeutische und sexualmedizinische Ans\u00e4tze, die M\u00f6glichkeit einer medikament\u00f6sen Unterst\u00fctzung besteht. Das Therapieangebot ist dabei anonym, kostenlos und unterliegt der \u00e4rztlichen Schweigepflicht.<\/p>\n<p>Um das Pr\u00e4ventionsprojekt im Fl\u00e4chenland Niedersachsen bekannter zu machen, wurde eine Kooperation mit dem Landkreis Osnabr\u00fcck vereinbart, der mit gezielten Werbema\u00dfnahmen auf das Projekt und den Standort Hannover hinweist. Ein weiterer Modell-Landkreis ist in L\u00fcneburg geplant. Dar\u00fcber hinaus leisten die Mitarbeiter des Pr\u00e4ventionsprojekts Aufkl\u00e4rungs- und \u00d6ffentlichkeitsarbeit in verschiedenen Institutionen.<\/p>\n<p>Aufgrund von empirischen Untersuchungen kann man davon ausgehen, dass es in Deutschland etwa 250.000 Personen mit p\u00e4dophilen Neigungen gibt, in Niedersachsen wird die Zahl der Betroffenen auf etwa 10.000 gesch\u00e4tzt. Die MHH ist Partner des Pr\u00e4ventionsnetzwerks \u201eKein T\u00e4ter werden&#8220;, dem dar\u00fcber hinaus die Standorte Berlin, Kiel, Regensburg, Leipzig, Hamburg, Stralsund und Gie\u00dfen angeh\u00f6ren.<\/p>\n<p>Weitere Informationen \u00fcber das Pr\u00e4ventionsprojekt Dunkelfeld sowie alle Kontaktdaten der Standorte des Projekts in Deutschland finden Sie unter<a href=\" www.kein-taeter-werden.de\"> www.kein-taeter-werden.de<\/a>. Informationen \u00fcber die Anlaufstelle in der MHH erhalten Sie unter Telefon (0511) 532-8052.<\/p>\n","protected":false},"excerpt":{"rendered":"<p>Pr\u00e4ventionsprojekt Dunkelfeld zieht positive Bilanz f\u00fcr die ersten zwei Jahre. Die Kontaktaufnahmen haben sich verdoppelt. Vor genau zwei Jahren, am 14. M\u00e4rz 2012, er\u00f6ffnete das Forschungs- und Pr\u00e4ventionsprojekt Dunkelfeld (PPD) seinen Standort am Arbeitsbereich Klinische Psychologie und Sexualmedizin der Medizinischen&hellip;<\/p>\n","protected":false},"author":1089,"featured_media":0,"comment_status":"closed","ping_status":"open","sticky":false,"template":"","format":"standard","meta":{"footnotes":""},"categories":[9159,9166,9145,9165],"tags":[9716,9717,9714,9715],"class_list":["post-97098","post","type-post","status-publish","format-standard","hentry","category-bildung","category-gewaltfreiheit","category-pressemitteilungen","category-vielfalt","tag-kinderpornografie","tag-padophilie","tag-pravention","tag-sexuelle-gewalt"],"yoast_head":"<!-- This site is optimized with the Yoast SEO plugin v27.1.1 - https:\/\/yoast.com\/product\/yoast-seo-wordpress\/ -->\n<title>\u201eKein T\u00e4ter werden&quot;: lieben Sie Kinder mehr, als Ihnen lieb ist?<\/title>\n<meta name=\"description\" content=\"Pr\u00e4ventionsprojekt Dunkelfeld zieht positive Bilanz f\u00fcr die ersten zwei Jahre. Die Kontaktaufnahmen haben sich verdoppelt. Vor genau zwei Jahren, am 14.\" \/>\n<meta name=\"robots\" content=\"index, follow, max-snippet:-1, max-image-preview:large, max-video-preview:-1\" \/>\n<link rel=\"canonical\" href=\"https:\/\/www.pressenza.com\/de\/2014\/03\/kein-tater-werden\/\" \/>\n<meta property=\"og:locale\" content=\"de_DE\" \/>\n<meta property=\"og:type\" content=\"article\" \/>\n<meta property=\"og:title\" content=\"\u201eKein T\u00e4ter werden&quot;: lieben Sie Kinder mehr, als Ihnen lieb ist?\" \/>\n<meta property=\"og:description\" content=\"Pr\u00e4ventionsprojekt Dunkelfeld zieht positive Bilanz f\u00fcr die ersten zwei Jahre. Die Kontaktaufnahmen haben sich verdoppelt. Vor genau zwei Jahren, am 14.\" \/>\n<meta property=\"og:url\" content=\"https:\/\/www.pressenza.com\/de\/2014\/03\/kein-tater-werden\/\" \/>\n<meta property=\"og:site_name\" content=\"Pressenza\" \/>\n<meta property=\"article:publisher\" content=\"https:\/\/www.facebook.com\/PressenzaItalia\" \/>\n<meta property=\"article:author\" content=\"https:\/\/www.facebook.com\/rthumiger\" \/>\n<meta property=\"article:published_time\" content=\"2014-03-28T10:30:18+00:00\" \/>\n<meta name=\"author\" content=\"Reto Thumiger\" \/>\n<meta name=\"twitter:card\" content=\"summary_large_image\" \/>\n<meta name=\"twitter:creator\" content=\"@pressenza_ger\" \/>\n<meta name=\"twitter:site\" content=\"@PressenzaIPA\" \/>\n<meta name=\"twitter:label1\" content=\"Verfasst von\" \/>\n\t<meta name=\"twitter:data1\" content=\"Reto Thumiger\" \/>\n\t<meta name=\"twitter:label2\" content=\"Gesch\u00e4tzte Lesezeit\" \/>\n\t<meta name=\"twitter:data2\" content=\"2\u00a0Minuten\" \/>\n<script type=\"application\/ld+json\" class=\"yoast-schema-graph\">{\"@context\":\"https:\/\/schema.org\",\"@graph\":[{\"@type\":\"Article\",\"@id\":\"https:\/\/www.pressenza.com\/de\/2014\/03\/kein-tater-werden\/#article\",\"isPartOf\":{\"@id\":\"https:\/\/www.pressenza.com\/de\/2014\/03\/kein-tater-werden\/\"},\"author\":{\"name\":\"Reto Thumiger\",\"@id\":\"https:\/\/www.pressenza.com\/de\/#\/schema\/person\/e233667f8b5764bd84b766de5286a5fa\"},\"headline\":\"\u201eKein T\u00e4ter werden&#8220;: lieben Sie Kinder mehr, als Ihnen lieb ist?\",\"datePublished\":\"2014-03-28T10:30:18+00:00\",\"mainEntityOfPage\":{\"@id\":\"https:\/\/www.pressenza.com\/de\/2014\/03\/kein-tater-werden\/\"},\"wordCount\":422,\"publisher\":{\"@id\":\"https:\/\/www.pressenza.com\/de\/#organization\"},\"keywords\":[\"Kinderpornografie\",\"P\u00e4dophilie\",\"Pr\u00e4vention\",\"sexuelle Gewalt\"],\"articleSection\":[\"Bildung\",\"Gewaltfreiheit\",\"Pressemitteilungen\",\"Vielfalt\"],\"inLanguage\":\"de\"},{\"@type\":\"WebPage\",\"@id\":\"https:\/\/www.pressenza.com\/de\/2014\/03\/kein-tater-werden\/\",\"url\":\"https:\/\/www.pressenza.com\/de\/2014\/03\/kein-tater-werden\/\",\"name\":\"\u201eKein T\u00e4ter werden\\\": lieben Sie Kinder mehr, als Ihnen lieb ist?\",\"isPartOf\":{\"@id\":\"https:\/\/www.pressenza.com\/de\/#website\"},\"datePublished\":\"2014-03-28T10:30:18+00:00\",\"description\":\"Pr\u00e4ventionsprojekt Dunkelfeld zieht positive Bilanz f\u00fcr die ersten zwei Jahre. Die Kontaktaufnahmen haben sich verdoppelt. Vor genau zwei Jahren, am 14.\",\"breadcrumb\":{\"@id\":\"https:\/\/www.pressenza.com\/de\/2014\/03\/kein-tater-werden\/#breadcrumb\"},\"inLanguage\":\"de\",\"potentialAction\":[{\"@type\":\"ReadAction\",\"target\":[\"https:\/\/www.pressenza.com\/de\/2014\/03\/kein-tater-werden\/\"]}]},{\"@type\":\"BreadcrumbList\",\"@id\":\"https:\/\/www.pressenza.com\/de\/2014\/03\/kein-tater-werden\/#breadcrumb\",\"itemListElement\":[{\"@type\":\"ListItem\",\"position\":1,\"name\":\"Accueil\",\"item\":\"https:\/\/www.pressenza.com\/de\/\"},{\"@type\":\"ListItem\",\"position\":2,\"name\":\"\u201eKein T\u00e4ter werden&#8220;: lieben Sie Kinder mehr, als Ihnen lieb ist?\"}]},{\"@type\":\"WebSite\",\"@id\":\"https:\/\/www.pressenza.com\/de\/#website\",\"url\":\"https:\/\/www.pressenza.com\/de\/\",\"name\":\"Pressenza\",\"description\":\"International Press Agency\",\"publisher\":{\"@id\":\"https:\/\/www.pressenza.com\/de\/#organization\"},\"potentialAction\":[{\"@type\":\"SearchAction\",\"target\":{\"@type\":\"EntryPoint\",\"urlTemplate\":\"https:\/\/www.pressenza.com\/de\/?s={search_term_string}\"},\"query-input\":{\"@type\":\"PropertyValueSpecification\",\"valueRequired\":true,\"valueName\":\"search_term_string\"}}],\"inLanguage\":\"de\"},{\"@type\":\"Organization\",\"@id\":\"https:\/\/www.pressenza.com\/de\/#organization\",\"name\":\"Pressenza\",\"url\":\"https:\/\/www.pressenza.com\/de\/\",\"logo\":{\"@type\":\"ImageObject\",\"inLanguage\":\"de\",\"@id\":\"https:\/\/www.pressenza.com\/de\/#\/schema\/logo\/image\/\",\"url\":\"https:\/\/www.pressenza.com\/wp-content\/uploads\/2022\/10\/pressenza_logo_200x200.jpg\",\"contentUrl\":\"https:\/\/www.pressenza.com\/wp-content\/uploads\/2022\/10\/pressenza_logo_200x200.jpg\",\"width\":200,\"height\":200,\"caption\":\"Pressenza\"},\"image\":{\"@id\":\"https:\/\/www.pressenza.com\/de\/#\/schema\/logo\/image\/\"},\"sameAs\":[\"https:\/\/www.facebook.com\/PressenzaItalia\",\"https:\/\/x.com\/PressenzaIPA\"]},{\"@type\":\"Person\",\"@id\":\"https:\/\/www.pressenza.com\/de\/#\/schema\/person\/e233667f8b5764bd84b766de5286a5fa\",\"name\":\"Reto Thumiger\",\"description\":\"The Swiss-born business administrator has been an activist for the New Humanism for over 25 years. He is committed to the promotion of cultural diversity, equal rights and the creation of equal opportunities for all people. He is committed to an internal and external revolution based on active non-violence. Through his voluntary work at Pressenza, he endeavours to contribute to overcoming violence through journalism that focuses on peace and non-violence.\",\"sameAs\":[\"http:\/\/www.pressenza.com\/de\",\"https:\/\/www.facebook.com\/rthumiger\",\"https:\/\/x.com\/pressenza_ger\"],\"url\":\"https:\/\/www.pressenza.com\/de\/author\/reto-thumiger\/\"}]}<\/script>\n<!-- \/ Yoast SEO plugin. -->","yoast_head_json":{"title":"\u201eKein T\u00e4ter werden\": lieben Sie Kinder mehr, als Ihnen lieb ist?","description":"Pr\u00e4ventionsprojekt Dunkelfeld zieht positive Bilanz f\u00fcr die ersten zwei Jahre. Die Kontaktaufnahmen haben sich verdoppelt. Vor genau zwei Jahren, am 14.","robots":{"index":"index","follow":"follow","max-snippet":"max-snippet:-1","max-image-preview":"max-image-preview:large","max-video-preview":"max-video-preview:-1"},"canonical":"https:\/\/www.pressenza.com\/de\/2014\/03\/kein-tater-werden\/","og_locale":"de_DE","og_type":"article","og_title":"\u201eKein T\u00e4ter werden\": lieben Sie Kinder mehr, als Ihnen lieb ist?","og_description":"Pr\u00e4ventionsprojekt Dunkelfeld zieht positive Bilanz f\u00fcr die ersten zwei Jahre. Die Kontaktaufnahmen haben sich verdoppelt. Vor genau zwei Jahren, am 14.","og_url":"https:\/\/www.pressenza.com\/de\/2014\/03\/kein-tater-werden\/","og_site_name":"Pressenza","article_publisher":"https:\/\/www.facebook.com\/PressenzaItalia","article_author":"https:\/\/www.facebook.com\/rthumiger","article_published_time":"2014-03-28T10:30:18+00:00","author":"Reto Thumiger","twitter_card":"summary_large_image","twitter_creator":"@pressenza_ger","twitter_site":"@PressenzaIPA","twitter_misc":{"Verfasst von":"Reto Thumiger","Gesch\u00e4tzte Lesezeit":"2\u00a0Minuten"},"schema":{"@context":"https:\/\/schema.org","@graph":[{"@type":"Article","@id":"https:\/\/www.pressenza.com\/de\/2014\/03\/kein-tater-werden\/#article","isPartOf":{"@id":"https:\/\/www.pressenza.com\/de\/2014\/03\/kein-tater-werden\/"},"author":{"name":"Reto Thumiger","@id":"https:\/\/www.pressenza.com\/de\/#\/schema\/person\/e233667f8b5764bd84b766de5286a5fa"},"headline":"\u201eKein T\u00e4ter werden&#8220;: lieben Sie Kinder mehr, als Ihnen lieb ist?","datePublished":"2014-03-28T10:30:18+00:00","mainEntityOfPage":{"@id":"https:\/\/www.pressenza.com\/de\/2014\/03\/kein-tater-werden\/"},"wordCount":422,"publisher":{"@id":"https:\/\/www.pressenza.com\/de\/#organization"},"keywords":["Kinderpornografie","P\u00e4dophilie","Pr\u00e4vention","sexuelle Gewalt"],"articleSection":["Bildung","Gewaltfreiheit","Pressemitteilungen","Vielfalt"],"inLanguage":"de"},{"@type":"WebPage","@id":"https:\/\/www.pressenza.com\/de\/2014\/03\/kein-tater-werden\/","url":"https:\/\/www.pressenza.com\/de\/2014\/03\/kein-tater-werden\/","name":"\u201eKein T\u00e4ter werden\": lieben Sie Kinder mehr, als Ihnen lieb ist?","isPartOf":{"@id":"https:\/\/www.pressenza.com\/de\/#website"},"datePublished":"2014-03-28T10:30:18+00:00","description":"Pr\u00e4ventionsprojekt Dunkelfeld zieht positive Bilanz f\u00fcr die ersten zwei Jahre. Die Kontaktaufnahmen haben sich verdoppelt. Vor genau zwei Jahren, am 14.","breadcrumb":{"@id":"https:\/\/www.pressenza.com\/de\/2014\/03\/kein-tater-werden\/#breadcrumb"},"inLanguage":"de","potentialAction":[{"@type":"ReadAction","target":["https:\/\/www.pressenza.com\/de\/2014\/03\/kein-tater-werden\/"]}]},{"@type":"BreadcrumbList","@id":"https:\/\/www.pressenza.com\/de\/2014\/03\/kein-tater-werden\/#breadcrumb","itemListElement":[{"@type":"ListItem","position":1,"name":"Accueil","item":"https:\/\/www.pressenza.com\/de\/"},{"@type":"ListItem","position":2,"name":"\u201eKein T\u00e4ter werden&#8220;: lieben Sie Kinder mehr, als Ihnen lieb ist?"}]},{"@type":"WebSite","@id":"https:\/\/www.pressenza.com\/de\/#website","url":"https:\/\/www.pressenza.com\/de\/","name":"Pressenza","description":"International Press Agency","publisher":{"@id":"https:\/\/www.pressenza.com\/de\/#organization"},"potentialAction":[{"@type":"SearchAction","target":{"@type":"EntryPoint","urlTemplate":"https:\/\/www.pressenza.com\/de\/?s={search_term_string}"},"query-input":{"@type":"PropertyValueSpecification","valueRequired":true,"valueName":"search_term_string"}}],"inLanguage":"de"},{"@type":"Organization","@id":"https:\/\/www.pressenza.com\/de\/#organization","name":"Pressenza","url":"https:\/\/www.pressenza.com\/de\/","logo":{"@type":"ImageObject","inLanguage":"de","@id":"https:\/\/www.pressenza.com\/de\/#\/schema\/logo\/image\/","url":"https:\/\/www.pressenza.com\/wp-content\/uploads\/2022\/10\/pressenza_logo_200x200.jpg","contentUrl":"https:\/\/www.pressenza.com\/wp-content\/uploads\/2022\/10\/pressenza_logo_200x200.jpg","width":200,"height":200,"caption":"Pressenza"},"image":{"@id":"https:\/\/www.pressenza.com\/de\/#\/schema\/logo\/image\/"},"sameAs":["https:\/\/www.facebook.com\/PressenzaItalia","https:\/\/x.com\/PressenzaIPA"]},{"@type":"Person","@id":"https:\/\/www.pressenza.com\/de\/#\/schema\/person\/e233667f8b5764bd84b766de5286a5fa","name":"Reto Thumiger","description":"The Swiss-born business administrator has been an activist for the New Humanism for over 25 years. He is committed to the promotion of cultural diversity, equal rights and the creation of equal opportunities for all people. He is committed to an internal and external revolution based on active non-violence. Through his voluntary work at Pressenza, he endeavours to contribute to overcoming violence through journalism that focuses on peace and non-violence.","sameAs":["http:\/\/www.pressenza.com\/de","https:\/\/www.facebook.com\/rthumiger","https:\/\/x.com\/pressenza_ger"],"url":"https:\/\/www.pressenza.com\/de\/author\/reto-thumiger\/"}]}},"place":"","original_article_url":"","_links":{"self":[{"href":"https:\/\/www.pressenza.com\/de\/wp-json\/wp\/v2\/posts\/97098","targetHints":{"allow":["GET"]}}],"collection":[{"href":"https:\/\/www.pressenza.com\/de\/wp-json\/wp\/v2\/posts"}],"about":[{"href":"https:\/\/www.pressenza.com\/de\/wp-json\/wp\/v2\/types\/post"}],"author":[{"embeddable":true,"href":"https:\/\/www.pressenza.com\/de\/wp-json\/wp\/v2\/users\/1089"}],"replies":[{"embeddable":true,"href":"https:\/\/www.pressenza.com\/de\/wp-json\/wp\/v2\/comments?post=97098"}],"version-history":[{"count":0,"href":"https:\/\/www.pressenza.com\/de\/wp-json\/wp\/v2\/posts\/97098\/revisions"}],"wp:attachment":[{"href":"https:\/\/www.pressenza.com\/de\/wp-json\/wp\/v2\/media?parent=97098"}],"wp:term":[{"taxonomy":"category","embeddable":true,"href":"https:\/\/www.pressenza.com\/de\/wp-json\/wp\/v2\/categories?post=97098"},{"taxonomy":"post_tag","embeddable":true,"href":"https:\/\/www.pressenza.com\/de\/wp-json\/wp\/v2\/tags?post=97098"}],"curies":[{"name":"wp","href":"https:\/\/api.w.org\/{rel}","templated":true}]}}