{"id":969865,"date":"2019-11-12T14:36:41","date_gmt":"2019-11-12T14:36:41","guid":{"rendered":"https:\/\/www.pressenza.com\/?p=969865"},"modified":"2019-11-12T18:23:32","modified_gmt":"2019-11-12T18:23:32","slug":"die-bundesregierung-faehrt-die-windkraft-absichtlich-an-die-wand","status":"publish","type":"post","link":"https:\/\/www.pressenza.com\/de\/2019\/11\/die-bundesregierung-faehrt-die-windkraft-absichtlich-an-die-wand\/","title":{"rendered":"Die Bundesregierung f\u00e4hrt die Windkraft absichtlich an die Wand!"},"content":{"rendered":"<blockquote><p>Dieses Jahr ist ein weiterer klimapolitischer Skandal. Je mehr Infos wir \u00fcber die detaillierten Vorhaben der Bundesregierung auch im Energiebereich erfahren, desto desastr\u00f6ser muss die Bilanz ausfallen. Mit den neuen Abstandsregelungen f\u00fcr Windr\u00e4der wird das Kabinett den Ausbau endg\u00fcltig an die Wand fahren &#8211; ganz bewusst. Gleichzeitig macht sie einen schnellen Kohleausstieg mit ihrer Unt\u00e4tigkeit unm\u00f6glich.<\/p><\/blockquote>\n<p><a href=\"https:\/\/www.change.org\/p\/kohleausstieg-bis-2030-verbrennung-bis-2038-ist-kein-konsens-fridaysforfuture-kohleausstieg-regsprecher-svenjaschulze68\/u\/25339232\" target=\"_blank\" rel=\"noopener\">Von Nick Heubeck via Change.org<\/a><\/p>\n<p>Am Sonntag schrieb Markus S\u00f6der auf Twitter, dass es mit der Einigung der Gro\u00dfen Koalition bei der Grundrente nun wirklich keinen Anlass mehr geben k\u00f6nne, \u00fcber den Fortbestand der Bundesregierung zu debattieren. Herr S\u00f6der, ich h\u00e4tte da ein paar Gr\u00fcnde: noch immer gibt es kein Kohleausstiegsgesetz, die Energiewende ist tot und der Autogipfel der Kanzlerin war ein Desaster f\u00fcr die Verkehrswende. Kurz gesagt: Sie haben sich vom 1,5-Grad-Ziel verabschiedet und feiern es als Erfolg. Wie absurd.<\/p>\n<p>Auf der Stra\u00dfe, in der Grube, in Parteien und nat\u00fcrlich im Internet &#8211; verbreiten wir jetzt die Forderung nach einem zukunftsvertr\u00e4glichen Kohleausstieg: <a href=\"https:\/\/www.change.org\/p\/kohleausstieg-bis-2030-verbrennung-bis-2038-ist-kein-konsens-fridaysforfuture-kohleausstieg-regsprecher-svenjaschulze68\" target=\"_blank\" rel=\"noopener\">Change.org\/Kohleausstieg2030<\/a>.<\/p>\n<p>Wer in der Debatte um den Kohleausstieg nicht komplett Augen und Ohren verschlossen hat, wird das alte Argument der Arbeitspl\u00e4tze mindestens einmal geh\u00f6rt haben. Sp\u00e4testens in den Entscheidungen der Bundesregierung zur Windkraft wird jetzt deutlich, wie unsinnig diese Argumentation ist. Wegen der Entscheidungen der vergangenen Monate und Jahre verlieren nun rund 3.000 Menschen ihren Arbeitsplatz beim gr\u00f6\u00dften Windanlagenhersteller des Landes. Zum Vergleich: Im Tagebau Hambach sind nicht einmal halb so viele besch\u00e4ftigt.<\/p>\n<p>Und das ist erst der Anfang: Die Industrie warnt, dass durch die Blockadehaltung der Bundesregierung in den kommenden Jahren noch tausende weitere Jobs verloren gehen werden. Das erinnert an 2012, als mit dem Einbruch der Photovoltaikindustrie rund 80.000 Arbeitspl\u00e4tze allein in Deutschland abgebaut werden mussten. Beim sog. Kohlekompromiss geht es bis 2038 um nicht einmal ein Viertel davon &#8211; minus derer, die bis dahin ohnehin in Rente gehen.<\/p>\n<p>Die kommenden Wochen werden daher wieder von Protesten gepr\u00e4gt sein: Am 29.11 werde ich f\u00fcr FridaysForFuture unter dem Motto #NeustartKlima auf der Stra\u00dfe stehen und rufe euch alle auf, uns zu begleiten. Dies wird zudem der Beginn einiger weiterer Aktionen sein, \u00fcber die ich euch auch an dieser Stelle auf dem Laufenden halten werde!<\/p>\n<p>Die Chance, dass eure Freund*innen unterschreiben, steigt, wenn ihr ihnen den Link als pers\u00f6nliche Nachricht schickt: <a href=\"http:\/\/change.org\/Kohleausstieg2030\" target=\"_blank\" rel=\"noopener\">Change.org\/Kohleausstieg2030<\/a>. Schreibt ihnen dazu gerne, warum ihr einen fr\u00fcheren Kohleausstieg so wichtig findet!<\/p>\n<p>Ich hoffe, wir sehen uns beim Protestieren!<\/p>\n<p>Bis dahin &#8211; Euer Nick<\/p>\n<p>&nbsp;<\/p>\n<p>Quellen:\u00a0<a href=\"https:\/\/www.zdf.de\/nachrichten\/heute\/windkraftkonzern-enercon-baut-tausende-stellen-ab-100.html\" target=\"_blank\" rel=\"noopener\">Werke in Aurich und Magdeburg: Windradbauer Enercon streicht Tausende Jobs<\/a> auf zdf.de<\/p>\n<p>&nbsp;<\/p>\n<p><em>Der obige Text ist dem <a href=\"https:\/\/www.change.org\/p\/kohleausstieg-bis-2030-verbrennung-bis-2038-ist-kein-konsens-fridaysforfuture-kohleausstieg-regsprecher-svenjaschulze68\/u\/25339232\" target=\"_blank\" rel=\"noopener\">heutigen Update<\/a> zur Petition &#8222;Kohleausstieg bis 2030! Verbrennung bis 2038 ist kein Konsens!&#8220; entnommen. Die Petition hat bereits \u00fcber 100.000 Unterschriften und kann <a href=\"https:\/\/www.change.org\/p\/kohleausstieg-bis-2030-verbrennung-bis-2038-ist-kein-konsens-fridaysforfuture-kohleausstieg-regsprecher-svenjaschulze68\" target=\"_blank\" rel=\"noopener\">hier mitgezeichnet<\/a> werden.<\/em><\/p>\n<p>&nbsp;<\/p>\n","protected":false},"excerpt":{"rendered":"<p>Dieses Jahr ist ein weiterer klimapolitischer Skandal. Je mehr Infos wir \u00fcber die detaillierten Vorhaben der Bundesregierung auch im Energiebereich erfahren, desto desastr\u00f6ser muss die Bilanz ausfallen. Mit den neuen Abstandsregelungen f\u00fcr Windr\u00e4der wird das Kabinett den Ausbau endg\u00fcltig an&hellip;<\/p>\n","protected":false},"author":1097,"featured_media":970159,"comment_status":"closed","ping_status":"closed","sticky":false,"template":"","format":"standard","meta":{"footnotes":""},"categories":[9150,9157,9168],"tags":[66860,64924,12132,10456,40035,39704,66862,66861,15196],"class_list":["post-969865","post","type-post","status-publish","format-standard","has-post-thumbnail","hentry","category-europa-de","category-oekologie-und-umwelt","category-politik","tag-arbeitsplaetze","tag-ausbremsen-der-energiewende","tag-bundesregierung","tag-energiewende","tag-klimapolitik","tag-kohleausstieg","tag-skandal","tag-untaetigkeit","tag-windkraft"],"yoast_head":"<!-- This site is optimized with the Yoast SEO plugin v27.1.1 - https:\/\/yoast.com\/product\/yoast-seo-wordpress\/ -->\n<title>Die Bundesregierung f\u00e4hrt die Windkraft absichtlich an die Wand!<\/title>\n<meta name=\"description\" content=\"Dieses Jahr ist ein weiterer klimapolitischer Skandal. Je mehr Infos wir \u00fcber die detaillierten Vorhaben der Bundesregierung auch im Energiebereich\" \/>\n<meta name=\"robots\" content=\"index, follow, max-snippet:-1, max-image-preview:large, max-video-preview:-1\" \/>\n<link rel=\"canonical\" href=\"https:\/\/www.pressenza.com\/de\/2019\/11\/die-bundesregierung-faehrt-die-windkraft-absichtlich-an-die-wand\/\" \/>\n<meta property=\"og:locale\" content=\"de_DE\" \/>\n<meta property=\"og:type\" content=\"article\" \/>\n<meta property=\"og:title\" content=\"Die Bundesregierung f\u00e4hrt die Windkraft absichtlich an die Wand!\" \/>\n<meta property=\"og:description\" content=\"Dieses Jahr ist ein weiterer klimapolitischer Skandal. Je mehr Infos wir \u00fcber die detaillierten Vorhaben der Bundesregierung auch im Energiebereich\" \/>\n<meta property=\"og:url\" content=\"https:\/\/www.pressenza.com\/de\/2019\/11\/die-bundesregierung-faehrt-die-windkraft-absichtlich-an-die-wand\/\" \/>\n<meta property=\"og:site_name\" content=\"Pressenza\" \/>\n<meta property=\"article:publisher\" content=\"https:\/\/www.facebook.com\/PressenzaItalia\" \/>\n<meta property=\"article:author\" content=\"https:\/\/www.facebook.com\/Pressenza-Deutschland-sterreich-Schweiz-281675388658060\/timeline\/\" \/>\n<meta property=\"article:published_time\" content=\"2019-11-12T14:36:41+00:00\" \/>\n<meta property=\"article:modified_time\" content=\"2019-11-12T18:23:32+00:00\" \/>\n<meta property=\"og:image\" content=\"https:\/\/www.pressenza.com\/wp-content\/uploads\/2019\/11\/Kohleausstieg-bis-2030-1.png\" \/>\n\t<meta property=\"og:image:width\" content=\"976\" \/>\n\t<meta property=\"og:image:height\" content=\"620\" \/>\n\t<meta property=\"og:image:type\" content=\"image\/png\" \/>\n<meta name=\"author\" content=\"Pressenza Muenchen\" \/>\n<meta name=\"twitter:card\" content=\"summary_large_image\" \/>\n<meta name=\"twitter:creator\" content=\"@pressenza_ger\" \/>\n<meta name=\"twitter:site\" content=\"@PressenzaIPA\" \/>\n<meta name=\"twitter:label1\" content=\"Verfasst von\" \/>\n\t<meta name=\"twitter:data1\" content=\"Pressenza Muenchen\" \/>\n\t<meta name=\"twitter:label2\" content=\"Gesch\u00e4tzte Lesezeit\" \/>\n\t<meta name=\"twitter:data2\" content=\"2\u00a0Minuten\" \/>\n<script type=\"application\/ld+json\" class=\"yoast-schema-graph\">{\"@context\":\"https:\/\/schema.org\",\"@graph\":[{\"@type\":\"Article\",\"@id\":\"https:\/\/www.pressenza.com\/de\/2019\/11\/die-bundesregierung-faehrt-die-windkraft-absichtlich-an-die-wand\/#article\",\"isPartOf\":{\"@id\":\"https:\/\/www.pressenza.com\/de\/2019\/11\/die-bundesregierung-faehrt-die-windkraft-absichtlich-an-die-wand\/\"},\"author\":{\"name\":\"Pressenza Muenchen\",\"@id\":\"https:\/\/www.pressenza.com\/de\/#\/schema\/person\/0069724cfb2cb9785368a167d0d900b7\"},\"headline\":\"Die Bundesregierung f\u00e4hrt die Windkraft absichtlich an die Wand!\",\"datePublished\":\"2019-11-12T14:36:41+00:00\",\"dateModified\":\"2019-11-12T18:23:32+00:00\",\"mainEntityOfPage\":{\"@id\":\"https:\/\/www.pressenza.com\/de\/2019\/11\/die-bundesregierung-faehrt-die-windkraft-absichtlich-an-die-wand\/\"},\"wordCount\":478,\"publisher\":{\"@id\":\"https:\/\/www.pressenza.com\/de\/#organization\"},\"image\":{\"@id\":\"https:\/\/www.pressenza.com\/de\/2019\/11\/die-bundesregierung-faehrt-die-windkraft-absichtlich-an-die-wand\/#primaryimage\"},\"thumbnailUrl\":\"https:\/\/www.pressenza.com\/wp-content\/uploads\/2019\/11\/Kohleausstieg-bis-2030-1.png\",\"keywords\":[\"Arbeitspl\u00e4tze\",\"Ausbremsen der Energiewende\",\"Bundesregierung\",\"Energiewende\",\"Klimapolitik\",\"Kohleausstieg\",\"Skandal\",\"Unt\u00e4tigkeit\",\"Windkraft\"],\"articleSection\":[\"Europa\",\"\u00d6kologie und Umwelt\",\"Politik\"],\"inLanguage\":\"de\"},{\"@type\":\"WebPage\",\"@id\":\"https:\/\/www.pressenza.com\/de\/2019\/11\/die-bundesregierung-faehrt-die-windkraft-absichtlich-an-die-wand\/\",\"url\":\"https:\/\/www.pressenza.com\/de\/2019\/11\/die-bundesregierung-faehrt-die-windkraft-absichtlich-an-die-wand\/\",\"name\":\"Die Bundesregierung f\u00e4hrt die Windkraft absichtlich an die Wand!\",\"isPartOf\":{\"@id\":\"https:\/\/www.pressenza.com\/de\/#website\"},\"primaryImageOfPage\":{\"@id\":\"https:\/\/www.pressenza.com\/de\/2019\/11\/die-bundesregierung-faehrt-die-windkraft-absichtlich-an-die-wand\/#primaryimage\"},\"image\":{\"@id\":\"https:\/\/www.pressenza.com\/de\/2019\/11\/die-bundesregierung-faehrt-die-windkraft-absichtlich-an-die-wand\/#primaryimage\"},\"thumbnailUrl\":\"https:\/\/www.pressenza.com\/wp-content\/uploads\/2019\/11\/Kohleausstieg-bis-2030-1.png\",\"datePublished\":\"2019-11-12T14:36:41+00:00\",\"dateModified\":\"2019-11-12T18:23:32+00:00\",\"description\":\"Dieses Jahr ist ein weiterer klimapolitischer Skandal. Je mehr Infos wir \u00fcber die detaillierten Vorhaben der Bundesregierung auch im Energiebereich\",\"breadcrumb\":{\"@id\":\"https:\/\/www.pressenza.com\/de\/2019\/11\/die-bundesregierung-faehrt-die-windkraft-absichtlich-an-die-wand\/#breadcrumb\"},\"inLanguage\":\"de\",\"potentialAction\":[{\"@type\":\"ReadAction\",\"target\":[\"https:\/\/www.pressenza.com\/de\/2019\/11\/die-bundesregierung-faehrt-die-windkraft-absichtlich-an-die-wand\/\"]}]},{\"@type\":\"ImageObject\",\"inLanguage\":\"de\",\"@id\":\"https:\/\/www.pressenza.com\/de\/2019\/11\/die-bundesregierung-faehrt-die-windkraft-absichtlich-an-die-wand\/#primaryimage\",\"url\":\"https:\/\/www.pressenza.com\/wp-content\/uploads\/2019\/11\/Kohleausstieg-bis-2030-1.png\",\"contentUrl\":\"https:\/\/www.pressenza.com\/wp-content\/uploads\/2019\/11\/Kohleausstieg-bis-2030-1.png\",\"width\":976,\"height\":620},{\"@type\":\"BreadcrumbList\",\"@id\":\"https:\/\/www.pressenza.com\/de\/2019\/11\/die-bundesregierung-faehrt-die-windkraft-absichtlich-an-die-wand\/#breadcrumb\",\"itemListElement\":[{\"@type\":\"ListItem\",\"position\":1,\"name\":\"Accueil\",\"item\":\"https:\/\/www.pressenza.com\/de\/\"},{\"@type\":\"ListItem\",\"position\":2,\"name\":\"Die Bundesregierung f\u00e4hrt die Windkraft absichtlich an die Wand!\"}]},{\"@type\":\"WebSite\",\"@id\":\"https:\/\/www.pressenza.com\/de\/#website\",\"url\":\"https:\/\/www.pressenza.com\/de\/\",\"name\":\"Pressenza\",\"description\":\"International Press Agency\",\"publisher\":{\"@id\":\"https:\/\/www.pressenza.com\/de\/#organization\"},\"potentialAction\":[{\"@type\":\"SearchAction\",\"target\":{\"@type\":\"EntryPoint\",\"urlTemplate\":\"https:\/\/www.pressenza.com\/de\/?s={search_term_string}\"},\"query-input\":{\"@type\":\"PropertyValueSpecification\",\"valueRequired\":true,\"valueName\":\"search_term_string\"}}],\"inLanguage\":\"de\"},{\"@type\":\"Organization\",\"@id\":\"https:\/\/www.pressenza.com\/de\/#organization\",\"name\":\"Pressenza\",\"url\":\"https:\/\/www.pressenza.com\/de\/\",\"logo\":{\"@type\":\"ImageObject\",\"inLanguage\":\"de\",\"@id\":\"https:\/\/www.pressenza.com\/de\/#\/schema\/logo\/image\/\",\"url\":\"https:\/\/www.pressenza.com\/wp-content\/uploads\/2022\/10\/pressenza_logo_200x200.jpg\",\"contentUrl\":\"https:\/\/www.pressenza.com\/wp-content\/uploads\/2022\/10\/pressenza_logo_200x200.jpg\",\"width\":200,\"height\":200,\"caption\":\"Pressenza\"},\"image\":{\"@id\":\"https:\/\/www.pressenza.com\/de\/#\/schema\/logo\/image\/\"},\"sameAs\":[\"https:\/\/www.facebook.com\/PressenzaItalia\",\"https:\/\/x.com\/PressenzaIPA\"]},{\"@type\":\"Person\",\"@id\":\"https:\/\/www.pressenza.com\/de\/#\/schema\/person\/0069724cfb2cb9785368a167d0d900b7\",\"name\":\"Pressenza Muenchen\",\"description\":\"News from the Pressenza bureau in Munich, Germany\",\"sameAs\":[\"https:\/\/www.facebook.com\/Pressenza-Deutschland-sterreich-Schweiz-281675388658060\/timeline\/\",\"https:\/\/x.com\/pressenza_ger\"],\"url\":\"https:\/\/www.pressenza.com\/de\/author\/pressenza-muenchen\/\"}]}<\/script>\n<!-- \/ Yoast SEO plugin. -->","yoast_head_json":{"title":"Die Bundesregierung f\u00e4hrt die Windkraft absichtlich an die Wand!","description":"Dieses Jahr ist ein weiterer klimapolitischer Skandal. Je mehr Infos wir \u00fcber die detaillierten Vorhaben der Bundesregierung auch im Energiebereich","robots":{"index":"index","follow":"follow","max-snippet":"max-snippet:-1","max-image-preview":"max-image-preview:large","max-video-preview":"max-video-preview:-1"},"canonical":"https:\/\/www.pressenza.com\/de\/2019\/11\/die-bundesregierung-faehrt-die-windkraft-absichtlich-an-die-wand\/","og_locale":"de_DE","og_type":"article","og_title":"Die Bundesregierung f\u00e4hrt die Windkraft absichtlich an die Wand!","og_description":"Dieses Jahr ist ein weiterer klimapolitischer Skandal. Je mehr Infos wir \u00fcber die detaillierten Vorhaben der Bundesregierung auch im Energiebereich","og_url":"https:\/\/www.pressenza.com\/de\/2019\/11\/die-bundesregierung-faehrt-die-windkraft-absichtlich-an-die-wand\/","og_site_name":"Pressenza","article_publisher":"https:\/\/www.facebook.com\/PressenzaItalia","article_author":"https:\/\/www.facebook.com\/Pressenza-Deutschland-sterreich-Schweiz-281675388658060\/timeline\/","article_published_time":"2019-11-12T14:36:41+00:00","article_modified_time":"2019-11-12T18:23:32+00:00","og_image":[{"width":976,"height":620,"url":"https:\/\/www.pressenza.com\/wp-content\/uploads\/2019\/11\/Kohleausstieg-bis-2030-1.png","type":"image\/png"}],"author":"Pressenza Muenchen","twitter_card":"summary_large_image","twitter_creator":"@pressenza_ger","twitter_site":"@PressenzaIPA","twitter_misc":{"Verfasst von":"Pressenza Muenchen","Gesch\u00e4tzte Lesezeit":"2\u00a0Minuten"},"schema":{"@context":"https:\/\/schema.org","@graph":[{"@type":"Article","@id":"https:\/\/www.pressenza.com\/de\/2019\/11\/die-bundesregierung-faehrt-die-windkraft-absichtlich-an-die-wand\/#article","isPartOf":{"@id":"https:\/\/www.pressenza.com\/de\/2019\/11\/die-bundesregierung-faehrt-die-windkraft-absichtlich-an-die-wand\/"},"author":{"name":"Pressenza Muenchen","@id":"https:\/\/www.pressenza.com\/de\/#\/schema\/person\/0069724cfb2cb9785368a167d0d900b7"},"headline":"Die Bundesregierung f\u00e4hrt die Windkraft absichtlich an die Wand!","datePublished":"2019-11-12T14:36:41+00:00","dateModified":"2019-11-12T18:23:32+00:00","mainEntityOfPage":{"@id":"https:\/\/www.pressenza.com\/de\/2019\/11\/die-bundesregierung-faehrt-die-windkraft-absichtlich-an-die-wand\/"},"wordCount":478,"publisher":{"@id":"https:\/\/www.pressenza.com\/de\/#organization"},"image":{"@id":"https:\/\/www.pressenza.com\/de\/2019\/11\/die-bundesregierung-faehrt-die-windkraft-absichtlich-an-die-wand\/#primaryimage"},"thumbnailUrl":"https:\/\/www.pressenza.com\/wp-content\/uploads\/2019\/11\/Kohleausstieg-bis-2030-1.png","keywords":["Arbeitspl\u00e4tze","Ausbremsen der Energiewende","Bundesregierung","Energiewende","Klimapolitik","Kohleausstieg","Skandal","Unt\u00e4tigkeit","Windkraft"],"articleSection":["Europa","\u00d6kologie und Umwelt","Politik"],"inLanguage":"de"},{"@type":"WebPage","@id":"https:\/\/www.pressenza.com\/de\/2019\/11\/die-bundesregierung-faehrt-die-windkraft-absichtlich-an-die-wand\/","url":"https:\/\/www.pressenza.com\/de\/2019\/11\/die-bundesregierung-faehrt-die-windkraft-absichtlich-an-die-wand\/","name":"Die Bundesregierung f\u00e4hrt die Windkraft absichtlich an die Wand!","isPartOf":{"@id":"https:\/\/www.pressenza.com\/de\/#website"},"primaryImageOfPage":{"@id":"https:\/\/www.pressenza.com\/de\/2019\/11\/die-bundesregierung-faehrt-die-windkraft-absichtlich-an-die-wand\/#primaryimage"},"image":{"@id":"https:\/\/www.pressenza.com\/de\/2019\/11\/die-bundesregierung-faehrt-die-windkraft-absichtlich-an-die-wand\/#primaryimage"},"thumbnailUrl":"https:\/\/www.pressenza.com\/wp-content\/uploads\/2019\/11\/Kohleausstieg-bis-2030-1.png","datePublished":"2019-11-12T14:36:41+00:00","dateModified":"2019-11-12T18:23:32+00:00","description":"Dieses Jahr ist ein weiterer klimapolitischer Skandal. Je mehr Infos wir \u00fcber die detaillierten Vorhaben der Bundesregierung auch im Energiebereich","breadcrumb":{"@id":"https:\/\/www.pressenza.com\/de\/2019\/11\/die-bundesregierung-faehrt-die-windkraft-absichtlich-an-die-wand\/#breadcrumb"},"inLanguage":"de","potentialAction":[{"@type":"ReadAction","target":["https:\/\/www.pressenza.com\/de\/2019\/11\/die-bundesregierung-faehrt-die-windkraft-absichtlich-an-die-wand\/"]}]},{"@type":"ImageObject","inLanguage":"de","@id":"https:\/\/www.pressenza.com\/de\/2019\/11\/die-bundesregierung-faehrt-die-windkraft-absichtlich-an-die-wand\/#primaryimage","url":"https:\/\/www.pressenza.com\/wp-content\/uploads\/2019\/11\/Kohleausstieg-bis-2030-1.png","contentUrl":"https:\/\/www.pressenza.com\/wp-content\/uploads\/2019\/11\/Kohleausstieg-bis-2030-1.png","width":976,"height":620},{"@type":"BreadcrumbList","@id":"https:\/\/www.pressenza.com\/de\/2019\/11\/die-bundesregierung-faehrt-die-windkraft-absichtlich-an-die-wand\/#breadcrumb","itemListElement":[{"@type":"ListItem","position":1,"name":"Accueil","item":"https:\/\/www.pressenza.com\/de\/"},{"@type":"ListItem","position":2,"name":"Die Bundesregierung f\u00e4hrt die Windkraft absichtlich an die Wand!"}]},{"@type":"WebSite","@id":"https:\/\/www.pressenza.com\/de\/#website","url":"https:\/\/www.pressenza.com\/de\/","name":"Pressenza","description":"International Press Agency","publisher":{"@id":"https:\/\/www.pressenza.com\/de\/#organization"},"potentialAction":[{"@type":"SearchAction","target":{"@type":"EntryPoint","urlTemplate":"https:\/\/www.pressenza.com\/de\/?s={search_term_string}"},"query-input":{"@type":"PropertyValueSpecification","valueRequired":true,"valueName":"search_term_string"}}],"inLanguage":"de"},{"@type":"Organization","@id":"https:\/\/www.pressenza.com\/de\/#organization","name":"Pressenza","url":"https:\/\/www.pressenza.com\/de\/","logo":{"@type":"ImageObject","inLanguage":"de","@id":"https:\/\/www.pressenza.com\/de\/#\/schema\/logo\/image\/","url":"https:\/\/www.pressenza.com\/wp-content\/uploads\/2022\/10\/pressenza_logo_200x200.jpg","contentUrl":"https:\/\/www.pressenza.com\/wp-content\/uploads\/2022\/10\/pressenza_logo_200x200.jpg","width":200,"height":200,"caption":"Pressenza"},"image":{"@id":"https:\/\/www.pressenza.com\/de\/#\/schema\/logo\/image\/"},"sameAs":["https:\/\/www.facebook.com\/PressenzaItalia","https:\/\/x.com\/PressenzaIPA"]},{"@type":"Person","@id":"https:\/\/www.pressenza.com\/de\/#\/schema\/person\/0069724cfb2cb9785368a167d0d900b7","name":"Pressenza Muenchen","description":"News from the Pressenza bureau in Munich, Germany","sameAs":["https:\/\/www.facebook.com\/Pressenza-Deutschland-sterreich-Schweiz-281675388658060\/timeline\/","https:\/\/x.com\/pressenza_ger"],"url":"https:\/\/www.pressenza.com\/de\/author\/pressenza-muenchen\/"}]}},"place":"Nick Heubeck","original_article_url":"https:\/\/www.change.org\/p\/kohleausstieg-bis-2030-verbrennung-bis-2038-ist-kein-konsens-fridaysforfuture-kohleausstieg-regsprecher-svenjaschulze68\/u\/25339232","_links":{"self":[{"href":"https:\/\/www.pressenza.com\/de\/wp-json\/wp\/v2\/posts\/969865","targetHints":{"allow":["GET"]}}],"collection":[{"href":"https:\/\/www.pressenza.com\/de\/wp-json\/wp\/v2\/posts"}],"about":[{"href":"https:\/\/www.pressenza.com\/de\/wp-json\/wp\/v2\/types\/post"}],"author":[{"embeddable":true,"href":"https:\/\/www.pressenza.com\/de\/wp-json\/wp\/v2\/users\/1097"}],"replies":[{"embeddable":true,"href":"https:\/\/www.pressenza.com\/de\/wp-json\/wp\/v2\/comments?post=969865"}],"version-history":[{"count":0,"href":"https:\/\/www.pressenza.com\/de\/wp-json\/wp\/v2\/posts\/969865\/revisions"}],"wp:featuredmedia":[{"embeddable":true,"href":"https:\/\/www.pressenza.com\/de\/wp-json\/wp\/v2\/media\/970159"}],"wp:attachment":[{"href":"https:\/\/www.pressenza.com\/de\/wp-json\/wp\/v2\/media?parent=969865"}],"wp:term":[{"taxonomy":"category","embeddable":true,"href":"https:\/\/www.pressenza.com\/de\/wp-json\/wp\/v2\/categories?post=969865"},{"taxonomy":"post_tag","embeddable":true,"href":"https:\/\/www.pressenza.com\/de\/wp-json\/wp\/v2\/tags?post=969865"}],"curies":[{"name":"wp","href":"https:\/\/api.w.org\/{rel}","templated":true}]}}