{"id":967650,"date":"2019-11-10T14:46:21","date_gmt":"2019-11-10T14:46:21","guid":{"rendered":"https:\/\/www.pressenza.com\/?p=967650"},"modified":"2019-11-12T10:51:52","modified_gmt":"2019-11-12T10:51:52","slug":"wir-brauchen-gewaltfreiheit","status":"publish","type":"post","link":"https:\/\/www.pressenza.com\/de\/2019\/11\/wir-brauchen-gewaltfreiheit\/","title":{"rendered":"Wir brauchen Gewaltfreiheit"},"content":{"rendered":"<blockquote><p>&#8222;Falsche L\u00f6sungen k\u00f6nnen Gewalt nicht beenden. Diese Welt steht kurz davor zu explodieren, und es gibt keine M\u00f6glichkeit, die Gewalt zu beenden!&#8220; (1)<\/p><\/blockquote>\n<p>Ein Satz, der auch f\u00fcr die heutige Zeit gilt? Tats\u00e4chlich hat ihn vor 50 Jahren ein junger Mann (mit 31 Jahren ist man in dieser gerontokratischen Gesellschaft noch jung, nicht wahr?) auf dem Gipfel eines Berges gesagt, als er zu zweihundert Freunden sprach und eine Bewegung gr\u00fcndete.<\/p>\n<p>Aber wenn ich diesen Satz und diese Rede lese, f\u00e4llt mir die Welt von heute ein und ihre stumpfe Unf\u00e4higkeit, mit den grundlegenden Problemen umzugehen. Und eines der grundlegenden Probleme, vielleicht DAS grundlegende Problem, ist die Gewalt.<\/p>\n<p>Gewalt manifestiert sich nicht nur im physischen Aspekt der Aggression, T\u00f6tung, Selbstmord, Entf\u00fchrung, Pr\u00fcgel usw.. Das ist vielleicht der \u00e4u\u00dferste, am meisten sichtbare Aspekt von Gewalt. Aber Gewalt durchdringt auch Bereiche wie Wirtschaft, Bildung, menschliche Beziehungen oder Arbeit. Eine besonders offensichtliche Gewalt ist derzeit die Diskriminierung, die zu Rassismus, Sexismus, Ausgrenzung aus ethnischen Gr\u00fcnden, Missbrauch und morphologischer Struktur f\u00fchrt (wie viele Behinderte sind immer noch in H\u00e4usern eingeschlossen?).<\/p>\n<p>Wohin ich auch schaue, sehe ich Gewalt als Ursache f\u00fcr alles Leid, f\u00fcr alle Ungerechtigkeit, f\u00fcr all das Unrecht, das jedem und allen Menschen angetan wird.<\/p>\n<p>Junge Menschen fordern Klimagerechtigkeit und werden nicht angeh\u00f6rt, V\u00f6lker fordern soziale Gerechtigkeit und werden nicht angeh\u00f6rt, jeder von uns fordert ein besseres Leben, w\u00e4hrend er damit k\u00e4mpft, alles am Laufen zu halten, und manch einer fordert gar nichts mehr, weil er den Hungertod gestorben ist, seitdem ich begann, diesen Artikel zu schreiben, obwohl es gen\u00fcgend Nahrung f\u00fcr alle g\u00e4be.<\/p>\n<p>Aber irgendwie scheint es, dass wir nicht dazu in der Lage sind, den Kopf ein wenig zu heben und nach vorne zu schauen, denn die &#8222;modernste&#8220; Form aller Gewalt ist die, die uns unsere Zukunft raubt.<\/p>\n<p>Bei den Ereignissen, \u00fcber die wir in diesen Tagen berichten, gibt es eine klare Trennung zwischen Gewaltfreiheit und Gewalt: die von den Demonstranten geschlagenen T\u00f6pfe und Pfannen gegen das Tr\u00e4nengas der chilenischen Carabineros, die entschlossenen Proteste der indigenen Ecuadorianer gegen die Gleichg\u00fcltigkeit und den Verrat der Regierung, die Augenzeugenberichte in den sozialen Netzwerke \u00fcber die Proteste \u00fcberall auf der Welt gegen die manipulierte und propagandistische Narrative der Mainstream-Medien, die nur die Gewalt einiger weniger zeigt, die engagierten Aktionen junger Menschen (und auch Erwachsener), um ein Bewusstsein f\u00fcr das Klima zu schaffen gegen die Unt\u00e4tigkeit der Regierungen und deren Weigerung, effektive Ma\u00dfnahmen f\u00fcr einen radikalen Systemwechsel zu ergreifen.<\/p>\n<p>Ich glaube, dass jeder selbst kleine pers\u00f6nliche Beispiele hinzuf\u00fcgen k\u00f6nnte, auch aus dem Alltag, bei denen die Reaktionen auf Ereignisse, ob gewaltfrei oder gewaltvoll, immer wichtiger f\u00fcr das eigene \u00dcberleben werden.<\/p>\n<p>Aber es ist klar, dass wenn Gewaltfreiheit in jedem von uns wachsen und sich in der Welt ausdr\u00fccken soll, es ebenso notwendig ist, dass immer mehr R\u00e4ume und Bereiche geschaffen werden, in denen sich gewaltfreie Aktionen auch manifestieren k\u00f6nnen, in denen Menschen zusammenarbeiten, Erfahrungen austauschen und sich gegenseitig durch ihr Handeln und ihr Verst\u00e4ndnis gegen\u00fcber dem anderen st\u00e4rken k\u00f6nnen. Pressenza will einer dieser R\u00e4ume sein, auf informativen Ebene, wo jede gewaltfreie Aktion, ob gro\u00df oder klein, den Raum hat, sich selber auszudr\u00fccken und mitzuteilen.<\/p>\n<p>Die Antwort der Gewaltfreiheit ist eine edle Antwort, sie ist nicht unmittelbar, sondern sie braucht Zeit f\u00fcr konstruktives Denken, F\u00fchlen und Handeln, und sie braucht eine starke Absicht zur Ver\u00e4nderung.<\/p>\n<p>Gleichzeitig muss die Notwendigkeit der Gewaltlosigkeit aus der dringenden Feststellung hergeleitet werden, dass dieses auf Gewalt basierende System f\u00fcr niemanden mehr funktioniert und zu einer Katastrophe f\u00fchren wird, die, wenn sie nicht \u00f6kologisch ist, sicherlich menschlich sein wird, weil sie den Sinn des Lebens der Menschen auf diesem Planeten, in diesem Segment unserer Existenz, tief ber\u00fchrt.<\/p>\n<p>So ist es die Aufgabe der Gewaltfreien, die \u00c4rmel hochzukrempeln und unerm\u00fcdlich daran zu arbeiten, R\u00e4ume zu bauen, zu tr\u00f6sten, zu ermutigen, zu vertiefen: Denn Gewaltfreiheit ist notwendig und dringend, sie geh\u00f6rt allen und ist f\u00fcr alle.<\/p>\n<p>(1) Silo: \u201eDie Heilung des Leidens\u201c, Rede vom 4. Mai 1969 in Punta de Vacas, Argentinien, am Fu\u00dfe des Aconcagua. Zu finden im Buch \u201e<a href=\"http:\/\/www.multimage.org\/libri\/discorsi2\" target=\"_blank\" rel=\"noopener\">Discorsi<\/a>\u201c, Multimage, Florenz 2016<\/p>\n<p><em>\u00dcbersetzung aus dem Italienischen von Evelyn Rottengatter<\/em><\/p>\n","protected":false},"excerpt":{"rendered":"<p>&#8222;Falsche L\u00f6sungen k\u00f6nnen Gewalt nicht beenden. Diese Welt steht kurz davor zu explodieren, und es gibt keine M\u00f6glichkeit, die Gewalt zu beenden!&#8220; (1) Ein Satz, der auch f\u00fcr die heutige Zeit gilt? Tats\u00e4chlich hat ihn vor 50 Jahren ein junger&hellip;<\/p>\n","protected":false},"author":10,"featured_media":729969,"comment_status":"closed","ping_status":"closed","sticky":false,"template":"","format":"standard","meta":{"footnotes":""},"categories":[9166,9162,7835,9143,11387],"tags":[12907,22229,66774,59981,32519],"class_list":["post-967650","post","type-post","status-publish","format-standard","has-post-thumbnail","hentry","category-gewaltfreiheit","category-humanismus-und-spiritualitaet","category-international-de","category-meinungen","category-originalinhalt","tag-gewalt","tag-gewaltfreiheit","tag-menschen","tag-pressenza-es-de","tag-zukunft"],"yoast_head":"<!-- This site is optimized with the Yoast SEO plugin v27.1.1 - https:\/\/yoast.com\/product\/yoast-seo-wordpress\/ -->\n<title>Wir brauchen Gewaltfreiheit<\/title>\n<meta name=\"description\" content=\"Gewaltfreiheit als L\u00f6sung der Probleme unserer heutigen Zeit\" \/>\n<meta name=\"robots\" content=\"index, follow, max-snippet:-1, max-image-preview:large, max-video-preview:-1\" \/>\n<link rel=\"canonical\" href=\"https:\/\/www.pressenza.com\/de\/2019\/11\/wir-brauchen-gewaltfreiheit\/\" \/>\n<meta property=\"og:locale\" content=\"de_DE\" \/>\n<meta property=\"og:type\" content=\"article\" \/>\n<meta property=\"og:title\" content=\"Wir brauchen Gewaltfreiheit\" \/>\n<meta property=\"og:description\" content=\"Gewaltfreiheit als L\u00f6sung der Probleme unserer heutigen Zeit\" \/>\n<meta property=\"og:url\" content=\"https:\/\/www.pressenza.com\/de\/2019\/11\/wir-brauchen-gewaltfreiheit\/\" \/>\n<meta property=\"og:site_name\" content=\"Pressenza\" \/>\n<meta property=\"article:publisher\" content=\"https:\/\/www.facebook.com\/PressenzaItalia\" \/>\n<meta property=\"article:published_time\" content=\"2019-11-10T14:46:21+00:00\" \/>\n<meta property=\"article:modified_time\" content=\"2019-11-12T10:51:52+00:00\" \/>\n<meta property=\"og:image\" content=\"https:\/\/www.pressenza.com\/wp-content\/uploads\/2018\/10\/FI-nonviolenza-cover.jpg\" \/>\n\t<meta property=\"og:image:width\" content=\"750\" \/>\n\t<meta property=\"og:image:height\" content=\"499\" \/>\n\t<meta property=\"og:image:type\" content=\"image\/jpeg\" \/>\n<meta name=\"author\" content=\"Olivier Turquet\" \/>\n<meta name=\"twitter:card\" content=\"summary_large_image\" \/>\n<meta name=\"twitter:creator\" content=\"@PressenzaIPA\" \/>\n<meta name=\"twitter:site\" content=\"@PressenzaIPA\" \/>\n<meta name=\"twitter:label1\" content=\"Verfasst von\" \/>\n\t<meta name=\"twitter:data1\" content=\"Olivier Turquet\" \/>\n\t<meta name=\"twitter:label2\" content=\"Gesch\u00e4tzte Lesezeit\" \/>\n\t<meta name=\"twitter:data2\" content=\"4\u00a0Minuten\" \/>\n<script type=\"application\/ld+json\" class=\"yoast-schema-graph\">{\"@context\":\"https:\/\/schema.org\",\"@graph\":[{\"@type\":\"Article\",\"@id\":\"https:\/\/www.pressenza.com\/de\/2019\/11\/wir-brauchen-gewaltfreiheit\/#article\",\"isPartOf\":{\"@id\":\"https:\/\/www.pressenza.com\/de\/2019\/11\/wir-brauchen-gewaltfreiheit\/\"},\"author\":{\"name\":\"Olivier Turquet\",\"@id\":\"https:\/\/www.pressenza.com\/de\/#\/schema\/person\/636f8feb51f63f34e7378d5fcdd1de53\"},\"headline\":\"Wir brauchen Gewaltfreiheit\",\"datePublished\":\"2019-11-10T14:46:21+00:00\",\"dateModified\":\"2019-11-12T10:51:52+00:00\",\"mainEntityOfPage\":{\"@id\":\"https:\/\/www.pressenza.com\/de\/2019\/11\/wir-brauchen-gewaltfreiheit\/\"},\"wordCount\":730,\"publisher\":{\"@id\":\"https:\/\/www.pressenza.com\/de\/#organization\"},\"image\":{\"@id\":\"https:\/\/www.pressenza.com\/de\/2019\/11\/wir-brauchen-gewaltfreiheit\/#primaryimage\"},\"thumbnailUrl\":\"https:\/\/www.pressenza.com\/wp-content\/uploads\/2018\/10\/FI-nonviolenza-cover.jpg\",\"keywords\":[\"Gewalt\",\"Gewaltfreiheit\",\"Menschen\",\"Pressenza\",\"Zukunft\"],\"articleSection\":[\"Gewaltfreiheit\",\"Humanismus und Spiritualit\u00e4t\",\"International\",\"Meinungen\",\"Originalinhalt\"],\"inLanguage\":\"de\"},{\"@type\":\"WebPage\",\"@id\":\"https:\/\/www.pressenza.com\/de\/2019\/11\/wir-brauchen-gewaltfreiheit\/\",\"url\":\"https:\/\/www.pressenza.com\/de\/2019\/11\/wir-brauchen-gewaltfreiheit\/\",\"name\":\"Wir brauchen Gewaltfreiheit\",\"isPartOf\":{\"@id\":\"https:\/\/www.pressenza.com\/de\/#website\"},\"primaryImageOfPage\":{\"@id\":\"https:\/\/www.pressenza.com\/de\/2019\/11\/wir-brauchen-gewaltfreiheit\/#primaryimage\"},\"image\":{\"@id\":\"https:\/\/www.pressenza.com\/de\/2019\/11\/wir-brauchen-gewaltfreiheit\/#primaryimage\"},\"thumbnailUrl\":\"https:\/\/www.pressenza.com\/wp-content\/uploads\/2018\/10\/FI-nonviolenza-cover.jpg\",\"datePublished\":\"2019-11-10T14:46:21+00:00\",\"dateModified\":\"2019-11-12T10:51:52+00:00\",\"description\":\"Gewaltfreiheit als L\u00f6sung der Probleme unserer heutigen Zeit\",\"breadcrumb\":{\"@id\":\"https:\/\/www.pressenza.com\/de\/2019\/11\/wir-brauchen-gewaltfreiheit\/#breadcrumb\"},\"inLanguage\":\"de\",\"potentialAction\":[{\"@type\":\"ReadAction\",\"target\":[\"https:\/\/www.pressenza.com\/de\/2019\/11\/wir-brauchen-gewaltfreiheit\/\"]}]},{\"@type\":\"ImageObject\",\"inLanguage\":\"de\",\"@id\":\"https:\/\/www.pressenza.com\/de\/2019\/11\/wir-brauchen-gewaltfreiheit\/#primaryimage\",\"url\":\"https:\/\/www.pressenza.com\/wp-content\/uploads\/2018\/10\/FI-nonviolenza-cover.jpg\",\"contentUrl\":\"https:\/\/www.pressenza.com\/wp-content\/uploads\/2018\/10\/FI-nonviolenza-cover.jpg\",\"width\":750,\"height\":499,\"caption\":\"Gewaltfreiheit als L\u00f6sung der Probleme der heutigen Zeit\"},{\"@type\":\"BreadcrumbList\",\"@id\":\"https:\/\/www.pressenza.com\/de\/2019\/11\/wir-brauchen-gewaltfreiheit\/#breadcrumb\",\"itemListElement\":[{\"@type\":\"ListItem\",\"position\":1,\"name\":\"Accueil\",\"item\":\"https:\/\/www.pressenza.com\/de\/\"},{\"@type\":\"ListItem\",\"position\":2,\"name\":\"Wir brauchen Gewaltfreiheit\"}]},{\"@type\":\"WebSite\",\"@id\":\"https:\/\/www.pressenza.com\/de\/#website\",\"url\":\"https:\/\/www.pressenza.com\/de\/\",\"name\":\"Pressenza\",\"description\":\"International Press Agency\",\"publisher\":{\"@id\":\"https:\/\/www.pressenza.com\/de\/#organization\"},\"potentialAction\":[{\"@type\":\"SearchAction\",\"target\":{\"@type\":\"EntryPoint\",\"urlTemplate\":\"https:\/\/www.pressenza.com\/de\/?s={search_term_string}\"},\"query-input\":{\"@type\":\"PropertyValueSpecification\",\"valueRequired\":true,\"valueName\":\"search_term_string\"}}],\"inLanguage\":\"de\"},{\"@type\":\"Organization\",\"@id\":\"https:\/\/www.pressenza.com\/de\/#organization\",\"name\":\"Pressenza\",\"url\":\"https:\/\/www.pressenza.com\/de\/\",\"logo\":{\"@type\":\"ImageObject\",\"inLanguage\":\"de\",\"@id\":\"https:\/\/www.pressenza.com\/de\/#\/schema\/logo\/image\/\",\"url\":\"https:\/\/www.pressenza.com\/wp-content\/uploads\/2022\/10\/pressenza_logo_200x200.jpg\",\"contentUrl\":\"https:\/\/www.pressenza.com\/wp-content\/uploads\/2022\/10\/pressenza_logo_200x200.jpg\",\"width\":200,\"height\":200,\"caption\":\"Pressenza\"},\"image\":{\"@id\":\"https:\/\/www.pressenza.com\/de\/#\/schema\/logo\/image\/\"},\"sameAs\":[\"https:\/\/www.facebook.com\/PressenzaItalia\",\"https:\/\/x.com\/PressenzaIPA\"]},{\"@type\":\"Person\",\"@id\":\"https:\/\/www.pressenza.com\/de\/#\/schema\/person\/636f8feb51f63f34e7378d5fcdd1de53\",\"name\":\"Olivier Turquet\",\"description\":\"Takes care of writing to tell the reality for about 40 years. He has worked with paper publications, radio and electronic He founded the electronic news agency humanist Good News. He was press secretary to various events such as: the International Humanist, Florence Play, the World March for Peace and Nonviolence. Currently coordinates the Italian team of Pressenza. olivierturquet.wordpress.com\",\"sameAs\":[\"http:\/\/olivierturquet.wordpress.com\"],\"url\":\"https:\/\/www.pressenza.com\/de\/author\/olivier-turquet\/\"}]}<\/script>\n<!-- \/ Yoast SEO plugin. -->","yoast_head_json":{"title":"Wir brauchen Gewaltfreiheit","description":"Gewaltfreiheit als L\u00f6sung der Probleme unserer heutigen Zeit","robots":{"index":"index","follow":"follow","max-snippet":"max-snippet:-1","max-image-preview":"max-image-preview:large","max-video-preview":"max-video-preview:-1"},"canonical":"https:\/\/www.pressenza.com\/de\/2019\/11\/wir-brauchen-gewaltfreiheit\/","og_locale":"de_DE","og_type":"article","og_title":"Wir brauchen Gewaltfreiheit","og_description":"Gewaltfreiheit als L\u00f6sung der Probleme unserer heutigen Zeit","og_url":"https:\/\/www.pressenza.com\/de\/2019\/11\/wir-brauchen-gewaltfreiheit\/","og_site_name":"Pressenza","article_publisher":"https:\/\/www.facebook.com\/PressenzaItalia","article_published_time":"2019-11-10T14:46:21+00:00","article_modified_time":"2019-11-12T10:51:52+00:00","og_image":[{"width":750,"height":499,"url":"https:\/\/www.pressenza.com\/wp-content\/uploads\/2018\/10\/FI-nonviolenza-cover.jpg","type":"image\/jpeg"}],"author":"Olivier Turquet","twitter_card":"summary_large_image","twitter_creator":"@PressenzaIPA","twitter_site":"@PressenzaIPA","twitter_misc":{"Verfasst von":"Olivier Turquet","Gesch\u00e4tzte Lesezeit":"4\u00a0Minuten"},"schema":{"@context":"https:\/\/schema.org","@graph":[{"@type":"Article","@id":"https:\/\/www.pressenza.com\/de\/2019\/11\/wir-brauchen-gewaltfreiheit\/#article","isPartOf":{"@id":"https:\/\/www.pressenza.com\/de\/2019\/11\/wir-brauchen-gewaltfreiheit\/"},"author":{"name":"Olivier Turquet","@id":"https:\/\/www.pressenza.com\/de\/#\/schema\/person\/636f8feb51f63f34e7378d5fcdd1de53"},"headline":"Wir brauchen Gewaltfreiheit","datePublished":"2019-11-10T14:46:21+00:00","dateModified":"2019-11-12T10:51:52+00:00","mainEntityOfPage":{"@id":"https:\/\/www.pressenza.com\/de\/2019\/11\/wir-brauchen-gewaltfreiheit\/"},"wordCount":730,"publisher":{"@id":"https:\/\/www.pressenza.com\/de\/#organization"},"image":{"@id":"https:\/\/www.pressenza.com\/de\/2019\/11\/wir-brauchen-gewaltfreiheit\/#primaryimage"},"thumbnailUrl":"https:\/\/www.pressenza.com\/wp-content\/uploads\/2018\/10\/FI-nonviolenza-cover.jpg","keywords":["Gewalt","Gewaltfreiheit","Menschen","Pressenza","Zukunft"],"articleSection":["Gewaltfreiheit","Humanismus und Spiritualit\u00e4t","International","Meinungen","Originalinhalt"],"inLanguage":"de"},{"@type":"WebPage","@id":"https:\/\/www.pressenza.com\/de\/2019\/11\/wir-brauchen-gewaltfreiheit\/","url":"https:\/\/www.pressenza.com\/de\/2019\/11\/wir-brauchen-gewaltfreiheit\/","name":"Wir brauchen Gewaltfreiheit","isPartOf":{"@id":"https:\/\/www.pressenza.com\/de\/#website"},"primaryImageOfPage":{"@id":"https:\/\/www.pressenza.com\/de\/2019\/11\/wir-brauchen-gewaltfreiheit\/#primaryimage"},"image":{"@id":"https:\/\/www.pressenza.com\/de\/2019\/11\/wir-brauchen-gewaltfreiheit\/#primaryimage"},"thumbnailUrl":"https:\/\/www.pressenza.com\/wp-content\/uploads\/2018\/10\/FI-nonviolenza-cover.jpg","datePublished":"2019-11-10T14:46:21+00:00","dateModified":"2019-11-12T10:51:52+00:00","description":"Gewaltfreiheit als L\u00f6sung der Probleme unserer heutigen Zeit","breadcrumb":{"@id":"https:\/\/www.pressenza.com\/de\/2019\/11\/wir-brauchen-gewaltfreiheit\/#breadcrumb"},"inLanguage":"de","potentialAction":[{"@type":"ReadAction","target":["https:\/\/www.pressenza.com\/de\/2019\/11\/wir-brauchen-gewaltfreiheit\/"]}]},{"@type":"ImageObject","inLanguage":"de","@id":"https:\/\/www.pressenza.com\/de\/2019\/11\/wir-brauchen-gewaltfreiheit\/#primaryimage","url":"https:\/\/www.pressenza.com\/wp-content\/uploads\/2018\/10\/FI-nonviolenza-cover.jpg","contentUrl":"https:\/\/www.pressenza.com\/wp-content\/uploads\/2018\/10\/FI-nonviolenza-cover.jpg","width":750,"height":499,"caption":"Gewaltfreiheit als L\u00f6sung der Probleme der heutigen Zeit"},{"@type":"BreadcrumbList","@id":"https:\/\/www.pressenza.com\/de\/2019\/11\/wir-brauchen-gewaltfreiheit\/#breadcrumb","itemListElement":[{"@type":"ListItem","position":1,"name":"Accueil","item":"https:\/\/www.pressenza.com\/de\/"},{"@type":"ListItem","position":2,"name":"Wir brauchen Gewaltfreiheit"}]},{"@type":"WebSite","@id":"https:\/\/www.pressenza.com\/de\/#website","url":"https:\/\/www.pressenza.com\/de\/","name":"Pressenza","description":"International Press Agency","publisher":{"@id":"https:\/\/www.pressenza.com\/de\/#organization"},"potentialAction":[{"@type":"SearchAction","target":{"@type":"EntryPoint","urlTemplate":"https:\/\/www.pressenza.com\/de\/?s={search_term_string}"},"query-input":{"@type":"PropertyValueSpecification","valueRequired":true,"valueName":"search_term_string"}}],"inLanguage":"de"},{"@type":"Organization","@id":"https:\/\/www.pressenza.com\/de\/#organization","name":"Pressenza","url":"https:\/\/www.pressenza.com\/de\/","logo":{"@type":"ImageObject","inLanguage":"de","@id":"https:\/\/www.pressenza.com\/de\/#\/schema\/logo\/image\/","url":"https:\/\/www.pressenza.com\/wp-content\/uploads\/2022\/10\/pressenza_logo_200x200.jpg","contentUrl":"https:\/\/www.pressenza.com\/wp-content\/uploads\/2022\/10\/pressenza_logo_200x200.jpg","width":200,"height":200,"caption":"Pressenza"},"image":{"@id":"https:\/\/www.pressenza.com\/de\/#\/schema\/logo\/image\/"},"sameAs":["https:\/\/www.facebook.com\/PressenzaItalia","https:\/\/x.com\/PressenzaIPA"]},{"@type":"Person","@id":"https:\/\/www.pressenza.com\/de\/#\/schema\/person\/636f8feb51f63f34e7378d5fcdd1de53","name":"Olivier Turquet","description":"Takes care of writing to tell the reality for about 40 years. He has worked with paper publications, radio and electronic He founded the electronic news agency humanist Good News. He was press secretary to various events such as: the International Humanist, Florence Play, the World March for Peace and Nonviolence. Currently coordinates the Italian team of Pressenza. olivierturquet.wordpress.com","sameAs":["http:\/\/olivierturquet.wordpress.com"],"url":"https:\/\/www.pressenza.com\/de\/author\/olivier-turquet\/"}]}},"place":"","original_article_url":"","_links":{"self":[{"href":"https:\/\/www.pressenza.com\/de\/wp-json\/wp\/v2\/posts\/967650","targetHints":{"allow":["GET"]}}],"collection":[{"href":"https:\/\/www.pressenza.com\/de\/wp-json\/wp\/v2\/posts"}],"about":[{"href":"https:\/\/www.pressenza.com\/de\/wp-json\/wp\/v2\/types\/post"}],"author":[{"embeddable":true,"href":"https:\/\/www.pressenza.com\/de\/wp-json\/wp\/v2\/users\/10"}],"replies":[{"embeddable":true,"href":"https:\/\/www.pressenza.com\/de\/wp-json\/wp\/v2\/comments?post=967650"}],"version-history":[{"count":0,"href":"https:\/\/www.pressenza.com\/de\/wp-json\/wp\/v2\/posts\/967650\/revisions"}],"wp:featuredmedia":[{"embeddable":true,"href":"https:\/\/www.pressenza.com\/de\/wp-json\/wp\/v2\/media\/729969"}],"wp:attachment":[{"href":"https:\/\/www.pressenza.com\/de\/wp-json\/wp\/v2\/media?parent=967650"}],"wp:term":[{"taxonomy":"category","embeddable":true,"href":"https:\/\/www.pressenza.com\/de\/wp-json\/wp\/v2\/categories?post=967650"},{"taxonomy":"post_tag","embeddable":true,"href":"https:\/\/www.pressenza.com\/de\/wp-json\/wp\/v2\/tags?post=967650"}],"curies":[{"name":"wp","href":"https:\/\/api.w.org\/{rel}","templated":true}]}}