{"id":943269,"date":"2019-10-13T13:41:09","date_gmt":"2019-10-13T12:41:09","guid":{"rendered":"https:\/\/www.pressenza.com\/?p=943269"},"modified":"2019-10-13T13:56:00","modified_gmt":"2019-10-13T12:56:00","slug":"premiere-von-der-anfang-vom-ende-der-atomwaffen-in-madrid","status":"publish","type":"post","link":"https:\/\/www.pressenza.com\/de\/2019\/10\/premiere-von-der-anfang-vom-ende-der-atomwaffen-in-madrid\/","title":{"rendered":"Premiere von \u201eDer Anfang vom Ende der Atomwaffen\u201c in Madrid"},"content":{"rendered":"<p><strong>Am 23. September wurde, wie angek\u00fcndigt, der Dokumentarfilm \u201eDer Anfang vom Ende der Atomwaffen\u201c in Spanien, Madrid, im historischen Cine Dore vor mehr als 230 Besucher uraufgef\u00fchrt. Das Ereignis wurde von Pressenza organisiert, dem Filmproduzenten sowie von ICAN, die eine Partnerorganisation unserer Agentur ist.<\/strong><\/p>\n<p>Den Rahmen bildeten die anstehenden Feierlichkeiten f\u00fcr Pressenzas zehnten Geburtstag und somit wurde die M\u00f6glichkeit genutzt \u00fcber die Urspr\u00fcnge unseres Journalismus-Projekts f\u00fcr Frieden und Gewaltfreiheit zu sprechen, welches von Freiwilligen durchgef\u00fchrt wird, von denen die meisten Aktivisten sind. Dies erkl\u00e4rt auch, warum wir Dokumentationen wie \u201eDer Anfang vom Ende der Atomwaffen\u201c produzieren. Eine Dokumentation, die zum Ziel hat, die weltweiten Bem\u00fchungen um Unterschriften zum Verbot von Nuklearwaffen zu unterst\u00fctzen, indem die Bev\u00f6lkerung vor den Gefahren gewarnt wird in denen sie leben und um eine B\u00fcrgerbewegung zu erreichen, die zur Abschaffung solcher Waffen f\u00fchrt.<\/p>\n<p><img loading=\"lazy\" decoding=\"async\" class=\"aligncenter wp-image-926256\" src=\"https:\/\/www.pressenza.com\/wp-content\/uploads\/2019\/09\/El-principio-del-fin-de-las-armas-nucleares_Cine-Dor\u00e9_Madrid_23092019-ARIEL-BROCCHIERI-34-720x481.jpg\" alt=\"\" width=\"728\" height=\"486\" srcset=\"https:\/\/www.pressenza.com\/wp-content\/uploads\/2019\/09\/El-principio-del-fin-de-las-armas-nucleares_Cine-Dor\u00e9_Madrid_23092019-ARIEL-BROCCHIERI-34-720x481.jpg 720w, https:\/\/www.pressenza.com\/wp-content\/uploads\/2019\/09\/El-principio-del-fin-de-las-armas-nucleares_Cine-Dor\u00e9_Madrid_23092019-ARIEL-BROCCHIERI-34-300x200.jpg 300w, https:\/\/www.pressenza.com\/wp-content\/uploads\/2019\/09\/El-principio-del-fin-de-las-armas-nucleares_Cine-Dor\u00e9_Madrid_23092019-ARIEL-BROCCHIERI-34-768x513.jpg 768w, https:\/\/www.pressenza.com\/wp-content\/uploads\/2019\/09\/El-principio-del-fin-de-las-armas-nucleares_Cine-Dor\u00e9_Madrid_23092019-ARIEL-BROCCHIERI-34.jpg 2048w\" sizes=\"auto, (max-width: 728px) 100vw, 728px\" \/><\/p>\n<p>Den ersten Teil der Pr\u00e4sentation gestalteten der Direktor des Films, \u00c1lvaro Or\u00fas, der Produzent Tony Robinson, der London f\u00fcr einige Stunden verlie\u00df, um an der Premiere teilzunehmen, und David Bazo, der die Filmmusik produzierte.<\/p>\n<p>\u00c1lvaro Or\u00fas betonte die nukleare Gefahr, in welcher wir unwissend leben und die Notwendigkeit \u00f6ffentliches Bewusstsein zu schaffen, w\u00e4hrend er das Interesse betonte mit dem Film Hoffnung zu wecken. Tony Robinson unterstrich den Wert und die Effektivit\u00e4t von gewaltlosen Aktionen zur Konfliktbeseitigung. Schlie\u00dflich wies David Bazo auf die Momente hin, in denen er sich f\u00fcr Stille anstatt Musik entschieden hatte, sodass der Zuschauer sich voll auf das Gezeigte konzentrieren k\u00f6nne, da es f\u00fcr sich selbst spreche. Or\u00fas und Robinson ermutigten alle anwesenden Organisationen und Einzelpersonen die Dokumentation zu nutzen, um die dringende Notwendigkeit zur nuklearen Abr\u00fcstung zu verbreiten.<\/p>\n<div class=\"post-gallery\">\n\t\t\t<figure class=\"post-gallery-item\">\n\t\t\t\t<img decoding=\"async\" src=\"https:\/\/www.pressenza.com\/wp-content\/uploads\/2019\/09\/El-principio-del-fin-de-las-armas-nucleares_Cine-Dor\u00e9_Madrid_23092019-ARIEL-BROCCHIERI-35-720x481.jpg\" loading=\"lazy\">\n\t\t\t\t<figcaption>\n\t\t\t\t\tPresentaci\u00f3n El Principio del Fin de las Armas Nucleares\n\t\t\t\t<\/figcaption>\n\t\t\t<\/figure>\n\t\t\t<figure class=\"post-gallery-item\">\n\t\t\t\t<img decoding=\"async\" src=\"https:\/\/www.pressenza.com\/wp-content\/uploads\/2019\/09\/El-principio-del-fin-de-las-armas-nucleares_Cine-Dor\u00e9_Madrid_23092019-ARIEL-BROCCHIERI-33-720x481.jpg\" loading=\"lazy\">\n\t\t\t\t<figcaption>\n\t\t\t\t\tPresentaci\u00f3n El Principio del Fin de las Armas Nucleares\n\t\t\t\t<\/figcaption>\n\t\t\t<\/figure>\n\t\t\t<figure class=\"post-gallery-item\">\n\t\t\t\t<img decoding=\"async\" src=\"https:\/\/www.pressenza.com\/wp-content\/uploads\/2019\/09\/El-principio-del-fin-de-las-armas-nucleares_Cine-Dor\u00e9_Madrid_23092019-ARIEL-BROCCHIERI-15-720x481.jpg\" loading=\"lazy\">\n\t\t\t\t<figcaption>\n\t\t\t\t\tPresentaci\u00f3n El Principio del Fin de las Armas Nucleares\n\t\t\t\t<\/figcaption>\n\t\t\t<\/figure>\n\t\t\t<figure class=\"post-gallery-item\">\n\t\t\t\t<img decoding=\"async\" src=\"https:\/\/www.pressenza.com\/wp-content\/uploads\/2019\/09\/El-principio-del-fin-de-las-armas-nucleares_Cine-Dor\u00e9_Madrid_23092019-ARIEL-BROCCHIERI-14-720x487.jpg\" loading=\"lazy\">\n\t\t\t\t<figcaption>\n\t\t\t\t\tPresentaci\u00f3n El Principio del Fin de las Armas Nucleares\n\t\t\t\t<\/figcaption>\n\t\t\t<\/figure><\/div>\n<p>Danach wurde den anwesenden Botschaften, Organisationen aus den verschiedensten Bereichen und der gesamten \u00d6ffentlichkeit gedankt, die f\u00fcr diese Veranstaltung angereist waren. Danach folgte die Vorf\u00fchrung des Dokumentarfilms <em>(<a href=\"https:\/\/www.youtube.com\/watch?v=xmSNND0oJ1E\" target=\"_blank\" rel=\"noopener\">deutschsprachiger Trailer<\/a><\/em>).<\/p>\n<p><img loading=\"lazy\" decoding=\"async\" class=\"aligncenter size-large wp-image-926130\" src=\"https:\/\/www.pressenza.com\/wp-content\/uploads\/2019\/09\/El-principio-del-fin-de-las-armas-nucleares_Cine-Dor\u00e9_Madrid_23092019-ARIEL-BROCCHIERI-13-720x481.jpg\" alt=\"\" width=\"720\" height=\"481\" srcset=\"https:\/\/www.pressenza.com\/wp-content\/uploads\/2019\/09\/El-principio-del-fin-de-las-armas-nucleares_Cine-Dor\u00e9_Madrid_23092019-ARIEL-BROCCHIERI-13-720x481.jpg 720w, https:\/\/www.pressenza.com\/wp-content\/uploads\/2019\/09\/El-principio-del-fin-de-las-armas-nucleares_Cine-Dor\u00e9_Madrid_23092019-ARIEL-BROCCHIERI-13-300x200.jpg 300w, https:\/\/www.pressenza.com\/wp-content\/uploads\/2019\/09\/El-principio-del-fin-de-las-armas-nucleares_Cine-Dor\u00e9_Madrid_23092019-ARIEL-BROCCHIERI-13-768x513.jpg 768w, https:\/\/www.pressenza.com\/wp-content\/uploads\/2019\/09\/El-principio-del-fin-de-las-armas-nucleares_Cine-Dor\u00e9_Madrid_23092019-ARIEL-BROCCHIERI-13.jpg 2048w\" sizes=\"auto, (max-width: 720px) 100vw, 720px\" \/><\/p>\n<p>Im zweiten Teil des Events koordinierte Juana Perez Montero, Leiterin von Pressenza in Madrid, ein Gespr\u00e4ch zum Thema<strong> \u201eWie man eine B\u00fcrgerbewegung zur nuklearen Abr\u00fcstung aufbaut\u201c<\/strong>, dem Aufruf am Ende der Dokumentation folgend.<\/p>\n<p>In dem Gespr\u00e4ch wurde Bezug genommen auf die Stille, die das Thema umgibt trotz der Gefahr, in welcher wir leben und die Notwendigkeit diese zu durchbrechen. dabei wurden verschiedene Vorschl\u00e4ge gemacht, um dieses Ziel zu erreichen, unter anderem dass sich Institutionen, politische Parteien und soziale Organisationen dazu verpflichten. Aber auch, dass bedeutende Bewegungen, wie die feministische \u00a0oder die Klimabewegung, in enger Beziehung zu Krieg und Nuklearwaffen dasselbe tun.<\/p>\n<p><img loading=\"lazy\" decoding=\"async\" class=\"aligncenter size-large wp-image-926094\" src=\"https:\/\/www.pressenza.com\/wp-content\/uploads\/2019\/09\/El-principio-del-fin-de-las-armas-nucleares_Cine-Dor\u00e9_Madrid_23092019-ARIEL-BROCCHIERI-9-720x481.jpg\" alt=\"\" width=\"720\" height=\"481\" srcset=\"https:\/\/www.pressenza.com\/wp-content\/uploads\/2019\/09\/El-principio-del-fin-de-las-armas-nucleares_Cine-Dor\u00e9_Madrid_23092019-ARIEL-BROCCHIERI-9-720x481.jpg 720w, https:\/\/www.pressenza.com\/wp-content\/uploads\/2019\/09\/El-principio-del-fin-de-las-armas-nucleares_Cine-Dor\u00e9_Madrid_23092019-ARIEL-BROCCHIERI-9-300x200.jpg 300w, https:\/\/www.pressenza.com\/wp-content\/uploads\/2019\/09\/El-principio-del-fin-de-las-armas-nucleares_Cine-Dor\u00e9_Madrid_23092019-ARIEL-BROCCHIERI-9-768x513.jpg 768w, https:\/\/www.pressenza.com\/wp-content\/uploads\/2019\/09\/El-principio-del-fin-de-las-armas-nucleares_Cine-Dor\u00e9_Madrid_23092019-ARIEL-BROCCHIERI-9.jpg 2048w\" sizes=\"auto, (max-width: 720px) 100vw, 720px\" \/><\/p>\n<blockquote><p><strong>Ubaldo Garcia: &#8222;Costa Rica hat der Welt durch die Abschaffung der Armee den Frieden erkl\u00e4rt.&#8220;<\/strong><\/p><\/blockquote>\n<p><img loading=\"lazy\" decoding=\"async\" class=\"aligncenter size-large wp-image-926103\" src=\"https:\/\/www.pressenza.com\/wp-content\/uploads\/2019\/09\/El-principio-del-fin-de-las-armas-nucleares_Cine-Dor\u00e9_Madrid_23092019-ARIEL-BROCCHIERI-10-720x580.jpg\" alt=\"\" width=\"720\" height=\"580\" srcset=\"https:\/\/www.pressenza.com\/wp-content\/uploads\/2019\/09\/El-principio-del-fin-de-las-armas-nucleares_Cine-Dor\u00e9_Madrid_23092019-ARIEL-BROCCHIERI-10-720x580.jpg 720w, https:\/\/www.pressenza.com\/wp-content\/uploads\/2019\/09\/El-principio-del-fin-de-las-armas-nucleares_Cine-Dor\u00e9_Madrid_23092019-ARIEL-BROCCHIERI-10-300x242.jpg 300w, https:\/\/www.pressenza.com\/wp-content\/uploads\/2019\/09\/El-principio-del-fin-de-las-armas-nucleares_Cine-Dor\u00e9_Madrid_23092019-ARIEL-BROCCHIERI-10-768x619.jpg 768w, https:\/\/www.pressenza.com\/wp-content\/uploads\/2019\/09\/El-principio-del-fin-de-las-armas-nucleares_Cine-Dor\u00e9_Madrid_23092019-ARIEL-BROCCHIERI-10.jpg 2048w\" sizes=\"auto, (max-width: 720px) 100vw, 720px\" \/><\/p>\n<p>Im Gespr\u00e4ch beantwortete Ubaldo Garcia Ruiz von der spanischen Botschaft in Madrid die Frage zur Rolle seines Landes als Beispiel f\u00fcr Frieden und dem Prozess, der zum Verbot von Nuklearwaffen gef\u00fchrt hatte. Garcia Ruiz sagte, \u201eUnser Land hat der Welt vor siebzig Jahren seinen Frieden erkl\u00e4rt indem es die Armee abschaffte. Nicht nur durch unsere Anti-Kriegspolitik, sondern auch weil wir sicher sind, dass durch Bereitstellen von Geldern, welche andere L\u00e4nder zur Waffenproduktion nutzen, die internationalen Beziehungen beschleunigt werden k\u00f6nnen und somit gro\u00dfe Teile der Weltarmut und des Welthungers beseitigt werden k\u00f6nnten. Das Verbreiten solcher Themen [wie der Atomwaffenverbotsvertrag] liegt in unseren Genen.\u201c<\/p>\n<blockquote><p><strong>Joaqu\u00edn L\u00f3pez: &#8222;Spanien hat Gesetze zugunsten der atomaren Abr\u00fcstung erlassen, das ist ein Vorteil gegen\u00fcber anderen L\u00e4ndern&#8220;.<em><br \/>\n<\/em><\/strong><\/p><\/blockquote>\n<p><img loading=\"lazy\" decoding=\"async\" class=\"aligncenter size-large wp-image-926085\" src=\"https:\/\/www.pressenza.com\/wp-content\/uploads\/2019\/09\/El-principio-del-fin-de-las-armas-nucleares_Cine-Dor\u00e9_Madrid_23092019-ARIEL-BROCCHIERI-8-720x481.jpg\" alt=\"\" width=\"720\" height=\"481\" srcset=\"https:\/\/www.pressenza.com\/wp-content\/uploads\/2019\/09\/El-principio-del-fin-de-las-armas-nucleares_Cine-Dor\u00e9_Madrid_23092019-ARIEL-BROCCHIERI-8-720x481.jpg 720w, https:\/\/www.pressenza.com\/wp-content\/uploads\/2019\/09\/El-principio-del-fin-de-las-armas-nucleares_Cine-Dor\u00e9_Madrid_23092019-ARIEL-BROCCHIERI-8-300x200.jpg 300w, https:\/\/www.pressenza.com\/wp-content\/uploads\/2019\/09\/El-principio-del-fin-de-las-armas-nucleares_Cine-Dor\u00e9_Madrid_23092019-ARIEL-BROCCHIERI-8-768x513.jpg 768w, https:\/\/www.pressenza.com\/wp-content\/uploads\/2019\/09\/El-principio-del-fin-de-las-armas-nucleares_Cine-Dor\u00e9_Madrid_23092019-ARIEL-BROCCHIERI-8.jpg 2048w\" sizes=\"auto, (max-width: 720px) 100vw, 720px\" \/><\/p>\n<p>Joaquin Lopez, Leiter des Zentrums f\u00fcr Studien des internationalen Menschengesetzes and Menschenrechte des Spanischen Roten Kreuzes, sagte, dass die Vorteile f\u00fcr Spanien darin bestehen, dass bereits in 2014 zwei nicht-legislative Vorschl\u00e4ge der gro\u00dfen politischen Parteien genehmigt wurden, in welchen \u201edie Regierung dringend darum gebeten wurde, die internationale Initiative zum Nuklearwaffenverbot zu unterst\u00fctzen.\u201c 2015 wurde das Strafgesetz ge\u00e4ndert, indem strafrechtliche Sanktionen gegen die Benutzung von Nuklearwaffen aufgestellt wurden, \u201edas Abkommen schon vorwegnehmend.\u201c<\/p>\n<blockquote><p><strong>Carmen Magall\u00f3n: &#8222;So wie die Atombombe eine kritische Masse braucht, braucht man heute einen kritischen Willen&#8230;. um diesen Wahnsinn zu stoppen.&#8220;<\/strong><\/p><\/blockquote>\n<p><img loading=\"lazy\" decoding=\"async\" class=\"aligncenter size-large wp-image-926076\" src=\"https:\/\/www.pressenza.com\/wp-content\/uploads\/2019\/09\/El-principio-del-fin-de-las-armas-nucleares_Cine-Dor\u00e9_Madrid_23092019-ARIEL-BROCCHIERI-7-720x481.jpg\" alt=\"\" width=\"720\" height=\"481\" srcset=\"https:\/\/www.pressenza.com\/wp-content\/uploads\/2019\/09\/El-principio-del-fin-de-las-armas-nucleares_Cine-Dor\u00e9_Madrid_23092019-ARIEL-BROCCHIERI-7-720x481.jpg 720w, https:\/\/www.pressenza.com\/wp-content\/uploads\/2019\/09\/El-principio-del-fin-de-las-armas-nucleares_Cine-Dor\u00e9_Madrid_23092019-ARIEL-BROCCHIERI-7-300x200.jpg 300w, https:\/\/www.pressenza.com\/wp-content\/uploads\/2019\/09\/El-principio-del-fin-de-las-armas-nucleares_Cine-Dor\u00e9_Madrid_23092019-ARIEL-BROCCHIERI-7-768x513.jpg 768w, https:\/\/www.pressenza.com\/wp-content\/uploads\/2019\/09\/El-principio-del-fin-de-las-armas-nucleares_Cine-Dor\u00e9_Madrid_23092019-ARIEL-BROCCHIERI-7.jpg 2048w\" sizes=\"auto, (max-width: 720px) 100vw, 720px\" \/><\/p>\n<p>Carmen Magallon, Pr\u00e4sidentin des Internationalen Frauenbundes f\u00fcr Frieden und Freiheit Spanien, erkl\u00e4rte das Projekt \u201eReaching Critical Will\u201c, welches sie in ihrer Organisation entwickeln als eine Metapher: \u201eSo wie die Atombombe eine kritische Masse braucht, brauchen wir nun einen kritischen Willen, um Menschen dazu zubringen das Thema wieder in die Hand zu nehmen und wie in den 1980ern den Wahnsinn zu stoppen.\u201c<\/p>\n<p>Im Hinblick auf die wichtige Rolle der Frauen im Kampf f\u00fcr nukleare Abr\u00fcstung und wie die derzeitige feministische Bewegung zur Verteidigung dieses Themas beitragen kann, erkl\u00e4rte Magallon, dass \u201ewir dazu erzogen wurden, uns zu k\u00fcmmern und wir halten das f\u00fcr wichtig und Nuklearwaffen zerst\u00f6ren es aber wir wollen nicht nur Frauen sein, wir wollen Achtsamkeit verallgemeinern,\u201c und sp\u00e4ter f\u00fcgte sie hinzu, dass es f\u00fcr die weltweite feministische Bewegung sehr wichtig w\u00e4re, den Kampf ebenfalls zu involvieren.<\/p>\n<blockquote><p><strong>Pedro Arrojo: &#8222;Spanien hat den Atomwaffenverbotsvertrag aus Mangel an politischem Willen nicht unterzeichnet&#8220;.<\/strong><\/p><\/blockquote>\n<p><img loading=\"lazy\" decoding=\"async\" class=\"aligncenter size-large wp-image-926067\" src=\"https:\/\/www.pressenza.com\/wp-content\/uploads\/2019\/09\/El-principio-del-fin-de-las-armas-nucleares_Cine-Dor\u00e9_Madrid_23092019-ARIEL-BROCCHIERI-6-720x481.jpg\" alt=\"\" width=\"720\" height=\"481\" srcset=\"https:\/\/www.pressenza.com\/wp-content\/uploads\/2019\/09\/El-principio-del-fin-de-las-armas-nucleares_Cine-Dor\u00e9_Madrid_23092019-ARIEL-BROCCHIERI-6-720x481.jpg 720w, https:\/\/www.pressenza.com\/wp-content\/uploads\/2019\/09\/El-principio-del-fin-de-las-armas-nucleares_Cine-Dor\u00e9_Madrid_23092019-ARIEL-BROCCHIERI-6-300x200.jpg 300w, https:\/\/www.pressenza.com\/wp-content\/uploads\/2019\/09\/El-principio-del-fin-de-las-armas-nucleares_Cine-Dor\u00e9_Madrid_23092019-ARIEL-BROCCHIERI-6-768x513.jpg 768w, https:\/\/www.pressenza.com\/wp-content\/uploads\/2019\/09\/El-principio-del-fin-de-las-armas-nucleares_Cine-Dor\u00e9_Madrid_23092019-ARIEL-BROCCHIERI-6.jpg 2048w\" sizes=\"auto, (max-width: 720px) 100vw, 720px\" \/><\/p>\n<p>&nbsp;<\/p>\n<p>Pedro Arrojo, Umwelt- und Anti-Gewalt-Aktivist und ehemaliger Stellvertreter von Podemos, war daf\u00fcr verantwortlich, dass fast 100 Unterschriften von spanischen Abgeordneten zugunsten des Abkommens gesammelt wurden. Nachdem er kurz die starke Friedensbewegung der 1980er Jahre beschrieb, als es aus verschiedenen Gr\u00fcnden noch \u201eleichter\u201c war, erkl\u00e4rte er wie die Sozialistische Arbeiterpartei \u00a0und Unidos Podemos das Programmabkommen Mitte 2018 unterschrieben hatten, wobei sich die Sozialistische Arbeiterpartei mit Unidos Podemos dazu verpflichtete zu unterschreiben und dem Abkommen zuzustimmen. Was Pedro Sanchez Regierung nicht respektiert und ausgef\u00fchrt hat aufgrund eines klaren Mangels an politischem Willen. Dabei akzeptierte sie den Druck der USA und der NATO, da es &#8222;wie in den ICAN-Berichten gezeigt&#8220; keine rechtlichen Gr\u00fcnde gibt, es zu verhindern. In Bezug auf verschiedene Kampagnen, die zur F\u00f6rderung des Vertrags zum Verbot von Atomwaffen entwickelt werden, sprach Arrojo neben dem Engagement der Parlamentarier auch vom Appell der St\u00e4dte an die Regierungen, den Verbotsvertrag zu unterzeichnen und zu ratifizieren oder die Unterst\u00fctzung des Atomwaffenverbotes durch den II. Weltmarsch f\u00fcr Frieden und Gewaltfreiheit, der am 2. Oktober in Madrid beginnen wird.<\/p>\n<p><strong>Kampagne zur Desinvestition in Kernwaffen<\/strong><\/p>\n<p>Juana P\u00e9rez M. erinnerte an die Desinvestitionskampagne f\u00fcr Atomwaffen, die in verschiedenen L\u00e4ndern (in Spanien im Rahmen der Kampagne f\u00fcr bewaffnete Banken) durchgef\u00fchrt wird, und forderte die Anwesenden auf, von den Banken, mit denen sie zusammenarbeiten, ihren Stadtr\u00e4ten zu verlangen keine Investitionen in Atomwaffen zu t\u00e4tigen und andernfalls ihre Ersparnisse von diesen Unternehmen abzuziehen oder von den Institutionen zu verlangen, die Investitionen in diese Unternehmen abzuziehen.<\/p>\n<blockquote><p><strong>Felipe Llamas: &#8222;Wir bleiben dem St\u00e4dteabkommen und dem Aufbau einer Kultur des Friedens und der Gewaltlosigkeit verpflichtet&#8220;.<\/strong><\/p><\/blockquote>\n<p><img loading=\"lazy\" decoding=\"async\" class=\"aligncenter size-large wp-image-926058\" src=\"https:\/\/www.pressenza.com\/wp-content\/uploads\/2019\/09\/El-principio-del-fin-de-las-armas-nucleares_Cine-Dor\u00e9_Madrid_23092019-ARIEL-BROCCHIERI-5-720x481.jpg\" alt=\"\" width=\"720\" height=\"481\" srcset=\"https:\/\/www.pressenza.com\/wp-content\/uploads\/2019\/09\/El-principio-del-fin-de-las-armas-nucleares_Cine-Dor\u00e9_Madrid_23092019-ARIEL-BROCCHIERI-5-720x481.jpg 720w, https:\/\/www.pressenza.com\/wp-content\/uploads\/2019\/09\/El-principio-del-fin-de-las-armas-nucleares_Cine-Dor\u00e9_Madrid_23092019-ARIEL-BROCCHIERI-5-300x200.jpg 300w, https:\/\/www.pressenza.com\/wp-content\/uploads\/2019\/09\/El-principio-del-fin-de-las-armas-nucleares_Cine-Dor\u00e9_Madrid_23092019-ARIEL-BROCCHIERI-5-768x513.jpg 768w, https:\/\/www.pressenza.com\/wp-content\/uploads\/2019\/09\/El-principio-del-fin-de-las-armas-nucleares_Cine-Dor\u00e9_Madrid_23092019-ARIEL-BROCCHIERI-5.jpg 2048w\" sizes=\"auto, (max-width: 720px) 100vw, 720px\" \/><\/p>\n<p>Felipe Llamas, Berater von M\u00e1s Madrid im Stadtrat, der bei den Gespr\u00e4chen zwischen ICAN und der damaligen B\u00fcrgermeisterin Manuela Carmena anwesend war und erl\u00e4uterte, dass der Stadtrates von Madrid aufgrund der fehlenden Mehrheit in der Kammer den Atomwaffenverbotsvertrag nicht endg\u00fcltig unterst\u00fctzte, aber es gab eine Zusage und sie besteht weiterhin und wir werden weiter daf\u00fcr arbeiten.&#8220;<\/p>\n<p>Lamas machte einen Vorschlag: die vielen Kriegsdenkm\u00e4ler in den St\u00e4dten in Denkm\u00e4ler f\u00fcr Frieden und Gewaltfreiheit zu verwandeln, die uns jeden Tag an die Kultur erinnern, nach der wir streben. Er nutzte die Gelegenheit, um daran zu erinnern, &#8222;dass die Regierung von Carmena den Ansto\u00df gegeben hat, den Aufbau dieser Kultur des Friedens und der Gewaltfreiheit in den St\u00e4dten zu f\u00f6rdern, indem sie die st\u00e4dtische Gewalt und ihre m\u00f6glichen L\u00f6sungen w\u00e4hrend der beiden Forumen \u00fcber urbane Gewalt studierte, welche in Madrid stattfanden und dessen n\u00e4chste Durchf\u00fchrungsort &#8211; wie er ank\u00fcndigte &#8211; in Mexiko sein wird&#8220;.<\/p>\n<blockquote><p><strong>\u00a0\u00a0\u00a0\u00a0 Txema Guijarro: &#8222;Heute, mit Figuren wie Trump, hat sich ein Fenster der M\u00f6glichkeiten ge\u00f6ffnet&#8230;. weil die Gefahr, in der wir leben, sehr deutlich ist&#8220;.<\/strong><\/p><\/blockquote>\n<p><img loading=\"lazy\" decoding=\"async\" class=\"aligncenter size-large wp-image-926049\" src=\"https:\/\/www.pressenza.com\/wp-content\/uploads\/2019\/09\/El-principio-del-fin-de-las-armas-nucleares_Cine-Dor\u00e9_Madrid_23092019-ARIEL-BROCCHIERI-4-720x481.jpg\" alt=\"\" width=\"720\" height=\"481\" srcset=\"https:\/\/www.pressenza.com\/wp-content\/uploads\/2019\/09\/El-principio-del-fin-de-las-armas-nucleares_Cine-Dor\u00e9_Madrid_23092019-ARIEL-BROCCHIERI-4-720x481.jpg 720w, https:\/\/www.pressenza.com\/wp-content\/uploads\/2019\/09\/El-principio-del-fin-de-las-armas-nucleares_Cine-Dor\u00e9_Madrid_23092019-ARIEL-BROCCHIERI-4-300x200.jpg 300w, https:\/\/www.pressenza.com\/wp-content\/uploads\/2019\/09\/El-principio-del-fin-de-las-armas-nucleares_Cine-Dor\u00e9_Madrid_23092019-ARIEL-BROCCHIERI-4-768x513.jpg 768w, https:\/\/www.pressenza.com\/wp-content\/uploads\/2019\/09\/El-principio-del-fin-de-las-armas-nucleares_Cine-Dor\u00e9_Madrid_23092019-ARIEL-BROCCHIERI-4.jpg 2048w\" sizes=\"auto, (max-width: 720px) 100vw, 720px\" \/><\/p>\n<p>Txema Guijarro, Mitglied von Unidas Podemos und Unterzeichner der parlamentarischen Zusage, schloss die Reden in dem er die Rolle der Parlamente bei der Unterzeichnung des Vertrags hervorhob und die Dringlichkeit der Abschaffung von Atomwaffen auf die Stra\u00dfe zu tragen.<\/p>\n<p>Neben dem Engagement, das er im vergangenen Jahr eingegangen sei, erkl\u00e4rte er, dass die aktuelle Krise im In- und Ausland &#8222;ein Fenster der M\u00f6glichkeiten&#8220; er\u00f6ffne. Auf der einen Seite haben wir den Druck der NATO auf die L\u00e4nder, um die Milit\u00e4rausgaben zu erh\u00f6hen, und auf der anderen Seite haben wir einen Mann wie Donald Trump, der unberechenbar ist und der die Atomkn\u00f6pfe kontrolliert. Wer sich durch diese Situation nicht beunruhigt f\u00fchlt, ist verr\u00fcckt!\u00a0 Wenn man sieht, dass ein sichtlich verwirrter Kerl, uns in diesen Wahnsinn zur\u00fcckbringt, in dem die einzige Botschaft ist, dass wir nur dann sicher sind, wenn wir bis an die Z\u00e4hne bewaffnet sind, ist das das Gegenteil von gesundem Menschenverstand.&#8220;<\/p>\n<p>Das Panel endete mit der Bitte an die Parteien, die Unterst\u00fctzung f\u00fcr die Unterzeichnung de Atomwaffenverbotsvertrages in ihr Wahlprogramm aufzunehmen und \u00f6ffentlich daf\u00fcr zu argumentiere, damit die gesamte Bev\u00f6lkerung informiert werden kann. Etwas, das allen Pers\u00f6nlichkeiten des \u00f6ffentlichen Lebens auf der B\u00fchne und im Raum nahegelegt wurde, sofern sie sich eindeutig zum Vertrag bekennen.<\/p>\n<div class=\"post-gallery\">\n\t\t\t<figure class=\"post-gallery-item\">\n\t\t\t\t<img decoding=\"async\" src=\"https:\/\/www.pressenza.com\/wp-content\/uploads\/2019\/09\/El-principio-del-fin-de-las-armas-nucleares_Cine-Dor\u00e9_Madrid_23092019-ARIEL-BROCCHIERI-36-720x481.jpg\" loading=\"lazy\">\n\t\t\t\t<figcaption>\n\t\t\t\t\tEstreno El principio del fin de las armas nucleares. Madrid. Cine Dor\u00e9 23\/09\/2019_ARIEL BROCCHIERI\n\t\t\t\t<\/figcaption>\n\t\t\t<\/figure>\n\t\t\t<figure class=\"post-gallery-item\">\n\t\t\t\t<img decoding=\"async\" src=\"https:\/\/www.pressenza.com\/wp-content\/uploads\/2019\/09\/El-principio-del-fin-de-las-armas-nucleares_Cine-Dor\u00e9_Madrid_23092019-ARIEL-BROCCHIERI-25-720x481.jpg\" loading=\"lazy\">\n\t\t\t\t<figcaption>\n\t\t\t\t\tEstreno El principio del fin de las armas nucleares. Madrid. Cine Dor\u00e9 23\/09\/2019_ARIEL BROCCHIERI\n\t\t\t\t<\/figcaption>\n\t\t\t<\/figure>\n\t\t\t<figure class=\"post-gallery-item\">\n\t\t\t\t<img decoding=\"async\" src=\"https:\/\/www.pressenza.com\/wp-content\/uploads\/2019\/09\/El-principio-del-fin-de-las-armas-nucleares_Cine-Dor\u00e9_Madrid_23092019-ARIEL-BROCCHIERI-24-720x481.jpg\" loading=\"lazy\">\n\t\t\t\t<figcaption>\n\t\t\t\t\tEstreno El principio del fin de las armas nucleares. Madrid. Cine Dor\u00e9 23\/09\/2019_ARIEL BROCCHIERI\n\t\t\t\t<\/figcaption>\n\t\t\t<\/figure>\n\t\t\t<figure class=\"post-gallery-item\">\n\t\t\t\t<img decoding=\"async\" src=\"https:\/\/www.pressenza.com\/wp-content\/uploads\/2019\/09\/El-principio-del-fin-de-las-armas-nucleares_Cine-Dor\u00e9_Madrid_23092019-ARIEL-BROCCHIERI-23-720x481.jpg\" loading=\"lazy\">\n\t\t\t\t<figcaption>\n\t\t\t\t\tEstreno El principio del fin de las armas nucleares. Madrid. Cine Dor\u00e9 23\/09\/2019_ARIEL BROCCHIERI\n\t\t\t\t<\/figcaption>\n\t\t\t<\/figure>\n\t\t\t<figure class=\"post-gallery-item\">\n\t\t\t\t<img decoding=\"async\" src=\"https:\/\/www.pressenza.com\/wp-content\/uploads\/2019\/09\/El-principio-del-fin-de-las-armas-nucleares_Cine-Dor\u00e9_Madrid_23092019-ARIEL-BROCCHIERI-22-720x481.jpg\" loading=\"lazy\">\n\t\t\t\t<figcaption>\n\t\t\t\t\tEstreno El principio del fin de las armas nucleares. Madrid. Cine Dor\u00e9 23\/09\/2019_ARIEL BROCCHIERI\n\t\t\t\t<\/figcaption>\n\t\t\t<\/figure>\n\t\t\t<figure class=\"post-gallery-item\">\n\t\t\t\t<img decoding=\"async\" src=\"https:\/\/www.pressenza.com\/wp-content\/uploads\/2019\/09\/El-principio-del-fin-de-las-armas-nucleares_Cine-Dor\u00e9_Madrid_23092019-ARIEL-BROCCHIERI-21-720x481.jpg\" loading=\"lazy\">\n\t\t\t\t<figcaption>\n\t\t\t\t\tEstreno El principio del fin de las armas nucleares. Madrid. Cine Dor\u00e9 23\/09\/2019_ARIEL BROCCHIERI\n\t\t\t\t<\/figcaption>\n\t\t\t<\/figure>\n\t\t\t<figure class=\"post-gallery-item\">\n\t\t\t\t<img decoding=\"async\" src=\"https:\/\/www.pressenza.com\/wp-content\/uploads\/2019\/09\/El-principio-del-fin-de-las-armas-nucleares_Cine-Dor\u00e9_Madrid_23092019-ARIEL-BROCCHIERI-20-720x481.jpg\" loading=\"lazy\">\n\t\t\t\t<figcaption>\n\t\t\t\t\tEstreno El principio del fin de las armas nucleares. Madrid. Cine Dor\u00e9 23\/09\/2019_ARIEL BROCCHIERI\n\t\t\t\t<\/figcaption>\n\t\t\t<\/figure>\n\t\t\t<figure class=\"post-gallery-item\">\n\t\t\t\t<img decoding=\"async\" src=\"https:\/\/www.pressenza.com\/wp-content\/uploads\/2019\/09\/El-principio-del-fin-de-las-armas-nucleares_Cine-Dor\u00e9_Madrid_23092019-ARIEL-BROCCHIERI-19-720x481.jpg\" loading=\"lazy\">\n\t\t\t\t<figcaption>\n\t\t\t\t\tEstreno El principio del fin de las armas nucleares. Madrid. Cine Dor\u00e9 23\/09\/2019_ARIEL BROCCHIERI\n\t\t\t\t<\/figcaption>\n\t\t\t<\/figure>\n\t\t\t<figure class=\"post-gallery-item\">\n\t\t\t\t<img decoding=\"async\" src=\"https:\/\/www.pressenza.com\/wp-content\/uploads\/2019\/09\/El-principio-del-fin-de-las-armas-nucleares_Cine-Dor\u00e9_Madrid_23092019-ARIEL-BROCCHIERI-18-720x481.jpg\" loading=\"lazy\">\n\t\t\t\t<figcaption>\n\t\t\t\t\tEstreno El principio del fin de las armas nucleares. Madrid. Cine Dor\u00e9 23\/09\/2019_ARIEL BROCCHIERI\n\t\t\t\t<\/figcaption>\n\t\t\t<\/figure>\n\t\t\t<figure class=\"post-gallery-item\">\n\t\t\t\t<img decoding=\"async\" src=\"https:\/\/www.pressenza.com\/wp-content\/uploads\/2019\/09\/El-principio-del-fin-de-las-armas-nucleares_Cine-Dor\u00e9_Madrid_23092019-ARIEL-BROCCHIERI-17-720x481.jpg\" loading=\"lazy\">\n\t\t\t\t<figcaption>\n\t\t\t\t\tEstreno El principio del fin de las armas nucleares. Madrid. Cine Dor\u00e9 23\/09\/2019_ARIEL BROCCHIERI\n\t\t\t\t<\/figcaption>\n\t\t\t<\/figure>\n\t\t\t<figure class=\"post-gallery-item\">\n\t\t\t\t<img decoding=\"async\" src=\"https:\/\/www.pressenza.com\/wp-content\/uploads\/2019\/09\/El-principio-del-fin-de-las-armas-nucleares_Cine-Dor\u00e9_Madrid_23092019-ARIEL-BROCCHIERI-2-684x1024.jpg\" loading=\"lazy\">\n\t\t\t\t<figcaption>\n\t\t\t\t\tEstreno El principio del fin de las armas nucleares. Madrid. Cine Dor\u00e9 23\/09\/2019_ARIEL BROCCHIERI\n\t\t\t\t<\/figcaption>\n\t\t\t<\/figure>\n\t\t\t<figure class=\"post-gallery-item\">\n\t\t\t\t<img decoding=\"async\" src=\"https:\/\/www.pressenza.com\/wp-content\/uploads\/2019\/09\/El-principio-del-fin-de-las-armas-nucleares_Cine-Dor\u00e9_Madrid_23092019-ARIEL-BROCCHIERI-1-720x481.jpg\" loading=\"lazy\">\n\t\t\t\t<figcaption>\n\t\t\t\t\tEstreno El principio del fin de las armas nucleares. Madrid. Cine Dor\u00e9 23\/09\/2019_ARIEL BROCCHIERI\n\t\t\t\t<\/figcaption>\n\t\t\t<\/figure>\n\t\t\t<figure class=\"post-gallery-item\">\n\t\t\t\t<img decoding=\"async\" src=\"https:\/\/www.pressenza.com\/wp-content\/uploads\/2019\/09\/DSC_0533-720x481.jpg\" loading=\"lazy\">\n\t\t\t\t<figcaption>\n\t\t\t\t\tEstreno El principio del fin de las armas nucleares. Madrid. Cine Dor\u00e9 23\/09\/2019_ARIEL BROCCHIERI\n\t\t\t\t<\/figcaption>\n\t\t\t<\/figure>\n\t\t\t<figure class=\"post-gallery-item\">\n\t\t\t\t<img decoding=\"async\" src=\"https:\/\/www.pressenza.com\/wp-content\/uploads\/2019\/09\/DSC_0558-720x480.jpg\" loading=\"lazy\">\n\t\t\t\t<figcaption>\n\t\t\t\t\tEstreno El principio del fin de las armas nucleares. Madrid. Cine Dor\u00e9 23\/09\/2019_ARIEL BROCCHIERI\n\t\t\t\t<\/figcaption>\n\t\t\t<\/figure>\n\t\t\t<figure class=\"post-gallery-item\">\n\t\t\t\t<img decoding=\"async\" src=\"https:\/\/www.pressenza.com\/wp-content\/uploads\/2019\/09\/DSC_0579-720x481.jpg\" loading=\"lazy\">\n\t\t\t\t<figcaption>\n\t\t\t\t\tEstreno El principio del fin de las armas nucleares. Madrid. Cine Dor\u00e9 23\/09\/2019_ARIEL BROCCHIERI\n\t\t\t\t<\/figcaption>\n\t\t\t<\/figure>\n\t\t\t<figure class=\"post-gallery-item\">\n\t\t\t\t<img decoding=\"async\" src=\"https:\/\/www.pressenza.com\/wp-content\/uploads\/2019\/09\/DSC_0589-720x481.jpg\" loading=\"lazy\">\n\t\t\t\t<figcaption>\n\t\t\t\t\tEstreno El principio del fin de las armas nucleares. Madrid. Cine Dor\u00e9 23\/09\/2019_ARIEL BROCCHIERI\n\t\t\t\t<\/figcaption>\n\t\t\t<\/figure>\n\t\t\t<figure class=\"post-gallery-item\">\n\t\t\t\t<img decoding=\"async\" src=\"https:\/\/www.pressenza.com\/wp-content\/uploads\/2019\/09\/DSC_0595-720x481.jpg\" loading=\"lazy\">\n\t\t\t\t<figcaption>\n\t\t\t\t\tEstreno El principio del fin de las armas nucleares. Madrid. Cine Dor\u00e9 23\/09\/2019_ARIEL BROCCHIERI\n\t\t\t\t<\/figcaption>\n\t\t\t<\/figure><\/div>\n<p>Danach erhielt das Publikum das Wort, Menschen, die durch die Presse, social Media und unterschiedliche Organisationen von der Premiere erfahren haben.<\/p>\n<p>Die Veranstaltung schloss mit der klaren Botschaft, der dringenden Notwendigkeit, f\u00fcr die nukleare Abr\u00fcstung zu mobilisieren.<\/p>\n<p><strong><em>Fotos von Ariel Brocchieri und \u00fcbersetz aus dem Englischen von Natascha Kraft und Reto Thumiger aus dem ehrenamtlichen Pressenza-\u00dcbersetzungsteam erstellt. <a href=\"https:\/\/www.pressenza.com\/de\/mitarbeiten\/\">Wir suchen Freiwillige! <\/a><\/em><\/strong><\/p>\n<p>&nbsp;<\/p>\n","protected":false},"excerpt":{"rendered":"<p>Am 23. September wurde, wie angek\u00fcndigt, der Dokumentarfilm \u201eDer Anfang vom Ende der Atomwaffen\u201c in Spanien, Madrid, im historischen Cine Dore vor mehr als 230 Besucher uraufgef\u00fchrt. Das Ereignis wurde von Pressenza organisiert, dem Filmproduzenten sowie von ICAN, die eine&hellip;<\/p>\n","protected":false},"author":19,"featured_media":926622,"comment_status":"closed","ping_status":"closed","sticky":false,"template":"","format":"standard","meta":{"footnotes":""},"categories":[9167,7835,9156,11387],"tags":[52291,31127,11461,22375,48861,63039,16172,14669,9664],"class_list":["post-943269","post","type-post","status-publish","format-standard","has-post-thumbnail","hentry","category-frieden-und-abruestung","category-international-de","category-kultur-und-medien","category-originalinhalt","tag-10-jahre-pressenza","tag-alvaro-orus-de","tag-atomwaffenfreie-welt","tag-atomwaffenverbot","tag-atomwaffenverbotsvertrag","tag-der-anfang-vom-ende-der-atomwaffen","tag-dokumentarfilm","tag-ican-de","tag-madrid-de"],"yoast_head":"<!-- This site is optimized with the Yoast SEO plugin v27.1.1 - https:\/\/yoast.com\/product\/yoast-seo-wordpress\/ -->\n<title>Premiere von \u201eDer Anfang vom Ende der Atomwaffen\u201c in Madrid<\/title>\n<meta name=\"description\" content=\"Der Dokumentarfilm \u201eDer Anfang vom Ende der Atomwaffen\u201c wurde in Spanien, Madrid, im historischen Cine Dore vor mehr als 230 Besucher uraufgef\u00fchrt. Die Premiere wurde von Pressenza organisiert, dem Filmproduzenten sowie von ICAN, die eine Partnerorganisation unserer Agentur ist\" \/>\n<meta name=\"robots\" content=\"index, follow, max-snippet:-1, max-image-preview:large, max-video-preview:-1\" \/>\n<link rel=\"canonical\" href=\"https:\/\/www.pressenza.com\/de\/2019\/10\/premiere-von-der-anfang-vom-ende-der-atomwaffen-in-madrid\/\" \/>\n<meta property=\"og:locale\" content=\"de_DE\" \/>\n<meta property=\"og:type\" content=\"article\" \/>\n<meta property=\"og:title\" content=\"Premiere von \u201eDer Anfang vom Ende der Atomwaffen\u201c in Madrid\" \/>\n<meta property=\"og:description\" content=\"Der Dokumentarfilm \u201eDer Anfang vom Ende der Atomwaffen\u201c wurde in Spanien, Madrid, im historischen Cine Dore vor mehr als 230 Besucher uraufgef\u00fchrt. Die Premiere wurde von Pressenza organisiert, dem Filmproduzenten sowie von ICAN, die eine Partnerorganisation unserer Agentur ist\" \/>\n<meta property=\"og:url\" content=\"https:\/\/www.pressenza.com\/de\/2019\/10\/premiere-von-der-anfang-vom-ende-der-atomwaffen-in-madrid\/\" \/>\n<meta property=\"og:site_name\" content=\"Pressenza\" \/>\n<meta property=\"article:publisher\" content=\"https:\/\/www.facebook.com\/PressenzaItalia\" \/>\n<meta property=\"article:author\" content=\"https:\/\/www.facebook.com\/pressenza\" \/>\n<meta property=\"article:published_time\" content=\"2019-10-13T12:41:09+00:00\" \/>\n<meta property=\"article:modified_time\" content=\"2019-10-13T12:56:00+00:00\" \/>\n<meta property=\"og:image\" content=\"https:\/\/www.pressenza.com\/wp-content\/uploads\/2019\/09\/Estreno-fin-armas-nucleares-Madrid-Ariel-Brocchieri.jpg\" \/>\n\t<meta property=\"og:image:width\" content=\"1024\" \/>\n\t<meta property=\"og:image:height\" content=\"683\" \/>\n\t<meta property=\"og:image:type\" content=\"image\/jpeg\" \/>\n<meta name=\"author\" content=\"Pressenza IPA\" \/>\n<meta name=\"twitter:card\" content=\"summary_large_image\" \/>\n<meta name=\"twitter:creator\" content=\"@PressenzaIPA\" \/>\n<meta name=\"twitter:site\" content=\"@PressenzaIPA\" \/>\n<meta name=\"twitter:label1\" content=\"Verfasst von\" \/>\n\t<meta name=\"twitter:data1\" content=\"Pressenza IPA\" \/>\n\t<meta name=\"twitter:label2\" content=\"Gesch\u00e4tzte Lesezeit\" \/>\n\t<meta name=\"twitter:data2\" content=\"8\u00a0Minuten\" \/>\n<script type=\"application\/ld+json\" class=\"yoast-schema-graph\">{\"@context\":\"https:\/\/schema.org\",\"@graph\":[{\"@type\":\"Article\",\"@id\":\"https:\/\/www.pressenza.com\/de\/2019\/10\/premiere-von-der-anfang-vom-ende-der-atomwaffen-in-madrid\/#article\",\"isPartOf\":{\"@id\":\"https:\/\/www.pressenza.com\/de\/2019\/10\/premiere-von-der-anfang-vom-ende-der-atomwaffen-in-madrid\/\"},\"author\":{\"name\":\"Pressenza IPA\",\"@id\":\"https:\/\/www.pressenza.com\/de\/#\/schema\/person\/010e5d02bcf40965427a1289a4cc8d75\"},\"headline\":\"Premiere von \u201eDer Anfang vom Ende der Atomwaffen\u201c in Madrid\",\"datePublished\":\"2019-10-13T12:41:09+00:00\",\"dateModified\":\"2019-10-13T12:56:00+00:00\",\"mainEntityOfPage\":{\"@id\":\"https:\/\/www.pressenza.com\/de\/2019\/10\/premiere-von-der-anfang-vom-ende-der-atomwaffen-in-madrid\/\"},\"wordCount\":1612,\"publisher\":{\"@id\":\"https:\/\/www.pressenza.com\/de\/#organization\"},\"image\":{\"@id\":\"https:\/\/www.pressenza.com\/de\/2019\/10\/premiere-von-der-anfang-vom-ende-der-atomwaffen-in-madrid\/#primaryimage\"},\"thumbnailUrl\":\"https:\/\/www.pressenza.com\/wp-content\/uploads\/2019\/09\/Estreno-fin-armas-nucleares-Madrid-Ariel-Brocchieri.jpg\",\"keywords\":[\"10 Jahre Pressenza\",\"\u00c1lvaro Orus\",\"atomwaffenfreie Welt\",\"Atomwaffenverbot\",\"Atomwaffenverbotsvertrag\",\"Der Anfang vom Ende der Atomwaffen\",\"Dokumentarfilm\",\"ICAN\",\"Madrid\"],\"articleSection\":[\"Frieden und Abr\u00fcstung\",\"International\",\"Kultur und Medien\",\"Originalinhalt\"],\"inLanguage\":\"de\"},{\"@type\":\"WebPage\",\"@id\":\"https:\/\/www.pressenza.com\/de\/2019\/10\/premiere-von-der-anfang-vom-ende-der-atomwaffen-in-madrid\/\",\"url\":\"https:\/\/www.pressenza.com\/de\/2019\/10\/premiere-von-der-anfang-vom-ende-der-atomwaffen-in-madrid\/\",\"name\":\"Premiere von \u201eDer Anfang vom Ende der Atomwaffen\u201c in Madrid\",\"isPartOf\":{\"@id\":\"https:\/\/www.pressenza.com\/de\/#website\"},\"primaryImageOfPage\":{\"@id\":\"https:\/\/www.pressenza.com\/de\/2019\/10\/premiere-von-der-anfang-vom-ende-der-atomwaffen-in-madrid\/#primaryimage\"},\"image\":{\"@id\":\"https:\/\/www.pressenza.com\/de\/2019\/10\/premiere-von-der-anfang-vom-ende-der-atomwaffen-in-madrid\/#primaryimage\"},\"thumbnailUrl\":\"https:\/\/www.pressenza.com\/wp-content\/uploads\/2019\/09\/Estreno-fin-armas-nucleares-Madrid-Ariel-Brocchieri.jpg\",\"datePublished\":\"2019-10-13T12:41:09+00:00\",\"dateModified\":\"2019-10-13T12:56:00+00:00\",\"description\":\"Der Dokumentarfilm \u201eDer Anfang vom Ende der Atomwaffen\u201c wurde in Spanien, Madrid, im historischen Cine Dore vor mehr als 230 Besucher uraufgef\u00fchrt. Die Premiere wurde von Pressenza organisiert, dem Filmproduzenten sowie von ICAN, die eine Partnerorganisation unserer Agentur ist\",\"breadcrumb\":{\"@id\":\"https:\/\/www.pressenza.com\/de\/2019\/10\/premiere-von-der-anfang-vom-ende-der-atomwaffen-in-madrid\/#breadcrumb\"},\"inLanguage\":\"de\",\"potentialAction\":[{\"@type\":\"ReadAction\",\"target\":[\"https:\/\/www.pressenza.com\/de\/2019\/10\/premiere-von-der-anfang-vom-ende-der-atomwaffen-in-madrid\/\"]}]},{\"@type\":\"ImageObject\",\"inLanguage\":\"de\",\"@id\":\"https:\/\/www.pressenza.com\/de\/2019\/10\/premiere-von-der-anfang-vom-ende-der-atomwaffen-in-madrid\/#primaryimage\",\"url\":\"https:\/\/www.pressenza.com\/wp-content\/uploads\/2019\/09\/Estreno-fin-armas-nucleares-Madrid-Ariel-Brocchieri.jpg\",\"contentUrl\":\"https:\/\/www.pressenza.com\/wp-content\/uploads\/2019\/09\/Estreno-fin-armas-nucleares-Madrid-Ariel-Brocchieri.jpg\",\"width\":1024,\"height\":683},{\"@type\":\"BreadcrumbList\",\"@id\":\"https:\/\/www.pressenza.com\/de\/2019\/10\/premiere-von-der-anfang-vom-ende-der-atomwaffen-in-madrid\/#breadcrumb\",\"itemListElement\":[{\"@type\":\"ListItem\",\"position\":1,\"name\":\"Accueil\",\"item\":\"https:\/\/www.pressenza.com\/de\/\"},{\"@type\":\"ListItem\",\"position\":2,\"name\":\"Premiere von \u201eDer Anfang vom Ende der Atomwaffen\u201c in Madrid\"}]},{\"@type\":\"WebSite\",\"@id\":\"https:\/\/www.pressenza.com\/de\/#website\",\"url\":\"https:\/\/www.pressenza.com\/de\/\",\"name\":\"Pressenza\",\"description\":\"International Press Agency\",\"publisher\":{\"@id\":\"https:\/\/www.pressenza.com\/de\/#organization\"},\"potentialAction\":[{\"@type\":\"SearchAction\",\"target\":{\"@type\":\"EntryPoint\",\"urlTemplate\":\"https:\/\/www.pressenza.com\/de\/?s={search_term_string}\"},\"query-input\":{\"@type\":\"PropertyValueSpecification\",\"valueRequired\":true,\"valueName\":\"search_term_string\"}}],\"inLanguage\":\"de\"},{\"@type\":\"Organization\",\"@id\":\"https:\/\/www.pressenza.com\/de\/#organization\",\"name\":\"Pressenza\",\"url\":\"https:\/\/www.pressenza.com\/de\/\",\"logo\":{\"@type\":\"ImageObject\",\"inLanguage\":\"de\",\"@id\":\"https:\/\/www.pressenza.com\/de\/#\/schema\/logo\/image\/\",\"url\":\"https:\/\/www.pressenza.com\/wp-content\/uploads\/2022\/10\/pressenza_logo_200x200.jpg\",\"contentUrl\":\"https:\/\/www.pressenza.com\/wp-content\/uploads\/2022\/10\/pressenza_logo_200x200.jpg\",\"width\":200,\"height\":200,\"caption\":\"Pressenza\"},\"image\":{\"@id\":\"https:\/\/www.pressenza.com\/de\/#\/schema\/logo\/image\/\"},\"sameAs\":[\"https:\/\/www.facebook.com\/PressenzaItalia\",\"https:\/\/x.com\/PressenzaIPA\"]},{\"@type\":\"Person\",\"@id\":\"https:\/\/www.pressenza.com\/de\/#\/schema\/person\/010e5d02bcf40965427a1289a4cc8d75\",\"name\":\"Pressenza IPA\",\"description\":\"News from Pressenza IPA correspondents\",\"sameAs\":[\"https:\/\/www.facebook.com\/pressenza\",\"https:\/\/x.com\/PressenzaIPA\"],\"url\":\"https:\/\/www.pressenza.com\/de\/author\/pressenza-ipa\/\"}]}<\/script>\n<!-- \/ Yoast SEO plugin. -->","yoast_head_json":{"title":"Premiere von \u201eDer Anfang vom Ende der Atomwaffen\u201c in Madrid","description":"Der Dokumentarfilm \u201eDer Anfang vom Ende der Atomwaffen\u201c wurde in Spanien, Madrid, im historischen Cine Dore vor mehr als 230 Besucher uraufgef\u00fchrt. Die Premiere wurde von Pressenza organisiert, dem Filmproduzenten sowie von ICAN, die eine Partnerorganisation unserer Agentur ist","robots":{"index":"index","follow":"follow","max-snippet":"max-snippet:-1","max-image-preview":"max-image-preview:large","max-video-preview":"max-video-preview:-1"},"canonical":"https:\/\/www.pressenza.com\/de\/2019\/10\/premiere-von-der-anfang-vom-ende-der-atomwaffen-in-madrid\/","og_locale":"de_DE","og_type":"article","og_title":"Premiere von \u201eDer Anfang vom Ende der Atomwaffen\u201c in Madrid","og_description":"Der Dokumentarfilm \u201eDer Anfang vom Ende der Atomwaffen\u201c wurde in Spanien, Madrid, im historischen Cine Dore vor mehr als 230 Besucher uraufgef\u00fchrt. Die Premiere wurde von Pressenza organisiert, dem Filmproduzenten sowie von ICAN, die eine Partnerorganisation unserer Agentur ist","og_url":"https:\/\/www.pressenza.com\/de\/2019\/10\/premiere-von-der-anfang-vom-ende-der-atomwaffen-in-madrid\/","og_site_name":"Pressenza","article_publisher":"https:\/\/www.facebook.com\/PressenzaItalia","article_author":"https:\/\/www.facebook.com\/pressenza","article_published_time":"2019-10-13T12:41:09+00:00","article_modified_time":"2019-10-13T12:56:00+00:00","og_image":[{"width":1024,"height":683,"url":"https:\/\/www.pressenza.com\/wp-content\/uploads\/2019\/09\/Estreno-fin-armas-nucleares-Madrid-Ariel-Brocchieri.jpg","type":"image\/jpeg"}],"author":"Pressenza IPA","twitter_card":"summary_large_image","twitter_creator":"@PressenzaIPA","twitter_site":"@PressenzaIPA","twitter_misc":{"Verfasst von":"Pressenza IPA","Gesch\u00e4tzte Lesezeit":"8\u00a0Minuten"},"schema":{"@context":"https:\/\/schema.org","@graph":[{"@type":"Article","@id":"https:\/\/www.pressenza.com\/de\/2019\/10\/premiere-von-der-anfang-vom-ende-der-atomwaffen-in-madrid\/#article","isPartOf":{"@id":"https:\/\/www.pressenza.com\/de\/2019\/10\/premiere-von-der-anfang-vom-ende-der-atomwaffen-in-madrid\/"},"author":{"name":"Pressenza IPA","@id":"https:\/\/www.pressenza.com\/de\/#\/schema\/person\/010e5d02bcf40965427a1289a4cc8d75"},"headline":"Premiere von \u201eDer Anfang vom Ende der Atomwaffen\u201c in Madrid","datePublished":"2019-10-13T12:41:09+00:00","dateModified":"2019-10-13T12:56:00+00:00","mainEntityOfPage":{"@id":"https:\/\/www.pressenza.com\/de\/2019\/10\/premiere-von-der-anfang-vom-ende-der-atomwaffen-in-madrid\/"},"wordCount":1612,"publisher":{"@id":"https:\/\/www.pressenza.com\/de\/#organization"},"image":{"@id":"https:\/\/www.pressenza.com\/de\/2019\/10\/premiere-von-der-anfang-vom-ende-der-atomwaffen-in-madrid\/#primaryimage"},"thumbnailUrl":"https:\/\/www.pressenza.com\/wp-content\/uploads\/2019\/09\/Estreno-fin-armas-nucleares-Madrid-Ariel-Brocchieri.jpg","keywords":["10 Jahre Pressenza","\u00c1lvaro Orus","atomwaffenfreie Welt","Atomwaffenverbot","Atomwaffenverbotsvertrag","Der Anfang vom Ende der Atomwaffen","Dokumentarfilm","ICAN","Madrid"],"articleSection":["Frieden und Abr\u00fcstung","International","Kultur und Medien","Originalinhalt"],"inLanguage":"de"},{"@type":"WebPage","@id":"https:\/\/www.pressenza.com\/de\/2019\/10\/premiere-von-der-anfang-vom-ende-der-atomwaffen-in-madrid\/","url":"https:\/\/www.pressenza.com\/de\/2019\/10\/premiere-von-der-anfang-vom-ende-der-atomwaffen-in-madrid\/","name":"Premiere von \u201eDer Anfang vom Ende der Atomwaffen\u201c in Madrid","isPartOf":{"@id":"https:\/\/www.pressenza.com\/de\/#website"},"primaryImageOfPage":{"@id":"https:\/\/www.pressenza.com\/de\/2019\/10\/premiere-von-der-anfang-vom-ende-der-atomwaffen-in-madrid\/#primaryimage"},"image":{"@id":"https:\/\/www.pressenza.com\/de\/2019\/10\/premiere-von-der-anfang-vom-ende-der-atomwaffen-in-madrid\/#primaryimage"},"thumbnailUrl":"https:\/\/www.pressenza.com\/wp-content\/uploads\/2019\/09\/Estreno-fin-armas-nucleares-Madrid-Ariel-Brocchieri.jpg","datePublished":"2019-10-13T12:41:09+00:00","dateModified":"2019-10-13T12:56:00+00:00","description":"Der Dokumentarfilm \u201eDer Anfang vom Ende der Atomwaffen\u201c wurde in Spanien, Madrid, im historischen Cine Dore vor mehr als 230 Besucher uraufgef\u00fchrt. Die Premiere wurde von Pressenza organisiert, dem Filmproduzenten sowie von ICAN, die eine Partnerorganisation unserer Agentur ist","breadcrumb":{"@id":"https:\/\/www.pressenza.com\/de\/2019\/10\/premiere-von-der-anfang-vom-ende-der-atomwaffen-in-madrid\/#breadcrumb"},"inLanguage":"de","potentialAction":[{"@type":"ReadAction","target":["https:\/\/www.pressenza.com\/de\/2019\/10\/premiere-von-der-anfang-vom-ende-der-atomwaffen-in-madrid\/"]}]},{"@type":"ImageObject","inLanguage":"de","@id":"https:\/\/www.pressenza.com\/de\/2019\/10\/premiere-von-der-anfang-vom-ende-der-atomwaffen-in-madrid\/#primaryimage","url":"https:\/\/www.pressenza.com\/wp-content\/uploads\/2019\/09\/Estreno-fin-armas-nucleares-Madrid-Ariel-Brocchieri.jpg","contentUrl":"https:\/\/www.pressenza.com\/wp-content\/uploads\/2019\/09\/Estreno-fin-armas-nucleares-Madrid-Ariel-Brocchieri.jpg","width":1024,"height":683},{"@type":"BreadcrumbList","@id":"https:\/\/www.pressenza.com\/de\/2019\/10\/premiere-von-der-anfang-vom-ende-der-atomwaffen-in-madrid\/#breadcrumb","itemListElement":[{"@type":"ListItem","position":1,"name":"Accueil","item":"https:\/\/www.pressenza.com\/de\/"},{"@type":"ListItem","position":2,"name":"Premiere von \u201eDer Anfang vom Ende der Atomwaffen\u201c in Madrid"}]},{"@type":"WebSite","@id":"https:\/\/www.pressenza.com\/de\/#website","url":"https:\/\/www.pressenza.com\/de\/","name":"Pressenza","description":"International Press Agency","publisher":{"@id":"https:\/\/www.pressenza.com\/de\/#organization"},"potentialAction":[{"@type":"SearchAction","target":{"@type":"EntryPoint","urlTemplate":"https:\/\/www.pressenza.com\/de\/?s={search_term_string}"},"query-input":{"@type":"PropertyValueSpecification","valueRequired":true,"valueName":"search_term_string"}}],"inLanguage":"de"},{"@type":"Organization","@id":"https:\/\/www.pressenza.com\/de\/#organization","name":"Pressenza","url":"https:\/\/www.pressenza.com\/de\/","logo":{"@type":"ImageObject","inLanguage":"de","@id":"https:\/\/www.pressenza.com\/de\/#\/schema\/logo\/image\/","url":"https:\/\/www.pressenza.com\/wp-content\/uploads\/2022\/10\/pressenza_logo_200x200.jpg","contentUrl":"https:\/\/www.pressenza.com\/wp-content\/uploads\/2022\/10\/pressenza_logo_200x200.jpg","width":200,"height":200,"caption":"Pressenza"},"image":{"@id":"https:\/\/www.pressenza.com\/de\/#\/schema\/logo\/image\/"},"sameAs":["https:\/\/www.facebook.com\/PressenzaItalia","https:\/\/x.com\/PressenzaIPA"]},{"@type":"Person","@id":"https:\/\/www.pressenza.com\/de\/#\/schema\/person\/010e5d02bcf40965427a1289a4cc8d75","name":"Pressenza IPA","description":"News from Pressenza IPA correspondents","sameAs":["https:\/\/www.facebook.com\/pressenza","https:\/\/x.com\/PressenzaIPA"],"url":"https:\/\/www.pressenza.com\/de\/author\/pressenza-ipa\/"}]}},"place":"Madrid, Spanien","original_article_url":"","_links":{"self":[{"href":"https:\/\/www.pressenza.com\/de\/wp-json\/wp\/v2\/posts\/943269","targetHints":{"allow":["GET"]}}],"collection":[{"href":"https:\/\/www.pressenza.com\/de\/wp-json\/wp\/v2\/posts"}],"about":[{"href":"https:\/\/www.pressenza.com\/de\/wp-json\/wp\/v2\/types\/post"}],"author":[{"embeddable":true,"href":"https:\/\/www.pressenza.com\/de\/wp-json\/wp\/v2\/users\/19"}],"replies":[{"embeddable":true,"href":"https:\/\/www.pressenza.com\/de\/wp-json\/wp\/v2\/comments?post=943269"}],"version-history":[{"count":0,"href":"https:\/\/www.pressenza.com\/de\/wp-json\/wp\/v2\/posts\/943269\/revisions"}],"wp:featuredmedia":[{"embeddable":true,"href":"https:\/\/www.pressenza.com\/de\/wp-json\/wp\/v2\/media\/926622"}],"wp:attachment":[{"href":"https:\/\/www.pressenza.com\/de\/wp-json\/wp\/v2\/media?parent=943269"}],"wp:term":[{"taxonomy":"category","embeddable":true,"href":"https:\/\/www.pressenza.com\/de\/wp-json\/wp\/v2\/categories?post=943269"},{"taxonomy":"post_tag","embeddable":true,"href":"https:\/\/www.pressenza.com\/de\/wp-json\/wp\/v2\/tags?post=943269"}],"curies":[{"name":"wp","href":"https:\/\/api.w.org\/{rel}","templated":true}]}}